{"id":195349,"date":"2026-09-01T14:49:05","date_gmt":"2026-09-01T20:49:05","guid":{"rendered":"https:\/\/elotroenfoque.mx\/?p=195349"},"modified":"2026-09-01T14:49:05","modified_gmt":"2026-09-01T20:49:05","slug":"sheinbaum-destaca-baja-en-homicidios-y-avances-sociales-en-su-segundo-informe-de-gobierno","status":"publish","type":"post","link":"https:\/\/elotroenfoque.mx\/index.php\/2026\/09\/01\/sheinbaum-destaca-baja-en-homicidios-y-avances-sociales-en-su-segundo-informe-de-gobierno\/","title":{"rendered":"Sheinbaum destaca baja en homicidios y avances sociales en su Segundo Informe de Gobierno"},"content":{"rendered":"\n<p class=\"wp-block-paragraph\">La presidenta Claudia Sheinbaum destac\u00f3 una reducci\u00f3n de 51% en los homicidios dolosos desde octubre de 2024, durante su Segundo Informe de Gobierno presentado este martes en Palacio Nacional. <\/p>\n\n\n\n<p class=\"wp-block-paragraph\">Se\u00f1al\u00f3 que la disminuci\u00f3n representa un promedio de 44 homicidios diarios menos. Adem\u00e1s, inform\u00f3 que en 2026 los delitos de alto impacto acumulan una reducci\u00f3n de 54% respecto a 2018, mientras que se han detenido a 63 mil personas, decomisado 32 mil 824 armas y asegurado 519 toneladas de droga. <\/p>\n\n\n\n<p class=\"wp-block-paragraph\">Tambi\u00e9n report\u00f3 el desmantelamiento de 2 mil 725 laboratorios y \u00e1reas clandestinas de metanfetaminas.<\/p>\n\n\n\n<p class=\"wp-block-paragraph\">En materia econ\u00f3mica y social, Sheinbaum afirm\u00f3 que M\u00e9xico mantiene una econom\u00eda s\u00f3lida pese a las tensiones internacionales y destac\u00f3 una Inversi\u00f3n Extranjera Directa cercana a 35 mil millones de d\u00f3lares. <\/p>\n\n\n\n<p class=\"wp-block-paragraph\">Asimismo, se\u00f1al\u00f3 que el salario m\u00ednimo mensual pas\u00f3 de 2 mil 800 pesos en 2018 a 9 mil 282 pesos en 2026, un aumento real de 154%. <\/p>\n\n\n\n<p class=\"wp-block-paragraph\">Los Programas para el Bienestar, dijo, llegar\u00e1n a 42 millones 860 mil 296 personas al cierre del a\u00f1o, con una inversi\u00f3n de un bill\u00f3n de pesos. En salud, destac\u00f3 la operaci\u00f3n de 33 nuevos hospitales y el avance del IMSS-Bienestar en 24 estados.<\/p>\n\n\n\n<p class=\"wp-block-paragraph\">La presidenta tambi\u00e9n resalt\u00f3 el aumento salarial de 9% para maestros durante 2026 y avances en infraestructura, vivienda y soberan\u00eda energ\u00e9tica. <\/p>\n\n\n\n<p class=\"wp-block-paragraph\">Tambi\u00e9n lee: <strong><a href=\"https:\/\/elotroenfoque.mx\/index.php\/2026\/09\/01\/silao-inicia-sus-fiestas-patrias-2026-con-bando-solemne\/\">Silao inicia sus Fiestas Patrias 2026 con Bando Solemne<\/a><\/strong><\/p>\n\n\n\n<p class=\"wp-block-paragraph\">Adelant\u00f3 que el Paquete Econ\u00f3mico 2027 contemplar\u00e1 una consolidaci\u00f3n fiscal gradual, sin reducir la inversi\u00f3n p\u00fablica ni el gasto en bienestar, salud y educaci\u00f3n. <\/p>\n\n\n\n<p class=\"wp-block-paragraph\">Frente a Estados Unidos, afirm\u00f3 que existe di\u00e1logo permanente y acuerdos de cooperaci\u00f3n en seguridad, aunque recalc\u00f3 que M\u00e9xico no aceptar\u00e1 subordinaci\u00f3n. <\/p>\n\n\n\n<p class=\"wp-block-paragraph\">Finalmente, sostuvo que dentro de la Cuarta Transformaci\u00f3n no existen divisiones ni rompimientos y afirm\u00f3 que el pa\u00eds mantiene su soberan\u00eda y avanza con dignidad.<\/p>\n\n\n\n<p class=\"wp-block-paragraph\"><strong><a href=\"https:\/\/www.tiktok.com\/@elotroenfoque?_r=1&amp;_t=ZS-97ffhW6kR1t\">Sigue tambi\u00e9n las noticias en TikTok<\/a><\/strong><\/p>\n\n\n\n<p class=\"wp-block-paragraph\"><\/p>\n","protected":false},"excerpt":{"rendered":"<p>La presidenta Claudia Sheinbaum destac\u00f3 una reducci\u00f3n de 51% en los homicidios dolosos desde octubre de 2024, durante su Segundo Informe de Gobierno presentado este martes en Palacio Nacional. Se\u00f1al\u00f3 que la disminuci\u00f3n representa un promedio de 44 homicidios diarios menos. Adem\u00e1s, inform\u00f3 que en 2026 los delitos de alto impacto acumulan una reducci\u00f3n de&#8230;<\/p>\n","protected":false},"author":4,"featured_media":195351,"comment_status":"closed","ping_status":"open","sticky":false,"template":"","format":"standard","meta":{"footnotes":""},"categories":[11],"tags":[13,4517],"class_list":["post-195349","post","type-post","status-publish","format-standard","has-post-thumbnail","hentry","category-otrasnoticias","tag-guanajuato","tag-noticias-guanajuato"],"yoast_head":"<!-- This site is optimized with the Yoast SEO plugin v28.2 - https:\/\/yoast.com\/product\/yoast-seo-wordpress\/ -->\n<title>Sheinbaum destaca baja en homicidios y avances sociales en su Segundo Informe de Gobierno - El otro enfoque<\/title>\n<meta name=\"description\" content=\"Sheinbaum destaca en su Segundo Informe avances en seguridad, econom\u00eda, salud y bienestar, adem\u00e1s de una ca\u00edda de 51% en homicidios dolosos.\" \/>\n<meta name=\"robots\" content=\"index, follow, max-snippet:-1, max-image-preview:large, max-video-preview:-1\" \/>\n<link rel=\"canonical\" href=\"https:\/\/elotroenfoque.mx\/index.php\/2026\/09\/01\/sheinbaum-destaca-baja-en-homicidios-y-avances-sociales-en-su-segundo-informe-de-gobierno\/\" \/>\n<meta property=\"og:locale\" content=\"es_MX\" \/>\n<meta property=\"og:type\" content=\"article\" \/>\n<meta property=\"og:title\" content=\"Sheinbaum destaca baja en homicidios y avances sociales en su Segundo Informe de Gobierno - El otro enfoque\" \/>\n<meta property=\"og:description\" content=\"Sheinbaum destaca en su Segundo Informe avances en seguridad, econom\u00eda, salud y bienestar, adem\u00e1s de una ca\u00edda de 51% en homicidios dolosos.\" \/>\n<meta property=\"og:url\" content=\"https:\/\/elotroenfoque.mx\/index.php\/2026\/09\/01\/sheinbaum-destaca-baja-en-homicidios-y-avances-sociales-en-su-segundo-informe-de-gobierno\/\" \/>\n<meta property=\"og:site_name\" content=\"El otro enfoque\" \/>\n<meta property=\"article:published_time\" content=\"2026-09-01T20:49:05+00:00\" \/>\n<meta property=\"og:image\" content=\"https:\/\/elotroenfoque.mx\/wp-content\/uploads\/2026\/09\/informe-de-sheinbaum-ok.jpg\" \/>\n\t<meta property=\"og:image:width\" content=\"582\" \/>\n\t<meta property=\"og:image:height\" content=\"357\" \/>\n\t<meta property=\"og:image:type\" content=\"image\/jpeg\" \/>\n<meta name=\"author\" content=\"Equipo Redaccion\" \/>\n<meta name=\"twitter:card\" content=\"summary_large_image\" \/>\n<meta name=\"twitter:label1\" content=\"Escrito por\" \/>\n\t<meta name=\"twitter:data1\" content=\"Equipo Redaccion\" \/>\n\t<meta name=\"twitter:label2\" content=\"Tiempo de lectura\" \/>\n\t<meta name=\"twitter:data2\" content=\"2 minutos\" \/>\n<script type=\"application\/ld+json\" class=\"yoast-schema-graph\">{\"@context\":\"https:\\\/\\\/schema.org\",\"@graph\":[{\"@type\":\"Article\",\"@id\":\"https:\\\/\\\/elotroenfoque.mx\\\/index.php\\\/2026\\\/09\\\/01\\\/sheinbaum-destaca-baja-en-homicidios-y-avances-sociales-en-su-segundo-informe-de-gobierno\\\/#article\",\"isPartOf\":{\"@id\":\"https:\\\/\\\/elotroenfoque.mx\\\/index.php\\\/2026\\\/09\\\/01\\\/sheinbaum-destaca-baja-en-homicidios-y-avances-sociales-en-su-segundo-informe-de-gobierno\\\/\"},\"author\":{\"name\":\"Equipo Redaccion\",\"@id\":\"https:\\\/\\\/elotroenfoque.mx\\\/#\\\/schema\\\/person\\\/8eb322f84d0bd9f337e462905519a1ae\"},\"headline\":\"Sheinbaum destaca baja en homicidios y avances sociales en su Segundo Informe de Gobierno\",\"datePublished\":\"2026-09-01T20:49:05+00:00\",\"mainEntityOfPage\":{\"@id\":\"https:\\\/\\\/elotroenfoque.mx\\\/index.php\\\/2026\\\/09\\\/01\\\/sheinbaum-destaca-baja-en-homicidios-y-avances-sociales-en-su-segundo-informe-de-gobierno\\\/\"},\"wordCount\":324,\"image\":{\"@id\":\"https:\\\/\\\/elotroenfoque.mx\\\/index.php\\\/2026\\\/09\\\/01\\\/sheinbaum-destaca-baja-en-homicidios-y-avances-sociales-en-su-segundo-informe-de-gobierno\\\/#primaryimage\"},\"thumbnailUrl\":\"https:\\\/\\\/elotroenfoque.mx\\\/wp-content\\\/uploads\\\/2026\\\/09\\\/informe-de-sheinbaum-ok.jpg\",\"keywords\":[\"Guanajuato\",\"Noticias Guanajuato\"],\"articleSection\":[\"Otras Noticias\"],\"inLanguage\":\"es\"},{\"@type\":\"WebPage\",\"@id\":\"https:\\\/\\\/elotroenfoque.mx\\\/index.php\\\/2026\\\/09\\\/01\\\/sheinbaum-destaca-baja-en-homicidios-y-avances-sociales-en-su-segundo-informe-de-gobierno\\\/\",\"url\":\"https:\\\/\\\/elotroenfoque.mx\\\/index.php\\\/2026\\\/09\\\/01\\\/sheinbaum-destaca-baja-en-homicidios-y-avances-sociales-en-su-segundo-informe-de-gobierno\\\/\",\"name\":\"Sheinbaum destaca baja en homicidios y avances sociales en su Segundo Informe de Gobierno - El otro enfoque\",\"isPartOf\":{\"@id\":\"https:\\\/\\\/elotroenfoque.mx\\\/#website\"},\"primaryImageOfPage\":{\"@id\":\"https:\\\/\\\/elotroenfoque.mx\\\/index.php\\\/2026\\\/09\\\/01\\\/sheinbaum-destaca-baja-en-homicidios-y-avances-sociales-en-su-segundo-informe-de-gobierno\\\/#primaryimage\"},\"image\":{\"@id\":\"https:\\\/\\\/elotroenfoque.mx\\\/index.php\\\/2026\\\/09\\\/01\\\/sheinbaum-destaca-baja-en-homicidios-y-avances-sociales-en-su-segundo-informe-de-gobierno\\\/#primaryimage\"},\"thumbnailUrl\":\"https:\\\/\\\/elotroenfoque.mx\\\/wp-content\\\/uploads\\\/2026\\\/09\\\/informe-de-sheinbaum-ok.jpg\",\"datePublished\":\"2026-09-01T20:49:05+00:00\",\"author\":{\"@id\":\"https:\\\/\\\/elotroenfoque.mx\\\/#\\\/schema\\\/person\\\/8eb322f84d0bd9f337e462905519a1ae\"},\"description\":\"Sheinbaum destaca en su Segundo Informe avances en seguridad, econom\u00eda, salud y bienestar, adem\u00e1s de una ca\u00edda de 51% en homicidios dolosos.\",\"breadcrumb\":{\"@id\":\"https:\\\/\\\/elotroenfoque.mx\\\/index.php\\\/2026\\\/09\\\/01\\\/sheinbaum-destaca-baja-en-homicidios-y-avances-sociales-en-su-segundo-informe-de-gobierno\\\/#breadcrumb\"},\"inLanguage\":\"es\",\"potentialAction\":[{\"@type\":\"ReadAction\",\"target\":[\"https:\\\/\\\/elotroenfoque.mx\\\/index.php\\\/2026\\\/09\\\/01\\\/sheinbaum-destaca-baja-en-homicidios-y-avances-sociales-en-su-segundo-informe-de-gobierno\\\/\"]}]},{\"@type\":\"ImageObject\",\"inLanguage\":\"es\",\"@id\":\"https:\\\/\\\/elotroenfoque.mx\\\/index.php\\\/2026\\\/09\\\/01\\\/sheinbaum-destaca-baja-en-homicidios-y-avances-sociales-en-su-segundo-informe-de-gobierno\\\/#primaryimage\",\"url\":\"https:\\\/\\\/elotroenfoque.mx\\\/wp-content\\\/uploads\\\/2026\\\/09\\\/informe-de-sheinbaum-ok.jpg\",\"contentUrl\":\"https:\\\/\\\/elotroenfoque.mx\\\/wp-content\\\/uploads\\\/2026\\\/09\\\/informe-de-sheinbaum-ok.jpg\",\"width\":582,\"height\":357},{\"@type\":\"BreadcrumbList\",\"@id\":\"https:\\\/\\\/elotroenfoque.mx\\\/index.php\\\/2026\\\/09\\\/01\\\/sheinbaum-destaca-baja-en-homicidios-y-avances-sociales-en-su-segundo-informe-de-gobierno\\\/#breadcrumb\",\"itemListElement\":[{\"@type\":\"ListItem\",\"position\":1,\"name\":\"Portada\",\"item\":\"https:\\\/\\\/elotroenfoque.mx\\\/\"},{\"@type\":\"ListItem\",\"position\":2,\"name\":\"Sheinbaum destaca baja en homicidios y avances sociales en su Segundo Informe de Gobierno\"}]},{\"@type\":\"WebSite\",\"@id\":\"https:\\\/\\\/elotroenfoque.mx\\\/#website\",\"url\":\"https:\\\/\\\/elotroenfoque.mx\\\/\",\"name\":\"El otro enfoque\",\"description\":\"\",\"potentialAction\":[{\"@type\":\"SearchAction\",\"target\":{\"@type\":\"EntryPoint\",\"urlTemplate\":\"https:\\\/\\\/elotroenfoque.mx\\\/?s={search_term_string}\"},\"query-input\":{\"@type\":\"PropertyValueSpecification\",\"valueRequired\":true,\"valueName\":\"search_term_string\"}}],\"inLanguage\":\"es\"},{\"@type\":\"Person\",\"@id\":\"https:\\\/\\\/elotroenfoque.mx\\\/#\\\/schema\\\/person\\\/8eb322f84d0bd9f337e462905519a1ae\",\"name\":\"Equipo Redaccion\",\"image\":{\"@type\":\"ImageObject\",\"inLanguage\":\"es\",\"@id\":\"https:\\\/\\\/secure.gravatar.com\\\/avatar\\\/3579478e2b4e7aad364a32b26cf744b360ae0e581ee1cd0cb18a8f239ee49ac4?s=96&d=mm&r=g\",\"url\":\"https:\\\/\\\/secure.gravatar.com\\\/avatar\\\/3579478e2b4e7aad364a32b26cf744b360ae0e581ee1cd0cb18a8f239ee49ac4?s=96&d=mm&r=g\",\"contentUrl\":\"https:\\\/\\\/secure.gravatar.com\\\/avatar\\\/3579478e2b4e7aad364a32b26cf744b360ae0e581ee1cd0cb18a8f239ee49ac4?s=96&d=mm&r=g\",\"caption\":\"Equipo Redaccion\"},\"url\":\"https:\\\/\\\/elotroenfoque.mx\\\/index.php\\\/author\\\/redaccion\\\/\"}]}<\/script>\n<!-- \/ Yoast SEO plugin. -->","yoast_head_json":{"title":"Sheinbaum destaca baja en homicidios y avances sociales en su Segundo Informe de Gobierno - El otro enfoque","description":"Sheinbaum destaca en su Segundo Informe avances en seguridad, econom\u00eda, salud y bienestar, adem\u00e1s de una ca\u00edda de 51% en homicidios dolosos.","robots":{"index":"index","follow":"follow","max-snippet":"max-snippet:-1","max-image-preview":"max-image-preview:large","max-video-preview":"max-video-preview:-1"},"canonical":"https:\/\/elotroenfoque.mx\/index.php\/2026\/09\/01\/sheinbaum-destaca-baja-en-homicidios-y-avances-sociales-en-su-segundo-informe-de-gobierno\/","og_locale":"es_MX","og_type":"article","og_title":"Sheinbaum destaca baja en homicidios y avances sociales en su Segundo Informe de Gobierno - El otro enfoque","og_description":"Sheinbaum destaca en su Segundo Informe avances en seguridad, econom\u00eda, salud y bienestar, adem\u00e1s de una ca\u00edda de 51% en homicidios dolosos.","og_url":"https:\/\/elotroenfoque.mx\/index.php\/2026\/09\/01\/sheinbaum-destaca-baja-en-homicidios-y-avances-sociales-en-su-segundo-informe-de-gobierno\/","og_site_name":"El otro enfoque","article_published_time":"2026-09-01T20:49:05+00:00","og_image":[{"width":582,"height":357,"url":"https:\/\/elotroenfoque.mx\/wp-content\/uploads\/2026\/09\/informe-de-sheinbaum-ok.jpg","type":"image\/jpeg"}],"author":"Equipo Redaccion","twitter_card":"summary_large_image","twitter_misc":{"Escrito por":"Equipo Redaccion","Tiempo de lectura":"2 minutos"},"schema":{"@context":"https:\/\/schema.org","@graph":[{"@type":"Article","@id":"https:\/\/elotroenfoque.mx\/index.php\/2026\/09\/01\/sheinbaum-destaca-baja-en-homicidios-y-avances-sociales-en-su-segundo-informe-de-gobierno\/#article","isPartOf":{"@id":"https:\/\/elotroenfoque.mx\/index.php\/2026\/09\/01\/sheinbaum-destaca-baja-en-homicidios-y-avances-sociales-en-su-segundo-informe-de-gobierno\/"},"author":{"name":"Equipo Redaccion","@id":"https:\/\/elotroenfoque.mx\/#\/schema\/person\/8eb322f84d0bd9f337e462905519a1ae"},"headline":"Sheinbaum destaca baja en homicidios y avances sociales en su Segundo Informe de Gobierno","datePublished":"2026-09-01T20:49:05+00:00","mainEntityOfPage":{"@id":"https:\/\/elotroenfoque.mx\/index.php\/2026\/09\/01\/sheinbaum-destaca-baja-en-homicidios-y-avances-sociales-en-su-segundo-informe-de-gobierno\/"},"wordCount":324,"image":{"@id":"https:\/\/elotroenfoque.mx\/index.php\/2026\/09\/01\/sheinbaum-destaca-baja-en-homicidios-y-avances-sociales-en-su-segundo-informe-de-gobierno\/#primaryimage"},"thumbnailUrl":"https:\/\/elotroenfoque.mx\/wp-content\/uploads\/2026\/09\/informe-de-sheinbaum-ok.jpg","keywords":["Guanajuato","Noticias Guanajuato"],"articleSection":["Otras Noticias"],"inLanguage":"es"},{"@type":"WebPage","@id":"https:\/\/elotroenfoque.mx\/index.php\/2026\/09\/01\/sheinbaum-destaca-baja-en-homicidios-y-avances-sociales-en-su-segundo-informe-de-gobierno\/","url":"https:\/\/elotroenfoque.mx\/index.php\/2026\/09\/01\/sheinbaum-destaca-baja-en-homicidios-y-avances-sociales-en-su-segundo-informe-de-gobierno\/","name":"Sheinbaum destaca baja en homicidios y avances sociales en su Segundo Informe de Gobierno - El otro enfoque","isPartOf":{"@id":"https:\/\/elotroenfoque.mx\/#website"},"primaryImageOfPage":{"@id":"https:\/\/elotroenfoque.mx\/index.php\/2026\/09\/01\/sheinbaum-destaca-baja-en-homicidios-y-avances-sociales-en-su-segundo-informe-de-gobierno\/#primaryimage"},"image":{"@id":"https:\/\/elotroenfoque.mx\/index.php\/2026\/09\/01\/sheinbaum-destaca-baja-en-homicidios-y-avances-sociales-en-su-segundo-informe-de-gobierno\/#primaryimage"},"thumbnailUrl":"https:\/\/elotroenfoque.mx\/wp-content\/uploads\/2026\/09\/informe-de-sheinbaum-ok.jpg","datePublished":"2026-09-01T20:49:05+00:00","author":{"@id":"https:\/\/elotroenfoque.mx\/#\/schema\/person\/8eb322f84d0bd9f337e462905519a1ae"},"description":"Sheinbaum destaca en su Segundo Informe avances en seguridad, econom\u00eda, salud y bienestar, adem\u00e1s de una ca\u00edda de 51% en homicidios dolosos.","breadcrumb":{"@id":"https:\/\/elotroenfoque.mx\/index.php\/2026\/09\/01\/sheinbaum-destaca-baja-en-homicidios-y-avances-sociales-en-su-segundo-informe-de-gobierno\/#breadcrumb"},"inLanguage":"es","potentialAction":[{"@type":"ReadAction","target":["https:\/\/elotroenfoque.mx\/index.php\/2026\/09\/01\/sheinbaum-destaca-baja-en-homicidios-y-avances-sociales-en-su-segundo-informe-de-gobierno\/"]}]},{"@type":"ImageObject","inLanguage":"es","@id":"https:\/\/elotroenfoque.mx\/index.php\/2026\/09\/01\/sheinbaum-destaca-baja-en-homicidios-y-avances-sociales-en-su-segundo-informe-de-gobierno\/#primaryimage","url":"https:\/\/elotroenfoque.mx\/wp-content\/uploads\/2026\/09\/informe-de-sheinbaum-ok.jpg","contentUrl":"https:\/\/elotroenfoque.mx\/wp-content\/uploads\/2026\/09\/informe-de-sheinbaum-ok.jpg","width":582,"height":357},{"@type":"BreadcrumbList","@id":"https:\/\/elotroenfoque.mx\/index.php\/2026\/09\/01\/sheinbaum-destaca-baja-en-homicidios-y-avances-sociales-en-su-segundo-informe-de-gobierno\/#breadcrumb","itemListElement":[{"@type":"ListItem","position":1,"name":"Portada","item":"https:\/\/elotroenfoque.mx\/"},{"@type":"ListItem","position":2,"name":"Sheinbaum destaca baja en homicidios y avances sociales en su Segundo Informe de Gobierno"}]},{"@type":"WebSite","@id":"https:\/\/elotroenfoque.mx\/#website","url":"https:\/\/elotroenfoque.mx\/","name":"El otro enfoque","description":"","potentialAction":[{"@type":"SearchAction","target":{"@type":"EntryPoint","urlTemplate":"https:\/\/elotroenfoque.mx\/?s={search_term_string}"},"query-input":{"@type":"PropertyValueSpecification","valueRequired":true,"valueName":"search_term_string"}}],"inLanguage":"es"},{"@type":"Person","@id":"https:\/\/elotroenfoque.mx\/#\/schema\/person\/8eb322f84d0bd9f337e462905519a1ae","name":"Equipo Redaccion","image":{"@type":"ImageObject","inLanguage":"es","@id":"https:\/\/secure.gravatar.com\/avatar\/3579478e2b4e7aad364a32b26cf744b360ae0e581ee1cd0cb18a8f239ee49ac4?s=96&d=mm&r=g","url":"https:\/\/secure.gravatar.com\/avatar\/3579478e2b4e7aad364a32b26cf744b360ae0e581ee1cd0cb18a8f239ee49ac4?s=96&d=mm&r=g","contentUrl":"https:\/\/secure.gravatar.com\/avatar\/3579478e2b4e7aad364a32b26cf744b360ae0e581ee1cd0cb18a8f239ee49ac4?s=96&d=mm&r=g","caption":"Equipo Redaccion"},"url":"https:\/\/elotroenfoque.mx\/index.php\/author\/redaccion\/"}]}},"_links":{"self":[{"href":"https:\/\/elotroenfoque.mx\/index.php\/wp-json\/wp\/v2\/posts\/195349","targetHints":{"allow":["GET"]}}],"collection":[{"href":"https:\/\/elotroenfoque.mx\/index.php\/wp-json\/wp\/v2\/posts"}],"about":[{"href":"https:\/\/elotroenfoque.mx\/index.php\/wp-json\/wp\/v2\/types\/post"}],"author":[{"embeddable":true,"href":"https:\/\/elotroenfoque.mx\/index.php\/wp-json\/wp\/v2\/users\/4"}],"replies":[{"embeddable":true,"href":"https:\/\/elotroenfoque.mx\/index.php\/wp-json\/wp\/v2\/comments?post=195349"}],"version-history":[{"count":1,"href":"https:\/\/elotroenfoque.mx\/index.php\/wp-json\/wp\/v2\/posts\/195349\/revisions"}],"predecessor-version":[{"id":195352,"href":"https:\/\/elotroenfoque.mx\/index.php\/wp-json\/wp\/v2\/posts\/195349\/revisions\/195352"}],"wp:featuredmedia":[{"embeddable":true,"href":"https:\/\/elotroenfoque.mx\/index.php\/wp-json\/wp\/v2\/media\/195351"}],"wp:attachment":[{"href":"https:\/\/elotroenfoque.mx\/index.php\/wp-json\/wp\/v2\/media?parent=195349"}],"wp:term":[{"taxonomy":"category","embeddable":true,"href":"https:\/\/elotroenfoque.mx\/index.php\/wp-json\/wp\/v2\/categories?post=195349"},{"taxonomy":"post_tag","embeddable":true,"href":"https:\/\/elotroenfoque.mx\/index.php\/wp-json\/wp\/v2\/tags?post=195349"}],"curies":[{"name":"wp","href":"https:\/\/api.w.org\/{rel}","templated":true}]}}