{"id":195356,"date":"2026-09-01T16:19:11","date_gmt":"2026-09-01T22:19:11","guid":{"rendered":"https:\/\/elotroenfoque.mx\/?p=195356"},"modified":"2026-09-01T16:19:12","modified_gmt":"2026-09-01T22:19:12","slug":"no-puede-dejarse-en-manos-de-fiscalias-locales-el-combate-al-crimen-organizado-morena","status":"publish","type":"post","link":"https:\/\/elotroenfoque.mx\/index.php\/2026\/09\/01\/no-puede-dejarse-en-manos-de-fiscalias-locales-el-combate-al-crimen-organizado-morena\/","title":{"rendered":"&#8216;No puede dejarse en manos de fiscal\u00edas locales el combate al crimen organizado&#8217;: Morena"},"content":{"rendered":"\n<p class=\"wp-block-paragraph\">Morena advirti\u00f3 que el combate al crimen organizado debe mantenerse bajo especializaci\u00f3n federal y rechaz\u00f3 trasladar esta responsabilidad a las fiscal\u00edas estatales. <\/p>\n\n\n\n<p class=\"wp-block-paragraph\">El diputado David Mart\u00ednez Mendiz\u00e1bal se\u00f1al\u00f3 que las instituciones locales enfrentan saturaci\u00f3n, rezagos y falta de capacidad para asumir nuevas atribuciones.<\/p>\n\n\n\n<p class=\"wp-block-paragraph\">Durante una mesa de trabajo de la Comisi\u00f3n de Gobernaci\u00f3n y Puntos Constitucionales, se analiz\u00f3 la iniciativa de la gobernadora Libia Dennise Garc\u00eda para reformar la Constituci\u00f3n federal. La propuesta busca permitir que las fiscal\u00edas estatales investiguen y persigan delitos relacionados con la delincuencia organizada.<\/p>\n\n\n\n<p class=\"wp-block-paragraph\">Mart\u00ednez Mendiz\u00e1bal afirm\u00f3 que la Fiscal\u00eda General del Estado de Guanajuato inici\u00f3 162 mil carpetas en 2025, pero solo judicializ\u00f3 15 mil, menos del 10 por ciento. Adem\u00e1s, indic\u00f3 que 12 mil expedientes fueron enviados a archivo temporal y que cada uno de los 585 agentes atendi\u00f3 en promedio 278 carpetas.<\/p>\n\n\n\n<p class=\"wp-block-paragraph\">El legislador consider\u00f3 que estas cifras evidencian la saturaci\u00f3n de la Fiscal\u00eda estatal y cuestion\u00f3 ampliar sus facultades sin resolver primero sus problemas de capacidad, recursos y especializaci\u00f3n. Por ello, sostuvo que la delincuencia organizada requiere inteligencia, recursos y capacidades especializadas desde el \u00e1mbito federal.<\/p>\n\n\n\n<p class=\"wp-block-paragraph\">Tambi\u00e9n lee: <strong><a href=\"https:\/\/elotroenfoque.mx\/index.php\/2026\/09\/01\/hoy-la-independencia-nos-pide-construir-la-paz-samantha-smith-al-colocar-el-bando-solemne\/\">\u2018Hoy la Independencia nos pide construir la paz\u2019: Samantha Smith al colocar el Bando Solemne<\/a><\/strong><\/p>\n\n\n\n<p class=\"wp-block-paragraph\">La iniciativa tambi\u00e9n plantea la posible creaci\u00f3n de juzgados y unidades especializadas en los estados, adem\u00e1s de recursos para proteger a jueces, fiscales y testigos frente a amenazas o represalias criminales. <\/p>\n\n\n\n<p class=\"wp-block-paragraph\">En contraste con la postura de Morena, el fiscal general Gerardo V\u00e1zquez Alatriste consider\u00f3 viable avanzar hacia una mayor colaboraci\u00f3n entre instituciones.<\/p>\n\n\n\n<p class=\"wp-block-paragraph\">La propuesta continuar\u00e1 bajo an\u00e1lisis en el Congreso de Guanajuato, donde tambi\u00e9n se revisar\u00e1n sus implicaciones presupuestales y operativas. <\/p>\n\n\n\n<p class=\"wp-block-paragraph\">El debate se centra en definir si las fiscal\u00edas estatales pueden asumir nuevas competencias sin debilitar la especializaci\u00f3n federal en el combate al crimen organizado.<\/p>\n\n\n\n<p class=\"wp-block-paragraph\"><strong><a href=\"https:\/\/www.tiktok.com\/@elotroenfoque?_r=1&amp;_t=ZS-97ffhW6kR1t\">Sigue tambi\u00e9n las noticias en TikTok<\/a><\/strong><\/p>\n\n\n\n<p class=\"wp-block-paragraph\"><\/p>\n","protected":false},"excerpt":{"rendered":"<p>Morena advirti\u00f3 que el combate al crimen organizado debe mantenerse bajo especializaci\u00f3n federal y rechaz\u00f3 trasladar esta responsabilidad a las fiscal\u00edas estatales. El diputado David Mart\u00ednez Mendiz\u00e1bal se\u00f1al\u00f3 que las instituciones locales enfrentan saturaci\u00f3n, rezagos y falta de capacidad para asumir nuevas atribuciones. Durante una mesa de trabajo de la Comisi\u00f3n de Gobernaci\u00f3n y Puntos&#8230;<\/p>\n","protected":false},"author":4,"featured_media":181432,"comment_status":"closed","ping_status":"open","sticky":false,"template":"","format":"standard","meta":{"footnotes":""},"categories":[2],"tags":[13,4517],"class_list":["post-195356","post","type-post","status-publish","format-standard","has-post-thumbnail","hentry","category-noticias","tag-guanajuato","tag-noticias-guanajuato"],"yoast_head":"<!-- This site is optimized with the Yoast SEO plugin v28.2 - https:\/\/yoast.com\/product\/yoast-seo-wordpress\/ -->\n<title>&#039;No puede dejarse en manos de fiscal\u00edas locales el combate al crimen organizado&#039;: Morena - El otro enfoque<\/title>\n<meta name=\"description\" content=\"Morena advierte que las fiscal\u00edas estatales est\u00e1n saturadas y sin especializaci\u00f3n para asumir el combate al crimen organizado en Guanajuato.\" \/>\n<meta name=\"robots\" content=\"index, follow, max-snippet:-1, max-image-preview:large, max-video-preview:-1\" \/>\n<link rel=\"canonical\" href=\"https:\/\/elotroenfoque.mx\/index.php\/2026\/09\/01\/no-puede-dejarse-en-manos-de-fiscalias-locales-el-combate-al-crimen-organizado-morena\/\" \/>\n<meta property=\"og:locale\" content=\"es_MX\" \/>\n<meta property=\"og:type\" content=\"article\" \/>\n<meta property=\"og:title\" content=\"&#039;No puede dejarse en manos de fiscal\u00edas locales el combate al crimen organizado&#039;: Morena - El otro enfoque\" \/>\n<meta property=\"og:description\" content=\"Morena advierte que las fiscal\u00edas estatales est\u00e1n saturadas y sin especializaci\u00f3n para asumir el combate al crimen organizado en Guanajuato.\" \/>\n<meta property=\"og:url\" content=\"https:\/\/elotroenfoque.mx\/index.php\/2026\/09\/01\/no-puede-dejarse-en-manos-de-fiscalias-locales-el-combate-al-crimen-organizado-morena\/\" \/>\n<meta property=\"og:site_name\" content=\"El otro enfoque\" \/>\n<meta property=\"article:published_time\" content=\"2026-09-01T22:19:11+00:00\" \/>\n<meta property=\"article:modified_time\" content=\"2026-09-01T22:19:12+00:00\" \/>\n<meta property=\"og:image\" content=\"https:\/\/elotroenfoque.mx\/wp-content\/uploads\/2026\/03\/diputado-mendizabal.jpg\" \/>\n\t<meta property=\"og:image:width\" content=\"793\" \/>\n\t<meta property=\"og:image:height\" content=\"428\" \/>\n\t<meta property=\"og:image:type\" content=\"image\/jpeg\" \/>\n<meta name=\"author\" content=\"Equipo Redaccion\" \/>\n<meta name=\"twitter:card\" content=\"summary_large_image\" \/>\n<meta name=\"twitter:label1\" content=\"Escrito por\" \/>\n\t<meta name=\"twitter:data1\" content=\"Equipo Redaccion\" \/>\n\t<meta name=\"twitter:label2\" content=\"Tiempo de lectura\" \/>\n\t<meta name=\"twitter:data2\" content=\"2 minutos\" \/>\n<script type=\"application\/ld+json\" class=\"yoast-schema-graph\">{\"@context\":\"https:\\\/\\\/schema.org\",\"@graph\":[{\"@type\":\"Article\",\"@id\":\"https:\\\/\\\/elotroenfoque.mx\\\/index.php\\\/2026\\\/09\\\/01\\\/no-puede-dejarse-en-manos-de-fiscalias-locales-el-combate-al-crimen-organizado-morena\\\/#article\",\"isPartOf\":{\"@id\":\"https:\\\/\\\/elotroenfoque.mx\\\/index.php\\\/2026\\\/09\\\/01\\\/no-puede-dejarse-en-manos-de-fiscalias-locales-el-combate-al-crimen-organizado-morena\\\/\"},\"author\":{\"name\":\"Equipo Redaccion\",\"@id\":\"https:\\\/\\\/elotroenfoque.mx\\\/#\\\/schema\\\/person\\\/8eb322f84d0bd9f337e462905519a1ae\"},\"headline\":\"&#8216;No puede dejarse en manos de fiscal\u00edas locales el combate al crimen organizado&#8217;: Morena\",\"datePublished\":\"2026-09-01T22:19:11+00:00\",\"dateModified\":\"2026-09-01T22:19:12+00:00\",\"mainEntityOfPage\":{\"@id\":\"https:\\\/\\\/elotroenfoque.mx\\\/index.php\\\/2026\\\/09\\\/01\\\/no-puede-dejarse-en-manos-de-fiscalias-locales-el-combate-al-crimen-organizado-morena\\\/\"},\"wordCount\":342,\"image\":{\"@id\":\"https:\\\/\\\/elotroenfoque.mx\\\/index.php\\\/2026\\\/09\\\/01\\\/no-puede-dejarse-en-manos-de-fiscalias-locales-el-combate-al-crimen-organizado-morena\\\/#primaryimage\"},\"thumbnailUrl\":\"https:\\\/\\\/elotroenfoque.mx\\\/wp-content\\\/uploads\\\/2026\\\/03\\\/diputado-mendizabal.jpg\",\"keywords\":[\"Guanajuato\",\"Noticias Guanajuato\"],\"articleSection\":[\"Noticias\"],\"inLanguage\":\"es\"},{\"@type\":\"WebPage\",\"@id\":\"https:\\\/\\\/elotroenfoque.mx\\\/index.php\\\/2026\\\/09\\\/01\\\/no-puede-dejarse-en-manos-de-fiscalias-locales-el-combate-al-crimen-organizado-morena\\\/\",\"url\":\"https:\\\/\\\/elotroenfoque.mx\\\/index.php\\\/2026\\\/09\\\/01\\\/no-puede-dejarse-en-manos-de-fiscalias-locales-el-combate-al-crimen-organizado-morena\\\/\",\"name\":\"'No puede dejarse en manos de fiscal\u00edas locales el combate al crimen organizado': Morena - El otro enfoque\",\"isPartOf\":{\"@id\":\"https:\\\/\\\/elotroenfoque.mx\\\/#website\"},\"primaryImageOfPage\":{\"@id\":\"https:\\\/\\\/elotroenfoque.mx\\\/index.php\\\/2026\\\/09\\\/01\\\/no-puede-dejarse-en-manos-de-fiscalias-locales-el-combate-al-crimen-organizado-morena\\\/#primaryimage\"},\"image\":{\"@id\":\"https:\\\/\\\/elotroenfoque.mx\\\/index.php\\\/2026\\\/09\\\/01\\\/no-puede-dejarse-en-manos-de-fiscalias-locales-el-combate-al-crimen-organizado-morena\\\/#primaryimage\"},\"thumbnailUrl\":\"https:\\\/\\\/elotroenfoque.mx\\\/wp-content\\\/uploads\\\/2026\\\/03\\\/diputado-mendizabal.jpg\",\"datePublished\":\"2026-09-01T22:19:11+00:00\",\"dateModified\":\"2026-09-01T22:19:12+00:00\",\"author\":{\"@id\":\"https:\\\/\\\/elotroenfoque.mx\\\/#\\\/schema\\\/person\\\/8eb322f84d0bd9f337e462905519a1ae\"},\"description\":\"Morena advierte que las fiscal\u00edas estatales est\u00e1n saturadas y sin especializaci\u00f3n para asumir el combate al crimen organizado en Guanajuato.\",\"breadcrumb\":{\"@id\":\"https:\\\/\\\/elotroenfoque.mx\\\/index.php\\\/2026\\\/09\\\/01\\\/no-puede-dejarse-en-manos-de-fiscalias-locales-el-combate-al-crimen-organizado-morena\\\/#breadcrumb\"},\"inLanguage\":\"es\",\"potentialAction\":[{\"@type\":\"ReadAction\",\"target\":[\"https:\\\/\\\/elotroenfoque.mx\\\/index.php\\\/2026\\\/09\\\/01\\\/no-puede-dejarse-en-manos-de-fiscalias-locales-el-combate-al-crimen-organizado-morena\\\/\"]}]},{\"@type\":\"ImageObject\",\"inLanguage\":\"es\",\"@id\":\"https:\\\/\\\/elotroenfoque.mx\\\/index.php\\\/2026\\\/09\\\/01\\\/no-puede-dejarse-en-manos-de-fiscalias-locales-el-combate-al-crimen-organizado-morena\\\/#primaryimage\",\"url\":\"https:\\\/\\\/elotroenfoque.mx\\\/wp-content\\\/uploads\\\/2026\\\/03\\\/diputado-mendizabal.jpg\",\"contentUrl\":\"https:\\\/\\\/elotroenfoque.mx\\\/wp-content\\\/uploads\\\/2026\\\/03\\\/diputado-mendizabal.jpg\",\"width\":793,\"height\":428},{\"@type\":\"BreadcrumbList\",\"@id\":\"https:\\\/\\\/elotroenfoque.mx\\\/index.php\\\/2026\\\/09\\\/01\\\/no-puede-dejarse-en-manos-de-fiscalias-locales-el-combate-al-crimen-organizado-morena\\\/#breadcrumb\",\"itemListElement\":[{\"@type\":\"ListItem\",\"position\":1,\"name\":\"Portada\",\"item\":\"https:\\\/\\\/elotroenfoque.mx\\\/\"},{\"@type\":\"ListItem\",\"position\":2,\"name\":\"&#8216;No puede dejarse en manos de fiscal\u00edas locales el combate al crimen organizado&#8217;: Morena\"}]},{\"@type\":\"WebSite\",\"@id\":\"https:\\\/\\\/elotroenfoque.mx\\\/#website\",\"url\":\"https:\\\/\\\/elotroenfoque.mx\\\/\",\"name\":\"El otro enfoque\",\"description\":\"\",\"potentialAction\":[{\"@type\":\"SearchAction\",\"target\":{\"@type\":\"EntryPoint\",\"urlTemplate\":\"https:\\\/\\\/elotroenfoque.mx\\\/?s={search_term_string}\"},\"query-input\":{\"@type\":\"PropertyValueSpecification\",\"valueRequired\":true,\"valueName\":\"search_term_string\"}}],\"inLanguage\":\"es\"},{\"@type\":\"Person\",\"@id\":\"https:\\\/\\\/elotroenfoque.mx\\\/#\\\/schema\\\/person\\\/8eb322f84d0bd9f337e462905519a1ae\",\"name\":\"Equipo Redaccion\",\"image\":{\"@type\":\"ImageObject\",\"inLanguage\":\"es\",\"@id\":\"https:\\\/\\\/secure.gravatar.com\\\/avatar\\\/3579478e2b4e7aad364a32b26cf744b360ae0e581ee1cd0cb18a8f239ee49ac4?s=96&d=mm&r=g\",\"url\":\"https:\\\/\\\/secure.gravatar.com\\\/avatar\\\/3579478e2b4e7aad364a32b26cf744b360ae0e581ee1cd0cb18a8f239ee49ac4?s=96&d=mm&r=g\",\"contentUrl\":\"https:\\\/\\\/secure.gravatar.com\\\/avatar\\\/3579478e2b4e7aad364a32b26cf744b360ae0e581ee1cd0cb18a8f239ee49ac4?s=96&d=mm&r=g\",\"caption\":\"Equipo Redaccion\"},\"url\":\"https:\\\/\\\/elotroenfoque.mx\\\/index.php\\\/author\\\/redaccion\\\/\"}]}<\/script>\n<!-- \/ Yoast SEO plugin. -->","yoast_head_json":{"title":"'No puede dejarse en manos de fiscal\u00edas locales el combate al crimen organizado': Morena - El otro enfoque","description":"Morena advierte que las fiscal\u00edas estatales est\u00e1n saturadas y sin especializaci\u00f3n para asumir el combate al crimen organizado en Guanajuato.","robots":{"index":"index","follow":"follow","max-snippet":"max-snippet:-1","max-image-preview":"max-image-preview:large","max-video-preview":"max-video-preview:-1"},"canonical":"https:\/\/elotroenfoque.mx\/index.php\/2026\/09\/01\/no-puede-dejarse-en-manos-de-fiscalias-locales-el-combate-al-crimen-organizado-morena\/","og_locale":"es_MX","og_type":"article","og_title":"'No puede dejarse en manos de fiscal\u00edas locales el combate al crimen organizado': Morena - El otro enfoque","og_description":"Morena advierte que las fiscal\u00edas estatales est\u00e1n saturadas y sin especializaci\u00f3n para asumir el combate al crimen organizado en Guanajuato.","og_url":"https:\/\/elotroenfoque.mx\/index.php\/2026\/09\/01\/no-puede-dejarse-en-manos-de-fiscalias-locales-el-combate-al-crimen-organizado-morena\/","og_site_name":"El otro enfoque","article_published_time":"2026-09-01T22:19:11+00:00","article_modified_time":"2026-09-01T22:19:12+00:00","og_image":[{"width":793,"height":428,"url":"https:\/\/elotroenfoque.mx\/wp-content\/uploads\/2026\/03\/diputado-mendizabal.jpg","type":"image\/jpeg"}],"author":"Equipo Redaccion","twitter_card":"summary_large_image","twitter_misc":{"Escrito por":"Equipo Redaccion","Tiempo de lectura":"2 minutos"},"schema":{"@context":"https:\/\/schema.org","@graph":[{"@type":"Article","@id":"https:\/\/elotroenfoque.mx\/index.php\/2026\/09\/01\/no-puede-dejarse-en-manos-de-fiscalias-locales-el-combate-al-crimen-organizado-morena\/#article","isPartOf":{"@id":"https:\/\/elotroenfoque.mx\/index.php\/2026\/09\/01\/no-puede-dejarse-en-manos-de-fiscalias-locales-el-combate-al-crimen-organizado-morena\/"},"author":{"name":"Equipo Redaccion","@id":"https:\/\/elotroenfoque.mx\/#\/schema\/person\/8eb322f84d0bd9f337e462905519a1ae"},"headline":"&#8216;No puede dejarse en manos de fiscal\u00edas locales el combate al crimen organizado&#8217;: Morena","datePublished":"2026-09-01T22:19:11+00:00","dateModified":"2026-09-01T22:19:12+00:00","mainEntityOfPage":{"@id":"https:\/\/elotroenfoque.mx\/index.php\/2026\/09\/01\/no-puede-dejarse-en-manos-de-fiscalias-locales-el-combate-al-crimen-organizado-morena\/"},"wordCount":342,"image":{"@id":"https:\/\/elotroenfoque.mx\/index.php\/2026\/09\/01\/no-puede-dejarse-en-manos-de-fiscalias-locales-el-combate-al-crimen-organizado-morena\/#primaryimage"},"thumbnailUrl":"https:\/\/elotroenfoque.mx\/wp-content\/uploads\/2026\/03\/diputado-mendizabal.jpg","keywords":["Guanajuato","Noticias Guanajuato"],"articleSection":["Noticias"],"inLanguage":"es"},{"@type":"WebPage","@id":"https:\/\/elotroenfoque.mx\/index.php\/2026\/09\/01\/no-puede-dejarse-en-manos-de-fiscalias-locales-el-combate-al-crimen-organizado-morena\/","url":"https:\/\/elotroenfoque.mx\/index.php\/2026\/09\/01\/no-puede-dejarse-en-manos-de-fiscalias-locales-el-combate-al-crimen-organizado-morena\/","name":"'No puede dejarse en manos de fiscal\u00edas locales el combate al crimen organizado': Morena - El otro enfoque","isPartOf":{"@id":"https:\/\/elotroenfoque.mx\/#website"},"primaryImageOfPage":{"@id":"https:\/\/elotroenfoque.mx\/index.php\/2026\/09\/01\/no-puede-dejarse-en-manos-de-fiscalias-locales-el-combate-al-crimen-organizado-morena\/#primaryimage"},"image":{"@id":"https:\/\/elotroenfoque.mx\/index.php\/2026\/09\/01\/no-puede-dejarse-en-manos-de-fiscalias-locales-el-combate-al-crimen-organizado-morena\/#primaryimage"},"thumbnailUrl":"https:\/\/elotroenfoque.mx\/wp-content\/uploads\/2026\/03\/diputado-mendizabal.jpg","datePublished":"2026-09-01T22:19:11+00:00","dateModified":"2026-09-01T22:19:12+00:00","author":{"@id":"https:\/\/elotroenfoque.mx\/#\/schema\/person\/8eb322f84d0bd9f337e462905519a1ae"},"description":"Morena advierte que las fiscal\u00edas estatales est\u00e1n saturadas y sin especializaci\u00f3n para asumir el combate al crimen organizado en Guanajuato.","breadcrumb":{"@id":"https:\/\/elotroenfoque.mx\/index.php\/2026\/09\/01\/no-puede-dejarse-en-manos-de-fiscalias-locales-el-combate-al-crimen-organizado-morena\/#breadcrumb"},"inLanguage":"es","potentialAction":[{"@type":"ReadAction","target":["https:\/\/elotroenfoque.mx\/index.php\/2026\/09\/01\/no-puede-dejarse-en-manos-de-fiscalias-locales-el-combate-al-crimen-organizado-morena\/"]}]},{"@type":"ImageObject","inLanguage":"es","@id":"https:\/\/elotroenfoque.mx\/index.php\/2026\/09\/01\/no-puede-dejarse-en-manos-de-fiscalias-locales-el-combate-al-crimen-organizado-morena\/#primaryimage","url":"https:\/\/elotroenfoque.mx\/wp-content\/uploads\/2026\/03\/diputado-mendizabal.jpg","contentUrl":"https:\/\/elotroenfoque.mx\/wp-content\/uploads\/2026\/03\/diputado-mendizabal.jpg","width":793,"height":428},{"@type":"BreadcrumbList","@id":"https:\/\/elotroenfoque.mx\/index.php\/2026\/09\/01\/no-puede-dejarse-en-manos-de-fiscalias-locales-el-combate-al-crimen-organizado-morena\/#breadcrumb","itemListElement":[{"@type":"ListItem","position":1,"name":"Portada","item":"https:\/\/elotroenfoque.mx\/"},{"@type":"ListItem","position":2,"name":"&#8216;No puede dejarse en manos de fiscal\u00edas locales el combate al crimen organizado&#8217;: Morena"}]},{"@type":"WebSite","@id":"https:\/\/elotroenfoque.mx\/#website","url":"https:\/\/elotroenfoque.mx\/","name":"El otro enfoque","description":"","potentialAction":[{"@type":"SearchAction","target":{"@type":"EntryPoint","urlTemplate":"https:\/\/elotroenfoque.mx\/?s={search_term_string}"},"query-input":{"@type":"PropertyValueSpecification","valueRequired":true,"valueName":"search_term_string"}}],"inLanguage":"es"},{"@type":"Person","@id":"https:\/\/elotroenfoque.mx\/#\/schema\/person\/8eb322f84d0bd9f337e462905519a1ae","name":"Equipo Redaccion","image":{"@type":"ImageObject","inLanguage":"es","@id":"https:\/\/secure.gravatar.com\/avatar\/3579478e2b4e7aad364a32b26cf744b360ae0e581ee1cd0cb18a8f239ee49ac4?s=96&d=mm&r=g","url":"https:\/\/secure.gravatar.com\/avatar\/3579478e2b4e7aad364a32b26cf744b360ae0e581ee1cd0cb18a8f239ee49ac4?s=96&d=mm&r=g","contentUrl":"https:\/\/secure.gravatar.com\/avatar\/3579478e2b4e7aad364a32b26cf744b360ae0e581ee1cd0cb18a8f239ee49ac4?s=96&d=mm&r=g","caption":"Equipo Redaccion"},"url":"https:\/\/elotroenfoque.mx\/index.php\/author\/redaccion\/"}]}},"_links":{"self":[{"href":"https:\/\/elotroenfoque.mx\/index.php\/wp-json\/wp\/v2\/posts\/195356","targetHints":{"allow":["GET"]}}],"collection":[{"href":"https:\/\/elotroenfoque.mx\/index.php\/wp-json\/wp\/v2\/posts"}],"about":[{"href":"https:\/\/elotroenfoque.mx\/index.php\/wp-json\/wp\/v2\/types\/post"}],"author":[{"embeddable":true,"href":"https:\/\/elotroenfoque.mx\/index.php\/wp-json\/wp\/v2\/users\/4"}],"replies":[{"embeddable":true,"href":"https:\/\/elotroenfoque.mx\/index.php\/wp-json\/wp\/v2\/comments?post=195356"}],"version-history":[{"count":1,"href":"https:\/\/elotroenfoque.mx\/index.php\/wp-json\/wp\/v2\/posts\/195356\/revisions"}],"predecessor-version":[{"id":195357,"href":"https:\/\/elotroenfoque.mx\/index.php\/wp-json\/wp\/v2\/posts\/195356\/revisions\/195357"}],"wp:featuredmedia":[{"embeddable":true,"href":"https:\/\/elotroenfoque.mx\/index.php\/wp-json\/wp\/v2\/media\/181432"}],"wp:attachment":[{"href":"https:\/\/elotroenfoque.mx\/index.php\/wp-json\/wp\/v2\/media?parent=195356"}],"wp:term":[{"taxonomy":"category","embeddable":true,"href":"https:\/\/elotroenfoque.mx\/index.php\/wp-json\/wp\/v2\/categories?post=195356"},{"taxonomy":"post_tag","embeddable":true,"href":"https:\/\/elotroenfoque.mx\/index.php\/wp-json\/wp\/v2\/tags?post=195356"}],"curies":[{"name":"wp","href":"https:\/\/api.w.org\/{rel}","templated":true}]}}