{"id":195358,"date":"2026-09-01T17:31:30","date_gmt":"2026-09-01T23:31:30","guid":{"rendered":"https:\/\/elotroenfoque.mx\/?p=195358"},"modified":"2026-09-01T17:31:31","modified_gmt":"2026-09-01T23:31:31","slug":"buscan-garantizar-por-ley-trato-digno-a-cuerpos-de-victimas","status":"publish","type":"post","link":"https:\/\/elotroenfoque.mx\/index.php\/2026\/09\/01\/buscan-garantizar-por-ley-trato-digno-a-cuerpos-de-victimas\/","title":{"rendered":"Buscan garantizar por ley trato digno a cuerpos de v\u00edctimas"},"content":{"rendered":"\n<p class=\"wp-block-paragraph\">Diputados del Congreso del Estado revisaron una propuesta para modificar la Ley de Victimas de Guanajuato con el fin de proteger los derechos de las personas despu\u00e9s de su fallecimiento. <\/p>\n\n\n\n<p class=\"wp-block-paragraph\">El proyecto busca asegurar un manejo humano y respetuoso por parte de las autoridades durante los procesos de identificaci\u00f3n y entrega de los cuerpos a sus familiares.<\/p>\n\n\n\n<p class=\"wp-block-paragraph\">En la reuni\u00f3n, la Consejer\u00eda Jur\u00eddica del estado estuvo a favor de la idea, pero advirti\u00f3 que no basta con agregar la palabra &#8220;dignidad p\u00f3stuma&#8221; al diccionario de la ley. La dependencia se\u00f1al\u00f3 que se deben escribir reglas claras sobre las obligaciones que tendr\u00e1 el personal que maneja los cuerpos.<\/p>\n\n\n\n<p class=\"wp-block-paragraph\">Por su parte, la Fiscal\u00eda estatal reconoci\u00f3 que la Ley de Victimas de Guanajuato ya exige respeto hacia las personas fallecidas, pero acept\u00f3 que definir este punto en la ley dar\u00e1 mayor claridad a las familias.<\/p>\n\n\n\n<h2 class=\"wp-block-heading\">Debate entre autoridades y legisladores<\/h2>\n\n\n\n<p class=\"wp-block-paragraph\">Ante los comentarios t\u00e9cnicos, el diputado David Mart\u00ednez defendi\u00f3 la iniciativa. Argument\u00f3 que definir el t\u00e9rmino en la norma es el primer paso indispensable para crear despu\u00e9s los reglamentos y tr\u00e1mites necesarios.<\/p>\n\n\n\n<p class=\"wp-block-paragraph\">Tambi\u00e9n lee: <strong><a href=\"https:\/\/elotroenfoque.mx\/index.php\/2026\/09\/01\/no-puede-dejarse-en-manos-de-fiscalias-locales-el-combate-al-crimen-organizado-morena\/\">\u2018No puede dejarse en manos de fiscal\u00edas locales el combate al crimen organizado\u2019: Morena<\/a><\/strong><\/p>\n\n\n\n<p class=\"wp-block-paragraph\">Asimismo, el legislador sugiri\u00f3 a la Fiscal\u00eda presentar propuestas adicionales para afinar los detalles del proyecto. En la mesa de trabajo tambi\u00e9n participaron los diputados Juan Carlos Romero Hicks y Pl\u00e1sida Calzada Vel\u00e1zquez, junto con personal del \u00e1rea de Derechos Humanos y colectivos.<\/p>\n\n\n\n<p class=\"wp-block-paragraph\"><strong><a href=\"https:\/\/www.tiktok.com\/@elotroenfoque?_r=1&amp;_t=ZS-97ffhW6kR1t\">Sigue tambi\u00e9n las noticias en TikTok<\/a><\/strong><\/p>\n\n\n\n<p class=\"wp-block-paragraph\"><\/p>\n","protected":false},"excerpt":{"rendered":"<p>Diputados del Congreso del Estado revisaron una propuesta para modificar la Ley de Victimas de Guanajuato con el fin de proteger los derechos de las personas despu\u00e9s de su fallecimiento. El proyecto busca asegurar un manejo humano y respetuoso por parte de las autoridades durante los procesos de identificaci\u00f3n y entrega de los cuerpos a&#8230;<\/p>\n","protected":false},"author":4,"featured_media":195359,"comment_status":"closed","ping_status":"open","sticky":false,"template":"","format":"standard","meta":{"footnotes":""},"categories":[2],"tags":[13,4517],"class_list":["post-195358","post","type-post","status-publish","format-standard","has-post-thumbnail","hentry","category-noticias","tag-guanajuato","tag-noticias-guanajuato"],"yoast_head":"<!-- This site is optimized with the Yoast SEO plugin v28.2 - https:\/\/yoast.com\/product\/yoast-seo-wordpress\/ -->\n<title>Buscan garantizar por ley trato digno a cuerpos de v\u00edctimas - El otro enfoque<\/title>\n<meta name=\"description\" content=\"Congreso de Guanajuato analiz\u00f3 incluir el concepto de dignidad p\u00f3stuma en la Ley de V\u00edctimas para reforzar el trato digno a personas fallecidas.\" \/>\n<meta name=\"robots\" content=\"index, follow, max-snippet:-1, max-image-preview:large, max-video-preview:-1\" \/>\n<link rel=\"canonical\" href=\"https:\/\/elotroenfoque.mx\/index.php\/2026\/09\/01\/buscan-garantizar-por-ley-trato-digno-a-cuerpos-de-victimas\/\" \/>\n<meta property=\"og:locale\" content=\"es_MX\" \/>\n<meta property=\"og:type\" content=\"article\" \/>\n<meta property=\"og:title\" content=\"Buscan garantizar por ley trato digno a cuerpos de v\u00edctimas - El otro enfoque\" \/>\n<meta property=\"og:description\" content=\"Congreso de Guanajuato analiz\u00f3 incluir el concepto de dignidad p\u00f3stuma en la Ley de V\u00edctimas para reforzar el trato digno a personas fallecidas.\" \/>\n<meta property=\"og:url\" content=\"https:\/\/elotroenfoque.mx\/index.php\/2026\/09\/01\/buscan-garantizar-por-ley-trato-digno-a-cuerpos-de-victimas\/\" \/>\n<meta property=\"og:site_name\" content=\"El otro enfoque\" \/>\n<meta property=\"article:published_time\" content=\"2026-09-01T23:31:30+00:00\" \/>\n<meta property=\"article:modified_time\" content=\"2026-09-01T23:31:31+00:00\" \/>\n<meta property=\"og:image\" content=\"https:\/\/elotroenfoque.mx\/wp-content\/uploads\/2026\/09\/buscan-castigar-trato-indigno-a-cuerpos.jpg\" \/>\n\t<meta property=\"og:image:width\" content=\"644\" \/>\n\t<meta property=\"og:image:height\" content=\"365\" \/>\n\t<meta property=\"og:image:type\" content=\"image\/jpeg\" \/>\n<meta name=\"author\" content=\"Equipo Redaccion\" \/>\n<meta name=\"twitter:card\" content=\"summary_large_image\" \/>\n<meta name=\"twitter:label1\" content=\"Escrito por\" \/>\n\t<meta name=\"twitter:data1\" content=\"Equipo Redaccion\" \/>\n\t<meta name=\"twitter:label2\" content=\"Tiempo de lectura\" \/>\n\t<meta name=\"twitter:data2\" content=\"2 minutos\" \/>\n<script type=\"application\/ld+json\" class=\"yoast-schema-graph\">{\"@context\":\"https:\\\/\\\/schema.org\",\"@graph\":[{\"@type\":\"Article\",\"@id\":\"https:\\\/\\\/elotroenfoque.mx\\\/index.php\\\/2026\\\/09\\\/01\\\/buscan-garantizar-por-ley-trato-digno-a-cuerpos-de-victimas\\\/#article\",\"isPartOf\":{\"@id\":\"https:\\\/\\\/elotroenfoque.mx\\\/index.php\\\/2026\\\/09\\\/01\\\/buscan-garantizar-por-ley-trato-digno-a-cuerpos-de-victimas\\\/\"},\"author\":{\"name\":\"Equipo Redaccion\",\"@id\":\"https:\\\/\\\/elotroenfoque.mx\\\/#\\\/schema\\\/person\\\/8eb322f84d0bd9f337e462905519a1ae\"},\"headline\":\"Buscan garantizar por ley trato digno a cuerpos de v\u00edctimas\",\"datePublished\":\"2026-09-01T23:31:30+00:00\",\"dateModified\":\"2026-09-01T23:31:31+00:00\",\"mainEntityOfPage\":{\"@id\":\"https:\\\/\\\/elotroenfoque.mx\\\/index.php\\\/2026\\\/09\\\/01\\\/buscan-garantizar-por-ley-trato-digno-a-cuerpos-de-victimas\\\/\"},\"wordCount\":276,\"image\":{\"@id\":\"https:\\\/\\\/elotroenfoque.mx\\\/index.php\\\/2026\\\/09\\\/01\\\/buscan-garantizar-por-ley-trato-digno-a-cuerpos-de-victimas\\\/#primaryimage\"},\"thumbnailUrl\":\"https:\\\/\\\/elotroenfoque.mx\\\/wp-content\\\/uploads\\\/2026\\\/09\\\/buscan-castigar-trato-indigno-a-cuerpos.jpg\",\"keywords\":[\"Guanajuato\",\"Noticias Guanajuato\"],\"articleSection\":[\"Noticias\"],\"inLanguage\":\"es\"},{\"@type\":\"WebPage\",\"@id\":\"https:\\\/\\\/elotroenfoque.mx\\\/index.php\\\/2026\\\/09\\\/01\\\/buscan-garantizar-por-ley-trato-digno-a-cuerpos-de-victimas\\\/\",\"url\":\"https:\\\/\\\/elotroenfoque.mx\\\/index.php\\\/2026\\\/09\\\/01\\\/buscan-garantizar-por-ley-trato-digno-a-cuerpos-de-victimas\\\/\",\"name\":\"Buscan garantizar por ley trato digno a cuerpos de v\u00edctimas - El otro enfoque\",\"isPartOf\":{\"@id\":\"https:\\\/\\\/elotroenfoque.mx\\\/#website\"},\"primaryImageOfPage\":{\"@id\":\"https:\\\/\\\/elotroenfoque.mx\\\/index.php\\\/2026\\\/09\\\/01\\\/buscan-garantizar-por-ley-trato-digno-a-cuerpos-de-victimas\\\/#primaryimage\"},\"image\":{\"@id\":\"https:\\\/\\\/elotroenfoque.mx\\\/index.php\\\/2026\\\/09\\\/01\\\/buscan-garantizar-por-ley-trato-digno-a-cuerpos-de-victimas\\\/#primaryimage\"},\"thumbnailUrl\":\"https:\\\/\\\/elotroenfoque.mx\\\/wp-content\\\/uploads\\\/2026\\\/09\\\/buscan-castigar-trato-indigno-a-cuerpos.jpg\",\"datePublished\":\"2026-09-01T23:31:30+00:00\",\"dateModified\":\"2026-09-01T23:31:31+00:00\",\"author\":{\"@id\":\"https:\\\/\\\/elotroenfoque.mx\\\/#\\\/schema\\\/person\\\/8eb322f84d0bd9f337e462905519a1ae\"},\"description\":\"Congreso de Guanajuato analiz\u00f3 incluir el concepto de dignidad p\u00f3stuma en la Ley de V\u00edctimas para reforzar el trato digno a personas fallecidas.\",\"breadcrumb\":{\"@id\":\"https:\\\/\\\/elotroenfoque.mx\\\/index.php\\\/2026\\\/09\\\/01\\\/buscan-garantizar-por-ley-trato-digno-a-cuerpos-de-victimas\\\/#breadcrumb\"},\"inLanguage\":\"es\",\"potentialAction\":[{\"@type\":\"ReadAction\",\"target\":[\"https:\\\/\\\/elotroenfoque.mx\\\/index.php\\\/2026\\\/09\\\/01\\\/buscan-garantizar-por-ley-trato-digno-a-cuerpos-de-victimas\\\/\"]}]},{\"@type\":\"ImageObject\",\"inLanguage\":\"es\",\"@id\":\"https:\\\/\\\/elotroenfoque.mx\\\/index.php\\\/2026\\\/09\\\/01\\\/buscan-garantizar-por-ley-trato-digno-a-cuerpos-de-victimas\\\/#primaryimage\",\"url\":\"https:\\\/\\\/elotroenfoque.mx\\\/wp-content\\\/uploads\\\/2026\\\/09\\\/buscan-castigar-trato-indigno-a-cuerpos.jpg\",\"contentUrl\":\"https:\\\/\\\/elotroenfoque.mx\\\/wp-content\\\/uploads\\\/2026\\\/09\\\/buscan-castigar-trato-indigno-a-cuerpos.jpg\",\"width\":644,\"height\":365},{\"@type\":\"BreadcrumbList\",\"@id\":\"https:\\\/\\\/elotroenfoque.mx\\\/index.php\\\/2026\\\/09\\\/01\\\/buscan-garantizar-por-ley-trato-digno-a-cuerpos-de-victimas\\\/#breadcrumb\",\"itemListElement\":[{\"@type\":\"ListItem\",\"position\":1,\"name\":\"Portada\",\"item\":\"https:\\\/\\\/elotroenfoque.mx\\\/\"},{\"@type\":\"ListItem\",\"position\":2,\"name\":\"Buscan garantizar por ley trato digno a cuerpos de v\u00edctimas\"}]},{\"@type\":\"WebSite\",\"@id\":\"https:\\\/\\\/elotroenfoque.mx\\\/#website\",\"url\":\"https:\\\/\\\/elotroenfoque.mx\\\/\",\"name\":\"El otro enfoque\",\"description\":\"\",\"potentialAction\":[{\"@type\":\"SearchAction\",\"target\":{\"@type\":\"EntryPoint\",\"urlTemplate\":\"https:\\\/\\\/elotroenfoque.mx\\\/?s={search_term_string}\"},\"query-input\":{\"@type\":\"PropertyValueSpecification\",\"valueRequired\":true,\"valueName\":\"search_term_string\"}}],\"inLanguage\":\"es\"},{\"@type\":\"Person\",\"@id\":\"https:\\\/\\\/elotroenfoque.mx\\\/#\\\/schema\\\/person\\\/8eb322f84d0bd9f337e462905519a1ae\",\"name\":\"Equipo Redaccion\",\"image\":{\"@type\":\"ImageObject\",\"inLanguage\":\"es\",\"@id\":\"https:\\\/\\\/secure.gravatar.com\\\/avatar\\\/3579478e2b4e7aad364a32b26cf744b360ae0e581ee1cd0cb18a8f239ee49ac4?s=96&d=mm&r=g\",\"url\":\"https:\\\/\\\/secure.gravatar.com\\\/avatar\\\/3579478e2b4e7aad364a32b26cf744b360ae0e581ee1cd0cb18a8f239ee49ac4?s=96&d=mm&r=g\",\"contentUrl\":\"https:\\\/\\\/secure.gravatar.com\\\/avatar\\\/3579478e2b4e7aad364a32b26cf744b360ae0e581ee1cd0cb18a8f239ee49ac4?s=96&d=mm&r=g\",\"caption\":\"Equipo Redaccion\"},\"url\":\"https:\\\/\\\/elotroenfoque.mx\\\/index.php\\\/author\\\/redaccion\\\/\"}]}<\/script>\n<!-- \/ Yoast SEO plugin. -->","yoast_head_json":{"title":"Buscan garantizar por ley trato digno a cuerpos de v\u00edctimas - El otro enfoque","description":"Congreso de Guanajuato analiz\u00f3 incluir el concepto de dignidad p\u00f3stuma en la Ley de V\u00edctimas para reforzar el trato digno a personas fallecidas.","robots":{"index":"index","follow":"follow","max-snippet":"max-snippet:-1","max-image-preview":"max-image-preview:large","max-video-preview":"max-video-preview:-1"},"canonical":"https:\/\/elotroenfoque.mx\/index.php\/2026\/09\/01\/buscan-garantizar-por-ley-trato-digno-a-cuerpos-de-victimas\/","og_locale":"es_MX","og_type":"article","og_title":"Buscan garantizar por ley trato digno a cuerpos de v\u00edctimas - El otro enfoque","og_description":"Congreso de Guanajuato analiz\u00f3 incluir el concepto de dignidad p\u00f3stuma en la Ley de V\u00edctimas para reforzar el trato digno a personas fallecidas.","og_url":"https:\/\/elotroenfoque.mx\/index.php\/2026\/09\/01\/buscan-garantizar-por-ley-trato-digno-a-cuerpos-de-victimas\/","og_site_name":"El otro enfoque","article_published_time":"2026-09-01T23:31:30+00:00","article_modified_time":"2026-09-01T23:31:31+00:00","og_image":[{"width":644,"height":365,"url":"https:\/\/elotroenfoque.mx\/wp-content\/uploads\/2026\/09\/buscan-castigar-trato-indigno-a-cuerpos.jpg","type":"image\/jpeg"}],"author":"Equipo Redaccion","twitter_card":"summary_large_image","twitter_misc":{"Escrito por":"Equipo Redaccion","Tiempo de lectura":"2 minutos"},"schema":{"@context":"https:\/\/schema.org","@graph":[{"@type":"Article","@id":"https:\/\/elotroenfoque.mx\/index.php\/2026\/09\/01\/buscan-garantizar-por-ley-trato-digno-a-cuerpos-de-victimas\/#article","isPartOf":{"@id":"https:\/\/elotroenfoque.mx\/index.php\/2026\/09\/01\/buscan-garantizar-por-ley-trato-digno-a-cuerpos-de-victimas\/"},"author":{"name":"Equipo Redaccion","@id":"https:\/\/elotroenfoque.mx\/#\/schema\/person\/8eb322f84d0bd9f337e462905519a1ae"},"headline":"Buscan garantizar por ley trato digno a cuerpos de v\u00edctimas","datePublished":"2026-09-01T23:31:30+00:00","dateModified":"2026-09-01T23:31:31+00:00","mainEntityOfPage":{"@id":"https:\/\/elotroenfoque.mx\/index.php\/2026\/09\/01\/buscan-garantizar-por-ley-trato-digno-a-cuerpos-de-victimas\/"},"wordCount":276,"image":{"@id":"https:\/\/elotroenfoque.mx\/index.php\/2026\/09\/01\/buscan-garantizar-por-ley-trato-digno-a-cuerpos-de-victimas\/#primaryimage"},"thumbnailUrl":"https:\/\/elotroenfoque.mx\/wp-content\/uploads\/2026\/09\/buscan-castigar-trato-indigno-a-cuerpos.jpg","keywords":["Guanajuato","Noticias Guanajuato"],"articleSection":["Noticias"],"inLanguage":"es"},{"@type":"WebPage","@id":"https:\/\/elotroenfoque.mx\/index.php\/2026\/09\/01\/buscan-garantizar-por-ley-trato-digno-a-cuerpos-de-victimas\/","url":"https:\/\/elotroenfoque.mx\/index.php\/2026\/09\/01\/buscan-garantizar-por-ley-trato-digno-a-cuerpos-de-victimas\/","name":"Buscan garantizar por ley trato digno a cuerpos de v\u00edctimas - El otro enfoque","isPartOf":{"@id":"https:\/\/elotroenfoque.mx\/#website"},"primaryImageOfPage":{"@id":"https:\/\/elotroenfoque.mx\/index.php\/2026\/09\/01\/buscan-garantizar-por-ley-trato-digno-a-cuerpos-de-victimas\/#primaryimage"},"image":{"@id":"https:\/\/elotroenfoque.mx\/index.php\/2026\/09\/01\/buscan-garantizar-por-ley-trato-digno-a-cuerpos-de-victimas\/#primaryimage"},"thumbnailUrl":"https:\/\/elotroenfoque.mx\/wp-content\/uploads\/2026\/09\/buscan-castigar-trato-indigno-a-cuerpos.jpg","datePublished":"2026-09-01T23:31:30+00:00","dateModified":"2026-09-01T23:31:31+00:00","author":{"@id":"https:\/\/elotroenfoque.mx\/#\/schema\/person\/8eb322f84d0bd9f337e462905519a1ae"},"description":"Congreso de Guanajuato analiz\u00f3 incluir el concepto de dignidad p\u00f3stuma en la Ley de V\u00edctimas para reforzar el trato digno a personas fallecidas.","breadcrumb":{"@id":"https:\/\/elotroenfoque.mx\/index.php\/2026\/09\/01\/buscan-garantizar-por-ley-trato-digno-a-cuerpos-de-victimas\/#breadcrumb"},"inLanguage":"es","potentialAction":[{"@type":"ReadAction","target":["https:\/\/elotroenfoque.mx\/index.php\/2026\/09\/01\/buscan-garantizar-por-ley-trato-digno-a-cuerpos-de-victimas\/"]}]},{"@type":"ImageObject","inLanguage":"es","@id":"https:\/\/elotroenfoque.mx\/index.php\/2026\/09\/01\/buscan-garantizar-por-ley-trato-digno-a-cuerpos-de-victimas\/#primaryimage","url":"https:\/\/elotroenfoque.mx\/wp-content\/uploads\/2026\/09\/buscan-castigar-trato-indigno-a-cuerpos.jpg","contentUrl":"https:\/\/elotroenfoque.mx\/wp-content\/uploads\/2026\/09\/buscan-castigar-trato-indigno-a-cuerpos.jpg","width":644,"height":365},{"@type":"BreadcrumbList","@id":"https:\/\/elotroenfoque.mx\/index.php\/2026\/09\/01\/buscan-garantizar-por-ley-trato-digno-a-cuerpos-de-victimas\/#breadcrumb","itemListElement":[{"@type":"ListItem","position":1,"name":"Portada","item":"https:\/\/elotroenfoque.mx\/"},{"@type":"ListItem","position":2,"name":"Buscan garantizar por ley trato digno a cuerpos de v\u00edctimas"}]},{"@type":"WebSite","@id":"https:\/\/elotroenfoque.mx\/#website","url":"https:\/\/elotroenfoque.mx\/","name":"El otro enfoque","description":"","potentialAction":[{"@type":"SearchAction","target":{"@type":"EntryPoint","urlTemplate":"https:\/\/elotroenfoque.mx\/?s={search_term_string}"},"query-input":{"@type":"PropertyValueSpecification","valueRequired":true,"valueName":"search_term_string"}}],"inLanguage":"es"},{"@type":"Person","@id":"https:\/\/elotroenfoque.mx\/#\/schema\/person\/8eb322f84d0bd9f337e462905519a1ae","name":"Equipo Redaccion","image":{"@type":"ImageObject","inLanguage":"es","@id":"https:\/\/secure.gravatar.com\/avatar\/3579478e2b4e7aad364a32b26cf744b360ae0e581ee1cd0cb18a8f239ee49ac4?s=96&d=mm&r=g","url":"https:\/\/secure.gravatar.com\/avatar\/3579478e2b4e7aad364a32b26cf744b360ae0e581ee1cd0cb18a8f239ee49ac4?s=96&d=mm&r=g","contentUrl":"https:\/\/secure.gravatar.com\/avatar\/3579478e2b4e7aad364a32b26cf744b360ae0e581ee1cd0cb18a8f239ee49ac4?s=96&d=mm&r=g","caption":"Equipo Redaccion"},"url":"https:\/\/elotroenfoque.mx\/index.php\/author\/redaccion\/"}]}},"_links":{"self":[{"href":"https:\/\/elotroenfoque.mx\/index.php\/wp-json\/wp\/v2\/posts\/195358","targetHints":{"allow":["GET"]}}],"collection":[{"href":"https:\/\/elotroenfoque.mx\/index.php\/wp-json\/wp\/v2\/posts"}],"about":[{"href":"https:\/\/elotroenfoque.mx\/index.php\/wp-json\/wp\/v2\/types\/post"}],"author":[{"embeddable":true,"href":"https:\/\/elotroenfoque.mx\/index.php\/wp-json\/wp\/v2\/users\/4"}],"replies":[{"embeddable":true,"href":"https:\/\/elotroenfoque.mx\/index.php\/wp-json\/wp\/v2\/comments?post=195358"}],"version-history":[{"count":1,"href":"https:\/\/elotroenfoque.mx\/index.php\/wp-json\/wp\/v2\/posts\/195358\/revisions"}],"predecessor-version":[{"id":195360,"href":"https:\/\/elotroenfoque.mx\/index.php\/wp-json\/wp\/v2\/posts\/195358\/revisions\/195360"}],"wp:featuredmedia":[{"embeddable":true,"href":"https:\/\/elotroenfoque.mx\/index.php\/wp-json\/wp\/v2\/media\/195359"}],"wp:attachment":[{"href":"https:\/\/elotroenfoque.mx\/index.php\/wp-json\/wp\/v2\/media?parent=195358"}],"wp:term":[{"taxonomy":"category","embeddable":true,"href":"https:\/\/elotroenfoque.mx\/index.php\/wp-json\/wp\/v2\/categories?post=195358"},{"taxonomy":"post_tag","embeddable":true,"href":"https:\/\/elotroenfoque.mx\/index.php\/wp-json\/wp\/v2\/tags?post=195358"}],"curies":[{"name":"wp","href":"https:\/\/api.w.org\/{rel}","templated":true}]}}