{"id":195361,"date":"2026-09-01T18:01:50","date_gmt":"2026-09-02T00:01:50","guid":{"rendered":"https:\/\/elotroenfoque.mx\/?p=195361"},"modified":"2026-09-01T18:01:51","modified_gmt":"2026-09-02T00:01:51","slug":"instalan-mil-093-medidores-ultrasonicos-en-silao","status":"publish","type":"post","link":"https:\/\/elotroenfoque.mx\/index.php\/2026\/09\/01\/instalan-mil-093-medidores-ultrasonicos-en-silao\/","title":{"rendered":"Instalan mil 093 medidores ultras\u00f3nicos en Silao"},"content":{"rendered":"\n<p class=\"wp-block-paragraph\">El Sistema de Agua Potable y Alcantarillado (SAPAS) mantiene la instalaci\u00f3n de medidores ultras\u00f3nicos en Silao, como parte de un proyecto para mejorar la medici\u00f3n del consumo de agua.<\/p>\n\n\n\n<p class=\"wp-block-paragraph\">El primer paquete contempla mil 093 equipos que comenzaron a colocarse desde mediados de agosto en la zona centro y posteriormente avanzaron hacia otros puntos de la ciudad.<\/p>\n\n\n\n<p class=\"wp-block-paragraph\">Adem\u00e1s, el organismo instala receptores de datos, conocidos como gateways, en sitios estrat\u00e9gicos para facilitar la transmisi\u00f3n de la informaci\u00f3n generada por los medidores.<\/p>\n\n\n\n<figure class=\"wp-block-image size-large\"><img loading=\"lazy\" decoding=\"async\" width=\"1024\" height=\"768\" src=\"https:\/\/elotroenfoque.mx\/wp-content\/uploads\/2026\/09\/medidores-ultrasonicos-en-silao-2-1024x768.jpeg\" alt=\"\" class=\"wp-image-195363\" srcset=\"https:\/\/elotroenfoque.mx\/wp-content\/uploads\/2026\/09\/medidores-ultrasonicos-en-silao-2-1024x768.jpeg 1024w, https:\/\/elotroenfoque.mx\/wp-content\/uploads\/2026\/09\/medidores-ultrasonicos-en-silao-2-300x225.jpeg 300w, https:\/\/elotroenfoque.mx\/wp-content\/uploads\/2026\/09\/medidores-ultrasonicos-en-silao-2-768x576.jpeg 768w, https:\/\/elotroenfoque.mx\/wp-content\/uploads\/2026\/09\/medidores-ultrasonicos-en-silao-2.jpeg 1280w\" sizes=\"auto, (max-width: 1024px) 100vw, 1024px\" \/><\/figure>\n\n\n\n<h2 class=\"wp-block-heading\">Medidores ultras\u00f3nicos permiten lecturas remotas<\/h2>\n\n\n\n<p class=\"wp-block-paragraph\">Los medidores ultras\u00f3nicos en Silao utilizan ondas sonoras de alta frecuencia para calcular el flujo del agua, por lo que no requieren piezas mec\u00e1nicas m\u00f3viles para realizar las mediciones.<\/p>\n\n\n\n<p class=\"wp-block-paragraph\">De esta manera, los equipos pueden registrar el consumo con mayor precisi\u00f3n y transmitir informaci\u00f3n de forma remota y en tiempo real.<\/p>\n\n\n\n<p class=\"wp-block-paragraph\">Asimismo, la tecnolog\u00eda permite generar alertas ante posibles irregularidades y contribuir a la detecci\u00f3n de fugas internas en los domicilios.<\/p>\n\n\n\n<figure class=\"wp-block-image size-large\"><img loading=\"lazy\" decoding=\"async\" width=\"1024\" height=\"768\" src=\"https:\/\/elotroenfoque.mx\/wp-content\/uploads\/2026\/09\/medidores-ultrasonicos-en-silao-3-1024x768.jpeg\" alt=\"\" class=\"wp-image-195364\" srcset=\"https:\/\/elotroenfoque.mx\/wp-content\/uploads\/2026\/09\/medidores-ultrasonicos-en-silao-3-1024x768.jpeg 1024w, https:\/\/elotroenfoque.mx\/wp-content\/uploads\/2026\/09\/medidores-ultrasonicos-en-silao-3-300x225.jpeg 300w, https:\/\/elotroenfoque.mx\/wp-content\/uploads\/2026\/09\/medidores-ultrasonicos-en-silao-3-768x576.jpeg 768w, https:\/\/elotroenfoque.mx\/wp-content\/uploads\/2026\/09\/medidores-ultrasonicos-en-silao-3.jpeg 1280w\" sizes=\"auto, (max-width: 1024px) 100vw, 1024px\" \/><\/figure>\n\n\n\n<h2 class=\"wp-block-heading\">SAPAS avanza con instalaci\u00f3n en calles de Silao<\/h2>\n\n\n\n<p class=\"wp-block-paragraph\">Hasta ahora, los medidores se han colocado en vialidades como 16 de Septiembre, La Piedad, Alfareros, Carrillo Puerto y Francisco Villa.<\/p>\n\n\n\n<p class=\"wp-block-paragraph\">Tambi\u00e9n se instalaron equipos en las calles Fundaci\u00f3n, Hidalgo, Granados y Carbajal, adem\u00e1s del callej\u00f3n de Guadalupe y la avenida Luis H. Ducoing, entre otros puntos.<\/p>\n\n\n\n<p class=\"wp-block-paragraph\">Sin embargo, la colocaci\u00f3n continuar\u00e1 de manera progresiva en diferentes pol\u00edgonos de la ciudad, conforme avance el proyecto coordinado con la Secretar\u00eda de Agua y Medio Ambiente (SAMA).<\/p>\n\n\n\n<figure class=\"wp-block-image size-large\"><img loading=\"lazy\" decoding=\"async\" width=\"1024\" height=\"768\" src=\"https:\/\/elotroenfoque.mx\/wp-content\/uploads\/2026\/09\/medidores-ultrasonicos-en-silao-4-1024x768.jpeg\" alt=\"\" class=\"wp-image-195365\" srcset=\"https:\/\/elotroenfoque.mx\/wp-content\/uploads\/2026\/09\/medidores-ultrasonicos-en-silao-4-1024x768.jpeg 1024w, https:\/\/elotroenfoque.mx\/wp-content\/uploads\/2026\/09\/medidores-ultrasonicos-en-silao-4-300x225.jpeg 300w, https:\/\/elotroenfoque.mx\/wp-content\/uploads\/2026\/09\/medidores-ultrasonicos-en-silao-4-768x576.jpeg 768w, https:\/\/elotroenfoque.mx\/wp-content\/uploads\/2026\/09\/medidores-ultrasonicos-en-silao-4.jpeg 1280w\" sizes=\"auto, (max-width: 1024px) 100vw, 1024px\" \/><\/figure>\n\n\n\n<h2 class=\"wp-block-heading\">Tecnolog\u00eda busca mejorar operaci\u00f3n del agua<\/h2>\n\n\n\n<p class=\"wp-block-paragraph\">Los medidores ultras\u00f3nicos en Silao tambi\u00e9n pueden mantener un funcionamiento estable ante variaciones en el caudal y presentan menor desgaste al no contar con componentes mec\u00e1nicos m\u00f3viles.<\/p>\n\n\n\n<p class=\"wp-block-paragraph\">Con la informaci\u00f3n obtenida, SAPAS busca conocer con mayor precisi\u00f3n los patrones de consumo y detectar posibles fallas dentro de las redes de distribuci\u00f3n.<\/p>\n\n\n\n<p class=\"wp-block-paragraph\">Tambi\u00e9n lee: <strong><a href=\"https:\/\/elotroenfoque.mx\/index.php\/2026\/09\/01\/buscan-garantizar-por-ley-trato-digno-a-cuerpos-de-victimas\/\">Buscan garantizar por ley trato digno a cuerpos de v\u00edctimas<\/a><\/strong><\/p>\n\n\n\n<p class=\"wp-block-paragraph\">Adem\u00e1s, el organismo plantea utilizar estos datos para mejorar la operaci\u00f3n del servicio y avanzar hacia un manejo m\u00e1s eficiente del agua.<\/p>\n\n\n\n<p class=\"wp-block-paragraph\">El director general del SAPAS, Rogelio Garc\u00eda, se\u00f1al\u00f3 que la incorporaci\u00f3n de tecnolog\u00eda busca fortalecer la gesti\u00f3n del recurso y establecer un modelo de servicio con una visi\u00f3n de largo plazo.<\/p>\n\n\n\n<p class=\"wp-block-paragraph\">Con la instalaci\u00f3n de los primeros mil 093 equipos, los medidores ultras\u00f3nicos en Silao forman parte de una estrategia para mejorar la medici\u00f3n y el aprovechamiento responsable del agua.<\/p>\n\n\n\n<p class=\"wp-block-paragraph\"><strong><a href=\"https:\/\/www.tiktok.com\/@elotroenfoque?_r=1&amp;_t=ZS-97ffhW6kR1t\">Sigue tambi\u00e9n las noticias en TikTok<\/a><\/strong><\/p>\n\n\n\n<p class=\"wp-block-paragraph\"><\/p>\n","protected":false},"excerpt":{"rendered":"<p>El Sistema de Agua Potable y Alcantarillado (SAPAS) mantiene la instalaci\u00f3n de medidores ultras\u00f3nicos en Silao, como parte de un proyecto para mejorar la medici\u00f3n del consumo de agua. El primer paquete contempla mil 093 equipos que comenzaron a colocarse desde mediados de agosto en la zona centro y posteriormente avanzaron hacia otros puntos de&#8230;<\/p>\n","protected":false},"author":4,"featured_media":195362,"comment_status":"closed","ping_status":"open","sticky":false,"template":"","format":"standard","meta":{"footnotes":""},"categories":[2],"tags":[13,4517],"class_list":["post-195361","post","type-post","status-publish","format-standard","has-post-thumbnail","hentry","category-noticias","tag-guanajuato","tag-noticias-guanajuato"],"yoast_head":"<!-- This site is optimized with the Yoast SEO plugin v28.2 - https:\/\/yoast.com\/product\/yoast-seo-wordpress\/ -->\n<title>Instalan mil 093 medidores ultras\u00f3nicos en Silao - El otro enfoque<\/title>\n<meta name=\"description\" content=\"SAPAS instala mil 093 medidores ultras\u00f3nicos en Silao para medir el consumo de agua con mayor precisi\u00f3n y detectar fugas.\" \/>\n<meta name=\"robots\" content=\"index, follow, max-snippet:-1, max-image-preview:large, max-video-preview:-1\" \/>\n<link rel=\"canonical\" href=\"https:\/\/elotroenfoque.mx\/index.php\/2026\/09\/01\/instalan-mil-093-medidores-ultrasonicos-en-silao\/\" \/>\n<meta property=\"og:locale\" content=\"es_MX\" \/>\n<meta property=\"og:type\" content=\"article\" \/>\n<meta property=\"og:title\" content=\"Instalan mil 093 medidores ultras\u00f3nicos en Silao - El otro enfoque\" \/>\n<meta property=\"og:description\" content=\"SAPAS instala mil 093 medidores ultras\u00f3nicos en Silao para medir el consumo de agua con mayor precisi\u00f3n y detectar fugas.\" \/>\n<meta property=\"og:url\" content=\"https:\/\/elotroenfoque.mx\/index.php\/2026\/09\/01\/instalan-mil-093-medidores-ultrasonicos-en-silao\/\" \/>\n<meta property=\"og:site_name\" content=\"El otro enfoque\" \/>\n<meta property=\"article:published_time\" content=\"2026-09-02T00:01:50+00:00\" \/>\n<meta property=\"article:modified_time\" content=\"2026-09-02T00:01:51+00:00\" \/>\n<meta property=\"og:image\" content=\"https:\/\/elotroenfoque.mx\/wp-content\/uploads\/2026\/09\/medidores-ultrasonicos-en-silao-1.jpeg\" \/>\n\t<meta property=\"og:image:width\" content=\"1280\" \/>\n\t<meta property=\"og:image:height\" content=\"960\" \/>\n\t<meta property=\"og:image:type\" content=\"image\/jpeg\" \/>\n<meta name=\"author\" content=\"Equipo Redaccion\" \/>\n<meta name=\"twitter:card\" content=\"summary_large_image\" \/>\n<meta name=\"twitter:label1\" content=\"Escrito por\" \/>\n\t<meta name=\"twitter:data1\" content=\"Equipo Redaccion\" \/>\n\t<meta name=\"twitter:label2\" content=\"Tiempo de lectura\" \/>\n\t<meta name=\"twitter:data2\" content=\"3 minutos\" \/>\n<script type=\"application\/ld+json\" class=\"yoast-schema-graph\">{\"@context\":\"https:\\\/\\\/schema.org\",\"@graph\":[{\"@type\":\"Article\",\"@id\":\"https:\\\/\\\/elotroenfoque.mx\\\/index.php\\\/2026\\\/09\\\/01\\\/instalan-mil-093-medidores-ultrasonicos-en-silao\\\/#article\",\"isPartOf\":{\"@id\":\"https:\\\/\\\/elotroenfoque.mx\\\/index.php\\\/2026\\\/09\\\/01\\\/instalan-mil-093-medidores-ultrasonicos-en-silao\\\/\"},\"author\":{\"name\":\"Equipo Redaccion\",\"@id\":\"https:\\\/\\\/elotroenfoque.mx\\\/#\\\/schema\\\/person\\\/8eb322f84d0bd9f337e462905519a1ae\"},\"headline\":\"Instalan mil 093 medidores ultras\u00f3nicos en Silao\",\"datePublished\":\"2026-09-02T00:01:50+00:00\",\"dateModified\":\"2026-09-02T00:01:51+00:00\",\"mainEntityOfPage\":{\"@id\":\"https:\\\/\\\/elotroenfoque.mx\\\/index.php\\\/2026\\\/09\\\/01\\\/instalan-mil-093-medidores-ultrasonicos-en-silao\\\/\"},\"wordCount\":448,\"image\":{\"@id\":\"https:\\\/\\\/elotroenfoque.mx\\\/index.php\\\/2026\\\/09\\\/01\\\/instalan-mil-093-medidores-ultrasonicos-en-silao\\\/#primaryimage\"},\"thumbnailUrl\":\"https:\\\/\\\/elotroenfoque.mx\\\/wp-content\\\/uploads\\\/2026\\\/09\\\/medidores-ultrasonicos-en-silao-1.jpeg\",\"keywords\":[\"Guanajuato\",\"Noticias Guanajuato\"],\"articleSection\":[\"Noticias\"],\"inLanguage\":\"es\"},{\"@type\":\"WebPage\",\"@id\":\"https:\\\/\\\/elotroenfoque.mx\\\/index.php\\\/2026\\\/09\\\/01\\\/instalan-mil-093-medidores-ultrasonicos-en-silao\\\/\",\"url\":\"https:\\\/\\\/elotroenfoque.mx\\\/index.php\\\/2026\\\/09\\\/01\\\/instalan-mil-093-medidores-ultrasonicos-en-silao\\\/\",\"name\":\"Instalan mil 093 medidores ultras\u00f3nicos en Silao - El otro enfoque\",\"isPartOf\":{\"@id\":\"https:\\\/\\\/elotroenfoque.mx\\\/#website\"},\"primaryImageOfPage\":{\"@id\":\"https:\\\/\\\/elotroenfoque.mx\\\/index.php\\\/2026\\\/09\\\/01\\\/instalan-mil-093-medidores-ultrasonicos-en-silao\\\/#primaryimage\"},\"image\":{\"@id\":\"https:\\\/\\\/elotroenfoque.mx\\\/index.php\\\/2026\\\/09\\\/01\\\/instalan-mil-093-medidores-ultrasonicos-en-silao\\\/#primaryimage\"},\"thumbnailUrl\":\"https:\\\/\\\/elotroenfoque.mx\\\/wp-content\\\/uploads\\\/2026\\\/09\\\/medidores-ultrasonicos-en-silao-1.jpeg\",\"datePublished\":\"2026-09-02T00:01:50+00:00\",\"dateModified\":\"2026-09-02T00:01:51+00:00\",\"author\":{\"@id\":\"https:\\\/\\\/elotroenfoque.mx\\\/#\\\/schema\\\/person\\\/8eb322f84d0bd9f337e462905519a1ae\"},\"description\":\"SAPAS instala mil 093 medidores ultras\u00f3nicos en Silao para medir el consumo de agua con mayor precisi\u00f3n y detectar fugas.\",\"breadcrumb\":{\"@id\":\"https:\\\/\\\/elotroenfoque.mx\\\/index.php\\\/2026\\\/09\\\/01\\\/instalan-mil-093-medidores-ultrasonicos-en-silao\\\/#breadcrumb\"},\"inLanguage\":\"es\",\"potentialAction\":[{\"@type\":\"ReadAction\",\"target\":[\"https:\\\/\\\/elotroenfoque.mx\\\/index.php\\\/2026\\\/09\\\/01\\\/instalan-mil-093-medidores-ultrasonicos-en-silao\\\/\"]}]},{\"@type\":\"ImageObject\",\"inLanguage\":\"es\",\"@id\":\"https:\\\/\\\/elotroenfoque.mx\\\/index.php\\\/2026\\\/09\\\/01\\\/instalan-mil-093-medidores-ultrasonicos-en-silao\\\/#primaryimage\",\"url\":\"https:\\\/\\\/elotroenfoque.mx\\\/wp-content\\\/uploads\\\/2026\\\/09\\\/medidores-ultrasonicos-en-silao-1.jpeg\",\"contentUrl\":\"https:\\\/\\\/elotroenfoque.mx\\\/wp-content\\\/uploads\\\/2026\\\/09\\\/medidores-ultrasonicos-en-silao-1.jpeg\",\"width\":1280,\"height\":960},{\"@type\":\"BreadcrumbList\",\"@id\":\"https:\\\/\\\/elotroenfoque.mx\\\/index.php\\\/2026\\\/09\\\/01\\\/instalan-mil-093-medidores-ultrasonicos-en-silao\\\/#breadcrumb\",\"itemListElement\":[{\"@type\":\"ListItem\",\"position\":1,\"name\":\"Portada\",\"item\":\"https:\\\/\\\/elotroenfoque.mx\\\/\"},{\"@type\":\"ListItem\",\"position\":2,\"name\":\"Instalan mil 093 medidores ultras\u00f3nicos en Silao\"}]},{\"@type\":\"WebSite\",\"@id\":\"https:\\\/\\\/elotroenfoque.mx\\\/#website\",\"url\":\"https:\\\/\\\/elotroenfoque.mx\\\/\",\"name\":\"El otro enfoque\",\"description\":\"\",\"potentialAction\":[{\"@type\":\"SearchAction\",\"target\":{\"@type\":\"EntryPoint\",\"urlTemplate\":\"https:\\\/\\\/elotroenfoque.mx\\\/?s={search_term_string}\"},\"query-input\":{\"@type\":\"PropertyValueSpecification\",\"valueRequired\":true,\"valueName\":\"search_term_string\"}}],\"inLanguage\":\"es\"},{\"@type\":\"Person\",\"@id\":\"https:\\\/\\\/elotroenfoque.mx\\\/#\\\/schema\\\/person\\\/8eb322f84d0bd9f337e462905519a1ae\",\"name\":\"Equipo Redaccion\",\"image\":{\"@type\":\"ImageObject\",\"inLanguage\":\"es\",\"@id\":\"https:\\\/\\\/secure.gravatar.com\\\/avatar\\\/3579478e2b4e7aad364a32b26cf744b360ae0e581ee1cd0cb18a8f239ee49ac4?s=96&d=mm&r=g\",\"url\":\"https:\\\/\\\/secure.gravatar.com\\\/avatar\\\/3579478e2b4e7aad364a32b26cf744b360ae0e581ee1cd0cb18a8f239ee49ac4?s=96&d=mm&r=g\",\"contentUrl\":\"https:\\\/\\\/secure.gravatar.com\\\/avatar\\\/3579478e2b4e7aad364a32b26cf744b360ae0e581ee1cd0cb18a8f239ee49ac4?s=96&d=mm&r=g\",\"caption\":\"Equipo Redaccion\"},\"url\":\"https:\\\/\\\/elotroenfoque.mx\\\/index.php\\\/author\\\/redaccion\\\/\"}]}<\/script>\n<!-- \/ Yoast SEO plugin. -->","yoast_head_json":{"title":"Instalan mil 093 medidores ultras\u00f3nicos en Silao - El otro enfoque","description":"SAPAS instala mil 093 medidores ultras\u00f3nicos en Silao para medir el consumo de agua con mayor precisi\u00f3n y detectar fugas.","robots":{"index":"index","follow":"follow","max-snippet":"max-snippet:-1","max-image-preview":"max-image-preview:large","max-video-preview":"max-video-preview:-1"},"canonical":"https:\/\/elotroenfoque.mx\/index.php\/2026\/09\/01\/instalan-mil-093-medidores-ultrasonicos-en-silao\/","og_locale":"es_MX","og_type":"article","og_title":"Instalan mil 093 medidores ultras\u00f3nicos en Silao - El otro enfoque","og_description":"SAPAS instala mil 093 medidores ultras\u00f3nicos en Silao para medir el consumo de agua con mayor precisi\u00f3n y detectar fugas.","og_url":"https:\/\/elotroenfoque.mx\/index.php\/2026\/09\/01\/instalan-mil-093-medidores-ultrasonicos-en-silao\/","og_site_name":"El otro enfoque","article_published_time":"2026-09-02T00:01:50+00:00","article_modified_time":"2026-09-02T00:01:51+00:00","og_image":[{"width":1280,"height":960,"url":"https:\/\/elotroenfoque.mx\/wp-content\/uploads\/2026\/09\/medidores-ultrasonicos-en-silao-1.jpeg","type":"image\/jpeg"}],"author":"Equipo Redaccion","twitter_card":"summary_large_image","twitter_misc":{"Escrito por":"Equipo Redaccion","Tiempo de lectura":"3 minutos"},"schema":{"@context":"https:\/\/schema.org","@graph":[{"@type":"Article","@id":"https:\/\/elotroenfoque.mx\/index.php\/2026\/09\/01\/instalan-mil-093-medidores-ultrasonicos-en-silao\/#article","isPartOf":{"@id":"https:\/\/elotroenfoque.mx\/index.php\/2026\/09\/01\/instalan-mil-093-medidores-ultrasonicos-en-silao\/"},"author":{"name":"Equipo Redaccion","@id":"https:\/\/elotroenfoque.mx\/#\/schema\/person\/8eb322f84d0bd9f337e462905519a1ae"},"headline":"Instalan mil 093 medidores ultras\u00f3nicos en Silao","datePublished":"2026-09-02T00:01:50+00:00","dateModified":"2026-09-02T00:01:51+00:00","mainEntityOfPage":{"@id":"https:\/\/elotroenfoque.mx\/index.php\/2026\/09\/01\/instalan-mil-093-medidores-ultrasonicos-en-silao\/"},"wordCount":448,"image":{"@id":"https:\/\/elotroenfoque.mx\/index.php\/2026\/09\/01\/instalan-mil-093-medidores-ultrasonicos-en-silao\/#primaryimage"},"thumbnailUrl":"https:\/\/elotroenfoque.mx\/wp-content\/uploads\/2026\/09\/medidores-ultrasonicos-en-silao-1.jpeg","keywords":["Guanajuato","Noticias Guanajuato"],"articleSection":["Noticias"],"inLanguage":"es"},{"@type":"WebPage","@id":"https:\/\/elotroenfoque.mx\/index.php\/2026\/09\/01\/instalan-mil-093-medidores-ultrasonicos-en-silao\/","url":"https:\/\/elotroenfoque.mx\/index.php\/2026\/09\/01\/instalan-mil-093-medidores-ultrasonicos-en-silao\/","name":"Instalan mil 093 medidores ultras\u00f3nicos en Silao - El otro enfoque","isPartOf":{"@id":"https:\/\/elotroenfoque.mx\/#website"},"primaryImageOfPage":{"@id":"https:\/\/elotroenfoque.mx\/index.php\/2026\/09\/01\/instalan-mil-093-medidores-ultrasonicos-en-silao\/#primaryimage"},"image":{"@id":"https:\/\/elotroenfoque.mx\/index.php\/2026\/09\/01\/instalan-mil-093-medidores-ultrasonicos-en-silao\/#primaryimage"},"thumbnailUrl":"https:\/\/elotroenfoque.mx\/wp-content\/uploads\/2026\/09\/medidores-ultrasonicos-en-silao-1.jpeg","datePublished":"2026-09-02T00:01:50+00:00","dateModified":"2026-09-02T00:01:51+00:00","author":{"@id":"https:\/\/elotroenfoque.mx\/#\/schema\/person\/8eb322f84d0bd9f337e462905519a1ae"},"description":"SAPAS instala mil 093 medidores ultras\u00f3nicos en Silao para medir el consumo de agua con mayor precisi\u00f3n y detectar fugas.","breadcrumb":{"@id":"https:\/\/elotroenfoque.mx\/index.php\/2026\/09\/01\/instalan-mil-093-medidores-ultrasonicos-en-silao\/#breadcrumb"},"inLanguage":"es","potentialAction":[{"@type":"ReadAction","target":["https:\/\/elotroenfoque.mx\/index.php\/2026\/09\/01\/instalan-mil-093-medidores-ultrasonicos-en-silao\/"]}]},{"@type":"ImageObject","inLanguage":"es","@id":"https:\/\/elotroenfoque.mx\/index.php\/2026\/09\/01\/instalan-mil-093-medidores-ultrasonicos-en-silao\/#primaryimage","url":"https:\/\/elotroenfoque.mx\/wp-content\/uploads\/2026\/09\/medidores-ultrasonicos-en-silao-1.jpeg","contentUrl":"https:\/\/elotroenfoque.mx\/wp-content\/uploads\/2026\/09\/medidores-ultrasonicos-en-silao-1.jpeg","width":1280,"height":960},{"@type":"BreadcrumbList","@id":"https:\/\/elotroenfoque.mx\/index.php\/2026\/09\/01\/instalan-mil-093-medidores-ultrasonicos-en-silao\/#breadcrumb","itemListElement":[{"@type":"ListItem","position":1,"name":"Portada","item":"https:\/\/elotroenfoque.mx\/"},{"@type":"ListItem","position":2,"name":"Instalan mil 093 medidores ultras\u00f3nicos en Silao"}]},{"@type":"WebSite","@id":"https:\/\/elotroenfoque.mx\/#website","url":"https:\/\/elotroenfoque.mx\/","name":"El otro enfoque","description":"","potentialAction":[{"@type":"SearchAction","target":{"@type":"EntryPoint","urlTemplate":"https:\/\/elotroenfoque.mx\/?s={search_term_string}"},"query-input":{"@type":"PropertyValueSpecification","valueRequired":true,"valueName":"search_term_string"}}],"inLanguage":"es"},{"@type":"Person","@id":"https:\/\/elotroenfoque.mx\/#\/schema\/person\/8eb322f84d0bd9f337e462905519a1ae","name":"Equipo Redaccion","image":{"@type":"ImageObject","inLanguage":"es","@id":"https:\/\/secure.gravatar.com\/avatar\/3579478e2b4e7aad364a32b26cf744b360ae0e581ee1cd0cb18a8f239ee49ac4?s=96&d=mm&r=g","url":"https:\/\/secure.gravatar.com\/avatar\/3579478e2b4e7aad364a32b26cf744b360ae0e581ee1cd0cb18a8f239ee49ac4?s=96&d=mm&r=g","contentUrl":"https:\/\/secure.gravatar.com\/avatar\/3579478e2b4e7aad364a32b26cf744b360ae0e581ee1cd0cb18a8f239ee49ac4?s=96&d=mm&r=g","caption":"Equipo Redaccion"},"url":"https:\/\/elotroenfoque.mx\/index.php\/author\/redaccion\/"}]}},"_links":{"self":[{"href":"https:\/\/elotroenfoque.mx\/index.php\/wp-json\/wp\/v2\/posts\/195361","targetHints":{"allow":["GET"]}}],"collection":[{"href":"https:\/\/elotroenfoque.mx\/index.php\/wp-json\/wp\/v2\/posts"}],"about":[{"href":"https:\/\/elotroenfoque.mx\/index.php\/wp-json\/wp\/v2\/types\/post"}],"author":[{"embeddable":true,"href":"https:\/\/elotroenfoque.mx\/index.php\/wp-json\/wp\/v2\/users\/4"}],"replies":[{"embeddable":true,"href":"https:\/\/elotroenfoque.mx\/index.php\/wp-json\/wp\/v2\/comments?post=195361"}],"version-history":[{"count":1,"href":"https:\/\/elotroenfoque.mx\/index.php\/wp-json\/wp\/v2\/posts\/195361\/revisions"}],"predecessor-version":[{"id":195366,"href":"https:\/\/elotroenfoque.mx\/index.php\/wp-json\/wp\/v2\/posts\/195361\/revisions\/195366"}],"wp:featuredmedia":[{"embeddable":true,"href":"https:\/\/elotroenfoque.mx\/index.php\/wp-json\/wp\/v2\/media\/195362"}],"wp:attachment":[{"href":"https:\/\/elotroenfoque.mx\/index.php\/wp-json\/wp\/v2\/media?parent=195361"}],"wp:term":[{"taxonomy":"category","embeddable":true,"href":"https:\/\/elotroenfoque.mx\/index.php\/wp-json\/wp\/v2\/categories?post=195361"},{"taxonomy":"post_tag","embeddable":true,"href":"https:\/\/elotroenfoque.mx\/index.php\/wp-json\/wp\/v2\/tags?post=195361"}],"curies":[{"name":"wp","href":"https:\/\/api.w.org\/{rel}","templated":true}]}}