{"id":195371,"date":"2026-09-01T19:33:51","date_gmt":"2026-09-02T01:33:51","guid":{"rendered":"https:\/\/elotroenfoque.mx\/?p=195371"},"modified":"2026-09-01T19:33:52","modified_gmt":"2026-09-02T01:33:52","slug":"abaten-en-michoacan-a-chuchito-nini-nino-sicario-de-15-anos-y-escolta-del-r5","status":"publish","type":"post","link":"https:\/\/elotroenfoque.mx\/index.php\/2026\/09\/01\/abaten-en-michoacan-a-chuchito-nini-nino-sicario-de-15-anos-y-escolta-del-r5\/","title":{"rendered":"Abaten en Michoac\u00e1n a &#8216;Chuchito Nini&#8217;, ni\u00f1o sicario de 15 a\u00f1os y escolta del &#8216;R5&#8217;"},"content":{"rendered":"\n<p class=\"wp-block-paragraph\">Alberto S. S., un ni\u00f1o de apenas 15 a\u00f1os, muri\u00f3 armado junto a Luis Enrique Barrag\u00e1n Ch\u00e1vez, \u201cEl R-5\u201d, durante un operativo federal en Tocumbo, Michoac\u00e1n.<\/p>\n\n\n\n<p class=\"wp-block-paragraph\">El menor, conocido como \u201cChuchito Nini\u201d, presuntamente era sobrino del l\u00edder del C\u00e1rtel de Los Reyes y trabajaba como su escolta personal.<\/p>\n\n\n\n<p class=\"wp-block-paragraph\">Una fuente del gabinete de seguridad federal confirm\u00f3 su identidad y se\u00f1al\u00f3 que sus familiares ya reclamaron el cuerpo del adolescente.<\/p>\n\n\n\n<h2 class=\"wp-block-heading\">Ni\u00f1o de 15 a\u00f1os portaba armas de alto poder<\/h2>\n\n\n\n<p class=\"wp-block-paragraph\">El ni\u00f1o de 15 a\u00f1os mostraba en redes sociales una vida vinculada con las armas y el grupo criminal al que pertenec\u00eda \u201cEl R-5\u201d.<\/p>\n\n\n\n<p class=\"wp-block-paragraph\">En fotograf\u00edas y publicaciones aparec\u00eda con rifles de asalto, lanzagranadas, pistolas, radios de comunicaci\u00f3n y uniformes t\u00e1cticos.<\/p>\n\n\n\n<p class=\"wp-block-paragraph\">Adem\u00e1s, en su vestimenta utilizaba parches con las leyendas \u201cNini\u201d, \u201cChuchito\u201d y \u201cCazador\u201d, con los que se identificaba dentro de su entorno criminal.<\/p>\n\n\n\n<figure class=\"wp-block-image size-full\"><img loading=\"lazy\" decoding=\"async\" width=\"490\" height=\"546\" src=\"https:\/\/elotroenfoque.mx\/wp-content\/uploads\/2026\/09\/abaten-a-nino-sicario-2.jpg\" alt=\"\" class=\"wp-image-195373\" srcset=\"https:\/\/elotroenfoque.mx\/wp-content\/uploads\/2026\/09\/abaten-a-nino-sicario-2.jpg 490w, https:\/\/elotroenfoque.mx\/wp-content\/uploads\/2026\/09\/abaten-a-nino-sicario-2-269x300.jpg 269w\" sizes=\"auto, (max-width: 490px) 100vw, 490px\" \/><\/figure>\n\n\n\n<h2 class=\"wp-block-heading\">Muri\u00f3 durante enfrentamiento con fuerzas federales<\/h2>\n\n\n\n<p class=\"wp-block-paragraph\">\u201cChuchito Nini\u201d muri\u00f3 el domingo durante un enfrentamiento con fuerzas federales en la localidad de Rodeo del Pinal, en una zona boscosa de Tocumbo.<\/p>\n\n\n\n<p class=\"wp-block-paragraph\">El operativo ten\u00eda como objetivo detener a \u201cEl R-5\u201d, quien hab\u00eda asumido el control del C\u00e1rtel de Los Reyes despu\u00e9s de la captura de Alfonso Fern\u00e1ndez Magall\u00f3n, \u201cPoncho La Quiring\u00fca\u201d.<\/p>\n\n\n\n<p class=\"wp-block-paragraph\">Fern\u00e1ndez Magall\u00f3n fue detenido el 1 de agosto por fuerzas federales y era se\u00f1alado como uno de los principales l\u00edderes de la organizaci\u00f3n criminal.<\/p>\n\n\n\n<h2 class=\"wp-block-heading\">\u201cEl R-5\u201d encabezaba el C\u00e1rtel de Los Reyes<\/h2>\n\n\n\n<p class=\"wp-block-paragraph\">Estados Unidos ofrec\u00eda una recompensa de tres millones de d\u00f3lares por informaci\u00f3n que permitiera detener a \u201cEl R-5\u201d.<\/p>\n\n\n\n<p class=\"wp-block-paragraph\">El C\u00e1rtel de Los Reyes opera en el Valle Esmeralda de Michoac\u00e1n, donde tiene presencia en municipios como Los Reyes, Perib\u00e1n, Tocumbo, Cotija y Ting\u00fcind\u00edn.<\/p>\n\n\n\n<p class=\"wp-block-paragraph\"><strong><a href=\"https:\/\/elotroenfoque.mx\/index.php\/2026\/09\/01\/mujer-acuchilla-a-dos-personas-en-nueva-york-y-es-abatida\/\">\u00bfPor qu\u00e9 abatieron a una mujer en Nueva York?<\/a><\/strong><\/p>\n\n\n\n<p class=\"wp-block-paragraph\">Las autoridades se\u00f1alan a esta organizaci\u00f3n por presuntas extorsiones contra integrantes de la cadena de producci\u00f3n de aguacate en la regi\u00f3n.<\/p>\n\n\n\n<h2 class=\"wp-block-heading\">Menores dentro de grupos criminales<\/h2>\n\n\n\n<p class=\"wp-block-paragraph\">El caso de \u201cChuchito Nini\u201d muestra la participaci\u00f3n de un adolescente de apenas 15 a\u00f1os dentro del c\u00edrculo de seguridad de un l\u00edder criminal.<\/p>\n\n\n\n<p class=\"wp-block-paragraph\">Actualmente, el C\u00e1rtel de Los Reyes forma parte de C\u00e1rteles Unidos, alianza que tambi\u00e9n integra al C\u00e1rtel de Tepalcatepec y Los Caballeros Templarios.<\/p>\n\n\n\n<p class=\"wp-block-paragraph\">Esta organizaci\u00f3n mantiene una disputa territorial con el C\u00e1rtel Jalisco Nueva Generaci\u00f3n (CJNG), que tiene presencia en la regi\u00f3n mediante grupos aliados.<\/p>\n\n\n\n<p class=\"wp-block-paragraph\"><strong><a href=\"https:\/\/www.tiktok.com\/@elotroenfoque?_r=1&amp;_t=ZS-97ffhW6kR1t\">Sigue tambi\u00e9n las noticias en TikTok<\/a><\/strong><\/p>\n\n\n\n<p class=\"wp-block-paragraph\"><\/p>\n","protected":false},"excerpt":{"rendered":"<p>Alberto S. S., un ni\u00f1o de apenas 15 a\u00f1os, muri\u00f3 armado junto a Luis Enrique Barrag\u00e1n Ch\u00e1vez, \u201cEl R-5\u201d, durante un operativo federal en Tocumbo, Michoac\u00e1n. El menor, conocido como \u201cChuchito Nini\u201d, presuntamente era sobrino del l\u00edder del C\u00e1rtel de Los Reyes y trabajaba como su escolta personal. Una fuente del gabinete de seguridad federal&#8230;<\/p>\n","protected":false},"author":4,"featured_media":195372,"comment_status":"closed","ping_status":"open","sticky":false,"template":"","format":"standard","meta":{"footnotes":""},"categories":[11],"tags":[13,4517],"class_list":["post-195371","post","type-post","status-publish","format-standard","has-post-thumbnail","hentry","category-otrasnoticias","tag-guanajuato","tag-noticias-guanajuato"],"yoast_head":"<!-- This site is optimized with the Yoast SEO plugin v28.2 - https:\/\/yoast.com\/product\/yoast-seo-wordpress\/ -->\n<title>Abaten en Michoac\u00e1n a &#039;Chuchito Nini&#039;, ni\u00f1o sicario de 15 a\u00f1os y escolta del &#039;R5&#039; - El otro enfoque<\/title>\n<meta name=\"description\" content=\"Un ni\u00f1o de 15 a\u00f1os, identificado como \u201cChuchito Nini\u201d, muri\u00f3 junto a \u201cEl R-5\u201d durante un operativo federal en Tocumbo, Michoac\u00e1n.\" \/>\n<meta name=\"robots\" content=\"index, follow, max-snippet:-1, max-image-preview:large, max-video-preview:-1\" \/>\n<link rel=\"canonical\" href=\"https:\/\/elotroenfoque.mx\/index.php\/2026\/09\/01\/abaten-en-michoacan-a-chuchito-nini-nino-sicario-de-15-anos-y-escolta-del-r5\/\" \/>\n<meta property=\"og:locale\" content=\"es_MX\" \/>\n<meta property=\"og:type\" content=\"article\" \/>\n<meta property=\"og:title\" content=\"Abaten en Michoac\u00e1n a &#039;Chuchito Nini&#039;, ni\u00f1o sicario de 15 a\u00f1os y escolta del &#039;R5&#039; - El otro enfoque\" \/>\n<meta property=\"og:description\" content=\"Un ni\u00f1o de 15 a\u00f1os, identificado como \u201cChuchito Nini\u201d, muri\u00f3 junto a \u201cEl R-5\u201d durante un operativo federal en Tocumbo, Michoac\u00e1n.\" \/>\n<meta property=\"og:url\" content=\"https:\/\/elotroenfoque.mx\/index.php\/2026\/09\/01\/abaten-en-michoacan-a-chuchito-nini-nino-sicario-de-15-anos-y-escolta-del-r5\/\" \/>\n<meta property=\"og:site_name\" content=\"El otro enfoque\" \/>\n<meta property=\"article:published_time\" content=\"2026-09-02T01:33:51+00:00\" \/>\n<meta property=\"article:modified_time\" content=\"2026-09-02T01:33:52+00:00\" \/>\n<meta property=\"og:image\" content=\"https:\/\/elotroenfoque.mx\/wp-content\/uploads\/2026\/09\/abaten-a-nino-sicario-1.jpg\" \/>\n\t<meta property=\"og:image:width\" content=\"951\" \/>\n\t<meta property=\"og:image:height\" content=\"528\" \/>\n\t<meta property=\"og:image:type\" content=\"image\/jpeg\" \/>\n<meta name=\"author\" content=\"Equipo Redaccion\" \/>\n<meta name=\"twitter:card\" content=\"summary_large_image\" \/>\n<meta name=\"twitter:label1\" content=\"Escrito por\" \/>\n\t<meta name=\"twitter:data1\" content=\"Equipo Redaccion\" \/>\n\t<meta name=\"twitter:label2\" content=\"Tiempo de lectura\" \/>\n\t<meta name=\"twitter:data2\" content=\"3 minutos\" \/>\n<script type=\"application\/ld+json\" class=\"yoast-schema-graph\">{\"@context\":\"https:\\\/\\\/schema.org\",\"@graph\":[{\"@type\":\"Article\",\"@id\":\"https:\\\/\\\/elotroenfoque.mx\\\/index.php\\\/2026\\\/09\\\/01\\\/abaten-en-michoacan-a-chuchito-nini-nino-sicario-de-15-anos-y-escolta-del-r5\\\/#article\",\"isPartOf\":{\"@id\":\"https:\\\/\\\/elotroenfoque.mx\\\/index.php\\\/2026\\\/09\\\/01\\\/abaten-en-michoacan-a-chuchito-nini-nino-sicario-de-15-anos-y-escolta-del-r5\\\/\"},\"author\":{\"name\":\"Equipo Redaccion\",\"@id\":\"https:\\\/\\\/elotroenfoque.mx\\\/#\\\/schema\\\/person\\\/8eb322f84d0bd9f337e462905519a1ae\"},\"headline\":\"Abaten en Michoac\u00e1n a &#8216;Chuchito Nini&#8217;, ni\u00f1o sicario de 15 a\u00f1os y escolta del &#8216;R5&#8217;\",\"datePublished\":\"2026-09-02T01:33:51+00:00\",\"dateModified\":\"2026-09-02T01:33:52+00:00\",\"mainEntityOfPage\":{\"@id\":\"https:\\\/\\\/elotroenfoque.mx\\\/index.php\\\/2026\\\/09\\\/01\\\/abaten-en-michoacan-a-chuchito-nini-nino-sicario-de-15-anos-y-escolta-del-r5\\\/\"},\"wordCount\":455,\"image\":{\"@id\":\"https:\\\/\\\/elotroenfoque.mx\\\/index.php\\\/2026\\\/09\\\/01\\\/abaten-en-michoacan-a-chuchito-nini-nino-sicario-de-15-anos-y-escolta-del-r5\\\/#primaryimage\"},\"thumbnailUrl\":\"https:\\\/\\\/elotroenfoque.mx\\\/wp-content\\\/uploads\\\/2026\\\/09\\\/abaten-a-nino-sicario-1.jpg\",\"keywords\":[\"Guanajuato\",\"Noticias Guanajuato\"],\"articleSection\":[\"Otras Noticias\"],\"inLanguage\":\"es\"},{\"@type\":\"WebPage\",\"@id\":\"https:\\\/\\\/elotroenfoque.mx\\\/index.php\\\/2026\\\/09\\\/01\\\/abaten-en-michoacan-a-chuchito-nini-nino-sicario-de-15-anos-y-escolta-del-r5\\\/\",\"url\":\"https:\\\/\\\/elotroenfoque.mx\\\/index.php\\\/2026\\\/09\\\/01\\\/abaten-en-michoacan-a-chuchito-nini-nino-sicario-de-15-anos-y-escolta-del-r5\\\/\",\"name\":\"Abaten en Michoac\u00e1n a 'Chuchito Nini', ni\u00f1o sicario de 15 a\u00f1os y escolta del 'R5' - El otro enfoque\",\"isPartOf\":{\"@id\":\"https:\\\/\\\/elotroenfoque.mx\\\/#website\"},\"primaryImageOfPage\":{\"@id\":\"https:\\\/\\\/elotroenfoque.mx\\\/index.php\\\/2026\\\/09\\\/01\\\/abaten-en-michoacan-a-chuchito-nini-nino-sicario-de-15-anos-y-escolta-del-r5\\\/#primaryimage\"},\"image\":{\"@id\":\"https:\\\/\\\/elotroenfoque.mx\\\/index.php\\\/2026\\\/09\\\/01\\\/abaten-en-michoacan-a-chuchito-nini-nino-sicario-de-15-anos-y-escolta-del-r5\\\/#primaryimage\"},\"thumbnailUrl\":\"https:\\\/\\\/elotroenfoque.mx\\\/wp-content\\\/uploads\\\/2026\\\/09\\\/abaten-a-nino-sicario-1.jpg\",\"datePublished\":\"2026-09-02T01:33:51+00:00\",\"dateModified\":\"2026-09-02T01:33:52+00:00\",\"author\":{\"@id\":\"https:\\\/\\\/elotroenfoque.mx\\\/#\\\/schema\\\/person\\\/8eb322f84d0bd9f337e462905519a1ae\"},\"description\":\"Un ni\u00f1o de 15 a\u00f1os, identificado como \u201cChuchito Nini\u201d, muri\u00f3 junto a \u201cEl R-5\u201d durante un operativo federal en Tocumbo, Michoac\u00e1n.\",\"breadcrumb\":{\"@id\":\"https:\\\/\\\/elotroenfoque.mx\\\/index.php\\\/2026\\\/09\\\/01\\\/abaten-en-michoacan-a-chuchito-nini-nino-sicario-de-15-anos-y-escolta-del-r5\\\/#breadcrumb\"},\"inLanguage\":\"es\",\"potentialAction\":[{\"@type\":\"ReadAction\",\"target\":[\"https:\\\/\\\/elotroenfoque.mx\\\/index.php\\\/2026\\\/09\\\/01\\\/abaten-en-michoacan-a-chuchito-nini-nino-sicario-de-15-anos-y-escolta-del-r5\\\/\"]}]},{\"@type\":\"ImageObject\",\"inLanguage\":\"es\",\"@id\":\"https:\\\/\\\/elotroenfoque.mx\\\/index.php\\\/2026\\\/09\\\/01\\\/abaten-en-michoacan-a-chuchito-nini-nino-sicario-de-15-anos-y-escolta-del-r5\\\/#primaryimage\",\"url\":\"https:\\\/\\\/elotroenfoque.mx\\\/wp-content\\\/uploads\\\/2026\\\/09\\\/abaten-a-nino-sicario-1.jpg\",\"contentUrl\":\"https:\\\/\\\/elotroenfoque.mx\\\/wp-content\\\/uploads\\\/2026\\\/09\\\/abaten-a-nino-sicario-1.jpg\",\"width\":951,\"height\":528},{\"@type\":\"BreadcrumbList\",\"@id\":\"https:\\\/\\\/elotroenfoque.mx\\\/index.php\\\/2026\\\/09\\\/01\\\/abaten-en-michoacan-a-chuchito-nini-nino-sicario-de-15-anos-y-escolta-del-r5\\\/#breadcrumb\",\"itemListElement\":[{\"@type\":\"ListItem\",\"position\":1,\"name\":\"Portada\",\"item\":\"https:\\\/\\\/elotroenfoque.mx\\\/\"},{\"@type\":\"ListItem\",\"position\":2,\"name\":\"Abaten en Michoac\u00e1n a &#8216;Chuchito Nini&#8217;, ni\u00f1o sicario de 15 a\u00f1os y escolta del &#8216;R5&#8217;\"}]},{\"@type\":\"WebSite\",\"@id\":\"https:\\\/\\\/elotroenfoque.mx\\\/#website\",\"url\":\"https:\\\/\\\/elotroenfoque.mx\\\/\",\"name\":\"El otro enfoque\",\"description\":\"\",\"potentialAction\":[{\"@type\":\"SearchAction\",\"target\":{\"@type\":\"EntryPoint\",\"urlTemplate\":\"https:\\\/\\\/elotroenfoque.mx\\\/?s={search_term_string}\"},\"query-input\":{\"@type\":\"PropertyValueSpecification\",\"valueRequired\":true,\"valueName\":\"search_term_string\"}}],\"inLanguage\":\"es\"},{\"@type\":\"Person\",\"@id\":\"https:\\\/\\\/elotroenfoque.mx\\\/#\\\/schema\\\/person\\\/8eb322f84d0bd9f337e462905519a1ae\",\"name\":\"Equipo Redaccion\",\"image\":{\"@type\":\"ImageObject\",\"inLanguage\":\"es\",\"@id\":\"https:\\\/\\\/secure.gravatar.com\\\/avatar\\\/3579478e2b4e7aad364a32b26cf744b360ae0e581ee1cd0cb18a8f239ee49ac4?s=96&d=mm&r=g\",\"url\":\"https:\\\/\\\/secure.gravatar.com\\\/avatar\\\/3579478e2b4e7aad364a32b26cf744b360ae0e581ee1cd0cb18a8f239ee49ac4?s=96&d=mm&r=g\",\"contentUrl\":\"https:\\\/\\\/secure.gravatar.com\\\/avatar\\\/3579478e2b4e7aad364a32b26cf744b360ae0e581ee1cd0cb18a8f239ee49ac4?s=96&d=mm&r=g\",\"caption\":\"Equipo Redaccion\"},\"url\":\"https:\\\/\\\/elotroenfoque.mx\\\/index.php\\\/author\\\/redaccion\\\/\"}]}<\/script>\n<!-- \/ Yoast SEO plugin. -->","yoast_head_json":{"title":"Abaten en Michoac\u00e1n a 'Chuchito Nini', ni\u00f1o sicario de 15 a\u00f1os y escolta del 'R5' - El otro enfoque","description":"Un ni\u00f1o de 15 a\u00f1os, identificado como \u201cChuchito Nini\u201d, muri\u00f3 junto a \u201cEl R-5\u201d durante un operativo federal en Tocumbo, Michoac\u00e1n.","robots":{"index":"index","follow":"follow","max-snippet":"max-snippet:-1","max-image-preview":"max-image-preview:large","max-video-preview":"max-video-preview:-1"},"canonical":"https:\/\/elotroenfoque.mx\/index.php\/2026\/09\/01\/abaten-en-michoacan-a-chuchito-nini-nino-sicario-de-15-anos-y-escolta-del-r5\/","og_locale":"es_MX","og_type":"article","og_title":"Abaten en Michoac\u00e1n a 'Chuchito Nini', ni\u00f1o sicario de 15 a\u00f1os y escolta del 'R5' - El otro enfoque","og_description":"Un ni\u00f1o de 15 a\u00f1os, identificado como \u201cChuchito Nini\u201d, muri\u00f3 junto a \u201cEl R-5\u201d durante un operativo federal en Tocumbo, Michoac\u00e1n.","og_url":"https:\/\/elotroenfoque.mx\/index.php\/2026\/09\/01\/abaten-en-michoacan-a-chuchito-nini-nino-sicario-de-15-anos-y-escolta-del-r5\/","og_site_name":"El otro enfoque","article_published_time":"2026-09-02T01:33:51+00:00","article_modified_time":"2026-09-02T01:33:52+00:00","og_image":[{"width":951,"height":528,"url":"https:\/\/elotroenfoque.mx\/wp-content\/uploads\/2026\/09\/abaten-a-nino-sicario-1.jpg","type":"image\/jpeg"}],"author":"Equipo Redaccion","twitter_card":"summary_large_image","twitter_misc":{"Escrito por":"Equipo Redaccion","Tiempo de lectura":"3 minutos"},"schema":{"@context":"https:\/\/schema.org","@graph":[{"@type":"Article","@id":"https:\/\/elotroenfoque.mx\/index.php\/2026\/09\/01\/abaten-en-michoacan-a-chuchito-nini-nino-sicario-de-15-anos-y-escolta-del-r5\/#article","isPartOf":{"@id":"https:\/\/elotroenfoque.mx\/index.php\/2026\/09\/01\/abaten-en-michoacan-a-chuchito-nini-nino-sicario-de-15-anos-y-escolta-del-r5\/"},"author":{"name":"Equipo Redaccion","@id":"https:\/\/elotroenfoque.mx\/#\/schema\/person\/8eb322f84d0bd9f337e462905519a1ae"},"headline":"Abaten en Michoac\u00e1n a &#8216;Chuchito Nini&#8217;, ni\u00f1o sicario de 15 a\u00f1os y escolta del &#8216;R5&#8217;","datePublished":"2026-09-02T01:33:51+00:00","dateModified":"2026-09-02T01:33:52+00:00","mainEntityOfPage":{"@id":"https:\/\/elotroenfoque.mx\/index.php\/2026\/09\/01\/abaten-en-michoacan-a-chuchito-nini-nino-sicario-de-15-anos-y-escolta-del-r5\/"},"wordCount":455,"image":{"@id":"https:\/\/elotroenfoque.mx\/index.php\/2026\/09\/01\/abaten-en-michoacan-a-chuchito-nini-nino-sicario-de-15-anos-y-escolta-del-r5\/#primaryimage"},"thumbnailUrl":"https:\/\/elotroenfoque.mx\/wp-content\/uploads\/2026\/09\/abaten-a-nino-sicario-1.jpg","keywords":["Guanajuato","Noticias Guanajuato"],"articleSection":["Otras Noticias"],"inLanguage":"es"},{"@type":"WebPage","@id":"https:\/\/elotroenfoque.mx\/index.php\/2026\/09\/01\/abaten-en-michoacan-a-chuchito-nini-nino-sicario-de-15-anos-y-escolta-del-r5\/","url":"https:\/\/elotroenfoque.mx\/index.php\/2026\/09\/01\/abaten-en-michoacan-a-chuchito-nini-nino-sicario-de-15-anos-y-escolta-del-r5\/","name":"Abaten en Michoac\u00e1n a 'Chuchito Nini', ni\u00f1o sicario de 15 a\u00f1os y escolta del 'R5' - El otro enfoque","isPartOf":{"@id":"https:\/\/elotroenfoque.mx\/#website"},"primaryImageOfPage":{"@id":"https:\/\/elotroenfoque.mx\/index.php\/2026\/09\/01\/abaten-en-michoacan-a-chuchito-nini-nino-sicario-de-15-anos-y-escolta-del-r5\/#primaryimage"},"image":{"@id":"https:\/\/elotroenfoque.mx\/index.php\/2026\/09\/01\/abaten-en-michoacan-a-chuchito-nini-nino-sicario-de-15-anos-y-escolta-del-r5\/#primaryimage"},"thumbnailUrl":"https:\/\/elotroenfoque.mx\/wp-content\/uploads\/2026\/09\/abaten-a-nino-sicario-1.jpg","datePublished":"2026-09-02T01:33:51+00:00","dateModified":"2026-09-02T01:33:52+00:00","author":{"@id":"https:\/\/elotroenfoque.mx\/#\/schema\/person\/8eb322f84d0bd9f337e462905519a1ae"},"description":"Un ni\u00f1o de 15 a\u00f1os, identificado como \u201cChuchito Nini\u201d, muri\u00f3 junto a \u201cEl R-5\u201d durante un operativo federal en Tocumbo, Michoac\u00e1n.","breadcrumb":{"@id":"https:\/\/elotroenfoque.mx\/index.php\/2026\/09\/01\/abaten-en-michoacan-a-chuchito-nini-nino-sicario-de-15-anos-y-escolta-del-r5\/#breadcrumb"},"inLanguage":"es","potentialAction":[{"@type":"ReadAction","target":["https:\/\/elotroenfoque.mx\/index.php\/2026\/09\/01\/abaten-en-michoacan-a-chuchito-nini-nino-sicario-de-15-anos-y-escolta-del-r5\/"]}]},{"@type":"ImageObject","inLanguage":"es","@id":"https:\/\/elotroenfoque.mx\/index.php\/2026\/09\/01\/abaten-en-michoacan-a-chuchito-nini-nino-sicario-de-15-anos-y-escolta-del-r5\/#primaryimage","url":"https:\/\/elotroenfoque.mx\/wp-content\/uploads\/2026\/09\/abaten-a-nino-sicario-1.jpg","contentUrl":"https:\/\/elotroenfoque.mx\/wp-content\/uploads\/2026\/09\/abaten-a-nino-sicario-1.jpg","width":951,"height":528},{"@type":"BreadcrumbList","@id":"https:\/\/elotroenfoque.mx\/index.php\/2026\/09\/01\/abaten-en-michoacan-a-chuchito-nini-nino-sicario-de-15-anos-y-escolta-del-r5\/#breadcrumb","itemListElement":[{"@type":"ListItem","position":1,"name":"Portada","item":"https:\/\/elotroenfoque.mx\/"},{"@type":"ListItem","position":2,"name":"Abaten en Michoac\u00e1n a &#8216;Chuchito Nini&#8217;, ni\u00f1o sicario de 15 a\u00f1os y escolta del &#8216;R5&#8217;"}]},{"@type":"WebSite","@id":"https:\/\/elotroenfoque.mx\/#website","url":"https:\/\/elotroenfoque.mx\/","name":"El otro enfoque","description":"","potentialAction":[{"@type":"SearchAction","target":{"@type":"EntryPoint","urlTemplate":"https:\/\/elotroenfoque.mx\/?s={search_term_string}"},"query-input":{"@type":"PropertyValueSpecification","valueRequired":true,"valueName":"search_term_string"}}],"inLanguage":"es"},{"@type":"Person","@id":"https:\/\/elotroenfoque.mx\/#\/schema\/person\/8eb322f84d0bd9f337e462905519a1ae","name":"Equipo Redaccion","image":{"@type":"ImageObject","inLanguage":"es","@id":"https:\/\/secure.gravatar.com\/avatar\/3579478e2b4e7aad364a32b26cf744b360ae0e581ee1cd0cb18a8f239ee49ac4?s=96&d=mm&r=g","url":"https:\/\/secure.gravatar.com\/avatar\/3579478e2b4e7aad364a32b26cf744b360ae0e581ee1cd0cb18a8f239ee49ac4?s=96&d=mm&r=g","contentUrl":"https:\/\/secure.gravatar.com\/avatar\/3579478e2b4e7aad364a32b26cf744b360ae0e581ee1cd0cb18a8f239ee49ac4?s=96&d=mm&r=g","caption":"Equipo Redaccion"},"url":"https:\/\/elotroenfoque.mx\/index.php\/author\/redaccion\/"}]}},"_links":{"self":[{"href":"https:\/\/elotroenfoque.mx\/index.php\/wp-json\/wp\/v2\/posts\/195371","targetHints":{"allow":["GET"]}}],"collection":[{"href":"https:\/\/elotroenfoque.mx\/index.php\/wp-json\/wp\/v2\/posts"}],"about":[{"href":"https:\/\/elotroenfoque.mx\/index.php\/wp-json\/wp\/v2\/types\/post"}],"author":[{"embeddable":true,"href":"https:\/\/elotroenfoque.mx\/index.php\/wp-json\/wp\/v2\/users\/4"}],"replies":[{"embeddable":true,"href":"https:\/\/elotroenfoque.mx\/index.php\/wp-json\/wp\/v2\/comments?post=195371"}],"version-history":[{"count":1,"href":"https:\/\/elotroenfoque.mx\/index.php\/wp-json\/wp\/v2\/posts\/195371\/revisions"}],"predecessor-version":[{"id":195374,"href":"https:\/\/elotroenfoque.mx\/index.php\/wp-json\/wp\/v2\/posts\/195371\/revisions\/195374"}],"wp:featuredmedia":[{"embeddable":true,"href":"https:\/\/elotroenfoque.mx\/index.php\/wp-json\/wp\/v2\/media\/195372"}],"wp:attachment":[{"href":"https:\/\/elotroenfoque.mx\/index.php\/wp-json\/wp\/v2\/media?parent=195371"}],"wp:term":[{"taxonomy":"category","embeddable":true,"href":"https:\/\/elotroenfoque.mx\/index.php\/wp-json\/wp\/v2\/categories?post=195371"},{"taxonomy":"post_tag","embeddable":true,"href":"https:\/\/elotroenfoque.mx\/index.php\/wp-json\/wp\/v2\/tags?post=195371"}],"curies":[{"name":"wp","href":"https:\/\/api.w.org\/{rel}","templated":true}]}}