{"id":195375,"date":"2026-09-01T20:38:56","date_gmt":"2026-09-02T02:38:56","guid":{"rendered":"https:\/\/elotroenfoque.mx\/?p=195375"},"modified":"2026-09-01T20:38:56","modified_gmt":"2026-09-02T02:38:56","slug":"diputados-federales-de-morena-por-guanajuato-entre-los-menos-productivos","status":"publish","type":"post","link":"https:\/\/elotroenfoque.mx\/index.php\/2026\/09\/01\/diputados-federales-de-morena-por-guanajuato-entre-los-menos-productivos\/","title":{"rendered":"Diputados federales de Morena por Guanajuato, entre los menos productivos"},"content":{"rendered":"\n<p class=\"wp-block-paragraph\">Tres legisladores de Morena que representan a Guanajuato se ubican entre los integrantes de la LXVI Legislatura federal con menor trabajo en la C\u00e1mara de Diputados. <\/p>\n\n\n\n<p class=\"wp-block-paragraph\">De acuerdo con datos del portal de transparencia del Congreso de la Uni\u00f3n, los representantes de la entidad registran entre cero y una iniciativa presentada a lo largo de dos a\u00f1os de funciones.<\/p>\n\n\n\n<figure class=\"wp-block-image size-full\"><img loading=\"lazy\" decoding=\"async\" width=\"442\" height=\"446\" src=\"https:\/\/elotroenfoque.mx\/wp-content\/uploads\/2026\/09\/francisco-estrada.jpg\" alt=\"\" class=\"wp-image-195377\" srcset=\"https:\/\/elotroenfoque.mx\/wp-content\/uploads\/2026\/09\/francisco-estrada.jpg 442w, https:\/\/elotroenfoque.mx\/wp-content\/uploads\/2026\/09\/francisco-estrada-297x300.jpg 297w, https:\/\/elotroenfoque.mx\/wp-content\/uploads\/2026\/09\/francisco-estrada-150x150.jpg 150w\" sizes=\"auto, (max-width: 442px) 100vw, 442px\" \/><figcaption class=\"wp-element-caption\">Francisco Estrada Dom\u00ednguez.<\/figcaption><\/figure>\n\n\n\n<p class=\"wp-block-paragraph\">El caso con menor actividad es el de Francisco Estrada Dom\u00ednguez, diputado por el Distrito 04 con cabecera en Guanajuato capital. Aunque no registra inasistencias en el periodo reportado, el legislador no ha presentado ninguna iniciativa de forma individual desde el inicio de la legislatura.<\/p>\n\n\n\n<p class=\"wp-block-paragraph\">Por su parte, los diputados federales Ernesto Prieto Gallardo y Jos\u00e9 Aguirre Gallardo registran una sola propuesta cada uno. <\/p>\n\n\n\n<figure class=\"wp-block-image size-full\"><img loading=\"lazy\" decoding=\"async\" width=\"357\" height=\"363\" src=\"https:\/\/elotroenfoque.mx\/wp-content\/uploads\/2026\/09\/ernesto-prieto.jpg\" alt=\"\" class=\"wp-image-195378\" srcset=\"https:\/\/elotroenfoque.mx\/wp-content\/uploads\/2026\/09\/ernesto-prieto.jpg 357w, https:\/\/elotroenfoque.mx\/wp-content\/uploads\/2026\/09\/ernesto-prieto-295x300.jpg 295w\" sizes=\"auto, (max-width: 357px) 100vw, 357px\" \/><figcaption class=\"wp-element-caption\">Ernesto Prieto Gallardo.<\/figcaption><\/figure>\n\n\n\n<p class=\"wp-block-paragraph\">Prieto Gallardo, representante del Distrito 08 de Salamanca, propuso declarar el 8 de mayo como d\u00eda del natalicio de Miguel Hidalgo. <\/p>\n\n\n\n<p class=\"wp-block-paragraph\">En tanto, Aguirre Gallardo, del Distrito 15 de Irapuato, ingres\u00f3 una iniciativa en materia ambiental que posteriormente fue retirada.<\/p>\n\n\n\n<figure class=\"wp-block-image size-full\"><img loading=\"lazy\" decoding=\"async\" width=\"538\" height=\"363\" src=\"https:\/\/elotroenfoque.mx\/wp-content\/uploads\/2026\/09\/jose-aguirre-gallardo.jpg\" alt=\"\" class=\"wp-image-195379\" srcset=\"https:\/\/elotroenfoque.mx\/wp-content\/uploads\/2026\/09\/jose-aguirre-gallardo.jpg 538w, https:\/\/elotroenfoque.mx\/wp-content\/uploads\/2026\/09\/jose-aguirre-gallardo-300x202.jpg 300w\" sizes=\"auto, (max-width: 538px) 100vw, 538px\" \/><figcaption class=\"wp-element-caption\">Jos\u00e9 Aguirre Gallardo.<\/figcaption><\/figure>\n\n\n\n<h2 class=\"wp-block-heading\">Comparativa con los legisladores de mayor actividad<\/h2>\n\n\n\n<p class=\"wp-block-paragraph\">La lista nacional de baja producci\u00f3n legislativa incluye a 22 diputados de distintas bancadas que \u00fanicamente han presentado una propuesta. <\/p>\n\n\n\n<p class=\"wp-block-paragraph\">En este grupo figuran tambi\u00e9n perfiles como Cuauht\u00e9moc Blanco, de Morena, as\u00ed como integrantes de las bancadas del Partido Verde Ecologista de M\u00e9xico y del Partido del Trabajo.<\/p>\n\n\n\n<p class=\"wp-block-paragraph\">Tambi\u00e9n lee: <strong><a href=\"https:\/\/elotroenfoque.mx\/index.php\/2026\/09\/01\/mujer-acuchilla-a-dos-personas-en-nueva-york-y-es-abatida\/\">Mujer acuchilla a dos personas en Nueva York y es abatida<\/a><\/strong><\/p>\n\n\n\n<p class=\"wp-block-paragraph\">En contraste con la baja actividad de los diputados federales de Guanajuato se\u00f1alados, el panista \u00c9ctor Jaime Ram\u00edrez Barba encabeza el trabajo por la delegaci\u00f3n estatal con 53 iniciativas ingresadas como iniciador. <\/p>\n\n\n\n<p class=\"wp-block-paragraph\">A nivel nacional, la lista de mayor producci\u00f3n la lidera la diputada Ivonne Ortega Pacheco, de Movimiento Ciudadano, con 175 proyectos presentados.<\/p>\n\n\n\n<p class=\"wp-block-paragraph\"><strong><a href=\"https:\/\/www.tiktok.com\/@elotroenfoque?_r=1&amp;_t=ZS-97ffhW6kR1t\">Sigue tambi\u00e9n las noticias en TikTok<\/a><\/strong><\/p>\n\n\n\n<p class=\"wp-block-paragraph\"><\/p>\n","protected":false},"excerpt":{"rendered":"<p>Tres legisladores de Morena que representan a Guanajuato se ubican entre los integrantes de la LXVI Legislatura federal con menor trabajo en la C\u00e1mara de Diputados. De acuerdo con datos del portal de transparencia del Congreso de la Uni\u00f3n, los representantes de la entidad registran entre cero y una iniciativa presentada a lo largo de&#8230;<\/p>\n","protected":false},"author":4,"featured_media":195376,"comment_status":"closed","ping_status":"open","sticky":false,"template":"","format":"standard","meta":{"footnotes":""},"categories":[2],"tags":[13,4517],"class_list":["post-195375","post","type-post","status-publish","format-standard","has-post-thumbnail","hentry","category-noticias","tag-guanajuato","tag-noticias-guanajuato"],"yoast_head":"<!-- This site is optimized with the Yoast SEO plugin v28.2 - https:\/\/yoast.com\/product\/yoast-seo-wordpress\/ -->\n<title>Diputados federales de Morena por Guanajuato, entre los menos productivos - El otro enfoque<\/title>\n<meta name=\"description\" content=\"Tres diputados de Morena por Guanajuato figuran entre los de menor trabajo legislativo en la LXVI Legislatura Federal, seg\u00fan datos de transparencia.\" \/>\n<meta name=\"robots\" content=\"index, follow, max-snippet:-1, max-image-preview:large, max-video-preview:-1\" \/>\n<link rel=\"canonical\" href=\"https:\/\/elotroenfoque.mx\/index.php\/2026\/09\/01\/diputados-federales-de-morena-por-guanajuato-entre-los-menos-productivos\/\" \/>\n<meta property=\"og:locale\" content=\"es_MX\" \/>\n<meta property=\"og:type\" content=\"article\" \/>\n<meta property=\"og:title\" content=\"Diputados federales de Morena por Guanajuato, entre los menos productivos - El otro enfoque\" \/>\n<meta property=\"og:description\" content=\"Tres diputados de Morena por Guanajuato figuran entre los de menor trabajo legislativo en la LXVI Legislatura Federal, seg\u00fan datos de transparencia.\" \/>\n<meta property=\"og:url\" content=\"https:\/\/elotroenfoque.mx\/index.php\/2026\/09\/01\/diputados-federales-de-morena-por-guanajuato-entre-los-menos-productivos\/\" \/>\n<meta property=\"og:site_name\" content=\"El otro enfoque\" \/>\n<meta property=\"article:published_time\" content=\"2026-09-02T02:38:56+00:00\" \/>\n<meta property=\"og:image\" content=\"https:\/\/elotroenfoque.mx\/wp-content\/uploads\/2026\/09\/camara-de-diputados-federal.jpg\" \/>\n\t<meta property=\"og:image:width\" content=\"546\" \/>\n\t<meta property=\"og:image:height\" content=\"366\" \/>\n\t<meta property=\"og:image:type\" content=\"image\/jpeg\" \/>\n<meta name=\"author\" content=\"Equipo Redaccion\" \/>\n<meta name=\"twitter:card\" content=\"summary_large_image\" \/>\n<meta name=\"twitter:label1\" content=\"Escrito por\" \/>\n\t<meta name=\"twitter:data1\" content=\"Equipo Redaccion\" \/>\n\t<meta name=\"twitter:label2\" content=\"Tiempo de lectura\" \/>\n\t<meta name=\"twitter:data2\" content=\"3 minutos\" \/>\n<script type=\"application\/ld+json\" class=\"yoast-schema-graph\">{\"@context\":\"https:\\\/\\\/schema.org\",\"@graph\":[{\"@type\":\"Article\",\"@id\":\"https:\\\/\\\/elotroenfoque.mx\\\/index.php\\\/2026\\\/09\\\/01\\\/diputados-federales-de-morena-por-guanajuato-entre-los-menos-productivos\\\/#article\",\"isPartOf\":{\"@id\":\"https:\\\/\\\/elotroenfoque.mx\\\/index.php\\\/2026\\\/09\\\/01\\\/diputados-federales-de-morena-por-guanajuato-entre-los-menos-productivos\\\/\"},\"author\":{\"name\":\"Equipo Redaccion\",\"@id\":\"https:\\\/\\\/elotroenfoque.mx\\\/#\\\/schema\\\/person\\\/8eb322f84d0bd9f337e462905519a1ae\"},\"headline\":\"Diputados federales de Morena por Guanajuato, entre los menos productivos\",\"datePublished\":\"2026-09-02T02:38:56+00:00\",\"mainEntityOfPage\":{\"@id\":\"https:\\\/\\\/elotroenfoque.mx\\\/index.php\\\/2026\\\/09\\\/01\\\/diputados-federales-de-morena-por-guanajuato-entre-los-menos-productivos\\\/\"},\"wordCount\":319,\"image\":{\"@id\":\"https:\\\/\\\/elotroenfoque.mx\\\/index.php\\\/2026\\\/09\\\/01\\\/diputados-federales-de-morena-por-guanajuato-entre-los-menos-productivos\\\/#primaryimage\"},\"thumbnailUrl\":\"https:\\\/\\\/elotroenfoque.mx\\\/wp-content\\\/uploads\\\/2026\\\/09\\\/camara-de-diputados-federal.jpg\",\"keywords\":[\"Guanajuato\",\"Noticias Guanajuato\"],\"articleSection\":[\"Noticias\"],\"inLanguage\":\"es\"},{\"@type\":\"WebPage\",\"@id\":\"https:\\\/\\\/elotroenfoque.mx\\\/index.php\\\/2026\\\/09\\\/01\\\/diputados-federales-de-morena-por-guanajuato-entre-los-menos-productivos\\\/\",\"url\":\"https:\\\/\\\/elotroenfoque.mx\\\/index.php\\\/2026\\\/09\\\/01\\\/diputados-federales-de-morena-por-guanajuato-entre-los-menos-productivos\\\/\",\"name\":\"Diputados federales de Morena por Guanajuato, entre los menos productivos - El otro enfoque\",\"isPartOf\":{\"@id\":\"https:\\\/\\\/elotroenfoque.mx\\\/#website\"},\"primaryImageOfPage\":{\"@id\":\"https:\\\/\\\/elotroenfoque.mx\\\/index.php\\\/2026\\\/09\\\/01\\\/diputados-federales-de-morena-por-guanajuato-entre-los-menos-productivos\\\/#primaryimage\"},\"image\":{\"@id\":\"https:\\\/\\\/elotroenfoque.mx\\\/index.php\\\/2026\\\/09\\\/01\\\/diputados-federales-de-morena-por-guanajuato-entre-los-menos-productivos\\\/#primaryimage\"},\"thumbnailUrl\":\"https:\\\/\\\/elotroenfoque.mx\\\/wp-content\\\/uploads\\\/2026\\\/09\\\/camara-de-diputados-federal.jpg\",\"datePublished\":\"2026-09-02T02:38:56+00:00\",\"author\":{\"@id\":\"https:\\\/\\\/elotroenfoque.mx\\\/#\\\/schema\\\/person\\\/8eb322f84d0bd9f337e462905519a1ae\"},\"description\":\"Tres diputados de Morena por Guanajuato figuran entre los de menor trabajo legislativo en la LXVI Legislatura Federal, seg\u00fan datos de transparencia.\",\"breadcrumb\":{\"@id\":\"https:\\\/\\\/elotroenfoque.mx\\\/index.php\\\/2026\\\/09\\\/01\\\/diputados-federales-de-morena-por-guanajuato-entre-los-menos-productivos\\\/#breadcrumb\"},\"inLanguage\":\"es\",\"potentialAction\":[{\"@type\":\"ReadAction\",\"target\":[\"https:\\\/\\\/elotroenfoque.mx\\\/index.php\\\/2026\\\/09\\\/01\\\/diputados-federales-de-morena-por-guanajuato-entre-los-menos-productivos\\\/\"]}]},{\"@type\":\"ImageObject\",\"inLanguage\":\"es\",\"@id\":\"https:\\\/\\\/elotroenfoque.mx\\\/index.php\\\/2026\\\/09\\\/01\\\/diputados-federales-de-morena-por-guanajuato-entre-los-menos-productivos\\\/#primaryimage\",\"url\":\"https:\\\/\\\/elotroenfoque.mx\\\/wp-content\\\/uploads\\\/2026\\\/09\\\/camara-de-diputados-federal.jpg\",\"contentUrl\":\"https:\\\/\\\/elotroenfoque.mx\\\/wp-content\\\/uploads\\\/2026\\\/09\\\/camara-de-diputados-federal.jpg\",\"width\":546,\"height\":366},{\"@type\":\"BreadcrumbList\",\"@id\":\"https:\\\/\\\/elotroenfoque.mx\\\/index.php\\\/2026\\\/09\\\/01\\\/diputados-federales-de-morena-por-guanajuato-entre-los-menos-productivos\\\/#breadcrumb\",\"itemListElement\":[{\"@type\":\"ListItem\",\"position\":1,\"name\":\"Portada\",\"item\":\"https:\\\/\\\/elotroenfoque.mx\\\/\"},{\"@type\":\"ListItem\",\"position\":2,\"name\":\"Diputados federales de Morena por Guanajuato, entre los menos productivos\"}]},{\"@type\":\"WebSite\",\"@id\":\"https:\\\/\\\/elotroenfoque.mx\\\/#website\",\"url\":\"https:\\\/\\\/elotroenfoque.mx\\\/\",\"name\":\"El otro enfoque\",\"description\":\"\",\"potentialAction\":[{\"@type\":\"SearchAction\",\"target\":{\"@type\":\"EntryPoint\",\"urlTemplate\":\"https:\\\/\\\/elotroenfoque.mx\\\/?s={search_term_string}\"},\"query-input\":{\"@type\":\"PropertyValueSpecification\",\"valueRequired\":true,\"valueName\":\"search_term_string\"}}],\"inLanguage\":\"es\"},{\"@type\":\"Person\",\"@id\":\"https:\\\/\\\/elotroenfoque.mx\\\/#\\\/schema\\\/person\\\/8eb322f84d0bd9f337e462905519a1ae\",\"name\":\"Equipo Redaccion\",\"image\":{\"@type\":\"ImageObject\",\"inLanguage\":\"es\",\"@id\":\"https:\\\/\\\/secure.gravatar.com\\\/avatar\\\/3579478e2b4e7aad364a32b26cf744b360ae0e581ee1cd0cb18a8f239ee49ac4?s=96&d=mm&r=g\",\"url\":\"https:\\\/\\\/secure.gravatar.com\\\/avatar\\\/3579478e2b4e7aad364a32b26cf744b360ae0e581ee1cd0cb18a8f239ee49ac4?s=96&d=mm&r=g\",\"contentUrl\":\"https:\\\/\\\/secure.gravatar.com\\\/avatar\\\/3579478e2b4e7aad364a32b26cf744b360ae0e581ee1cd0cb18a8f239ee49ac4?s=96&d=mm&r=g\",\"caption\":\"Equipo Redaccion\"},\"url\":\"https:\\\/\\\/elotroenfoque.mx\\\/index.php\\\/author\\\/redaccion\\\/\"}]}<\/script>\n<!-- \/ Yoast SEO plugin. -->","yoast_head_json":{"title":"Diputados federales de Morena por Guanajuato, entre los menos productivos - El otro enfoque","description":"Tres diputados de Morena por Guanajuato figuran entre los de menor trabajo legislativo en la LXVI Legislatura Federal, seg\u00fan datos de transparencia.","robots":{"index":"index","follow":"follow","max-snippet":"max-snippet:-1","max-image-preview":"max-image-preview:large","max-video-preview":"max-video-preview:-1"},"canonical":"https:\/\/elotroenfoque.mx\/index.php\/2026\/09\/01\/diputados-federales-de-morena-por-guanajuato-entre-los-menos-productivos\/","og_locale":"es_MX","og_type":"article","og_title":"Diputados federales de Morena por Guanajuato, entre los menos productivos - El otro enfoque","og_description":"Tres diputados de Morena por Guanajuato figuran entre los de menor trabajo legislativo en la LXVI Legislatura Federal, seg\u00fan datos de transparencia.","og_url":"https:\/\/elotroenfoque.mx\/index.php\/2026\/09\/01\/diputados-federales-de-morena-por-guanajuato-entre-los-menos-productivos\/","og_site_name":"El otro enfoque","article_published_time":"2026-09-02T02:38:56+00:00","og_image":[{"width":546,"height":366,"url":"https:\/\/elotroenfoque.mx\/wp-content\/uploads\/2026\/09\/camara-de-diputados-federal.jpg","type":"image\/jpeg"}],"author":"Equipo Redaccion","twitter_card":"summary_large_image","twitter_misc":{"Escrito por":"Equipo Redaccion","Tiempo de lectura":"3 minutos"},"schema":{"@context":"https:\/\/schema.org","@graph":[{"@type":"Article","@id":"https:\/\/elotroenfoque.mx\/index.php\/2026\/09\/01\/diputados-federales-de-morena-por-guanajuato-entre-los-menos-productivos\/#article","isPartOf":{"@id":"https:\/\/elotroenfoque.mx\/index.php\/2026\/09\/01\/diputados-federales-de-morena-por-guanajuato-entre-los-menos-productivos\/"},"author":{"name":"Equipo Redaccion","@id":"https:\/\/elotroenfoque.mx\/#\/schema\/person\/8eb322f84d0bd9f337e462905519a1ae"},"headline":"Diputados federales de Morena por Guanajuato, entre los menos productivos","datePublished":"2026-09-02T02:38:56+00:00","mainEntityOfPage":{"@id":"https:\/\/elotroenfoque.mx\/index.php\/2026\/09\/01\/diputados-federales-de-morena-por-guanajuato-entre-los-menos-productivos\/"},"wordCount":319,"image":{"@id":"https:\/\/elotroenfoque.mx\/index.php\/2026\/09\/01\/diputados-federales-de-morena-por-guanajuato-entre-los-menos-productivos\/#primaryimage"},"thumbnailUrl":"https:\/\/elotroenfoque.mx\/wp-content\/uploads\/2026\/09\/camara-de-diputados-federal.jpg","keywords":["Guanajuato","Noticias Guanajuato"],"articleSection":["Noticias"],"inLanguage":"es"},{"@type":"WebPage","@id":"https:\/\/elotroenfoque.mx\/index.php\/2026\/09\/01\/diputados-federales-de-morena-por-guanajuato-entre-los-menos-productivos\/","url":"https:\/\/elotroenfoque.mx\/index.php\/2026\/09\/01\/diputados-federales-de-morena-por-guanajuato-entre-los-menos-productivos\/","name":"Diputados federales de Morena por Guanajuato, entre los menos productivos - El otro enfoque","isPartOf":{"@id":"https:\/\/elotroenfoque.mx\/#website"},"primaryImageOfPage":{"@id":"https:\/\/elotroenfoque.mx\/index.php\/2026\/09\/01\/diputados-federales-de-morena-por-guanajuato-entre-los-menos-productivos\/#primaryimage"},"image":{"@id":"https:\/\/elotroenfoque.mx\/index.php\/2026\/09\/01\/diputados-federales-de-morena-por-guanajuato-entre-los-menos-productivos\/#primaryimage"},"thumbnailUrl":"https:\/\/elotroenfoque.mx\/wp-content\/uploads\/2026\/09\/camara-de-diputados-federal.jpg","datePublished":"2026-09-02T02:38:56+00:00","author":{"@id":"https:\/\/elotroenfoque.mx\/#\/schema\/person\/8eb322f84d0bd9f337e462905519a1ae"},"description":"Tres diputados de Morena por Guanajuato figuran entre los de menor trabajo legislativo en la LXVI Legislatura Federal, seg\u00fan datos de transparencia.","breadcrumb":{"@id":"https:\/\/elotroenfoque.mx\/index.php\/2026\/09\/01\/diputados-federales-de-morena-por-guanajuato-entre-los-menos-productivos\/#breadcrumb"},"inLanguage":"es","potentialAction":[{"@type":"ReadAction","target":["https:\/\/elotroenfoque.mx\/index.php\/2026\/09\/01\/diputados-federales-de-morena-por-guanajuato-entre-los-menos-productivos\/"]}]},{"@type":"ImageObject","inLanguage":"es","@id":"https:\/\/elotroenfoque.mx\/index.php\/2026\/09\/01\/diputados-federales-de-morena-por-guanajuato-entre-los-menos-productivos\/#primaryimage","url":"https:\/\/elotroenfoque.mx\/wp-content\/uploads\/2026\/09\/camara-de-diputados-federal.jpg","contentUrl":"https:\/\/elotroenfoque.mx\/wp-content\/uploads\/2026\/09\/camara-de-diputados-federal.jpg","width":546,"height":366},{"@type":"BreadcrumbList","@id":"https:\/\/elotroenfoque.mx\/index.php\/2026\/09\/01\/diputados-federales-de-morena-por-guanajuato-entre-los-menos-productivos\/#breadcrumb","itemListElement":[{"@type":"ListItem","position":1,"name":"Portada","item":"https:\/\/elotroenfoque.mx\/"},{"@type":"ListItem","position":2,"name":"Diputados federales de Morena por Guanajuato, entre los menos productivos"}]},{"@type":"WebSite","@id":"https:\/\/elotroenfoque.mx\/#website","url":"https:\/\/elotroenfoque.mx\/","name":"El otro enfoque","description":"","potentialAction":[{"@type":"SearchAction","target":{"@type":"EntryPoint","urlTemplate":"https:\/\/elotroenfoque.mx\/?s={search_term_string}"},"query-input":{"@type":"PropertyValueSpecification","valueRequired":true,"valueName":"search_term_string"}}],"inLanguage":"es"},{"@type":"Person","@id":"https:\/\/elotroenfoque.mx\/#\/schema\/person\/8eb322f84d0bd9f337e462905519a1ae","name":"Equipo Redaccion","image":{"@type":"ImageObject","inLanguage":"es","@id":"https:\/\/secure.gravatar.com\/avatar\/3579478e2b4e7aad364a32b26cf744b360ae0e581ee1cd0cb18a8f239ee49ac4?s=96&d=mm&r=g","url":"https:\/\/secure.gravatar.com\/avatar\/3579478e2b4e7aad364a32b26cf744b360ae0e581ee1cd0cb18a8f239ee49ac4?s=96&d=mm&r=g","contentUrl":"https:\/\/secure.gravatar.com\/avatar\/3579478e2b4e7aad364a32b26cf744b360ae0e581ee1cd0cb18a8f239ee49ac4?s=96&d=mm&r=g","caption":"Equipo Redaccion"},"url":"https:\/\/elotroenfoque.mx\/index.php\/author\/redaccion\/"}]}},"_links":{"self":[{"href":"https:\/\/elotroenfoque.mx\/index.php\/wp-json\/wp\/v2\/posts\/195375","targetHints":{"allow":["GET"]}}],"collection":[{"href":"https:\/\/elotroenfoque.mx\/index.php\/wp-json\/wp\/v2\/posts"}],"about":[{"href":"https:\/\/elotroenfoque.mx\/index.php\/wp-json\/wp\/v2\/types\/post"}],"author":[{"embeddable":true,"href":"https:\/\/elotroenfoque.mx\/index.php\/wp-json\/wp\/v2\/users\/4"}],"replies":[{"embeddable":true,"href":"https:\/\/elotroenfoque.mx\/index.php\/wp-json\/wp\/v2\/comments?post=195375"}],"version-history":[{"count":1,"href":"https:\/\/elotroenfoque.mx\/index.php\/wp-json\/wp\/v2\/posts\/195375\/revisions"}],"predecessor-version":[{"id":195380,"href":"https:\/\/elotroenfoque.mx\/index.php\/wp-json\/wp\/v2\/posts\/195375\/revisions\/195380"}],"wp:featuredmedia":[{"embeddable":true,"href":"https:\/\/elotroenfoque.mx\/index.php\/wp-json\/wp\/v2\/media\/195376"}],"wp:attachment":[{"href":"https:\/\/elotroenfoque.mx\/index.php\/wp-json\/wp\/v2\/media?parent=195375"}],"wp:term":[{"taxonomy":"category","embeddable":true,"href":"https:\/\/elotroenfoque.mx\/index.php\/wp-json\/wp\/v2\/categories?post=195375"},{"taxonomy":"post_tag","embeddable":true,"href":"https:\/\/elotroenfoque.mx\/index.php\/wp-json\/wp\/v2\/tags?post=195375"}],"curies":[{"name":"wp","href":"https:\/\/api.w.org\/{rel}","templated":true}]}}