{"id":195384,"date":"2026-09-01T22:26:24","date_gmt":"2026-09-02T04:26:24","guid":{"rendered":"https:\/\/elotroenfoque.mx\/?p=195384"},"modified":"2026-09-01T22:26:25","modified_gmt":"2026-09-02T04:26:25","slug":"guanajuato-buscaba-a-el-garnica-por-extorsion-agravada-y-lo-detienen-en-queretaro","status":"publish","type":"post","link":"https:\/\/elotroenfoque.mx\/index.php\/2026\/09\/01\/guanajuato-buscaba-a-el-garnica-por-extorsion-agravada-y-lo-detienen-en-queretaro\/","title":{"rendered":"Guanajuato buscaba a &#8220;El Garnica&#8221; por extorsi\u00f3n agravada y lo detienen en Quer\u00e9taro"},"content":{"rendered":"\n<p class=\"wp-block-paragraph\">Autoridades de Guanajuato buscaban a un hombre se\u00f1alado por el delito de&nbsp;<strong>extorsi\u00f3n agravada<\/strong>, y tras un operativo de coordinaci\u00f3n regional, fue localizado y detenido en el municipio de Quer\u00e9taro.<\/p>\n\n\n\n<p class=\"wp-block-paragraph\">La Fiscal\u00eda General del Estado de Quer\u00e9taro inform\u00f3 que, como parte de las acciones de&nbsp;<strong>Sinergia Regional<\/strong>, elementos de la Polic\u00eda de Investigaci\u00f3n del Delito cumplimentaron una orden de aprehensi\u00f3n contra&nbsp;<strong>Juan Alejandro \u201cN\u201d, alias \u201cGarnica\u201d<\/strong>, quien era requerido por las autoridades de Guanajuato.<\/p>\n\n\n\n<h3 class=\"wp-block-heading\">Lo localizaron en San Jos\u00e9 el Alto<\/h3>\n\n\n\n<p class=\"wp-block-paragraph\">La ubicaci\u00f3n del presunto extorsionador estuvo a cargo de personal de la&nbsp;<strong>Unidad Especializada en Combate al Secuestro (UECS)<\/strong>, quienes localizaron a \u201cGarnica\u201d en la comunidad de&nbsp;<strong>San Jos\u00e9 el Alto, municipio de Quer\u00e9taro<\/strong>.<\/p>\n\n\n\n<p class=\"wp-block-paragraph\">La detenci\u00f3n se realiz\u00f3 en apoyo a la&nbsp;<strong>Fiscal\u00eda General del Estado de Guanajuato<\/strong>, mediante los mecanismos permanentes de colaboraci\u00f3n establecidos entre ambas instituciones para la b\u00fasqueda y captura de personas requeridas por la justicia.<\/p>\n\n\n\n<p class=\"wp-block-paragraph\">De esta manera, las autoridades queretanas lograron cumplimentar el mandamiento judicial que pesaba contra Juan Alejandro \u201cN\u201d por el delito de&nbsp;<strong>extorsi\u00f3n agravada cometida en Guanajuato<\/strong>.<\/p>\n\n\n\n<h3 class=\"wp-block-heading\">Fue entregado a autoridades de Guanajuato<\/h3>\n\n\n\n<p class=\"wp-block-paragraph\">Despu\u00e9s de su detenci\u00f3n, \u201cGarnica\u201d fue informado de sus derechos y posteriormente entregado a las autoridades de Guanajuato, quienes continuar\u00e1n con el procedimiento legal correspondiente.<\/p>\n\n\n\n<p class=\"wp-block-paragraph\">La Fiscal\u00eda de Quer\u00e9taro destac\u00f3 que este resultado forma parte de la&nbsp;<strong>Sinergia Regional<\/strong>, estrategia que permite fortalecer la coordinaci\u00f3n entre instituciones de seguridad y procuraci\u00f3n de justicia de distintos estados para localizar a personas que cuentan con \u00f3rdenes de aprehensi\u00f3n.<\/p>\n\n\n\n<p class=\"wp-block-paragraph\">Tambi\u00e9n lee:\u00a0<strong><a href=\"https:\/\/elotroenfoque.mx\/index.php\/2026\/09\/01\/sheinbaum-destaca-baja-en-homicidios-y-avances-sociales-en-su-segundo-informe-de-gobierno\/\">Sheinbaum destaca baja en homicidios y avances sociales en su Segundo Informe de Gobierno<\/a><\/strong><\/p>\n\n\n\n<p class=\"wp-block-paragraph\">Con esta acci\u00f3n, un hombre requerido por autoridades guanajuatenses por un delito de extorsi\u00f3n agravada fue localizado fuera de la entidad y puesto nuevamente a disposici\u00f3n de la justicia.<\/p>\n\n\n\n<p class=\"wp-block-paragraph\"><strong><a href=\"https:\/\/www.tiktok.com\/@elotroenfoque?_r=1&amp;_t=ZS-97ffhW6kR1t\">Sigue tambi\u00e9n las noticias en TikTok<\/a><\/strong><\/p>\n","protected":false},"excerpt":{"rendered":"<p>Autoridades de Guanajuato buscaban a un hombre se\u00f1alado por el delito de&nbsp;extorsi\u00f3n agravada, y tras un operativo de coordinaci\u00f3n regional, fue localizado y detenido en el municipio de Quer\u00e9taro. La Fiscal\u00eda General del Estado de Quer\u00e9taro inform\u00f3 que, como parte de las acciones de&nbsp;Sinergia Regional, elementos de la Polic\u00eda de Investigaci\u00f3n del Delito cumplimentaron una&#8230;<\/p>\n","protected":false},"author":4,"featured_media":195385,"comment_status":"closed","ping_status":"open","sticky":false,"template":"","format":"standard","meta":{"footnotes":""},"categories":[8],"tags":[13,4517],"class_list":["post-195384","post","type-post","status-publish","format-standard","has-post-thumbnail","hentry","category-desenfoques","tag-guanajuato","tag-noticias-guanajuato"],"yoast_head":"<!-- This site is optimized with the Yoast SEO plugin v28.2 - https:\/\/yoast.com\/product\/yoast-seo-wordpress\/ -->\n<title>Guanajuato buscaba a &quot;El Garnica&quot; por extorsi\u00f3n agravada y lo detienen en Quer\u00e9taro - El otro enfoque<\/title>\n<meta name=\"description\" content=\"Guanajuato buscaba a \u201cGarnica\u201d por extorsi\u00f3n agravada y fue localizado y detenido en Quer\u00e9taro mediante coordinaci\u00f3n entre ambas fiscal\u00edas.\" \/>\n<meta name=\"robots\" content=\"index, follow, max-snippet:-1, max-image-preview:large, max-video-preview:-1\" \/>\n<link rel=\"canonical\" href=\"https:\/\/elotroenfoque.mx\/index.php\/2026\/09\/01\/guanajuato-buscaba-a-el-garnica-por-extorsion-agravada-y-lo-detienen-en-queretaro\/\" \/>\n<meta property=\"og:locale\" content=\"es_MX\" \/>\n<meta property=\"og:type\" content=\"article\" \/>\n<meta property=\"og:title\" content=\"Guanajuato buscaba a &quot;El Garnica&quot; por extorsi\u00f3n agravada y lo detienen en Quer\u00e9taro - El otro enfoque\" \/>\n<meta property=\"og:description\" content=\"Guanajuato buscaba a \u201cGarnica\u201d por extorsi\u00f3n agravada y fue localizado y detenido en Quer\u00e9taro mediante coordinaci\u00f3n entre ambas fiscal\u00edas.\" \/>\n<meta property=\"og:url\" content=\"https:\/\/elotroenfoque.mx\/index.php\/2026\/09\/01\/guanajuato-buscaba-a-el-garnica-por-extorsion-agravada-y-lo-detienen-en-queretaro\/\" \/>\n<meta property=\"og:site_name\" content=\"El otro enfoque\" \/>\n<meta property=\"article:published_time\" content=\"2026-09-02T04:26:24+00:00\" \/>\n<meta property=\"article:modified_time\" content=\"2026-09-02T04:26:25+00:00\" \/>\n<meta property=\"og:image\" content=\"https:\/\/elotroenfoque.mx\/wp-content\/uploads\/2026\/09\/gar.jpg\" \/>\n\t<meta property=\"og:image:width\" content=\"1440\" \/>\n\t<meta property=\"og:image:height\" content=\"908\" \/>\n\t<meta property=\"og:image:type\" content=\"image\/jpeg\" \/>\n<meta name=\"author\" content=\"Equipo Redaccion\" \/>\n<meta name=\"twitter:card\" content=\"summary_large_image\" \/>\n<meta name=\"twitter:label1\" content=\"Escrito por\" \/>\n\t<meta name=\"twitter:data1\" content=\"Equipo Redaccion\" \/>\n\t<meta name=\"twitter:label2\" content=\"Tiempo de lectura\" \/>\n\t<meta name=\"twitter:data2\" content=\"2 minutos\" \/>\n<script type=\"application\/ld+json\" class=\"yoast-schema-graph\">{\"@context\":\"https:\\\/\\\/schema.org\",\"@graph\":[{\"@type\":\"Article\",\"@id\":\"https:\\\/\\\/elotroenfoque.mx\\\/index.php\\\/2026\\\/09\\\/01\\\/guanajuato-buscaba-a-el-garnica-por-extorsion-agravada-y-lo-detienen-en-queretaro\\\/#article\",\"isPartOf\":{\"@id\":\"https:\\\/\\\/elotroenfoque.mx\\\/index.php\\\/2026\\\/09\\\/01\\\/guanajuato-buscaba-a-el-garnica-por-extorsion-agravada-y-lo-detienen-en-queretaro\\\/\"},\"author\":{\"name\":\"Equipo Redaccion\",\"@id\":\"https:\\\/\\\/elotroenfoque.mx\\\/#\\\/schema\\\/person\\\/8eb322f84d0bd9f337e462905519a1ae\"},\"headline\":\"Guanajuato buscaba a &#8220;El Garnica&#8221; por extorsi\u00f3n agravada y lo detienen en Quer\u00e9taro\",\"datePublished\":\"2026-09-02T04:26:24+00:00\",\"dateModified\":\"2026-09-02T04:26:25+00:00\",\"mainEntityOfPage\":{\"@id\":\"https:\\\/\\\/elotroenfoque.mx\\\/index.php\\\/2026\\\/09\\\/01\\\/guanajuato-buscaba-a-el-garnica-por-extorsion-agravada-y-lo-detienen-en-queretaro\\\/\"},\"wordCount\":351,\"image\":{\"@id\":\"https:\\\/\\\/elotroenfoque.mx\\\/index.php\\\/2026\\\/09\\\/01\\\/guanajuato-buscaba-a-el-garnica-por-extorsion-agravada-y-lo-detienen-en-queretaro\\\/#primaryimage\"},\"thumbnailUrl\":\"https:\\\/\\\/elotroenfoque.mx\\\/wp-content\\\/uploads\\\/2026\\\/09\\\/gar.jpg\",\"keywords\":[\"Guanajuato\",\"Noticias Guanajuato\"],\"articleSection\":[\"Desenfoques\"],\"inLanguage\":\"es\"},{\"@type\":\"WebPage\",\"@id\":\"https:\\\/\\\/elotroenfoque.mx\\\/index.php\\\/2026\\\/09\\\/01\\\/guanajuato-buscaba-a-el-garnica-por-extorsion-agravada-y-lo-detienen-en-queretaro\\\/\",\"url\":\"https:\\\/\\\/elotroenfoque.mx\\\/index.php\\\/2026\\\/09\\\/01\\\/guanajuato-buscaba-a-el-garnica-por-extorsion-agravada-y-lo-detienen-en-queretaro\\\/\",\"name\":\"Guanajuato buscaba a \\\"El Garnica\\\" por extorsi\u00f3n agravada y lo detienen en Quer\u00e9taro - El otro enfoque\",\"isPartOf\":{\"@id\":\"https:\\\/\\\/elotroenfoque.mx\\\/#website\"},\"primaryImageOfPage\":{\"@id\":\"https:\\\/\\\/elotroenfoque.mx\\\/index.php\\\/2026\\\/09\\\/01\\\/guanajuato-buscaba-a-el-garnica-por-extorsion-agravada-y-lo-detienen-en-queretaro\\\/#primaryimage\"},\"image\":{\"@id\":\"https:\\\/\\\/elotroenfoque.mx\\\/index.php\\\/2026\\\/09\\\/01\\\/guanajuato-buscaba-a-el-garnica-por-extorsion-agravada-y-lo-detienen-en-queretaro\\\/#primaryimage\"},\"thumbnailUrl\":\"https:\\\/\\\/elotroenfoque.mx\\\/wp-content\\\/uploads\\\/2026\\\/09\\\/gar.jpg\",\"datePublished\":\"2026-09-02T04:26:24+00:00\",\"dateModified\":\"2026-09-02T04:26:25+00:00\",\"author\":{\"@id\":\"https:\\\/\\\/elotroenfoque.mx\\\/#\\\/schema\\\/person\\\/8eb322f84d0bd9f337e462905519a1ae\"},\"description\":\"Guanajuato buscaba a \u201cGarnica\u201d por extorsi\u00f3n agravada y fue localizado y detenido en Quer\u00e9taro mediante coordinaci\u00f3n entre ambas fiscal\u00edas.\",\"breadcrumb\":{\"@id\":\"https:\\\/\\\/elotroenfoque.mx\\\/index.php\\\/2026\\\/09\\\/01\\\/guanajuato-buscaba-a-el-garnica-por-extorsion-agravada-y-lo-detienen-en-queretaro\\\/#breadcrumb\"},\"inLanguage\":\"es\",\"potentialAction\":[{\"@type\":\"ReadAction\",\"target\":[\"https:\\\/\\\/elotroenfoque.mx\\\/index.php\\\/2026\\\/09\\\/01\\\/guanajuato-buscaba-a-el-garnica-por-extorsion-agravada-y-lo-detienen-en-queretaro\\\/\"]}]},{\"@type\":\"ImageObject\",\"inLanguage\":\"es\",\"@id\":\"https:\\\/\\\/elotroenfoque.mx\\\/index.php\\\/2026\\\/09\\\/01\\\/guanajuato-buscaba-a-el-garnica-por-extorsion-agravada-y-lo-detienen-en-queretaro\\\/#primaryimage\",\"url\":\"https:\\\/\\\/elotroenfoque.mx\\\/wp-content\\\/uploads\\\/2026\\\/09\\\/gar.jpg\",\"contentUrl\":\"https:\\\/\\\/elotroenfoque.mx\\\/wp-content\\\/uploads\\\/2026\\\/09\\\/gar.jpg\",\"width\":1440,\"height\":908,\"caption\":\"Detienen a extorsionador en Quer\u00e9taro\"},{\"@type\":\"BreadcrumbList\",\"@id\":\"https:\\\/\\\/elotroenfoque.mx\\\/index.php\\\/2026\\\/09\\\/01\\\/guanajuato-buscaba-a-el-garnica-por-extorsion-agravada-y-lo-detienen-en-queretaro\\\/#breadcrumb\",\"itemListElement\":[{\"@type\":\"ListItem\",\"position\":1,\"name\":\"Portada\",\"item\":\"https:\\\/\\\/elotroenfoque.mx\\\/\"},{\"@type\":\"ListItem\",\"position\":2,\"name\":\"Guanajuato buscaba a &#8220;El Garnica&#8221; por extorsi\u00f3n agravada y lo detienen en Quer\u00e9taro\"}]},{\"@type\":\"WebSite\",\"@id\":\"https:\\\/\\\/elotroenfoque.mx\\\/#website\",\"url\":\"https:\\\/\\\/elotroenfoque.mx\\\/\",\"name\":\"El otro enfoque\",\"description\":\"\",\"potentialAction\":[{\"@type\":\"SearchAction\",\"target\":{\"@type\":\"EntryPoint\",\"urlTemplate\":\"https:\\\/\\\/elotroenfoque.mx\\\/?s={search_term_string}\"},\"query-input\":{\"@type\":\"PropertyValueSpecification\",\"valueRequired\":true,\"valueName\":\"search_term_string\"}}],\"inLanguage\":\"es\"},{\"@type\":\"Person\",\"@id\":\"https:\\\/\\\/elotroenfoque.mx\\\/#\\\/schema\\\/person\\\/8eb322f84d0bd9f337e462905519a1ae\",\"name\":\"Equipo Redaccion\",\"image\":{\"@type\":\"ImageObject\",\"inLanguage\":\"es\",\"@id\":\"https:\\\/\\\/secure.gravatar.com\\\/avatar\\\/3579478e2b4e7aad364a32b26cf744b360ae0e581ee1cd0cb18a8f239ee49ac4?s=96&d=mm&r=g\",\"url\":\"https:\\\/\\\/secure.gravatar.com\\\/avatar\\\/3579478e2b4e7aad364a32b26cf744b360ae0e581ee1cd0cb18a8f239ee49ac4?s=96&d=mm&r=g\",\"contentUrl\":\"https:\\\/\\\/secure.gravatar.com\\\/avatar\\\/3579478e2b4e7aad364a32b26cf744b360ae0e581ee1cd0cb18a8f239ee49ac4?s=96&d=mm&r=g\",\"caption\":\"Equipo Redaccion\"},\"url\":\"https:\\\/\\\/elotroenfoque.mx\\\/index.php\\\/author\\\/redaccion\\\/\"}]}<\/script>\n<!-- \/ Yoast SEO plugin. -->","yoast_head_json":{"title":"Guanajuato buscaba a \"El Garnica\" por extorsi\u00f3n agravada y lo detienen en Quer\u00e9taro - El otro enfoque","description":"Guanajuato buscaba a \u201cGarnica\u201d por extorsi\u00f3n agravada y fue localizado y detenido en Quer\u00e9taro mediante coordinaci\u00f3n entre ambas fiscal\u00edas.","robots":{"index":"index","follow":"follow","max-snippet":"max-snippet:-1","max-image-preview":"max-image-preview:large","max-video-preview":"max-video-preview:-1"},"canonical":"https:\/\/elotroenfoque.mx\/index.php\/2026\/09\/01\/guanajuato-buscaba-a-el-garnica-por-extorsion-agravada-y-lo-detienen-en-queretaro\/","og_locale":"es_MX","og_type":"article","og_title":"Guanajuato buscaba a \"El Garnica\" por extorsi\u00f3n agravada y lo detienen en Quer\u00e9taro - El otro enfoque","og_description":"Guanajuato buscaba a \u201cGarnica\u201d por extorsi\u00f3n agravada y fue localizado y detenido en Quer\u00e9taro mediante coordinaci\u00f3n entre ambas fiscal\u00edas.","og_url":"https:\/\/elotroenfoque.mx\/index.php\/2026\/09\/01\/guanajuato-buscaba-a-el-garnica-por-extorsion-agravada-y-lo-detienen-en-queretaro\/","og_site_name":"El otro enfoque","article_published_time":"2026-09-02T04:26:24+00:00","article_modified_time":"2026-09-02T04:26:25+00:00","og_image":[{"width":1440,"height":908,"url":"https:\/\/elotroenfoque.mx\/wp-content\/uploads\/2026\/09\/gar.jpg","type":"image\/jpeg"}],"author":"Equipo Redaccion","twitter_card":"summary_large_image","twitter_misc":{"Escrito por":"Equipo Redaccion","Tiempo de lectura":"2 minutos"},"schema":{"@context":"https:\/\/schema.org","@graph":[{"@type":"Article","@id":"https:\/\/elotroenfoque.mx\/index.php\/2026\/09\/01\/guanajuato-buscaba-a-el-garnica-por-extorsion-agravada-y-lo-detienen-en-queretaro\/#article","isPartOf":{"@id":"https:\/\/elotroenfoque.mx\/index.php\/2026\/09\/01\/guanajuato-buscaba-a-el-garnica-por-extorsion-agravada-y-lo-detienen-en-queretaro\/"},"author":{"name":"Equipo Redaccion","@id":"https:\/\/elotroenfoque.mx\/#\/schema\/person\/8eb322f84d0bd9f337e462905519a1ae"},"headline":"Guanajuato buscaba a &#8220;El Garnica&#8221; por extorsi\u00f3n agravada y lo detienen en Quer\u00e9taro","datePublished":"2026-09-02T04:26:24+00:00","dateModified":"2026-09-02T04:26:25+00:00","mainEntityOfPage":{"@id":"https:\/\/elotroenfoque.mx\/index.php\/2026\/09\/01\/guanajuato-buscaba-a-el-garnica-por-extorsion-agravada-y-lo-detienen-en-queretaro\/"},"wordCount":351,"image":{"@id":"https:\/\/elotroenfoque.mx\/index.php\/2026\/09\/01\/guanajuato-buscaba-a-el-garnica-por-extorsion-agravada-y-lo-detienen-en-queretaro\/#primaryimage"},"thumbnailUrl":"https:\/\/elotroenfoque.mx\/wp-content\/uploads\/2026\/09\/gar.jpg","keywords":["Guanajuato","Noticias Guanajuato"],"articleSection":["Desenfoques"],"inLanguage":"es"},{"@type":"WebPage","@id":"https:\/\/elotroenfoque.mx\/index.php\/2026\/09\/01\/guanajuato-buscaba-a-el-garnica-por-extorsion-agravada-y-lo-detienen-en-queretaro\/","url":"https:\/\/elotroenfoque.mx\/index.php\/2026\/09\/01\/guanajuato-buscaba-a-el-garnica-por-extorsion-agravada-y-lo-detienen-en-queretaro\/","name":"Guanajuato buscaba a \"El Garnica\" por extorsi\u00f3n agravada y lo detienen en Quer\u00e9taro - El otro enfoque","isPartOf":{"@id":"https:\/\/elotroenfoque.mx\/#website"},"primaryImageOfPage":{"@id":"https:\/\/elotroenfoque.mx\/index.php\/2026\/09\/01\/guanajuato-buscaba-a-el-garnica-por-extorsion-agravada-y-lo-detienen-en-queretaro\/#primaryimage"},"image":{"@id":"https:\/\/elotroenfoque.mx\/index.php\/2026\/09\/01\/guanajuato-buscaba-a-el-garnica-por-extorsion-agravada-y-lo-detienen-en-queretaro\/#primaryimage"},"thumbnailUrl":"https:\/\/elotroenfoque.mx\/wp-content\/uploads\/2026\/09\/gar.jpg","datePublished":"2026-09-02T04:26:24+00:00","dateModified":"2026-09-02T04:26:25+00:00","author":{"@id":"https:\/\/elotroenfoque.mx\/#\/schema\/person\/8eb322f84d0bd9f337e462905519a1ae"},"description":"Guanajuato buscaba a \u201cGarnica\u201d por extorsi\u00f3n agravada y fue localizado y detenido en Quer\u00e9taro mediante coordinaci\u00f3n entre ambas fiscal\u00edas.","breadcrumb":{"@id":"https:\/\/elotroenfoque.mx\/index.php\/2026\/09\/01\/guanajuato-buscaba-a-el-garnica-por-extorsion-agravada-y-lo-detienen-en-queretaro\/#breadcrumb"},"inLanguage":"es","potentialAction":[{"@type":"ReadAction","target":["https:\/\/elotroenfoque.mx\/index.php\/2026\/09\/01\/guanajuato-buscaba-a-el-garnica-por-extorsion-agravada-y-lo-detienen-en-queretaro\/"]}]},{"@type":"ImageObject","inLanguage":"es","@id":"https:\/\/elotroenfoque.mx\/index.php\/2026\/09\/01\/guanajuato-buscaba-a-el-garnica-por-extorsion-agravada-y-lo-detienen-en-queretaro\/#primaryimage","url":"https:\/\/elotroenfoque.mx\/wp-content\/uploads\/2026\/09\/gar.jpg","contentUrl":"https:\/\/elotroenfoque.mx\/wp-content\/uploads\/2026\/09\/gar.jpg","width":1440,"height":908,"caption":"Detienen a extorsionador en Quer\u00e9taro"},{"@type":"BreadcrumbList","@id":"https:\/\/elotroenfoque.mx\/index.php\/2026\/09\/01\/guanajuato-buscaba-a-el-garnica-por-extorsion-agravada-y-lo-detienen-en-queretaro\/#breadcrumb","itemListElement":[{"@type":"ListItem","position":1,"name":"Portada","item":"https:\/\/elotroenfoque.mx\/"},{"@type":"ListItem","position":2,"name":"Guanajuato buscaba a &#8220;El Garnica&#8221; por extorsi\u00f3n agravada y lo detienen en Quer\u00e9taro"}]},{"@type":"WebSite","@id":"https:\/\/elotroenfoque.mx\/#website","url":"https:\/\/elotroenfoque.mx\/","name":"El otro enfoque","description":"","potentialAction":[{"@type":"SearchAction","target":{"@type":"EntryPoint","urlTemplate":"https:\/\/elotroenfoque.mx\/?s={search_term_string}"},"query-input":{"@type":"PropertyValueSpecification","valueRequired":true,"valueName":"search_term_string"}}],"inLanguage":"es"},{"@type":"Person","@id":"https:\/\/elotroenfoque.mx\/#\/schema\/person\/8eb322f84d0bd9f337e462905519a1ae","name":"Equipo Redaccion","image":{"@type":"ImageObject","inLanguage":"es","@id":"https:\/\/secure.gravatar.com\/avatar\/3579478e2b4e7aad364a32b26cf744b360ae0e581ee1cd0cb18a8f239ee49ac4?s=96&d=mm&r=g","url":"https:\/\/secure.gravatar.com\/avatar\/3579478e2b4e7aad364a32b26cf744b360ae0e581ee1cd0cb18a8f239ee49ac4?s=96&d=mm&r=g","contentUrl":"https:\/\/secure.gravatar.com\/avatar\/3579478e2b4e7aad364a32b26cf744b360ae0e581ee1cd0cb18a8f239ee49ac4?s=96&d=mm&r=g","caption":"Equipo Redaccion"},"url":"https:\/\/elotroenfoque.mx\/index.php\/author\/redaccion\/"}]}},"_links":{"self":[{"href":"https:\/\/elotroenfoque.mx\/index.php\/wp-json\/wp\/v2\/posts\/195384","targetHints":{"allow":["GET"]}}],"collection":[{"href":"https:\/\/elotroenfoque.mx\/index.php\/wp-json\/wp\/v2\/posts"}],"about":[{"href":"https:\/\/elotroenfoque.mx\/index.php\/wp-json\/wp\/v2\/types\/post"}],"author":[{"embeddable":true,"href":"https:\/\/elotroenfoque.mx\/index.php\/wp-json\/wp\/v2\/users\/4"}],"replies":[{"embeddable":true,"href":"https:\/\/elotroenfoque.mx\/index.php\/wp-json\/wp\/v2\/comments?post=195384"}],"version-history":[{"count":1,"href":"https:\/\/elotroenfoque.mx\/index.php\/wp-json\/wp\/v2\/posts\/195384\/revisions"}],"predecessor-version":[{"id":195386,"href":"https:\/\/elotroenfoque.mx\/index.php\/wp-json\/wp\/v2\/posts\/195384\/revisions\/195386"}],"wp:featuredmedia":[{"embeddable":true,"href":"https:\/\/elotroenfoque.mx\/index.php\/wp-json\/wp\/v2\/media\/195385"}],"wp:attachment":[{"href":"https:\/\/elotroenfoque.mx\/index.php\/wp-json\/wp\/v2\/media?parent=195384"}],"wp:term":[{"taxonomy":"category","embeddable":true,"href":"https:\/\/elotroenfoque.mx\/index.php\/wp-json\/wp\/v2\/categories?post=195384"},{"taxonomy":"post_tag","embeddable":true,"href":"https:\/\/elotroenfoque.mx\/index.php\/wp-json\/wp\/v2\/tags?post=195384"}],"curies":[{"name":"wp","href":"https:\/\/api.w.org\/{rel}","templated":true}]}}