{"id":195390,"date":"2026-09-02T11:26:42","date_gmt":"2026-09-02T17:26:42","guid":{"rendered":"https:\/\/elotroenfoque.mx\/?p=195390"},"modified":"2026-09-02T11:26:43","modified_gmt":"2026-09-02T17:26:43","slug":"morena-dispara-su-padron-y-supera-los-11-6-millones","status":"publish","type":"post","link":"https:\/\/elotroenfoque.mx\/index.php\/2026\/09\/02\/morena-dispara-su-padron-y-supera-los-11-6-millones\/","title":{"rendered":"Morena dispara su padr\u00f3n y supera los 11.6 millones"},"content":{"rendered":"\n<p class=\"wp-block-paragraph\">El padr\u00f3n de Morena creci\u00f3 de manera acelerada durante los \u00faltimos tres a\u00f1os, al pasar de 2.3 a 11.6 millones de afiliados.<\/p>\n\n\n\n<p class=\"wp-block-paragraph\">En conjunto, los ocho partidos pol\u00edticos nacionales suman actualmente 15.4 millones de militantes, equivalentes al 15.1 por ciento de la lista nominal nacional.<\/p>\n\n\n\n<p class=\"wp-block-paragraph\">Sin embargo, el crecimiento de Morena contrasta con la p\u00e9rdida de afiliados del PRI y los avances moderados registrados por otros partidos pol\u00edticos.<\/p>\n\n\n\n<h2 class=\"wp-block-heading\">El padr\u00f3n de Morena concentra el mayor crecimiento<\/h2>\n\n\n\n<p class=\"wp-block-paragraph\">De acuerdo con el \u00faltimo informe del Instituto Nacional Electoral (INE), el padr\u00f3n de Morena pas\u00f3 de 2.3 millones de afiliados en agosto de 2023 a 11.6 millones actualmente.<\/p>\n\n\n\n<p class=\"wp-block-paragraph\">El incremento representa alrededor de 9.3 millones de nuevos registros durante ese periodo. Adem\u00e1s, coloca al partido como la fuerza pol\u00edtica con mayor n\u00famero de integrantes.<\/p>\n\n\n\n<p class=\"wp-block-paragraph\">Mientras tanto, el Partido Verde Ecologista de M\u00e9xico (PVEM) tambi\u00e9n aument\u00f3 su membres\u00eda durante estos tres a\u00f1os.<\/p>\n\n\n\n<p class=\"wp-block-paragraph\">El PVEM pas\u00f3 de 592 mil 417 afiliados a un mill\u00f3n 61 mil 319. En contraste, el Partido del Trabajo tuvo un crecimiento mucho menor durante el mismo periodo.<\/p>\n\n\n\n<p class=\"wp-block-paragraph\">El PT pas\u00f3 de 457 mil 624 a 590 mil 797 afiliados, de acuerdo con las cifras presentadas ante el Consejo General del INE.<\/p>\n\n\n\n<h2 class=\"wp-block-heading\">PRI pierde afiliados mientras PAN y MC avanzan<\/h2>\n\n\n\n<p class=\"wp-block-paragraph\">El Partido Revolucionario Institucional (PRI) registr\u00f3 el mayor desplome entre las fuerzas pol\u00edticas con registro nacional.<\/p>\n\n\n\n<p class=\"wp-block-paragraph\">En agosto de 2023, el PRI reportaba un mill\u00f3n 411 mil 889 afiliados. Actualmente, su padr\u00f3n qued\u00f3 en 819 mil 103 integrantes.<\/p>\n\n\n\n<p class=\"wp-block-paragraph\">Por otro lado, Acci\u00f3n Nacional (PAN) tuvo un crecimiento moderado, al pasar de 277 mil 665 a 366 mil 104 afiliados.<\/p>\n\n\n\n<p class=\"wp-block-paragraph\">El aumento de 88 mil 439 integrantes ocurre despu\u00e9s de una reforma estatutaria que busc\u00f3 facilitar la incorporaci\u00f3n de ciudadanos al partido.<\/p>\n\n\n\n<p class=\"wp-block-paragraph\">Movimiento Ciudadano tambi\u00e9n registr\u00f3 un incremento, aunque menor frente al crecimiento del padr\u00f3n de Morena.<\/p>\n\n\n\n<p class=\"wp-block-paragraph\">La fuerza naranja pas\u00f3 de aproximadamente 253 mil afiliados a 318 mil 642. As\u00ed, su crecimiento durante los \u00faltimos tres a\u00f1os rond\u00f3 las 65 mil personas.<\/p>\n\n\n\n<h2 class=\"wp-block-heading\">Nuevos partidos modifican el mapa pol\u00edtico<\/h2>\n\n\n\n<p class=\"wp-block-paragraph\">El panorama partidista tambi\u00e9n cambi\u00f3 despu\u00e9s de la desaparici\u00f3n del Partido de la Revoluci\u00f3n Democr\u00e1tica (PRD).<\/p>\n\n\n\n<p class=\"wp-block-paragraph\">Antes de perder su registro, el PRD contaba con casi un mill\u00f3n de militantes. Adem\u00e1s, el sistema pol\u00edtico incorpor\u00f3 recientemente a dos nuevas fuerzas nacionales.<\/p>\n\n\n\n<p class=\"wp-block-paragraph\">Somos obtuvo su registro con 294 mil 327 afiliados, mientras que el PAZ alcanz\u00f3 335 mil 400 integrantes.<\/p>\n\n\n\n<p class=\"wp-block-paragraph\">Actualmente, el padr\u00f3n electoral nacional contiene los datos de 103.6 millones de ciudadanos mayores de 18 a\u00f1os.<\/p>\n\n\n\n<p class=\"wp-block-paragraph\">Por su parte, la lista nominal est\u00e1 integrada por 101.4 millones de personas con credencial vigente y apta para votar.<\/p>\n\n\n\n<p class=\"wp-block-paragraph\">La legislaci\u00f3n establece que los partidos deben contar con una membres\u00eda m\u00ednima equivalente al 0.26 por ciento del padr\u00f3n electoral.<\/p>\n\n\n\n<p class=\"wp-block-paragraph\">Ese porcentaje representa actualmente 256 mil 29 afiliados, cantidad que deben acreditar las fuerzas pol\u00edticas para conservar su registro nacional.<\/p>\n\n\n\n<h2 class=\"wp-block-heading\">Oposici\u00f3n cuestiona crecimiento del padr\u00f3n de Morena<\/h2>\n\n\n\n<p class=\"wp-block-paragraph\">Durante una sesi\u00f3n del Consejo General del INE, representantes de la oposici\u00f3n cuestionaron el crecimiento registrado por Morena.<\/p>\n\n\n\n<p class=\"wp-block-paragraph\">El PRI acus\u00f3 al partido guinda de utilizar estructuras gremiales y programas sociales para impulsar afiliaciones masivas.<\/p>\n\n\n\n<p class=\"wp-block-paragraph\">Emilio Su\u00e1rez, representante priista, pidi\u00f3 al INE revisar si existi\u00f3 condicionamiento de programas sociales durante el proceso de incorporaci\u00f3n de nuevos militantes.<\/p>\n\n\n\n<p class=\"wp-block-paragraph\">Adem\u00e1s, se\u00f1al\u00f3 que las autoridades electorales deben determinar si hubo utilizaci\u00f3n de recursos p\u00fablicos para incrementar la membres\u00eda del partido.<\/p>\n\n\n\n<p class=\"wp-block-paragraph\">Tambi\u00e9n lee: <strong><a href=\"https:\/\/elotroenfoque.mx\/index.php\/2026\/09\/02\/muere-mujer-motociclista-tras-chocar-con-camion-de-transporte-en-celaya\/\">Muere mujer motociclista tras chocar con cami\u00f3n de transporte en Celaya<\/a><\/strong><\/p>\n\n\n\n<p class=\"wp-block-paragraph\">Morena rechaz\u00f3 los se\u00f1alamientos y defendi\u00f3 el crecimiento de su padr\u00f3n como resultado del respaldo ciudadano hacia la llamada Cuarta Transformaci\u00f3n.<\/p>\n\n\n\n<p class=\"wp-block-paragraph\">La representaci\u00f3n morenista sostuvo que sus 11.6 millones de afiliados superan ampliamente el m\u00ednimo establecido por la legislaci\u00f3n electoral.<\/p>\n\n\n\n<p class=\"wp-block-paragraph\">Aunque el n\u00famero de militantes no equivale directamente a los votos que obtiene un partido, las cifras reflejan cambios importantes en la estructura partidista nacional.<\/p>\n\n\n\n<p class=\"wp-block-paragraph\">As\u00ed, el padr\u00f3n de Morena se consolid\u00f3 como el m\u00e1s numeroso, mientras otras fuerzas enfrentan p\u00e9rdidas, crecimientos moderados o nuevos desaf\u00edos.<\/p>\n\n\n\n<p class=\"wp-block-paragraph\"><strong><a href=\"https:\/\/www.tiktok.com\/@elotroenfoque?_r=1&amp;_t=ZS-97ffhW6kR1t\">Sigue tambi\u00e9n las noticias en TikTok<\/a><\/strong><\/p>\n","protected":false},"excerpt":{"rendered":"<p>El padr\u00f3n de Morena creci\u00f3 de manera acelerada durante los \u00faltimos tres a\u00f1os, al pasar de 2.3 a 11.6 millones de afiliados. En conjunto, los ocho partidos pol\u00edticos nacionales suman actualmente 15.4 millones de militantes, equivalentes al 15.1 por ciento de la lista nominal nacional. Sin embargo, el crecimiento de Morena contrasta con la p\u00e9rdida&#8230;<\/p>\n","protected":false},"author":4,"featured_media":195391,"comment_status":"closed","ping_status":"open","sticky":false,"template":"","format":"standard","meta":{"footnotes":""},"categories":[11],"tags":[13,4517],"class_list":["post-195390","post","type-post","status-publish","format-standard","has-post-thumbnail","hentry","category-otrasnoticias","tag-guanajuato","tag-noticias-guanajuato"],"yoast_head":"<!-- This site is optimized with the Yoast SEO plugin v28.2 - https:\/\/yoast.com\/product\/yoast-seo-wordpress\/ -->\n<title>Morena dispara su padr\u00f3n y supera los 11.6 millones - El otro enfoque<\/title>\n<meta name=\"description\" content=\"El padr\u00f3n de Morena creci\u00f3 hasta 11.6 millones de afiliados, mientras el PRI perdi\u00f3 integrantes y el PAN y MC registraron avances menores.\" \/>\n<meta name=\"robots\" content=\"index, follow, max-snippet:-1, max-image-preview:large, max-video-preview:-1\" \/>\n<link rel=\"canonical\" href=\"https:\/\/elotroenfoque.mx\/index.php\/2026\/09\/02\/morena-dispara-su-padron-y-supera-los-11-6-millones\/\" \/>\n<meta property=\"og:locale\" content=\"es_MX\" \/>\n<meta property=\"og:type\" content=\"article\" \/>\n<meta property=\"og:title\" content=\"Morena dispara su padr\u00f3n y supera los 11.6 millones - El otro enfoque\" \/>\n<meta property=\"og:description\" content=\"El padr\u00f3n de Morena creci\u00f3 hasta 11.6 millones de afiliados, mientras el PRI perdi\u00f3 integrantes y el PAN y MC registraron avances menores.\" \/>\n<meta property=\"og:url\" content=\"https:\/\/elotroenfoque.mx\/index.php\/2026\/09\/02\/morena-dispara-su-padron-y-supera-los-11-6-millones\/\" \/>\n<meta property=\"og:site_name\" content=\"El otro enfoque\" \/>\n<meta property=\"article:published_time\" content=\"2026-09-02T17:26:42+00:00\" \/>\n<meta property=\"article:modified_time\" content=\"2026-09-02T17:26:43+00:00\" \/>\n<meta property=\"og:image\" content=\"https:\/\/elotroenfoque.mx\/wp-content\/uploads\/2026\/09\/padron-de-partidos.jpg\" \/>\n\t<meta property=\"og:image:width\" content=\"809\" \/>\n\t<meta property=\"og:image:height\" content=\"534\" \/>\n\t<meta property=\"og:image:type\" content=\"image\/jpeg\" \/>\n<meta name=\"author\" content=\"Equipo Redaccion\" \/>\n<meta name=\"twitter:card\" content=\"summary_large_image\" \/>\n<meta name=\"twitter:label1\" content=\"Escrito por\" \/>\n\t<meta name=\"twitter:data1\" content=\"Equipo Redaccion\" \/>\n\t<meta name=\"twitter:label2\" content=\"Tiempo de lectura\" \/>\n\t<meta name=\"twitter:data2\" content=\"4 minutos\" \/>\n<script type=\"application\/ld+json\" class=\"yoast-schema-graph\">{\"@context\":\"https:\\\/\\\/schema.org\",\"@graph\":[{\"@type\":\"Article\",\"@id\":\"https:\\\/\\\/elotroenfoque.mx\\\/index.php\\\/2026\\\/09\\\/02\\\/morena-dispara-su-padron-y-supera-los-11-6-millones\\\/#article\",\"isPartOf\":{\"@id\":\"https:\\\/\\\/elotroenfoque.mx\\\/index.php\\\/2026\\\/09\\\/02\\\/morena-dispara-su-padron-y-supera-los-11-6-millones\\\/\"},\"author\":{\"name\":\"Equipo Redaccion\",\"@id\":\"https:\\\/\\\/elotroenfoque.mx\\\/#\\\/schema\\\/person\\\/8eb322f84d0bd9f337e462905519a1ae\"},\"headline\":\"Morena dispara su padr\u00f3n y supera los 11.6 millones\",\"datePublished\":\"2026-09-02T17:26:42+00:00\",\"dateModified\":\"2026-09-02T17:26:43+00:00\",\"mainEntityOfPage\":{\"@id\":\"https:\\\/\\\/elotroenfoque.mx\\\/index.php\\\/2026\\\/09\\\/02\\\/morena-dispara-su-padron-y-supera-los-11-6-millones\\\/\"},\"wordCount\":694,\"image\":{\"@id\":\"https:\\\/\\\/elotroenfoque.mx\\\/index.php\\\/2026\\\/09\\\/02\\\/morena-dispara-su-padron-y-supera-los-11-6-millones\\\/#primaryimage\"},\"thumbnailUrl\":\"https:\\\/\\\/elotroenfoque.mx\\\/wp-content\\\/uploads\\\/2026\\\/09\\\/padron-de-partidos.jpg\",\"keywords\":[\"Guanajuato\",\"Noticias Guanajuato\"],\"articleSection\":[\"Otras Noticias\"],\"inLanguage\":\"es\"},{\"@type\":\"WebPage\",\"@id\":\"https:\\\/\\\/elotroenfoque.mx\\\/index.php\\\/2026\\\/09\\\/02\\\/morena-dispara-su-padron-y-supera-los-11-6-millones\\\/\",\"url\":\"https:\\\/\\\/elotroenfoque.mx\\\/index.php\\\/2026\\\/09\\\/02\\\/morena-dispara-su-padron-y-supera-los-11-6-millones\\\/\",\"name\":\"Morena dispara su padr\u00f3n y supera los 11.6 millones - El otro enfoque\",\"isPartOf\":{\"@id\":\"https:\\\/\\\/elotroenfoque.mx\\\/#website\"},\"primaryImageOfPage\":{\"@id\":\"https:\\\/\\\/elotroenfoque.mx\\\/index.php\\\/2026\\\/09\\\/02\\\/morena-dispara-su-padron-y-supera-los-11-6-millones\\\/#primaryimage\"},\"image\":{\"@id\":\"https:\\\/\\\/elotroenfoque.mx\\\/index.php\\\/2026\\\/09\\\/02\\\/morena-dispara-su-padron-y-supera-los-11-6-millones\\\/#primaryimage\"},\"thumbnailUrl\":\"https:\\\/\\\/elotroenfoque.mx\\\/wp-content\\\/uploads\\\/2026\\\/09\\\/padron-de-partidos.jpg\",\"datePublished\":\"2026-09-02T17:26:42+00:00\",\"dateModified\":\"2026-09-02T17:26:43+00:00\",\"author\":{\"@id\":\"https:\\\/\\\/elotroenfoque.mx\\\/#\\\/schema\\\/person\\\/8eb322f84d0bd9f337e462905519a1ae\"},\"description\":\"El padr\u00f3n de Morena creci\u00f3 hasta 11.6 millones de afiliados, mientras el PRI perdi\u00f3 integrantes y el PAN y MC registraron avances menores.\",\"breadcrumb\":{\"@id\":\"https:\\\/\\\/elotroenfoque.mx\\\/index.php\\\/2026\\\/09\\\/02\\\/morena-dispara-su-padron-y-supera-los-11-6-millones\\\/#breadcrumb\"},\"inLanguage\":\"es\",\"potentialAction\":[{\"@type\":\"ReadAction\",\"target\":[\"https:\\\/\\\/elotroenfoque.mx\\\/index.php\\\/2026\\\/09\\\/02\\\/morena-dispara-su-padron-y-supera-los-11-6-millones\\\/\"]}]},{\"@type\":\"ImageObject\",\"inLanguage\":\"es\",\"@id\":\"https:\\\/\\\/elotroenfoque.mx\\\/index.php\\\/2026\\\/09\\\/02\\\/morena-dispara-su-padron-y-supera-los-11-6-millones\\\/#primaryimage\",\"url\":\"https:\\\/\\\/elotroenfoque.mx\\\/wp-content\\\/uploads\\\/2026\\\/09\\\/padron-de-partidos.jpg\",\"contentUrl\":\"https:\\\/\\\/elotroenfoque.mx\\\/wp-content\\\/uploads\\\/2026\\\/09\\\/padron-de-partidos.jpg\",\"width\":809,\"height\":534},{\"@type\":\"BreadcrumbList\",\"@id\":\"https:\\\/\\\/elotroenfoque.mx\\\/index.php\\\/2026\\\/09\\\/02\\\/morena-dispara-su-padron-y-supera-los-11-6-millones\\\/#breadcrumb\",\"itemListElement\":[{\"@type\":\"ListItem\",\"position\":1,\"name\":\"Portada\",\"item\":\"https:\\\/\\\/elotroenfoque.mx\\\/\"},{\"@type\":\"ListItem\",\"position\":2,\"name\":\"Morena dispara su padr\u00f3n y supera los 11.6 millones\"}]},{\"@type\":\"WebSite\",\"@id\":\"https:\\\/\\\/elotroenfoque.mx\\\/#website\",\"url\":\"https:\\\/\\\/elotroenfoque.mx\\\/\",\"name\":\"El otro enfoque\",\"description\":\"\",\"potentialAction\":[{\"@type\":\"SearchAction\",\"target\":{\"@type\":\"EntryPoint\",\"urlTemplate\":\"https:\\\/\\\/elotroenfoque.mx\\\/?s={search_term_string}\"},\"query-input\":{\"@type\":\"PropertyValueSpecification\",\"valueRequired\":true,\"valueName\":\"search_term_string\"}}],\"inLanguage\":\"es\"},{\"@type\":\"Person\",\"@id\":\"https:\\\/\\\/elotroenfoque.mx\\\/#\\\/schema\\\/person\\\/8eb322f84d0bd9f337e462905519a1ae\",\"name\":\"Equipo Redaccion\",\"image\":{\"@type\":\"ImageObject\",\"inLanguage\":\"es\",\"@id\":\"https:\\\/\\\/secure.gravatar.com\\\/avatar\\\/3579478e2b4e7aad364a32b26cf744b360ae0e581ee1cd0cb18a8f239ee49ac4?s=96&d=mm&r=g\",\"url\":\"https:\\\/\\\/secure.gravatar.com\\\/avatar\\\/3579478e2b4e7aad364a32b26cf744b360ae0e581ee1cd0cb18a8f239ee49ac4?s=96&d=mm&r=g\",\"contentUrl\":\"https:\\\/\\\/secure.gravatar.com\\\/avatar\\\/3579478e2b4e7aad364a32b26cf744b360ae0e581ee1cd0cb18a8f239ee49ac4?s=96&d=mm&r=g\",\"caption\":\"Equipo Redaccion\"},\"url\":\"https:\\\/\\\/elotroenfoque.mx\\\/index.php\\\/author\\\/redaccion\\\/\"}]}<\/script>\n<!-- \/ Yoast SEO plugin. -->","yoast_head_json":{"title":"Morena dispara su padr\u00f3n y supera los 11.6 millones - El otro enfoque","description":"El padr\u00f3n de Morena creci\u00f3 hasta 11.6 millones de afiliados, mientras el PRI perdi\u00f3 integrantes y el PAN y MC registraron avances menores.","robots":{"index":"index","follow":"follow","max-snippet":"max-snippet:-1","max-image-preview":"max-image-preview:large","max-video-preview":"max-video-preview:-1"},"canonical":"https:\/\/elotroenfoque.mx\/index.php\/2026\/09\/02\/morena-dispara-su-padron-y-supera-los-11-6-millones\/","og_locale":"es_MX","og_type":"article","og_title":"Morena dispara su padr\u00f3n y supera los 11.6 millones - El otro enfoque","og_description":"El padr\u00f3n de Morena creci\u00f3 hasta 11.6 millones de afiliados, mientras el PRI perdi\u00f3 integrantes y el PAN y MC registraron avances menores.","og_url":"https:\/\/elotroenfoque.mx\/index.php\/2026\/09\/02\/morena-dispara-su-padron-y-supera-los-11-6-millones\/","og_site_name":"El otro enfoque","article_published_time":"2026-09-02T17:26:42+00:00","article_modified_time":"2026-09-02T17:26:43+00:00","og_image":[{"width":809,"height":534,"url":"https:\/\/elotroenfoque.mx\/wp-content\/uploads\/2026\/09\/padron-de-partidos.jpg","type":"image\/jpeg"}],"author":"Equipo Redaccion","twitter_card":"summary_large_image","twitter_misc":{"Escrito por":"Equipo Redaccion","Tiempo de lectura":"4 minutos"},"schema":{"@context":"https:\/\/schema.org","@graph":[{"@type":"Article","@id":"https:\/\/elotroenfoque.mx\/index.php\/2026\/09\/02\/morena-dispara-su-padron-y-supera-los-11-6-millones\/#article","isPartOf":{"@id":"https:\/\/elotroenfoque.mx\/index.php\/2026\/09\/02\/morena-dispara-su-padron-y-supera-los-11-6-millones\/"},"author":{"name":"Equipo Redaccion","@id":"https:\/\/elotroenfoque.mx\/#\/schema\/person\/8eb322f84d0bd9f337e462905519a1ae"},"headline":"Morena dispara su padr\u00f3n y supera los 11.6 millones","datePublished":"2026-09-02T17:26:42+00:00","dateModified":"2026-09-02T17:26:43+00:00","mainEntityOfPage":{"@id":"https:\/\/elotroenfoque.mx\/index.php\/2026\/09\/02\/morena-dispara-su-padron-y-supera-los-11-6-millones\/"},"wordCount":694,"image":{"@id":"https:\/\/elotroenfoque.mx\/index.php\/2026\/09\/02\/morena-dispara-su-padron-y-supera-los-11-6-millones\/#primaryimage"},"thumbnailUrl":"https:\/\/elotroenfoque.mx\/wp-content\/uploads\/2026\/09\/padron-de-partidos.jpg","keywords":["Guanajuato","Noticias Guanajuato"],"articleSection":["Otras Noticias"],"inLanguage":"es"},{"@type":"WebPage","@id":"https:\/\/elotroenfoque.mx\/index.php\/2026\/09\/02\/morena-dispara-su-padron-y-supera-los-11-6-millones\/","url":"https:\/\/elotroenfoque.mx\/index.php\/2026\/09\/02\/morena-dispara-su-padron-y-supera-los-11-6-millones\/","name":"Morena dispara su padr\u00f3n y supera los 11.6 millones - El otro enfoque","isPartOf":{"@id":"https:\/\/elotroenfoque.mx\/#website"},"primaryImageOfPage":{"@id":"https:\/\/elotroenfoque.mx\/index.php\/2026\/09\/02\/morena-dispara-su-padron-y-supera-los-11-6-millones\/#primaryimage"},"image":{"@id":"https:\/\/elotroenfoque.mx\/index.php\/2026\/09\/02\/morena-dispara-su-padron-y-supera-los-11-6-millones\/#primaryimage"},"thumbnailUrl":"https:\/\/elotroenfoque.mx\/wp-content\/uploads\/2026\/09\/padron-de-partidos.jpg","datePublished":"2026-09-02T17:26:42+00:00","dateModified":"2026-09-02T17:26:43+00:00","author":{"@id":"https:\/\/elotroenfoque.mx\/#\/schema\/person\/8eb322f84d0bd9f337e462905519a1ae"},"description":"El padr\u00f3n de Morena creci\u00f3 hasta 11.6 millones de afiliados, mientras el PRI perdi\u00f3 integrantes y el PAN y MC registraron avances menores.","breadcrumb":{"@id":"https:\/\/elotroenfoque.mx\/index.php\/2026\/09\/02\/morena-dispara-su-padron-y-supera-los-11-6-millones\/#breadcrumb"},"inLanguage":"es","potentialAction":[{"@type":"ReadAction","target":["https:\/\/elotroenfoque.mx\/index.php\/2026\/09\/02\/morena-dispara-su-padron-y-supera-los-11-6-millones\/"]}]},{"@type":"ImageObject","inLanguage":"es","@id":"https:\/\/elotroenfoque.mx\/index.php\/2026\/09\/02\/morena-dispara-su-padron-y-supera-los-11-6-millones\/#primaryimage","url":"https:\/\/elotroenfoque.mx\/wp-content\/uploads\/2026\/09\/padron-de-partidos.jpg","contentUrl":"https:\/\/elotroenfoque.mx\/wp-content\/uploads\/2026\/09\/padron-de-partidos.jpg","width":809,"height":534},{"@type":"BreadcrumbList","@id":"https:\/\/elotroenfoque.mx\/index.php\/2026\/09\/02\/morena-dispara-su-padron-y-supera-los-11-6-millones\/#breadcrumb","itemListElement":[{"@type":"ListItem","position":1,"name":"Portada","item":"https:\/\/elotroenfoque.mx\/"},{"@type":"ListItem","position":2,"name":"Morena dispara su padr\u00f3n y supera los 11.6 millones"}]},{"@type":"WebSite","@id":"https:\/\/elotroenfoque.mx\/#website","url":"https:\/\/elotroenfoque.mx\/","name":"El otro enfoque","description":"","potentialAction":[{"@type":"SearchAction","target":{"@type":"EntryPoint","urlTemplate":"https:\/\/elotroenfoque.mx\/?s={search_term_string}"},"query-input":{"@type":"PropertyValueSpecification","valueRequired":true,"valueName":"search_term_string"}}],"inLanguage":"es"},{"@type":"Person","@id":"https:\/\/elotroenfoque.mx\/#\/schema\/person\/8eb322f84d0bd9f337e462905519a1ae","name":"Equipo Redaccion","image":{"@type":"ImageObject","inLanguage":"es","@id":"https:\/\/secure.gravatar.com\/avatar\/3579478e2b4e7aad364a32b26cf744b360ae0e581ee1cd0cb18a8f239ee49ac4?s=96&d=mm&r=g","url":"https:\/\/secure.gravatar.com\/avatar\/3579478e2b4e7aad364a32b26cf744b360ae0e581ee1cd0cb18a8f239ee49ac4?s=96&d=mm&r=g","contentUrl":"https:\/\/secure.gravatar.com\/avatar\/3579478e2b4e7aad364a32b26cf744b360ae0e581ee1cd0cb18a8f239ee49ac4?s=96&d=mm&r=g","caption":"Equipo Redaccion"},"url":"https:\/\/elotroenfoque.mx\/index.php\/author\/redaccion\/"}]}},"_links":{"self":[{"href":"https:\/\/elotroenfoque.mx\/index.php\/wp-json\/wp\/v2\/posts\/195390","targetHints":{"allow":["GET"]}}],"collection":[{"href":"https:\/\/elotroenfoque.mx\/index.php\/wp-json\/wp\/v2\/posts"}],"about":[{"href":"https:\/\/elotroenfoque.mx\/index.php\/wp-json\/wp\/v2\/types\/post"}],"author":[{"embeddable":true,"href":"https:\/\/elotroenfoque.mx\/index.php\/wp-json\/wp\/v2\/users\/4"}],"replies":[{"embeddable":true,"href":"https:\/\/elotroenfoque.mx\/index.php\/wp-json\/wp\/v2\/comments?post=195390"}],"version-history":[{"count":2,"href":"https:\/\/elotroenfoque.mx\/index.php\/wp-json\/wp\/v2\/posts\/195390\/revisions"}],"predecessor-version":[{"id":195397,"href":"https:\/\/elotroenfoque.mx\/index.php\/wp-json\/wp\/v2\/posts\/195390\/revisions\/195397"}],"wp:featuredmedia":[{"embeddable":true,"href":"https:\/\/elotroenfoque.mx\/index.php\/wp-json\/wp\/v2\/media\/195391"}],"wp:attachment":[{"href":"https:\/\/elotroenfoque.mx\/index.php\/wp-json\/wp\/v2\/media?parent=195390"}],"wp:term":[{"taxonomy":"category","embeddable":true,"href":"https:\/\/elotroenfoque.mx\/index.php\/wp-json\/wp\/v2\/categories?post=195390"},{"taxonomy":"post_tag","embeddable":true,"href":"https:\/\/elotroenfoque.mx\/index.php\/wp-json\/wp\/v2\/tags?post=195390"}],"curies":[{"name":"wp","href":"https:\/\/api.w.org\/{rel}","templated":true}]}}