{"id":195398,"date":"2026-09-02T12:00:04","date_gmt":"2026-09-02T18:00:04","guid":{"rendered":"https:\/\/elotroenfoque.mx\/?p=195398"},"modified":"2026-09-02T13:25:34","modified_gmt":"2026-09-02T19:25:34","slug":"atacan-a-balazos-a-titular-de-proteccion-civil-en-mazatlan","status":"publish","type":"post","link":"https:\/\/elotroenfoque.mx\/index.php\/2026\/09\/02\/atacan-a-balazos-a-titular-de-proteccion-civil-en-mazatlan\/","title":{"rendered":"Atacan a balazos a titular de Protecci\u00f3n Civil en Mazatl\u00e1n"},"content":{"rendered":"\n<p class=\"wp-block-paragraph\">El coordinador de Protecci\u00f3n Civil de Mazatl\u00e1n, \u00d3scar Osuna Tirado, fue herido tras sufrir un ataque la ma\u00f1ana de este mi\u00e9rcoles, cuando personas armadas dispararon contra la unidad oficial en la que se desplazaba.<\/p>\n\n\n\n<p class=\"wp-block-paragraph\">La agresi\u00f3n ocurri\u00f3 cerca de las 07:45 horas sobre la avenida Guti\u00e9rrez N\u00e1jera. De acuerdo con los primeros reportes, dos sujetos a bordo de una motocicleta se aproximaron al veh\u00edculo institucional y abrieron fuego en repetidas ocasiones antes de darse a la fuga.<\/p>\n\n\n\n<p class=\"wp-block-paragraph\">Tambi\u00e9n lee: <strong><a href=\"https:\/\/elotroenfoque.mx\/index.php\/2026\/09\/02\/morena-dispara-su-padron-y-supera-los-11-6-millones\/\">Morena dispara su padr\u00f3n y supera los 11.6 millones<\/a><\/strong><\/p>\n\n\n\n<p class=\"wp-block-paragraph\">Osuna Tirado fue trasladado a un hospital para recibir atenci\u00f3n m\u00e9dica. Informes preliminares se\u00f1alan que las lesiones que sufri\u00f3 no ponen en riesgo su vida. Durante el incidente, una segunda persona tambi\u00e9n result\u00f3 lesionada y fue atendida por los cuerpos de emergencia.<\/p>\n\n\n\n<h2 class=\"wp-block-heading\">Despliegan operativo de seguridad<\/h2>\n\n\n\n<p class=\"wp-block-paragraph\">Luego del ataque en Mazatl\u00e1n, fuerzas de los tres niveles de gobierno implementaron un dispositivo de b\u00fasqueda en las avenidas cercanas. En las labores de patrullaje y resguardo de la escena participaron elementos de la Polic\u00eda Municipal, el Ej\u00e9rcito Mexicano y la Secretar\u00eda de Marina.<\/p>\n\n\n\n<p class=\"wp-block-paragraph\">Hasta el momento, las autoridades no han informado sobre personas detenidas relacionadas con la agresi\u00f3n. La fiscal\u00eda estatal qued\u00f3 a cargo de las investigaciones para esclarecer el m\u00f3vil del hecho.<\/p>\n\n\n\n<p class=\"wp-block-paragraph\"><strong><a href=\"https:\/\/www.tiktok.com\/@elotroenfoque?_r=1&amp;_t=ZS-97ffhW6kR1t\">Sigue tambi\u00e9n las noticias en TikTok<\/a><\/strong><\/p>\n\n\n\n<p class=\"wp-block-paragraph\"><\/p>\n","protected":false},"excerpt":{"rendered":"<p>El coordinador de Protecci\u00f3n Civil de Mazatl\u00e1n, \u00d3scar Osuna Tirado, fue herido tras sufrir un ataque la ma\u00f1ana de este mi\u00e9rcoles, cuando personas armadas dispararon contra la unidad oficial en la que se desplazaba. La agresi\u00f3n ocurri\u00f3 cerca de las 07:45 horas sobre la avenida Guti\u00e9rrez N\u00e1jera. De acuerdo con los primeros reportes, dos sujetos&#8230;<\/p>\n","protected":false},"author":4,"featured_media":195399,"comment_status":"closed","ping_status":"open","sticky":false,"template":"","format":"standard","meta":{"footnotes":""},"categories":[11],"tags":[13,4517],"class_list":["post-195398","post","type-post","status-publish","format-standard","has-post-thumbnail","hentry","category-otrasnoticias","tag-guanajuato","tag-noticias-guanajuato"],"yoast_head":"<!-- This site is optimized with the Yoast SEO plugin v28.2 - https:\/\/yoast.com\/product\/yoast-seo-wordpress\/ -->\n<title>Atacan a balazos a titular de Protecci\u00f3n Civil en Mazatl\u00e1n - El otro enfoque<\/title>\n<meta name=\"description\" content=\"\u00d3scar Osuna Tirado, coordinador de Protecci\u00f3n Civil en Mazatl\u00e1n, fue herido a balazos en un ataque armado mientras viajaba en una camioneta oficial.\" \/>\n<meta name=\"robots\" content=\"index, follow, max-snippet:-1, max-image-preview:large, max-video-preview:-1\" \/>\n<link rel=\"canonical\" href=\"https:\/\/elotroenfoque.mx\/index.php\/2026\/09\/02\/atacan-a-balazos-a-titular-de-proteccion-civil-en-mazatlan\/\" \/>\n<meta property=\"og:locale\" content=\"es_MX\" \/>\n<meta property=\"og:type\" content=\"article\" \/>\n<meta property=\"og:title\" content=\"Atacan a balazos a titular de Protecci\u00f3n Civil en Mazatl\u00e1n - El otro enfoque\" \/>\n<meta property=\"og:description\" content=\"\u00d3scar Osuna Tirado, coordinador de Protecci\u00f3n Civil en Mazatl\u00e1n, fue herido a balazos en un ataque armado mientras viajaba en una camioneta oficial.\" \/>\n<meta property=\"og:url\" content=\"https:\/\/elotroenfoque.mx\/index.php\/2026\/09\/02\/atacan-a-balazos-a-titular-de-proteccion-civil-en-mazatlan\/\" \/>\n<meta property=\"og:site_name\" content=\"El otro enfoque\" \/>\n<meta property=\"article:published_time\" content=\"2026-09-02T18:00:04+00:00\" \/>\n<meta property=\"article:modified_time\" content=\"2026-09-02T19:25:34+00:00\" \/>\n<meta property=\"og:image\" content=\"https:\/\/elotroenfoque.mx\/wp-content\/uploads\/2026\/09\/atacan-a-titular-de-PC-en-mazatlan.jpeg\" \/>\n\t<meta property=\"og:image:width\" content=\"917\" \/>\n\t<meta property=\"og:image:height\" content=\"660\" \/>\n\t<meta property=\"og:image:type\" content=\"image\/jpeg\" \/>\n<meta name=\"author\" content=\"Equipo Redaccion\" \/>\n<meta name=\"twitter:card\" content=\"summary_large_image\" \/>\n<meta name=\"twitter:label1\" content=\"Escrito por\" \/>\n\t<meta name=\"twitter:data1\" content=\"Equipo Redaccion\" \/>\n\t<meta name=\"twitter:label2\" content=\"Tiempo de lectura\" \/>\n\t<meta name=\"twitter:data2\" content=\"2 minutos\" \/>\n<script type=\"application\/ld+json\" class=\"yoast-schema-graph\">{\"@context\":\"https:\\\/\\\/schema.org\",\"@graph\":[{\"@type\":\"Article\",\"@id\":\"https:\\\/\\\/elotroenfoque.mx\\\/index.php\\\/2026\\\/09\\\/02\\\/atacan-a-balazos-a-titular-de-proteccion-civil-en-mazatlan\\\/#article\",\"isPartOf\":{\"@id\":\"https:\\\/\\\/elotroenfoque.mx\\\/index.php\\\/2026\\\/09\\\/02\\\/atacan-a-balazos-a-titular-de-proteccion-civil-en-mazatlan\\\/\"},\"author\":{\"name\":\"Equipo Redaccion\",\"@id\":\"https:\\\/\\\/elotroenfoque.mx\\\/#\\\/schema\\\/person\\\/8eb322f84d0bd9f337e462905519a1ae\"},\"headline\":\"Atacan a balazos a titular de Protecci\u00f3n Civil en Mazatl\u00e1n\",\"datePublished\":\"2026-09-02T18:00:04+00:00\",\"dateModified\":\"2026-09-02T19:25:34+00:00\",\"mainEntityOfPage\":{\"@id\":\"https:\\\/\\\/elotroenfoque.mx\\\/index.php\\\/2026\\\/09\\\/02\\\/atacan-a-balazos-a-titular-de-proteccion-civil-en-mazatlan\\\/\"},\"wordCount\":248,\"image\":{\"@id\":\"https:\\\/\\\/elotroenfoque.mx\\\/index.php\\\/2026\\\/09\\\/02\\\/atacan-a-balazos-a-titular-de-proteccion-civil-en-mazatlan\\\/#primaryimage\"},\"thumbnailUrl\":\"https:\\\/\\\/elotroenfoque.mx\\\/wp-content\\\/uploads\\\/2026\\\/09\\\/atacan-a-titular-de-PC-en-mazatlan.jpeg\",\"keywords\":[\"Guanajuato\",\"Noticias Guanajuato\"],\"articleSection\":[\"Otras Noticias\"],\"inLanguage\":\"es\"},{\"@type\":\"WebPage\",\"@id\":\"https:\\\/\\\/elotroenfoque.mx\\\/index.php\\\/2026\\\/09\\\/02\\\/atacan-a-balazos-a-titular-de-proteccion-civil-en-mazatlan\\\/\",\"url\":\"https:\\\/\\\/elotroenfoque.mx\\\/index.php\\\/2026\\\/09\\\/02\\\/atacan-a-balazos-a-titular-de-proteccion-civil-en-mazatlan\\\/\",\"name\":\"Atacan a balazos a titular de Protecci\u00f3n Civil en Mazatl\u00e1n - El otro enfoque\",\"isPartOf\":{\"@id\":\"https:\\\/\\\/elotroenfoque.mx\\\/#website\"},\"primaryImageOfPage\":{\"@id\":\"https:\\\/\\\/elotroenfoque.mx\\\/index.php\\\/2026\\\/09\\\/02\\\/atacan-a-balazos-a-titular-de-proteccion-civil-en-mazatlan\\\/#primaryimage\"},\"image\":{\"@id\":\"https:\\\/\\\/elotroenfoque.mx\\\/index.php\\\/2026\\\/09\\\/02\\\/atacan-a-balazos-a-titular-de-proteccion-civil-en-mazatlan\\\/#primaryimage\"},\"thumbnailUrl\":\"https:\\\/\\\/elotroenfoque.mx\\\/wp-content\\\/uploads\\\/2026\\\/09\\\/atacan-a-titular-de-PC-en-mazatlan.jpeg\",\"datePublished\":\"2026-09-02T18:00:04+00:00\",\"dateModified\":\"2026-09-02T19:25:34+00:00\",\"author\":{\"@id\":\"https:\\\/\\\/elotroenfoque.mx\\\/#\\\/schema\\\/person\\\/8eb322f84d0bd9f337e462905519a1ae\"},\"description\":\"\u00d3scar Osuna Tirado, coordinador de Protecci\u00f3n Civil en Mazatl\u00e1n, fue herido a balazos en un ataque armado mientras viajaba en una camioneta oficial.\",\"breadcrumb\":{\"@id\":\"https:\\\/\\\/elotroenfoque.mx\\\/index.php\\\/2026\\\/09\\\/02\\\/atacan-a-balazos-a-titular-de-proteccion-civil-en-mazatlan\\\/#breadcrumb\"},\"inLanguage\":\"es\",\"potentialAction\":[{\"@type\":\"ReadAction\",\"target\":[\"https:\\\/\\\/elotroenfoque.mx\\\/index.php\\\/2026\\\/09\\\/02\\\/atacan-a-balazos-a-titular-de-proteccion-civil-en-mazatlan\\\/\"]}]},{\"@type\":\"ImageObject\",\"inLanguage\":\"es\",\"@id\":\"https:\\\/\\\/elotroenfoque.mx\\\/index.php\\\/2026\\\/09\\\/02\\\/atacan-a-balazos-a-titular-de-proteccion-civil-en-mazatlan\\\/#primaryimage\",\"url\":\"https:\\\/\\\/elotroenfoque.mx\\\/wp-content\\\/uploads\\\/2026\\\/09\\\/atacan-a-titular-de-PC-en-mazatlan.jpeg\",\"contentUrl\":\"https:\\\/\\\/elotroenfoque.mx\\\/wp-content\\\/uploads\\\/2026\\\/09\\\/atacan-a-titular-de-PC-en-mazatlan.jpeg\",\"width\":917,\"height\":660},{\"@type\":\"BreadcrumbList\",\"@id\":\"https:\\\/\\\/elotroenfoque.mx\\\/index.php\\\/2026\\\/09\\\/02\\\/atacan-a-balazos-a-titular-de-proteccion-civil-en-mazatlan\\\/#breadcrumb\",\"itemListElement\":[{\"@type\":\"ListItem\",\"position\":1,\"name\":\"Portada\",\"item\":\"https:\\\/\\\/elotroenfoque.mx\\\/\"},{\"@type\":\"ListItem\",\"position\":2,\"name\":\"Atacan a balazos a titular de Protecci\u00f3n Civil en Mazatl\u00e1n\"}]},{\"@type\":\"WebSite\",\"@id\":\"https:\\\/\\\/elotroenfoque.mx\\\/#website\",\"url\":\"https:\\\/\\\/elotroenfoque.mx\\\/\",\"name\":\"El otro enfoque\",\"description\":\"\",\"potentialAction\":[{\"@type\":\"SearchAction\",\"target\":{\"@type\":\"EntryPoint\",\"urlTemplate\":\"https:\\\/\\\/elotroenfoque.mx\\\/?s={search_term_string}\"},\"query-input\":{\"@type\":\"PropertyValueSpecification\",\"valueRequired\":true,\"valueName\":\"search_term_string\"}}],\"inLanguage\":\"es\"},{\"@type\":\"Person\",\"@id\":\"https:\\\/\\\/elotroenfoque.mx\\\/#\\\/schema\\\/person\\\/8eb322f84d0bd9f337e462905519a1ae\",\"name\":\"Equipo Redaccion\",\"image\":{\"@type\":\"ImageObject\",\"inLanguage\":\"es\",\"@id\":\"https:\\\/\\\/secure.gravatar.com\\\/avatar\\\/3579478e2b4e7aad364a32b26cf744b360ae0e581ee1cd0cb18a8f239ee49ac4?s=96&d=mm&r=g\",\"url\":\"https:\\\/\\\/secure.gravatar.com\\\/avatar\\\/3579478e2b4e7aad364a32b26cf744b360ae0e581ee1cd0cb18a8f239ee49ac4?s=96&d=mm&r=g\",\"contentUrl\":\"https:\\\/\\\/secure.gravatar.com\\\/avatar\\\/3579478e2b4e7aad364a32b26cf744b360ae0e581ee1cd0cb18a8f239ee49ac4?s=96&d=mm&r=g\",\"caption\":\"Equipo Redaccion\"},\"url\":\"https:\\\/\\\/elotroenfoque.mx\\\/index.php\\\/author\\\/redaccion\\\/\"}]}<\/script>\n<!-- \/ Yoast SEO plugin. -->","yoast_head_json":{"title":"Atacan a balazos a titular de Protecci\u00f3n Civil en Mazatl\u00e1n - El otro enfoque","description":"\u00d3scar Osuna Tirado, coordinador de Protecci\u00f3n Civil en Mazatl\u00e1n, fue herido a balazos en un ataque armado mientras viajaba en una camioneta oficial.","robots":{"index":"index","follow":"follow","max-snippet":"max-snippet:-1","max-image-preview":"max-image-preview:large","max-video-preview":"max-video-preview:-1"},"canonical":"https:\/\/elotroenfoque.mx\/index.php\/2026\/09\/02\/atacan-a-balazos-a-titular-de-proteccion-civil-en-mazatlan\/","og_locale":"es_MX","og_type":"article","og_title":"Atacan a balazos a titular de Protecci\u00f3n Civil en Mazatl\u00e1n - El otro enfoque","og_description":"\u00d3scar Osuna Tirado, coordinador de Protecci\u00f3n Civil en Mazatl\u00e1n, fue herido a balazos en un ataque armado mientras viajaba en una camioneta oficial.","og_url":"https:\/\/elotroenfoque.mx\/index.php\/2026\/09\/02\/atacan-a-balazos-a-titular-de-proteccion-civil-en-mazatlan\/","og_site_name":"El otro enfoque","article_published_time":"2026-09-02T18:00:04+00:00","article_modified_time":"2026-09-02T19:25:34+00:00","og_image":[{"width":917,"height":660,"url":"https:\/\/elotroenfoque.mx\/wp-content\/uploads\/2026\/09\/atacan-a-titular-de-PC-en-mazatlan.jpeg","type":"image\/jpeg"}],"author":"Equipo Redaccion","twitter_card":"summary_large_image","twitter_misc":{"Escrito por":"Equipo Redaccion","Tiempo de lectura":"2 minutos"},"schema":{"@context":"https:\/\/schema.org","@graph":[{"@type":"Article","@id":"https:\/\/elotroenfoque.mx\/index.php\/2026\/09\/02\/atacan-a-balazos-a-titular-de-proteccion-civil-en-mazatlan\/#article","isPartOf":{"@id":"https:\/\/elotroenfoque.mx\/index.php\/2026\/09\/02\/atacan-a-balazos-a-titular-de-proteccion-civil-en-mazatlan\/"},"author":{"name":"Equipo Redaccion","@id":"https:\/\/elotroenfoque.mx\/#\/schema\/person\/8eb322f84d0bd9f337e462905519a1ae"},"headline":"Atacan a balazos a titular de Protecci\u00f3n Civil en Mazatl\u00e1n","datePublished":"2026-09-02T18:00:04+00:00","dateModified":"2026-09-02T19:25:34+00:00","mainEntityOfPage":{"@id":"https:\/\/elotroenfoque.mx\/index.php\/2026\/09\/02\/atacan-a-balazos-a-titular-de-proteccion-civil-en-mazatlan\/"},"wordCount":248,"image":{"@id":"https:\/\/elotroenfoque.mx\/index.php\/2026\/09\/02\/atacan-a-balazos-a-titular-de-proteccion-civil-en-mazatlan\/#primaryimage"},"thumbnailUrl":"https:\/\/elotroenfoque.mx\/wp-content\/uploads\/2026\/09\/atacan-a-titular-de-PC-en-mazatlan.jpeg","keywords":["Guanajuato","Noticias Guanajuato"],"articleSection":["Otras Noticias"],"inLanguage":"es"},{"@type":"WebPage","@id":"https:\/\/elotroenfoque.mx\/index.php\/2026\/09\/02\/atacan-a-balazos-a-titular-de-proteccion-civil-en-mazatlan\/","url":"https:\/\/elotroenfoque.mx\/index.php\/2026\/09\/02\/atacan-a-balazos-a-titular-de-proteccion-civil-en-mazatlan\/","name":"Atacan a balazos a titular de Protecci\u00f3n Civil en Mazatl\u00e1n - El otro enfoque","isPartOf":{"@id":"https:\/\/elotroenfoque.mx\/#website"},"primaryImageOfPage":{"@id":"https:\/\/elotroenfoque.mx\/index.php\/2026\/09\/02\/atacan-a-balazos-a-titular-de-proteccion-civil-en-mazatlan\/#primaryimage"},"image":{"@id":"https:\/\/elotroenfoque.mx\/index.php\/2026\/09\/02\/atacan-a-balazos-a-titular-de-proteccion-civil-en-mazatlan\/#primaryimage"},"thumbnailUrl":"https:\/\/elotroenfoque.mx\/wp-content\/uploads\/2026\/09\/atacan-a-titular-de-PC-en-mazatlan.jpeg","datePublished":"2026-09-02T18:00:04+00:00","dateModified":"2026-09-02T19:25:34+00:00","author":{"@id":"https:\/\/elotroenfoque.mx\/#\/schema\/person\/8eb322f84d0bd9f337e462905519a1ae"},"description":"\u00d3scar Osuna Tirado, coordinador de Protecci\u00f3n Civil en Mazatl\u00e1n, fue herido a balazos en un ataque armado mientras viajaba en una camioneta oficial.","breadcrumb":{"@id":"https:\/\/elotroenfoque.mx\/index.php\/2026\/09\/02\/atacan-a-balazos-a-titular-de-proteccion-civil-en-mazatlan\/#breadcrumb"},"inLanguage":"es","potentialAction":[{"@type":"ReadAction","target":["https:\/\/elotroenfoque.mx\/index.php\/2026\/09\/02\/atacan-a-balazos-a-titular-de-proteccion-civil-en-mazatlan\/"]}]},{"@type":"ImageObject","inLanguage":"es","@id":"https:\/\/elotroenfoque.mx\/index.php\/2026\/09\/02\/atacan-a-balazos-a-titular-de-proteccion-civil-en-mazatlan\/#primaryimage","url":"https:\/\/elotroenfoque.mx\/wp-content\/uploads\/2026\/09\/atacan-a-titular-de-PC-en-mazatlan.jpeg","contentUrl":"https:\/\/elotroenfoque.mx\/wp-content\/uploads\/2026\/09\/atacan-a-titular-de-PC-en-mazatlan.jpeg","width":917,"height":660},{"@type":"BreadcrumbList","@id":"https:\/\/elotroenfoque.mx\/index.php\/2026\/09\/02\/atacan-a-balazos-a-titular-de-proteccion-civil-en-mazatlan\/#breadcrumb","itemListElement":[{"@type":"ListItem","position":1,"name":"Portada","item":"https:\/\/elotroenfoque.mx\/"},{"@type":"ListItem","position":2,"name":"Atacan a balazos a titular de Protecci\u00f3n Civil en Mazatl\u00e1n"}]},{"@type":"WebSite","@id":"https:\/\/elotroenfoque.mx\/#website","url":"https:\/\/elotroenfoque.mx\/","name":"El otro enfoque","description":"","potentialAction":[{"@type":"SearchAction","target":{"@type":"EntryPoint","urlTemplate":"https:\/\/elotroenfoque.mx\/?s={search_term_string}"},"query-input":{"@type":"PropertyValueSpecification","valueRequired":true,"valueName":"search_term_string"}}],"inLanguage":"es"},{"@type":"Person","@id":"https:\/\/elotroenfoque.mx\/#\/schema\/person\/8eb322f84d0bd9f337e462905519a1ae","name":"Equipo Redaccion","image":{"@type":"ImageObject","inLanguage":"es","@id":"https:\/\/secure.gravatar.com\/avatar\/3579478e2b4e7aad364a32b26cf744b360ae0e581ee1cd0cb18a8f239ee49ac4?s=96&d=mm&r=g","url":"https:\/\/secure.gravatar.com\/avatar\/3579478e2b4e7aad364a32b26cf744b360ae0e581ee1cd0cb18a8f239ee49ac4?s=96&d=mm&r=g","contentUrl":"https:\/\/secure.gravatar.com\/avatar\/3579478e2b4e7aad364a32b26cf744b360ae0e581ee1cd0cb18a8f239ee49ac4?s=96&d=mm&r=g","caption":"Equipo Redaccion"},"url":"https:\/\/elotroenfoque.mx\/index.php\/author\/redaccion\/"}]}},"_links":{"self":[{"href":"https:\/\/elotroenfoque.mx\/index.php\/wp-json\/wp\/v2\/posts\/195398","targetHints":{"allow":["GET"]}}],"collection":[{"href":"https:\/\/elotroenfoque.mx\/index.php\/wp-json\/wp\/v2\/posts"}],"about":[{"href":"https:\/\/elotroenfoque.mx\/index.php\/wp-json\/wp\/v2\/types\/post"}],"author":[{"embeddable":true,"href":"https:\/\/elotroenfoque.mx\/index.php\/wp-json\/wp\/v2\/users\/4"}],"replies":[{"embeddable":true,"href":"https:\/\/elotroenfoque.mx\/index.php\/wp-json\/wp\/v2\/comments?post=195398"}],"version-history":[{"count":2,"href":"https:\/\/elotroenfoque.mx\/index.php\/wp-json\/wp\/v2\/posts\/195398\/revisions"}],"predecessor-version":[{"id":195405,"href":"https:\/\/elotroenfoque.mx\/index.php\/wp-json\/wp\/v2\/posts\/195398\/revisions\/195405"}],"wp:featuredmedia":[{"embeddable":true,"href":"https:\/\/elotroenfoque.mx\/index.php\/wp-json\/wp\/v2\/media\/195399"}],"wp:attachment":[{"href":"https:\/\/elotroenfoque.mx\/index.php\/wp-json\/wp\/v2\/media?parent=195398"}],"wp:term":[{"taxonomy":"category","embeddable":true,"href":"https:\/\/elotroenfoque.mx\/index.php\/wp-json\/wp\/v2\/categories?post=195398"},{"taxonomy":"post_tag","embeddable":true,"href":"https:\/\/elotroenfoque.mx\/index.php\/wp-json\/wp\/v2\/tags?post=195398"}],"curies":[{"name":"wp","href":"https:\/\/api.w.org\/{rel}","templated":true}]}}