{"id":195401,"date":"2026-09-02T12:46:47","date_gmt":"2026-09-02T18:46:47","guid":{"rendered":"https:\/\/elotroenfoque.mx\/?p=195401"},"modified":"2026-09-02T12:46:48","modified_gmt":"2026-09-02T18:46:48","slug":"sheinbaum-intentos-de-dividir-al-gobierno-se-topan-con-pared","status":"publish","type":"post","link":"https:\/\/elotroenfoque.mx\/index.php\/2026\/09\/02\/sheinbaum-intentos-de-dividir-al-gobierno-se-topan-con-pared\/","title":{"rendered":"Sheinbaum: intentos de dividir al gobierno \u201cse topan con pared\u201d"},"content":{"rendered":"\n<p class=\"wp-block-paragraph\">La presidenta de M\u00e9xico, Claudia Sheinbaum, afirm\u00f3 que los intentos de dividir al gobierno federal \u201cse topan con pared\u201d por la coordinaci\u00f3n existente.<\/p>\n\n\n\n<p class=\"wp-block-paragraph\">Durante su conferencia matutina de este mi\u00e9rcoles, se\u00f1al\u00f3 que actores de Estados Unidos buscan generar conflictos entre funcionarios mexicanos.<\/p>\n\n\n\n<p class=\"wp-block-paragraph\">Sheinbaum explic\u00f3 que estas estrategias consisten en elogiar a algunos integrantes del gobierno y criticar a otros. Sin embargo, asegur\u00f3 que la unidad del Gabinete de Seguridad impide que prosperen esos intentos.<\/p>\n\n\n\n<p class=\"wp-block-paragraph\">La presidenta se\u00f1al\u00f3 que una de las t\u00e1cticas consiste en hablar favorablemente de algunos funcionarios mexicanos y cuestionar p\u00fablicamente a otros.<\/p>\n\n\n\n<p class=\"wp-block-paragraph\">Seg\u00fan explic\u00f3, esta estrategia busca provocar conflictos internos dentro de la administraci\u00f3n federal. Adem\u00e1s, sus declaraciones ocurrieron despu\u00e9s de los elogios de Terry Cole, director de la DEA, hacia Omar Garc\u00eda Harfuch.<\/p>\n\n\n\n<p class=\"wp-block-paragraph\">El secretario de Seguridad y Protecci\u00f3n Ciudadana recibi\u00f3 reconocimiento del funcionario estadounidense por las acciones realizadas en materia de seguridad.<\/p>\n\n\n\n<p class=\"wp-block-paragraph\">Sin embargo, Sheinbaum sostuvo que los intentos de dividir al gobierno \u201cse topan con pared\u201d, debido a la coordinaci\u00f3n que existe entre las instituciones federales.<\/p>\n\n\n\n<p class=\"wp-block-paragraph\">La mandataria destac\u00f3 particularmente la colaboraci\u00f3n entre las dependencias que participan directamente en la estrategia nacional de seguridad.<\/p>\n\n\n\n<h2 class=\"wp-block-heading\">Sheinbaum destaca unidad del Gabinete de Seguridad<\/h2>\n\n\n\n<p class=\"wp-block-paragraph\">La titular del Ejecutivo federal resalt\u00f3 la coordinaci\u00f3n entre la Secretar\u00eda de la Defensa Nacional, la Secretar\u00eda de Marina y la Secretar\u00eda de Seguridad.<\/p>\n\n\n\n<p class=\"wp-block-paragraph\">Tambi\u00e9n mencion\u00f3 a la Secretar\u00eda de Gobernaci\u00f3n y a la Consejer\u00eda Jur\u00eddica de la Presidencia como parte de este trabajo conjunto.<\/p>\n\n\n\n<p class=\"wp-block-paragraph\">Para Sheinbaum, esta coordinaci\u00f3n institucional ha sido fundamental para obtener resultados dentro de la estrategia de seguridad implementada por su gobierno.<\/p>\n\n\n\n<p class=\"wp-block-paragraph\">Adem\u00e1s, asegur\u00f3 que los avances registrados en la reducci\u00f3n de homicidios no podr\u00edan explicarse sin la colaboraci\u00f3n entre las corporaciones federales.<\/p>\n\n\n\n<p class=\"wp-block-paragraph\">En este trabajo tambi\u00e9n participa la Fiscal\u00eda General de la Rep\u00fablica (FGR), cuya coordinaci\u00f3n con las instituciones federales resulta necesaria para la estrategia.<\/p>\n\n\n\n<p class=\"wp-block-paragraph\">Por ello, la presidenta insisti\u00f3 en que los intentos de dividir al gobierno no han logrado afectar la coordinaci\u00f3n entre las dependencias.<\/p>\n\n\n\n<h2 class=\"wp-block-heading\">M\u00e9xico vuelve a ser tema electoral en Estados Unidos<\/h2>\n\n\n\n<p class=\"wp-block-paragraph\">Durante la conferencia matutina, Sheinbaum tambi\u00e9n habl\u00f3 sobre la relaci\u00f3n entre M\u00e9xico y Estados Unidos durante los procesos electorales.<\/p>\n\n\n\n<p class=\"wp-block-paragraph\">La presidenta consider\u00f3 que M\u00e9xico suele convertirse en un tema recurrente dentro de la pol\u00edtica electoral estadounidense.<\/p>\n\n\n\n<p class=\"wp-block-paragraph\">Adem\u00e1s, se\u00f1al\u00f3 que esta situaci\u00f3n aumenta cuando se acercan los procesos electorales en ese pa\u00eds.<\/p>\n\n\n\n<p class=\"wp-block-paragraph\">\u201cEllos recuerden que est\u00e1n en elecci\u00f3n en noviembre, entonces usan muchas veces a M\u00e9xico como parte de su elecci\u00f3n\u201d, se\u00f1al\u00f3.<\/p>\n\n\n\n<p class=\"wp-block-paragraph\">La mandataria hizo referencia as\u00ed al contexto pol\u00edtico estadounidense y a la manera en que algunos actores utilizan asuntos relacionados con M\u00e9xico.<\/p>\n\n\n\n<p class=\"wp-block-paragraph\">Sin embargo, Sheinbaum sostuvo que el gobierno mexicano mantendr\u00e1 una postura de coordinaci\u00f3n con las autoridades estadounidenses.<\/p>\n\n\n\n<h2 class=\"wp-block-heading\">Sheinbaum rechaza intervenciones en asuntos internos<\/h2>\n\n\n\n<p class=\"wp-block-paragraph\">Aunque M\u00e9xico mantendr\u00e1 la colaboraci\u00f3n con Estados Unidos, la presidenta marc\u00f3 una diferencia respecto a posibles intervenciones.<\/p>\n\n\n\n<p class=\"wp-block-paragraph\">Sheinbaum insisti\u00f3 en que la coordinaci\u00f3n bilateral no significa aceptar injerencias en los asuntos internos de M\u00e9xico.<\/p>\n\n\n\n<p class=\"wp-block-paragraph\">\u201cQue se ocupen de los asuntos de all\u00e1, ac\u00e1 nos ocupamos nosotros de los asuntos de ac\u00e1 y nos coordinamos\u201d, expres\u00f3.<\/p>\n\n\n\n<p class=\"wp-block-paragraph\">La frase resume la postura planteada por la presidenta frente a los comentarios provenientes de funcionarios estadounidenses.<\/p>\n\n\n\n<p class=\"wp-block-paragraph\">Tambi\u00e9n lee: <strong><a href=\"https:\/\/elotroenfoque.mx\/index.php\/2026\/09\/02\/atacan-a-balazos-a-titular-de-proteccion-civil-en-mazatlan\/\">Atacan a balazos a titular de Protecci\u00f3n Civil en Mazatl\u00e1n<\/a><\/strong><\/p>\n\n\n\n<p class=\"wp-block-paragraph\">Adem\u00e1s, defendi\u00f3 que la cooperaci\u00f3n entre ambos pa\u00edses puede continuar siempre que exista respeto a la soberan\u00eda mexicana.<\/p>\n\n\n\n<p class=\"wp-block-paragraph\">De esta manera, los intentos de dividir al gobierno, seg\u00fan Sheinbaum, no han afectado la coordinaci\u00f3n del Gabinete de Seguridad.<\/p>\n\n\n\n<p class=\"wp-block-paragraph\">Mientras tanto, la administraci\u00f3n federal mantiene la colaboraci\u00f3n con Estados Unidos, pero establece como l\u00edmite la intervenci\u00f3n en asuntos internos.<\/p>\n\n\n\n<p class=\"wp-block-paragraph\"><strong><a href=\"https:\/\/www.tiktok.com\/@elotroenfoque?_r=1&amp;_t=ZS-97ffhW6kR1t\">Sigue tambi\u00e9n las noticias en TikTok<\/a><\/strong><\/p>\n\n\n\n<p class=\"wp-block-paragraph\"><\/p>\n","protected":false},"excerpt":{"rendered":"<p>La presidenta de M\u00e9xico, Claudia Sheinbaum, afirm\u00f3 que los intentos de dividir al gobierno federal \u201cse topan con pared\u201d por la coordinaci\u00f3n existente. Durante su conferencia matutina de este mi\u00e9rcoles, se\u00f1al\u00f3 que actores de Estados Unidos buscan generar conflictos entre funcionarios mexicanos. Sheinbaum explic\u00f3 que estas estrategias consisten en elogiar a algunos integrantes del gobierno&#8230;<\/p>\n","protected":false},"author":4,"featured_media":195402,"comment_status":"closed","ping_status":"open","sticky":false,"template":"","format":"standard","meta":{"footnotes":""},"categories":[11],"tags":[13,4517],"class_list":["post-195401","post","type-post","status-publish","format-standard","has-post-thumbnail","hentry","category-otrasnoticias","tag-guanajuato","tag-noticias-guanajuato"],"yoast_head":"<!-- This site is optimized with the Yoast SEO plugin v28.2 - https:\/\/yoast.com\/product\/yoast-seo-wordpress\/ -->\n<title>Sheinbaum: intentos de dividir al gobierno \u201cse topan con pared\u201d - El otro enfoque<\/title>\n<meta name=\"description\" content=\"Sheinbaum afirm\u00f3 que los intentos de dividir al gobierno \u201cse topan con pared\u201d por la coordinaci\u00f3n entre las instituciones de seguridad.\" \/>\n<meta name=\"robots\" content=\"index, follow, max-snippet:-1, max-image-preview:large, max-video-preview:-1\" \/>\n<link rel=\"canonical\" href=\"https:\/\/elotroenfoque.mx\/index.php\/2026\/09\/02\/sheinbaum-intentos-de-dividir-al-gobierno-se-topan-con-pared\/\" \/>\n<meta property=\"og:locale\" content=\"es_MX\" \/>\n<meta property=\"og:type\" content=\"article\" \/>\n<meta property=\"og:title\" content=\"Sheinbaum: intentos de dividir al gobierno \u201cse topan con pared\u201d - El otro enfoque\" \/>\n<meta property=\"og:description\" content=\"Sheinbaum afirm\u00f3 que los intentos de dividir al gobierno \u201cse topan con pared\u201d por la coordinaci\u00f3n entre las instituciones de seguridad.\" \/>\n<meta property=\"og:url\" content=\"https:\/\/elotroenfoque.mx\/index.php\/2026\/09\/02\/sheinbaum-intentos-de-dividir-al-gobierno-se-topan-con-pared\/\" \/>\n<meta property=\"og:site_name\" content=\"El otro enfoque\" \/>\n<meta property=\"article:published_time\" content=\"2026-09-02T18:46:47+00:00\" \/>\n<meta property=\"article:modified_time\" content=\"2026-09-02T18:46:48+00:00\" \/>\n<meta property=\"og:image\" content=\"https:\/\/elotroenfoque.mx\/wp-content\/uploads\/2026\/09\/Claudita-critica-a-EU.jpg\" \/>\n\t<meta property=\"og:image:width\" content=\"648\" \/>\n\t<meta property=\"og:image:height\" content=\"364\" \/>\n\t<meta property=\"og:image:type\" content=\"image\/jpeg\" \/>\n<meta name=\"author\" content=\"Equipo Redaccion\" \/>\n<meta name=\"twitter:card\" content=\"summary_large_image\" \/>\n<meta name=\"twitter:label1\" content=\"Escrito por\" \/>\n\t<meta name=\"twitter:data1\" content=\"Equipo Redaccion\" \/>\n\t<meta name=\"twitter:label2\" content=\"Tiempo de lectura\" \/>\n\t<meta name=\"twitter:data2\" content=\"3 minutos\" \/>\n<script type=\"application\/ld+json\" class=\"yoast-schema-graph\">{\"@context\":\"https:\\\/\\\/schema.org\",\"@graph\":[{\"@type\":\"Article\",\"@id\":\"https:\\\/\\\/elotroenfoque.mx\\\/index.php\\\/2026\\\/09\\\/02\\\/sheinbaum-intentos-de-dividir-al-gobierno-se-topan-con-pared\\\/#article\",\"isPartOf\":{\"@id\":\"https:\\\/\\\/elotroenfoque.mx\\\/index.php\\\/2026\\\/09\\\/02\\\/sheinbaum-intentos-de-dividir-al-gobierno-se-topan-con-pared\\\/\"},\"author\":{\"name\":\"Equipo Redaccion\",\"@id\":\"https:\\\/\\\/elotroenfoque.mx\\\/#\\\/schema\\\/person\\\/8eb322f84d0bd9f337e462905519a1ae\"},\"headline\":\"Sheinbaum: intentos de dividir al gobierno \u201cse topan con pared\u201d\",\"datePublished\":\"2026-09-02T18:46:47+00:00\",\"dateModified\":\"2026-09-02T18:46:48+00:00\",\"mainEntityOfPage\":{\"@id\":\"https:\\\/\\\/elotroenfoque.mx\\\/index.php\\\/2026\\\/09\\\/02\\\/sheinbaum-intentos-de-dividir-al-gobierno-se-topan-con-pared\\\/\"},\"wordCount\":682,\"image\":{\"@id\":\"https:\\\/\\\/elotroenfoque.mx\\\/index.php\\\/2026\\\/09\\\/02\\\/sheinbaum-intentos-de-dividir-al-gobierno-se-topan-con-pared\\\/#primaryimage\"},\"thumbnailUrl\":\"https:\\\/\\\/elotroenfoque.mx\\\/wp-content\\\/uploads\\\/2026\\\/09\\\/Claudita-critica-a-EU.jpg\",\"keywords\":[\"Guanajuato\",\"Noticias Guanajuato\"],\"articleSection\":[\"Otras Noticias\"],\"inLanguage\":\"es\"},{\"@type\":\"WebPage\",\"@id\":\"https:\\\/\\\/elotroenfoque.mx\\\/index.php\\\/2026\\\/09\\\/02\\\/sheinbaum-intentos-de-dividir-al-gobierno-se-topan-con-pared\\\/\",\"url\":\"https:\\\/\\\/elotroenfoque.mx\\\/index.php\\\/2026\\\/09\\\/02\\\/sheinbaum-intentos-de-dividir-al-gobierno-se-topan-con-pared\\\/\",\"name\":\"Sheinbaum: intentos de dividir al gobierno \u201cse topan con pared\u201d - El otro enfoque\",\"isPartOf\":{\"@id\":\"https:\\\/\\\/elotroenfoque.mx\\\/#website\"},\"primaryImageOfPage\":{\"@id\":\"https:\\\/\\\/elotroenfoque.mx\\\/index.php\\\/2026\\\/09\\\/02\\\/sheinbaum-intentos-de-dividir-al-gobierno-se-topan-con-pared\\\/#primaryimage\"},\"image\":{\"@id\":\"https:\\\/\\\/elotroenfoque.mx\\\/index.php\\\/2026\\\/09\\\/02\\\/sheinbaum-intentos-de-dividir-al-gobierno-se-topan-con-pared\\\/#primaryimage\"},\"thumbnailUrl\":\"https:\\\/\\\/elotroenfoque.mx\\\/wp-content\\\/uploads\\\/2026\\\/09\\\/Claudita-critica-a-EU.jpg\",\"datePublished\":\"2026-09-02T18:46:47+00:00\",\"dateModified\":\"2026-09-02T18:46:48+00:00\",\"author\":{\"@id\":\"https:\\\/\\\/elotroenfoque.mx\\\/#\\\/schema\\\/person\\\/8eb322f84d0bd9f337e462905519a1ae\"},\"description\":\"Sheinbaum afirm\u00f3 que los intentos de dividir al gobierno \u201cse topan con pared\u201d por la coordinaci\u00f3n entre las instituciones de seguridad.\",\"breadcrumb\":{\"@id\":\"https:\\\/\\\/elotroenfoque.mx\\\/index.php\\\/2026\\\/09\\\/02\\\/sheinbaum-intentos-de-dividir-al-gobierno-se-topan-con-pared\\\/#breadcrumb\"},\"inLanguage\":\"es\",\"potentialAction\":[{\"@type\":\"ReadAction\",\"target\":[\"https:\\\/\\\/elotroenfoque.mx\\\/index.php\\\/2026\\\/09\\\/02\\\/sheinbaum-intentos-de-dividir-al-gobierno-se-topan-con-pared\\\/\"]}]},{\"@type\":\"ImageObject\",\"inLanguage\":\"es\",\"@id\":\"https:\\\/\\\/elotroenfoque.mx\\\/index.php\\\/2026\\\/09\\\/02\\\/sheinbaum-intentos-de-dividir-al-gobierno-se-topan-con-pared\\\/#primaryimage\",\"url\":\"https:\\\/\\\/elotroenfoque.mx\\\/wp-content\\\/uploads\\\/2026\\\/09\\\/Claudita-critica-a-EU.jpg\",\"contentUrl\":\"https:\\\/\\\/elotroenfoque.mx\\\/wp-content\\\/uploads\\\/2026\\\/09\\\/Claudita-critica-a-EU.jpg\",\"width\":648,\"height\":364},{\"@type\":\"BreadcrumbList\",\"@id\":\"https:\\\/\\\/elotroenfoque.mx\\\/index.php\\\/2026\\\/09\\\/02\\\/sheinbaum-intentos-de-dividir-al-gobierno-se-topan-con-pared\\\/#breadcrumb\",\"itemListElement\":[{\"@type\":\"ListItem\",\"position\":1,\"name\":\"Portada\",\"item\":\"https:\\\/\\\/elotroenfoque.mx\\\/\"},{\"@type\":\"ListItem\",\"position\":2,\"name\":\"Sheinbaum: intentos de dividir al gobierno \u201cse topan con pared\u201d\"}]},{\"@type\":\"WebSite\",\"@id\":\"https:\\\/\\\/elotroenfoque.mx\\\/#website\",\"url\":\"https:\\\/\\\/elotroenfoque.mx\\\/\",\"name\":\"El otro enfoque\",\"description\":\"\",\"potentialAction\":[{\"@type\":\"SearchAction\",\"target\":{\"@type\":\"EntryPoint\",\"urlTemplate\":\"https:\\\/\\\/elotroenfoque.mx\\\/?s={search_term_string}\"},\"query-input\":{\"@type\":\"PropertyValueSpecification\",\"valueRequired\":true,\"valueName\":\"search_term_string\"}}],\"inLanguage\":\"es\"},{\"@type\":\"Person\",\"@id\":\"https:\\\/\\\/elotroenfoque.mx\\\/#\\\/schema\\\/person\\\/8eb322f84d0bd9f337e462905519a1ae\",\"name\":\"Equipo Redaccion\",\"image\":{\"@type\":\"ImageObject\",\"inLanguage\":\"es\",\"@id\":\"https:\\\/\\\/secure.gravatar.com\\\/avatar\\\/3579478e2b4e7aad364a32b26cf744b360ae0e581ee1cd0cb18a8f239ee49ac4?s=96&d=mm&r=g\",\"url\":\"https:\\\/\\\/secure.gravatar.com\\\/avatar\\\/3579478e2b4e7aad364a32b26cf744b360ae0e581ee1cd0cb18a8f239ee49ac4?s=96&d=mm&r=g\",\"contentUrl\":\"https:\\\/\\\/secure.gravatar.com\\\/avatar\\\/3579478e2b4e7aad364a32b26cf744b360ae0e581ee1cd0cb18a8f239ee49ac4?s=96&d=mm&r=g\",\"caption\":\"Equipo Redaccion\"},\"url\":\"https:\\\/\\\/elotroenfoque.mx\\\/index.php\\\/author\\\/redaccion\\\/\"}]}<\/script>\n<!-- \/ Yoast SEO plugin. -->","yoast_head_json":{"title":"Sheinbaum: intentos de dividir al gobierno \u201cse topan con pared\u201d - El otro enfoque","description":"Sheinbaum afirm\u00f3 que los intentos de dividir al gobierno \u201cse topan con pared\u201d por la coordinaci\u00f3n entre las instituciones de seguridad.","robots":{"index":"index","follow":"follow","max-snippet":"max-snippet:-1","max-image-preview":"max-image-preview:large","max-video-preview":"max-video-preview:-1"},"canonical":"https:\/\/elotroenfoque.mx\/index.php\/2026\/09\/02\/sheinbaum-intentos-de-dividir-al-gobierno-se-topan-con-pared\/","og_locale":"es_MX","og_type":"article","og_title":"Sheinbaum: intentos de dividir al gobierno \u201cse topan con pared\u201d - El otro enfoque","og_description":"Sheinbaum afirm\u00f3 que los intentos de dividir al gobierno \u201cse topan con pared\u201d por la coordinaci\u00f3n entre las instituciones de seguridad.","og_url":"https:\/\/elotroenfoque.mx\/index.php\/2026\/09\/02\/sheinbaum-intentos-de-dividir-al-gobierno-se-topan-con-pared\/","og_site_name":"El otro enfoque","article_published_time":"2026-09-02T18:46:47+00:00","article_modified_time":"2026-09-02T18:46:48+00:00","og_image":[{"width":648,"height":364,"url":"https:\/\/elotroenfoque.mx\/wp-content\/uploads\/2026\/09\/Claudita-critica-a-EU.jpg","type":"image\/jpeg"}],"author":"Equipo Redaccion","twitter_card":"summary_large_image","twitter_misc":{"Escrito por":"Equipo Redaccion","Tiempo de lectura":"3 minutos"},"schema":{"@context":"https:\/\/schema.org","@graph":[{"@type":"Article","@id":"https:\/\/elotroenfoque.mx\/index.php\/2026\/09\/02\/sheinbaum-intentos-de-dividir-al-gobierno-se-topan-con-pared\/#article","isPartOf":{"@id":"https:\/\/elotroenfoque.mx\/index.php\/2026\/09\/02\/sheinbaum-intentos-de-dividir-al-gobierno-se-topan-con-pared\/"},"author":{"name":"Equipo Redaccion","@id":"https:\/\/elotroenfoque.mx\/#\/schema\/person\/8eb322f84d0bd9f337e462905519a1ae"},"headline":"Sheinbaum: intentos de dividir al gobierno \u201cse topan con pared\u201d","datePublished":"2026-09-02T18:46:47+00:00","dateModified":"2026-09-02T18:46:48+00:00","mainEntityOfPage":{"@id":"https:\/\/elotroenfoque.mx\/index.php\/2026\/09\/02\/sheinbaum-intentos-de-dividir-al-gobierno-se-topan-con-pared\/"},"wordCount":682,"image":{"@id":"https:\/\/elotroenfoque.mx\/index.php\/2026\/09\/02\/sheinbaum-intentos-de-dividir-al-gobierno-se-topan-con-pared\/#primaryimage"},"thumbnailUrl":"https:\/\/elotroenfoque.mx\/wp-content\/uploads\/2026\/09\/Claudita-critica-a-EU.jpg","keywords":["Guanajuato","Noticias Guanajuato"],"articleSection":["Otras Noticias"],"inLanguage":"es"},{"@type":"WebPage","@id":"https:\/\/elotroenfoque.mx\/index.php\/2026\/09\/02\/sheinbaum-intentos-de-dividir-al-gobierno-se-topan-con-pared\/","url":"https:\/\/elotroenfoque.mx\/index.php\/2026\/09\/02\/sheinbaum-intentos-de-dividir-al-gobierno-se-topan-con-pared\/","name":"Sheinbaum: intentos de dividir al gobierno \u201cse topan con pared\u201d - El otro enfoque","isPartOf":{"@id":"https:\/\/elotroenfoque.mx\/#website"},"primaryImageOfPage":{"@id":"https:\/\/elotroenfoque.mx\/index.php\/2026\/09\/02\/sheinbaum-intentos-de-dividir-al-gobierno-se-topan-con-pared\/#primaryimage"},"image":{"@id":"https:\/\/elotroenfoque.mx\/index.php\/2026\/09\/02\/sheinbaum-intentos-de-dividir-al-gobierno-se-topan-con-pared\/#primaryimage"},"thumbnailUrl":"https:\/\/elotroenfoque.mx\/wp-content\/uploads\/2026\/09\/Claudita-critica-a-EU.jpg","datePublished":"2026-09-02T18:46:47+00:00","dateModified":"2026-09-02T18:46:48+00:00","author":{"@id":"https:\/\/elotroenfoque.mx\/#\/schema\/person\/8eb322f84d0bd9f337e462905519a1ae"},"description":"Sheinbaum afirm\u00f3 que los intentos de dividir al gobierno \u201cse topan con pared\u201d por la coordinaci\u00f3n entre las instituciones de seguridad.","breadcrumb":{"@id":"https:\/\/elotroenfoque.mx\/index.php\/2026\/09\/02\/sheinbaum-intentos-de-dividir-al-gobierno-se-topan-con-pared\/#breadcrumb"},"inLanguage":"es","potentialAction":[{"@type":"ReadAction","target":["https:\/\/elotroenfoque.mx\/index.php\/2026\/09\/02\/sheinbaum-intentos-de-dividir-al-gobierno-se-topan-con-pared\/"]}]},{"@type":"ImageObject","inLanguage":"es","@id":"https:\/\/elotroenfoque.mx\/index.php\/2026\/09\/02\/sheinbaum-intentos-de-dividir-al-gobierno-se-topan-con-pared\/#primaryimage","url":"https:\/\/elotroenfoque.mx\/wp-content\/uploads\/2026\/09\/Claudita-critica-a-EU.jpg","contentUrl":"https:\/\/elotroenfoque.mx\/wp-content\/uploads\/2026\/09\/Claudita-critica-a-EU.jpg","width":648,"height":364},{"@type":"BreadcrumbList","@id":"https:\/\/elotroenfoque.mx\/index.php\/2026\/09\/02\/sheinbaum-intentos-de-dividir-al-gobierno-se-topan-con-pared\/#breadcrumb","itemListElement":[{"@type":"ListItem","position":1,"name":"Portada","item":"https:\/\/elotroenfoque.mx\/"},{"@type":"ListItem","position":2,"name":"Sheinbaum: intentos de dividir al gobierno \u201cse topan con pared\u201d"}]},{"@type":"WebSite","@id":"https:\/\/elotroenfoque.mx\/#website","url":"https:\/\/elotroenfoque.mx\/","name":"El otro enfoque","description":"","potentialAction":[{"@type":"SearchAction","target":{"@type":"EntryPoint","urlTemplate":"https:\/\/elotroenfoque.mx\/?s={search_term_string}"},"query-input":{"@type":"PropertyValueSpecification","valueRequired":true,"valueName":"search_term_string"}}],"inLanguage":"es"},{"@type":"Person","@id":"https:\/\/elotroenfoque.mx\/#\/schema\/person\/8eb322f84d0bd9f337e462905519a1ae","name":"Equipo Redaccion","image":{"@type":"ImageObject","inLanguage":"es","@id":"https:\/\/secure.gravatar.com\/avatar\/3579478e2b4e7aad364a32b26cf744b360ae0e581ee1cd0cb18a8f239ee49ac4?s=96&d=mm&r=g","url":"https:\/\/secure.gravatar.com\/avatar\/3579478e2b4e7aad364a32b26cf744b360ae0e581ee1cd0cb18a8f239ee49ac4?s=96&d=mm&r=g","contentUrl":"https:\/\/secure.gravatar.com\/avatar\/3579478e2b4e7aad364a32b26cf744b360ae0e581ee1cd0cb18a8f239ee49ac4?s=96&d=mm&r=g","caption":"Equipo Redaccion"},"url":"https:\/\/elotroenfoque.mx\/index.php\/author\/redaccion\/"}]}},"_links":{"self":[{"href":"https:\/\/elotroenfoque.mx\/index.php\/wp-json\/wp\/v2\/posts\/195401","targetHints":{"allow":["GET"]}}],"collection":[{"href":"https:\/\/elotroenfoque.mx\/index.php\/wp-json\/wp\/v2\/posts"}],"about":[{"href":"https:\/\/elotroenfoque.mx\/index.php\/wp-json\/wp\/v2\/types\/post"}],"author":[{"embeddable":true,"href":"https:\/\/elotroenfoque.mx\/index.php\/wp-json\/wp\/v2\/users\/4"}],"replies":[{"embeddable":true,"href":"https:\/\/elotroenfoque.mx\/index.php\/wp-json\/wp\/v2\/comments?post=195401"}],"version-history":[{"count":1,"href":"https:\/\/elotroenfoque.mx\/index.php\/wp-json\/wp\/v2\/posts\/195401\/revisions"}],"predecessor-version":[{"id":195403,"href":"https:\/\/elotroenfoque.mx\/index.php\/wp-json\/wp\/v2\/posts\/195401\/revisions\/195403"}],"wp:featuredmedia":[{"embeddable":true,"href":"https:\/\/elotroenfoque.mx\/index.php\/wp-json\/wp\/v2\/media\/195402"}],"wp:attachment":[{"href":"https:\/\/elotroenfoque.mx\/index.php\/wp-json\/wp\/v2\/media?parent=195401"}],"wp:term":[{"taxonomy":"category","embeddable":true,"href":"https:\/\/elotroenfoque.mx\/index.php\/wp-json\/wp\/v2\/categories?post=195401"},{"taxonomy":"post_tag","embeddable":true,"href":"https:\/\/elotroenfoque.mx\/index.php\/wp-json\/wp\/v2\/tags?post=195401"}],"curies":[{"name":"wp","href":"https:\/\/api.w.org\/{rel}","templated":true}]}}