{"id":195404,"date":"2026-09-02T13:38:11","date_gmt":"2026-09-02T19:38:11","guid":{"rendered":"https:\/\/elotroenfoque.mx\/?p=195404"},"modified":"2026-09-02T13:38:12","modified_gmt":"2026-09-02T19:38:12","slug":"cae-en-leon-banda-dedicada-al-robo-de-traileres","status":"publish","type":"post","link":"https:\/\/elotroenfoque.mx\/index.php\/2026\/09\/02\/cae-en-leon-banda-dedicada-al-robo-de-traileres\/","title":{"rendered":"Cae en Le\u00f3n banda dedicada al robo de tr\u00e1ileres"},"content":{"rendered":"\n<p class=\"wp-block-paragraph\">La Polic\u00eda de Le\u00f3n detuvo a cinco hombres que presuntamente forman parte de un grupo delictivo dedicado al robo de camiones de carga. Durante el operativo fue asegurado un tractocami\u00f3n reportado como robado en Jalisco.<\/p>\n\n\n\n<p class=\"wp-block-paragraph\">La intervenci\u00f3n comenz\u00f3 tras recibir un reporte sobre el ingreso a Le\u00f3n de un cami\u00f3n con reporte de robo. Con la informaci\u00f3n obtenida, los agentes siguieron la unidad hasta una bodega ubicada sobre el bulevar La Luz, a la altura de la comunidad La Laborcita.<\/p>\n\n\n\n<figure class=\"wp-block-image size-full\"><img loading=\"lazy\" decoding=\"async\" width=\"768\" height=\"438\" src=\"https:\/\/elotroenfoque.mx\/wp-content\/uploads\/2026\/09\/traileres-2.jpg\" alt=\"\" class=\"wp-image-195408\" srcset=\"https:\/\/elotroenfoque.mx\/wp-content\/uploads\/2026\/09\/traileres-2.jpg 768w, https:\/\/elotroenfoque.mx\/wp-content\/uploads\/2026\/09\/traileres-2-300x171.jpg 300w\" sizes=\"auto, (max-width: 768px) 100vw, 768px\" \/><\/figure>\n\n\n\n<p class=\"wp-block-paragraph\">Al llegar, los polic\u00edas observaron que la puerta del inmueble estaba abierta y que parte de un tractocami\u00f3n sobresal\u00eda del lugar. Las caracter\u00edsticas coincid\u00edan con las de la unidad reportada como robada.<\/p>\n\n\n\n<p class=\"wp-block-paragraph\">En el sitio tambi\u00e9n fueron localizados varios hombres, quienes intentaron ocultarse dentro de la bodega al notar la presencia policial, pero fueron detenidos. El tractocami\u00f3n estaba cargado con varias pacas de aparente ropa y hab\u00eda m\u00e1s paquetes en las inmediaciones.<\/p>\n\n\n\n<p class=\"wp-block-paragraph\">Adem\u00e1s, los agentes aseguraron un Nissan Tsuru rojo, un inhibidor de se\u00f1al y varias dosis de aparente cristal que estaban entre las pertenencias de los detenidos.<\/p>\n\n\n\n<p class=\"wp-block-paragraph\">Los detenidos fueron identificados como Sergio \u201cN\u201d, originario de Michoac\u00e1n; Julio C\u00e9sar \u201cN\u201d; Ernesto Jaime \u201cN\u201d; Juan Sergio \u201cN\u201d y \u00d3scar Miguel \u201cN\u201d.<\/p>\n\n\n\n<p class=\"wp-block-paragraph\">Los cinco hombres, el tractocami\u00f3n, la mercanc\u00eda y los dem\u00e1s objetos asegurados quedaron a disposici\u00f3n de la autoridad competente, que determinar\u00e1 su situaci\u00f3n jur\u00eddica y continuar\u00e1 con las investigaciones.<\/p>\n\n\n\n<p class=\"wp-block-paragraph\">Tambi\u00e9n lee:\u00a0<strong><a href=\"https:\/\/elotroenfoque.mx\/index.php\/2026\/08\/31\/silao-reconoce-compromiso-de-familias-al-iniciar-las-clases\/\">Silao reconoce compromiso de familias al iniciar las clases<\/a><\/strong><\/p>\n\n\n\n<p class=\"wp-block-paragraph\">La Secretar\u00eda de Seguridad, Prevenci\u00f3n y Protecci\u00f3n Ciudadana se\u00f1al\u00f3 que esta detenci\u00f3n permitir\u00e1 obtener informaci\u00f3n para investigar otras posibles actividades delictivas relacionadas con el robo de transporte de carga.<\/p>\n\n\n\n<p class=\"wp-block-paragraph\"><strong><a href=\"https:\/\/www.tiktok.com\/@elotroenfoque?_r=1&amp;_t=ZS-97ffhW6kR1t\">Sigue tambi\u00e9n las noticias en TikTok<\/a><\/strong><\/p>\n","protected":false},"excerpt":{"rendered":"<p>La Polic\u00eda de Le\u00f3n detuvo a cinco hombres que presuntamente forman parte de un grupo delictivo dedicado al robo de camiones de carga. Durante el operativo fue asegurado un tractocami\u00f3n reportado como robado en Jalisco. La intervenci\u00f3n comenz\u00f3 tras recibir un reporte sobre el ingreso a Le\u00f3n de un cami\u00f3n con reporte de robo. Con&#8230;<\/p>\n","protected":false},"author":4,"featured_media":195407,"comment_status":"closed","ping_status":"open","sticky":false,"template":"","format":"standard","meta":{"footnotes":""},"categories":[8],"tags":[13,4517],"class_list":["post-195404","post","type-post","status-publish","format-standard","has-post-thumbnail","hentry","category-desenfoques","tag-guanajuato","tag-noticias-guanajuato"],"yoast_head":"<!-- This site is optimized with the Yoast SEO plugin v28.2 - https:\/\/yoast.com\/product\/yoast-seo-wordpress\/ -->\n<title>Cae en Le\u00f3n banda dedicada al robo de tr\u00e1ileres - El otro enfoque<\/title>\n<meta name=\"description\" content=\"Polic\u00eda de Le\u00f3n detiene a cinco hombres presuntamente ligados al robo de camiones de carga y asegura un tr\u00e1iler robado en Jalisco.\" \/>\n<meta name=\"robots\" content=\"index, follow, max-snippet:-1, max-image-preview:large, max-video-preview:-1\" \/>\n<link rel=\"canonical\" href=\"https:\/\/elotroenfoque.mx\/index.php\/2026\/09\/02\/cae-en-leon-banda-dedicada-al-robo-de-traileres\/\" \/>\n<meta property=\"og:locale\" content=\"es_MX\" \/>\n<meta property=\"og:type\" content=\"article\" \/>\n<meta property=\"og:title\" content=\"Cae en Le\u00f3n banda dedicada al robo de tr\u00e1ileres - El otro enfoque\" \/>\n<meta property=\"og:description\" content=\"Polic\u00eda de Le\u00f3n detiene a cinco hombres presuntamente ligados al robo de camiones de carga y asegura un tr\u00e1iler robado en Jalisco.\" \/>\n<meta property=\"og:url\" content=\"https:\/\/elotroenfoque.mx\/index.php\/2026\/09\/02\/cae-en-leon-banda-dedicada-al-robo-de-traileres\/\" \/>\n<meta property=\"og:site_name\" content=\"El otro enfoque\" \/>\n<meta property=\"article:published_time\" content=\"2026-09-02T19:38:11+00:00\" \/>\n<meta property=\"article:modified_time\" content=\"2026-09-02T19:38:12+00:00\" \/>\n<meta property=\"og:image\" content=\"https:\/\/elotroenfoque.mx\/wp-content\/uploads\/2026\/09\/traileres.jpg\" \/>\n\t<meta property=\"og:image:width\" content=\"768\" \/>\n\t<meta property=\"og:image:height\" content=\"626\" \/>\n\t<meta property=\"og:image:type\" content=\"image\/jpeg\" \/>\n<meta name=\"author\" content=\"Equipo Redaccion\" \/>\n<meta name=\"twitter:card\" content=\"summary_large_image\" \/>\n<meta name=\"twitter:label1\" content=\"Escrito por\" \/>\n\t<meta name=\"twitter:data1\" content=\"Equipo Redaccion\" \/>\n\t<meta name=\"twitter:label2\" content=\"Tiempo de lectura\" \/>\n\t<meta name=\"twitter:data2\" content=\"2 minutos\" \/>\n<script type=\"application\/ld+json\" class=\"yoast-schema-graph\">{\"@context\":\"https:\\\/\\\/schema.org\",\"@graph\":[{\"@type\":\"Article\",\"@id\":\"https:\\\/\\\/elotroenfoque.mx\\\/index.php\\\/2026\\\/09\\\/02\\\/cae-en-leon-banda-dedicada-al-robo-de-traileres\\\/#article\",\"isPartOf\":{\"@id\":\"https:\\\/\\\/elotroenfoque.mx\\\/index.php\\\/2026\\\/09\\\/02\\\/cae-en-leon-banda-dedicada-al-robo-de-traileres\\\/\"},\"author\":{\"name\":\"Equipo Redaccion\",\"@id\":\"https:\\\/\\\/elotroenfoque.mx\\\/#\\\/schema\\\/person\\\/8eb322f84d0bd9f337e462905519a1ae\"},\"headline\":\"Cae en Le\u00f3n banda dedicada al robo de tr\u00e1ileres\",\"datePublished\":\"2026-09-02T19:38:11+00:00\",\"dateModified\":\"2026-09-02T19:38:12+00:00\",\"mainEntityOfPage\":{\"@id\":\"https:\\\/\\\/elotroenfoque.mx\\\/index.php\\\/2026\\\/09\\\/02\\\/cae-en-leon-banda-dedicada-al-robo-de-traileres\\\/\"},\"wordCount\":321,\"image\":{\"@id\":\"https:\\\/\\\/elotroenfoque.mx\\\/index.php\\\/2026\\\/09\\\/02\\\/cae-en-leon-banda-dedicada-al-robo-de-traileres\\\/#primaryimage\"},\"thumbnailUrl\":\"https:\\\/\\\/elotroenfoque.mx\\\/wp-content\\\/uploads\\\/2026\\\/09\\\/traileres.jpg\",\"keywords\":[\"Guanajuato\",\"Noticias Guanajuato\"],\"articleSection\":[\"Desenfoques\"],\"inLanguage\":\"es\"},{\"@type\":\"WebPage\",\"@id\":\"https:\\\/\\\/elotroenfoque.mx\\\/index.php\\\/2026\\\/09\\\/02\\\/cae-en-leon-banda-dedicada-al-robo-de-traileres\\\/\",\"url\":\"https:\\\/\\\/elotroenfoque.mx\\\/index.php\\\/2026\\\/09\\\/02\\\/cae-en-leon-banda-dedicada-al-robo-de-traileres\\\/\",\"name\":\"Cae en Le\u00f3n banda dedicada al robo de tr\u00e1ileres - El otro enfoque\",\"isPartOf\":{\"@id\":\"https:\\\/\\\/elotroenfoque.mx\\\/#website\"},\"primaryImageOfPage\":{\"@id\":\"https:\\\/\\\/elotroenfoque.mx\\\/index.php\\\/2026\\\/09\\\/02\\\/cae-en-leon-banda-dedicada-al-robo-de-traileres\\\/#primaryimage\"},\"image\":{\"@id\":\"https:\\\/\\\/elotroenfoque.mx\\\/index.php\\\/2026\\\/09\\\/02\\\/cae-en-leon-banda-dedicada-al-robo-de-traileres\\\/#primaryimage\"},\"thumbnailUrl\":\"https:\\\/\\\/elotroenfoque.mx\\\/wp-content\\\/uploads\\\/2026\\\/09\\\/traileres.jpg\",\"datePublished\":\"2026-09-02T19:38:11+00:00\",\"dateModified\":\"2026-09-02T19:38:12+00:00\",\"author\":{\"@id\":\"https:\\\/\\\/elotroenfoque.mx\\\/#\\\/schema\\\/person\\\/8eb322f84d0bd9f337e462905519a1ae\"},\"description\":\"Polic\u00eda de Le\u00f3n detiene a cinco hombres presuntamente ligados al robo de camiones de carga y asegura un tr\u00e1iler robado en Jalisco.\",\"breadcrumb\":{\"@id\":\"https:\\\/\\\/elotroenfoque.mx\\\/index.php\\\/2026\\\/09\\\/02\\\/cae-en-leon-banda-dedicada-al-robo-de-traileres\\\/#breadcrumb\"},\"inLanguage\":\"es\",\"potentialAction\":[{\"@type\":\"ReadAction\",\"target\":[\"https:\\\/\\\/elotroenfoque.mx\\\/index.php\\\/2026\\\/09\\\/02\\\/cae-en-leon-banda-dedicada-al-robo-de-traileres\\\/\"]}]},{\"@type\":\"ImageObject\",\"inLanguage\":\"es\",\"@id\":\"https:\\\/\\\/elotroenfoque.mx\\\/index.php\\\/2026\\\/09\\\/02\\\/cae-en-leon-banda-dedicada-al-robo-de-traileres\\\/#primaryimage\",\"url\":\"https:\\\/\\\/elotroenfoque.mx\\\/wp-content\\\/uploads\\\/2026\\\/09\\\/traileres.jpg\",\"contentUrl\":\"https:\\\/\\\/elotroenfoque.mx\\\/wp-content\\\/uploads\\\/2026\\\/09\\\/traileres.jpg\",\"width\":768,\"height\":626,\"caption\":\"Banda de asalta tr\u00e1ileres\"},{\"@type\":\"BreadcrumbList\",\"@id\":\"https:\\\/\\\/elotroenfoque.mx\\\/index.php\\\/2026\\\/09\\\/02\\\/cae-en-leon-banda-dedicada-al-robo-de-traileres\\\/#breadcrumb\",\"itemListElement\":[{\"@type\":\"ListItem\",\"position\":1,\"name\":\"Portada\",\"item\":\"https:\\\/\\\/elotroenfoque.mx\\\/\"},{\"@type\":\"ListItem\",\"position\":2,\"name\":\"Cae en Le\u00f3n banda dedicada al robo de tr\u00e1ileres\"}]},{\"@type\":\"WebSite\",\"@id\":\"https:\\\/\\\/elotroenfoque.mx\\\/#website\",\"url\":\"https:\\\/\\\/elotroenfoque.mx\\\/\",\"name\":\"El otro enfoque\",\"description\":\"\",\"potentialAction\":[{\"@type\":\"SearchAction\",\"target\":{\"@type\":\"EntryPoint\",\"urlTemplate\":\"https:\\\/\\\/elotroenfoque.mx\\\/?s={search_term_string}\"},\"query-input\":{\"@type\":\"PropertyValueSpecification\",\"valueRequired\":true,\"valueName\":\"search_term_string\"}}],\"inLanguage\":\"es\"},{\"@type\":\"Person\",\"@id\":\"https:\\\/\\\/elotroenfoque.mx\\\/#\\\/schema\\\/person\\\/8eb322f84d0bd9f337e462905519a1ae\",\"name\":\"Equipo Redaccion\",\"image\":{\"@type\":\"ImageObject\",\"inLanguage\":\"es\",\"@id\":\"https:\\\/\\\/secure.gravatar.com\\\/avatar\\\/3579478e2b4e7aad364a32b26cf744b360ae0e581ee1cd0cb18a8f239ee49ac4?s=96&d=mm&r=g\",\"url\":\"https:\\\/\\\/secure.gravatar.com\\\/avatar\\\/3579478e2b4e7aad364a32b26cf744b360ae0e581ee1cd0cb18a8f239ee49ac4?s=96&d=mm&r=g\",\"contentUrl\":\"https:\\\/\\\/secure.gravatar.com\\\/avatar\\\/3579478e2b4e7aad364a32b26cf744b360ae0e581ee1cd0cb18a8f239ee49ac4?s=96&d=mm&r=g\",\"caption\":\"Equipo Redaccion\"},\"url\":\"https:\\\/\\\/elotroenfoque.mx\\\/index.php\\\/author\\\/redaccion\\\/\"}]}<\/script>\n<!-- \/ Yoast SEO plugin. -->","yoast_head_json":{"title":"Cae en Le\u00f3n banda dedicada al robo de tr\u00e1ileres - El otro enfoque","description":"Polic\u00eda de Le\u00f3n detiene a cinco hombres presuntamente ligados al robo de camiones de carga y asegura un tr\u00e1iler robado en Jalisco.","robots":{"index":"index","follow":"follow","max-snippet":"max-snippet:-1","max-image-preview":"max-image-preview:large","max-video-preview":"max-video-preview:-1"},"canonical":"https:\/\/elotroenfoque.mx\/index.php\/2026\/09\/02\/cae-en-leon-banda-dedicada-al-robo-de-traileres\/","og_locale":"es_MX","og_type":"article","og_title":"Cae en Le\u00f3n banda dedicada al robo de tr\u00e1ileres - El otro enfoque","og_description":"Polic\u00eda de Le\u00f3n detiene a cinco hombres presuntamente ligados al robo de camiones de carga y asegura un tr\u00e1iler robado en Jalisco.","og_url":"https:\/\/elotroenfoque.mx\/index.php\/2026\/09\/02\/cae-en-leon-banda-dedicada-al-robo-de-traileres\/","og_site_name":"El otro enfoque","article_published_time":"2026-09-02T19:38:11+00:00","article_modified_time":"2026-09-02T19:38:12+00:00","og_image":[{"width":768,"height":626,"url":"https:\/\/elotroenfoque.mx\/wp-content\/uploads\/2026\/09\/traileres.jpg","type":"image\/jpeg"}],"author":"Equipo Redaccion","twitter_card":"summary_large_image","twitter_misc":{"Escrito por":"Equipo Redaccion","Tiempo de lectura":"2 minutos"},"schema":{"@context":"https:\/\/schema.org","@graph":[{"@type":"Article","@id":"https:\/\/elotroenfoque.mx\/index.php\/2026\/09\/02\/cae-en-leon-banda-dedicada-al-robo-de-traileres\/#article","isPartOf":{"@id":"https:\/\/elotroenfoque.mx\/index.php\/2026\/09\/02\/cae-en-leon-banda-dedicada-al-robo-de-traileres\/"},"author":{"name":"Equipo Redaccion","@id":"https:\/\/elotroenfoque.mx\/#\/schema\/person\/8eb322f84d0bd9f337e462905519a1ae"},"headline":"Cae en Le\u00f3n banda dedicada al robo de tr\u00e1ileres","datePublished":"2026-09-02T19:38:11+00:00","dateModified":"2026-09-02T19:38:12+00:00","mainEntityOfPage":{"@id":"https:\/\/elotroenfoque.mx\/index.php\/2026\/09\/02\/cae-en-leon-banda-dedicada-al-robo-de-traileres\/"},"wordCount":321,"image":{"@id":"https:\/\/elotroenfoque.mx\/index.php\/2026\/09\/02\/cae-en-leon-banda-dedicada-al-robo-de-traileres\/#primaryimage"},"thumbnailUrl":"https:\/\/elotroenfoque.mx\/wp-content\/uploads\/2026\/09\/traileres.jpg","keywords":["Guanajuato","Noticias Guanajuato"],"articleSection":["Desenfoques"],"inLanguage":"es"},{"@type":"WebPage","@id":"https:\/\/elotroenfoque.mx\/index.php\/2026\/09\/02\/cae-en-leon-banda-dedicada-al-robo-de-traileres\/","url":"https:\/\/elotroenfoque.mx\/index.php\/2026\/09\/02\/cae-en-leon-banda-dedicada-al-robo-de-traileres\/","name":"Cae en Le\u00f3n banda dedicada al robo de tr\u00e1ileres - El otro enfoque","isPartOf":{"@id":"https:\/\/elotroenfoque.mx\/#website"},"primaryImageOfPage":{"@id":"https:\/\/elotroenfoque.mx\/index.php\/2026\/09\/02\/cae-en-leon-banda-dedicada-al-robo-de-traileres\/#primaryimage"},"image":{"@id":"https:\/\/elotroenfoque.mx\/index.php\/2026\/09\/02\/cae-en-leon-banda-dedicada-al-robo-de-traileres\/#primaryimage"},"thumbnailUrl":"https:\/\/elotroenfoque.mx\/wp-content\/uploads\/2026\/09\/traileres.jpg","datePublished":"2026-09-02T19:38:11+00:00","dateModified":"2026-09-02T19:38:12+00:00","author":{"@id":"https:\/\/elotroenfoque.mx\/#\/schema\/person\/8eb322f84d0bd9f337e462905519a1ae"},"description":"Polic\u00eda de Le\u00f3n detiene a cinco hombres presuntamente ligados al robo de camiones de carga y asegura un tr\u00e1iler robado en Jalisco.","breadcrumb":{"@id":"https:\/\/elotroenfoque.mx\/index.php\/2026\/09\/02\/cae-en-leon-banda-dedicada-al-robo-de-traileres\/#breadcrumb"},"inLanguage":"es","potentialAction":[{"@type":"ReadAction","target":["https:\/\/elotroenfoque.mx\/index.php\/2026\/09\/02\/cae-en-leon-banda-dedicada-al-robo-de-traileres\/"]}]},{"@type":"ImageObject","inLanguage":"es","@id":"https:\/\/elotroenfoque.mx\/index.php\/2026\/09\/02\/cae-en-leon-banda-dedicada-al-robo-de-traileres\/#primaryimage","url":"https:\/\/elotroenfoque.mx\/wp-content\/uploads\/2026\/09\/traileres.jpg","contentUrl":"https:\/\/elotroenfoque.mx\/wp-content\/uploads\/2026\/09\/traileres.jpg","width":768,"height":626,"caption":"Banda de asalta tr\u00e1ileres"},{"@type":"BreadcrumbList","@id":"https:\/\/elotroenfoque.mx\/index.php\/2026\/09\/02\/cae-en-leon-banda-dedicada-al-robo-de-traileres\/#breadcrumb","itemListElement":[{"@type":"ListItem","position":1,"name":"Portada","item":"https:\/\/elotroenfoque.mx\/"},{"@type":"ListItem","position":2,"name":"Cae en Le\u00f3n banda dedicada al robo de tr\u00e1ileres"}]},{"@type":"WebSite","@id":"https:\/\/elotroenfoque.mx\/#website","url":"https:\/\/elotroenfoque.mx\/","name":"El otro enfoque","description":"","potentialAction":[{"@type":"SearchAction","target":{"@type":"EntryPoint","urlTemplate":"https:\/\/elotroenfoque.mx\/?s={search_term_string}"},"query-input":{"@type":"PropertyValueSpecification","valueRequired":true,"valueName":"search_term_string"}}],"inLanguage":"es"},{"@type":"Person","@id":"https:\/\/elotroenfoque.mx\/#\/schema\/person\/8eb322f84d0bd9f337e462905519a1ae","name":"Equipo Redaccion","image":{"@type":"ImageObject","inLanguage":"es","@id":"https:\/\/secure.gravatar.com\/avatar\/3579478e2b4e7aad364a32b26cf744b360ae0e581ee1cd0cb18a8f239ee49ac4?s=96&d=mm&r=g","url":"https:\/\/secure.gravatar.com\/avatar\/3579478e2b4e7aad364a32b26cf744b360ae0e581ee1cd0cb18a8f239ee49ac4?s=96&d=mm&r=g","contentUrl":"https:\/\/secure.gravatar.com\/avatar\/3579478e2b4e7aad364a32b26cf744b360ae0e581ee1cd0cb18a8f239ee49ac4?s=96&d=mm&r=g","caption":"Equipo Redaccion"},"url":"https:\/\/elotroenfoque.mx\/index.php\/author\/redaccion\/"}]}},"_links":{"self":[{"href":"https:\/\/elotroenfoque.mx\/index.php\/wp-json\/wp\/v2\/posts\/195404","targetHints":{"allow":["GET"]}}],"collection":[{"href":"https:\/\/elotroenfoque.mx\/index.php\/wp-json\/wp\/v2\/posts"}],"about":[{"href":"https:\/\/elotroenfoque.mx\/index.php\/wp-json\/wp\/v2\/types\/post"}],"author":[{"embeddable":true,"href":"https:\/\/elotroenfoque.mx\/index.php\/wp-json\/wp\/v2\/users\/4"}],"replies":[{"embeddable":true,"href":"https:\/\/elotroenfoque.mx\/index.php\/wp-json\/wp\/v2\/comments?post=195404"}],"version-history":[{"count":1,"href":"https:\/\/elotroenfoque.mx\/index.php\/wp-json\/wp\/v2\/posts\/195404\/revisions"}],"predecessor-version":[{"id":195411,"href":"https:\/\/elotroenfoque.mx\/index.php\/wp-json\/wp\/v2\/posts\/195404\/revisions\/195411"}],"wp:featuredmedia":[{"embeddable":true,"href":"https:\/\/elotroenfoque.mx\/index.php\/wp-json\/wp\/v2\/media\/195407"}],"wp:attachment":[{"href":"https:\/\/elotroenfoque.mx\/index.php\/wp-json\/wp\/v2\/media?parent=195404"}],"wp:term":[{"taxonomy":"category","embeddable":true,"href":"https:\/\/elotroenfoque.mx\/index.php\/wp-json\/wp\/v2\/categories?post=195404"},{"taxonomy":"post_tag","embeddable":true,"href":"https:\/\/elotroenfoque.mx\/index.php\/wp-json\/wp\/v2\/tags?post=195404"}],"curies":[{"name":"wp","href":"https:\/\/api.w.org\/{rel}","templated":true}]}}