{"id":195406,"date":"2026-09-02T13:55:27","date_gmt":"2026-09-02T19:55:27","guid":{"rendered":"https:\/\/elotroenfoque.mx\/?p=195406"},"modified":"2026-09-02T13:55:28","modified_gmt":"2026-09-02T19:55:28","slug":"asesinan-al-tecladista-del-grupo-camilo-septimo-y-a-su-familia","status":"publish","type":"post","link":"https:\/\/elotroenfoque.mx\/index.php\/2026\/09\/02\/asesinan-al-tecladista-del-grupo-camilo-septimo-y-a-su-familia\/","title":{"rendered":"Asesinan al tecladista del grupo Camilo S\u00e9ptimo y a su familia"},"content":{"rendered":"\n<p class=\"wp-block-paragraph\">El m\u00fasico Jonathan Samuel, tecladista de la agrupaci\u00f3n mexicana Camilo S\u00e9ptimo, fue hallado sin vida junto a tres integrantes de su n\u00facleo cercano en un inmueble del municipio de Atizap\u00e1n de Zaragoza, Estado de M\u00e9xico. <\/p>\n\n\n\n<p class=\"wp-block-paragraph\">Autoridades estatales confirmaron la detenci\u00f3n de dos presuntos responsables de este hecho ocurrido la noche del 1 de septiembre.<\/p>\n\n\n\n<p class=\"wp-block-paragraph\">De acuerdo con las indagatorias, la v\u00edctima alert\u00f3 a un amigo que acudir\u00eda a una cita de negocios con un socio, solicit\u00e1ndole dar aviso a las autoridades en caso de perder comunicaci\u00f3n. <\/p>\n\n\n\n<p class=\"wp-block-paragraph\">Tras no recibir respuesta, el allegado acudi\u00f3 al domicilio acompa\u00f1ado por elementos policiales, donde localizaron la escena del crimen.<\/p>\n\n\n\n<p class=\"wp-block-paragraph\">Las autoridades reportaron el hallazgo del cuerpo del m\u00fasico en la sala de la vivienda. En el \u00e1rea del ba\u00f1o se encontraban los restos de su esposa Ana Paola, quien estaba embarazada, y de la hija de ambos, de tres a\u00f1os de edad. <\/p>\n\n\n\n<p class=\"wp-block-paragraph\">Tambi\u00e9n lee: <strong><a href=\"Sheinbaum: intentos de dividir al gobierno \u201cse topan con pared\u201d\">Sheinbaum: intentos de dividir al gobierno \u201cse topan con pared\u201d<\/a><\/strong><\/p>\n\n\n\n<p class=\"wp-block-paragraph\">En una habitaci\u00f3n contigua fue localizado el cuerpo de Alexis, trabajadora del hogar. Las cuatro v\u00edctimas presentaban heridas por arma de fuego y se encontraban maniatadas; la mascota de la familia tambi\u00e9n fue privada de la vida.<\/p>\n\n\n\n<p class=\"wp-block-paragraph\">En el sitio fue localizado con vida un menor de seis a\u00f1os, hijo de la pareja, quien permaneci\u00f3 oculto durante el ataque.<\/p>\n\n\n\n<figure class=\"wp-block-image size-full\"><img loading=\"lazy\" decoding=\"async\" width=\"688\" height=\"422\" src=\"https:\/\/elotroenfoque.mx\/wp-content\/uploads\/2026\/09\/detenidos-por-el-homicidio.jpg\" alt=\"\" class=\"wp-image-195410\" srcset=\"https:\/\/elotroenfoque.mx\/wp-content\/uploads\/2026\/09\/detenidos-por-el-homicidio.jpg 688w, https:\/\/elotroenfoque.mx\/wp-content\/uploads\/2026\/09\/detenidos-por-el-homicidio-300x184.jpg 300w\" sizes=\"auto, (max-width: 688px) 100vw, 688px\" \/><\/figure>\n\n\n\n<h2 class=\"wp-block-heading\">Detienen a dos personas tras operativo estatal<\/h2>\n\n\n\n<p class=\"wp-block-paragraph\">Luego del hallazgo, agentes de corporaciones municipales y estatales iniciaron las diligencias correspondientes, mientras que la Guardia Nacional procedi\u00f3 al resguardo del per\u00edmetro.<\/p>\n\n\n\n<p class=\"wp-block-paragraph\">La Fiscal\u00eda General de Justicia del Estado de M\u00e9xico (FGJEM) inform\u00f3 la captura de dos hombres por su probable participaci\u00f3n en el multihomicidio. Entre los detenidos figura Diego Sebasti\u00e1n, identificado como socio comercial del m\u00fasico, as\u00ed como un individuo identificado como Gerardo &#8220;N&#8221;.<\/p>\n\n\n\n<p class=\"wp-block-paragraph\"><strong><a href=\"https:\/\/www.tiktok.com\/@elotroenfoque?_r=1&amp;_t=ZS-97ffhW6kR1t\">Sigue tambi\u00e9n las noticias en TikTok<\/a><\/strong><\/p>\n\n\n\n<p class=\"wp-block-paragraph\"><\/p>\n","protected":false},"excerpt":{"rendered":"<p>El m\u00fasico Jonathan Samuel, tecladista de la agrupaci\u00f3n mexicana Camilo S\u00e9ptimo, fue hallado sin vida junto a tres integrantes de su n\u00facleo cercano en un inmueble del municipio de Atizap\u00e1n de Zaragoza, Estado de M\u00e9xico. Autoridades estatales confirmaron la detenci\u00f3n de dos presuntos responsables de este hecho ocurrido la noche del 1 de septiembre. De&#8230;<\/p>\n","protected":false},"author":4,"featured_media":195409,"comment_status":"closed","ping_status":"open","sticky":false,"template":"","format":"standard","meta":{"footnotes":""},"categories":[13683],"tags":[13,4517],"class_list":["post-195406","post","type-post","status-publish","format-standard","has-post-thumbnail","hentry","category-en-las-redes","tag-guanajuato","tag-noticias-guanajuato"],"yoast_head":"<!-- This site is optimized with the Yoast SEO plugin v28.2 - https:\/\/yoast.com\/product\/yoast-seo-wordpress\/ -->\n<title>Asesinan al tecladista del grupo Camilo S\u00e9ptimo y a su familia - El otro enfoque<\/title>\n<meta name=\"description\" content=\"Jonathan Samuel, tecladista de Camilo S\u00e9ptimo, fue hallado sin vida junto a su esposa, hija y empleada en Atizap\u00e1n; hay dos detenidos por el crimen.\" \/>\n<meta name=\"robots\" content=\"index, follow, max-snippet:-1, max-image-preview:large, max-video-preview:-1\" \/>\n<link rel=\"canonical\" href=\"https:\/\/elotroenfoque.mx\/index.php\/2026\/09\/02\/asesinan-al-tecladista-del-grupo-camilo-septimo-y-a-su-familia\/\" \/>\n<meta property=\"og:locale\" content=\"es_MX\" \/>\n<meta property=\"og:type\" content=\"article\" \/>\n<meta property=\"og:title\" content=\"Asesinan al tecladista del grupo Camilo S\u00e9ptimo y a su familia - El otro enfoque\" \/>\n<meta property=\"og:description\" content=\"Jonathan Samuel, tecladista de Camilo S\u00e9ptimo, fue hallado sin vida junto a su esposa, hija y empleada en Atizap\u00e1n; hay dos detenidos por el crimen.\" \/>\n<meta property=\"og:url\" content=\"https:\/\/elotroenfoque.mx\/index.php\/2026\/09\/02\/asesinan-al-tecladista-del-grupo-camilo-septimo-y-a-su-familia\/\" \/>\n<meta property=\"og:site_name\" content=\"El otro enfoque\" \/>\n<meta property=\"article:published_time\" content=\"2026-09-02T19:55:27+00:00\" \/>\n<meta property=\"article:modified_time\" content=\"2026-09-02T19:55:28+00:00\" \/>\n<meta property=\"og:image\" content=\"https:\/\/elotroenfoque.mx\/wp-content\/uploads\/2026\/09\/asesinan-a-tecladista-y-su-familia.jpg\" \/>\n\t<meta property=\"og:image:width\" content=\"781\" \/>\n\t<meta property=\"og:image:height\" content=\"433\" \/>\n\t<meta property=\"og:image:type\" content=\"image\/jpeg\" \/>\n<meta name=\"author\" content=\"Equipo Redaccion\" \/>\n<meta name=\"twitter:card\" content=\"summary_large_image\" \/>\n<meta name=\"twitter:label1\" content=\"Escrito por\" \/>\n\t<meta name=\"twitter:data1\" content=\"Equipo Redaccion\" \/>\n\t<meta name=\"twitter:label2\" content=\"Tiempo de lectura\" \/>\n\t<meta name=\"twitter:data2\" content=\"2 minutos\" \/>\n<script type=\"application\/ld+json\" class=\"yoast-schema-graph\">{\"@context\":\"https:\\\/\\\/schema.org\",\"@graph\":[{\"@type\":\"Article\",\"@id\":\"https:\\\/\\\/elotroenfoque.mx\\\/index.php\\\/2026\\\/09\\\/02\\\/asesinan-al-tecladista-del-grupo-camilo-septimo-y-a-su-familia\\\/#article\",\"isPartOf\":{\"@id\":\"https:\\\/\\\/elotroenfoque.mx\\\/index.php\\\/2026\\\/09\\\/02\\\/asesinan-al-tecladista-del-grupo-camilo-septimo-y-a-su-familia\\\/\"},\"author\":{\"name\":\"Equipo Redaccion\",\"@id\":\"https:\\\/\\\/elotroenfoque.mx\\\/#\\\/schema\\\/person\\\/8eb322f84d0bd9f337e462905519a1ae\"},\"headline\":\"Asesinan al tecladista del grupo Camilo S\u00e9ptimo y a su familia\",\"datePublished\":\"2026-09-02T19:55:27+00:00\",\"dateModified\":\"2026-09-02T19:55:28+00:00\",\"mainEntityOfPage\":{\"@id\":\"https:\\\/\\\/elotroenfoque.mx\\\/index.php\\\/2026\\\/09\\\/02\\\/asesinan-al-tecladista-del-grupo-camilo-septimo-y-a-su-familia\\\/\"},\"wordCount\":336,\"image\":{\"@id\":\"https:\\\/\\\/elotroenfoque.mx\\\/index.php\\\/2026\\\/09\\\/02\\\/asesinan-al-tecladista-del-grupo-camilo-septimo-y-a-su-familia\\\/#primaryimage\"},\"thumbnailUrl\":\"https:\\\/\\\/elotroenfoque.mx\\\/wp-content\\\/uploads\\\/2026\\\/09\\\/asesinan-a-tecladista-y-su-familia.jpg\",\"keywords\":[\"Guanajuato\",\"Noticias Guanajuato\"],\"articleSection\":[\"En las Redes\"],\"inLanguage\":\"es\"},{\"@type\":\"WebPage\",\"@id\":\"https:\\\/\\\/elotroenfoque.mx\\\/index.php\\\/2026\\\/09\\\/02\\\/asesinan-al-tecladista-del-grupo-camilo-septimo-y-a-su-familia\\\/\",\"url\":\"https:\\\/\\\/elotroenfoque.mx\\\/index.php\\\/2026\\\/09\\\/02\\\/asesinan-al-tecladista-del-grupo-camilo-septimo-y-a-su-familia\\\/\",\"name\":\"Asesinan al tecladista del grupo Camilo S\u00e9ptimo y a su familia - El otro enfoque\",\"isPartOf\":{\"@id\":\"https:\\\/\\\/elotroenfoque.mx\\\/#website\"},\"primaryImageOfPage\":{\"@id\":\"https:\\\/\\\/elotroenfoque.mx\\\/index.php\\\/2026\\\/09\\\/02\\\/asesinan-al-tecladista-del-grupo-camilo-septimo-y-a-su-familia\\\/#primaryimage\"},\"image\":{\"@id\":\"https:\\\/\\\/elotroenfoque.mx\\\/index.php\\\/2026\\\/09\\\/02\\\/asesinan-al-tecladista-del-grupo-camilo-septimo-y-a-su-familia\\\/#primaryimage\"},\"thumbnailUrl\":\"https:\\\/\\\/elotroenfoque.mx\\\/wp-content\\\/uploads\\\/2026\\\/09\\\/asesinan-a-tecladista-y-su-familia.jpg\",\"datePublished\":\"2026-09-02T19:55:27+00:00\",\"dateModified\":\"2026-09-02T19:55:28+00:00\",\"author\":{\"@id\":\"https:\\\/\\\/elotroenfoque.mx\\\/#\\\/schema\\\/person\\\/8eb322f84d0bd9f337e462905519a1ae\"},\"description\":\"Jonathan Samuel, tecladista de Camilo S\u00e9ptimo, fue hallado sin vida junto a su esposa, hija y empleada en Atizap\u00e1n; hay dos detenidos por el crimen.\",\"breadcrumb\":{\"@id\":\"https:\\\/\\\/elotroenfoque.mx\\\/index.php\\\/2026\\\/09\\\/02\\\/asesinan-al-tecladista-del-grupo-camilo-septimo-y-a-su-familia\\\/#breadcrumb\"},\"inLanguage\":\"es\",\"potentialAction\":[{\"@type\":\"ReadAction\",\"target\":[\"https:\\\/\\\/elotroenfoque.mx\\\/index.php\\\/2026\\\/09\\\/02\\\/asesinan-al-tecladista-del-grupo-camilo-septimo-y-a-su-familia\\\/\"]}]},{\"@type\":\"ImageObject\",\"inLanguage\":\"es\",\"@id\":\"https:\\\/\\\/elotroenfoque.mx\\\/index.php\\\/2026\\\/09\\\/02\\\/asesinan-al-tecladista-del-grupo-camilo-septimo-y-a-su-familia\\\/#primaryimage\",\"url\":\"https:\\\/\\\/elotroenfoque.mx\\\/wp-content\\\/uploads\\\/2026\\\/09\\\/asesinan-a-tecladista-y-su-familia.jpg\",\"contentUrl\":\"https:\\\/\\\/elotroenfoque.mx\\\/wp-content\\\/uploads\\\/2026\\\/09\\\/asesinan-a-tecladista-y-su-familia.jpg\",\"width\":781,\"height\":433},{\"@type\":\"BreadcrumbList\",\"@id\":\"https:\\\/\\\/elotroenfoque.mx\\\/index.php\\\/2026\\\/09\\\/02\\\/asesinan-al-tecladista-del-grupo-camilo-septimo-y-a-su-familia\\\/#breadcrumb\",\"itemListElement\":[{\"@type\":\"ListItem\",\"position\":1,\"name\":\"Portada\",\"item\":\"https:\\\/\\\/elotroenfoque.mx\\\/\"},{\"@type\":\"ListItem\",\"position\":2,\"name\":\"Asesinan al tecladista del grupo Camilo S\u00e9ptimo y a su familia\"}]},{\"@type\":\"WebSite\",\"@id\":\"https:\\\/\\\/elotroenfoque.mx\\\/#website\",\"url\":\"https:\\\/\\\/elotroenfoque.mx\\\/\",\"name\":\"El otro enfoque\",\"description\":\"\",\"potentialAction\":[{\"@type\":\"SearchAction\",\"target\":{\"@type\":\"EntryPoint\",\"urlTemplate\":\"https:\\\/\\\/elotroenfoque.mx\\\/?s={search_term_string}\"},\"query-input\":{\"@type\":\"PropertyValueSpecification\",\"valueRequired\":true,\"valueName\":\"search_term_string\"}}],\"inLanguage\":\"es\"},{\"@type\":\"Person\",\"@id\":\"https:\\\/\\\/elotroenfoque.mx\\\/#\\\/schema\\\/person\\\/8eb322f84d0bd9f337e462905519a1ae\",\"name\":\"Equipo Redaccion\",\"image\":{\"@type\":\"ImageObject\",\"inLanguage\":\"es\",\"@id\":\"https:\\\/\\\/secure.gravatar.com\\\/avatar\\\/3579478e2b4e7aad364a32b26cf744b360ae0e581ee1cd0cb18a8f239ee49ac4?s=96&d=mm&r=g\",\"url\":\"https:\\\/\\\/secure.gravatar.com\\\/avatar\\\/3579478e2b4e7aad364a32b26cf744b360ae0e581ee1cd0cb18a8f239ee49ac4?s=96&d=mm&r=g\",\"contentUrl\":\"https:\\\/\\\/secure.gravatar.com\\\/avatar\\\/3579478e2b4e7aad364a32b26cf744b360ae0e581ee1cd0cb18a8f239ee49ac4?s=96&d=mm&r=g\",\"caption\":\"Equipo Redaccion\"},\"url\":\"https:\\\/\\\/elotroenfoque.mx\\\/index.php\\\/author\\\/redaccion\\\/\"}]}<\/script>\n<!-- \/ Yoast SEO plugin. -->","yoast_head_json":{"title":"Asesinan al tecladista del grupo Camilo S\u00e9ptimo y a su familia - El otro enfoque","description":"Jonathan Samuel, tecladista de Camilo S\u00e9ptimo, fue hallado sin vida junto a su esposa, hija y empleada en Atizap\u00e1n; hay dos detenidos por el crimen.","robots":{"index":"index","follow":"follow","max-snippet":"max-snippet:-1","max-image-preview":"max-image-preview:large","max-video-preview":"max-video-preview:-1"},"canonical":"https:\/\/elotroenfoque.mx\/index.php\/2026\/09\/02\/asesinan-al-tecladista-del-grupo-camilo-septimo-y-a-su-familia\/","og_locale":"es_MX","og_type":"article","og_title":"Asesinan al tecladista del grupo Camilo S\u00e9ptimo y a su familia - El otro enfoque","og_description":"Jonathan Samuel, tecladista de Camilo S\u00e9ptimo, fue hallado sin vida junto a su esposa, hija y empleada en Atizap\u00e1n; hay dos detenidos por el crimen.","og_url":"https:\/\/elotroenfoque.mx\/index.php\/2026\/09\/02\/asesinan-al-tecladista-del-grupo-camilo-septimo-y-a-su-familia\/","og_site_name":"El otro enfoque","article_published_time":"2026-09-02T19:55:27+00:00","article_modified_time":"2026-09-02T19:55:28+00:00","og_image":[{"width":781,"height":433,"url":"https:\/\/elotroenfoque.mx\/wp-content\/uploads\/2026\/09\/asesinan-a-tecladista-y-su-familia.jpg","type":"image\/jpeg"}],"author":"Equipo Redaccion","twitter_card":"summary_large_image","twitter_misc":{"Escrito por":"Equipo Redaccion","Tiempo de lectura":"2 minutos"},"schema":{"@context":"https:\/\/schema.org","@graph":[{"@type":"Article","@id":"https:\/\/elotroenfoque.mx\/index.php\/2026\/09\/02\/asesinan-al-tecladista-del-grupo-camilo-septimo-y-a-su-familia\/#article","isPartOf":{"@id":"https:\/\/elotroenfoque.mx\/index.php\/2026\/09\/02\/asesinan-al-tecladista-del-grupo-camilo-septimo-y-a-su-familia\/"},"author":{"name":"Equipo Redaccion","@id":"https:\/\/elotroenfoque.mx\/#\/schema\/person\/8eb322f84d0bd9f337e462905519a1ae"},"headline":"Asesinan al tecladista del grupo Camilo S\u00e9ptimo y a su familia","datePublished":"2026-09-02T19:55:27+00:00","dateModified":"2026-09-02T19:55:28+00:00","mainEntityOfPage":{"@id":"https:\/\/elotroenfoque.mx\/index.php\/2026\/09\/02\/asesinan-al-tecladista-del-grupo-camilo-septimo-y-a-su-familia\/"},"wordCount":336,"image":{"@id":"https:\/\/elotroenfoque.mx\/index.php\/2026\/09\/02\/asesinan-al-tecladista-del-grupo-camilo-septimo-y-a-su-familia\/#primaryimage"},"thumbnailUrl":"https:\/\/elotroenfoque.mx\/wp-content\/uploads\/2026\/09\/asesinan-a-tecladista-y-su-familia.jpg","keywords":["Guanajuato","Noticias Guanajuato"],"articleSection":["En las Redes"],"inLanguage":"es"},{"@type":"WebPage","@id":"https:\/\/elotroenfoque.mx\/index.php\/2026\/09\/02\/asesinan-al-tecladista-del-grupo-camilo-septimo-y-a-su-familia\/","url":"https:\/\/elotroenfoque.mx\/index.php\/2026\/09\/02\/asesinan-al-tecladista-del-grupo-camilo-septimo-y-a-su-familia\/","name":"Asesinan al tecladista del grupo Camilo S\u00e9ptimo y a su familia - El otro enfoque","isPartOf":{"@id":"https:\/\/elotroenfoque.mx\/#website"},"primaryImageOfPage":{"@id":"https:\/\/elotroenfoque.mx\/index.php\/2026\/09\/02\/asesinan-al-tecladista-del-grupo-camilo-septimo-y-a-su-familia\/#primaryimage"},"image":{"@id":"https:\/\/elotroenfoque.mx\/index.php\/2026\/09\/02\/asesinan-al-tecladista-del-grupo-camilo-septimo-y-a-su-familia\/#primaryimage"},"thumbnailUrl":"https:\/\/elotroenfoque.mx\/wp-content\/uploads\/2026\/09\/asesinan-a-tecladista-y-su-familia.jpg","datePublished":"2026-09-02T19:55:27+00:00","dateModified":"2026-09-02T19:55:28+00:00","author":{"@id":"https:\/\/elotroenfoque.mx\/#\/schema\/person\/8eb322f84d0bd9f337e462905519a1ae"},"description":"Jonathan Samuel, tecladista de Camilo S\u00e9ptimo, fue hallado sin vida junto a su esposa, hija y empleada en Atizap\u00e1n; hay dos detenidos por el crimen.","breadcrumb":{"@id":"https:\/\/elotroenfoque.mx\/index.php\/2026\/09\/02\/asesinan-al-tecladista-del-grupo-camilo-septimo-y-a-su-familia\/#breadcrumb"},"inLanguage":"es","potentialAction":[{"@type":"ReadAction","target":["https:\/\/elotroenfoque.mx\/index.php\/2026\/09\/02\/asesinan-al-tecladista-del-grupo-camilo-septimo-y-a-su-familia\/"]}]},{"@type":"ImageObject","inLanguage":"es","@id":"https:\/\/elotroenfoque.mx\/index.php\/2026\/09\/02\/asesinan-al-tecladista-del-grupo-camilo-septimo-y-a-su-familia\/#primaryimage","url":"https:\/\/elotroenfoque.mx\/wp-content\/uploads\/2026\/09\/asesinan-a-tecladista-y-su-familia.jpg","contentUrl":"https:\/\/elotroenfoque.mx\/wp-content\/uploads\/2026\/09\/asesinan-a-tecladista-y-su-familia.jpg","width":781,"height":433},{"@type":"BreadcrumbList","@id":"https:\/\/elotroenfoque.mx\/index.php\/2026\/09\/02\/asesinan-al-tecladista-del-grupo-camilo-septimo-y-a-su-familia\/#breadcrumb","itemListElement":[{"@type":"ListItem","position":1,"name":"Portada","item":"https:\/\/elotroenfoque.mx\/"},{"@type":"ListItem","position":2,"name":"Asesinan al tecladista del grupo Camilo S\u00e9ptimo y a su familia"}]},{"@type":"WebSite","@id":"https:\/\/elotroenfoque.mx\/#website","url":"https:\/\/elotroenfoque.mx\/","name":"El otro enfoque","description":"","potentialAction":[{"@type":"SearchAction","target":{"@type":"EntryPoint","urlTemplate":"https:\/\/elotroenfoque.mx\/?s={search_term_string}"},"query-input":{"@type":"PropertyValueSpecification","valueRequired":true,"valueName":"search_term_string"}}],"inLanguage":"es"},{"@type":"Person","@id":"https:\/\/elotroenfoque.mx\/#\/schema\/person\/8eb322f84d0bd9f337e462905519a1ae","name":"Equipo Redaccion","image":{"@type":"ImageObject","inLanguage":"es","@id":"https:\/\/secure.gravatar.com\/avatar\/3579478e2b4e7aad364a32b26cf744b360ae0e581ee1cd0cb18a8f239ee49ac4?s=96&d=mm&r=g","url":"https:\/\/secure.gravatar.com\/avatar\/3579478e2b4e7aad364a32b26cf744b360ae0e581ee1cd0cb18a8f239ee49ac4?s=96&d=mm&r=g","contentUrl":"https:\/\/secure.gravatar.com\/avatar\/3579478e2b4e7aad364a32b26cf744b360ae0e581ee1cd0cb18a8f239ee49ac4?s=96&d=mm&r=g","caption":"Equipo Redaccion"},"url":"https:\/\/elotroenfoque.mx\/index.php\/author\/redaccion\/"}]}},"_links":{"self":[{"href":"https:\/\/elotroenfoque.mx\/index.php\/wp-json\/wp\/v2\/posts\/195406","targetHints":{"allow":["GET"]}}],"collection":[{"href":"https:\/\/elotroenfoque.mx\/index.php\/wp-json\/wp\/v2\/posts"}],"about":[{"href":"https:\/\/elotroenfoque.mx\/index.php\/wp-json\/wp\/v2\/types\/post"}],"author":[{"embeddable":true,"href":"https:\/\/elotroenfoque.mx\/index.php\/wp-json\/wp\/v2\/users\/4"}],"replies":[{"embeddable":true,"href":"https:\/\/elotroenfoque.mx\/index.php\/wp-json\/wp\/v2\/comments?post=195406"}],"version-history":[{"count":1,"href":"https:\/\/elotroenfoque.mx\/index.php\/wp-json\/wp\/v2\/posts\/195406\/revisions"}],"predecessor-version":[{"id":195412,"href":"https:\/\/elotroenfoque.mx\/index.php\/wp-json\/wp\/v2\/posts\/195406\/revisions\/195412"}],"wp:featuredmedia":[{"embeddable":true,"href":"https:\/\/elotroenfoque.mx\/index.php\/wp-json\/wp\/v2\/media\/195409"}],"wp:attachment":[{"href":"https:\/\/elotroenfoque.mx\/index.php\/wp-json\/wp\/v2\/media?parent=195406"}],"wp:term":[{"taxonomy":"category","embeddable":true,"href":"https:\/\/elotroenfoque.mx\/index.php\/wp-json\/wp\/v2\/categories?post=195406"},{"taxonomy":"post_tag","embeddable":true,"href":"https:\/\/elotroenfoque.mx\/index.php\/wp-json\/wp\/v2\/tags?post=195406"}],"curies":[{"name":"wp","href":"https:\/\/api.w.org\/{rel}","templated":true}]}}