{"id":195417,"date":"2026-09-02T15:30:00","date_gmt":"2026-09-02T21:30:00","guid":{"rendered":"https:\/\/elotroenfoque.mx\/?p=195417"},"modified":"2026-09-02T15:30:14","modified_gmt":"2026-09-02T21:30:14","slug":"despliegan-600-militares-en-guanajuato-para-reforzar-seguridad","status":"publish","type":"post","link":"https:\/\/elotroenfoque.mx\/index.php\/2026\/09\/02\/despliegan-600-militares-en-guanajuato-para-reforzar-seguridad\/","title":{"rendered":"Despliegan 600 militares en Guanajuato para reforzar seguridad"},"content":{"rendered":"\n<p class=\"wp-block-paragraph\">Unos 600 militares fueron desplegados en Guanajuato para reforzar la seguridad, como parte de la Estrategia Nacional de Seguridad P\u00fablica.<\/p>\n\n\n\n<p class=\"wp-block-paragraph\">Los elementos de la Secretar\u00eda de la Defensa Nacional (Sedena) se incorporar\u00e1n a las labores de la 16\/a Zona Militar.<\/p>\n\n\n\n<p class=\"wp-block-paragraph\">Adem\u00e1s, los militares actuar\u00e1n en coordinaci\u00f3n con autoridades de los tres \u00f3rdenes de Gobierno para reforzar las tareas de seguridad.<\/p>\n\n\n\n<p class=\"wp-block-paragraph\">Se prev\u00e9 que los elementos de la Sedena efect\u00faen patrullajes y reconocimientos terrestres en distintas zonas de la entidad.<\/p>\n\n\n\n<p class=\"wp-block-paragraph\">Las acciones tambi\u00e9n contemplan medidas disuasivas en \u00e1reas conurbadas de Irapuato y Le\u00f3n, donde se concentrar\u00e1 parte del despliegue operativo.<\/p>\n\n\n\n<p class=\"wp-block-paragraph\">De esta manera, los militares realizar\u00e1n recorridos para fortalecer la presencia de las autoridades y apoyar las labores de seguridad.<\/p>\n\n\n\n<p class=\"wp-block-paragraph\">El despliegue forma parte de la Estrategia Nacional de Seguridad P\u00fablica y contempla la participaci\u00f3n coordinada de autoridades.<\/p>\n\n\n\n<p class=\"wp-block-paragraph\">Asimismo, los elementos de la Secretar\u00eda de la Defensa Nacional trabajar\u00e1n junto con corporaciones de los tres \u00f3rdenes de Gobierno.<\/p>\n\n\n\n<h2 class=\"wp-block-heading\">Coordinaci\u00f3n operativa ser\u00e1 parte del despliegue<\/h2>\n\n\n\n<p class=\"wp-block-paragraph\">Las autoridades se\u00f1alaron que los actos los llevar\u00e1n a cabo con estricto apego al marco jur\u00eddico vigente.<\/p>\n\n\n\n<p class=\"wp-block-paragraph\">En particular, las operaciones deber\u00e1n desarrollarse conforme a la Ley Nacional sobre el Uso de la Fuerza y bajo los protocolos correspondientes.<\/p>\n\n\n\n<p class=\"wp-block-paragraph\">Adem\u00e1s, las autoridades indicaron que las acciones tendr\u00e1n que realizarse con pleno respeto a los derechos humanos durante los operativos.<\/p>\n\n\n\n<p class=\"wp-block-paragraph\">El despliegue de los militares en Guanajuato busca fortalecer las capacidades operativas frente a las condiciones de seguridad que enfrenta la entidad.<\/p>\n\n\n\n<p class=\"wp-block-paragraph\">Por ello, la coordinaci\u00f3n entre las instituciones ser\u00e1 uno de los elementos centrales de las actividades que realizar\u00e1n los efectivos.<\/p>\n\n\n\n<p class=\"wp-block-paragraph\">As\u00ed, los recorridos terrestres permitir\u00e1n mantener presencia en zonas consideradas prioritarias dentro de la estrategia de seguridad.<\/p>\n\n\n\n<h2 class=\"wp-block-heading\">Buscan frenar a organizaciones delictivas<\/h2>\n\n\n\n<p class=\"wp-block-paragraph\">Con el despliegue, la Secretar\u00eda de la Defensa Nacional busca contribuir a la desarticulaci\u00f3n de las organizaciones delictivas.<\/p>\n\n\n\n<p class=\"wp-block-paragraph\">Para ello, uno de los objetivos consiste en apoyar acciones encaminadas a la captura de sus l\u00edderes y otros generadores de violencia.<\/p>\n\n\n\n<p class=\"wp-block-paragraph\">De acuerdo con la estrategia, la presencia militar pretende complementar el trabajo que realizan las autoridades estatales y municipales.<\/p>\n\n\n\n<p class=\"wp-block-paragraph\">Adem\u00e1s, los recorridos y reconocimientos terrestres permitir\u00e1n ampliar la vigilancia en las zonas donde se concentran las acciones operativas.<\/p>\n\n\n\n<p class=\"wp-block-paragraph\">La Sedena mantendr\u00e1 coordinaci\u00f3n con las autoridades locales para desarrollar las labores previstas dentro del despliegue.<\/p>\n\n\n\n<h2 class=\"wp-block-heading\">Refuerzo militar tendr\u00e1 presencia en Irapuato y Le\u00f3n<\/h2>\n\n\n\n<p class=\"wp-block-paragraph\">Las \u00e1reas conurbadas de Irapuato y Le\u00f3n se encuentran entre los puntos donde se prev\u00e9 mayor actividad de los militares.<\/p>\n\n\n\n<p class=\"wp-block-paragraph\">En estas zonas se realizar\u00e1n patrullajes, reconocimientos terrestres y medidas disuasivas como parte de las labores de seguridad.<\/p>\n\n\n\n<p class=\"wp-block-paragraph\">Tambi\u00e9n lee: <strong><a href=\"https:\/\/elotroenfoque.mx\/index.php\/2026\/09\/02\/asesinan-al-tecladista-del-grupo-camilo-septimo-y-a-su-familia\/\">Asesinan al tecladista del grupo Camilo S\u00e9ptimo y a su familia<\/a><\/strong><\/p>\n\n\n\n<p class=\"wp-block-paragraph\">El despliegue de aproximadamente 600 elementos representa un refuerzo para las operaciones que ya realizan las autoridades de los tres \u00f3rdenes de Gobierno.<\/p>\n\n\n\n<p class=\"wp-block-paragraph\">Adem\u00e1s, la presencia de la Sedena permitir\u00e1 fortalecer la coordinaci\u00f3n operativa con las instituciones responsables de la seguridad p\u00fablica.<\/p>\n\n\n\n<p class=\"wp-block-paragraph\">Las acciones se desarrollar\u00e1n bajo el marco jur\u00eddico vigente y con respeto a los derechos humanos, seg\u00fan lo establecido para este tipo de operaciones.<\/p>\n\n\n\n<p class=\"wp-block-paragraph\"><strong><a href=\"https:\/\/www.tiktok.com\/@elotroenfoque?_r=1&amp;_t=ZS-97ffhW6kR1t\">Sigue tambi\u00e9n las noticias en TikTok<\/a><\/strong><\/p>\n\n\n\n<p class=\"wp-block-paragraph\"><\/p>\n","protected":false},"excerpt":{"rendered":"<p>Unos 600 militares fueron desplegados en Guanajuato para reforzar la seguridad, como parte de la Estrategia Nacional de Seguridad P\u00fablica. Los elementos de la Secretar\u00eda de la Defensa Nacional (Sedena) se incorporar\u00e1n a las labores de la 16\/a Zona Militar. Adem\u00e1s, los militares actuar\u00e1n en coordinaci\u00f3n con autoridades de los tres \u00f3rdenes de Gobierno para&#8230;<\/p>\n","protected":false},"author":4,"featured_media":195418,"comment_status":"closed","ping_status":"open","sticky":false,"template":"","format":"standard","meta":{"footnotes":""},"categories":[2],"tags":[13,4517],"class_list":["post-195417","post","type-post","status-publish","format-standard","has-post-thumbnail","hentry","category-noticias","tag-guanajuato","tag-noticias-guanajuato"],"yoast_head":"<!-- This site is optimized with the Yoast SEO plugin v28.2 - https:\/\/yoast.com\/product\/yoast-seo-wordpress\/ -->\n<title>Despliegan 600 militares en Guanajuato para reforzar seguridad - El otro enfoque<\/title>\n<meta name=\"description\" content=\"Militares en Guanajuato reforzar\u00e1n la seguridad con patrullajes y reconocimientos terrestres en zonas conurbadas de Irapuato y Le\u00f3n.\" \/>\n<meta name=\"robots\" content=\"index, follow, max-snippet:-1, max-image-preview:large, max-video-preview:-1\" \/>\n<link rel=\"canonical\" href=\"https:\/\/elotroenfoque.mx\/index.php\/2026\/09\/02\/despliegan-600-militares-en-guanajuato-para-reforzar-seguridad\/\" \/>\n<meta property=\"og:locale\" content=\"es_MX\" \/>\n<meta property=\"og:type\" content=\"article\" \/>\n<meta property=\"og:title\" content=\"Despliegan 600 militares en Guanajuato para reforzar seguridad - El otro enfoque\" \/>\n<meta property=\"og:description\" content=\"Militares en Guanajuato reforzar\u00e1n la seguridad con patrullajes y reconocimientos terrestres en zonas conurbadas de Irapuato y Le\u00f3n.\" \/>\n<meta property=\"og:url\" content=\"https:\/\/elotroenfoque.mx\/index.php\/2026\/09\/02\/despliegan-600-militares-en-guanajuato-para-reforzar-seguridad\/\" \/>\n<meta property=\"og:site_name\" content=\"El otro enfoque\" \/>\n<meta property=\"article:published_time\" content=\"2026-09-02T21:30:00+00:00\" \/>\n<meta property=\"article:modified_time\" content=\"2026-09-02T21:30:14+00:00\" \/>\n<meta property=\"og:image\" content=\"https:\/\/elotroenfoque.mx\/wp-content\/uploads\/2026\/09\/despliegan-600-soldados-en-gto.jpg\" \/>\n\t<meta property=\"og:image:width\" content=\"739\" \/>\n\t<meta property=\"og:image:height\" content=\"359\" \/>\n\t<meta property=\"og:image:type\" content=\"image\/jpeg\" \/>\n<meta name=\"author\" content=\"Equipo Redaccion\" \/>\n<meta name=\"twitter:card\" content=\"summary_large_image\" \/>\n<meta name=\"twitter:label1\" content=\"Escrito por\" \/>\n\t<meta name=\"twitter:data1\" content=\"Equipo Redaccion\" \/>\n\t<meta name=\"twitter:label2\" content=\"Tiempo de lectura\" \/>\n\t<meta name=\"twitter:data2\" content=\"3 minutos\" \/>\n<script type=\"application\/ld+json\" class=\"yoast-schema-graph\">{\"@context\":\"https:\\\/\\\/schema.org\",\"@graph\":[{\"@type\":\"Article\",\"@id\":\"https:\\\/\\\/elotroenfoque.mx\\\/index.php\\\/2026\\\/09\\\/02\\\/despliegan-600-militares-en-guanajuato-para-reforzar-seguridad\\\/#article\",\"isPartOf\":{\"@id\":\"https:\\\/\\\/elotroenfoque.mx\\\/index.php\\\/2026\\\/09\\\/02\\\/despliegan-600-militares-en-guanajuato-para-reforzar-seguridad\\\/\"},\"author\":{\"name\":\"Equipo Redaccion\",\"@id\":\"https:\\\/\\\/elotroenfoque.mx\\\/#\\\/schema\\\/person\\\/8eb322f84d0bd9f337e462905519a1ae\"},\"headline\":\"Despliegan 600 militares en Guanajuato para reforzar seguridad\",\"datePublished\":\"2026-09-02T21:30:00+00:00\",\"dateModified\":\"2026-09-02T21:30:14+00:00\",\"mainEntityOfPage\":{\"@id\":\"https:\\\/\\\/elotroenfoque.mx\\\/index.php\\\/2026\\\/09\\\/02\\\/despliegan-600-militares-en-guanajuato-para-reforzar-seguridad\\\/\"},\"wordCount\":558,\"image\":{\"@id\":\"https:\\\/\\\/elotroenfoque.mx\\\/index.php\\\/2026\\\/09\\\/02\\\/despliegan-600-militares-en-guanajuato-para-reforzar-seguridad\\\/#primaryimage\"},\"thumbnailUrl\":\"https:\\\/\\\/elotroenfoque.mx\\\/wp-content\\\/uploads\\\/2026\\\/09\\\/despliegan-600-soldados-en-gto.jpg\",\"keywords\":[\"Guanajuato\",\"Noticias Guanajuato\"],\"articleSection\":[\"Noticias\"],\"inLanguage\":\"es\"},{\"@type\":\"WebPage\",\"@id\":\"https:\\\/\\\/elotroenfoque.mx\\\/index.php\\\/2026\\\/09\\\/02\\\/despliegan-600-militares-en-guanajuato-para-reforzar-seguridad\\\/\",\"url\":\"https:\\\/\\\/elotroenfoque.mx\\\/index.php\\\/2026\\\/09\\\/02\\\/despliegan-600-militares-en-guanajuato-para-reforzar-seguridad\\\/\",\"name\":\"Despliegan 600 militares en Guanajuato para reforzar seguridad - El otro enfoque\",\"isPartOf\":{\"@id\":\"https:\\\/\\\/elotroenfoque.mx\\\/#website\"},\"primaryImageOfPage\":{\"@id\":\"https:\\\/\\\/elotroenfoque.mx\\\/index.php\\\/2026\\\/09\\\/02\\\/despliegan-600-militares-en-guanajuato-para-reforzar-seguridad\\\/#primaryimage\"},\"image\":{\"@id\":\"https:\\\/\\\/elotroenfoque.mx\\\/index.php\\\/2026\\\/09\\\/02\\\/despliegan-600-militares-en-guanajuato-para-reforzar-seguridad\\\/#primaryimage\"},\"thumbnailUrl\":\"https:\\\/\\\/elotroenfoque.mx\\\/wp-content\\\/uploads\\\/2026\\\/09\\\/despliegan-600-soldados-en-gto.jpg\",\"datePublished\":\"2026-09-02T21:30:00+00:00\",\"dateModified\":\"2026-09-02T21:30:14+00:00\",\"author\":{\"@id\":\"https:\\\/\\\/elotroenfoque.mx\\\/#\\\/schema\\\/person\\\/8eb322f84d0bd9f337e462905519a1ae\"},\"description\":\"Militares en Guanajuato reforzar\u00e1n la seguridad con patrullajes y reconocimientos terrestres en zonas conurbadas de Irapuato y Le\u00f3n.\",\"breadcrumb\":{\"@id\":\"https:\\\/\\\/elotroenfoque.mx\\\/index.php\\\/2026\\\/09\\\/02\\\/despliegan-600-militares-en-guanajuato-para-reforzar-seguridad\\\/#breadcrumb\"},\"inLanguage\":\"es\",\"potentialAction\":[{\"@type\":\"ReadAction\",\"target\":[\"https:\\\/\\\/elotroenfoque.mx\\\/index.php\\\/2026\\\/09\\\/02\\\/despliegan-600-militares-en-guanajuato-para-reforzar-seguridad\\\/\"]}]},{\"@type\":\"ImageObject\",\"inLanguage\":\"es\",\"@id\":\"https:\\\/\\\/elotroenfoque.mx\\\/index.php\\\/2026\\\/09\\\/02\\\/despliegan-600-militares-en-guanajuato-para-reforzar-seguridad\\\/#primaryimage\",\"url\":\"https:\\\/\\\/elotroenfoque.mx\\\/wp-content\\\/uploads\\\/2026\\\/09\\\/despliegan-600-soldados-en-gto.jpg\",\"contentUrl\":\"https:\\\/\\\/elotroenfoque.mx\\\/wp-content\\\/uploads\\\/2026\\\/09\\\/despliegan-600-soldados-en-gto.jpg\",\"width\":739,\"height\":359},{\"@type\":\"BreadcrumbList\",\"@id\":\"https:\\\/\\\/elotroenfoque.mx\\\/index.php\\\/2026\\\/09\\\/02\\\/despliegan-600-militares-en-guanajuato-para-reforzar-seguridad\\\/#breadcrumb\",\"itemListElement\":[{\"@type\":\"ListItem\",\"position\":1,\"name\":\"Portada\",\"item\":\"https:\\\/\\\/elotroenfoque.mx\\\/\"},{\"@type\":\"ListItem\",\"position\":2,\"name\":\"Despliegan 600 militares en Guanajuato para reforzar seguridad\"}]},{\"@type\":\"WebSite\",\"@id\":\"https:\\\/\\\/elotroenfoque.mx\\\/#website\",\"url\":\"https:\\\/\\\/elotroenfoque.mx\\\/\",\"name\":\"El otro enfoque\",\"description\":\"\",\"potentialAction\":[{\"@type\":\"SearchAction\",\"target\":{\"@type\":\"EntryPoint\",\"urlTemplate\":\"https:\\\/\\\/elotroenfoque.mx\\\/?s={search_term_string}\"},\"query-input\":{\"@type\":\"PropertyValueSpecification\",\"valueRequired\":true,\"valueName\":\"search_term_string\"}}],\"inLanguage\":\"es\"},{\"@type\":\"Person\",\"@id\":\"https:\\\/\\\/elotroenfoque.mx\\\/#\\\/schema\\\/person\\\/8eb322f84d0bd9f337e462905519a1ae\",\"name\":\"Equipo Redaccion\",\"image\":{\"@type\":\"ImageObject\",\"inLanguage\":\"es\",\"@id\":\"https:\\\/\\\/secure.gravatar.com\\\/avatar\\\/3579478e2b4e7aad364a32b26cf744b360ae0e581ee1cd0cb18a8f239ee49ac4?s=96&d=mm&r=g\",\"url\":\"https:\\\/\\\/secure.gravatar.com\\\/avatar\\\/3579478e2b4e7aad364a32b26cf744b360ae0e581ee1cd0cb18a8f239ee49ac4?s=96&d=mm&r=g\",\"contentUrl\":\"https:\\\/\\\/secure.gravatar.com\\\/avatar\\\/3579478e2b4e7aad364a32b26cf744b360ae0e581ee1cd0cb18a8f239ee49ac4?s=96&d=mm&r=g\",\"caption\":\"Equipo Redaccion\"},\"url\":\"https:\\\/\\\/elotroenfoque.mx\\\/index.php\\\/author\\\/redaccion\\\/\"}]}<\/script>\n<!-- \/ Yoast SEO plugin. -->","yoast_head_json":{"title":"Despliegan 600 militares en Guanajuato para reforzar seguridad - El otro enfoque","description":"Militares en Guanajuato reforzar\u00e1n la seguridad con patrullajes y reconocimientos terrestres en zonas conurbadas de Irapuato y Le\u00f3n.","robots":{"index":"index","follow":"follow","max-snippet":"max-snippet:-1","max-image-preview":"max-image-preview:large","max-video-preview":"max-video-preview:-1"},"canonical":"https:\/\/elotroenfoque.mx\/index.php\/2026\/09\/02\/despliegan-600-militares-en-guanajuato-para-reforzar-seguridad\/","og_locale":"es_MX","og_type":"article","og_title":"Despliegan 600 militares en Guanajuato para reforzar seguridad - El otro enfoque","og_description":"Militares en Guanajuato reforzar\u00e1n la seguridad con patrullajes y reconocimientos terrestres en zonas conurbadas de Irapuato y Le\u00f3n.","og_url":"https:\/\/elotroenfoque.mx\/index.php\/2026\/09\/02\/despliegan-600-militares-en-guanajuato-para-reforzar-seguridad\/","og_site_name":"El otro enfoque","article_published_time":"2026-09-02T21:30:00+00:00","article_modified_time":"2026-09-02T21:30:14+00:00","og_image":[{"width":739,"height":359,"url":"https:\/\/elotroenfoque.mx\/wp-content\/uploads\/2026\/09\/despliegan-600-soldados-en-gto.jpg","type":"image\/jpeg"}],"author":"Equipo Redaccion","twitter_card":"summary_large_image","twitter_misc":{"Escrito por":"Equipo Redaccion","Tiempo de lectura":"3 minutos"},"schema":{"@context":"https:\/\/schema.org","@graph":[{"@type":"Article","@id":"https:\/\/elotroenfoque.mx\/index.php\/2026\/09\/02\/despliegan-600-militares-en-guanajuato-para-reforzar-seguridad\/#article","isPartOf":{"@id":"https:\/\/elotroenfoque.mx\/index.php\/2026\/09\/02\/despliegan-600-militares-en-guanajuato-para-reforzar-seguridad\/"},"author":{"name":"Equipo Redaccion","@id":"https:\/\/elotroenfoque.mx\/#\/schema\/person\/8eb322f84d0bd9f337e462905519a1ae"},"headline":"Despliegan 600 militares en Guanajuato para reforzar seguridad","datePublished":"2026-09-02T21:30:00+00:00","dateModified":"2026-09-02T21:30:14+00:00","mainEntityOfPage":{"@id":"https:\/\/elotroenfoque.mx\/index.php\/2026\/09\/02\/despliegan-600-militares-en-guanajuato-para-reforzar-seguridad\/"},"wordCount":558,"image":{"@id":"https:\/\/elotroenfoque.mx\/index.php\/2026\/09\/02\/despliegan-600-militares-en-guanajuato-para-reforzar-seguridad\/#primaryimage"},"thumbnailUrl":"https:\/\/elotroenfoque.mx\/wp-content\/uploads\/2026\/09\/despliegan-600-soldados-en-gto.jpg","keywords":["Guanajuato","Noticias Guanajuato"],"articleSection":["Noticias"],"inLanguage":"es"},{"@type":"WebPage","@id":"https:\/\/elotroenfoque.mx\/index.php\/2026\/09\/02\/despliegan-600-militares-en-guanajuato-para-reforzar-seguridad\/","url":"https:\/\/elotroenfoque.mx\/index.php\/2026\/09\/02\/despliegan-600-militares-en-guanajuato-para-reforzar-seguridad\/","name":"Despliegan 600 militares en Guanajuato para reforzar seguridad - El otro enfoque","isPartOf":{"@id":"https:\/\/elotroenfoque.mx\/#website"},"primaryImageOfPage":{"@id":"https:\/\/elotroenfoque.mx\/index.php\/2026\/09\/02\/despliegan-600-militares-en-guanajuato-para-reforzar-seguridad\/#primaryimage"},"image":{"@id":"https:\/\/elotroenfoque.mx\/index.php\/2026\/09\/02\/despliegan-600-militares-en-guanajuato-para-reforzar-seguridad\/#primaryimage"},"thumbnailUrl":"https:\/\/elotroenfoque.mx\/wp-content\/uploads\/2026\/09\/despliegan-600-soldados-en-gto.jpg","datePublished":"2026-09-02T21:30:00+00:00","dateModified":"2026-09-02T21:30:14+00:00","author":{"@id":"https:\/\/elotroenfoque.mx\/#\/schema\/person\/8eb322f84d0bd9f337e462905519a1ae"},"description":"Militares en Guanajuato reforzar\u00e1n la seguridad con patrullajes y reconocimientos terrestres en zonas conurbadas de Irapuato y Le\u00f3n.","breadcrumb":{"@id":"https:\/\/elotroenfoque.mx\/index.php\/2026\/09\/02\/despliegan-600-militares-en-guanajuato-para-reforzar-seguridad\/#breadcrumb"},"inLanguage":"es","potentialAction":[{"@type":"ReadAction","target":["https:\/\/elotroenfoque.mx\/index.php\/2026\/09\/02\/despliegan-600-militares-en-guanajuato-para-reforzar-seguridad\/"]}]},{"@type":"ImageObject","inLanguage":"es","@id":"https:\/\/elotroenfoque.mx\/index.php\/2026\/09\/02\/despliegan-600-militares-en-guanajuato-para-reforzar-seguridad\/#primaryimage","url":"https:\/\/elotroenfoque.mx\/wp-content\/uploads\/2026\/09\/despliegan-600-soldados-en-gto.jpg","contentUrl":"https:\/\/elotroenfoque.mx\/wp-content\/uploads\/2026\/09\/despliegan-600-soldados-en-gto.jpg","width":739,"height":359},{"@type":"BreadcrumbList","@id":"https:\/\/elotroenfoque.mx\/index.php\/2026\/09\/02\/despliegan-600-militares-en-guanajuato-para-reforzar-seguridad\/#breadcrumb","itemListElement":[{"@type":"ListItem","position":1,"name":"Portada","item":"https:\/\/elotroenfoque.mx\/"},{"@type":"ListItem","position":2,"name":"Despliegan 600 militares en Guanajuato para reforzar seguridad"}]},{"@type":"WebSite","@id":"https:\/\/elotroenfoque.mx\/#website","url":"https:\/\/elotroenfoque.mx\/","name":"El otro enfoque","description":"","potentialAction":[{"@type":"SearchAction","target":{"@type":"EntryPoint","urlTemplate":"https:\/\/elotroenfoque.mx\/?s={search_term_string}"},"query-input":{"@type":"PropertyValueSpecification","valueRequired":true,"valueName":"search_term_string"}}],"inLanguage":"es"},{"@type":"Person","@id":"https:\/\/elotroenfoque.mx\/#\/schema\/person\/8eb322f84d0bd9f337e462905519a1ae","name":"Equipo Redaccion","image":{"@type":"ImageObject","inLanguage":"es","@id":"https:\/\/secure.gravatar.com\/avatar\/3579478e2b4e7aad364a32b26cf744b360ae0e581ee1cd0cb18a8f239ee49ac4?s=96&d=mm&r=g","url":"https:\/\/secure.gravatar.com\/avatar\/3579478e2b4e7aad364a32b26cf744b360ae0e581ee1cd0cb18a8f239ee49ac4?s=96&d=mm&r=g","contentUrl":"https:\/\/secure.gravatar.com\/avatar\/3579478e2b4e7aad364a32b26cf744b360ae0e581ee1cd0cb18a8f239ee49ac4?s=96&d=mm&r=g","caption":"Equipo Redaccion"},"url":"https:\/\/elotroenfoque.mx\/index.php\/author\/redaccion\/"}]}},"_links":{"self":[{"href":"https:\/\/elotroenfoque.mx\/index.php\/wp-json\/wp\/v2\/posts\/195417","targetHints":{"allow":["GET"]}}],"collection":[{"href":"https:\/\/elotroenfoque.mx\/index.php\/wp-json\/wp\/v2\/posts"}],"about":[{"href":"https:\/\/elotroenfoque.mx\/index.php\/wp-json\/wp\/v2\/types\/post"}],"author":[{"embeddable":true,"href":"https:\/\/elotroenfoque.mx\/index.php\/wp-json\/wp\/v2\/users\/4"}],"replies":[{"embeddable":true,"href":"https:\/\/elotroenfoque.mx\/index.php\/wp-json\/wp\/v2\/comments?post=195417"}],"version-history":[{"count":1,"href":"https:\/\/elotroenfoque.mx\/index.php\/wp-json\/wp\/v2\/posts\/195417\/revisions"}],"predecessor-version":[{"id":195419,"href":"https:\/\/elotroenfoque.mx\/index.php\/wp-json\/wp\/v2\/posts\/195417\/revisions\/195419"}],"wp:featuredmedia":[{"embeddable":true,"href":"https:\/\/elotroenfoque.mx\/index.php\/wp-json\/wp\/v2\/media\/195418"}],"wp:attachment":[{"href":"https:\/\/elotroenfoque.mx\/index.php\/wp-json\/wp\/v2\/media?parent=195417"}],"wp:term":[{"taxonomy":"category","embeddable":true,"href":"https:\/\/elotroenfoque.mx\/index.php\/wp-json\/wp\/v2\/categories?post=195417"},{"taxonomy":"post_tag","embeddable":true,"href":"https:\/\/elotroenfoque.mx\/index.php\/wp-json\/wp\/v2\/tags?post=195417"}],"curies":[{"name":"wp","href":"https:\/\/api.w.org\/{rel}","templated":true}]}}