{"id":195422,"date":"2026-09-02T14:42:39","date_gmt":"2026-09-02T20:42:39","guid":{"rendered":"https:\/\/elotroenfoque.mx\/?p=195422"},"modified":"2026-09-02T17:34:35","modified_gmt":"2026-09-02T23:34:35","slug":"tres-municipios-tendran-candidaturas-indigenas-obligatorias-en-2027","status":"publish","type":"post","link":"https:\/\/elotroenfoque.mx\/index.php\/2026\/09\/02\/tres-municipios-tendran-candidaturas-indigenas-obligatorias-en-2027\/","title":{"rendered":"Tres municipios tendr\u00e1n candidaturas ind\u00edgenas obligatorias en 2027"},"content":{"rendered":"\n<p class=\"wp-block-paragraph\">El Instituto Electoral del Estado de Guanajuato (IEEG) aprob\u00f3 la creaci\u00f3n de la Comisi\u00f3n Temporal de Debates para las elecciones de 2027 y defini\u00f3 los municipios donde ser\u00e1n obligatorias las candidaturas ind\u00edgenas.<\/p>\n\n\n\n<p class=\"wp-block-paragraph\">Durante una sesi\u00f3n extraordinaria, el Consejo General tambi\u00e9n determin\u00f3 que los partidos pol\u00edticos deber\u00e1n postular f\u00f3rmulas de personas ind\u00edgenas en Tierra Blanca, Victoria y Atarjea.<\/p>\n\n\n\n<p class=\"wp-block-paragraph\">Estas medidas forman parte de los preparativos para el Proceso Electoral Local Ordinario 2026-2027, en el que se renovar\u00e1n diputaciones y ayuntamientos de Guanajuato.<\/p>\n\n\n\n<figure class=\"wp-block-image size-large\"><img loading=\"lazy\" decoding=\"async\" width=\"1024\" height=\"682\" src=\"https:\/\/elotroenfoque.mx\/wp-content\/uploads\/2026\/09\/IEEG-aprueba-comision-de-debates-2-1024x682.jpeg\" alt=\"\" class=\"wp-image-195424\" srcset=\"https:\/\/elotroenfoque.mx\/wp-content\/uploads\/2026\/09\/IEEG-aprueba-comision-de-debates-2-1024x682.jpeg 1024w, https:\/\/elotroenfoque.mx\/wp-content\/uploads\/2026\/09\/IEEG-aprueba-comision-de-debates-2-300x200.jpeg 300w, https:\/\/elotroenfoque.mx\/wp-content\/uploads\/2026\/09\/IEEG-aprueba-comision-de-debates-2-768x511.jpeg 768w, https:\/\/elotroenfoque.mx\/wp-content\/uploads\/2026\/09\/IEEG-aprueba-comision-de-debates-2-600x400.jpeg 600w, https:\/\/elotroenfoque.mx\/wp-content\/uploads\/2026\/09\/IEEG-aprueba-comision-de-debates-2.jpeg 1280w\" sizes=\"auto, (max-width: 1024px) 100vw, 1024px\" \/><\/figure>\n\n\n\n<h2 class=\"wp-block-heading\">IEEG crea Comisi\u00f3n Temporal de Debates para 2027<\/h2>\n\n\n\n<p class=\"wp-block-paragraph\">El Consejo General del IEEG aprob\u00f3 la creaci\u00f3n de la Comisi\u00f3n Temporal de Debates, que comenzar\u00e1 funciones durante octubre de 2026.<\/p>\n\n\n\n<p class=\"wp-block-paragraph\">La comisi\u00f3n tendr\u00e1 a su cargo la organizaci\u00f3n, producci\u00f3n, difusi\u00f3n y supervisi\u00f3n de los debates entre las candidaturas a diputaciones y ayuntamientos.<\/p>\n\n\n\n<p class=\"wp-block-paragraph\">De acuerdo con el instituto, los debates permitir\u00e1n exponer y confrontar las propuestas, planteamientos y plataformas electorales de quienes busquen cargos de elecci\u00f3n popular.<\/p>\n\n\n\n<p class=\"wp-block-paragraph\">La Comisi\u00f3n Temporal de Debates estar\u00e1 presidida por Blanca Marcela Aboytes Vega. Adem\u00e1s, Gustavo Hern\u00e1ndez Mart\u00ednez y Eduardo Joaqu\u00edn del Arco Borja participar\u00e1n como integrantes.<\/p>\n\n\n\n<p class=\"wp-block-paragraph\">Tambi\u00e9n contar\u00e1 con la titular de la Coordinaci\u00f3n de Comunicaci\u00f3n y Difusi\u00f3n como Secretar\u00eda T\u00e9cnica. Las representaciones de los partidos pol\u00edticos participar\u00e1n en los trabajos.<\/p>\n\n\n\n<figure class=\"wp-block-image size-large\"><img loading=\"lazy\" decoding=\"async\" width=\"1024\" height=\"682\" src=\"https:\/\/elotroenfoque.mx\/wp-content\/uploads\/2026\/09\/IEEG-aprueba-comision-de-debates-3-1024x682.jpeg\" alt=\"\" class=\"wp-image-195425\" srcset=\"https:\/\/elotroenfoque.mx\/wp-content\/uploads\/2026\/09\/IEEG-aprueba-comision-de-debates-3-1024x682.jpeg 1024w, https:\/\/elotroenfoque.mx\/wp-content\/uploads\/2026\/09\/IEEG-aprueba-comision-de-debates-3-300x200.jpeg 300w, https:\/\/elotroenfoque.mx\/wp-content\/uploads\/2026\/09\/IEEG-aprueba-comision-de-debates-3-768x511.jpeg 768w, https:\/\/elotroenfoque.mx\/wp-content\/uploads\/2026\/09\/IEEG-aprueba-comision-de-debates-3-600x400.jpeg 600w, https:\/\/elotroenfoque.mx\/wp-content\/uploads\/2026\/09\/IEEG-aprueba-comision-de-debates-3.jpeg 1280w\" sizes=\"auto, (max-width: 1024px) 100vw, 1024px\" \/><\/figure>\n\n\n\n<h2 class=\"wp-block-heading\">Candidaturas ind\u00edgenas ser\u00e1n obligatorias en tres municipios<\/h2>\n\n\n\n<p class=\"wp-block-paragraph\">El IEEG tambi\u00e9n aprob\u00f3 informar a partidos pol\u00edticos y aspirantes independientes cu\u00e1les municipios deber\u00e1n postular f\u00f3rmulas de candidaturas ind\u00edgenas.<\/p>\n\n\n\n<p class=\"wp-block-paragraph\">La medida aplicar\u00e1 durante el Proceso Electoral Local Ordinario 2026-2027 en Tierra Blanca, Victoria y Atarjea.<\/p>\n\n\n\n<p class=\"wp-block-paragraph\">La disposici\u00f3n deriva del art\u00edculo 184 bis de la ley electoral local, que establece reglas espec\u00edficas para municipios con poblaci\u00f3n ind\u00edgena originaria superior al 25 por ciento.<\/p>\n\n\n\n<p class=\"wp-block-paragraph\">Adem\u00e1s, el municipio debe encontrarse dentro del padr\u00f3n de pueblos y comunidades ind\u00edgenas del estado de Guanajuato para que opere esta obligaci\u00f3n.<\/p>\n\n\n\n<p class=\"wp-block-paragraph\">En esos casos, partidos, coaliciones y candidaturas independientes deber\u00e1n incorporar al menos una f\u00f3rmula de personas ind\u00edgenas dentro de los primeros cuatro lugares de la lista.<\/p>\n\n\n\n<p class=\"wp-block-paragraph\">La obligaci\u00f3n tambi\u00e9n podr\u00e1 cumplirse cuando la candidatura a la presidencia municipal o la f\u00f3rmula de sindicatura corresponda a personas ind\u00edgenas.<\/p>\n\n\n\n<h2 class=\"wp-block-heading\">Al menos dos f\u00f3rmulas deber\u00e1n ser de mujeres ind\u00edgenas<\/h2>\n\n\n\n<p class=\"wp-block-paragraph\">Para Tierra Blanca, Victoria y Atarjea, los partidos deber\u00e1n postular al menos una f\u00f3rmula ind\u00edgena dentro de cada planilla.<\/p>\n\n\n\n<p class=\"wp-block-paragraph\">Esto significa que deber\u00e1n registrarse como m\u00ednimo tres f\u00f3rmulas de candidaturas ind\u00edgenas, una correspondiente a cada ayuntamiento se\u00f1alado.<\/p>\n\n\n\n<p class=\"wp-block-paragraph\">Adem\u00e1s, al menos dos de esas f\u00f3rmulas deber\u00e1n corresponder a mujeres ind\u00edgenas, de acuerdo con las reglas aprobadas por el IEEG.<\/p>\n\n\n\n<p class=\"wp-block-paragraph\">La disposici\u00f3n no impide que la tercera f\u00f3rmula tambi\u00e9n sea integrada por mujeres. Asimismo, los partidos podr\u00e1n postular m\u00e1s f\u00f3rmulas de personas ind\u00edgenas.<\/p>\n\n\n\n<p class=\"wp-block-paragraph\">En los municipios donde la poblaci\u00f3n ind\u00edgena originaria sea menor al 25 por ciento, pero exista presencia dentro del padr\u00f3n estatal, la ley establece que los partidos procurar\u00e1n incluir personas ind\u00edgenas.<\/p>\n\n\n\n<p class=\"wp-block-paragraph\">El objetivo de estas disposiciones es garantizar espacios de representaci\u00f3n para las comunidades ind\u00edgenas dentro de los gobiernos municipales.<\/p>\n\n\n\n<p class=\"wp-block-paragraph\">Por ello, las candidaturas ind\u00edgenas en Guanajuato tendr\u00e1n reglas espec\u00edficas durante la elecci\u00f3n de ayuntamientos de 2027.<\/p>\n\n\n\n<h2 class=\"wp-block-heading\">IEEG prepara organizaci\u00f3n del proceso electoral 2026-2027<\/h2>\n\n\n\n<p class=\"wp-block-paragraph\">Adem\u00e1s de los debates y las candidaturas ind\u00edgenas, el Consejo General aprob\u00f3 la integraci\u00f3n de la Comisi\u00f3n de Capacitaci\u00f3n y Organizaci\u00f3n Electoral.<\/p>\n\n\n\n<p class=\"wp-block-paragraph\">Esta comisi\u00f3n entrar\u00e1 en funciones durante septiembre de 2026 y permanecer\u00e1 activa hasta la conclusi\u00f3n del proceso electoral.<\/p>\n\n\n\n<p class=\"wp-block-paragraph\">Tambi\u00e9n se ratific\u00f3 a la Unidad T\u00e9cnica de Sistemas de Informaci\u00f3n y Telecomunicaciones como responsable de coordinar el Programa de Resultados Electorales Preliminares (PREP).<\/p>\n\n\n\n<p class=\"wp-block-paragraph\">La Comisi\u00f3n de Capacitaci\u00f3n y Organizaci\u00f3n Electoral dar\u00e1 seguimiento a los trabajos de implementaci\u00f3n y operaci\u00f3n del PREP.<\/p>\n\n\n\n<p class=\"wp-block-paragraph\">Tambi\u00e9n lee: <strong><a href=\"https:\/\/elotroenfoque.mx\/index.php\/2026\/09\/02\/asesinan-al-tecladista-del-grupo-camilo-septimo-y-a-su-familia\/\">Asesinan al tecladista del grupo Camilo S\u00e9ptimo y a su familia<\/a><\/strong><\/p>\n\n\n\n<p class=\"wp-block-paragraph\">Por otra parte, la Coordinaci\u00f3n de Prerrogativas y Partidos Pol\u00edticos ser\u00e1 responsable de coordinar el sistema \u201cCandidatas y Candidatos, Con\u00f3celes\u201d.<\/p>\n\n\n\n<p class=\"wp-block-paragraph\">Este sistema busca facilitar a la ciudadan\u00eda informaci\u00f3n sobre las personas candidatas, fortalecer la transparencia y favorecer un voto informado y razonado.<\/p>\n\n\n\n<p class=\"wp-block-paragraph\">Finalmente, el IEEG autoriz\u00f3 la firma de un convenio general de coordinaci\u00f3n y colaboraci\u00f3n con el Instituto Nacional Electoral (INE).<\/p>\n\n\n\n<p class=\"wp-block-paragraph\">El acuerdo establecer\u00e1 las bases de coordinaci\u00f3n para organizar el Proceso Electoral Concurrente 2026-2027 y optimizar los recursos disponibles.<\/p>\n\n\n\n<p class=\"wp-block-paragraph\"><strong><a href=\"https:\/\/www.tiktok.com\/@elotroenfoque?_r=1&amp;_t=ZS-97ffhW6kR1t\">Sigue tambi\u00e9n las noticias en TikTok<\/a><\/strong><\/p>\n\n\n\n<p class=\"wp-block-paragraph\"><\/p>\n","protected":false},"excerpt":{"rendered":"<p>El Instituto Electoral del Estado de Guanajuato (IEEG) aprob\u00f3 la creaci\u00f3n de la Comisi\u00f3n Temporal de Debates para las elecciones de 2027 y defini\u00f3 los municipios donde ser\u00e1n obligatorias las candidaturas ind\u00edgenas. Durante una sesi\u00f3n extraordinaria, el Consejo General tambi\u00e9n determin\u00f3 que los partidos pol\u00edticos deber\u00e1n postular f\u00f3rmulas de personas ind\u00edgenas en Tierra Blanca, Victoria&#8230;<\/p>\n","protected":false},"author":4,"featured_media":195423,"comment_status":"closed","ping_status":"open","sticky":false,"template":"","format":"standard","meta":{"footnotes":""},"categories":[8646],"tags":[13,4517],"class_list":["post-195422","post","type-post","status-publish","format-standard","has-post-thumbnail","hentry","category-principales","tag-guanajuato","tag-noticias-guanajuato"],"yoast_head":"<!-- This site is optimized with the Yoast SEO plugin v28.2 - https:\/\/yoast.com\/product\/yoast-seo-wordpress\/ -->\n<title>Tres municipios tendr\u00e1n candidaturas ind\u00edgenas obligatorias en 2027 - El otro enfoque<\/title>\n<meta name=\"description\" content=\"El IEEG cre\u00f3 la Comisi\u00f3n de Debates y estableci\u00f3 candidaturas ind\u00edgenas obligatorias en Tierra Blanca, Victoria y Atarjea para 2027.\" \/>\n<meta name=\"robots\" content=\"index, follow, max-snippet:-1, max-image-preview:large, max-video-preview:-1\" \/>\n<link rel=\"canonical\" href=\"https:\/\/elotroenfoque.mx\/index.php\/2026\/09\/02\/tres-municipios-tendran-candidaturas-indigenas-obligatorias-en-2027\/\" \/>\n<meta property=\"og:locale\" content=\"es_MX\" \/>\n<meta property=\"og:type\" content=\"article\" \/>\n<meta property=\"og:title\" content=\"Tres municipios tendr\u00e1n candidaturas ind\u00edgenas obligatorias en 2027 - El otro enfoque\" \/>\n<meta property=\"og:description\" content=\"El IEEG cre\u00f3 la Comisi\u00f3n de Debates y estableci\u00f3 candidaturas ind\u00edgenas obligatorias en Tierra Blanca, Victoria y Atarjea para 2027.\" \/>\n<meta property=\"og:url\" content=\"https:\/\/elotroenfoque.mx\/index.php\/2026\/09\/02\/tres-municipios-tendran-candidaturas-indigenas-obligatorias-en-2027\/\" \/>\n<meta property=\"og:site_name\" content=\"El otro enfoque\" \/>\n<meta property=\"article:published_time\" content=\"2026-09-02T20:42:39+00:00\" \/>\n<meta property=\"article:modified_time\" content=\"2026-09-02T23:34:35+00:00\" \/>\n<meta property=\"og:image\" content=\"https:\/\/elotroenfoque.mx\/wp-content\/uploads\/2026\/09\/IEEG-aprueba-comision-de-debates-1.jpeg\" \/>\n\t<meta property=\"og:image:width\" content=\"1280\" \/>\n\t<meta property=\"og:image:height\" content=\"851\" \/>\n\t<meta property=\"og:image:type\" content=\"image\/jpeg\" \/>\n<meta name=\"author\" content=\"Equipo Redaccion\" \/>\n<meta name=\"twitter:card\" content=\"summary_large_image\" \/>\n<meta name=\"twitter:label1\" content=\"Escrito por\" \/>\n\t<meta name=\"twitter:data1\" content=\"Equipo Redaccion\" \/>\n\t<meta name=\"twitter:label2\" content=\"Tiempo de lectura\" \/>\n\t<meta name=\"twitter:data2\" content=\"4 minutos\" \/>\n<script type=\"application\/ld+json\" class=\"yoast-schema-graph\">{\"@context\":\"https:\\\/\\\/schema.org\",\"@graph\":[{\"@type\":\"Article\",\"@id\":\"https:\\\/\\\/elotroenfoque.mx\\\/index.php\\\/2026\\\/09\\\/02\\\/tres-municipios-tendran-candidaturas-indigenas-obligatorias-en-2027\\\/#article\",\"isPartOf\":{\"@id\":\"https:\\\/\\\/elotroenfoque.mx\\\/index.php\\\/2026\\\/09\\\/02\\\/tres-municipios-tendran-candidaturas-indigenas-obligatorias-en-2027\\\/\"},\"author\":{\"name\":\"Equipo Redaccion\",\"@id\":\"https:\\\/\\\/elotroenfoque.mx\\\/#\\\/schema\\\/person\\\/8eb322f84d0bd9f337e462905519a1ae\"},\"headline\":\"Tres municipios tendr\u00e1n candidaturas ind\u00edgenas obligatorias en 2027\",\"datePublished\":\"2026-09-02T20:42:39+00:00\",\"dateModified\":\"2026-09-02T23:34:35+00:00\",\"mainEntityOfPage\":{\"@id\":\"https:\\\/\\\/elotroenfoque.mx\\\/index.php\\\/2026\\\/09\\\/02\\\/tres-municipios-tendran-candidaturas-indigenas-obligatorias-en-2027\\\/\"},\"wordCount\":811,\"image\":{\"@id\":\"https:\\\/\\\/elotroenfoque.mx\\\/index.php\\\/2026\\\/09\\\/02\\\/tres-municipios-tendran-candidaturas-indigenas-obligatorias-en-2027\\\/#primaryimage\"},\"thumbnailUrl\":\"https:\\\/\\\/elotroenfoque.mx\\\/wp-content\\\/uploads\\\/2026\\\/09\\\/IEEG-aprueba-comision-de-debates-1.jpeg\",\"keywords\":[\"Guanajuato\",\"Noticias Guanajuato\"],\"articleSection\":[\"Principales\"],\"inLanguage\":\"es\"},{\"@type\":\"WebPage\",\"@id\":\"https:\\\/\\\/elotroenfoque.mx\\\/index.php\\\/2026\\\/09\\\/02\\\/tres-municipios-tendran-candidaturas-indigenas-obligatorias-en-2027\\\/\",\"url\":\"https:\\\/\\\/elotroenfoque.mx\\\/index.php\\\/2026\\\/09\\\/02\\\/tres-municipios-tendran-candidaturas-indigenas-obligatorias-en-2027\\\/\",\"name\":\"Tres municipios tendr\u00e1n candidaturas ind\u00edgenas obligatorias en 2027 - El otro enfoque\",\"isPartOf\":{\"@id\":\"https:\\\/\\\/elotroenfoque.mx\\\/#website\"},\"primaryImageOfPage\":{\"@id\":\"https:\\\/\\\/elotroenfoque.mx\\\/index.php\\\/2026\\\/09\\\/02\\\/tres-municipios-tendran-candidaturas-indigenas-obligatorias-en-2027\\\/#primaryimage\"},\"image\":{\"@id\":\"https:\\\/\\\/elotroenfoque.mx\\\/index.php\\\/2026\\\/09\\\/02\\\/tres-municipios-tendran-candidaturas-indigenas-obligatorias-en-2027\\\/#primaryimage\"},\"thumbnailUrl\":\"https:\\\/\\\/elotroenfoque.mx\\\/wp-content\\\/uploads\\\/2026\\\/09\\\/IEEG-aprueba-comision-de-debates-1.jpeg\",\"datePublished\":\"2026-09-02T20:42:39+00:00\",\"dateModified\":\"2026-09-02T23:34:35+00:00\",\"author\":{\"@id\":\"https:\\\/\\\/elotroenfoque.mx\\\/#\\\/schema\\\/person\\\/8eb322f84d0bd9f337e462905519a1ae\"},\"description\":\"El IEEG cre\u00f3 la Comisi\u00f3n de Debates y estableci\u00f3 candidaturas ind\u00edgenas obligatorias en Tierra Blanca, Victoria y Atarjea para 2027.\",\"breadcrumb\":{\"@id\":\"https:\\\/\\\/elotroenfoque.mx\\\/index.php\\\/2026\\\/09\\\/02\\\/tres-municipios-tendran-candidaturas-indigenas-obligatorias-en-2027\\\/#breadcrumb\"},\"inLanguage\":\"es\",\"potentialAction\":[{\"@type\":\"ReadAction\",\"target\":[\"https:\\\/\\\/elotroenfoque.mx\\\/index.php\\\/2026\\\/09\\\/02\\\/tres-municipios-tendran-candidaturas-indigenas-obligatorias-en-2027\\\/\"]}]},{\"@type\":\"ImageObject\",\"inLanguage\":\"es\",\"@id\":\"https:\\\/\\\/elotroenfoque.mx\\\/index.php\\\/2026\\\/09\\\/02\\\/tres-municipios-tendran-candidaturas-indigenas-obligatorias-en-2027\\\/#primaryimage\",\"url\":\"https:\\\/\\\/elotroenfoque.mx\\\/wp-content\\\/uploads\\\/2026\\\/09\\\/IEEG-aprueba-comision-de-debates-1.jpeg\",\"contentUrl\":\"https:\\\/\\\/elotroenfoque.mx\\\/wp-content\\\/uploads\\\/2026\\\/09\\\/IEEG-aprueba-comision-de-debates-1.jpeg\",\"width\":1280,\"height\":851},{\"@type\":\"BreadcrumbList\",\"@id\":\"https:\\\/\\\/elotroenfoque.mx\\\/index.php\\\/2026\\\/09\\\/02\\\/tres-municipios-tendran-candidaturas-indigenas-obligatorias-en-2027\\\/#breadcrumb\",\"itemListElement\":[{\"@type\":\"ListItem\",\"position\":1,\"name\":\"Portada\",\"item\":\"https:\\\/\\\/elotroenfoque.mx\\\/\"},{\"@type\":\"ListItem\",\"position\":2,\"name\":\"Tres municipios tendr\u00e1n candidaturas ind\u00edgenas obligatorias en 2027\"}]},{\"@type\":\"WebSite\",\"@id\":\"https:\\\/\\\/elotroenfoque.mx\\\/#website\",\"url\":\"https:\\\/\\\/elotroenfoque.mx\\\/\",\"name\":\"El otro enfoque\",\"description\":\"\",\"potentialAction\":[{\"@type\":\"SearchAction\",\"target\":{\"@type\":\"EntryPoint\",\"urlTemplate\":\"https:\\\/\\\/elotroenfoque.mx\\\/?s={search_term_string}\"},\"query-input\":{\"@type\":\"PropertyValueSpecification\",\"valueRequired\":true,\"valueName\":\"search_term_string\"}}],\"inLanguage\":\"es\"},{\"@type\":\"Person\",\"@id\":\"https:\\\/\\\/elotroenfoque.mx\\\/#\\\/schema\\\/person\\\/8eb322f84d0bd9f337e462905519a1ae\",\"name\":\"Equipo Redaccion\",\"image\":{\"@type\":\"ImageObject\",\"inLanguage\":\"es\",\"@id\":\"https:\\\/\\\/secure.gravatar.com\\\/avatar\\\/3579478e2b4e7aad364a32b26cf744b360ae0e581ee1cd0cb18a8f239ee49ac4?s=96&d=mm&r=g\",\"url\":\"https:\\\/\\\/secure.gravatar.com\\\/avatar\\\/3579478e2b4e7aad364a32b26cf744b360ae0e581ee1cd0cb18a8f239ee49ac4?s=96&d=mm&r=g\",\"contentUrl\":\"https:\\\/\\\/secure.gravatar.com\\\/avatar\\\/3579478e2b4e7aad364a32b26cf744b360ae0e581ee1cd0cb18a8f239ee49ac4?s=96&d=mm&r=g\",\"caption\":\"Equipo Redaccion\"},\"url\":\"https:\\\/\\\/elotroenfoque.mx\\\/index.php\\\/author\\\/redaccion\\\/\"}]}<\/script>\n<!-- \/ Yoast SEO plugin. -->","yoast_head_json":{"title":"Tres municipios tendr\u00e1n candidaturas ind\u00edgenas obligatorias en 2027 - El otro enfoque","description":"El IEEG cre\u00f3 la Comisi\u00f3n de Debates y estableci\u00f3 candidaturas ind\u00edgenas obligatorias en Tierra Blanca, Victoria y Atarjea para 2027.","robots":{"index":"index","follow":"follow","max-snippet":"max-snippet:-1","max-image-preview":"max-image-preview:large","max-video-preview":"max-video-preview:-1"},"canonical":"https:\/\/elotroenfoque.mx\/index.php\/2026\/09\/02\/tres-municipios-tendran-candidaturas-indigenas-obligatorias-en-2027\/","og_locale":"es_MX","og_type":"article","og_title":"Tres municipios tendr\u00e1n candidaturas ind\u00edgenas obligatorias en 2027 - El otro enfoque","og_description":"El IEEG cre\u00f3 la Comisi\u00f3n de Debates y estableci\u00f3 candidaturas ind\u00edgenas obligatorias en Tierra Blanca, Victoria y Atarjea para 2027.","og_url":"https:\/\/elotroenfoque.mx\/index.php\/2026\/09\/02\/tres-municipios-tendran-candidaturas-indigenas-obligatorias-en-2027\/","og_site_name":"El otro enfoque","article_published_time":"2026-09-02T20:42:39+00:00","article_modified_time":"2026-09-02T23:34:35+00:00","og_image":[{"width":1280,"height":851,"url":"https:\/\/elotroenfoque.mx\/wp-content\/uploads\/2026\/09\/IEEG-aprueba-comision-de-debates-1.jpeg","type":"image\/jpeg"}],"author":"Equipo Redaccion","twitter_card":"summary_large_image","twitter_misc":{"Escrito por":"Equipo Redaccion","Tiempo de lectura":"4 minutos"},"schema":{"@context":"https:\/\/schema.org","@graph":[{"@type":"Article","@id":"https:\/\/elotroenfoque.mx\/index.php\/2026\/09\/02\/tres-municipios-tendran-candidaturas-indigenas-obligatorias-en-2027\/#article","isPartOf":{"@id":"https:\/\/elotroenfoque.mx\/index.php\/2026\/09\/02\/tres-municipios-tendran-candidaturas-indigenas-obligatorias-en-2027\/"},"author":{"name":"Equipo Redaccion","@id":"https:\/\/elotroenfoque.mx\/#\/schema\/person\/8eb322f84d0bd9f337e462905519a1ae"},"headline":"Tres municipios tendr\u00e1n candidaturas ind\u00edgenas obligatorias en 2027","datePublished":"2026-09-02T20:42:39+00:00","dateModified":"2026-09-02T23:34:35+00:00","mainEntityOfPage":{"@id":"https:\/\/elotroenfoque.mx\/index.php\/2026\/09\/02\/tres-municipios-tendran-candidaturas-indigenas-obligatorias-en-2027\/"},"wordCount":811,"image":{"@id":"https:\/\/elotroenfoque.mx\/index.php\/2026\/09\/02\/tres-municipios-tendran-candidaturas-indigenas-obligatorias-en-2027\/#primaryimage"},"thumbnailUrl":"https:\/\/elotroenfoque.mx\/wp-content\/uploads\/2026\/09\/IEEG-aprueba-comision-de-debates-1.jpeg","keywords":["Guanajuato","Noticias Guanajuato"],"articleSection":["Principales"],"inLanguage":"es"},{"@type":"WebPage","@id":"https:\/\/elotroenfoque.mx\/index.php\/2026\/09\/02\/tres-municipios-tendran-candidaturas-indigenas-obligatorias-en-2027\/","url":"https:\/\/elotroenfoque.mx\/index.php\/2026\/09\/02\/tres-municipios-tendran-candidaturas-indigenas-obligatorias-en-2027\/","name":"Tres municipios tendr\u00e1n candidaturas ind\u00edgenas obligatorias en 2027 - El otro enfoque","isPartOf":{"@id":"https:\/\/elotroenfoque.mx\/#website"},"primaryImageOfPage":{"@id":"https:\/\/elotroenfoque.mx\/index.php\/2026\/09\/02\/tres-municipios-tendran-candidaturas-indigenas-obligatorias-en-2027\/#primaryimage"},"image":{"@id":"https:\/\/elotroenfoque.mx\/index.php\/2026\/09\/02\/tres-municipios-tendran-candidaturas-indigenas-obligatorias-en-2027\/#primaryimage"},"thumbnailUrl":"https:\/\/elotroenfoque.mx\/wp-content\/uploads\/2026\/09\/IEEG-aprueba-comision-de-debates-1.jpeg","datePublished":"2026-09-02T20:42:39+00:00","dateModified":"2026-09-02T23:34:35+00:00","author":{"@id":"https:\/\/elotroenfoque.mx\/#\/schema\/person\/8eb322f84d0bd9f337e462905519a1ae"},"description":"El IEEG cre\u00f3 la Comisi\u00f3n de Debates y estableci\u00f3 candidaturas ind\u00edgenas obligatorias en Tierra Blanca, Victoria y Atarjea para 2027.","breadcrumb":{"@id":"https:\/\/elotroenfoque.mx\/index.php\/2026\/09\/02\/tres-municipios-tendran-candidaturas-indigenas-obligatorias-en-2027\/#breadcrumb"},"inLanguage":"es","potentialAction":[{"@type":"ReadAction","target":["https:\/\/elotroenfoque.mx\/index.php\/2026\/09\/02\/tres-municipios-tendran-candidaturas-indigenas-obligatorias-en-2027\/"]}]},{"@type":"ImageObject","inLanguage":"es","@id":"https:\/\/elotroenfoque.mx\/index.php\/2026\/09\/02\/tres-municipios-tendran-candidaturas-indigenas-obligatorias-en-2027\/#primaryimage","url":"https:\/\/elotroenfoque.mx\/wp-content\/uploads\/2026\/09\/IEEG-aprueba-comision-de-debates-1.jpeg","contentUrl":"https:\/\/elotroenfoque.mx\/wp-content\/uploads\/2026\/09\/IEEG-aprueba-comision-de-debates-1.jpeg","width":1280,"height":851},{"@type":"BreadcrumbList","@id":"https:\/\/elotroenfoque.mx\/index.php\/2026\/09\/02\/tres-municipios-tendran-candidaturas-indigenas-obligatorias-en-2027\/#breadcrumb","itemListElement":[{"@type":"ListItem","position":1,"name":"Portada","item":"https:\/\/elotroenfoque.mx\/"},{"@type":"ListItem","position":2,"name":"Tres municipios tendr\u00e1n candidaturas ind\u00edgenas obligatorias en 2027"}]},{"@type":"WebSite","@id":"https:\/\/elotroenfoque.mx\/#website","url":"https:\/\/elotroenfoque.mx\/","name":"El otro enfoque","description":"","potentialAction":[{"@type":"SearchAction","target":{"@type":"EntryPoint","urlTemplate":"https:\/\/elotroenfoque.mx\/?s={search_term_string}"},"query-input":{"@type":"PropertyValueSpecification","valueRequired":true,"valueName":"search_term_string"}}],"inLanguage":"es"},{"@type":"Person","@id":"https:\/\/elotroenfoque.mx\/#\/schema\/person\/8eb322f84d0bd9f337e462905519a1ae","name":"Equipo Redaccion","image":{"@type":"ImageObject","inLanguage":"es","@id":"https:\/\/secure.gravatar.com\/avatar\/3579478e2b4e7aad364a32b26cf744b360ae0e581ee1cd0cb18a8f239ee49ac4?s=96&d=mm&r=g","url":"https:\/\/secure.gravatar.com\/avatar\/3579478e2b4e7aad364a32b26cf744b360ae0e581ee1cd0cb18a8f239ee49ac4?s=96&d=mm&r=g","contentUrl":"https:\/\/secure.gravatar.com\/avatar\/3579478e2b4e7aad364a32b26cf744b360ae0e581ee1cd0cb18a8f239ee49ac4?s=96&d=mm&r=g","caption":"Equipo Redaccion"},"url":"https:\/\/elotroenfoque.mx\/index.php\/author\/redaccion\/"}]}},"_links":{"self":[{"href":"https:\/\/elotroenfoque.mx\/index.php\/wp-json\/wp\/v2\/posts\/195422","targetHints":{"allow":["GET"]}}],"collection":[{"href":"https:\/\/elotroenfoque.mx\/index.php\/wp-json\/wp\/v2\/posts"}],"about":[{"href":"https:\/\/elotroenfoque.mx\/index.php\/wp-json\/wp\/v2\/types\/post"}],"author":[{"embeddable":true,"href":"https:\/\/elotroenfoque.mx\/index.php\/wp-json\/wp\/v2\/users\/4"}],"replies":[{"embeddable":true,"href":"https:\/\/elotroenfoque.mx\/index.php\/wp-json\/wp\/v2\/comments?post=195422"}],"version-history":[{"count":2,"href":"https:\/\/elotroenfoque.mx\/index.php\/wp-json\/wp\/v2\/posts\/195422\/revisions"}],"predecessor-version":[{"id":195450,"href":"https:\/\/elotroenfoque.mx\/index.php\/wp-json\/wp\/v2\/posts\/195422\/revisions\/195450"}],"wp:featuredmedia":[{"embeddable":true,"href":"https:\/\/elotroenfoque.mx\/index.php\/wp-json\/wp\/v2\/media\/195423"}],"wp:attachment":[{"href":"https:\/\/elotroenfoque.mx\/index.php\/wp-json\/wp\/v2\/media?parent=195422"}],"wp:term":[{"taxonomy":"category","embeddable":true,"href":"https:\/\/elotroenfoque.mx\/index.php\/wp-json\/wp\/v2\/categories?post=195422"},{"taxonomy":"post_tag","embeddable":true,"href":"https:\/\/elotroenfoque.mx\/index.php\/wp-json\/wp\/v2\/tags?post=195422"}],"curies":[{"name":"wp","href":"https:\/\/api.w.org\/{rel}","templated":true}]}}