{"id":195437,"date":"2026-09-02T16:28:04","date_gmt":"2026-09-02T22:28:04","guid":{"rendered":"https:\/\/elotroenfoque.mx\/?p=195437"},"modified":"2026-09-02T16:28:05","modified_gmt":"2026-09-02T22:28:05","slug":"revisaran-las-cuentas-de-los-46-municipios-de-guanajuato","status":"publish","type":"post","link":"https:\/\/elotroenfoque.mx\/index.php\/2026\/09\/02\/revisaran-las-cuentas-de-los-46-municipios-de-guanajuato\/","title":{"rendered":"Revisar\u00e1n las cuentas de los 46 municipios de Guanajuato"},"content":{"rendered":"\n<p class=\"wp-block-paragraph\">\u201cLos recursos p\u00fablicos pertenecen a la gente y deben de regresar a ellos convertidos en resultados\u201d, declar\u00f3 la gobernadora Libia Dennise Garc\u00eda Mu\u00f1oz Ledo durante la Apertura de Auditor\u00edas Integrales a Recursos del Gasto Federalizado de la Cuenta P\u00fablica 2025 en Municipios del Estado.<\/p>\n\n\n\n<p class=\"wp-block-paragraph\">El encuentro, organizado por la Auditor\u00eda Superior de la Federaci\u00f3n (ASF) y la Auditor\u00eda Superior del Estado de Guanajuato (ASEG), formaliz\u00f3 el inicio de las revisiones contables, contrataciones y obra p\u00fablica en las 46 demarcaciones de la entidad. <\/p>\n\n\n\n<figure class=\"wp-block-image size-full\"><img loading=\"lazy\" decoding=\"async\" width=\"669\" height=\"478\" src=\"https:\/\/elotroenfoque.mx\/wp-content\/uploads\/2026\/09\/auditorias-a-municipios-2.jpg\" alt=\"\" class=\"wp-image-195439\" srcset=\"https:\/\/elotroenfoque.mx\/wp-content\/uploads\/2026\/09\/auditorias-a-municipios-2.jpg 669w, https:\/\/elotroenfoque.mx\/wp-content\/uploads\/2026\/09\/auditorias-a-municipios-2-300x214.jpg 300w\" sizes=\"auto, (max-width: 669px) 100vw, 669px\" \/><\/figure>\n\n\n\n<p class=\"wp-block-paragraph\">\u201cEste ejercicio fortalece la credibilidad de las instituciones p\u00fablicas y refleja el profundo compromiso que tenemos en Guanajuato con el correcto uso de los recursos p\u00fablicos\u201d, afirm\u00f3 la mandataria.<\/p>\n\n\n\n<p class=\"wp-block-paragraph\">Tambi\u00e9n lee: <strong><a href=\"https:\/\/elotroenfoque.mx\/index.php\/2026\/09\/02\/ieeg-prepara-debates-y-candidaturas-indigenas-para-2027\/\">IEEG prepara debates y candidaturas ind\u00edgenas para 2027<\/a><\/strong><\/p>\n\n\n\n<p class=\"wp-block-paragraph\">El Programa Anual contempla 2 mil 476 revisiones a nivel nacional. Al respecto, Aureliano Hern\u00e1ndez Palacios Cardel, auditor superior de la Federaci\u00f3n, detall\u00f3: \u201cLo que vamos a instrumentar para el pr\u00f3ximo a\u00f1o es un mecanismo a trav\u00e9s del cual los municipios puedan de manera voluntaria entregarnos informaci\u00f3n\u201d.<\/p>\n\n\n\n<p class=\"wp-block-paragraph\">Durante el evento se firm\u00f3 un convenio entre la ASF y el Gobierno estatal para poner en marcha un programa piloto de fiscalizaci\u00f3n en tiempo real. <\/p>\n\n\n\n<p class=\"wp-block-paragraph\">\u201cCelebramos que Guanajuato vuelva a ser pionero en fiscalizaci\u00f3n y buen gobierno, con la firma que acabamos de hacer en este convenio\u201d, concluy\u00f3 Garc\u00eda Mu\u00f1oz Ledo.<\/p>\n\n\n\n<p class=\"wp-block-paragraph\"><strong><a href=\"https:\/\/www.tiktok.com\/@elotroenfoque?_r=1&amp;_t=ZS-97ffhW6kR1t\">Sigue tambi\u00e9n las noticias en TikTok<\/a><\/strong><\/p>\n\n\n\n<p class=\"wp-block-paragraph\"><\/p>\n","protected":false},"excerpt":{"rendered":"<p>\u201cLos recursos p\u00fablicos pertenecen a la gente y deben de regresar a ellos convertidos en resultados\u201d, declar\u00f3 la gobernadora Libia Dennise Garc\u00eda Mu\u00f1oz Ledo durante la Apertura de Auditor\u00edas Integrales a Recursos del Gasto Federalizado de la Cuenta P\u00fablica 2025 en Municipios del Estado. El encuentro, organizado por la Auditor\u00eda Superior de la Federaci\u00f3n (ASF)&#8230;<\/p>\n","protected":false},"author":4,"featured_media":195438,"comment_status":"closed","ping_status":"open","sticky":false,"template":"","format":"standard","meta":{"footnotes":""},"categories":[2],"tags":[13,4517],"class_list":["post-195437","post","type-post","status-publish","format-standard","has-post-thumbnail","hentry","category-noticias","tag-guanajuato","tag-noticias-guanajuato"],"yoast_head":"<!-- This site is optimized with the Yoast SEO plugin v28.2 - https:\/\/yoast.com\/product\/yoast-seo-wordpress\/ -->\n<title>Revisar\u00e1n las cuentas de los 46 municipios de Guanajuato - El otro enfoque<\/title>\n<meta name=\"description\" content=\"La gobernadora Libia Dennise encabez\u00f3 la Apertura de Auditor\u00edas Integrales 2025 de la ASF y la ASEG para los 46 municipios del estado de Guanajuato.\" \/>\n<meta name=\"robots\" content=\"index, follow, max-snippet:-1, max-image-preview:large, max-video-preview:-1\" \/>\n<link rel=\"canonical\" href=\"https:\/\/elotroenfoque.mx\/index.php\/2026\/09\/02\/revisaran-las-cuentas-de-los-46-municipios-de-guanajuato\/\" \/>\n<meta property=\"og:locale\" content=\"es_MX\" \/>\n<meta property=\"og:type\" content=\"article\" \/>\n<meta property=\"og:title\" content=\"Revisar\u00e1n las cuentas de los 46 municipios de Guanajuato - El otro enfoque\" \/>\n<meta property=\"og:description\" content=\"La gobernadora Libia Dennise encabez\u00f3 la Apertura de Auditor\u00edas Integrales 2025 de la ASF y la ASEG para los 46 municipios del estado de Guanajuato.\" \/>\n<meta property=\"og:url\" content=\"https:\/\/elotroenfoque.mx\/index.php\/2026\/09\/02\/revisaran-las-cuentas-de-los-46-municipios-de-guanajuato\/\" \/>\n<meta property=\"og:site_name\" content=\"El otro enfoque\" \/>\n<meta property=\"article:published_time\" content=\"2026-09-02T22:28:04+00:00\" \/>\n<meta property=\"article:modified_time\" content=\"2026-09-02T22:28:05+00:00\" \/>\n<meta property=\"og:image\" content=\"https:\/\/elotroenfoque.mx\/wp-content\/uploads\/2026\/09\/auditorias-a-municipios-1.jpg\" \/>\n\t<meta property=\"og:image:width\" content=\"740\" \/>\n\t<meta property=\"og:image:height\" content=\"482\" \/>\n\t<meta property=\"og:image:type\" content=\"image\/jpeg\" \/>\n<meta name=\"author\" content=\"Equipo Redaccion\" \/>\n<meta name=\"twitter:card\" content=\"summary_large_image\" \/>\n<meta name=\"twitter:label1\" content=\"Escrito por\" \/>\n\t<meta name=\"twitter:data1\" content=\"Equipo Redaccion\" \/>\n\t<meta name=\"twitter:label2\" content=\"Tiempo de lectura\" \/>\n\t<meta name=\"twitter:data2\" content=\"2 minutos\" \/>\n<script type=\"application\/ld+json\" class=\"yoast-schema-graph\">{\"@context\":\"https:\\\/\\\/schema.org\",\"@graph\":[{\"@type\":\"Article\",\"@id\":\"https:\\\/\\\/elotroenfoque.mx\\\/index.php\\\/2026\\\/09\\\/02\\\/revisaran-las-cuentas-de-los-46-municipios-de-guanajuato\\\/#article\",\"isPartOf\":{\"@id\":\"https:\\\/\\\/elotroenfoque.mx\\\/index.php\\\/2026\\\/09\\\/02\\\/revisaran-las-cuentas-de-los-46-municipios-de-guanajuato\\\/\"},\"author\":{\"name\":\"Equipo Redaccion\",\"@id\":\"https:\\\/\\\/elotroenfoque.mx\\\/#\\\/schema\\\/person\\\/8eb322f84d0bd9f337e462905519a1ae\"},\"headline\":\"Revisar\u00e1n las cuentas de los 46 municipios de Guanajuato\",\"datePublished\":\"2026-09-02T22:28:04+00:00\",\"dateModified\":\"2026-09-02T22:28:05+00:00\",\"mainEntityOfPage\":{\"@id\":\"https:\\\/\\\/elotroenfoque.mx\\\/index.php\\\/2026\\\/09\\\/02\\\/revisaran-las-cuentas-de-los-46-municipios-de-guanajuato\\\/\"},\"wordCount\":254,\"image\":{\"@id\":\"https:\\\/\\\/elotroenfoque.mx\\\/index.php\\\/2026\\\/09\\\/02\\\/revisaran-las-cuentas-de-los-46-municipios-de-guanajuato\\\/#primaryimage\"},\"thumbnailUrl\":\"https:\\\/\\\/elotroenfoque.mx\\\/wp-content\\\/uploads\\\/2026\\\/09\\\/auditorias-a-municipios-1.jpg\",\"keywords\":[\"Guanajuato\",\"Noticias Guanajuato\"],\"articleSection\":[\"Noticias\"],\"inLanguage\":\"es\"},{\"@type\":\"WebPage\",\"@id\":\"https:\\\/\\\/elotroenfoque.mx\\\/index.php\\\/2026\\\/09\\\/02\\\/revisaran-las-cuentas-de-los-46-municipios-de-guanajuato\\\/\",\"url\":\"https:\\\/\\\/elotroenfoque.mx\\\/index.php\\\/2026\\\/09\\\/02\\\/revisaran-las-cuentas-de-los-46-municipios-de-guanajuato\\\/\",\"name\":\"Revisar\u00e1n las cuentas de los 46 municipios de Guanajuato - El otro enfoque\",\"isPartOf\":{\"@id\":\"https:\\\/\\\/elotroenfoque.mx\\\/#website\"},\"primaryImageOfPage\":{\"@id\":\"https:\\\/\\\/elotroenfoque.mx\\\/index.php\\\/2026\\\/09\\\/02\\\/revisaran-las-cuentas-de-los-46-municipios-de-guanajuato\\\/#primaryimage\"},\"image\":{\"@id\":\"https:\\\/\\\/elotroenfoque.mx\\\/index.php\\\/2026\\\/09\\\/02\\\/revisaran-las-cuentas-de-los-46-municipios-de-guanajuato\\\/#primaryimage\"},\"thumbnailUrl\":\"https:\\\/\\\/elotroenfoque.mx\\\/wp-content\\\/uploads\\\/2026\\\/09\\\/auditorias-a-municipios-1.jpg\",\"datePublished\":\"2026-09-02T22:28:04+00:00\",\"dateModified\":\"2026-09-02T22:28:05+00:00\",\"author\":{\"@id\":\"https:\\\/\\\/elotroenfoque.mx\\\/#\\\/schema\\\/person\\\/8eb322f84d0bd9f337e462905519a1ae\"},\"description\":\"La gobernadora Libia Dennise encabez\u00f3 la Apertura de Auditor\u00edas Integrales 2025 de la ASF y la ASEG para los 46 municipios del estado de Guanajuato.\",\"breadcrumb\":{\"@id\":\"https:\\\/\\\/elotroenfoque.mx\\\/index.php\\\/2026\\\/09\\\/02\\\/revisaran-las-cuentas-de-los-46-municipios-de-guanajuato\\\/#breadcrumb\"},\"inLanguage\":\"es\",\"potentialAction\":[{\"@type\":\"ReadAction\",\"target\":[\"https:\\\/\\\/elotroenfoque.mx\\\/index.php\\\/2026\\\/09\\\/02\\\/revisaran-las-cuentas-de-los-46-municipios-de-guanajuato\\\/\"]}]},{\"@type\":\"ImageObject\",\"inLanguage\":\"es\",\"@id\":\"https:\\\/\\\/elotroenfoque.mx\\\/index.php\\\/2026\\\/09\\\/02\\\/revisaran-las-cuentas-de-los-46-municipios-de-guanajuato\\\/#primaryimage\",\"url\":\"https:\\\/\\\/elotroenfoque.mx\\\/wp-content\\\/uploads\\\/2026\\\/09\\\/auditorias-a-municipios-1.jpg\",\"contentUrl\":\"https:\\\/\\\/elotroenfoque.mx\\\/wp-content\\\/uploads\\\/2026\\\/09\\\/auditorias-a-municipios-1.jpg\",\"width\":740,\"height\":482},{\"@type\":\"BreadcrumbList\",\"@id\":\"https:\\\/\\\/elotroenfoque.mx\\\/index.php\\\/2026\\\/09\\\/02\\\/revisaran-las-cuentas-de-los-46-municipios-de-guanajuato\\\/#breadcrumb\",\"itemListElement\":[{\"@type\":\"ListItem\",\"position\":1,\"name\":\"Portada\",\"item\":\"https:\\\/\\\/elotroenfoque.mx\\\/\"},{\"@type\":\"ListItem\",\"position\":2,\"name\":\"Revisar\u00e1n las cuentas de los 46 municipios de Guanajuato\"}]},{\"@type\":\"WebSite\",\"@id\":\"https:\\\/\\\/elotroenfoque.mx\\\/#website\",\"url\":\"https:\\\/\\\/elotroenfoque.mx\\\/\",\"name\":\"El otro enfoque\",\"description\":\"\",\"potentialAction\":[{\"@type\":\"SearchAction\",\"target\":{\"@type\":\"EntryPoint\",\"urlTemplate\":\"https:\\\/\\\/elotroenfoque.mx\\\/?s={search_term_string}\"},\"query-input\":{\"@type\":\"PropertyValueSpecification\",\"valueRequired\":true,\"valueName\":\"search_term_string\"}}],\"inLanguage\":\"es\"},{\"@type\":\"Person\",\"@id\":\"https:\\\/\\\/elotroenfoque.mx\\\/#\\\/schema\\\/person\\\/8eb322f84d0bd9f337e462905519a1ae\",\"name\":\"Equipo Redaccion\",\"image\":{\"@type\":\"ImageObject\",\"inLanguage\":\"es\",\"@id\":\"https:\\\/\\\/secure.gravatar.com\\\/avatar\\\/3579478e2b4e7aad364a32b26cf744b360ae0e581ee1cd0cb18a8f239ee49ac4?s=96&d=mm&r=g\",\"url\":\"https:\\\/\\\/secure.gravatar.com\\\/avatar\\\/3579478e2b4e7aad364a32b26cf744b360ae0e581ee1cd0cb18a8f239ee49ac4?s=96&d=mm&r=g\",\"contentUrl\":\"https:\\\/\\\/secure.gravatar.com\\\/avatar\\\/3579478e2b4e7aad364a32b26cf744b360ae0e581ee1cd0cb18a8f239ee49ac4?s=96&d=mm&r=g\",\"caption\":\"Equipo Redaccion\"},\"url\":\"https:\\\/\\\/elotroenfoque.mx\\\/index.php\\\/author\\\/redaccion\\\/\"}]}<\/script>\n<!-- \/ Yoast SEO plugin. -->","yoast_head_json":{"title":"Revisar\u00e1n las cuentas de los 46 municipios de Guanajuato - El otro enfoque","description":"La gobernadora Libia Dennise encabez\u00f3 la Apertura de Auditor\u00edas Integrales 2025 de la ASF y la ASEG para los 46 municipios del estado de Guanajuato.","robots":{"index":"index","follow":"follow","max-snippet":"max-snippet:-1","max-image-preview":"max-image-preview:large","max-video-preview":"max-video-preview:-1"},"canonical":"https:\/\/elotroenfoque.mx\/index.php\/2026\/09\/02\/revisaran-las-cuentas-de-los-46-municipios-de-guanajuato\/","og_locale":"es_MX","og_type":"article","og_title":"Revisar\u00e1n las cuentas de los 46 municipios de Guanajuato - El otro enfoque","og_description":"La gobernadora Libia Dennise encabez\u00f3 la Apertura de Auditor\u00edas Integrales 2025 de la ASF y la ASEG para los 46 municipios del estado de Guanajuato.","og_url":"https:\/\/elotroenfoque.mx\/index.php\/2026\/09\/02\/revisaran-las-cuentas-de-los-46-municipios-de-guanajuato\/","og_site_name":"El otro enfoque","article_published_time":"2026-09-02T22:28:04+00:00","article_modified_time":"2026-09-02T22:28:05+00:00","og_image":[{"width":740,"height":482,"url":"https:\/\/elotroenfoque.mx\/wp-content\/uploads\/2026\/09\/auditorias-a-municipios-1.jpg","type":"image\/jpeg"}],"author":"Equipo Redaccion","twitter_card":"summary_large_image","twitter_misc":{"Escrito por":"Equipo Redaccion","Tiempo de lectura":"2 minutos"},"schema":{"@context":"https:\/\/schema.org","@graph":[{"@type":"Article","@id":"https:\/\/elotroenfoque.mx\/index.php\/2026\/09\/02\/revisaran-las-cuentas-de-los-46-municipios-de-guanajuato\/#article","isPartOf":{"@id":"https:\/\/elotroenfoque.mx\/index.php\/2026\/09\/02\/revisaran-las-cuentas-de-los-46-municipios-de-guanajuato\/"},"author":{"name":"Equipo Redaccion","@id":"https:\/\/elotroenfoque.mx\/#\/schema\/person\/8eb322f84d0bd9f337e462905519a1ae"},"headline":"Revisar\u00e1n las cuentas de los 46 municipios de Guanajuato","datePublished":"2026-09-02T22:28:04+00:00","dateModified":"2026-09-02T22:28:05+00:00","mainEntityOfPage":{"@id":"https:\/\/elotroenfoque.mx\/index.php\/2026\/09\/02\/revisaran-las-cuentas-de-los-46-municipios-de-guanajuato\/"},"wordCount":254,"image":{"@id":"https:\/\/elotroenfoque.mx\/index.php\/2026\/09\/02\/revisaran-las-cuentas-de-los-46-municipios-de-guanajuato\/#primaryimage"},"thumbnailUrl":"https:\/\/elotroenfoque.mx\/wp-content\/uploads\/2026\/09\/auditorias-a-municipios-1.jpg","keywords":["Guanajuato","Noticias Guanajuato"],"articleSection":["Noticias"],"inLanguage":"es"},{"@type":"WebPage","@id":"https:\/\/elotroenfoque.mx\/index.php\/2026\/09\/02\/revisaran-las-cuentas-de-los-46-municipios-de-guanajuato\/","url":"https:\/\/elotroenfoque.mx\/index.php\/2026\/09\/02\/revisaran-las-cuentas-de-los-46-municipios-de-guanajuato\/","name":"Revisar\u00e1n las cuentas de los 46 municipios de Guanajuato - El otro enfoque","isPartOf":{"@id":"https:\/\/elotroenfoque.mx\/#website"},"primaryImageOfPage":{"@id":"https:\/\/elotroenfoque.mx\/index.php\/2026\/09\/02\/revisaran-las-cuentas-de-los-46-municipios-de-guanajuato\/#primaryimage"},"image":{"@id":"https:\/\/elotroenfoque.mx\/index.php\/2026\/09\/02\/revisaran-las-cuentas-de-los-46-municipios-de-guanajuato\/#primaryimage"},"thumbnailUrl":"https:\/\/elotroenfoque.mx\/wp-content\/uploads\/2026\/09\/auditorias-a-municipios-1.jpg","datePublished":"2026-09-02T22:28:04+00:00","dateModified":"2026-09-02T22:28:05+00:00","author":{"@id":"https:\/\/elotroenfoque.mx\/#\/schema\/person\/8eb322f84d0bd9f337e462905519a1ae"},"description":"La gobernadora Libia Dennise encabez\u00f3 la Apertura de Auditor\u00edas Integrales 2025 de la ASF y la ASEG para los 46 municipios del estado de Guanajuato.","breadcrumb":{"@id":"https:\/\/elotroenfoque.mx\/index.php\/2026\/09\/02\/revisaran-las-cuentas-de-los-46-municipios-de-guanajuato\/#breadcrumb"},"inLanguage":"es","potentialAction":[{"@type":"ReadAction","target":["https:\/\/elotroenfoque.mx\/index.php\/2026\/09\/02\/revisaran-las-cuentas-de-los-46-municipios-de-guanajuato\/"]}]},{"@type":"ImageObject","inLanguage":"es","@id":"https:\/\/elotroenfoque.mx\/index.php\/2026\/09\/02\/revisaran-las-cuentas-de-los-46-municipios-de-guanajuato\/#primaryimage","url":"https:\/\/elotroenfoque.mx\/wp-content\/uploads\/2026\/09\/auditorias-a-municipios-1.jpg","contentUrl":"https:\/\/elotroenfoque.mx\/wp-content\/uploads\/2026\/09\/auditorias-a-municipios-1.jpg","width":740,"height":482},{"@type":"BreadcrumbList","@id":"https:\/\/elotroenfoque.mx\/index.php\/2026\/09\/02\/revisaran-las-cuentas-de-los-46-municipios-de-guanajuato\/#breadcrumb","itemListElement":[{"@type":"ListItem","position":1,"name":"Portada","item":"https:\/\/elotroenfoque.mx\/"},{"@type":"ListItem","position":2,"name":"Revisar\u00e1n las cuentas de los 46 municipios de Guanajuato"}]},{"@type":"WebSite","@id":"https:\/\/elotroenfoque.mx\/#website","url":"https:\/\/elotroenfoque.mx\/","name":"El otro enfoque","description":"","potentialAction":[{"@type":"SearchAction","target":{"@type":"EntryPoint","urlTemplate":"https:\/\/elotroenfoque.mx\/?s={search_term_string}"},"query-input":{"@type":"PropertyValueSpecification","valueRequired":true,"valueName":"search_term_string"}}],"inLanguage":"es"},{"@type":"Person","@id":"https:\/\/elotroenfoque.mx\/#\/schema\/person\/8eb322f84d0bd9f337e462905519a1ae","name":"Equipo Redaccion","image":{"@type":"ImageObject","inLanguage":"es","@id":"https:\/\/secure.gravatar.com\/avatar\/3579478e2b4e7aad364a32b26cf744b360ae0e581ee1cd0cb18a8f239ee49ac4?s=96&d=mm&r=g","url":"https:\/\/secure.gravatar.com\/avatar\/3579478e2b4e7aad364a32b26cf744b360ae0e581ee1cd0cb18a8f239ee49ac4?s=96&d=mm&r=g","contentUrl":"https:\/\/secure.gravatar.com\/avatar\/3579478e2b4e7aad364a32b26cf744b360ae0e581ee1cd0cb18a8f239ee49ac4?s=96&d=mm&r=g","caption":"Equipo Redaccion"},"url":"https:\/\/elotroenfoque.mx\/index.php\/author\/redaccion\/"}]}},"_links":{"self":[{"href":"https:\/\/elotroenfoque.mx\/index.php\/wp-json\/wp\/v2\/posts\/195437","targetHints":{"allow":["GET"]}}],"collection":[{"href":"https:\/\/elotroenfoque.mx\/index.php\/wp-json\/wp\/v2\/posts"}],"about":[{"href":"https:\/\/elotroenfoque.mx\/index.php\/wp-json\/wp\/v2\/types\/post"}],"author":[{"embeddable":true,"href":"https:\/\/elotroenfoque.mx\/index.php\/wp-json\/wp\/v2\/users\/4"}],"replies":[{"embeddable":true,"href":"https:\/\/elotroenfoque.mx\/index.php\/wp-json\/wp\/v2\/comments?post=195437"}],"version-history":[{"count":1,"href":"https:\/\/elotroenfoque.mx\/index.php\/wp-json\/wp\/v2\/posts\/195437\/revisions"}],"predecessor-version":[{"id":195441,"href":"https:\/\/elotroenfoque.mx\/index.php\/wp-json\/wp\/v2\/posts\/195437\/revisions\/195441"}],"wp:featuredmedia":[{"embeddable":true,"href":"https:\/\/elotroenfoque.mx\/index.php\/wp-json\/wp\/v2\/media\/195438"}],"wp:attachment":[{"href":"https:\/\/elotroenfoque.mx\/index.php\/wp-json\/wp\/v2\/media?parent=195437"}],"wp:term":[{"taxonomy":"category","embeddable":true,"href":"https:\/\/elotroenfoque.mx\/index.php\/wp-json\/wp\/v2\/categories?post=195437"},{"taxonomy":"post_tag","embeddable":true,"href":"https:\/\/elotroenfoque.mx\/index.php\/wp-json\/wp\/v2\/tags?post=195437"}],"curies":[{"name":"wp","href":"https:\/\/api.w.org\/{rel}","templated":true}]}}