{"id":195443,"date":"2026-09-02T17:36:38","date_gmt":"2026-09-02T23:36:38","guid":{"rendered":"https:\/\/elotroenfoque.mx\/?p=195443"},"modified":"2026-09-02T17:36:39","modified_gmt":"2026-09-02T23:36:39","slug":"atletas-capitalinos-reciben-reconocimiento-por-sus-logros","status":"publish","type":"post","link":"https:\/\/elotroenfoque.mx\/index.php\/2026\/09\/02\/atletas-capitalinos-reciben-reconocimiento-por-sus-logros\/","title":{"rendered":"Atletas capitalinos reciben reconocimiento por sus logros"},"content":{"rendered":"\n<p class=\"wp-block-paragraph\">La presidenta municipal Samantha Smith entreg\u00f3 reconocimientos a atletas capitalinos destacados por sus resultados en competencias nacionales e internacionales.<\/p>\n\n\n\n<p class=\"wp-block-paragraph\">La ceremonia se realiz\u00f3 a trav\u00e9s de la Comisi\u00f3n Municipal del Deporte de Guanajuato (Comudeg) y reconoci\u00f3 los logros obtenidos entre abril y julio de 2026.<\/p>\n\n\n\n<p class=\"wp-block-paragraph\">Los deportistas participaron en competencias como la Olimpiada Nacional, los Juegos Centroamericanos y del Caribe, adem\u00e1s de diversos torneos nacionales e internacionales.<\/p>\n\n\n\n<figure class=\"wp-block-image size-large\"><img loading=\"lazy\" decoding=\"async\" width=\"1024\" height=\"682\" src=\"https:\/\/elotroenfoque.mx\/wp-content\/uploads\/2026\/09\/atletas-destacados-2-1024x682.jpeg\" alt=\"\" class=\"wp-image-195445\" srcset=\"https:\/\/elotroenfoque.mx\/wp-content\/uploads\/2026\/09\/atletas-destacados-2-1024x682.jpeg 1024w, https:\/\/elotroenfoque.mx\/wp-content\/uploads\/2026\/09\/atletas-destacados-2-300x200.jpeg 300w, https:\/\/elotroenfoque.mx\/wp-content\/uploads\/2026\/09\/atletas-destacados-2-767x511.jpeg 767w, https:\/\/elotroenfoque.mx\/wp-content\/uploads\/2026\/09\/atletas-destacados-2-600x400.jpeg 600w, https:\/\/elotroenfoque.mx\/wp-content\/uploads\/2026\/09\/atletas-destacados-2.jpeg 1280w\" sizes=\"auto, (max-width: 1024px) 100vw, 1024px\" \/><\/figure>\n\n\n\n<h2 class=\"wp-block-heading\">Samantha Smith destaca esfuerzo de los atletas<\/h2>\n\n\n\n<p class=\"wp-block-paragraph\">Durante el evento, Samantha Smith reconoci\u00f3 el desempe\u00f1o de las y los deportistas que representaron a Guanajuato en competencias de alto nivel.<\/p>\n\n\n\n<p class=\"wp-block-paragraph\">La alcaldesa destac\u00f3 que detr\u00e1s de cada triunfo existe un esfuerzo conjunto entre atletas, entrenadores y familias.<\/p>\n\n\n\n<p class=\"wp-block-paragraph\">\u201cEl deporte es una prioridad para esta administraci\u00f3n porque aleja a la juventud de riesgos, da herramientas para la vida y abre un camino de esperanza\u201d, afirm\u00f3.<\/p>\n\n\n\n<p class=\"wp-block-paragraph\">Adem\u00e1s, se\u00f1al\u00f3 que los resultados obtenidos son reflejo de la disciplina y preparaci\u00f3n de quienes compiten en distintas justas deportivas.<\/p>\n\n\n\n<figure class=\"wp-block-image size-large\"><img loading=\"lazy\" decoding=\"async\" width=\"1024\" height=\"682\" src=\"https:\/\/elotroenfoque.mx\/wp-content\/uploads\/2026\/09\/atletas-destacados-3-1-1024x682.jpeg\" alt=\"\" class=\"wp-image-195447\" srcset=\"https:\/\/elotroenfoque.mx\/wp-content\/uploads\/2026\/09\/atletas-destacados-3-1-1024x682.jpeg 1024w, https:\/\/elotroenfoque.mx\/wp-content\/uploads\/2026\/09\/atletas-destacados-3-1-300x200.jpeg 300w, https:\/\/elotroenfoque.mx\/wp-content\/uploads\/2026\/09\/atletas-destacados-3-1-767x511.jpeg 767w, https:\/\/elotroenfoque.mx\/wp-content\/uploads\/2026\/09\/atletas-destacados-3-1-600x400.jpeg 600w, https:\/\/elotroenfoque.mx\/wp-content\/uploads\/2026\/09\/atletas-destacados-3-1.jpeg 1280w\" sizes=\"auto, (max-width: 1024px) 100vw, 1024px\" \/><\/figure>\n\n\n\n<p class=\"wp-block-paragraph\">Los atletas capitalinos destacados recibieron el reconocimiento municipal por los resultados alcanzados durante el periodo de abril a julio.<\/p>\n\n\n\n<p class=\"wp-block-paragraph\">Entre las competencias se encuentran la Olimpiada Nacional y los Juegos Centroamericanos y del Caribe, considerados eventos de alto nivel deportivo.<\/p>\n\n\n\n<p class=\"wp-block-paragraph\">La ceremonia permiti\u00f3 destacar p\u00fablicamente a quienes han colocado el nombre de Guanajuato en competencias deportivas.<\/p>\n\n\n\n<p class=\"wp-block-paragraph\">Tambi\u00e9n lee: <strong><a href=\"https:\/\/elotroenfoque.mx\/index.php\/2026\/09\/02\/revisaran-las-cuentas-de-los-46-municipios-de-guanajuato\/\">Revisar\u00e1n las cuentas de los 46 municipios de Guanajuato<\/a><\/strong><\/p>\n\n\n\n<h2 class=\"wp-block-heading\">Comudeg respalda al talento deportivo<\/h2>\n\n\n\n<p class=\"wp-block-paragraph\">La Comisi\u00f3n Municipal del Deporte de Guanajuato organiz\u00f3 la ceremonia como parte del respaldo al talento deportivo de la capital.<\/p>\n\n\n\n<p class=\"wp-block-paragraph\">El reconocimiento tambi\u00e9n busca destacar el papel de entrenadores y familias en la preparaci\u00f3n de los atletas.<\/p>\n\n\n\n<p class=\"wp-block-paragraph\">Para el Gobierno Municipal, el deporte representa una herramienta para alejar a la juventud de riesgos y fomentar habilidades para la vida.<\/p>\n\n\n\n<p class=\"wp-block-paragraph\">Adem\u00e1s, la administraci\u00f3n municipal considera que la actividad deportiva puede abrir oportunidades y convertirse en un camino de esperanza para las nuevas generaciones.<\/p>\n\n\n\n<p class=\"wp-block-paragraph\">Con esta entrega, Samantha Smith reconoci\u00f3 el esfuerzo de los atletas capitalinos destacados durante los primeros meses de 2026.<\/p>\n\n\n\n<figure class=\"wp-block-image size-large\"><img loading=\"lazy\" decoding=\"async\" width=\"1024\" height=\"681\" src=\"https:\/\/elotroenfoque.mx\/wp-content\/uploads\/2026\/09\/atletas-destacados-4-1024x681.jpeg\" alt=\"\" class=\"wp-image-195448\" srcset=\"https:\/\/elotroenfoque.mx\/wp-content\/uploads\/2026\/09\/atletas-destacados-4-1024x681.jpeg 1024w, https:\/\/elotroenfoque.mx\/wp-content\/uploads\/2026\/09\/atletas-destacados-4-300x199.jpeg 300w, https:\/\/elotroenfoque.mx\/wp-content\/uploads\/2026\/09\/atletas-destacados-4-767x510.jpeg 767w, https:\/\/elotroenfoque.mx\/wp-content\/uploads\/2026\/09\/atletas-destacados-4-600x400.jpeg 600w, https:\/\/elotroenfoque.mx\/wp-content\/uploads\/2026\/09\/atletas-destacados-4.jpeg 1280w\" sizes=\"auto, (max-width: 1024px) 100vw, 1024px\" \/><\/figure>\n\n\n\n<p class=\"wp-block-paragraph\"><strong><a href=\"https:\/\/www.tiktok.com\/@elotroenfoque?_r=1&amp;_t=ZS-97ffhW6kR1t\">Sigue tambi\u00e9n las noticias en TikTok<\/a><\/strong><\/p>\n\n\n\n<p class=\"wp-block-paragraph\"><\/p>\n","protected":false},"excerpt":{"rendered":"<p>La presidenta municipal Samantha Smith entreg\u00f3 reconocimientos a atletas capitalinos destacados por sus resultados en competencias nacionales e internacionales. La ceremonia se realiz\u00f3 a trav\u00e9s de la Comisi\u00f3n Municipal del Deporte de Guanajuato (Comudeg) y reconoci\u00f3 los logros obtenidos entre abril y julio de 2026. Los deportistas participaron en competencias como la Olimpiada Nacional, los&#8230;<\/p>\n","protected":false},"author":4,"featured_media":195444,"comment_status":"closed","ping_status":"open","sticky":false,"template":"","format":"standard","meta":{"footnotes":""},"categories":[2],"tags":[13,4517],"class_list":["post-195443","post","type-post","status-publish","format-standard","has-post-thumbnail","hentry","category-noticias","tag-guanajuato","tag-noticias-guanajuato"],"yoast_head":"<!-- This site is optimized with the Yoast SEO plugin v28.2 - https:\/\/yoast.com\/product\/yoast-seo-wordpress\/ -->\n<title>Atletas capitalinos reciben reconocimiento por sus logros - El otro enfoque<\/title>\n<meta name=\"description\" content=\"Samantha Smith reconoci\u00f3 a atletas capitalinos destacados por sus resultados en competencias nacionales e internacionales durante 2026.\" \/>\n<meta name=\"robots\" content=\"index, follow, max-snippet:-1, max-image-preview:large, max-video-preview:-1\" \/>\n<link rel=\"canonical\" href=\"https:\/\/elotroenfoque.mx\/index.php\/2026\/09\/02\/atletas-capitalinos-reciben-reconocimiento-por-sus-logros\/\" \/>\n<meta property=\"og:locale\" content=\"es_MX\" \/>\n<meta property=\"og:type\" content=\"article\" \/>\n<meta property=\"og:title\" content=\"Atletas capitalinos reciben reconocimiento por sus logros - El otro enfoque\" \/>\n<meta property=\"og:description\" content=\"Samantha Smith reconoci\u00f3 a atletas capitalinos destacados por sus resultados en competencias nacionales e internacionales durante 2026.\" \/>\n<meta property=\"og:url\" content=\"https:\/\/elotroenfoque.mx\/index.php\/2026\/09\/02\/atletas-capitalinos-reciben-reconocimiento-por-sus-logros\/\" \/>\n<meta property=\"og:site_name\" content=\"El otro enfoque\" \/>\n<meta property=\"article:published_time\" content=\"2026-09-02T23:36:38+00:00\" \/>\n<meta property=\"article:modified_time\" content=\"2026-09-02T23:36:39+00:00\" \/>\n<meta property=\"og:image\" content=\"https:\/\/elotroenfoque.mx\/wp-content\/uploads\/2026\/09\/atletas-destacados-1.jpeg\" \/>\n\t<meta property=\"og:image:width\" content=\"1280\" \/>\n\t<meta property=\"og:image:height\" content=\"851\" \/>\n\t<meta property=\"og:image:type\" content=\"image\/jpeg\" \/>\n<meta name=\"author\" content=\"Equipo Redaccion\" \/>\n<meta name=\"twitter:card\" content=\"summary_large_image\" \/>\n<meta name=\"twitter:label1\" content=\"Escrito por\" \/>\n\t<meta name=\"twitter:data1\" content=\"Equipo Redaccion\" \/>\n\t<meta name=\"twitter:label2\" content=\"Tiempo de lectura\" \/>\n\t<meta name=\"twitter:data2\" content=\"3 minutos\" \/>\n<script type=\"application\/ld+json\" class=\"yoast-schema-graph\">{\"@context\":\"https:\\\/\\\/schema.org\",\"@graph\":[{\"@type\":\"Article\",\"@id\":\"https:\\\/\\\/elotroenfoque.mx\\\/index.php\\\/2026\\\/09\\\/02\\\/atletas-capitalinos-reciben-reconocimiento-por-sus-logros\\\/#article\",\"isPartOf\":{\"@id\":\"https:\\\/\\\/elotroenfoque.mx\\\/index.php\\\/2026\\\/09\\\/02\\\/atletas-capitalinos-reciben-reconocimiento-por-sus-logros\\\/\"},\"author\":{\"name\":\"Equipo Redaccion\",\"@id\":\"https:\\\/\\\/elotroenfoque.mx\\\/#\\\/schema\\\/person\\\/8eb322f84d0bd9f337e462905519a1ae\"},\"headline\":\"Atletas capitalinos reciben reconocimiento por sus logros\",\"datePublished\":\"2026-09-02T23:36:38+00:00\",\"dateModified\":\"2026-09-02T23:36:39+00:00\",\"mainEntityOfPage\":{\"@id\":\"https:\\\/\\\/elotroenfoque.mx\\\/index.php\\\/2026\\\/09\\\/02\\\/atletas-capitalinos-reciben-reconocimiento-por-sus-logros\\\/\"},\"wordCount\":361,\"image\":{\"@id\":\"https:\\\/\\\/elotroenfoque.mx\\\/index.php\\\/2026\\\/09\\\/02\\\/atletas-capitalinos-reciben-reconocimiento-por-sus-logros\\\/#primaryimage\"},\"thumbnailUrl\":\"https:\\\/\\\/elotroenfoque.mx\\\/wp-content\\\/uploads\\\/2026\\\/09\\\/atletas-destacados-1.jpeg\",\"keywords\":[\"Guanajuato\",\"Noticias Guanajuato\"],\"articleSection\":[\"Noticias\"],\"inLanguage\":\"es\"},{\"@type\":\"WebPage\",\"@id\":\"https:\\\/\\\/elotroenfoque.mx\\\/index.php\\\/2026\\\/09\\\/02\\\/atletas-capitalinos-reciben-reconocimiento-por-sus-logros\\\/\",\"url\":\"https:\\\/\\\/elotroenfoque.mx\\\/index.php\\\/2026\\\/09\\\/02\\\/atletas-capitalinos-reciben-reconocimiento-por-sus-logros\\\/\",\"name\":\"Atletas capitalinos reciben reconocimiento por sus logros - El otro enfoque\",\"isPartOf\":{\"@id\":\"https:\\\/\\\/elotroenfoque.mx\\\/#website\"},\"primaryImageOfPage\":{\"@id\":\"https:\\\/\\\/elotroenfoque.mx\\\/index.php\\\/2026\\\/09\\\/02\\\/atletas-capitalinos-reciben-reconocimiento-por-sus-logros\\\/#primaryimage\"},\"image\":{\"@id\":\"https:\\\/\\\/elotroenfoque.mx\\\/index.php\\\/2026\\\/09\\\/02\\\/atletas-capitalinos-reciben-reconocimiento-por-sus-logros\\\/#primaryimage\"},\"thumbnailUrl\":\"https:\\\/\\\/elotroenfoque.mx\\\/wp-content\\\/uploads\\\/2026\\\/09\\\/atletas-destacados-1.jpeg\",\"datePublished\":\"2026-09-02T23:36:38+00:00\",\"dateModified\":\"2026-09-02T23:36:39+00:00\",\"author\":{\"@id\":\"https:\\\/\\\/elotroenfoque.mx\\\/#\\\/schema\\\/person\\\/8eb322f84d0bd9f337e462905519a1ae\"},\"description\":\"Samantha Smith reconoci\u00f3 a atletas capitalinos destacados por sus resultados en competencias nacionales e internacionales durante 2026.\",\"breadcrumb\":{\"@id\":\"https:\\\/\\\/elotroenfoque.mx\\\/index.php\\\/2026\\\/09\\\/02\\\/atletas-capitalinos-reciben-reconocimiento-por-sus-logros\\\/#breadcrumb\"},\"inLanguage\":\"es\",\"potentialAction\":[{\"@type\":\"ReadAction\",\"target\":[\"https:\\\/\\\/elotroenfoque.mx\\\/index.php\\\/2026\\\/09\\\/02\\\/atletas-capitalinos-reciben-reconocimiento-por-sus-logros\\\/\"]}]},{\"@type\":\"ImageObject\",\"inLanguage\":\"es\",\"@id\":\"https:\\\/\\\/elotroenfoque.mx\\\/index.php\\\/2026\\\/09\\\/02\\\/atletas-capitalinos-reciben-reconocimiento-por-sus-logros\\\/#primaryimage\",\"url\":\"https:\\\/\\\/elotroenfoque.mx\\\/wp-content\\\/uploads\\\/2026\\\/09\\\/atletas-destacados-1.jpeg\",\"contentUrl\":\"https:\\\/\\\/elotroenfoque.mx\\\/wp-content\\\/uploads\\\/2026\\\/09\\\/atletas-destacados-1.jpeg\",\"width\":1280,\"height\":851},{\"@type\":\"BreadcrumbList\",\"@id\":\"https:\\\/\\\/elotroenfoque.mx\\\/index.php\\\/2026\\\/09\\\/02\\\/atletas-capitalinos-reciben-reconocimiento-por-sus-logros\\\/#breadcrumb\",\"itemListElement\":[{\"@type\":\"ListItem\",\"position\":1,\"name\":\"Portada\",\"item\":\"https:\\\/\\\/elotroenfoque.mx\\\/\"},{\"@type\":\"ListItem\",\"position\":2,\"name\":\"Atletas capitalinos reciben reconocimiento por sus logros\"}]},{\"@type\":\"WebSite\",\"@id\":\"https:\\\/\\\/elotroenfoque.mx\\\/#website\",\"url\":\"https:\\\/\\\/elotroenfoque.mx\\\/\",\"name\":\"El otro enfoque\",\"description\":\"\",\"potentialAction\":[{\"@type\":\"SearchAction\",\"target\":{\"@type\":\"EntryPoint\",\"urlTemplate\":\"https:\\\/\\\/elotroenfoque.mx\\\/?s={search_term_string}\"},\"query-input\":{\"@type\":\"PropertyValueSpecification\",\"valueRequired\":true,\"valueName\":\"search_term_string\"}}],\"inLanguage\":\"es\"},{\"@type\":\"Person\",\"@id\":\"https:\\\/\\\/elotroenfoque.mx\\\/#\\\/schema\\\/person\\\/8eb322f84d0bd9f337e462905519a1ae\",\"name\":\"Equipo Redaccion\",\"image\":{\"@type\":\"ImageObject\",\"inLanguage\":\"es\",\"@id\":\"https:\\\/\\\/secure.gravatar.com\\\/avatar\\\/3579478e2b4e7aad364a32b26cf744b360ae0e581ee1cd0cb18a8f239ee49ac4?s=96&d=mm&r=g\",\"url\":\"https:\\\/\\\/secure.gravatar.com\\\/avatar\\\/3579478e2b4e7aad364a32b26cf744b360ae0e581ee1cd0cb18a8f239ee49ac4?s=96&d=mm&r=g\",\"contentUrl\":\"https:\\\/\\\/secure.gravatar.com\\\/avatar\\\/3579478e2b4e7aad364a32b26cf744b360ae0e581ee1cd0cb18a8f239ee49ac4?s=96&d=mm&r=g\",\"caption\":\"Equipo Redaccion\"},\"url\":\"https:\\\/\\\/elotroenfoque.mx\\\/index.php\\\/author\\\/redaccion\\\/\"}]}<\/script>\n<!-- \/ Yoast SEO plugin. -->","yoast_head_json":{"title":"Atletas capitalinos reciben reconocimiento por sus logros - El otro enfoque","description":"Samantha Smith reconoci\u00f3 a atletas capitalinos destacados por sus resultados en competencias nacionales e internacionales durante 2026.","robots":{"index":"index","follow":"follow","max-snippet":"max-snippet:-1","max-image-preview":"max-image-preview:large","max-video-preview":"max-video-preview:-1"},"canonical":"https:\/\/elotroenfoque.mx\/index.php\/2026\/09\/02\/atletas-capitalinos-reciben-reconocimiento-por-sus-logros\/","og_locale":"es_MX","og_type":"article","og_title":"Atletas capitalinos reciben reconocimiento por sus logros - El otro enfoque","og_description":"Samantha Smith reconoci\u00f3 a atletas capitalinos destacados por sus resultados en competencias nacionales e internacionales durante 2026.","og_url":"https:\/\/elotroenfoque.mx\/index.php\/2026\/09\/02\/atletas-capitalinos-reciben-reconocimiento-por-sus-logros\/","og_site_name":"El otro enfoque","article_published_time":"2026-09-02T23:36:38+00:00","article_modified_time":"2026-09-02T23:36:39+00:00","og_image":[{"width":1280,"height":851,"url":"https:\/\/elotroenfoque.mx\/wp-content\/uploads\/2026\/09\/atletas-destacados-1.jpeg","type":"image\/jpeg"}],"author":"Equipo Redaccion","twitter_card":"summary_large_image","twitter_misc":{"Escrito por":"Equipo Redaccion","Tiempo de lectura":"3 minutos"},"schema":{"@context":"https:\/\/schema.org","@graph":[{"@type":"Article","@id":"https:\/\/elotroenfoque.mx\/index.php\/2026\/09\/02\/atletas-capitalinos-reciben-reconocimiento-por-sus-logros\/#article","isPartOf":{"@id":"https:\/\/elotroenfoque.mx\/index.php\/2026\/09\/02\/atletas-capitalinos-reciben-reconocimiento-por-sus-logros\/"},"author":{"name":"Equipo Redaccion","@id":"https:\/\/elotroenfoque.mx\/#\/schema\/person\/8eb322f84d0bd9f337e462905519a1ae"},"headline":"Atletas capitalinos reciben reconocimiento por sus logros","datePublished":"2026-09-02T23:36:38+00:00","dateModified":"2026-09-02T23:36:39+00:00","mainEntityOfPage":{"@id":"https:\/\/elotroenfoque.mx\/index.php\/2026\/09\/02\/atletas-capitalinos-reciben-reconocimiento-por-sus-logros\/"},"wordCount":361,"image":{"@id":"https:\/\/elotroenfoque.mx\/index.php\/2026\/09\/02\/atletas-capitalinos-reciben-reconocimiento-por-sus-logros\/#primaryimage"},"thumbnailUrl":"https:\/\/elotroenfoque.mx\/wp-content\/uploads\/2026\/09\/atletas-destacados-1.jpeg","keywords":["Guanajuato","Noticias Guanajuato"],"articleSection":["Noticias"],"inLanguage":"es"},{"@type":"WebPage","@id":"https:\/\/elotroenfoque.mx\/index.php\/2026\/09\/02\/atletas-capitalinos-reciben-reconocimiento-por-sus-logros\/","url":"https:\/\/elotroenfoque.mx\/index.php\/2026\/09\/02\/atletas-capitalinos-reciben-reconocimiento-por-sus-logros\/","name":"Atletas capitalinos reciben reconocimiento por sus logros - El otro enfoque","isPartOf":{"@id":"https:\/\/elotroenfoque.mx\/#website"},"primaryImageOfPage":{"@id":"https:\/\/elotroenfoque.mx\/index.php\/2026\/09\/02\/atletas-capitalinos-reciben-reconocimiento-por-sus-logros\/#primaryimage"},"image":{"@id":"https:\/\/elotroenfoque.mx\/index.php\/2026\/09\/02\/atletas-capitalinos-reciben-reconocimiento-por-sus-logros\/#primaryimage"},"thumbnailUrl":"https:\/\/elotroenfoque.mx\/wp-content\/uploads\/2026\/09\/atletas-destacados-1.jpeg","datePublished":"2026-09-02T23:36:38+00:00","dateModified":"2026-09-02T23:36:39+00:00","author":{"@id":"https:\/\/elotroenfoque.mx\/#\/schema\/person\/8eb322f84d0bd9f337e462905519a1ae"},"description":"Samantha Smith reconoci\u00f3 a atletas capitalinos destacados por sus resultados en competencias nacionales e internacionales durante 2026.","breadcrumb":{"@id":"https:\/\/elotroenfoque.mx\/index.php\/2026\/09\/02\/atletas-capitalinos-reciben-reconocimiento-por-sus-logros\/#breadcrumb"},"inLanguage":"es","potentialAction":[{"@type":"ReadAction","target":["https:\/\/elotroenfoque.mx\/index.php\/2026\/09\/02\/atletas-capitalinos-reciben-reconocimiento-por-sus-logros\/"]}]},{"@type":"ImageObject","inLanguage":"es","@id":"https:\/\/elotroenfoque.mx\/index.php\/2026\/09\/02\/atletas-capitalinos-reciben-reconocimiento-por-sus-logros\/#primaryimage","url":"https:\/\/elotroenfoque.mx\/wp-content\/uploads\/2026\/09\/atletas-destacados-1.jpeg","contentUrl":"https:\/\/elotroenfoque.mx\/wp-content\/uploads\/2026\/09\/atletas-destacados-1.jpeg","width":1280,"height":851},{"@type":"BreadcrumbList","@id":"https:\/\/elotroenfoque.mx\/index.php\/2026\/09\/02\/atletas-capitalinos-reciben-reconocimiento-por-sus-logros\/#breadcrumb","itemListElement":[{"@type":"ListItem","position":1,"name":"Portada","item":"https:\/\/elotroenfoque.mx\/"},{"@type":"ListItem","position":2,"name":"Atletas capitalinos reciben reconocimiento por sus logros"}]},{"@type":"WebSite","@id":"https:\/\/elotroenfoque.mx\/#website","url":"https:\/\/elotroenfoque.mx\/","name":"El otro enfoque","description":"","potentialAction":[{"@type":"SearchAction","target":{"@type":"EntryPoint","urlTemplate":"https:\/\/elotroenfoque.mx\/?s={search_term_string}"},"query-input":{"@type":"PropertyValueSpecification","valueRequired":true,"valueName":"search_term_string"}}],"inLanguage":"es"},{"@type":"Person","@id":"https:\/\/elotroenfoque.mx\/#\/schema\/person\/8eb322f84d0bd9f337e462905519a1ae","name":"Equipo Redaccion","image":{"@type":"ImageObject","inLanguage":"es","@id":"https:\/\/secure.gravatar.com\/avatar\/3579478e2b4e7aad364a32b26cf744b360ae0e581ee1cd0cb18a8f239ee49ac4?s=96&d=mm&r=g","url":"https:\/\/secure.gravatar.com\/avatar\/3579478e2b4e7aad364a32b26cf744b360ae0e581ee1cd0cb18a8f239ee49ac4?s=96&d=mm&r=g","contentUrl":"https:\/\/secure.gravatar.com\/avatar\/3579478e2b4e7aad364a32b26cf744b360ae0e581ee1cd0cb18a8f239ee49ac4?s=96&d=mm&r=g","caption":"Equipo Redaccion"},"url":"https:\/\/elotroenfoque.mx\/index.php\/author\/redaccion\/"}]}},"_links":{"self":[{"href":"https:\/\/elotroenfoque.mx\/index.php\/wp-json\/wp\/v2\/posts\/195443","targetHints":{"allow":["GET"]}}],"collection":[{"href":"https:\/\/elotroenfoque.mx\/index.php\/wp-json\/wp\/v2\/posts"}],"about":[{"href":"https:\/\/elotroenfoque.mx\/index.php\/wp-json\/wp\/v2\/types\/post"}],"author":[{"embeddable":true,"href":"https:\/\/elotroenfoque.mx\/index.php\/wp-json\/wp\/v2\/users\/4"}],"replies":[{"embeddable":true,"href":"https:\/\/elotroenfoque.mx\/index.php\/wp-json\/wp\/v2\/comments?post=195443"}],"version-history":[{"count":1,"href":"https:\/\/elotroenfoque.mx\/index.php\/wp-json\/wp\/v2\/posts\/195443\/revisions"}],"predecessor-version":[{"id":195451,"href":"https:\/\/elotroenfoque.mx\/index.php\/wp-json\/wp\/v2\/posts\/195443\/revisions\/195451"}],"wp:featuredmedia":[{"embeddable":true,"href":"https:\/\/elotroenfoque.mx\/index.php\/wp-json\/wp\/v2\/media\/195444"}],"wp:attachment":[{"href":"https:\/\/elotroenfoque.mx\/index.php\/wp-json\/wp\/v2\/media?parent=195443"}],"wp:term":[{"taxonomy":"category","embeddable":true,"href":"https:\/\/elotroenfoque.mx\/index.php\/wp-json\/wp\/v2\/categories?post=195443"},{"taxonomy":"post_tag","embeddable":true,"href":"https:\/\/elotroenfoque.mx\/index.php\/wp-json\/wp\/v2\/tags?post=195443"}],"curies":[{"name":"wp","href":"https:\/\/api.w.org\/{rel}","templated":true}]}}