{"id":195452,"date":"2026-09-02T18:00:39","date_gmt":"2026-09-03T00:00:39","guid":{"rendered":"https:\/\/elotroenfoque.mx\/?p=195452"},"modified":"2026-09-02T18:00:40","modified_gmt":"2026-09-03T00:00:40","slug":"confirman-que-victima-de-times-square-era-vicepresidenta-de-bank-of-america","status":"publish","type":"post","link":"https:\/\/elotroenfoque.mx\/index.php\/2026\/09\/02\/confirman-que-victima-de-times-square-era-vicepresidenta-de-bank-of-america\/","title":{"rendered":"Confirman que v\u00edctima de Times Square era vicepresidenta de Bank of America"},"content":{"rendered":"\n<p class=\"wp-block-paragraph\">La vicepresidenta de Bank of America, Erin Piacenti, muri\u00f3 tras ser apu\u00f1alada en Times Square, Nueva York, durante un ataque que las autoridades calificaron como aparentemente aleatorio y sin provocaci\u00f3n.<\/p>\n\n\n\n<p class=\"wp-block-paragraph\">Piacenti, de 32 a\u00f1os y residente de Nueva Jersey, fue atacada poco despu\u00e9s de las 16:20 horas del lunes, cerca de la S\u00e9ptima Avenida y la Calle 42 Oeste.<\/p>\n\n\n\n<p class=\"wp-block-paragraph\">La ejecutiva sufri\u00f3 una herida en el abdomen y fue trasladada a un hospital, donde posteriormente falleci\u00f3. El ataque tambi\u00e9n dej\u00f3 a un hombre de 68 a\u00f1os lesionado.<\/p>\n\n\n\n<figure class=\"wp-block-image size-full\"><img loading=\"lazy\" decoding=\"async\" width=\"337\" height=\"467\" src=\"https:\/\/elotroenfoque.mx\/wp-content\/uploads\/2026\/09\/mujer-acuchilla-a-2-en-nueva-york-1.jpg\" alt=\"\" class=\"wp-image-195369\" srcset=\"https:\/\/elotroenfoque.mx\/wp-content\/uploads\/2026\/09\/mujer-acuchilla-a-2-en-nueva-york-1.jpg 337w, https:\/\/elotroenfoque.mx\/wp-content\/uploads\/2026\/09\/mujer-acuchilla-a-2-en-nueva-york-1-216x300.jpg 216w\" sizes=\"auto, (max-width: 337px) 100vw, 337px\" \/><\/figure>\n\n\n\n<h2 class=\"wp-block-heading\">Ataque en Times Square dej\u00f3 dos personas heridas<\/h2>\n\n\n\n<p class=\"wp-block-paragraph\">De acuerdo con el Departamento de Polic\u00eda de Nueva York (NYPD), una mujer armada con cuchillos atac\u00f3 a dos personas en la zona de Times Square.<\/p>\n\n\n\n<p class=\"wp-block-paragraph\">El alcalde de Nueva York, Zohran Mamdani, inform\u00f3 que la agresora fue confrontada por agentes despu\u00e9s de los ataques. La mujer llevaba dos cuchillos grandes al momento del enfrentamiento.<\/p>\n\n\n\n<p class=\"wp-block-paragraph\">Primero, los polic\u00edas utilizaron una pistola Taser para intentar detenerla. Sin embargo, posteriormente dispararon cuando la mujer se aproxim\u00f3 hacia ellos con los cuchillos en las manos.<\/p>\n\n\n\n<p class=\"wp-block-paragraph\">La agresora fue identificada como Pamela Cisneros, de 49 a\u00f1os. Tras recibir los disparos, fue trasladada al hospital Bellevue, donde muri\u00f3.<\/p>\n\n\n\n<figure class=\"wp-block-image size-full\"><img loading=\"lazy\" decoding=\"async\" width=\"595\" height=\"339\" src=\"https:\/\/elotroenfoque.mx\/wp-content\/uploads\/2026\/09\/mujer-acuchilla-a-2-en-nueva-york-2.jpg\" alt=\"\" class=\"wp-image-195368\" srcset=\"https:\/\/elotroenfoque.mx\/wp-content\/uploads\/2026\/09\/mujer-acuchilla-a-2-en-nueva-york-2.jpg 595w, https:\/\/elotroenfoque.mx\/wp-content\/uploads\/2026\/09\/mujer-acuchilla-a-2-en-nueva-york-2-300x171.jpg 300w\" sizes=\"auto, (max-width: 595px) 100vw, 595px\" \/><\/figure>\n\n\n\n<h2 class=\"wp-block-heading\">Investigan tiroteo de polic\u00edas contra agresora<\/h2>\n\n\n\n<p class=\"wp-block-paragraph\">La Divisi\u00f3n de Investigaci\u00f3n de Uso de la Fuerza del NYPD abri\u00f3 una investigaci\u00f3n para determinar las circunstancias del enfrentamiento.<\/p>\n\n\n\n<p class=\"wp-block-paragraph\">Las autoridades se\u00f1alaron que el ataque contra las v\u00edctimas aparentemente no tuvo provocaci\u00f3n. Por ahora, la investigaci\u00f3n deber\u00e1 establecer qu\u00e9 ocurri\u00f3 antes de las agresiones y cu\u00e1les fueron las circunstancias que llevaron al enfrentamiento.<\/p>\n\n\n\n<p class=\"wp-block-paragraph\">Adem\u00e1s de Piacenti, un hombre de 68 a\u00f1os fue apu\u00f1alado en el abdomen despu\u00e9s de salir del metro, cerca de la Calle 41 Oeste.<\/p>\n\n\n\n<p class=\"wp-block-paragraph\">El hombre permanec\u00eda hospitalizado el martes en el hospital Bellevue, donde se reportaba en condici\u00f3n estable.<\/p>\n\n\n\n<h2 class=\"wp-block-heading\">Bank of America lamenta muerte de Erin Piacenti<\/h2>\n\n\n\n<p class=\"wp-block-paragraph\">Bank of America confirm\u00f3 la muerte de su vicepresidenta y expres\u00f3 sus condolencias a la familia y personas cercanas a la ejecutiva.<\/p>\n\n\n\n<p class=\"wp-block-paragraph\">\u201cEstamos conmocionados y profundamente entristecidos por la tr\u00e1gica p\u00e9rdida de nuestra compa\u00f1era\u201d, se\u00f1al\u00f3 la instituci\u00f3n en un comunicado.<\/p>\n\n\n\n<p class=\"wp-block-paragraph\">El banco destac\u00f3 que Piacenti era una integrante valiosa de su equipo y lament\u00f3 profundamente su fallecimiento.<\/p>\n\n\n\n<p class=\"wp-block-paragraph\">La ejecutiva ocupaba el cargo de vicepresidenta de selecci\u00f3n empresarial y conflictos dentro de la divisi\u00f3n global de banca corporativa y de inversi\u00f3n de Bank of America.<\/p>\n\n\n\n<h2 class=\"wp-block-heading\">Una carrera entre las finanzas y el derecho<\/h2>\n\n\n\n<p class=\"wp-block-paragraph\">Piacenti se gradu\u00f3 de la Universidad de Pensilvania en 2016 y posteriormente curs\u00f3 estudios en la Facultad de Derecho de Fordham, donde obtuvo su t\u00edtulo en 2021.<\/p>\n\n\n\n<p class=\"wp-block-paragraph\">Su trayectoria profesional se desarroll\u00f3 entre los sectores financiero y jur\u00eddico. Adem\u00e1s, logr\u00f3 incorporarse a uno de los principales bancos de Estados Unidos.<\/p>\n\n\n\n<p class=\"wp-block-paragraph\">Tambi\u00e9n lee: <strong><a href=\"https:\/\/elotroenfoque.mx\/index.php\/2026\/09\/02\/atletas-capitalinos-reciben-reconocimiento-por-sus-logros\/\">Atletas capitalinos reciben reconocimiento por sus logros<\/a><\/strong><\/p>\n\n\n\n<p class=\"wp-block-paragraph\">Su muerte ocurri\u00f3 en una de las zonas m\u00e1s concurridas de Nueva York y provoc\u00f3 una investigaci\u00f3n policial para esclarecer el ataque y el posterior enfrentamiento con los agentes.<\/p>\n\n\n\n<p class=\"wp-block-paragraph\">El caso de la ejecutiva de Bank of America permanece bajo investigaci\u00f3n, mientras las autoridades buscan determinar las circunstancias que rodearon las agresiones en Times Square.<\/p>\n\n\n\n<p class=\"wp-block-paragraph\"><strong><a href=\"https:\/\/www.tiktok.com\/@elotroenfoque?_r=1&amp;_t=ZS-97ffhW6kR1t\">Sigue tambi\u00e9n las noticias en TikTok<\/a><\/strong><\/p>\n\n\n\n<p class=\"wp-block-paragraph\"><\/p>\n","protected":false},"excerpt":{"rendered":"<p>La vicepresidenta de Bank of America, Erin Piacenti, muri\u00f3 tras ser apu\u00f1alada en Times Square, Nueva York, durante un ataque que las autoridades calificaron como aparentemente aleatorio y sin provocaci\u00f3n. Piacenti, de 32 a\u00f1os y residente de Nueva Jersey, fue atacada poco despu\u00e9s de las 16:20 horas del lunes, cerca de la S\u00e9ptima Avenida y&#8230;<\/p>\n","protected":false},"author":4,"featured_media":195453,"comment_status":"closed","ping_status":"open","sticky":false,"template":"","format":"standard","meta":{"footnotes":""},"categories":[11],"tags":[13,4517],"class_list":["post-195452","post","type-post","status-publish","format-standard","has-post-thumbnail","hentry","category-otrasnoticias","tag-guanajuato","tag-noticias-guanajuato"],"yoast_head":"<!-- This site is optimized with the Yoast SEO plugin v28.2 - https:\/\/yoast.com\/product\/yoast-seo-wordpress\/ -->\n<title>Confirman que v\u00edctima de Times Square era vicepresidenta de Bank of America - El otro enfoque<\/title>\n<meta name=\"description\" content=\"Ejecutiva de Bank of America muere tras ser apu\u00f1alada en Times Square; autoridades investigan un ataque aparentemente aleatorio en Nueva York.\" \/>\n<meta name=\"robots\" content=\"index, follow, max-snippet:-1, max-image-preview:large, max-video-preview:-1\" \/>\n<link rel=\"canonical\" href=\"https:\/\/elotroenfoque.mx\/index.php\/2026\/09\/02\/confirman-que-victima-de-times-square-era-vicepresidenta-de-bank-of-america\/\" \/>\n<meta property=\"og:locale\" content=\"es_MX\" \/>\n<meta property=\"og:type\" content=\"article\" \/>\n<meta property=\"og:title\" content=\"Confirman que v\u00edctima de Times Square era vicepresidenta de Bank of America - El otro enfoque\" \/>\n<meta property=\"og:description\" content=\"Ejecutiva de Bank of America muere tras ser apu\u00f1alada en Times Square; autoridades investigan un ataque aparentemente aleatorio en Nueva York.\" \/>\n<meta property=\"og:url\" content=\"https:\/\/elotroenfoque.mx\/index.php\/2026\/09\/02\/confirman-que-victima-de-times-square-era-vicepresidenta-de-bank-of-america\/\" \/>\n<meta property=\"og:site_name\" content=\"El otro enfoque\" \/>\n<meta property=\"article:published_time\" content=\"2026-09-03T00:00:39+00:00\" \/>\n<meta property=\"article:modified_time\" content=\"2026-09-03T00:00:40+00:00\" \/>\n<meta property=\"og:image\" content=\"https:\/\/elotroenfoque.mx\/wp-content\/uploads\/2026\/09\/victima-de-times-square.jpg\" \/>\n\t<meta property=\"og:image:width\" content=\"586\" \/>\n\t<meta property=\"og:image:height\" content=\"360\" \/>\n\t<meta property=\"og:image:type\" content=\"image\/jpeg\" \/>\n<meta name=\"author\" content=\"Equipo Redaccion\" \/>\n<meta name=\"twitter:card\" content=\"summary_large_image\" \/>\n<meta name=\"twitter:label1\" content=\"Escrito por\" \/>\n\t<meta name=\"twitter:data1\" content=\"Equipo Redaccion\" \/>\n\t<meta name=\"twitter:label2\" content=\"Tiempo de lectura\" \/>\n\t<meta name=\"twitter:data2\" content=\"3 minutos\" \/>\n<script type=\"application\/ld+json\" class=\"yoast-schema-graph\">{\"@context\":\"https:\\\/\\\/schema.org\",\"@graph\":[{\"@type\":\"Article\",\"@id\":\"https:\\\/\\\/elotroenfoque.mx\\\/index.php\\\/2026\\\/09\\\/02\\\/confirman-que-victima-de-times-square-era-vicepresidenta-de-bank-of-america\\\/#article\",\"isPartOf\":{\"@id\":\"https:\\\/\\\/elotroenfoque.mx\\\/index.php\\\/2026\\\/09\\\/02\\\/confirman-que-victima-de-times-square-era-vicepresidenta-de-bank-of-america\\\/\"},\"author\":{\"name\":\"Equipo Redaccion\",\"@id\":\"https:\\\/\\\/elotroenfoque.mx\\\/#\\\/schema\\\/person\\\/8eb322f84d0bd9f337e462905519a1ae\"},\"headline\":\"Confirman que v\u00edctima de Times Square era vicepresidenta de Bank of America\",\"datePublished\":\"2026-09-03T00:00:39+00:00\",\"dateModified\":\"2026-09-03T00:00:40+00:00\",\"mainEntityOfPage\":{\"@id\":\"https:\\\/\\\/elotroenfoque.mx\\\/index.php\\\/2026\\\/09\\\/02\\\/confirman-que-victima-de-times-square-era-vicepresidenta-de-bank-of-america\\\/\"},\"wordCount\":564,\"image\":{\"@id\":\"https:\\\/\\\/elotroenfoque.mx\\\/index.php\\\/2026\\\/09\\\/02\\\/confirman-que-victima-de-times-square-era-vicepresidenta-de-bank-of-america\\\/#primaryimage\"},\"thumbnailUrl\":\"https:\\\/\\\/elotroenfoque.mx\\\/wp-content\\\/uploads\\\/2026\\\/09\\\/victima-de-times-square.jpg\",\"keywords\":[\"Guanajuato\",\"Noticias Guanajuato\"],\"articleSection\":[\"Otras Noticias\"],\"inLanguage\":\"es\"},{\"@type\":\"WebPage\",\"@id\":\"https:\\\/\\\/elotroenfoque.mx\\\/index.php\\\/2026\\\/09\\\/02\\\/confirman-que-victima-de-times-square-era-vicepresidenta-de-bank-of-america\\\/\",\"url\":\"https:\\\/\\\/elotroenfoque.mx\\\/index.php\\\/2026\\\/09\\\/02\\\/confirman-que-victima-de-times-square-era-vicepresidenta-de-bank-of-america\\\/\",\"name\":\"Confirman que v\u00edctima de Times Square era vicepresidenta de Bank of America - El otro enfoque\",\"isPartOf\":{\"@id\":\"https:\\\/\\\/elotroenfoque.mx\\\/#website\"},\"primaryImageOfPage\":{\"@id\":\"https:\\\/\\\/elotroenfoque.mx\\\/index.php\\\/2026\\\/09\\\/02\\\/confirman-que-victima-de-times-square-era-vicepresidenta-de-bank-of-america\\\/#primaryimage\"},\"image\":{\"@id\":\"https:\\\/\\\/elotroenfoque.mx\\\/index.php\\\/2026\\\/09\\\/02\\\/confirman-que-victima-de-times-square-era-vicepresidenta-de-bank-of-america\\\/#primaryimage\"},\"thumbnailUrl\":\"https:\\\/\\\/elotroenfoque.mx\\\/wp-content\\\/uploads\\\/2026\\\/09\\\/victima-de-times-square.jpg\",\"datePublished\":\"2026-09-03T00:00:39+00:00\",\"dateModified\":\"2026-09-03T00:00:40+00:00\",\"author\":{\"@id\":\"https:\\\/\\\/elotroenfoque.mx\\\/#\\\/schema\\\/person\\\/8eb322f84d0bd9f337e462905519a1ae\"},\"description\":\"Ejecutiva de Bank of America muere tras ser apu\u00f1alada en Times Square; autoridades investigan un ataque aparentemente aleatorio en Nueva York.\",\"breadcrumb\":{\"@id\":\"https:\\\/\\\/elotroenfoque.mx\\\/index.php\\\/2026\\\/09\\\/02\\\/confirman-que-victima-de-times-square-era-vicepresidenta-de-bank-of-america\\\/#breadcrumb\"},\"inLanguage\":\"es\",\"potentialAction\":[{\"@type\":\"ReadAction\",\"target\":[\"https:\\\/\\\/elotroenfoque.mx\\\/index.php\\\/2026\\\/09\\\/02\\\/confirman-que-victima-de-times-square-era-vicepresidenta-de-bank-of-america\\\/\"]}]},{\"@type\":\"ImageObject\",\"inLanguage\":\"es\",\"@id\":\"https:\\\/\\\/elotroenfoque.mx\\\/index.php\\\/2026\\\/09\\\/02\\\/confirman-que-victima-de-times-square-era-vicepresidenta-de-bank-of-america\\\/#primaryimage\",\"url\":\"https:\\\/\\\/elotroenfoque.mx\\\/wp-content\\\/uploads\\\/2026\\\/09\\\/victima-de-times-square.jpg\",\"contentUrl\":\"https:\\\/\\\/elotroenfoque.mx\\\/wp-content\\\/uploads\\\/2026\\\/09\\\/victima-de-times-square.jpg\",\"width\":586,\"height\":360},{\"@type\":\"BreadcrumbList\",\"@id\":\"https:\\\/\\\/elotroenfoque.mx\\\/index.php\\\/2026\\\/09\\\/02\\\/confirman-que-victima-de-times-square-era-vicepresidenta-de-bank-of-america\\\/#breadcrumb\",\"itemListElement\":[{\"@type\":\"ListItem\",\"position\":1,\"name\":\"Portada\",\"item\":\"https:\\\/\\\/elotroenfoque.mx\\\/\"},{\"@type\":\"ListItem\",\"position\":2,\"name\":\"Confirman que v\u00edctima de Times Square era vicepresidenta de Bank of America\"}]},{\"@type\":\"WebSite\",\"@id\":\"https:\\\/\\\/elotroenfoque.mx\\\/#website\",\"url\":\"https:\\\/\\\/elotroenfoque.mx\\\/\",\"name\":\"El otro enfoque\",\"description\":\"\",\"potentialAction\":[{\"@type\":\"SearchAction\",\"target\":{\"@type\":\"EntryPoint\",\"urlTemplate\":\"https:\\\/\\\/elotroenfoque.mx\\\/?s={search_term_string}\"},\"query-input\":{\"@type\":\"PropertyValueSpecification\",\"valueRequired\":true,\"valueName\":\"search_term_string\"}}],\"inLanguage\":\"es\"},{\"@type\":\"Person\",\"@id\":\"https:\\\/\\\/elotroenfoque.mx\\\/#\\\/schema\\\/person\\\/8eb322f84d0bd9f337e462905519a1ae\",\"name\":\"Equipo Redaccion\",\"image\":{\"@type\":\"ImageObject\",\"inLanguage\":\"es\",\"@id\":\"https:\\\/\\\/secure.gravatar.com\\\/avatar\\\/3579478e2b4e7aad364a32b26cf744b360ae0e581ee1cd0cb18a8f239ee49ac4?s=96&d=mm&r=g\",\"url\":\"https:\\\/\\\/secure.gravatar.com\\\/avatar\\\/3579478e2b4e7aad364a32b26cf744b360ae0e581ee1cd0cb18a8f239ee49ac4?s=96&d=mm&r=g\",\"contentUrl\":\"https:\\\/\\\/secure.gravatar.com\\\/avatar\\\/3579478e2b4e7aad364a32b26cf744b360ae0e581ee1cd0cb18a8f239ee49ac4?s=96&d=mm&r=g\",\"caption\":\"Equipo Redaccion\"},\"url\":\"https:\\\/\\\/elotroenfoque.mx\\\/index.php\\\/author\\\/redaccion\\\/\"}]}<\/script>\n<!-- \/ Yoast SEO plugin. -->","yoast_head_json":{"title":"Confirman que v\u00edctima de Times Square era vicepresidenta de Bank of America - El otro enfoque","description":"Ejecutiva de Bank of America muere tras ser apu\u00f1alada en Times Square; autoridades investigan un ataque aparentemente aleatorio en Nueva York.","robots":{"index":"index","follow":"follow","max-snippet":"max-snippet:-1","max-image-preview":"max-image-preview:large","max-video-preview":"max-video-preview:-1"},"canonical":"https:\/\/elotroenfoque.mx\/index.php\/2026\/09\/02\/confirman-que-victima-de-times-square-era-vicepresidenta-de-bank-of-america\/","og_locale":"es_MX","og_type":"article","og_title":"Confirman que v\u00edctima de Times Square era vicepresidenta de Bank of America - El otro enfoque","og_description":"Ejecutiva de Bank of America muere tras ser apu\u00f1alada en Times Square; autoridades investigan un ataque aparentemente aleatorio en Nueva York.","og_url":"https:\/\/elotroenfoque.mx\/index.php\/2026\/09\/02\/confirman-que-victima-de-times-square-era-vicepresidenta-de-bank-of-america\/","og_site_name":"El otro enfoque","article_published_time":"2026-09-03T00:00:39+00:00","article_modified_time":"2026-09-03T00:00:40+00:00","og_image":[{"width":586,"height":360,"url":"https:\/\/elotroenfoque.mx\/wp-content\/uploads\/2026\/09\/victima-de-times-square.jpg","type":"image\/jpeg"}],"author":"Equipo Redaccion","twitter_card":"summary_large_image","twitter_misc":{"Escrito por":"Equipo Redaccion","Tiempo de lectura":"3 minutos"},"schema":{"@context":"https:\/\/schema.org","@graph":[{"@type":"Article","@id":"https:\/\/elotroenfoque.mx\/index.php\/2026\/09\/02\/confirman-que-victima-de-times-square-era-vicepresidenta-de-bank-of-america\/#article","isPartOf":{"@id":"https:\/\/elotroenfoque.mx\/index.php\/2026\/09\/02\/confirman-que-victima-de-times-square-era-vicepresidenta-de-bank-of-america\/"},"author":{"name":"Equipo Redaccion","@id":"https:\/\/elotroenfoque.mx\/#\/schema\/person\/8eb322f84d0bd9f337e462905519a1ae"},"headline":"Confirman que v\u00edctima de Times Square era vicepresidenta de Bank of America","datePublished":"2026-09-03T00:00:39+00:00","dateModified":"2026-09-03T00:00:40+00:00","mainEntityOfPage":{"@id":"https:\/\/elotroenfoque.mx\/index.php\/2026\/09\/02\/confirman-que-victima-de-times-square-era-vicepresidenta-de-bank-of-america\/"},"wordCount":564,"image":{"@id":"https:\/\/elotroenfoque.mx\/index.php\/2026\/09\/02\/confirman-que-victima-de-times-square-era-vicepresidenta-de-bank-of-america\/#primaryimage"},"thumbnailUrl":"https:\/\/elotroenfoque.mx\/wp-content\/uploads\/2026\/09\/victima-de-times-square.jpg","keywords":["Guanajuato","Noticias Guanajuato"],"articleSection":["Otras Noticias"],"inLanguage":"es"},{"@type":"WebPage","@id":"https:\/\/elotroenfoque.mx\/index.php\/2026\/09\/02\/confirman-que-victima-de-times-square-era-vicepresidenta-de-bank-of-america\/","url":"https:\/\/elotroenfoque.mx\/index.php\/2026\/09\/02\/confirman-que-victima-de-times-square-era-vicepresidenta-de-bank-of-america\/","name":"Confirman que v\u00edctima de Times Square era vicepresidenta de Bank of America - El otro enfoque","isPartOf":{"@id":"https:\/\/elotroenfoque.mx\/#website"},"primaryImageOfPage":{"@id":"https:\/\/elotroenfoque.mx\/index.php\/2026\/09\/02\/confirman-que-victima-de-times-square-era-vicepresidenta-de-bank-of-america\/#primaryimage"},"image":{"@id":"https:\/\/elotroenfoque.mx\/index.php\/2026\/09\/02\/confirman-que-victima-de-times-square-era-vicepresidenta-de-bank-of-america\/#primaryimage"},"thumbnailUrl":"https:\/\/elotroenfoque.mx\/wp-content\/uploads\/2026\/09\/victima-de-times-square.jpg","datePublished":"2026-09-03T00:00:39+00:00","dateModified":"2026-09-03T00:00:40+00:00","author":{"@id":"https:\/\/elotroenfoque.mx\/#\/schema\/person\/8eb322f84d0bd9f337e462905519a1ae"},"description":"Ejecutiva de Bank of America muere tras ser apu\u00f1alada en Times Square; autoridades investigan un ataque aparentemente aleatorio en Nueva York.","breadcrumb":{"@id":"https:\/\/elotroenfoque.mx\/index.php\/2026\/09\/02\/confirman-que-victima-de-times-square-era-vicepresidenta-de-bank-of-america\/#breadcrumb"},"inLanguage":"es","potentialAction":[{"@type":"ReadAction","target":["https:\/\/elotroenfoque.mx\/index.php\/2026\/09\/02\/confirman-que-victima-de-times-square-era-vicepresidenta-de-bank-of-america\/"]}]},{"@type":"ImageObject","inLanguage":"es","@id":"https:\/\/elotroenfoque.mx\/index.php\/2026\/09\/02\/confirman-que-victima-de-times-square-era-vicepresidenta-de-bank-of-america\/#primaryimage","url":"https:\/\/elotroenfoque.mx\/wp-content\/uploads\/2026\/09\/victima-de-times-square.jpg","contentUrl":"https:\/\/elotroenfoque.mx\/wp-content\/uploads\/2026\/09\/victima-de-times-square.jpg","width":586,"height":360},{"@type":"BreadcrumbList","@id":"https:\/\/elotroenfoque.mx\/index.php\/2026\/09\/02\/confirman-que-victima-de-times-square-era-vicepresidenta-de-bank-of-america\/#breadcrumb","itemListElement":[{"@type":"ListItem","position":1,"name":"Portada","item":"https:\/\/elotroenfoque.mx\/"},{"@type":"ListItem","position":2,"name":"Confirman que v\u00edctima de Times Square era vicepresidenta de Bank of America"}]},{"@type":"WebSite","@id":"https:\/\/elotroenfoque.mx\/#website","url":"https:\/\/elotroenfoque.mx\/","name":"El otro enfoque","description":"","potentialAction":[{"@type":"SearchAction","target":{"@type":"EntryPoint","urlTemplate":"https:\/\/elotroenfoque.mx\/?s={search_term_string}"},"query-input":{"@type":"PropertyValueSpecification","valueRequired":true,"valueName":"search_term_string"}}],"inLanguage":"es"},{"@type":"Person","@id":"https:\/\/elotroenfoque.mx\/#\/schema\/person\/8eb322f84d0bd9f337e462905519a1ae","name":"Equipo Redaccion","image":{"@type":"ImageObject","inLanguage":"es","@id":"https:\/\/secure.gravatar.com\/avatar\/3579478e2b4e7aad364a32b26cf744b360ae0e581ee1cd0cb18a8f239ee49ac4?s=96&d=mm&r=g","url":"https:\/\/secure.gravatar.com\/avatar\/3579478e2b4e7aad364a32b26cf744b360ae0e581ee1cd0cb18a8f239ee49ac4?s=96&d=mm&r=g","contentUrl":"https:\/\/secure.gravatar.com\/avatar\/3579478e2b4e7aad364a32b26cf744b360ae0e581ee1cd0cb18a8f239ee49ac4?s=96&d=mm&r=g","caption":"Equipo Redaccion"},"url":"https:\/\/elotroenfoque.mx\/index.php\/author\/redaccion\/"}]}},"_links":{"self":[{"href":"https:\/\/elotroenfoque.mx\/index.php\/wp-json\/wp\/v2\/posts\/195452","targetHints":{"allow":["GET"]}}],"collection":[{"href":"https:\/\/elotroenfoque.mx\/index.php\/wp-json\/wp\/v2\/posts"}],"about":[{"href":"https:\/\/elotroenfoque.mx\/index.php\/wp-json\/wp\/v2\/types\/post"}],"author":[{"embeddable":true,"href":"https:\/\/elotroenfoque.mx\/index.php\/wp-json\/wp\/v2\/users\/4"}],"replies":[{"embeddable":true,"href":"https:\/\/elotroenfoque.mx\/index.php\/wp-json\/wp\/v2\/comments?post=195452"}],"version-history":[{"count":1,"href":"https:\/\/elotroenfoque.mx\/index.php\/wp-json\/wp\/v2\/posts\/195452\/revisions"}],"predecessor-version":[{"id":195454,"href":"https:\/\/elotroenfoque.mx\/index.php\/wp-json\/wp\/v2\/posts\/195452\/revisions\/195454"}],"wp:featuredmedia":[{"embeddable":true,"href":"https:\/\/elotroenfoque.mx\/index.php\/wp-json\/wp\/v2\/media\/195453"}],"wp:attachment":[{"href":"https:\/\/elotroenfoque.mx\/index.php\/wp-json\/wp\/v2\/media?parent=195452"}],"wp:term":[{"taxonomy":"category","embeddable":true,"href":"https:\/\/elotroenfoque.mx\/index.php\/wp-json\/wp\/v2\/categories?post=195452"},{"taxonomy":"post_tag","embeddable":true,"href":"https:\/\/elotroenfoque.mx\/index.php\/wp-json\/wp\/v2\/tags?post=195452"}],"curies":[{"name":"wp","href":"https:\/\/api.w.org\/{rel}","templated":true}]}}