{"id":195455,"date":"2026-09-02T18:29:45","date_gmt":"2026-09-03T00:29:45","guid":{"rendered":"https:\/\/elotroenfoque.mx\/?p=195455"},"modified":"2026-09-02T18:29:46","modified_gmt":"2026-09-03T00:29:46","slug":"san-miguel-de-allende-proyecta-su-desarrollo-urbano-a-2050","status":"publish","type":"post","link":"https:\/\/elotroenfoque.mx\/index.php\/2026\/09\/02\/san-miguel-de-allende-proyecta-su-desarrollo-urbano-a-2050\/","title":{"rendered":"San Miguel de Allende proyecta su desarrollo urbano a 2050"},"content":{"rendered":"\n<p class=\"wp-block-paragraph\">San Miguel de Allende avanza en la actualizaci\u00f3n de su planeaci\u00f3n territorial con una visi\u00f3n orientada hacia el a\u00f1o 2050. El proyecto busca definir las zonas aptas para el crecimiento de vivienda, industria, comercio y servicios a partir de la disponibilidad de agua, la infraestructura existente y las condiciones ambientales del municipio.<\/p>\n\n\n\n<p class=\"wp-block-paragraph\">El Ayuntamiento dio inicio a la segunda de siete fases de la actualizaci\u00f3n del Programa Municipal de Desarrollo Urbano y Ordenamiento Ecol\u00f3gico Territorial (PMDUOET). <\/p>\n\n\n\n<p class=\"wp-block-paragraph\">Este proceso tiene como fin fijar reglas a largo plazo para regular la emisi\u00f3n de permisos, la ejecuci\u00f3n de obras p\u00fablicas, las nuevas inversiones y las acciones de conservaci\u00f3n ambiental.<\/p>\n\n\n\n<p class=\"wp-block-paragraph\">Tambi\u00e9n lee: <strong><a href=\"https:\/\/elotroenfoque.mx\/index.php\/2026\/09\/02\/confirman-que-victima-de-times-square-era-vicepresidenta-de-bank-of-america\/\">Confirman que v\u00edctima de Times Square era vicepresidenta de Bank of America<\/a><\/strong><\/p>\n\n\n\n<p class=\"wp-block-paragraph\">La estrategia, impulsada por el alcalde Mauricio Trejo, busca evitar que la expansi\u00f3n inmobiliaria defina el crecimiento sin control institucional. <\/p>\n\n\n\n<figure class=\"wp-block-image size-full\"><img loading=\"lazy\" decoding=\"async\" width=\"1024\" height=\"612\" src=\"https:\/\/elotroenfoque.mx\/wp-content\/uploads\/2026\/09\/SMA-actualiza-plan-de-desarrollo-1.jpeg\" alt=\"\" class=\"wp-image-195456\" srcset=\"https:\/\/elotroenfoque.mx\/wp-content\/uploads\/2026\/09\/SMA-actualiza-plan-de-desarrollo-1.jpeg 1024w, https:\/\/elotroenfoque.mx\/wp-content\/uploads\/2026\/09\/SMA-actualiza-plan-de-desarrollo-1-300x179.jpeg 300w, https:\/\/elotroenfoque.mx\/wp-content\/uploads\/2026\/09\/SMA-actualiza-plan-de-desarrollo-1-768x459.jpeg 768w\" sizes=\"auto, (max-width: 1024px) 100vw, 1024px\" \/><\/figure>\n\n\n\n<p class=\"wp-block-paragraph\">&#8220;Que se va a empezar a ver c\u00f3mo ha crecido nuestra ciudad, hacia d\u00f3nde ha crecido nuestra ciudad, donde las zonas que son denominadas de uso agr\u00edcola ya no son usadas para agricultura; es m\u00e1s, que ya quedaron absorbidas por la mancha urbana&#8221;, se\u00f1al\u00f3 el edil.<\/p>\n\n\n\n<h2 class=\"wp-block-heading\">Consulta p\u00fablica y sustentabilidad h\u00eddrica<\/h2>\n\n\n\n<p class=\"wp-block-paragraph\">El plan analiza los usos del suelo, las densidades habitacionales y la integraci\u00f3n entre la cabecera municipal y las comunidades rurales. Asimismo, contempla variables como agua potable, drenaje, movilidad, energ\u00eda, espacios p\u00fablicos, gesti\u00f3n de riesgos y seguridad.<\/p>\n\n\n\n<figure class=\"wp-block-image size-large\"><img loading=\"lazy\" decoding=\"async\" width=\"1024\" height=\"576\" src=\"https:\/\/elotroenfoque.mx\/wp-content\/uploads\/2026\/09\/SMA-actualiza-plan-de-desarrollo-2-1024x576.jpeg\" alt=\"\" class=\"wp-image-195457\" srcset=\"https:\/\/elotroenfoque.mx\/wp-content\/uploads\/2026\/09\/SMA-actualiza-plan-de-desarrollo-2-1024x576.jpeg 1024w, https:\/\/elotroenfoque.mx\/wp-content\/uploads\/2026\/09\/SMA-actualiza-plan-de-desarrollo-2-300x169.jpeg 300w, https:\/\/elotroenfoque.mx\/wp-content\/uploads\/2026\/09\/SMA-actualiza-plan-de-desarrollo-2-768x432.jpeg 768w, https:\/\/elotroenfoque.mx\/wp-content\/uploads\/2026\/09\/SMA-actualiza-plan-de-desarrollo-2-1536x864.jpeg 1536w, https:\/\/elotroenfoque.mx\/wp-content\/uploads\/2026\/09\/SMA-actualiza-plan-de-desarrollo-2.jpeg 1600w\" sizes=\"auto, (max-width: 1024px) 100vw, 1024px\" \/><\/figure>\n\n\n\n<p class=\"wp-block-paragraph\">Sobre la compatibilidad entre el desarrollo urbano en San Miguel de Allende y los recursos disponibles, Trejo puntualiz\u00f3: &#8220;Que cada quien tenga su zona por la cantidad de agua que haya, la cantidad de luz que se tenga, la capacidad de seguridad que tengamos y, sobre todo, respetando la sustentabilidad que yo promet\u00ed desde un principio de no tener un crecimiento desordenado de desarrollos habitacionales&#8221;.<\/p>\n\n\n\n<p class=\"wp-block-paragraph\">El instrumento se armonizar\u00e1 con las disposiciones estatales y federales, e incluir\u00e1 una etapa de consulta p\u00fablica para recibir propuestas de la ciudadan\u00eda y sectores locales antes de su integraci\u00f3n final a la planeaci\u00f3n regional.<\/p>\n\n\n\n<p class=\"wp-block-paragraph\"><strong><a href=\"https:\/\/www.tiktok.com\/@elotroenfoque?_r=1&amp;_t=ZS-97ffhW6kR1t\">Sigue tambi\u00e9n las noticias en TikTok<\/a><\/strong><\/p>\n\n\n\n<p class=\"wp-block-paragraph\"><\/p>\n","protected":false},"excerpt":{"rendered":"<p>San Miguel de Allende avanza en la actualizaci\u00f3n de su planeaci\u00f3n territorial con una visi\u00f3n orientada hacia el a\u00f1o 2050. El proyecto busca definir las zonas aptas para el crecimiento de vivienda, industria, comercio y servicios a partir de la disponibilidad de agua, la infraestructura existente y las condiciones ambientales del municipio. El Ayuntamiento dio&#8230;<\/p>\n","protected":false},"author":4,"featured_media":183005,"comment_status":"closed","ping_status":"open","sticky":false,"template":"","format":"standard","meta":{"footnotes":""},"categories":[2],"tags":[13,4517],"class_list":["post-195455","post","type-post","status-publish","format-standard","has-post-thumbnail","hentry","category-noticias","tag-guanajuato","tag-noticias-guanajuato"],"yoast_head":"<!-- This site is optimized with the Yoast SEO plugin v28.2 - https:\/\/yoast.com\/product\/yoast-seo-wordpress\/ -->\n<title>San Miguel de Allende proyecta su desarrollo urbano a 2050 - El otro enfoque<\/title>\n<meta name=\"description\" content=\"San Miguel de Allende actualiza su ordenamiento territorial hacia 2050 para regular el crecimiento de vivienda, industria y el uso del agua.\" \/>\n<meta name=\"robots\" content=\"index, follow, max-snippet:-1, max-image-preview:large, max-video-preview:-1\" \/>\n<link rel=\"canonical\" href=\"https:\/\/elotroenfoque.mx\/index.php\/2026\/09\/02\/san-miguel-de-allende-proyecta-su-desarrollo-urbano-a-2050\/\" \/>\n<meta property=\"og:locale\" content=\"es_MX\" \/>\n<meta property=\"og:type\" content=\"article\" \/>\n<meta property=\"og:title\" content=\"San Miguel de Allende proyecta su desarrollo urbano a 2050 - El otro enfoque\" \/>\n<meta property=\"og:description\" content=\"San Miguel de Allende actualiza su ordenamiento territorial hacia 2050 para regular el crecimiento de vivienda, industria y el uso del agua.\" \/>\n<meta property=\"og:url\" content=\"https:\/\/elotroenfoque.mx\/index.php\/2026\/09\/02\/san-miguel-de-allende-proyecta-su-desarrollo-urbano-a-2050\/\" \/>\n<meta property=\"og:site_name\" content=\"El otro enfoque\" \/>\n<meta property=\"article:published_time\" content=\"2026-09-03T00:29:45+00:00\" \/>\n<meta property=\"article:modified_time\" content=\"2026-09-03T00:29:46+00:00\" \/>\n<meta property=\"og:image\" content=\"https:\/\/elotroenfoque.mx\/wp-content\/uploads\/2026\/04\/san-miguel-de-allende-impulsa-el-turismo-1.jpeg\" \/>\n\t<meta property=\"og:image:width\" content=\"1600\" \/>\n\t<meta property=\"og:image:height\" content=\"900\" \/>\n\t<meta property=\"og:image:type\" content=\"image\/jpeg\" \/>\n<meta name=\"author\" content=\"Equipo Redaccion\" \/>\n<meta name=\"twitter:card\" content=\"summary_large_image\" \/>\n<meta name=\"twitter:label1\" content=\"Escrito por\" \/>\n\t<meta name=\"twitter:data1\" content=\"Equipo Redaccion\" \/>\n\t<meta name=\"twitter:label2\" content=\"Tiempo de lectura\" \/>\n\t<meta name=\"twitter:data2\" content=\"3 minutos\" \/>\n<script type=\"application\/ld+json\" class=\"yoast-schema-graph\">{\"@context\":\"https:\\\/\\\/schema.org\",\"@graph\":[{\"@type\":\"Article\",\"@id\":\"https:\\\/\\\/elotroenfoque.mx\\\/index.php\\\/2026\\\/09\\\/02\\\/san-miguel-de-allende-proyecta-su-desarrollo-urbano-a-2050\\\/#article\",\"isPartOf\":{\"@id\":\"https:\\\/\\\/elotroenfoque.mx\\\/index.php\\\/2026\\\/09\\\/02\\\/san-miguel-de-allende-proyecta-su-desarrollo-urbano-a-2050\\\/\"},\"author\":{\"name\":\"Equipo Redaccion\",\"@id\":\"https:\\\/\\\/elotroenfoque.mx\\\/#\\\/schema\\\/person\\\/8eb322f84d0bd9f337e462905519a1ae\"},\"headline\":\"San Miguel de Allende proyecta su desarrollo urbano a 2050\",\"datePublished\":\"2026-09-03T00:29:45+00:00\",\"dateModified\":\"2026-09-03T00:29:46+00:00\",\"mainEntityOfPage\":{\"@id\":\"https:\\\/\\\/elotroenfoque.mx\\\/index.php\\\/2026\\\/09\\\/02\\\/san-miguel-de-allende-proyecta-su-desarrollo-urbano-a-2050\\\/\"},\"wordCount\":371,\"image\":{\"@id\":\"https:\\\/\\\/elotroenfoque.mx\\\/index.php\\\/2026\\\/09\\\/02\\\/san-miguel-de-allende-proyecta-su-desarrollo-urbano-a-2050\\\/#primaryimage\"},\"thumbnailUrl\":\"https:\\\/\\\/elotroenfoque.mx\\\/wp-content\\\/uploads\\\/2026\\\/04\\\/san-miguel-de-allende-impulsa-el-turismo-1.jpeg\",\"keywords\":[\"Guanajuato\",\"Noticias Guanajuato\"],\"articleSection\":[\"Noticias\"],\"inLanguage\":\"es\"},{\"@type\":\"WebPage\",\"@id\":\"https:\\\/\\\/elotroenfoque.mx\\\/index.php\\\/2026\\\/09\\\/02\\\/san-miguel-de-allende-proyecta-su-desarrollo-urbano-a-2050\\\/\",\"url\":\"https:\\\/\\\/elotroenfoque.mx\\\/index.php\\\/2026\\\/09\\\/02\\\/san-miguel-de-allende-proyecta-su-desarrollo-urbano-a-2050\\\/\",\"name\":\"San Miguel de Allende proyecta su desarrollo urbano a 2050 - El otro enfoque\",\"isPartOf\":{\"@id\":\"https:\\\/\\\/elotroenfoque.mx\\\/#website\"},\"primaryImageOfPage\":{\"@id\":\"https:\\\/\\\/elotroenfoque.mx\\\/index.php\\\/2026\\\/09\\\/02\\\/san-miguel-de-allende-proyecta-su-desarrollo-urbano-a-2050\\\/#primaryimage\"},\"image\":{\"@id\":\"https:\\\/\\\/elotroenfoque.mx\\\/index.php\\\/2026\\\/09\\\/02\\\/san-miguel-de-allende-proyecta-su-desarrollo-urbano-a-2050\\\/#primaryimage\"},\"thumbnailUrl\":\"https:\\\/\\\/elotroenfoque.mx\\\/wp-content\\\/uploads\\\/2026\\\/04\\\/san-miguel-de-allende-impulsa-el-turismo-1.jpeg\",\"datePublished\":\"2026-09-03T00:29:45+00:00\",\"dateModified\":\"2026-09-03T00:29:46+00:00\",\"author\":{\"@id\":\"https:\\\/\\\/elotroenfoque.mx\\\/#\\\/schema\\\/person\\\/8eb322f84d0bd9f337e462905519a1ae\"},\"description\":\"San Miguel de Allende actualiza su ordenamiento territorial hacia 2050 para regular el crecimiento de vivienda, industria y el uso del agua.\",\"breadcrumb\":{\"@id\":\"https:\\\/\\\/elotroenfoque.mx\\\/index.php\\\/2026\\\/09\\\/02\\\/san-miguel-de-allende-proyecta-su-desarrollo-urbano-a-2050\\\/#breadcrumb\"},\"inLanguage\":\"es\",\"potentialAction\":[{\"@type\":\"ReadAction\",\"target\":[\"https:\\\/\\\/elotroenfoque.mx\\\/index.php\\\/2026\\\/09\\\/02\\\/san-miguel-de-allende-proyecta-su-desarrollo-urbano-a-2050\\\/\"]}]},{\"@type\":\"ImageObject\",\"inLanguage\":\"es\",\"@id\":\"https:\\\/\\\/elotroenfoque.mx\\\/index.php\\\/2026\\\/09\\\/02\\\/san-miguel-de-allende-proyecta-su-desarrollo-urbano-a-2050\\\/#primaryimage\",\"url\":\"https:\\\/\\\/elotroenfoque.mx\\\/wp-content\\\/uploads\\\/2026\\\/04\\\/san-miguel-de-allende-impulsa-el-turismo-1.jpeg\",\"contentUrl\":\"https:\\\/\\\/elotroenfoque.mx\\\/wp-content\\\/uploads\\\/2026\\\/04\\\/san-miguel-de-allende-impulsa-el-turismo-1.jpeg\",\"width\":1600,\"height\":900},{\"@type\":\"BreadcrumbList\",\"@id\":\"https:\\\/\\\/elotroenfoque.mx\\\/index.php\\\/2026\\\/09\\\/02\\\/san-miguel-de-allende-proyecta-su-desarrollo-urbano-a-2050\\\/#breadcrumb\",\"itemListElement\":[{\"@type\":\"ListItem\",\"position\":1,\"name\":\"Portada\",\"item\":\"https:\\\/\\\/elotroenfoque.mx\\\/\"},{\"@type\":\"ListItem\",\"position\":2,\"name\":\"San Miguel de Allende proyecta su desarrollo urbano a 2050\"}]},{\"@type\":\"WebSite\",\"@id\":\"https:\\\/\\\/elotroenfoque.mx\\\/#website\",\"url\":\"https:\\\/\\\/elotroenfoque.mx\\\/\",\"name\":\"El otro enfoque\",\"description\":\"\",\"potentialAction\":[{\"@type\":\"SearchAction\",\"target\":{\"@type\":\"EntryPoint\",\"urlTemplate\":\"https:\\\/\\\/elotroenfoque.mx\\\/?s={search_term_string}\"},\"query-input\":{\"@type\":\"PropertyValueSpecification\",\"valueRequired\":true,\"valueName\":\"search_term_string\"}}],\"inLanguage\":\"es\"},{\"@type\":\"Person\",\"@id\":\"https:\\\/\\\/elotroenfoque.mx\\\/#\\\/schema\\\/person\\\/8eb322f84d0bd9f337e462905519a1ae\",\"name\":\"Equipo Redaccion\",\"image\":{\"@type\":\"ImageObject\",\"inLanguage\":\"es\",\"@id\":\"https:\\\/\\\/secure.gravatar.com\\\/avatar\\\/3579478e2b4e7aad364a32b26cf744b360ae0e581ee1cd0cb18a8f239ee49ac4?s=96&d=mm&r=g\",\"url\":\"https:\\\/\\\/secure.gravatar.com\\\/avatar\\\/3579478e2b4e7aad364a32b26cf744b360ae0e581ee1cd0cb18a8f239ee49ac4?s=96&d=mm&r=g\",\"contentUrl\":\"https:\\\/\\\/secure.gravatar.com\\\/avatar\\\/3579478e2b4e7aad364a32b26cf744b360ae0e581ee1cd0cb18a8f239ee49ac4?s=96&d=mm&r=g\",\"caption\":\"Equipo Redaccion\"},\"url\":\"https:\\\/\\\/elotroenfoque.mx\\\/index.php\\\/author\\\/redaccion\\\/\"}]}<\/script>\n<!-- \/ Yoast SEO plugin. -->","yoast_head_json":{"title":"San Miguel de Allende proyecta su desarrollo urbano a 2050 - El otro enfoque","description":"San Miguel de Allende actualiza su ordenamiento territorial hacia 2050 para regular el crecimiento de vivienda, industria y el uso del agua.","robots":{"index":"index","follow":"follow","max-snippet":"max-snippet:-1","max-image-preview":"max-image-preview:large","max-video-preview":"max-video-preview:-1"},"canonical":"https:\/\/elotroenfoque.mx\/index.php\/2026\/09\/02\/san-miguel-de-allende-proyecta-su-desarrollo-urbano-a-2050\/","og_locale":"es_MX","og_type":"article","og_title":"San Miguel de Allende proyecta su desarrollo urbano a 2050 - El otro enfoque","og_description":"San Miguel de Allende actualiza su ordenamiento territorial hacia 2050 para regular el crecimiento de vivienda, industria y el uso del agua.","og_url":"https:\/\/elotroenfoque.mx\/index.php\/2026\/09\/02\/san-miguel-de-allende-proyecta-su-desarrollo-urbano-a-2050\/","og_site_name":"El otro enfoque","article_published_time":"2026-09-03T00:29:45+00:00","article_modified_time":"2026-09-03T00:29:46+00:00","og_image":[{"width":1600,"height":900,"url":"https:\/\/elotroenfoque.mx\/wp-content\/uploads\/2026\/04\/san-miguel-de-allende-impulsa-el-turismo-1.jpeg","type":"image\/jpeg"}],"author":"Equipo Redaccion","twitter_card":"summary_large_image","twitter_misc":{"Escrito por":"Equipo Redaccion","Tiempo de lectura":"3 minutos"},"schema":{"@context":"https:\/\/schema.org","@graph":[{"@type":"Article","@id":"https:\/\/elotroenfoque.mx\/index.php\/2026\/09\/02\/san-miguel-de-allende-proyecta-su-desarrollo-urbano-a-2050\/#article","isPartOf":{"@id":"https:\/\/elotroenfoque.mx\/index.php\/2026\/09\/02\/san-miguel-de-allende-proyecta-su-desarrollo-urbano-a-2050\/"},"author":{"name":"Equipo Redaccion","@id":"https:\/\/elotroenfoque.mx\/#\/schema\/person\/8eb322f84d0bd9f337e462905519a1ae"},"headline":"San Miguel de Allende proyecta su desarrollo urbano a 2050","datePublished":"2026-09-03T00:29:45+00:00","dateModified":"2026-09-03T00:29:46+00:00","mainEntityOfPage":{"@id":"https:\/\/elotroenfoque.mx\/index.php\/2026\/09\/02\/san-miguel-de-allende-proyecta-su-desarrollo-urbano-a-2050\/"},"wordCount":371,"image":{"@id":"https:\/\/elotroenfoque.mx\/index.php\/2026\/09\/02\/san-miguel-de-allende-proyecta-su-desarrollo-urbano-a-2050\/#primaryimage"},"thumbnailUrl":"https:\/\/elotroenfoque.mx\/wp-content\/uploads\/2026\/04\/san-miguel-de-allende-impulsa-el-turismo-1.jpeg","keywords":["Guanajuato","Noticias Guanajuato"],"articleSection":["Noticias"],"inLanguage":"es"},{"@type":"WebPage","@id":"https:\/\/elotroenfoque.mx\/index.php\/2026\/09\/02\/san-miguel-de-allende-proyecta-su-desarrollo-urbano-a-2050\/","url":"https:\/\/elotroenfoque.mx\/index.php\/2026\/09\/02\/san-miguel-de-allende-proyecta-su-desarrollo-urbano-a-2050\/","name":"San Miguel de Allende proyecta su desarrollo urbano a 2050 - El otro enfoque","isPartOf":{"@id":"https:\/\/elotroenfoque.mx\/#website"},"primaryImageOfPage":{"@id":"https:\/\/elotroenfoque.mx\/index.php\/2026\/09\/02\/san-miguel-de-allende-proyecta-su-desarrollo-urbano-a-2050\/#primaryimage"},"image":{"@id":"https:\/\/elotroenfoque.mx\/index.php\/2026\/09\/02\/san-miguel-de-allende-proyecta-su-desarrollo-urbano-a-2050\/#primaryimage"},"thumbnailUrl":"https:\/\/elotroenfoque.mx\/wp-content\/uploads\/2026\/04\/san-miguel-de-allende-impulsa-el-turismo-1.jpeg","datePublished":"2026-09-03T00:29:45+00:00","dateModified":"2026-09-03T00:29:46+00:00","author":{"@id":"https:\/\/elotroenfoque.mx\/#\/schema\/person\/8eb322f84d0bd9f337e462905519a1ae"},"description":"San Miguel de Allende actualiza su ordenamiento territorial hacia 2050 para regular el crecimiento de vivienda, industria y el uso del agua.","breadcrumb":{"@id":"https:\/\/elotroenfoque.mx\/index.php\/2026\/09\/02\/san-miguel-de-allende-proyecta-su-desarrollo-urbano-a-2050\/#breadcrumb"},"inLanguage":"es","potentialAction":[{"@type":"ReadAction","target":["https:\/\/elotroenfoque.mx\/index.php\/2026\/09\/02\/san-miguel-de-allende-proyecta-su-desarrollo-urbano-a-2050\/"]}]},{"@type":"ImageObject","inLanguage":"es","@id":"https:\/\/elotroenfoque.mx\/index.php\/2026\/09\/02\/san-miguel-de-allende-proyecta-su-desarrollo-urbano-a-2050\/#primaryimage","url":"https:\/\/elotroenfoque.mx\/wp-content\/uploads\/2026\/04\/san-miguel-de-allende-impulsa-el-turismo-1.jpeg","contentUrl":"https:\/\/elotroenfoque.mx\/wp-content\/uploads\/2026\/04\/san-miguel-de-allende-impulsa-el-turismo-1.jpeg","width":1600,"height":900},{"@type":"BreadcrumbList","@id":"https:\/\/elotroenfoque.mx\/index.php\/2026\/09\/02\/san-miguel-de-allende-proyecta-su-desarrollo-urbano-a-2050\/#breadcrumb","itemListElement":[{"@type":"ListItem","position":1,"name":"Portada","item":"https:\/\/elotroenfoque.mx\/"},{"@type":"ListItem","position":2,"name":"San Miguel de Allende proyecta su desarrollo urbano a 2050"}]},{"@type":"WebSite","@id":"https:\/\/elotroenfoque.mx\/#website","url":"https:\/\/elotroenfoque.mx\/","name":"El otro enfoque","description":"","potentialAction":[{"@type":"SearchAction","target":{"@type":"EntryPoint","urlTemplate":"https:\/\/elotroenfoque.mx\/?s={search_term_string}"},"query-input":{"@type":"PropertyValueSpecification","valueRequired":true,"valueName":"search_term_string"}}],"inLanguage":"es"},{"@type":"Person","@id":"https:\/\/elotroenfoque.mx\/#\/schema\/person\/8eb322f84d0bd9f337e462905519a1ae","name":"Equipo Redaccion","image":{"@type":"ImageObject","inLanguage":"es","@id":"https:\/\/secure.gravatar.com\/avatar\/3579478e2b4e7aad364a32b26cf744b360ae0e581ee1cd0cb18a8f239ee49ac4?s=96&d=mm&r=g","url":"https:\/\/secure.gravatar.com\/avatar\/3579478e2b4e7aad364a32b26cf744b360ae0e581ee1cd0cb18a8f239ee49ac4?s=96&d=mm&r=g","contentUrl":"https:\/\/secure.gravatar.com\/avatar\/3579478e2b4e7aad364a32b26cf744b360ae0e581ee1cd0cb18a8f239ee49ac4?s=96&d=mm&r=g","caption":"Equipo Redaccion"},"url":"https:\/\/elotroenfoque.mx\/index.php\/author\/redaccion\/"}]}},"_links":{"self":[{"href":"https:\/\/elotroenfoque.mx\/index.php\/wp-json\/wp\/v2\/posts\/195455","targetHints":{"allow":["GET"]}}],"collection":[{"href":"https:\/\/elotroenfoque.mx\/index.php\/wp-json\/wp\/v2\/posts"}],"about":[{"href":"https:\/\/elotroenfoque.mx\/index.php\/wp-json\/wp\/v2\/types\/post"}],"author":[{"embeddable":true,"href":"https:\/\/elotroenfoque.mx\/index.php\/wp-json\/wp\/v2\/users\/4"}],"replies":[{"embeddable":true,"href":"https:\/\/elotroenfoque.mx\/index.php\/wp-json\/wp\/v2\/comments?post=195455"}],"version-history":[{"count":1,"href":"https:\/\/elotroenfoque.mx\/index.php\/wp-json\/wp\/v2\/posts\/195455\/revisions"}],"predecessor-version":[{"id":195458,"href":"https:\/\/elotroenfoque.mx\/index.php\/wp-json\/wp\/v2\/posts\/195455\/revisions\/195458"}],"wp:featuredmedia":[{"embeddable":true,"href":"https:\/\/elotroenfoque.mx\/index.php\/wp-json\/wp\/v2\/media\/183005"}],"wp:attachment":[{"href":"https:\/\/elotroenfoque.mx\/index.php\/wp-json\/wp\/v2\/media?parent=195455"}],"wp:term":[{"taxonomy":"category","embeddable":true,"href":"https:\/\/elotroenfoque.mx\/index.php\/wp-json\/wp\/v2\/categories?post=195455"},{"taxonomy":"post_tag","embeddable":true,"href":"https:\/\/elotroenfoque.mx\/index.php\/wp-json\/wp\/v2\/tags?post=195455"}],"curies":[{"name":"wp","href":"https:\/\/api.w.org\/{rel}","templated":true}]}}