{"id":195460,"date":"2026-09-02T19:40:06","date_gmt":"2026-09-03T01:40:06","guid":{"rendered":"https:\/\/elotroenfoque.mx\/?p=195460"},"modified":"2026-09-02T19:40:06","modified_gmt":"2026-09-03T01:40:06","slug":"mexico-supera-el-millon-de-autos-vendidos-en-2026","status":"publish","type":"post","link":"https:\/\/elotroenfoque.mx\/index.php\/2026\/09\/02\/mexico-supera-el-millon-de-autos-vendidos-en-2026\/","title":{"rendered":"M\u00e9xico supera el mill\u00f3n de autos vendidos en 2026"},"content":{"rendered":"\n<p class=\"wp-block-paragraph\">M\u00e9xico super\u00f3 por primera vez el mill\u00f3n de autos vendidos entre enero y agosto de 2026, de acuerdo con cifras del Instituto Nacional de Estad\u00edstica y Geograf\u00eda (Inegi).<\/p>\n\n\n\n<p class=\"wp-block-paragraph\">En los primeros ocho meses del a\u00f1o se comercializaron 1 mill\u00f3n 14 mil 832 veh\u00edculos ligeros nuevos, un crecimiento de 4.7% respecto al mismo periodo de 2025.<\/p>\n\n\n\n<p class=\"wp-block-paragraph\">Con este resultado, el mercado automotriz mexicano rebas\u00f3 el r\u00e9cord hist\u00f3rico registrado en 2017 para un periodo similar.<\/p>\n\n\n\n<h2 class=\"wp-block-heading\">Venta de autos crece 4.7% en M\u00e9xico<\/h2>\n\n\n\n<p class=\"wp-block-paragraph\">La cifra acumulada representa 45 mil 447 veh\u00edculos adicionales vendidos frente a los primeros ocho meses del a\u00f1o pasado.<\/p>\n\n\n\n<p class=\"wp-block-paragraph\">Adem\u00e1s, agosto mantuvo el comportamiento positivo del mercado, con 129 mil 479 unidades comercializadas durante el mes.<\/p>\n\n\n\n<p class=\"wp-block-paragraph\">El resultado signific\u00f3 un incremento de 2.3% respecto a agosto de 2025, cuando las distribuidoras vendieron 126 mil 545 veh\u00edculos.<\/p>\n\n\n\n<p class=\"wp-block-paragraph\">As\u00ed, agosto de 2026 se convirti\u00f3 en el segundo mejor agosto en la historia de la industria automotriz mexicana.<\/p>\n\n\n\n<h2 class=\"wp-block-heading\">Agosto queda cerca del r\u00e9cord hist\u00f3rico<\/h2>\n\n\n\n<p class=\"wp-block-paragraph\">El volumen de ventas de agosto solamente qued\u00f3 por debajo del registro de agosto de 2016, cuando se comercializaron 134 mil 388 veh\u00edculos.<\/p>\n\n\n\n<p class=\"wp-block-paragraph\">Los datos forman parte del Registro Administrativo de la Industria Automotriz de Veh\u00edculos Ligeros del Inegi, as\u00ed como de informaci\u00f3n de la Asociaci\u00f3n Mexicana de la Industria Automotriz (AMIA) y la Asociaci\u00f3n Mexicana de Distribuidores de Automotores (AMDA).<\/p>\n\n\n\n<p class=\"wp-block-paragraph\">Asimismo, el resultado super\u00f3 las expectativas de la AMDA, que hab\u00eda estimado ventas por 127 mil 949 unidades para agosto.<\/p>\n\n\n\n<p class=\"wp-block-paragraph\">La diferencia entre la estimaci\u00f3n y el resultado final fue de 1.2%, al comercializarse mil 530 veh\u00edculos m\u00e1s de los previstos.<\/p>\n\n\n\n<h2 class=\"wp-block-heading\">Marcas tradicionales aceleran ante las chinas<\/h2>\n\n\n\n<p class=\"wp-block-paragraph\">Guillermo Rosales, presidente de la AMDA, atribuy\u00f3 la buena racha del mercado durante 2026 a una mayor competencia entre las marcas tradicionales.<\/p>\n\n\n\n<p class=\"wp-block-paragraph\">De acuerdo con el dirigente, las empresas con mayor volumen de ventas han intensificado su competencia frente a las marcas chinas, que contin\u00faan ganando presencia en M\u00e9xico.<\/p>\n\n\n\n<p class=\"wp-block-paragraph\">El Top 10 de las marcas m\u00e1s vendidas mantiene a Nissan en el primer lugar, seguida por General Motors, Volkswagen, Toyota, Kia, Mazda, Stellantis, Hyundai, MG y Ford.<\/p>\n\n\n\n<p class=\"wp-block-paragraph\">Sin embargo, el comportamiento entre las marcas de mayor volumen es desigual. Nissan, Kia y Honda registraron ca\u00eddas, mientras Volkswagen, Toyota, Stellantis y Ford aumentaron sus ventas.<\/p>\n\n\n\n<h2 class=\"wp-block-heading\">Geely destaca entre las marcas chinas<\/h2>\n\n\n\n<p class=\"wp-block-paragraph\">Las marcas de origen chino tambi\u00e9n mostraron resultados diferentes durante el periodo.<\/p>\n\n\n\n<p class=\"wp-block-paragraph\">Geely encabez\u00f3 el crecimiento entre las firmas mencionadas, con un incremento de 106.7% en sus ventas.<\/p>\n\n\n\n<p class=\"wp-block-paragraph\">Tambi\u00e9n lee: <strong><a href=\"https:\/\/elotroenfoque.mx\/index.php\/2026\/09\/02\/san-miguel-de-allende-proyecta-su-desarrollo-urbano-a-2050\/\">San Miguel de Allende proyecta su desarrollo urbano a 2050<\/a><\/strong><\/p>\n\n\n\n<p class=\"wp-block-paragraph\">Por su parte, Jetour Soueast registr\u00f3 un aumento de 80%, mientras otras marcas chinas tuvieron retrocesos en sus comercializaciones.<\/p>\n\n\n\n<p class=\"wp-block-paragraph\">MG, JAC, Great Wall Motor y Foton reportaron disminuciones, en contraste con el avance de Geely y Jetour Soueast.<\/p>\n\n\n\n<p class=\"wp-block-paragraph\">El mercado automotriz mexicano mantiene as\u00ed una tendencia de crecimiento durante 2026, impulsado por una competencia m\u00e1s intensa entre fabricantes tradicionales y nuevas marcas.<\/p>\n\n\n\n<p class=\"wp-block-paragraph\"><strong><a href=\"https:\/\/www.tiktok.com\/@elotroenfoque?_r=1&amp;_t=ZS-97ffhW6kR1t\">Sigue tambi\u00e9n las noticias en TikTok<\/a><\/strong><\/p>\n\n\n\n<p class=\"wp-block-paragraph\"><\/p>\n","protected":false},"excerpt":{"rendered":"<p>M\u00e9xico super\u00f3 por primera vez el mill\u00f3n de autos vendidos entre enero y agosto de 2026, de acuerdo con cifras del Instituto Nacional de Estad\u00edstica y Geograf\u00eda (Inegi). En los primeros ocho meses del a\u00f1o se comercializaron 1 mill\u00f3n 14 mil 832 veh\u00edculos ligeros nuevos, un crecimiento de 4.7% respecto al mismo periodo de 2025&#8230;.<\/p>\n","protected":false},"author":4,"featured_media":195461,"comment_status":"closed","ping_status":"open","sticky":false,"template":"","format":"standard","meta":{"footnotes":""},"categories":[11],"tags":[13,4517],"class_list":["post-195460","post","type-post","status-publish","format-standard","has-post-thumbnail","hentry","category-otrasnoticias","tag-guanajuato","tag-noticias-guanajuato"],"yoast_head":"<!-- This site is optimized with the Yoast SEO plugin v28.2 - https:\/\/yoast.com\/product\/yoast-seo-wordpress\/ -->\n<title>M\u00e9xico supera el mill\u00f3n de autos vendidos en 2026 - El otro enfoque<\/title>\n<meta name=\"description\" content=\"M\u00e9xico super\u00f3 por primera vez el mill\u00f3n de autos vendidos entre enero y agosto de 2026, con un crecimiento de 4.7% frente al a\u00f1o pasado.\" \/>\n<meta name=\"robots\" content=\"index, follow, max-snippet:-1, max-image-preview:large, max-video-preview:-1\" \/>\n<link rel=\"canonical\" href=\"https:\/\/elotroenfoque.mx\/index.php\/2026\/09\/02\/mexico-supera-el-millon-de-autos-vendidos-en-2026\/\" \/>\n<meta property=\"og:locale\" content=\"es_MX\" \/>\n<meta property=\"og:type\" content=\"article\" \/>\n<meta property=\"og:title\" content=\"M\u00e9xico supera el mill\u00f3n de autos vendidos en 2026 - El otro enfoque\" \/>\n<meta property=\"og:description\" content=\"M\u00e9xico super\u00f3 por primera vez el mill\u00f3n de autos vendidos entre enero y agosto de 2026, con un crecimiento de 4.7% frente al a\u00f1o pasado.\" \/>\n<meta property=\"og:url\" content=\"https:\/\/elotroenfoque.mx\/index.php\/2026\/09\/02\/mexico-supera-el-millon-de-autos-vendidos-en-2026\/\" \/>\n<meta property=\"og:site_name\" content=\"El otro enfoque\" \/>\n<meta property=\"article:published_time\" content=\"2026-09-03T01:40:06+00:00\" \/>\n<meta property=\"og:image\" content=\"https:\/\/elotroenfoque.mx\/wp-content\/uploads\/2026\/09\/crecen-ventas-de-autos.jpg\" \/>\n\t<meta property=\"og:image:width\" content=\"856\" \/>\n\t<meta property=\"og:image:height\" content=\"482\" \/>\n\t<meta property=\"og:image:type\" content=\"image\/jpeg\" \/>\n<meta name=\"author\" content=\"Equipo Redaccion\" \/>\n<meta name=\"twitter:card\" content=\"summary_large_image\" \/>\n<meta name=\"twitter:label1\" content=\"Escrito por\" \/>\n\t<meta name=\"twitter:data1\" content=\"Equipo Redaccion\" \/>\n\t<meta name=\"twitter:label2\" content=\"Tiempo de lectura\" \/>\n\t<meta name=\"twitter:data2\" content=\"3 minutos\" \/>\n<script type=\"application\/ld+json\" class=\"yoast-schema-graph\">{\"@context\":\"https:\\\/\\\/schema.org\",\"@graph\":[{\"@type\":\"Article\",\"@id\":\"https:\\\/\\\/elotroenfoque.mx\\\/index.php\\\/2026\\\/09\\\/02\\\/mexico-supera-el-millon-de-autos-vendidos-en-2026\\\/#article\",\"isPartOf\":{\"@id\":\"https:\\\/\\\/elotroenfoque.mx\\\/index.php\\\/2026\\\/09\\\/02\\\/mexico-supera-el-millon-de-autos-vendidos-en-2026\\\/\"},\"author\":{\"name\":\"Equipo Redaccion\",\"@id\":\"https:\\\/\\\/elotroenfoque.mx\\\/#\\\/schema\\\/person\\\/8eb322f84d0bd9f337e462905519a1ae\"},\"headline\":\"M\u00e9xico supera el mill\u00f3n de autos vendidos en 2026\",\"datePublished\":\"2026-09-03T01:40:06+00:00\",\"mainEntityOfPage\":{\"@id\":\"https:\\\/\\\/elotroenfoque.mx\\\/index.php\\\/2026\\\/09\\\/02\\\/mexico-supera-el-millon-de-autos-vendidos-en-2026\\\/\"},\"wordCount\":500,\"image\":{\"@id\":\"https:\\\/\\\/elotroenfoque.mx\\\/index.php\\\/2026\\\/09\\\/02\\\/mexico-supera-el-millon-de-autos-vendidos-en-2026\\\/#primaryimage\"},\"thumbnailUrl\":\"https:\\\/\\\/elotroenfoque.mx\\\/wp-content\\\/uploads\\\/2026\\\/09\\\/crecen-ventas-de-autos.jpg\",\"keywords\":[\"Guanajuato\",\"Noticias Guanajuato\"],\"articleSection\":[\"Otras Noticias\"],\"inLanguage\":\"es\"},{\"@type\":\"WebPage\",\"@id\":\"https:\\\/\\\/elotroenfoque.mx\\\/index.php\\\/2026\\\/09\\\/02\\\/mexico-supera-el-millon-de-autos-vendidos-en-2026\\\/\",\"url\":\"https:\\\/\\\/elotroenfoque.mx\\\/index.php\\\/2026\\\/09\\\/02\\\/mexico-supera-el-millon-de-autos-vendidos-en-2026\\\/\",\"name\":\"M\u00e9xico supera el mill\u00f3n de autos vendidos en 2026 - El otro enfoque\",\"isPartOf\":{\"@id\":\"https:\\\/\\\/elotroenfoque.mx\\\/#website\"},\"primaryImageOfPage\":{\"@id\":\"https:\\\/\\\/elotroenfoque.mx\\\/index.php\\\/2026\\\/09\\\/02\\\/mexico-supera-el-millon-de-autos-vendidos-en-2026\\\/#primaryimage\"},\"image\":{\"@id\":\"https:\\\/\\\/elotroenfoque.mx\\\/index.php\\\/2026\\\/09\\\/02\\\/mexico-supera-el-millon-de-autos-vendidos-en-2026\\\/#primaryimage\"},\"thumbnailUrl\":\"https:\\\/\\\/elotroenfoque.mx\\\/wp-content\\\/uploads\\\/2026\\\/09\\\/crecen-ventas-de-autos.jpg\",\"datePublished\":\"2026-09-03T01:40:06+00:00\",\"author\":{\"@id\":\"https:\\\/\\\/elotroenfoque.mx\\\/#\\\/schema\\\/person\\\/8eb322f84d0bd9f337e462905519a1ae\"},\"description\":\"M\u00e9xico super\u00f3 por primera vez el mill\u00f3n de autos vendidos entre enero y agosto de 2026, con un crecimiento de 4.7% frente al a\u00f1o pasado.\",\"breadcrumb\":{\"@id\":\"https:\\\/\\\/elotroenfoque.mx\\\/index.php\\\/2026\\\/09\\\/02\\\/mexico-supera-el-millon-de-autos-vendidos-en-2026\\\/#breadcrumb\"},\"inLanguage\":\"es\",\"potentialAction\":[{\"@type\":\"ReadAction\",\"target\":[\"https:\\\/\\\/elotroenfoque.mx\\\/index.php\\\/2026\\\/09\\\/02\\\/mexico-supera-el-millon-de-autos-vendidos-en-2026\\\/\"]}]},{\"@type\":\"ImageObject\",\"inLanguage\":\"es\",\"@id\":\"https:\\\/\\\/elotroenfoque.mx\\\/index.php\\\/2026\\\/09\\\/02\\\/mexico-supera-el-millon-de-autos-vendidos-en-2026\\\/#primaryimage\",\"url\":\"https:\\\/\\\/elotroenfoque.mx\\\/wp-content\\\/uploads\\\/2026\\\/09\\\/crecen-ventas-de-autos.jpg\",\"contentUrl\":\"https:\\\/\\\/elotroenfoque.mx\\\/wp-content\\\/uploads\\\/2026\\\/09\\\/crecen-ventas-de-autos.jpg\",\"width\":856,\"height\":482},{\"@type\":\"BreadcrumbList\",\"@id\":\"https:\\\/\\\/elotroenfoque.mx\\\/index.php\\\/2026\\\/09\\\/02\\\/mexico-supera-el-millon-de-autos-vendidos-en-2026\\\/#breadcrumb\",\"itemListElement\":[{\"@type\":\"ListItem\",\"position\":1,\"name\":\"Portada\",\"item\":\"https:\\\/\\\/elotroenfoque.mx\\\/\"},{\"@type\":\"ListItem\",\"position\":2,\"name\":\"M\u00e9xico supera el mill\u00f3n de autos vendidos en 2026\"}]},{\"@type\":\"WebSite\",\"@id\":\"https:\\\/\\\/elotroenfoque.mx\\\/#website\",\"url\":\"https:\\\/\\\/elotroenfoque.mx\\\/\",\"name\":\"El otro enfoque\",\"description\":\"\",\"potentialAction\":[{\"@type\":\"SearchAction\",\"target\":{\"@type\":\"EntryPoint\",\"urlTemplate\":\"https:\\\/\\\/elotroenfoque.mx\\\/?s={search_term_string}\"},\"query-input\":{\"@type\":\"PropertyValueSpecification\",\"valueRequired\":true,\"valueName\":\"search_term_string\"}}],\"inLanguage\":\"es\"},{\"@type\":\"Person\",\"@id\":\"https:\\\/\\\/elotroenfoque.mx\\\/#\\\/schema\\\/person\\\/8eb322f84d0bd9f337e462905519a1ae\",\"name\":\"Equipo Redaccion\",\"image\":{\"@type\":\"ImageObject\",\"inLanguage\":\"es\",\"@id\":\"https:\\\/\\\/secure.gravatar.com\\\/avatar\\\/3579478e2b4e7aad364a32b26cf744b360ae0e581ee1cd0cb18a8f239ee49ac4?s=96&d=mm&r=g\",\"url\":\"https:\\\/\\\/secure.gravatar.com\\\/avatar\\\/3579478e2b4e7aad364a32b26cf744b360ae0e581ee1cd0cb18a8f239ee49ac4?s=96&d=mm&r=g\",\"contentUrl\":\"https:\\\/\\\/secure.gravatar.com\\\/avatar\\\/3579478e2b4e7aad364a32b26cf744b360ae0e581ee1cd0cb18a8f239ee49ac4?s=96&d=mm&r=g\",\"caption\":\"Equipo Redaccion\"},\"url\":\"https:\\\/\\\/elotroenfoque.mx\\\/index.php\\\/author\\\/redaccion\\\/\"}]}<\/script>\n<!-- \/ Yoast SEO plugin. -->","yoast_head_json":{"title":"M\u00e9xico supera el mill\u00f3n de autos vendidos en 2026 - El otro enfoque","description":"M\u00e9xico super\u00f3 por primera vez el mill\u00f3n de autos vendidos entre enero y agosto de 2026, con un crecimiento de 4.7% frente al a\u00f1o pasado.","robots":{"index":"index","follow":"follow","max-snippet":"max-snippet:-1","max-image-preview":"max-image-preview:large","max-video-preview":"max-video-preview:-1"},"canonical":"https:\/\/elotroenfoque.mx\/index.php\/2026\/09\/02\/mexico-supera-el-millon-de-autos-vendidos-en-2026\/","og_locale":"es_MX","og_type":"article","og_title":"M\u00e9xico supera el mill\u00f3n de autos vendidos en 2026 - El otro enfoque","og_description":"M\u00e9xico super\u00f3 por primera vez el mill\u00f3n de autos vendidos entre enero y agosto de 2026, con un crecimiento de 4.7% frente al a\u00f1o pasado.","og_url":"https:\/\/elotroenfoque.mx\/index.php\/2026\/09\/02\/mexico-supera-el-millon-de-autos-vendidos-en-2026\/","og_site_name":"El otro enfoque","article_published_time":"2026-09-03T01:40:06+00:00","og_image":[{"width":856,"height":482,"url":"https:\/\/elotroenfoque.mx\/wp-content\/uploads\/2026\/09\/crecen-ventas-de-autos.jpg","type":"image\/jpeg"}],"author":"Equipo Redaccion","twitter_card":"summary_large_image","twitter_misc":{"Escrito por":"Equipo Redaccion","Tiempo de lectura":"3 minutos"},"schema":{"@context":"https:\/\/schema.org","@graph":[{"@type":"Article","@id":"https:\/\/elotroenfoque.mx\/index.php\/2026\/09\/02\/mexico-supera-el-millon-de-autos-vendidos-en-2026\/#article","isPartOf":{"@id":"https:\/\/elotroenfoque.mx\/index.php\/2026\/09\/02\/mexico-supera-el-millon-de-autos-vendidos-en-2026\/"},"author":{"name":"Equipo Redaccion","@id":"https:\/\/elotroenfoque.mx\/#\/schema\/person\/8eb322f84d0bd9f337e462905519a1ae"},"headline":"M\u00e9xico supera el mill\u00f3n de autos vendidos en 2026","datePublished":"2026-09-03T01:40:06+00:00","mainEntityOfPage":{"@id":"https:\/\/elotroenfoque.mx\/index.php\/2026\/09\/02\/mexico-supera-el-millon-de-autos-vendidos-en-2026\/"},"wordCount":500,"image":{"@id":"https:\/\/elotroenfoque.mx\/index.php\/2026\/09\/02\/mexico-supera-el-millon-de-autos-vendidos-en-2026\/#primaryimage"},"thumbnailUrl":"https:\/\/elotroenfoque.mx\/wp-content\/uploads\/2026\/09\/crecen-ventas-de-autos.jpg","keywords":["Guanajuato","Noticias Guanajuato"],"articleSection":["Otras Noticias"],"inLanguage":"es"},{"@type":"WebPage","@id":"https:\/\/elotroenfoque.mx\/index.php\/2026\/09\/02\/mexico-supera-el-millon-de-autos-vendidos-en-2026\/","url":"https:\/\/elotroenfoque.mx\/index.php\/2026\/09\/02\/mexico-supera-el-millon-de-autos-vendidos-en-2026\/","name":"M\u00e9xico supera el mill\u00f3n de autos vendidos en 2026 - El otro enfoque","isPartOf":{"@id":"https:\/\/elotroenfoque.mx\/#website"},"primaryImageOfPage":{"@id":"https:\/\/elotroenfoque.mx\/index.php\/2026\/09\/02\/mexico-supera-el-millon-de-autos-vendidos-en-2026\/#primaryimage"},"image":{"@id":"https:\/\/elotroenfoque.mx\/index.php\/2026\/09\/02\/mexico-supera-el-millon-de-autos-vendidos-en-2026\/#primaryimage"},"thumbnailUrl":"https:\/\/elotroenfoque.mx\/wp-content\/uploads\/2026\/09\/crecen-ventas-de-autos.jpg","datePublished":"2026-09-03T01:40:06+00:00","author":{"@id":"https:\/\/elotroenfoque.mx\/#\/schema\/person\/8eb322f84d0bd9f337e462905519a1ae"},"description":"M\u00e9xico super\u00f3 por primera vez el mill\u00f3n de autos vendidos entre enero y agosto de 2026, con un crecimiento de 4.7% frente al a\u00f1o pasado.","breadcrumb":{"@id":"https:\/\/elotroenfoque.mx\/index.php\/2026\/09\/02\/mexico-supera-el-millon-de-autos-vendidos-en-2026\/#breadcrumb"},"inLanguage":"es","potentialAction":[{"@type":"ReadAction","target":["https:\/\/elotroenfoque.mx\/index.php\/2026\/09\/02\/mexico-supera-el-millon-de-autos-vendidos-en-2026\/"]}]},{"@type":"ImageObject","inLanguage":"es","@id":"https:\/\/elotroenfoque.mx\/index.php\/2026\/09\/02\/mexico-supera-el-millon-de-autos-vendidos-en-2026\/#primaryimage","url":"https:\/\/elotroenfoque.mx\/wp-content\/uploads\/2026\/09\/crecen-ventas-de-autos.jpg","contentUrl":"https:\/\/elotroenfoque.mx\/wp-content\/uploads\/2026\/09\/crecen-ventas-de-autos.jpg","width":856,"height":482},{"@type":"BreadcrumbList","@id":"https:\/\/elotroenfoque.mx\/index.php\/2026\/09\/02\/mexico-supera-el-millon-de-autos-vendidos-en-2026\/#breadcrumb","itemListElement":[{"@type":"ListItem","position":1,"name":"Portada","item":"https:\/\/elotroenfoque.mx\/"},{"@type":"ListItem","position":2,"name":"M\u00e9xico supera el mill\u00f3n de autos vendidos en 2026"}]},{"@type":"WebSite","@id":"https:\/\/elotroenfoque.mx\/#website","url":"https:\/\/elotroenfoque.mx\/","name":"El otro enfoque","description":"","potentialAction":[{"@type":"SearchAction","target":{"@type":"EntryPoint","urlTemplate":"https:\/\/elotroenfoque.mx\/?s={search_term_string}"},"query-input":{"@type":"PropertyValueSpecification","valueRequired":true,"valueName":"search_term_string"}}],"inLanguage":"es"},{"@type":"Person","@id":"https:\/\/elotroenfoque.mx\/#\/schema\/person\/8eb322f84d0bd9f337e462905519a1ae","name":"Equipo Redaccion","image":{"@type":"ImageObject","inLanguage":"es","@id":"https:\/\/secure.gravatar.com\/avatar\/3579478e2b4e7aad364a32b26cf744b360ae0e581ee1cd0cb18a8f239ee49ac4?s=96&d=mm&r=g","url":"https:\/\/secure.gravatar.com\/avatar\/3579478e2b4e7aad364a32b26cf744b360ae0e581ee1cd0cb18a8f239ee49ac4?s=96&d=mm&r=g","contentUrl":"https:\/\/secure.gravatar.com\/avatar\/3579478e2b4e7aad364a32b26cf744b360ae0e581ee1cd0cb18a8f239ee49ac4?s=96&d=mm&r=g","caption":"Equipo Redaccion"},"url":"https:\/\/elotroenfoque.mx\/index.php\/author\/redaccion\/"}]}},"_links":{"self":[{"href":"https:\/\/elotroenfoque.mx\/index.php\/wp-json\/wp\/v2\/posts\/195460","targetHints":{"allow":["GET"]}}],"collection":[{"href":"https:\/\/elotroenfoque.mx\/index.php\/wp-json\/wp\/v2\/posts"}],"about":[{"href":"https:\/\/elotroenfoque.mx\/index.php\/wp-json\/wp\/v2\/types\/post"}],"author":[{"embeddable":true,"href":"https:\/\/elotroenfoque.mx\/index.php\/wp-json\/wp\/v2\/users\/4"}],"replies":[{"embeddable":true,"href":"https:\/\/elotroenfoque.mx\/index.php\/wp-json\/wp\/v2\/comments?post=195460"}],"version-history":[{"count":1,"href":"https:\/\/elotroenfoque.mx\/index.php\/wp-json\/wp\/v2\/posts\/195460\/revisions"}],"predecessor-version":[{"id":195462,"href":"https:\/\/elotroenfoque.mx\/index.php\/wp-json\/wp\/v2\/posts\/195460\/revisions\/195462"}],"wp:featuredmedia":[{"embeddable":true,"href":"https:\/\/elotroenfoque.mx\/index.php\/wp-json\/wp\/v2\/media\/195461"}],"wp:attachment":[{"href":"https:\/\/elotroenfoque.mx\/index.php\/wp-json\/wp\/v2\/media?parent=195460"}],"wp:term":[{"taxonomy":"category","embeddable":true,"href":"https:\/\/elotroenfoque.mx\/index.php\/wp-json\/wp\/v2\/categories?post=195460"},{"taxonomy":"post_tag","embeddable":true,"href":"https:\/\/elotroenfoque.mx\/index.php\/wp-json\/wp\/v2\/tags?post=195460"}],"curies":[{"name":"wp","href":"https:\/\/api.w.org\/{rel}","templated":true}]}}