{"id":195466,"date":"2026-09-02T20:44:47","date_gmt":"2026-09-03T02:44:47","guid":{"rendered":"https:\/\/elotroenfoque.mx\/?p=195466"},"modified":"2026-09-02T20:44:48","modified_gmt":"2026-09-03T02:44:48","slug":"invertiran-27-mdp-para-pavimentar-vialidades-clave-en-cuatro-zonas-de-celaya","status":"publish","type":"post","link":"https:\/\/elotroenfoque.mx\/index.php\/2026\/09\/02\/invertiran-27-mdp-para-pavimentar-vialidades-clave-en-cuatro-zonas-de-celaya\/","title":{"rendered":"Invertir\u00e1n 27 mdp para pavimentar vialidades clave en cuatro zonas de Celaya"},"content":{"rendered":"\n<p class=\"wp-block-paragraph\">Calles de dos comunidades y dos colonias urbanas de Celaya ser\u00e1n pavimentadas tras el arranque de un paquete de obras p\u00fablicas que contempla la inyecci\u00f3n de 27 millones de pesos de origen municipal y estatal.<\/p>\n\n\n\n<p class=\"wp-block-paragraph\">La intervenci\u00f3n abarcar\u00e1 las comunidades de San Isidro Elguera y Rinc\u00f3n de Tamayo, adem\u00e1s de los fraccionamientos Lagos y Geovillas los Sauces. <\/p>\n\n\n\n<figure class=\"wp-block-image size-large\"><img loading=\"lazy\" decoding=\"async\" width=\"1024\" height=\"682\" src=\"https:\/\/elotroenfoque.mx\/wp-content\/uploads\/2026\/09\/obras-en-celaya-2-1024x682.jpeg\" alt=\"\" class=\"wp-image-195468\" srcset=\"https:\/\/elotroenfoque.mx\/wp-content\/uploads\/2026\/09\/obras-en-celaya-2-1024x682.jpeg 1024w, https:\/\/elotroenfoque.mx\/wp-content\/uploads\/2026\/09\/obras-en-celaya-2-300x200.jpeg 300w, https:\/\/elotroenfoque.mx\/wp-content\/uploads\/2026\/09\/obras-en-celaya-2-767x511.jpeg 767w, https:\/\/elotroenfoque.mx\/wp-content\/uploads\/2026\/09\/obras-en-celaya-2-600x400.jpeg 600w, https:\/\/elotroenfoque.mx\/wp-content\/uploads\/2026\/09\/obras-en-celaya-2.jpeg 1280w\" sizes=\"auto, (max-width: 1024px) 100vw, 1024px\" \/><\/figure>\n\n\n\n<p class=\"wp-block-paragraph\">De acuerdo con las autoridades locales, los trabajos no se limitar\u00e1n a la colocaci\u00f3n de pavimento, sino que incluir\u00e1n la sustituci\u00f3n e instalaci\u00f3n de infraestructura b\u00e1sica como drenaje, agua potable, alumbrado y se\u00f1alizaci\u00f3n.<\/p>\n\n\n\n<p class=\"wp-block-paragraph\">Durante el inicio de los trabajos, el presidente municipal, Juan Miguel Ram\u00edrez, y la titular de la Secretar\u00eda del Nuevo Comienzo, Rosario Corona, realizaron una gira para dar banderazo a los frentes de obra. El edil asegur\u00f3 que las vialidades seleccionadas corresponden a peticiones prioritarias recopiladas en asambleas vecinales.<\/p>\n\n\n\n<p class=\"wp-block-paragraph\">Tambi\u00e9n lee: <strong><a href=\"https:\/\/elotroenfoque.mx\/index.php\/2026\/09\/02\/preven-alza-a-la-cerveza-subiria-hasta-un-peso-por-pieza\/\">Prev\u00e9n alza a la cerveza: subir\u00eda hasta un peso por pieza<\/a><\/strong><\/p>\n\n\n\n<figure class=\"wp-block-gallery has-nested-images columns-default is-cropped wp-block-gallery-1 is-layout-flex wp-block-gallery-is-layout-flex\">\n<figure class=\"wp-block-image size-large\"><img loading=\"lazy\" decoding=\"async\" width=\"1024\" height=\"682\" data-id=\"195470\" src=\"https:\/\/elotroenfoque.mx\/wp-content\/uploads\/2026\/09\/obras-en-celaya-3-1024x682.jpeg\" alt=\"\" class=\"wp-image-195470\" srcset=\"https:\/\/elotroenfoque.mx\/wp-content\/uploads\/2026\/09\/obras-en-celaya-3-1024x682.jpeg 1024w, https:\/\/elotroenfoque.mx\/wp-content\/uploads\/2026\/09\/obras-en-celaya-3-300x200.jpeg 300w, https:\/\/elotroenfoque.mx\/wp-content\/uploads\/2026\/09\/obras-en-celaya-3-767x511.jpeg 767w, https:\/\/elotroenfoque.mx\/wp-content\/uploads\/2026\/09\/obras-en-celaya-3-600x400.jpeg 600w, https:\/\/elotroenfoque.mx\/wp-content\/uploads\/2026\/09\/obras-en-celaya-3.jpeg 1280w\" sizes=\"auto, (max-width: 1024px) 100vw, 1024px\" \/><\/figure>\n\n\n\n<figure class=\"wp-block-image size-large\"><img loading=\"lazy\" decoding=\"async\" width=\"1024\" height=\"682\" data-id=\"195469\" src=\"https:\/\/elotroenfoque.mx\/wp-content\/uploads\/2026\/09\/obras-en-celaya-4-1024x682.jpeg\" alt=\"\" class=\"wp-image-195469\" srcset=\"https:\/\/elotroenfoque.mx\/wp-content\/uploads\/2026\/09\/obras-en-celaya-4-1024x682.jpeg 1024w, https:\/\/elotroenfoque.mx\/wp-content\/uploads\/2026\/09\/obras-en-celaya-4-300x200.jpeg 300w, https:\/\/elotroenfoque.mx\/wp-content\/uploads\/2026\/09\/obras-en-celaya-4-767x511.jpeg 767w, https:\/\/elotroenfoque.mx\/wp-content\/uploads\/2026\/09\/obras-en-celaya-4-600x400.jpeg 600w, https:\/\/elotroenfoque.mx\/wp-content\/uploads\/2026\/09\/obras-en-celaya-4.jpeg 1280w\" sizes=\"auto, (max-width: 1024px) 100vw, 1024px\" \/><\/figure>\n<\/figure>\n\n\n\n<p class=\"wp-block-paragraph\"><strong>Distribuci\u00f3n del presupuesto por zona<\/strong><\/p>\n\n\n\n<p class=\"wp-block-paragraph\">El monto m\u00e1s elevado del paquete se destinar\u00e1 a Geovillas los Sauces, donde se aplicar\u00e1n 12.1 millones de pesos para la pavimentaci\u00f3n de la calle Drago, en el tramo que conecta el anillo vial Mario Molina Pasquel con la calle Capoc.<\/p>\n\n\n\n<p class=\"wp-block-paragraph\">El resto de los recursos se repartir\u00e1 de la siguiente manera:<\/p>\n\n\n\n<ul class=\"wp-block-list\">\n<li><strong>San Isidro Elguera:<\/strong> 4.7 millones de pesos para la calle 28 de Octubre de 1812.<\/li>\n\n\n\n<li><strong>Colonia Lagos:<\/strong> 5.2 millones de pesos enfocados en la calle Laguna de Zempoala.<\/li>\n\n\n\n<li><strong>Rinc\u00f3n de Tamayo:<\/strong> 5.4 millones de pesos para la rehabilitaci\u00f3n de la calle Francisco I. Madero.<\/li>\n<\/ul>\n\n\n\n<p class=\"wp-block-paragraph\">Con estas acciones, el municipio busca reducir el rezago en conectividad urbana y servicios b\u00e1sicos en zonas perif\u00e9ricas y rurales de Celaya.<\/p>\n\n\n\n<p class=\"wp-block-paragraph\"><strong><a href=\"https:\/\/www.tiktok.com\/@elotroenfoque?_r=1&amp;_t=ZS-97ffhW6kR1t\">Sigue tambi\u00e9n las noticias en TikTok<\/a><\/strong><\/p>\n\n\n\n<p class=\"wp-block-paragraph\"><\/p>\n","protected":false},"excerpt":{"rendered":"<p>Calles de dos comunidades y dos colonias urbanas de Celaya ser\u00e1n pavimentadas tras el arranque de un paquete de obras p\u00fablicas que contempla la inyecci\u00f3n de 27 millones de pesos de origen municipal y estatal. La intervenci\u00f3n abarcar\u00e1 las comunidades de San Isidro Elguera y Rinc\u00f3n de Tamayo, adem\u00e1s de los fraccionamientos Lagos y Geovillas&#8230;<\/p>\n","protected":false},"author":4,"featured_media":195467,"comment_status":"closed","ping_status":"open","sticky":false,"template":"","format":"standard","meta":{"footnotes":""},"categories":[2],"tags":[13,4517],"class_list":["post-195466","post","type-post","status-publish","format-standard","has-post-thumbnail","hentry","category-noticias","tag-guanajuato","tag-noticias-guanajuato"],"yoast_head":"<!-- This site is optimized with the Yoast SEO plugin v28.2 - https:\/\/yoast.com\/product\/yoast-seo-wordpress\/ -->\n<title>Invertir\u00e1n 27 mdp para pavimentar vialidades clave en cuatro zonas de Celaya - El otro enfoque<\/title>\n<meta name=\"description\" content=\"Celaya inicia cuatro obras de pavimentaci\u00f3n e infraestructura social con 27 MDP de recursos municipales y estatales en colonias y comunidades.\" \/>\n<meta name=\"robots\" content=\"index, follow, max-snippet:-1, max-image-preview:large, max-video-preview:-1\" \/>\n<link rel=\"canonical\" href=\"https:\/\/elotroenfoque.mx\/index.php\/2026\/09\/02\/invertiran-27-mdp-para-pavimentar-vialidades-clave-en-cuatro-zonas-de-celaya\/\" \/>\n<meta property=\"og:locale\" content=\"es_MX\" \/>\n<meta property=\"og:type\" content=\"article\" \/>\n<meta property=\"og:title\" content=\"Invertir\u00e1n 27 mdp para pavimentar vialidades clave en cuatro zonas de Celaya - El otro enfoque\" \/>\n<meta property=\"og:description\" content=\"Celaya inicia cuatro obras de pavimentaci\u00f3n e infraestructura social con 27 MDP de recursos municipales y estatales en colonias y comunidades.\" \/>\n<meta property=\"og:url\" content=\"https:\/\/elotroenfoque.mx\/index.php\/2026\/09\/02\/invertiran-27-mdp-para-pavimentar-vialidades-clave-en-cuatro-zonas-de-celaya\/\" \/>\n<meta property=\"og:site_name\" content=\"El otro enfoque\" \/>\n<meta property=\"article:published_time\" content=\"2026-09-03T02:44:47+00:00\" \/>\n<meta property=\"article:modified_time\" content=\"2026-09-03T02:44:48+00:00\" \/>\n<meta property=\"og:image\" content=\"https:\/\/elotroenfoque.mx\/wp-content\/uploads\/2026\/09\/obras-en-celaya-1.jpeg\" \/>\n\t<meta property=\"og:image:width\" content=\"1280\" \/>\n\t<meta property=\"og:image:height\" content=\"853\" \/>\n\t<meta property=\"og:image:type\" content=\"image\/jpeg\" \/>\n<meta name=\"author\" content=\"Equipo Redaccion\" \/>\n<meta name=\"twitter:card\" content=\"summary_large_image\" \/>\n<meta name=\"twitter:label1\" content=\"Escrito por\" \/>\n\t<meta name=\"twitter:data1\" content=\"Equipo Redaccion\" \/>\n\t<meta name=\"twitter:label2\" content=\"Tiempo de lectura\" \/>\n\t<meta name=\"twitter:data2\" content=\"3 minutos\" \/>\n<script type=\"application\/ld+json\" class=\"yoast-schema-graph\">{\"@context\":\"https:\\\/\\\/schema.org\",\"@graph\":[{\"@type\":\"Article\",\"@id\":\"https:\\\/\\\/elotroenfoque.mx\\\/index.php\\\/2026\\\/09\\\/02\\\/invertiran-27-mdp-para-pavimentar-vialidades-clave-en-cuatro-zonas-de-celaya\\\/#article\",\"isPartOf\":{\"@id\":\"https:\\\/\\\/elotroenfoque.mx\\\/index.php\\\/2026\\\/09\\\/02\\\/invertiran-27-mdp-para-pavimentar-vialidades-clave-en-cuatro-zonas-de-celaya\\\/\"},\"author\":{\"name\":\"Equipo Redaccion\",\"@id\":\"https:\\\/\\\/elotroenfoque.mx\\\/#\\\/schema\\\/person\\\/8eb322f84d0bd9f337e462905519a1ae\"},\"headline\":\"Invertir\u00e1n 27 mdp para pavimentar vialidades clave en cuatro zonas de Celaya\",\"datePublished\":\"2026-09-03T02:44:47+00:00\",\"dateModified\":\"2026-09-03T02:44:48+00:00\",\"mainEntityOfPage\":{\"@id\":\"https:\\\/\\\/elotroenfoque.mx\\\/index.php\\\/2026\\\/09\\\/02\\\/invertiran-27-mdp-para-pavimentar-vialidades-clave-en-cuatro-zonas-de-celaya\\\/\"},\"wordCount\":314,\"image\":{\"@id\":\"https:\\\/\\\/elotroenfoque.mx\\\/index.php\\\/2026\\\/09\\\/02\\\/invertiran-27-mdp-para-pavimentar-vialidades-clave-en-cuatro-zonas-de-celaya\\\/#primaryimage\"},\"thumbnailUrl\":\"https:\\\/\\\/elotroenfoque.mx\\\/wp-content\\\/uploads\\\/2026\\\/09\\\/obras-en-celaya-1.jpeg\",\"keywords\":[\"Guanajuato\",\"Noticias Guanajuato\"],\"articleSection\":[\"Noticias\"],\"inLanguage\":\"es\"},{\"@type\":\"WebPage\",\"@id\":\"https:\\\/\\\/elotroenfoque.mx\\\/index.php\\\/2026\\\/09\\\/02\\\/invertiran-27-mdp-para-pavimentar-vialidades-clave-en-cuatro-zonas-de-celaya\\\/\",\"url\":\"https:\\\/\\\/elotroenfoque.mx\\\/index.php\\\/2026\\\/09\\\/02\\\/invertiran-27-mdp-para-pavimentar-vialidades-clave-en-cuatro-zonas-de-celaya\\\/\",\"name\":\"Invertir\u00e1n 27 mdp para pavimentar vialidades clave en cuatro zonas de Celaya - El otro enfoque\",\"isPartOf\":{\"@id\":\"https:\\\/\\\/elotroenfoque.mx\\\/#website\"},\"primaryImageOfPage\":{\"@id\":\"https:\\\/\\\/elotroenfoque.mx\\\/index.php\\\/2026\\\/09\\\/02\\\/invertiran-27-mdp-para-pavimentar-vialidades-clave-en-cuatro-zonas-de-celaya\\\/#primaryimage\"},\"image\":{\"@id\":\"https:\\\/\\\/elotroenfoque.mx\\\/index.php\\\/2026\\\/09\\\/02\\\/invertiran-27-mdp-para-pavimentar-vialidades-clave-en-cuatro-zonas-de-celaya\\\/#primaryimage\"},\"thumbnailUrl\":\"https:\\\/\\\/elotroenfoque.mx\\\/wp-content\\\/uploads\\\/2026\\\/09\\\/obras-en-celaya-1.jpeg\",\"datePublished\":\"2026-09-03T02:44:47+00:00\",\"dateModified\":\"2026-09-03T02:44:48+00:00\",\"author\":{\"@id\":\"https:\\\/\\\/elotroenfoque.mx\\\/#\\\/schema\\\/person\\\/8eb322f84d0bd9f337e462905519a1ae\"},\"description\":\"Celaya inicia cuatro obras de pavimentaci\u00f3n e infraestructura social con 27 MDP de recursos municipales y estatales en colonias y comunidades.\",\"breadcrumb\":{\"@id\":\"https:\\\/\\\/elotroenfoque.mx\\\/index.php\\\/2026\\\/09\\\/02\\\/invertiran-27-mdp-para-pavimentar-vialidades-clave-en-cuatro-zonas-de-celaya\\\/#breadcrumb\"},\"inLanguage\":\"es\",\"potentialAction\":[{\"@type\":\"ReadAction\",\"target\":[\"https:\\\/\\\/elotroenfoque.mx\\\/index.php\\\/2026\\\/09\\\/02\\\/invertiran-27-mdp-para-pavimentar-vialidades-clave-en-cuatro-zonas-de-celaya\\\/\"]}]},{\"@type\":\"ImageObject\",\"inLanguage\":\"es\",\"@id\":\"https:\\\/\\\/elotroenfoque.mx\\\/index.php\\\/2026\\\/09\\\/02\\\/invertiran-27-mdp-para-pavimentar-vialidades-clave-en-cuatro-zonas-de-celaya\\\/#primaryimage\",\"url\":\"https:\\\/\\\/elotroenfoque.mx\\\/wp-content\\\/uploads\\\/2026\\\/09\\\/obras-en-celaya-1.jpeg\",\"contentUrl\":\"https:\\\/\\\/elotroenfoque.mx\\\/wp-content\\\/uploads\\\/2026\\\/09\\\/obras-en-celaya-1.jpeg\",\"width\":1280,\"height\":853},{\"@type\":\"BreadcrumbList\",\"@id\":\"https:\\\/\\\/elotroenfoque.mx\\\/index.php\\\/2026\\\/09\\\/02\\\/invertiran-27-mdp-para-pavimentar-vialidades-clave-en-cuatro-zonas-de-celaya\\\/#breadcrumb\",\"itemListElement\":[{\"@type\":\"ListItem\",\"position\":1,\"name\":\"Portada\",\"item\":\"https:\\\/\\\/elotroenfoque.mx\\\/\"},{\"@type\":\"ListItem\",\"position\":2,\"name\":\"Invertir\u00e1n 27 mdp para pavimentar vialidades clave en cuatro zonas de Celaya\"}]},{\"@type\":\"WebSite\",\"@id\":\"https:\\\/\\\/elotroenfoque.mx\\\/#website\",\"url\":\"https:\\\/\\\/elotroenfoque.mx\\\/\",\"name\":\"El otro enfoque\",\"description\":\"\",\"potentialAction\":[{\"@type\":\"SearchAction\",\"target\":{\"@type\":\"EntryPoint\",\"urlTemplate\":\"https:\\\/\\\/elotroenfoque.mx\\\/?s={search_term_string}\"},\"query-input\":{\"@type\":\"PropertyValueSpecification\",\"valueRequired\":true,\"valueName\":\"search_term_string\"}}],\"inLanguage\":\"es\"},{\"@type\":\"Person\",\"@id\":\"https:\\\/\\\/elotroenfoque.mx\\\/#\\\/schema\\\/person\\\/8eb322f84d0bd9f337e462905519a1ae\",\"name\":\"Equipo Redaccion\",\"image\":{\"@type\":\"ImageObject\",\"inLanguage\":\"es\",\"@id\":\"https:\\\/\\\/secure.gravatar.com\\\/avatar\\\/3579478e2b4e7aad364a32b26cf744b360ae0e581ee1cd0cb18a8f239ee49ac4?s=96&d=mm&r=g\",\"url\":\"https:\\\/\\\/secure.gravatar.com\\\/avatar\\\/3579478e2b4e7aad364a32b26cf744b360ae0e581ee1cd0cb18a8f239ee49ac4?s=96&d=mm&r=g\",\"contentUrl\":\"https:\\\/\\\/secure.gravatar.com\\\/avatar\\\/3579478e2b4e7aad364a32b26cf744b360ae0e581ee1cd0cb18a8f239ee49ac4?s=96&d=mm&r=g\",\"caption\":\"Equipo Redaccion\"},\"url\":\"https:\\\/\\\/elotroenfoque.mx\\\/index.php\\\/author\\\/redaccion\\\/\"}]}<\/script>\n<!-- \/ Yoast SEO plugin. -->","yoast_head_json":{"title":"Invertir\u00e1n 27 mdp para pavimentar vialidades clave en cuatro zonas de Celaya - El otro enfoque","description":"Celaya inicia cuatro obras de pavimentaci\u00f3n e infraestructura social con 27 MDP de recursos municipales y estatales en colonias y comunidades.","robots":{"index":"index","follow":"follow","max-snippet":"max-snippet:-1","max-image-preview":"max-image-preview:large","max-video-preview":"max-video-preview:-1"},"canonical":"https:\/\/elotroenfoque.mx\/index.php\/2026\/09\/02\/invertiran-27-mdp-para-pavimentar-vialidades-clave-en-cuatro-zonas-de-celaya\/","og_locale":"es_MX","og_type":"article","og_title":"Invertir\u00e1n 27 mdp para pavimentar vialidades clave en cuatro zonas de Celaya - El otro enfoque","og_description":"Celaya inicia cuatro obras de pavimentaci\u00f3n e infraestructura social con 27 MDP de recursos municipales y estatales en colonias y comunidades.","og_url":"https:\/\/elotroenfoque.mx\/index.php\/2026\/09\/02\/invertiran-27-mdp-para-pavimentar-vialidades-clave-en-cuatro-zonas-de-celaya\/","og_site_name":"El otro enfoque","article_published_time":"2026-09-03T02:44:47+00:00","article_modified_time":"2026-09-03T02:44:48+00:00","og_image":[{"width":1280,"height":853,"url":"https:\/\/elotroenfoque.mx\/wp-content\/uploads\/2026\/09\/obras-en-celaya-1.jpeg","type":"image\/jpeg"}],"author":"Equipo Redaccion","twitter_card":"summary_large_image","twitter_misc":{"Escrito por":"Equipo Redaccion","Tiempo de lectura":"3 minutos"},"schema":{"@context":"https:\/\/schema.org","@graph":[{"@type":"Article","@id":"https:\/\/elotroenfoque.mx\/index.php\/2026\/09\/02\/invertiran-27-mdp-para-pavimentar-vialidades-clave-en-cuatro-zonas-de-celaya\/#article","isPartOf":{"@id":"https:\/\/elotroenfoque.mx\/index.php\/2026\/09\/02\/invertiran-27-mdp-para-pavimentar-vialidades-clave-en-cuatro-zonas-de-celaya\/"},"author":{"name":"Equipo Redaccion","@id":"https:\/\/elotroenfoque.mx\/#\/schema\/person\/8eb322f84d0bd9f337e462905519a1ae"},"headline":"Invertir\u00e1n 27 mdp para pavimentar vialidades clave en cuatro zonas de Celaya","datePublished":"2026-09-03T02:44:47+00:00","dateModified":"2026-09-03T02:44:48+00:00","mainEntityOfPage":{"@id":"https:\/\/elotroenfoque.mx\/index.php\/2026\/09\/02\/invertiran-27-mdp-para-pavimentar-vialidades-clave-en-cuatro-zonas-de-celaya\/"},"wordCount":314,"image":{"@id":"https:\/\/elotroenfoque.mx\/index.php\/2026\/09\/02\/invertiran-27-mdp-para-pavimentar-vialidades-clave-en-cuatro-zonas-de-celaya\/#primaryimage"},"thumbnailUrl":"https:\/\/elotroenfoque.mx\/wp-content\/uploads\/2026\/09\/obras-en-celaya-1.jpeg","keywords":["Guanajuato","Noticias Guanajuato"],"articleSection":["Noticias"],"inLanguage":"es"},{"@type":"WebPage","@id":"https:\/\/elotroenfoque.mx\/index.php\/2026\/09\/02\/invertiran-27-mdp-para-pavimentar-vialidades-clave-en-cuatro-zonas-de-celaya\/","url":"https:\/\/elotroenfoque.mx\/index.php\/2026\/09\/02\/invertiran-27-mdp-para-pavimentar-vialidades-clave-en-cuatro-zonas-de-celaya\/","name":"Invertir\u00e1n 27 mdp para pavimentar vialidades clave en cuatro zonas de Celaya - El otro enfoque","isPartOf":{"@id":"https:\/\/elotroenfoque.mx\/#website"},"primaryImageOfPage":{"@id":"https:\/\/elotroenfoque.mx\/index.php\/2026\/09\/02\/invertiran-27-mdp-para-pavimentar-vialidades-clave-en-cuatro-zonas-de-celaya\/#primaryimage"},"image":{"@id":"https:\/\/elotroenfoque.mx\/index.php\/2026\/09\/02\/invertiran-27-mdp-para-pavimentar-vialidades-clave-en-cuatro-zonas-de-celaya\/#primaryimage"},"thumbnailUrl":"https:\/\/elotroenfoque.mx\/wp-content\/uploads\/2026\/09\/obras-en-celaya-1.jpeg","datePublished":"2026-09-03T02:44:47+00:00","dateModified":"2026-09-03T02:44:48+00:00","author":{"@id":"https:\/\/elotroenfoque.mx\/#\/schema\/person\/8eb322f84d0bd9f337e462905519a1ae"},"description":"Celaya inicia cuatro obras de pavimentaci\u00f3n e infraestructura social con 27 MDP de recursos municipales y estatales en colonias y comunidades.","breadcrumb":{"@id":"https:\/\/elotroenfoque.mx\/index.php\/2026\/09\/02\/invertiran-27-mdp-para-pavimentar-vialidades-clave-en-cuatro-zonas-de-celaya\/#breadcrumb"},"inLanguage":"es","potentialAction":[{"@type":"ReadAction","target":["https:\/\/elotroenfoque.mx\/index.php\/2026\/09\/02\/invertiran-27-mdp-para-pavimentar-vialidades-clave-en-cuatro-zonas-de-celaya\/"]}]},{"@type":"ImageObject","inLanguage":"es","@id":"https:\/\/elotroenfoque.mx\/index.php\/2026\/09\/02\/invertiran-27-mdp-para-pavimentar-vialidades-clave-en-cuatro-zonas-de-celaya\/#primaryimage","url":"https:\/\/elotroenfoque.mx\/wp-content\/uploads\/2026\/09\/obras-en-celaya-1.jpeg","contentUrl":"https:\/\/elotroenfoque.mx\/wp-content\/uploads\/2026\/09\/obras-en-celaya-1.jpeg","width":1280,"height":853},{"@type":"BreadcrumbList","@id":"https:\/\/elotroenfoque.mx\/index.php\/2026\/09\/02\/invertiran-27-mdp-para-pavimentar-vialidades-clave-en-cuatro-zonas-de-celaya\/#breadcrumb","itemListElement":[{"@type":"ListItem","position":1,"name":"Portada","item":"https:\/\/elotroenfoque.mx\/"},{"@type":"ListItem","position":2,"name":"Invertir\u00e1n 27 mdp para pavimentar vialidades clave en cuatro zonas de Celaya"}]},{"@type":"WebSite","@id":"https:\/\/elotroenfoque.mx\/#website","url":"https:\/\/elotroenfoque.mx\/","name":"El otro enfoque","description":"","potentialAction":[{"@type":"SearchAction","target":{"@type":"EntryPoint","urlTemplate":"https:\/\/elotroenfoque.mx\/?s={search_term_string}"},"query-input":{"@type":"PropertyValueSpecification","valueRequired":true,"valueName":"search_term_string"}}],"inLanguage":"es"},{"@type":"Person","@id":"https:\/\/elotroenfoque.mx\/#\/schema\/person\/8eb322f84d0bd9f337e462905519a1ae","name":"Equipo Redaccion","image":{"@type":"ImageObject","inLanguage":"es","@id":"https:\/\/secure.gravatar.com\/avatar\/3579478e2b4e7aad364a32b26cf744b360ae0e581ee1cd0cb18a8f239ee49ac4?s=96&d=mm&r=g","url":"https:\/\/secure.gravatar.com\/avatar\/3579478e2b4e7aad364a32b26cf744b360ae0e581ee1cd0cb18a8f239ee49ac4?s=96&d=mm&r=g","contentUrl":"https:\/\/secure.gravatar.com\/avatar\/3579478e2b4e7aad364a32b26cf744b360ae0e581ee1cd0cb18a8f239ee49ac4?s=96&d=mm&r=g","caption":"Equipo Redaccion"},"url":"https:\/\/elotroenfoque.mx\/index.php\/author\/redaccion\/"}]}},"_links":{"self":[{"href":"https:\/\/elotroenfoque.mx\/index.php\/wp-json\/wp\/v2\/posts\/195466","targetHints":{"allow":["GET"]}}],"collection":[{"href":"https:\/\/elotroenfoque.mx\/index.php\/wp-json\/wp\/v2\/posts"}],"about":[{"href":"https:\/\/elotroenfoque.mx\/index.php\/wp-json\/wp\/v2\/types\/post"}],"author":[{"embeddable":true,"href":"https:\/\/elotroenfoque.mx\/index.php\/wp-json\/wp\/v2\/users\/4"}],"replies":[{"embeddable":true,"href":"https:\/\/elotroenfoque.mx\/index.php\/wp-json\/wp\/v2\/comments?post=195466"}],"version-history":[{"count":1,"href":"https:\/\/elotroenfoque.mx\/index.php\/wp-json\/wp\/v2\/posts\/195466\/revisions"}],"predecessor-version":[{"id":195472,"href":"https:\/\/elotroenfoque.mx\/index.php\/wp-json\/wp\/v2\/posts\/195466\/revisions\/195472"}],"wp:featuredmedia":[{"embeddable":true,"href":"https:\/\/elotroenfoque.mx\/index.php\/wp-json\/wp\/v2\/media\/195467"}],"wp:attachment":[{"href":"https:\/\/elotroenfoque.mx\/index.php\/wp-json\/wp\/v2\/media?parent=195466"}],"wp:term":[{"taxonomy":"category","embeddable":true,"href":"https:\/\/elotroenfoque.mx\/index.php\/wp-json\/wp\/v2\/categories?post=195466"},{"taxonomy":"post_tag","embeddable":true,"href":"https:\/\/elotroenfoque.mx\/index.php\/wp-json\/wp\/v2\/tags?post=195466"}],"curies":[{"name":"wp","href":"https:\/\/api.w.org\/{rel}","templated":true}]}}