{"id":195471,"date":"2026-09-02T22:22:34","date_gmt":"2026-09-03T04:22:34","guid":{"rendered":"https:\/\/elotroenfoque.mx\/?p=195471"},"modified":"2026-09-02T22:29:23","modified_gmt":"2026-09-03T04:29:23","slug":"arranca-pan-guanajuato-con-foros-y-entrevistas-de-aspirantes-a-defensores-de-la-patria","status":"publish","type":"post","link":"https:\/\/elotroenfoque.mx\/index.php\/2026\/09\/02\/arranca-pan-guanajuato-con-foros-y-entrevistas-de-aspirantes-a-defensores-de-la-patria\/","title":{"rendered":"Arranca PAN Guanajuato con foros y entrevistas de aspirantes a Defensores de la Patria"},"content":{"rendered":"\n<p class=\"wp-block-paragraph\">El PAN Guanajuato puso en marcha este mi\u00e9rcoles la fase de foros y entrevistas con las personas aspirantes a Defensores de la Patria, la Familia y la Libertad, un ejercicio que busca conocer de primera mano sus perfiles, motivaciones, capacidades, visi\u00f3n y propuestas para sus municipios y para el estado.<\/p>\n\n\n\n<p class=\"wp-block-paragraph\">La jornada comenz\u00f3 con entrevistas a profundidad a los aspirantes de Guanajuato capital, realizadas por la Comisi\u00f3n Pol\u00edtica del Programa Defensores. Participaron Juan Carlos Delgado Z\u00e1rate, Jos\u00e9 Carlos Dom\u00ednguez L\u00f3pez Velarde y Juan Carlos Romero Hicks.<\/p>\n\n\n\n<p class=\"wp-block-paragraph\">De manera simult\u00e1nea, se desarrollaron los primeros foros correspondientes a San Luis de la Paz y P\u00e9njamo.<\/p>\n\n\n\n<figure class=\"wp-block-image size-large\"><img loading=\"lazy\" decoding=\"async\" width=\"1024\" height=\"575\" src=\"https:\/\/elotroenfoque.mx\/wp-content\/uploads\/2026\/09\/pan33-1024x575.jpg\" alt=\"\" class=\"wp-image-195480\" srcset=\"https:\/\/elotroenfoque.mx\/wp-content\/uploads\/2026\/09\/pan33-1024x575.jpg 1024w, https:\/\/elotroenfoque.mx\/wp-content\/uploads\/2026\/09\/pan33-300x168.jpg 300w, https:\/\/elotroenfoque.mx\/wp-content\/uploads\/2026\/09\/pan33-768x431.jpg 768w, https:\/\/elotroenfoque.mx\/wp-content\/uploads\/2026\/09\/pan33.jpg 1284w\" sizes=\"auto, (max-width: 1024px) 100vw, 1024px\" \/><\/figure>\n\n\n\n<p class=\"wp-block-paragraph\">Por San Luis de la Paz participaron Leticia Gonz\u00e1lez Mu\u00f1oz, Adriana Patricia Olvera Salinas, Ricardo Yuri Salazar Naranjo, Rub\u00e9n Ur\u00edas Ru\u00edz y Roberto Carlos Ter\u00e1n Ramos.<\/p>\n\n\n\n<p class=\"wp-block-paragraph\">En el caso de P\u00e9njamo, los participantes fueron Jos\u00e9 Erandi Berm\u00fadez M\u00e9ndez, Juan Jos\u00e9 Garc\u00eda L\u00f3pez y Jos\u00e9 Miguel Herrera Flores.<\/p>\n\n\n\n<figure class=\"wp-block-image size-large\"><img loading=\"lazy\" decoding=\"async\" width=\"1024\" height=\"682\" src=\"https:\/\/elotroenfoque.mx\/wp-content\/uploads\/2026\/09\/Pan-gto-1024x682.jpg\" alt=\"\" class=\"wp-image-195483\" srcset=\"https:\/\/elotroenfoque.mx\/wp-content\/uploads\/2026\/09\/Pan-gto-1024x682.jpg 1024w, https:\/\/elotroenfoque.mx\/wp-content\/uploads\/2026\/09\/Pan-gto-300x200.jpg 300w, https:\/\/elotroenfoque.mx\/wp-content\/uploads\/2026\/09\/Pan-gto-767x511.jpg 767w, https:\/\/elotroenfoque.mx\/wp-content\/uploads\/2026\/09\/Pan-gto-1536x1023.jpg 1536w, https:\/\/elotroenfoque.mx\/wp-content\/uploads\/2026\/09\/Pan-gto-600x400.jpg 600w, https:\/\/elotroenfoque.mx\/wp-content\/uploads\/2026\/09\/Pan-gto.jpg 1600w\" sizes=\"auto, (max-width: 1024px) 100vw, 1024px\" \/><\/figure>\n\n\n\n<p class=\"wp-block-paragraph\">Ideas, propuestas y respuestas r\u00e1pidas<\/p>\n\n\n\n<p class=\"wp-block-paragraph\">La din\u00e1mica de los foros contempl\u00f3 una presentaci\u00f3n personal y la exposici\u00f3n de los principales objetivos que cada aspirante plantea para mejorar su comunidad.<\/p>\n\n\n\n<figure class=\"wp-block-image size-large\"><img loading=\"lazy\" decoding=\"async\" width=\"1024\" height=\"575\" src=\"https:\/\/elotroenfoque.mx\/wp-content\/uploads\/2026\/09\/pan-1-1024x575.jpg\" alt=\"\" class=\"wp-image-195486\" srcset=\"https:\/\/elotroenfoque.mx\/wp-content\/uploads\/2026\/09\/pan-1-1024x575.jpg 1024w, https:\/\/elotroenfoque.mx\/wp-content\/uploads\/2026\/09\/pan-1-300x168.jpg 300w, https:\/\/elotroenfoque.mx\/wp-content\/uploads\/2026\/09\/pan-1-768x431.jpg 768w, https:\/\/elotroenfoque.mx\/wp-content\/uploads\/2026\/09\/pan-1.jpg 1284w\" sizes=\"auto, (max-width: 1024px) 100vw, 1024px\" \/><\/figure>\n\n\n\n<p class=\"wp-block-paragraph\">Tambi\u00e9n hubo preguntas de la ciudadan\u00eda sobre temas clave como seguridad, econom\u00eda y empleo, gobierno, servicios p\u00fablicos, familia y comunidad.<\/p>\n\n\n\n<p class=\"wp-block-paragraph\">Uno de los momentos m\u00e1s din\u00e1micos fue la secci\u00f3n \u201cDecisiones r\u00e1pidas\u201d, en la que los aspirantes tuvieron hasta 30 segundos para responder preguntas sobre el principal problema de su municipio, qu\u00e9 deber\u00eda cambiar primero, qu\u00e9 no debe perder Guanajuato, qu\u00e9 significa defender a la familia y qu\u00e9 representa la libertad desde un gobierno.<\/p>\n\n\n\n<figure class=\"wp-block-image size-large\"><img loading=\"lazy\" decoding=\"async\" width=\"1024\" height=\"682\" src=\"https:\/\/elotroenfoque.mx\/wp-content\/uploads\/2026\/09\/pan444-1024x682.jpg\" alt=\"\" class=\"wp-image-195485\" srcset=\"https:\/\/elotroenfoque.mx\/wp-content\/uploads\/2026\/09\/pan444-1024x682.jpg 1024w, https:\/\/elotroenfoque.mx\/wp-content\/uploads\/2026\/09\/pan444-300x200.jpg 300w, https:\/\/elotroenfoque.mx\/wp-content\/uploads\/2026\/09\/pan444-767x511.jpg 767w, https:\/\/elotroenfoque.mx\/wp-content\/uploads\/2026\/09\/pan444-1536x1023.jpg 1536w, https:\/\/elotroenfoque.mx\/wp-content\/uploads\/2026\/09\/pan444-600x400.jpg 600w, https:\/\/elotroenfoque.mx\/wp-content\/uploads\/2026\/09\/pan444.jpg 1600w\" sizes=\"auto, (max-width: 1024px) 100vw, 1024px\" \/><\/figure>\n\n\n\n<p class=\"wp-block-paragraph\">Tambi\u00e9n respondieron sobre las caracter\u00edsticas que debe tener un buen gobernante.<\/p>\n\n\n\n<p class=\"wp-block-paragraph\">El objetivo de esta etapa es generar espacios de di\u00e1logo que permitan conocer a cada perfil desde sus ideas, capacidades, visi\u00f3n y compromiso con su comunidad, adem\u00e1s de fomentar la participaci\u00f3n de distintos sectores de la sociedad.<\/p>\n\n\n\n<p class=\"wp-block-paragraph\">La evaluaci\u00f3n contin\u00faa en los pr\u00f3ximos d\u00edas<\/p>\n\n\n\n<p class=\"wp-block-paragraph\">Los foros continuar\u00e1n hasta el 8 de septiembre, mientras que las entrevistas se extender\u00e1n hasta el 12 de septiembre, con la participaci\u00f3n de aspirantes de los municipios restantes.<\/p>\n\n\n\n<p class=\"wp-block-paragraph\">Para este jueves 3 de septiembre, est\u00e1n programadas las entrevistas de las personas aspirantes de Le\u00f3n. Ese mismo d\u00eda se realizar\u00e1n los foros de Salamanca, a las 16:00 horas, y Guanajuato capital, a las 19:00 horas.<\/p>\n\n\n\n<p class=\"wp-block-paragraph\">Los foros tienen como sede el Comit\u00e9 Directivo Estatal del PAN Guanajuato, con la presencia de invitados de cada aspirante y representantes de los medios de comunicaci\u00f3n.<\/p>\n\n\n\n<p class=\"wp-block-paragraph\">La ciudadan\u00eda tambi\u00e9n podr\u00e1 seguir las actividades a trav\u00e9s de las transmisiones en vivo de la p\u00e1gina de Facebook del PAN Guanajuato.<\/p>\n\n\n\n<p class=\"wp-block-paragraph\">Tambi\u00e9n lee:&nbsp;<strong><a href=\"https:\/\/elotroenfoque.mx\/index.php\/2026\/09\/02\/asesinan-al-tecladista-del-grupo-camilo-septimo-y-a-su-familia\/\">Asesinan al tecladista del grupo Camilo S\u00e9ptimo y a su familia<\/a><\/strong><\/p>\n\n\n\n<p class=\"wp-block-paragraph\">Esta fase busca fortalecer un proceso que coloca en el centro la participaci\u00f3n ciudadana, las necesidades de cada localidad y la visi\u00f3n de quienes aspiran a asumir una responsabilidad p\u00fablica.<\/p>\n\n\n\n<p class=\"wp-block-paragraph\"><strong><a href=\"https:\/\/www.tiktok.com\/@elotroenfoque?_r=1&amp;_t=ZS-97ffhW6kR1t\">Sigue tambi\u00e9n las noticias en TikTok<\/a><\/strong><\/p>\n","protected":false},"excerpt":{"rendered":"<p>El PAN Guanajuato puso en marcha este mi\u00e9rcoles la fase de foros y entrevistas con las personas aspirantes a Defensores de la Patria, la Familia y la Libertad, un ejercicio que busca conocer de primera mano sus perfiles, motivaciones, capacidades, visi\u00f3n y propuestas para sus municipios y para el estado. La jornada comenz\u00f3 con entrevistas&#8230;<\/p>\n","protected":false},"author":4,"featured_media":195482,"comment_status":"closed","ping_status":"open","sticky":false,"template":"","format":"standard","meta":{"footnotes":""},"categories":[2],"tags":[13,4517],"class_list":["post-195471","post","type-post","status-publish","format-standard","has-post-thumbnail","hentry","category-noticias","tag-guanajuato","tag-noticias-guanajuato"],"yoast_head":"<!-- This site is optimized with the Yoast SEO plugin v28.2 - https:\/\/yoast.com\/product\/yoast-seo-wordpress\/ -->\n<title>Arranca PAN Guanajuato con foros y entrevistas de aspirantes a Defensores de la Patria - El otro enfoque<\/title>\n<meta name=\"description\" content=\"PAN Guanajuato inicia foros y entrevistas para evaluar a aspirantes a Defensores de la Patria, la Familia y la Libertad.\" \/>\n<meta name=\"robots\" content=\"index, follow, max-snippet:-1, max-image-preview:large, max-video-preview:-1\" \/>\n<link rel=\"canonical\" href=\"https:\/\/elotroenfoque.mx\/index.php\/2026\/09\/02\/arranca-pan-guanajuato-con-foros-y-entrevistas-de-aspirantes-a-defensores-de-la-patria\/\" \/>\n<meta property=\"og:locale\" content=\"es_MX\" \/>\n<meta property=\"og:type\" content=\"article\" \/>\n<meta property=\"og:title\" content=\"Arranca PAN Guanajuato con foros y entrevistas de aspirantes a Defensores de la Patria - El otro enfoque\" \/>\n<meta property=\"og:description\" content=\"PAN Guanajuato inicia foros y entrevistas para evaluar a aspirantes a Defensores de la Patria, la Familia y la Libertad.\" \/>\n<meta property=\"og:url\" content=\"https:\/\/elotroenfoque.mx\/index.php\/2026\/09\/02\/arranca-pan-guanajuato-con-foros-y-entrevistas-de-aspirantes-a-defensores-de-la-patria\/\" \/>\n<meta property=\"og:site_name\" content=\"El otro enfoque\" \/>\n<meta property=\"article:published_time\" content=\"2026-09-03T04:22:34+00:00\" \/>\n<meta property=\"article:modified_time\" content=\"2026-09-03T04:29:23+00:00\" \/>\n<meta property=\"og:image\" content=\"https:\/\/elotroenfoque.mx\/wp-content\/uploads\/2026\/09\/pan555.jpg\" \/>\n\t<meta property=\"og:image:width\" content=\"1600\" \/>\n\t<meta property=\"og:image:height\" content=\"1066\" \/>\n\t<meta property=\"og:image:type\" content=\"image\/jpeg\" \/>\n<meta name=\"author\" content=\"Equipo Redaccion\" \/>\n<meta name=\"twitter:card\" content=\"summary_large_image\" \/>\n<meta name=\"twitter:label1\" content=\"Escrito por\" \/>\n\t<meta name=\"twitter:data1\" content=\"Equipo Redaccion\" \/>\n\t<meta name=\"twitter:label2\" content=\"Tiempo de lectura\" \/>\n\t<meta name=\"twitter:data2\" content=\"4 minutos\" \/>\n<script type=\"application\/ld+json\" class=\"yoast-schema-graph\">{\"@context\":\"https:\\\/\\\/schema.org\",\"@graph\":[{\"@type\":\"Article\",\"@id\":\"https:\\\/\\\/elotroenfoque.mx\\\/index.php\\\/2026\\\/09\\\/02\\\/arranca-pan-guanajuato-con-foros-y-entrevistas-de-aspirantes-a-defensores-de-la-patria\\\/#article\",\"isPartOf\":{\"@id\":\"https:\\\/\\\/elotroenfoque.mx\\\/index.php\\\/2026\\\/09\\\/02\\\/arranca-pan-guanajuato-con-foros-y-entrevistas-de-aspirantes-a-defensores-de-la-patria\\\/\"},\"author\":{\"name\":\"Equipo Redaccion\",\"@id\":\"https:\\\/\\\/elotroenfoque.mx\\\/#\\\/schema\\\/person\\\/8eb322f84d0bd9f337e462905519a1ae\"},\"headline\":\"Arranca PAN Guanajuato con foros y entrevistas de aspirantes a Defensores de la Patria\",\"datePublished\":\"2026-09-03T04:22:34+00:00\",\"dateModified\":\"2026-09-03T04:29:23+00:00\",\"mainEntityOfPage\":{\"@id\":\"https:\\\/\\\/elotroenfoque.mx\\\/index.php\\\/2026\\\/09\\\/02\\\/arranca-pan-guanajuato-con-foros-y-entrevistas-de-aspirantes-a-defensores-de-la-patria\\\/\"},\"wordCount\":539,\"image\":{\"@id\":\"https:\\\/\\\/elotroenfoque.mx\\\/index.php\\\/2026\\\/09\\\/02\\\/arranca-pan-guanajuato-con-foros-y-entrevistas-de-aspirantes-a-defensores-de-la-patria\\\/#primaryimage\"},\"thumbnailUrl\":\"https:\\\/\\\/elotroenfoque.mx\\\/wp-content\\\/uploads\\\/2026\\\/09\\\/pan555.jpg\",\"keywords\":[\"Guanajuato\",\"Noticias Guanajuato\"],\"articleSection\":[\"Noticias\"],\"inLanguage\":\"es\"},{\"@type\":\"WebPage\",\"@id\":\"https:\\\/\\\/elotroenfoque.mx\\\/index.php\\\/2026\\\/09\\\/02\\\/arranca-pan-guanajuato-con-foros-y-entrevistas-de-aspirantes-a-defensores-de-la-patria\\\/\",\"url\":\"https:\\\/\\\/elotroenfoque.mx\\\/index.php\\\/2026\\\/09\\\/02\\\/arranca-pan-guanajuato-con-foros-y-entrevistas-de-aspirantes-a-defensores-de-la-patria\\\/\",\"name\":\"Arranca PAN Guanajuato con foros y entrevistas de aspirantes a Defensores de la Patria - El otro enfoque\",\"isPartOf\":{\"@id\":\"https:\\\/\\\/elotroenfoque.mx\\\/#website\"},\"primaryImageOfPage\":{\"@id\":\"https:\\\/\\\/elotroenfoque.mx\\\/index.php\\\/2026\\\/09\\\/02\\\/arranca-pan-guanajuato-con-foros-y-entrevistas-de-aspirantes-a-defensores-de-la-patria\\\/#primaryimage\"},\"image\":{\"@id\":\"https:\\\/\\\/elotroenfoque.mx\\\/index.php\\\/2026\\\/09\\\/02\\\/arranca-pan-guanajuato-con-foros-y-entrevistas-de-aspirantes-a-defensores-de-la-patria\\\/#primaryimage\"},\"thumbnailUrl\":\"https:\\\/\\\/elotroenfoque.mx\\\/wp-content\\\/uploads\\\/2026\\\/09\\\/pan555.jpg\",\"datePublished\":\"2026-09-03T04:22:34+00:00\",\"dateModified\":\"2026-09-03T04:29:23+00:00\",\"author\":{\"@id\":\"https:\\\/\\\/elotroenfoque.mx\\\/#\\\/schema\\\/person\\\/8eb322f84d0bd9f337e462905519a1ae\"},\"description\":\"PAN Guanajuato inicia foros y entrevistas para evaluar a aspirantes a Defensores de la Patria, la Familia y la Libertad.\",\"breadcrumb\":{\"@id\":\"https:\\\/\\\/elotroenfoque.mx\\\/index.php\\\/2026\\\/09\\\/02\\\/arranca-pan-guanajuato-con-foros-y-entrevistas-de-aspirantes-a-defensores-de-la-patria\\\/#breadcrumb\"},\"inLanguage\":\"es\",\"potentialAction\":[{\"@type\":\"ReadAction\",\"target\":[\"https:\\\/\\\/elotroenfoque.mx\\\/index.php\\\/2026\\\/09\\\/02\\\/arranca-pan-guanajuato-con-foros-y-entrevistas-de-aspirantes-a-defensores-de-la-patria\\\/\"]}]},{\"@type\":\"ImageObject\",\"inLanguage\":\"es\",\"@id\":\"https:\\\/\\\/elotroenfoque.mx\\\/index.php\\\/2026\\\/09\\\/02\\\/arranca-pan-guanajuato-con-foros-y-entrevistas-de-aspirantes-a-defensores-de-la-patria\\\/#primaryimage\",\"url\":\"https:\\\/\\\/elotroenfoque.mx\\\/wp-content\\\/uploads\\\/2026\\\/09\\\/pan555.jpg\",\"contentUrl\":\"https:\\\/\\\/elotroenfoque.mx\\\/wp-content\\\/uploads\\\/2026\\\/09\\\/pan555.jpg\",\"width\":1600,\"height\":1066,\"caption\":\"Defensores de la Patria del PAN\"},{\"@type\":\"BreadcrumbList\",\"@id\":\"https:\\\/\\\/elotroenfoque.mx\\\/index.php\\\/2026\\\/09\\\/02\\\/arranca-pan-guanajuato-con-foros-y-entrevistas-de-aspirantes-a-defensores-de-la-patria\\\/#breadcrumb\",\"itemListElement\":[{\"@type\":\"ListItem\",\"position\":1,\"name\":\"Portada\",\"item\":\"https:\\\/\\\/elotroenfoque.mx\\\/\"},{\"@type\":\"ListItem\",\"position\":2,\"name\":\"Arranca PAN Guanajuato con foros y entrevistas de aspirantes a Defensores de la Patria\"}]},{\"@type\":\"WebSite\",\"@id\":\"https:\\\/\\\/elotroenfoque.mx\\\/#website\",\"url\":\"https:\\\/\\\/elotroenfoque.mx\\\/\",\"name\":\"El otro enfoque\",\"description\":\"\",\"potentialAction\":[{\"@type\":\"SearchAction\",\"target\":{\"@type\":\"EntryPoint\",\"urlTemplate\":\"https:\\\/\\\/elotroenfoque.mx\\\/?s={search_term_string}\"},\"query-input\":{\"@type\":\"PropertyValueSpecification\",\"valueRequired\":true,\"valueName\":\"search_term_string\"}}],\"inLanguage\":\"es\"},{\"@type\":\"Person\",\"@id\":\"https:\\\/\\\/elotroenfoque.mx\\\/#\\\/schema\\\/person\\\/8eb322f84d0bd9f337e462905519a1ae\",\"name\":\"Equipo Redaccion\",\"image\":{\"@type\":\"ImageObject\",\"inLanguage\":\"es\",\"@id\":\"https:\\\/\\\/secure.gravatar.com\\\/avatar\\\/3579478e2b4e7aad364a32b26cf744b360ae0e581ee1cd0cb18a8f239ee49ac4?s=96&d=mm&r=g\",\"url\":\"https:\\\/\\\/secure.gravatar.com\\\/avatar\\\/3579478e2b4e7aad364a32b26cf744b360ae0e581ee1cd0cb18a8f239ee49ac4?s=96&d=mm&r=g\",\"contentUrl\":\"https:\\\/\\\/secure.gravatar.com\\\/avatar\\\/3579478e2b4e7aad364a32b26cf744b360ae0e581ee1cd0cb18a8f239ee49ac4?s=96&d=mm&r=g\",\"caption\":\"Equipo Redaccion\"},\"url\":\"https:\\\/\\\/elotroenfoque.mx\\\/index.php\\\/author\\\/redaccion\\\/\"}]}<\/script>\n<!-- \/ Yoast SEO plugin. -->","yoast_head_json":{"title":"Arranca PAN Guanajuato con foros y entrevistas de aspirantes a Defensores de la Patria - El otro enfoque","description":"PAN Guanajuato inicia foros y entrevistas para evaluar a aspirantes a Defensores de la Patria, la Familia y la Libertad.","robots":{"index":"index","follow":"follow","max-snippet":"max-snippet:-1","max-image-preview":"max-image-preview:large","max-video-preview":"max-video-preview:-1"},"canonical":"https:\/\/elotroenfoque.mx\/index.php\/2026\/09\/02\/arranca-pan-guanajuato-con-foros-y-entrevistas-de-aspirantes-a-defensores-de-la-patria\/","og_locale":"es_MX","og_type":"article","og_title":"Arranca PAN Guanajuato con foros y entrevistas de aspirantes a Defensores de la Patria - El otro enfoque","og_description":"PAN Guanajuato inicia foros y entrevistas para evaluar a aspirantes a Defensores de la Patria, la Familia y la Libertad.","og_url":"https:\/\/elotroenfoque.mx\/index.php\/2026\/09\/02\/arranca-pan-guanajuato-con-foros-y-entrevistas-de-aspirantes-a-defensores-de-la-patria\/","og_site_name":"El otro enfoque","article_published_time":"2026-09-03T04:22:34+00:00","article_modified_time":"2026-09-03T04:29:23+00:00","og_image":[{"width":1600,"height":1066,"url":"https:\/\/elotroenfoque.mx\/wp-content\/uploads\/2026\/09\/pan555.jpg","type":"image\/jpeg"}],"author":"Equipo Redaccion","twitter_card":"summary_large_image","twitter_misc":{"Escrito por":"Equipo Redaccion","Tiempo de lectura":"4 minutos"},"schema":{"@context":"https:\/\/schema.org","@graph":[{"@type":"Article","@id":"https:\/\/elotroenfoque.mx\/index.php\/2026\/09\/02\/arranca-pan-guanajuato-con-foros-y-entrevistas-de-aspirantes-a-defensores-de-la-patria\/#article","isPartOf":{"@id":"https:\/\/elotroenfoque.mx\/index.php\/2026\/09\/02\/arranca-pan-guanajuato-con-foros-y-entrevistas-de-aspirantes-a-defensores-de-la-patria\/"},"author":{"name":"Equipo Redaccion","@id":"https:\/\/elotroenfoque.mx\/#\/schema\/person\/8eb322f84d0bd9f337e462905519a1ae"},"headline":"Arranca PAN Guanajuato con foros y entrevistas de aspirantes a Defensores de la Patria","datePublished":"2026-09-03T04:22:34+00:00","dateModified":"2026-09-03T04:29:23+00:00","mainEntityOfPage":{"@id":"https:\/\/elotroenfoque.mx\/index.php\/2026\/09\/02\/arranca-pan-guanajuato-con-foros-y-entrevistas-de-aspirantes-a-defensores-de-la-patria\/"},"wordCount":539,"image":{"@id":"https:\/\/elotroenfoque.mx\/index.php\/2026\/09\/02\/arranca-pan-guanajuato-con-foros-y-entrevistas-de-aspirantes-a-defensores-de-la-patria\/#primaryimage"},"thumbnailUrl":"https:\/\/elotroenfoque.mx\/wp-content\/uploads\/2026\/09\/pan555.jpg","keywords":["Guanajuato","Noticias Guanajuato"],"articleSection":["Noticias"],"inLanguage":"es"},{"@type":"WebPage","@id":"https:\/\/elotroenfoque.mx\/index.php\/2026\/09\/02\/arranca-pan-guanajuato-con-foros-y-entrevistas-de-aspirantes-a-defensores-de-la-patria\/","url":"https:\/\/elotroenfoque.mx\/index.php\/2026\/09\/02\/arranca-pan-guanajuato-con-foros-y-entrevistas-de-aspirantes-a-defensores-de-la-patria\/","name":"Arranca PAN Guanajuato con foros y entrevistas de aspirantes a Defensores de la Patria - El otro enfoque","isPartOf":{"@id":"https:\/\/elotroenfoque.mx\/#website"},"primaryImageOfPage":{"@id":"https:\/\/elotroenfoque.mx\/index.php\/2026\/09\/02\/arranca-pan-guanajuato-con-foros-y-entrevistas-de-aspirantes-a-defensores-de-la-patria\/#primaryimage"},"image":{"@id":"https:\/\/elotroenfoque.mx\/index.php\/2026\/09\/02\/arranca-pan-guanajuato-con-foros-y-entrevistas-de-aspirantes-a-defensores-de-la-patria\/#primaryimage"},"thumbnailUrl":"https:\/\/elotroenfoque.mx\/wp-content\/uploads\/2026\/09\/pan555.jpg","datePublished":"2026-09-03T04:22:34+00:00","dateModified":"2026-09-03T04:29:23+00:00","author":{"@id":"https:\/\/elotroenfoque.mx\/#\/schema\/person\/8eb322f84d0bd9f337e462905519a1ae"},"description":"PAN Guanajuato inicia foros y entrevistas para evaluar a aspirantes a Defensores de la Patria, la Familia y la Libertad.","breadcrumb":{"@id":"https:\/\/elotroenfoque.mx\/index.php\/2026\/09\/02\/arranca-pan-guanajuato-con-foros-y-entrevistas-de-aspirantes-a-defensores-de-la-patria\/#breadcrumb"},"inLanguage":"es","potentialAction":[{"@type":"ReadAction","target":["https:\/\/elotroenfoque.mx\/index.php\/2026\/09\/02\/arranca-pan-guanajuato-con-foros-y-entrevistas-de-aspirantes-a-defensores-de-la-patria\/"]}]},{"@type":"ImageObject","inLanguage":"es","@id":"https:\/\/elotroenfoque.mx\/index.php\/2026\/09\/02\/arranca-pan-guanajuato-con-foros-y-entrevistas-de-aspirantes-a-defensores-de-la-patria\/#primaryimage","url":"https:\/\/elotroenfoque.mx\/wp-content\/uploads\/2026\/09\/pan555.jpg","contentUrl":"https:\/\/elotroenfoque.mx\/wp-content\/uploads\/2026\/09\/pan555.jpg","width":1600,"height":1066,"caption":"Defensores de la Patria del PAN"},{"@type":"BreadcrumbList","@id":"https:\/\/elotroenfoque.mx\/index.php\/2026\/09\/02\/arranca-pan-guanajuato-con-foros-y-entrevistas-de-aspirantes-a-defensores-de-la-patria\/#breadcrumb","itemListElement":[{"@type":"ListItem","position":1,"name":"Portada","item":"https:\/\/elotroenfoque.mx\/"},{"@type":"ListItem","position":2,"name":"Arranca PAN Guanajuato con foros y entrevistas de aspirantes a Defensores de la Patria"}]},{"@type":"WebSite","@id":"https:\/\/elotroenfoque.mx\/#website","url":"https:\/\/elotroenfoque.mx\/","name":"El otro enfoque","description":"","potentialAction":[{"@type":"SearchAction","target":{"@type":"EntryPoint","urlTemplate":"https:\/\/elotroenfoque.mx\/?s={search_term_string}"},"query-input":{"@type":"PropertyValueSpecification","valueRequired":true,"valueName":"search_term_string"}}],"inLanguage":"es"},{"@type":"Person","@id":"https:\/\/elotroenfoque.mx\/#\/schema\/person\/8eb322f84d0bd9f337e462905519a1ae","name":"Equipo Redaccion","image":{"@type":"ImageObject","inLanguage":"es","@id":"https:\/\/secure.gravatar.com\/avatar\/3579478e2b4e7aad364a32b26cf744b360ae0e581ee1cd0cb18a8f239ee49ac4?s=96&d=mm&r=g","url":"https:\/\/secure.gravatar.com\/avatar\/3579478e2b4e7aad364a32b26cf744b360ae0e581ee1cd0cb18a8f239ee49ac4?s=96&d=mm&r=g","contentUrl":"https:\/\/secure.gravatar.com\/avatar\/3579478e2b4e7aad364a32b26cf744b360ae0e581ee1cd0cb18a8f239ee49ac4?s=96&d=mm&r=g","caption":"Equipo Redaccion"},"url":"https:\/\/elotroenfoque.mx\/index.php\/author\/redaccion\/"}]}},"_links":{"self":[{"href":"https:\/\/elotroenfoque.mx\/index.php\/wp-json\/wp\/v2\/posts\/195471","targetHints":{"allow":["GET"]}}],"collection":[{"href":"https:\/\/elotroenfoque.mx\/index.php\/wp-json\/wp\/v2\/posts"}],"about":[{"href":"https:\/\/elotroenfoque.mx\/index.php\/wp-json\/wp\/v2\/types\/post"}],"author":[{"embeddable":true,"href":"https:\/\/elotroenfoque.mx\/index.php\/wp-json\/wp\/v2\/users\/4"}],"replies":[{"embeddable":true,"href":"https:\/\/elotroenfoque.mx\/index.php\/wp-json\/wp\/v2\/comments?post=195471"}],"version-history":[{"count":3,"href":"https:\/\/elotroenfoque.mx\/index.php\/wp-json\/wp\/v2\/posts\/195471\/revisions"}],"predecessor-version":[{"id":195487,"href":"https:\/\/elotroenfoque.mx\/index.php\/wp-json\/wp\/v2\/posts\/195471\/revisions\/195487"}],"wp:featuredmedia":[{"embeddable":true,"href":"https:\/\/elotroenfoque.mx\/index.php\/wp-json\/wp\/v2\/media\/195482"}],"wp:attachment":[{"href":"https:\/\/elotroenfoque.mx\/index.php\/wp-json\/wp\/v2\/media?parent=195471"}],"wp:term":[{"taxonomy":"category","embeddable":true,"href":"https:\/\/elotroenfoque.mx\/index.php\/wp-json\/wp\/v2\/categories?post=195471"},{"taxonomy":"post_tag","embeddable":true,"href":"https:\/\/elotroenfoque.mx\/index.php\/wp-json\/wp\/v2\/tags?post=195471"}],"curies":[{"name":"wp","href":"https:\/\/api.w.org\/{rel}","templated":true}]}}