{"id":195488,"date":"2026-09-02T23:24:56","date_gmt":"2026-09-03T05:24:56","guid":{"rendered":"https:\/\/elotroenfoque.mx\/?p=195488"},"modified":"2026-09-02T23:24:57","modified_gmt":"2026-09-03T05:24:57","slug":"hermana-de-exgobernador-de-guanajuato-rinde-protesta-como-senadora-de-la-republica","status":"publish","type":"post","link":"https:\/\/elotroenfoque.mx\/index.php\/2026\/09\/02\/hermana-de-exgobernador-de-guanajuato-rinde-protesta-como-senadora-de-la-republica\/","title":{"rendered":"Hermana de exgobernador de Guanajuato rinde protesta como senadora de la Rep\u00fablica"},"content":{"rendered":"\n<p class=\"wp-block-paragraph\">Alma Cristina Rodr\u00edguez Vallejo hermana del exgobernador saliente de Guanajuato, Diego Sinhue, rindi\u00f3 protesta como senadora de la Rep\u00fablica por Acci\u00f3n Nacional, en calidad de suplente de la senadora Karen Michel Gonz\u00e1lez M\u00e1rquez, para incorporarse a los trabajos legislativos de la C\u00e1mara Alta.<\/p>\n\n\n\n<p class=\"wp-block-paragraph\">Durante la sesi\u00f3n del Pleno, Rodr\u00edguez Vallejo realiz\u00f3 la protesta de ley y asumi\u00f3 formalmente el cargo como integrante del Grupo Parlamentario del Partido Acci\u00f3n Nacional (PAN), desde donde se sumar\u00e1 a las labores legislativas y a la representaci\u00f3n de Guanajuato.<\/p>\n\n\n\n<figure class=\"wp-block-image size-large\"><img loading=\"lazy\" decoding=\"async\" width=\"746\" height=\"1024\" src=\"https:\/\/elotroenfoque.mx\/wp-content\/uploads\/2026\/09\/hermana5-746x1024.jpg\" alt=\"\" class=\"wp-image-195490\" srcset=\"https:\/\/elotroenfoque.mx\/wp-content\/uploads\/2026\/09\/hermana5-746x1024.jpg 746w, https:\/\/elotroenfoque.mx\/wp-content\/uploads\/2026\/09\/hermana5-219x300.jpg 219w, https:\/\/elotroenfoque.mx\/wp-content\/uploads\/2026\/09\/hermana5-767x1053.jpg 767w, https:\/\/elotroenfoque.mx\/wp-content\/uploads\/2026\/09\/hermana5-1119x1536.jpg 1119w, https:\/\/elotroenfoque.mx\/wp-content\/uploads\/2026\/09\/hermana5-30x40.jpg 30w, https:\/\/elotroenfoque.mx\/wp-content\/uploads\/2026\/09\/hermana5.jpg 1166w\" sizes=\"auto, (max-width: 746px) 100vw, 746px\" \/><\/figure>\n\n\n\n<p class=\"wp-block-paragraph\">La nueva senadora cuenta con una amplia trayectoria en el servicio p\u00fablico y en la administraci\u00f3n municipal y estatal, particularmente en Guanajuato, donde ha participado en distintos \u00e1mbitos de gobierno y atenci\u00f3n social.<\/p>\n\n\n\n<figure class=\"wp-block-gallery has-nested-images columns-default is-cropped wp-block-gallery-1 is-layout-flex wp-block-gallery-is-layout-flex\">\n<figure class=\"wp-block-image size-large\"><img loading=\"lazy\" decoding=\"async\" width=\"1024\" height=\"682\" data-id=\"195491\" src=\"https:\/\/elotroenfoque.mx\/wp-content\/uploads\/2026\/09\/hermana2-1024x682.jpg\" alt=\"\" class=\"wp-image-195491\" srcset=\"https:\/\/elotroenfoque.mx\/wp-content\/uploads\/2026\/09\/hermana2-1024x682.jpg 1024w, https:\/\/elotroenfoque.mx\/wp-content\/uploads\/2026\/09\/hermana2-300x200.jpg 300w, https:\/\/elotroenfoque.mx\/wp-content\/uploads\/2026\/09\/hermana2-767x511.jpg 767w, https:\/\/elotroenfoque.mx\/wp-content\/uploads\/2026\/09\/hermana2-1536x1023.jpg 1536w, https:\/\/elotroenfoque.mx\/wp-content\/uploads\/2026\/09\/hermana2-600x400.jpg 600w, https:\/\/elotroenfoque.mx\/wp-content\/uploads\/2026\/09\/hermana2.jpg 1600w\" sizes=\"auto, (max-width: 1024px) 100vw, 1024px\" \/><\/figure>\n\n\n\n<figure class=\"wp-block-image size-large\"><img loading=\"lazy\" decoding=\"async\" width=\"1024\" height=\"682\" data-id=\"195492\" src=\"https:\/\/elotroenfoque.mx\/wp-content\/uploads\/2026\/09\/hermana3-1024x682.jpg\" alt=\"\" class=\"wp-image-195492\" srcset=\"https:\/\/elotroenfoque.mx\/wp-content\/uploads\/2026\/09\/hermana3-1024x682.jpg 1024w, https:\/\/elotroenfoque.mx\/wp-content\/uploads\/2026\/09\/hermana3-300x200.jpg 300w, https:\/\/elotroenfoque.mx\/wp-content\/uploads\/2026\/09\/hermana3-767x511.jpg 767w, https:\/\/elotroenfoque.mx\/wp-content\/uploads\/2026\/09\/hermana3-1536x1023.jpg 1536w, https:\/\/elotroenfoque.mx\/wp-content\/uploads\/2026\/09\/hermana3-600x400.jpg 600w, https:\/\/elotroenfoque.mx\/wp-content\/uploads\/2026\/09\/hermana3.jpg 1600w\" sizes=\"auto, (max-width: 1024px) 100vw, 1024px\" \/><\/figure>\n<\/figure>\n\n\n\n<p class=\"wp-block-paragraph\">Antes de llegar al Senado, Rodr\u00edguez Vallejo se desempe\u00f1\u00f3 como secretaria para el Fortalecimiento Social del Municipio de Le\u00f3n y posteriormente fue diputada federal por Guanajuato durante la LXV Legislatura.<\/p>\n\n\n\n<p class=\"wp-block-paragraph\">Como legisladora federal, particip\u00f3 en comisiones relacionadas con fiscalizaci\u00f3n, presupuesto y juventud, entre otros espacios de trabajo parlamentario.<\/p>\n\n\n\n<p class=\"wp-block-paragraph\">Con su incorporaci\u00f3n al Senado de la Rep\u00fablica, Alma Cristina Rodr\u00edguez Vallejo fortalece la representaci\u00f3n de Guanajuato dentro del Grupo Parlamentario del PAN y se integra formalmente a los trabajos de la C\u00e1mara Alta.<\/p>\n","protected":false},"excerpt":{"rendered":"<p>Alma Cristina Rodr\u00edguez Vallejo hermana del exgobernador saliente de Guanajuato, Diego Sinhue, rindi\u00f3 protesta como senadora de la Rep\u00fablica por Acci\u00f3n Nacional, en calidad de suplente de la senadora Karen Michel Gonz\u00e1lez M\u00e1rquez, para incorporarse a los trabajos legislativos de la C\u00e1mara Alta. Durante la sesi\u00f3n del Pleno, Rodr\u00edguez Vallejo realiz\u00f3 la protesta de ley&#8230;<\/p>\n","protected":false},"author":4,"featured_media":195489,"comment_status":"closed","ping_status":"open","sticky":false,"template":"","format":"standard","meta":{"footnotes":""},"categories":[2],"tags":[13,4517],"class_list":["post-195488","post","type-post","status-publish","format-standard","has-post-thumbnail","hentry","category-noticias","tag-guanajuato","tag-noticias-guanajuato"],"yoast_head":"<!-- This site is optimized with the Yoast SEO plugin v28.2 - https:\/\/yoast.com\/product\/yoast-seo-wordpress\/ -->\n<title>Hermana de exgobernador de Guanajuato rinde protesta como senadora de la Rep\u00fablica - El otro enfoque<\/title>\n<meta name=\"description\" content=\"Hermana de exgobernador de Guanajuato rindi\u00f3 protesta como senadora de la Rep\u00fablica y se incorpor\u00f3 al Grupo Parlamentario del PAN\" \/>\n<meta name=\"robots\" content=\"index, follow, max-snippet:-1, max-image-preview:large, max-video-preview:-1\" \/>\n<link rel=\"canonical\" href=\"https:\/\/elotroenfoque.mx\/index.php\/2026\/09\/02\/hermana-de-exgobernador-de-guanajuato-rinde-protesta-como-senadora-de-la-republica\/\" \/>\n<meta property=\"og:locale\" content=\"es_MX\" \/>\n<meta property=\"og:type\" content=\"article\" \/>\n<meta property=\"og:title\" content=\"Hermana de exgobernador de Guanajuato rinde protesta como senadora de la Rep\u00fablica - El otro enfoque\" \/>\n<meta property=\"og:description\" content=\"Hermana de exgobernador de Guanajuato rindi\u00f3 protesta como senadora de la Rep\u00fablica y se incorpor\u00f3 al Grupo Parlamentario del PAN\" \/>\n<meta property=\"og:url\" content=\"https:\/\/elotroenfoque.mx\/index.php\/2026\/09\/02\/hermana-de-exgobernador-de-guanajuato-rinde-protesta-como-senadora-de-la-republica\/\" \/>\n<meta property=\"og:site_name\" content=\"El otro enfoque\" \/>\n<meta property=\"article:published_time\" content=\"2026-09-03T05:24:56+00:00\" \/>\n<meta property=\"article:modified_time\" content=\"2026-09-03T05:24:57+00:00\" \/>\n<meta property=\"og:image\" content=\"https:\/\/elotroenfoque.mx\/wp-content\/uploads\/2026\/09\/hermana.jpg\" \/>\n\t<meta property=\"og:image:width\" content=\"1600\" \/>\n\t<meta property=\"og:image:height\" content=\"1200\" \/>\n\t<meta property=\"og:image:type\" content=\"image\/jpeg\" \/>\n<meta name=\"author\" content=\"Equipo Redaccion\" \/>\n<meta name=\"twitter:card\" content=\"summary_large_image\" \/>\n<meta name=\"twitter:label1\" content=\"Escrito por\" \/>\n\t<meta name=\"twitter:data1\" content=\"Equipo Redaccion\" \/>\n\t<meta name=\"twitter:label2\" content=\"Tiempo de lectura\" \/>\n\t<meta name=\"twitter:data2\" content=\"2 minutos\" \/>\n<script type=\"application\/ld+json\" class=\"yoast-schema-graph\">{\"@context\":\"https:\\\/\\\/schema.org\",\"@graph\":[{\"@type\":\"Article\",\"@id\":\"https:\\\/\\\/elotroenfoque.mx\\\/index.php\\\/2026\\\/09\\\/02\\\/hermana-de-exgobernador-de-guanajuato-rinde-protesta-como-senadora-de-la-republica\\\/#article\",\"isPartOf\":{\"@id\":\"https:\\\/\\\/elotroenfoque.mx\\\/index.php\\\/2026\\\/09\\\/02\\\/hermana-de-exgobernador-de-guanajuato-rinde-protesta-como-senadora-de-la-republica\\\/\"},\"author\":{\"name\":\"Equipo Redaccion\",\"@id\":\"https:\\\/\\\/elotroenfoque.mx\\\/#\\\/schema\\\/person\\\/8eb322f84d0bd9f337e462905519a1ae\"},\"headline\":\"Hermana de exgobernador de Guanajuato rinde protesta como senadora de la Rep\u00fablica\",\"datePublished\":\"2026-09-03T05:24:56+00:00\",\"dateModified\":\"2026-09-03T05:24:57+00:00\",\"mainEntityOfPage\":{\"@id\":\"https:\\\/\\\/elotroenfoque.mx\\\/index.php\\\/2026\\\/09\\\/02\\\/hermana-de-exgobernador-de-guanajuato-rinde-protesta-como-senadora-de-la-republica\\\/\"},\"wordCount\":233,\"image\":{\"@id\":\"https:\\\/\\\/elotroenfoque.mx\\\/index.php\\\/2026\\\/09\\\/02\\\/hermana-de-exgobernador-de-guanajuato-rinde-protesta-como-senadora-de-la-republica\\\/#primaryimage\"},\"thumbnailUrl\":\"https:\\\/\\\/elotroenfoque.mx\\\/wp-content\\\/uploads\\\/2026\\\/09\\\/hermana.jpg\",\"keywords\":[\"Guanajuato\",\"Noticias Guanajuato\"],\"articleSection\":[\"Noticias\"],\"inLanguage\":\"es\"},{\"@type\":\"WebPage\",\"@id\":\"https:\\\/\\\/elotroenfoque.mx\\\/index.php\\\/2026\\\/09\\\/02\\\/hermana-de-exgobernador-de-guanajuato-rinde-protesta-como-senadora-de-la-republica\\\/\",\"url\":\"https:\\\/\\\/elotroenfoque.mx\\\/index.php\\\/2026\\\/09\\\/02\\\/hermana-de-exgobernador-de-guanajuato-rinde-protesta-como-senadora-de-la-republica\\\/\",\"name\":\"Hermana de exgobernador de Guanajuato rinde protesta como senadora de la Rep\u00fablica - El otro enfoque\",\"isPartOf\":{\"@id\":\"https:\\\/\\\/elotroenfoque.mx\\\/#website\"},\"primaryImageOfPage\":{\"@id\":\"https:\\\/\\\/elotroenfoque.mx\\\/index.php\\\/2026\\\/09\\\/02\\\/hermana-de-exgobernador-de-guanajuato-rinde-protesta-como-senadora-de-la-republica\\\/#primaryimage\"},\"image\":{\"@id\":\"https:\\\/\\\/elotroenfoque.mx\\\/index.php\\\/2026\\\/09\\\/02\\\/hermana-de-exgobernador-de-guanajuato-rinde-protesta-como-senadora-de-la-republica\\\/#primaryimage\"},\"thumbnailUrl\":\"https:\\\/\\\/elotroenfoque.mx\\\/wp-content\\\/uploads\\\/2026\\\/09\\\/hermana.jpg\",\"datePublished\":\"2026-09-03T05:24:56+00:00\",\"dateModified\":\"2026-09-03T05:24:57+00:00\",\"author\":{\"@id\":\"https:\\\/\\\/elotroenfoque.mx\\\/#\\\/schema\\\/person\\\/8eb322f84d0bd9f337e462905519a1ae\"},\"description\":\"Hermana de exgobernador de Guanajuato rindi\u00f3 protesta como senadora de la Rep\u00fablica y se incorpor\u00f3 al Grupo Parlamentario del PAN\",\"breadcrumb\":{\"@id\":\"https:\\\/\\\/elotroenfoque.mx\\\/index.php\\\/2026\\\/09\\\/02\\\/hermana-de-exgobernador-de-guanajuato-rinde-protesta-como-senadora-de-la-republica\\\/#breadcrumb\"},\"inLanguage\":\"es\",\"potentialAction\":[{\"@type\":\"ReadAction\",\"target\":[\"https:\\\/\\\/elotroenfoque.mx\\\/index.php\\\/2026\\\/09\\\/02\\\/hermana-de-exgobernador-de-guanajuato-rinde-protesta-como-senadora-de-la-republica\\\/\"]}]},{\"@type\":\"ImageObject\",\"inLanguage\":\"es\",\"@id\":\"https:\\\/\\\/elotroenfoque.mx\\\/index.php\\\/2026\\\/09\\\/02\\\/hermana-de-exgobernador-de-guanajuato-rinde-protesta-como-senadora-de-la-republica\\\/#primaryimage\",\"url\":\"https:\\\/\\\/elotroenfoque.mx\\\/wp-content\\\/uploads\\\/2026\\\/09\\\/hermana.jpg\",\"contentUrl\":\"https:\\\/\\\/elotroenfoque.mx\\\/wp-content\\\/uploads\\\/2026\\\/09\\\/hermana.jpg\",\"width\":1600,\"height\":1200,\"caption\":\"Hermana de exgobernador saliente de Guanajuato.\"},{\"@type\":\"BreadcrumbList\",\"@id\":\"https:\\\/\\\/elotroenfoque.mx\\\/index.php\\\/2026\\\/09\\\/02\\\/hermana-de-exgobernador-de-guanajuato-rinde-protesta-como-senadora-de-la-republica\\\/#breadcrumb\",\"itemListElement\":[{\"@type\":\"ListItem\",\"position\":1,\"name\":\"Portada\",\"item\":\"https:\\\/\\\/elotroenfoque.mx\\\/\"},{\"@type\":\"ListItem\",\"position\":2,\"name\":\"Hermana de exgobernador de Guanajuato rinde protesta como senadora de la Rep\u00fablica\"}]},{\"@type\":\"WebSite\",\"@id\":\"https:\\\/\\\/elotroenfoque.mx\\\/#website\",\"url\":\"https:\\\/\\\/elotroenfoque.mx\\\/\",\"name\":\"El otro enfoque\",\"description\":\"\",\"potentialAction\":[{\"@type\":\"SearchAction\",\"target\":{\"@type\":\"EntryPoint\",\"urlTemplate\":\"https:\\\/\\\/elotroenfoque.mx\\\/?s={search_term_string}\"},\"query-input\":{\"@type\":\"PropertyValueSpecification\",\"valueRequired\":true,\"valueName\":\"search_term_string\"}}],\"inLanguage\":\"es\"},{\"@type\":\"Person\",\"@id\":\"https:\\\/\\\/elotroenfoque.mx\\\/#\\\/schema\\\/person\\\/8eb322f84d0bd9f337e462905519a1ae\",\"name\":\"Equipo Redaccion\",\"image\":{\"@type\":\"ImageObject\",\"inLanguage\":\"es\",\"@id\":\"https:\\\/\\\/secure.gravatar.com\\\/avatar\\\/3579478e2b4e7aad364a32b26cf744b360ae0e581ee1cd0cb18a8f239ee49ac4?s=96&d=mm&r=g\",\"url\":\"https:\\\/\\\/secure.gravatar.com\\\/avatar\\\/3579478e2b4e7aad364a32b26cf744b360ae0e581ee1cd0cb18a8f239ee49ac4?s=96&d=mm&r=g\",\"contentUrl\":\"https:\\\/\\\/secure.gravatar.com\\\/avatar\\\/3579478e2b4e7aad364a32b26cf744b360ae0e581ee1cd0cb18a8f239ee49ac4?s=96&d=mm&r=g\",\"caption\":\"Equipo Redaccion\"},\"url\":\"https:\\\/\\\/elotroenfoque.mx\\\/index.php\\\/author\\\/redaccion\\\/\"}]}<\/script>\n<!-- \/ Yoast SEO plugin. -->","yoast_head_json":{"title":"Hermana de exgobernador de Guanajuato rinde protesta como senadora de la Rep\u00fablica - El otro enfoque","description":"Hermana de exgobernador de Guanajuato rindi\u00f3 protesta como senadora de la Rep\u00fablica y se incorpor\u00f3 al Grupo Parlamentario del PAN","robots":{"index":"index","follow":"follow","max-snippet":"max-snippet:-1","max-image-preview":"max-image-preview:large","max-video-preview":"max-video-preview:-1"},"canonical":"https:\/\/elotroenfoque.mx\/index.php\/2026\/09\/02\/hermana-de-exgobernador-de-guanajuato-rinde-protesta-como-senadora-de-la-republica\/","og_locale":"es_MX","og_type":"article","og_title":"Hermana de exgobernador de Guanajuato rinde protesta como senadora de la Rep\u00fablica - El otro enfoque","og_description":"Hermana de exgobernador de Guanajuato rindi\u00f3 protesta como senadora de la Rep\u00fablica y se incorpor\u00f3 al Grupo Parlamentario del PAN","og_url":"https:\/\/elotroenfoque.mx\/index.php\/2026\/09\/02\/hermana-de-exgobernador-de-guanajuato-rinde-protesta-como-senadora-de-la-republica\/","og_site_name":"El otro enfoque","article_published_time":"2026-09-03T05:24:56+00:00","article_modified_time":"2026-09-03T05:24:57+00:00","og_image":[{"width":1600,"height":1200,"url":"https:\/\/elotroenfoque.mx\/wp-content\/uploads\/2026\/09\/hermana.jpg","type":"image\/jpeg"}],"author":"Equipo Redaccion","twitter_card":"summary_large_image","twitter_misc":{"Escrito por":"Equipo Redaccion","Tiempo de lectura":"2 minutos"},"schema":{"@context":"https:\/\/schema.org","@graph":[{"@type":"Article","@id":"https:\/\/elotroenfoque.mx\/index.php\/2026\/09\/02\/hermana-de-exgobernador-de-guanajuato-rinde-protesta-como-senadora-de-la-republica\/#article","isPartOf":{"@id":"https:\/\/elotroenfoque.mx\/index.php\/2026\/09\/02\/hermana-de-exgobernador-de-guanajuato-rinde-protesta-como-senadora-de-la-republica\/"},"author":{"name":"Equipo Redaccion","@id":"https:\/\/elotroenfoque.mx\/#\/schema\/person\/8eb322f84d0bd9f337e462905519a1ae"},"headline":"Hermana de exgobernador de Guanajuato rinde protesta como senadora de la Rep\u00fablica","datePublished":"2026-09-03T05:24:56+00:00","dateModified":"2026-09-03T05:24:57+00:00","mainEntityOfPage":{"@id":"https:\/\/elotroenfoque.mx\/index.php\/2026\/09\/02\/hermana-de-exgobernador-de-guanajuato-rinde-protesta-como-senadora-de-la-republica\/"},"wordCount":233,"image":{"@id":"https:\/\/elotroenfoque.mx\/index.php\/2026\/09\/02\/hermana-de-exgobernador-de-guanajuato-rinde-protesta-como-senadora-de-la-republica\/#primaryimage"},"thumbnailUrl":"https:\/\/elotroenfoque.mx\/wp-content\/uploads\/2026\/09\/hermana.jpg","keywords":["Guanajuato","Noticias Guanajuato"],"articleSection":["Noticias"],"inLanguage":"es"},{"@type":"WebPage","@id":"https:\/\/elotroenfoque.mx\/index.php\/2026\/09\/02\/hermana-de-exgobernador-de-guanajuato-rinde-protesta-como-senadora-de-la-republica\/","url":"https:\/\/elotroenfoque.mx\/index.php\/2026\/09\/02\/hermana-de-exgobernador-de-guanajuato-rinde-protesta-como-senadora-de-la-republica\/","name":"Hermana de exgobernador de Guanajuato rinde protesta como senadora de la Rep\u00fablica - El otro enfoque","isPartOf":{"@id":"https:\/\/elotroenfoque.mx\/#website"},"primaryImageOfPage":{"@id":"https:\/\/elotroenfoque.mx\/index.php\/2026\/09\/02\/hermana-de-exgobernador-de-guanajuato-rinde-protesta-como-senadora-de-la-republica\/#primaryimage"},"image":{"@id":"https:\/\/elotroenfoque.mx\/index.php\/2026\/09\/02\/hermana-de-exgobernador-de-guanajuato-rinde-protesta-como-senadora-de-la-republica\/#primaryimage"},"thumbnailUrl":"https:\/\/elotroenfoque.mx\/wp-content\/uploads\/2026\/09\/hermana.jpg","datePublished":"2026-09-03T05:24:56+00:00","dateModified":"2026-09-03T05:24:57+00:00","author":{"@id":"https:\/\/elotroenfoque.mx\/#\/schema\/person\/8eb322f84d0bd9f337e462905519a1ae"},"description":"Hermana de exgobernador de Guanajuato rindi\u00f3 protesta como senadora de la Rep\u00fablica y se incorpor\u00f3 al Grupo Parlamentario del PAN","breadcrumb":{"@id":"https:\/\/elotroenfoque.mx\/index.php\/2026\/09\/02\/hermana-de-exgobernador-de-guanajuato-rinde-protesta-como-senadora-de-la-republica\/#breadcrumb"},"inLanguage":"es","potentialAction":[{"@type":"ReadAction","target":["https:\/\/elotroenfoque.mx\/index.php\/2026\/09\/02\/hermana-de-exgobernador-de-guanajuato-rinde-protesta-como-senadora-de-la-republica\/"]}]},{"@type":"ImageObject","inLanguage":"es","@id":"https:\/\/elotroenfoque.mx\/index.php\/2026\/09\/02\/hermana-de-exgobernador-de-guanajuato-rinde-protesta-como-senadora-de-la-republica\/#primaryimage","url":"https:\/\/elotroenfoque.mx\/wp-content\/uploads\/2026\/09\/hermana.jpg","contentUrl":"https:\/\/elotroenfoque.mx\/wp-content\/uploads\/2026\/09\/hermana.jpg","width":1600,"height":1200,"caption":"Hermana de exgobernador saliente de Guanajuato."},{"@type":"BreadcrumbList","@id":"https:\/\/elotroenfoque.mx\/index.php\/2026\/09\/02\/hermana-de-exgobernador-de-guanajuato-rinde-protesta-como-senadora-de-la-republica\/#breadcrumb","itemListElement":[{"@type":"ListItem","position":1,"name":"Portada","item":"https:\/\/elotroenfoque.mx\/"},{"@type":"ListItem","position":2,"name":"Hermana de exgobernador de Guanajuato rinde protesta como senadora de la Rep\u00fablica"}]},{"@type":"WebSite","@id":"https:\/\/elotroenfoque.mx\/#website","url":"https:\/\/elotroenfoque.mx\/","name":"El otro enfoque","description":"","potentialAction":[{"@type":"SearchAction","target":{"@type":"EntryPoint","urlTemplate":"https:\/\/elotroenfoque.mx\/?s={search_term_string}"},"query-input":{"@type":"PropertyValueSpecification","valueRequired":true,"valueName":"search_term_string"}}],"inLanguage":"es"},{"@type":"Person","@id":"https:\/\/elotroenfoque.mx\/#\/schema\/person\/8eb322f84d0bd9f337e462905519a1ae","name":"Equipo Redaccion","image":{"@type":"ImageObject","inLanguage":"es","@id":"https:\/\/secure.gravatar.com\/avatar\/3579478e2b4e7aad364a32b26cf744b360ae0e581ee1cd0cb18a8f239ee49ac4?s=96&d=mm&r=g","url":"https:\/\/secure.gravatar.com\/avatar\/3579478e2b4e7aad364a32b26cf744b360ae0e581ee1cd0cb18a8f239ee49ac4?s=96&d=mm&r=g","contentUrl":"https:\/\/secure.gravatar.com\/avatar\/3579478e2b4e7aad364a32b26cf744b360ae0e581ee1cd0cb18a8f239ee49ac4?s=96&d=mm&r=g","caption":"Equipo Redaccion"},"url":"https:\/\/elotroenfoque.mx\/index.php\/author\/redaccion\/"}]}},"_links":{"self":[{"href":"https:\/\/elotroenfoque.mx\/index.php\/wp-json\/wp\/v2\/posts\/195488","targetHints":{"allow":["GET"]}}],"collection":[{"href":"https:\/\/elotroenfoque.mx\/index.php\/wp-json\/wp\/v2\/posts"}],"about":[{"href":"https:\/\/elotroenfoque.mx\/index.php\/wp-json\/wp\/v2\/types\/post"}],"author":[{"embeddable":true,"href":"https:\/\/elotroenfoque.mx\/index.php\/wp-json\/wp\/v2\/users\/4"}],"replies":[{"embeddable":true,"href":"https:\/\/elotroenfoque.mx\/index.php\/wp-json\/wp\/v2\/comments?post=195488"}],"version-history":[{"count":1,"href":"https:\/\/elotroenfoque.mx\/index.php\/wp-json\/wp\/v2\/posts\/195488\/revisions"}],"predecessor-version":[{"id":195493,"href":"https:\/\/elotroenfoque.mx\/index.php\/wp-json\/wp\/v2\/posts\/195488\/revisions\/195493"}],"wp:featuredmedia":[{"embeddable":true,"href":"https:\/\/elotroenfoque.mx\/index.php\/wp-json\/wp\/v2\/media\/195489"}],"wp:attachment":[{"href":"https:\/\/elotroenfoque.mx\/index.php\/wp-json\/wp\/v2\/media?parent=195488"}],"wp:term":[{"taxonomy":"category","embeddable":true,"href":"https:\/\/elotroenfoque.mx\/index.php\/wp-json\/wp\/v2\/categories?post=195488"},{"taxonomy":"post_tag","embeddable":true,"href":"https:\/\/elotroenfoque.mx\/index.php\/wp-json\/wp\/v2\/tags?post=195488"}],"curies":[{"name":"wp","href":"https:\/\/api.w.org\/{rel}","templated":true}]}}