{"id":195494,"date":"2026-09-02T23:40:44","date_gmt":"2026-09-03T05:40:44","guid":{"rendered":"https:\/\/elotroenfoque.mx\/?p=195494"},"modified":"2026-09-02T23:40:45","modified_gmt":"2026-09-03T05:40:45","slug":"en-ataque-armado-mueren-dos-mujeres-y-un-hombre-en-san-francisco-del-rincon","status":"publish","type":"post","link":"https:\/\/elotroenfoque.mx\/index.php\/2026\/09\/02\/en-ataque-armado-mueren-dos-mujeres-y-un-hombre-en-san-francisco-del-rincon\/","title":{"rendered":"En ataque armado mueren dos mujeres y un hombre en San Francisco del Rinc\u00f3n"},"content":{"rendered":"\n<p class=\"wp-block-paragraph\">Dos mujeres y un hombre perdieron la vida durante un ataque armado registrado la noche de este mi\u00e9rcoles en la colonia el Barrio del Llano, en San Francisco del Rinc\u00f3n.<\/p>\n\n\n\n<p class=\"wp-block-paragraph\">La agresi\u00f3n ocurri\u00f3 sobre la calle San Luis, esquina con Chihuahua, en la colonia El Barrio del Llano, donde vecinos alertaron a las autoridades sobre un ataque con armas de fuego.<\/p>\n\n\n\n<p class=\"wp-block-paragraph\">Elementos de los servicios de emergencia acudieron al lugar y localizaron a las tres v\u00edctimas con heridas producidas por arma de fuego. Tras realizar la valoraci\u00f3n correspondiente, confirmaron que ninguna de ellas contaba con signos vitales.<\/p>\n\n\n\n<p class=\"wp-block-paragraph\">Autoridades resguardan la zona<\/p>\n\n\n\n<p class=\"wp-block-paragraph\">Elementos de la Polic\u00eda acudieron al sitio y procedieron a resguardar la zona, mientras se esperaba la llegada de personal de la Fiscal\u00eda para llevar a cabo las diligencias correspondientes.<\/p>\n\n\n\n<p class=\"wp-block-paragraph\">Posteriormente, peritos de la Fiscal\u00eda realizaron las labores necesarias para el procesamiento del lugar y el levantamiento de indicios que permitan esclarecer lo ocurrido.<\/p>\n\n\n\n<p class=\"wp-block-paragraph\">Tambi\u00e9n lee:\u00a0<strong><a href=\"https:\/\/elotroenfoque.mx\/index.php\/2026\/08\/31\/presenta-libia-dennise-plataforma-de-salud-en-guanajuato\/\">Presenta Libia Dennise plataforma de salud en Guanajuato<\/a><\/strong><\/p>\n\n\n\n<p class=\"wp-block-paragraph\">Hasta el momento, no se reportan personas detenidas por este ataque.<\/p>\n\n\n\n<p class=\"wp-block-paragraph\"><strong><a href=\"https:\/\/www.tiktok.com\/@elotroenfoque?_r=1&amp;_t=ZS-97ffhW6kR1t\">Sigue tambi\u00e9n las noticias en TikTok<\/a><\/strong><\/p>\n","protected":false},"excerpt":{"rendered":"<p>Dos mujeres y un hombre perdieron la vida durante un ataque armado registrado la noche de este mi\u00e9rcoles en la colonia el Barrio del Llano, en San Francisco del Rinc\u00f3n. La agresi\u00f3n ocurri\u00f3 sobre la calle San Luis, esquina con Chihuahua, en la colonia El Barrio del Llano, donde vecinos alertaron a las autoridades sobre&#8230;<\/p>\n","protected":false},"author":4,"featured_media":195496,"comment_status":"closed","ping_status":"open","sticky":false,"template":"","format":"standard","meta":{"footnotes":""},"categories":[8],"tags":[13,4517],"class_list":["post-195494","post","type-post","status-publish","format-standard","has-post-thumbnail","hentry","category-desenfoques","tag-guanajuato","tag-noticias-guanajuato"],"yoast_head":"<!-- This site is optimized with the Yoast SEO plugin v28.2 - https:\/\/yoast.com\/product\/yoast-seo-wordpress\/ -->\n<title>En ataque armado mueren dos mujeres y un hombre en San Francisco del Rinc\u00f3n - El otro enfoque<\/title>\n<meta name=\"description\" content=\"Dos mujeres y un hombre murieron tras un ataque armado registrado en la calle San Luis, en el Barrio del Llano.\" \/>\n<meta name=\"robots\" content=\"index, follow, max-snippet:-1, max-image-preview:large, max-video-preview:-1\" \/>\n<link rel=\"canonical\" href=\"https:\/\/elotroenfoque.mx\/index.php\/2026\/09\/02\/en-ataque-armado-mueren-dos-mujeres-y-un-hombre-en-san-francisco-del-rincon\/\" \/>\n<meta property=\"og:locale\" content=\"es_MX\" \/>\n<meta property=\"og:type\" content=\"article\" \/>\n<meta property=\"og:title\" content=\"En ataque armado mueren dos mujeres y un hombre en San Francisco del Rinc\u00f3n - El otro enfoque\" \/>\n<meta property=\"og:description\" content=\"Dos mujeres y un hombre murieron tras un ataque armado registrado en la calle San Luis, en el Barrio del Llano.\" \/>\n<meta property=\"og:url\" content=\"https:\/\/elotroenfoque.mx\/index.php\/2026\/09\/02\/en-ataque-armado-mueren-dos-mujeres-y-un-hombre-en-san-francisco-del-rincon\/\" \/>\n<meta property=\"og:site_name\" content=\"El otro enfoque\" \/>\n<meta property=\"article:published_time\" content=\"2026-09-03T05:40:44+00:00\" \/>\n<meta property=\"article:modified_time\" content=\"2026-09-03T05:40:45+00:00\" \/>\n<meta property=\"og:image\" content=\"https:\/\/elotroenfoque.mx\/wp-content\/uploads\/2026\/09\/noche.jpg\" \/>\n\t<meta property=\"og:image:width\" content=\"1480\" \/>\n\t<meta property=\"og:image:height\" content=\"1063\" \/>\n\t<meta property=\"og:image:type\" content=\"image\/jpeg\" \/>\n<meta name=\"author\" content=\"Equipo Redaccion\" \/>\n<meta name=\"twitter:card\" content=\"summary_large_image\" \/>\n<meta name=\"twitter:label1\" content=\"Escrito por\" \/>\n\t<meta name=\"twitter:data1\" content=\"Equipo Redaccion\" \/>\n\t<meta name=\"twitter:label2\" content=\"Tiempo de lectura\" \/>\n\t<meta name=\"twitter:data2\" content=\"2 minutos\" \/>\n<script type=\"application\/ld+json\" class=\"yoast-schema-graph\">{\"@context\":\"https:\\\/\\\/schema.org\",\"@graph\":[{\"@type\":\"Article\",\"@id\":\"https:\\\/\\\/elotroenfoque.mx\\\/index.php\\\/2026\\\/09\\\/02\\\/en-ataque-armado-mueren-dos-mujeres-y-un-hombre-en-san-francisco-del-rincon\\\/#article\",\"isPartOf\":{\"@id\":\"https:\\\/\\\/elotroenfoque.mx\\\/index.php\\\/2026\\\/09\\\/02\\\/en-ataque-armado-mueren-dos-mujeres-y-un-hombre-en-san-francisco-del-rincon\\\/\"},\"author\":{\"name\":\"Equipo Redaccion\",\"@id\":\"https:\\\/\\\/elotroenfoque.mx\\\/#\\\/schema\\\/person\\\/8eb322f84d0bd9f337e462905519a1ae\"},\"headline\":\"En ataque armado mueren dos mujeres y un hombre en San Francisco del Rinc\u00f3n\",\"datePublished\":\"2026-09-03T05:40:44+00:00\",\"dateModified\":\"2026-09-03T05:40:45+00:00\",\"mainEntityOfPage\":{\"@id\":\"https:\\\/\\\/elotroenfoque.mx\\\/index.php\\\/2026\\\/09\\\/02\\\/en-ataque-armado-mueren-dos-mujeres-y-un-hombre-en-san-francisco-del-rincon\\\/\"},\"wordCount\":207,\"image\":{\"@id\":\"https:\\\/\\\/elotroenfoque.mx\\\/index.php\\\/2026\\\/09\\\/02\\\/en-ataque-armado-mueren-dos-mujeres-y-un-hombre-en-san-francisco-del-rincon\\\/#primaryimage\"},\"thumbnailUrl\":\"https:\\\/\\\/elotroenfoque.mx\\\/wp-content\\\/uploads\\\/2026\\\/09\\\/noche.jpg\",\"keywords\":[\"Guanajuato\",\"Noticias Guanajuato\"],\"articleSection\":[\"Desenfoques\"],\"inLanguage\":\"es\"},{\"@type\":\"WebPage\",\"@id\":\"https:\\\/\\\/elotroenfoque.mx\\\/index.php\\\/2026\\\/09\\\/02\\\/en-ataque-armado-mueren-dos-mujeres-y-un-hombre-en-san-francisco-del-rincon\\\/\",\"url\":\"https:\\\/\\\/elotroenfoque.mx\\\/index.php\\\/2026\\\/09\\\/02\\\/en-ataque-armado-mueren-dos-mujeres-y-un-hombre-en-san-francisco-del-rincon\\\/\",\"name\":\"En ataque armado mueren dos mujeres y un hombre en San Francisco del Rinc\u00f3n - El otro enfoque\",\"isPartOf\":{\"@id\":\"https:\\\/\\\/elotroenfoque.mx\\\/#website\"},\"primaryImageOfPage\":{\"@id\":\"https:\\\/\\\/elotroenfoque.mx\\\/index.php\\\/2026\\\/09\\\/02\\\/en-ataque-armado-mueren-dos-mujeres-y-un-hombre-en-san-francisco-del-rincon\\\/#primaryimage\"},\"image\":{\"@id\":\"https:\\\/\\\/elotroenfoque.mx\\\/index.php\\\/2026\\\/09\\\/02\\\/en-ataque-armado-mueren-dos-mujeres-y-un-hombre-en-san-francisco-del-rincon\\\/#primaryimage\"},\"thumbnailUrl\":\"https:\\\/\\\/elotroenfoque.mx\\\/wp-content\\\/uploads\\\/2026\\\/09\\\/noche.jpg\",\"datePublished\":\"2026-09-03T05:40:44+00:00\",\"dateModified\":\"2026-09-03T05:40:45+00:00\",\"author\":{\"@id\":\"https:\\\/\\\/elotroenfoque.mx\\\/#\\\/schema\\\/person\\\/8eb322f84d0bd9f337e462905519a1ae\"},\"description\":\"Dos mujeres y un hombre murieron tras un ataque armado registrado en la calle San Luis, en el Barrio del Llano.\",\"breadcrumb\":{\"@id\":\"https:\\\/\\\/elotroenfoque.mx\\\/index.php\\\/2026\\\/09\\\/02\\\/en-ataque-armado-mueren-dos-mujeres-y-un-hombre-en-san-francisco-del-rincon\\\/#breadcrumb\"},\"inLanguage\":\"es\",\"potentialAction\":[{\"@type\":\"ReadAction\",\"target\":[\"https:\\\/\\\/elotroenfoque.mx\\\/index.php\\\/2026\\\/09\\\/02\\\/en-ataque-armado-mueren-dos-mujeres-y-un-hombre-en-san-francisco-del-rincon\\\/\"]}]},{\"@type\":\"ImageObject\",\"inLanguage\":\"es\",\"@id\":\"https:\\\/\\\/elotroenfoque.mx\\\/index.php\\\/2026\\\/09\\\/02\\\/en-ataque-armado-mueren-dos-mujeres-y-un-hombre-en-san-francisco-del-rincon\\\/#primaryimage\",\"url\":\"https:\\\/\\\/elotroenfoque.mx\\\/wp-content\\\/uploads\\\/2026\\\/09\\\/noche.jpg\",\"contentUrl\":\"https:\\\/\\\/elotroenfoque.mx\\\/wp-content\\\/uploads\\\/2026\\\/09\\\/noche.jpg\",\"width\":1480,\"height\":1063,\"caption\":\"Ataque armado en San Francisco cobra tres vidas\"},{\"@type\":\"BreadcrumbList\",\"@id\":\"https:\\\/\\\/elotroenfoque.mx\\\/index.php\\\/2026\\\/09\\\/02\\\/en-ataque-armado-mueren-dos-mujeres-y-un-hombre-en-san-francisco-del-rincon\\\/#breadcrumb\",\"itemListElement\":[{\"@type\":\"ListItem\",\"position\":1,\"name\":\"Portada\",\"item\":\"https:\\\/\\\/elotroenfoque.mx\\\/\"},{\"@type\":\"ListItem\",\"position\":2,\"name\":\"En ataque armado mueren dos mujeres y un hombre en San Francisco del Rinc\u00f3n\"}]},{\"@type\":\"WebSite\",\"@id\":\"https:\\\/\\\/elotroenfoque.mx\\\/#website\",\"url\":\"https:\\\/\\\/elotroenfoque.mx\\\/\",\"name\":\"El otro enfoque\",\"description\":\"\",\"potentialAction\":[{\"@type\":\"SearchAction\",\"target\":{\"@type\":\"EntryPoint\",\"urlTemplate\":\"https:\\\/\\\/elotroenfoque.mx\\\/?s={search_term_string}\"},\"query-input\":{\"@type\":\"PropertyValueSpecification\",\"valueRequired\":true,\"valueName\":\"search_term_string\"}}],\"inLanguage\":\"es\"},{\"@type\":\"Person\",\"@id\":\"https:\\\/\\\/elotroenfoque.mx\\\/#\\\/schema\\\/person\\\/8eb322f84d0bd9f337e462905519a1ae\",\"name\":\"Equipo Redaccion\",\"image\":{\"@type\":\"ImageObject\",\"inLanguage\":\"es\",\"@id\":\"https:\\\/\\\/secure.gravatar.com\\\/avatar\\\/3579478e2b4e7aad364a32b26cf744b360ae0e581ee1cd0cb18a8f239ee49ac4?s=96&d=mm&r=g\",\"url\":\"https:\\\/\\\/secure.gravatar.com\\\/avatar\\\/3579478e2b4e7aad364a32b26cf744b360ae0e581ee1cd0cb18a8f239ee49ac4?s=96&d=mm&r=g\",\"contentUrl\":\"https:\\\/\\\/secure.gravatar.com\\\/avatar\\\/3579478e2b4e7aad364a32b26cf744b360ae0e581ee1cd0cb18a8f239ee49ac4?s=96&d=mm&r=g\",\"caption\":\"Equipo Redaccion\"},\"url\":\"https:\\\/\\\/elotroenfoque.mx\\\/index.php\\\/author\\\/redaccion\\\/\"}]}<\/script>\n<!-- \/ Yoast SEO plugin. -->","yoast_head_json":{"title":"En ataque armado mueren dos mujeres y un hombre en San Francisco del Rinc\u00f3n - El otro enfoque","description":"Dos mujeres y un hombre murieron tras un ataque armado registrado en la calle San Luis, en el Barrio del Llano.","robots":{"index":"index","follow":"follow","max-snippet":"max-snippet:-1","max-image-preview":"max-image-preview:large","max-video-preview":"max-video-preview:-1"},"canonical":"https:\/\/elotroenfoque.mx\/index.php\/2026\/09\/02\/en-ataque-armado-mueren-dos-mujeres-y-un-hombre-en-san-francisco-del-rincon\/","og_locale":"es_MX","og_type":"article","og_title":"En ataque armado mueren dos mujeres y un hombre en San Francisco del Rinc\u00f3n - El otro enfoque","og_description":"Dos mujeres y un hombre murieron tras un ataque armado registrado en la calle San Luis, en el Barrio del Llano.","og_url":"https:\/\/elotroenfoque.mx\/index.php\/2026\/09\/02\/en-ataque-armado-mueren-dos-mujeres-y-un-hombre-en-san-francisco-del-rincon\/","og_site_name":"El otro enfoque","article_published_time":"2026-09-03T05:40:44+00:00","article_modified_time":"2026-09-03T05:40:45+00:00","og_image":[{"width":1480,"height":1063,"url":"https:\/\/elotroenfoque.mx\/wp-content\/uploads\/2026\/09\/noche.jpg","type":"image\/jpeg"}],"author":"Equipo Redaccion","twitter_card":"summary_large_image","twitter_misc":{"Escrito por":"Equipo Redaccion","Tiempo de lectura":"2 minutos"},"schema":{"@context":"https:\/\/schema.org","@graph":[{"@type":"Article","@id":"https:\/\/elotroenfoque.mx\/index.php\/2026\/09\/02\/en-ataque-armado-mueren-dos-mujeres-y-un-hombre-en-san-francisco-del-rincon\/#article","isPartOf":{"@id":"https:\/\/elotroenfoque.mx\/index.php\/2026\/09\/02\/en-ataque-armado-mueren-dos-mujeres-y-un-hombre-en-san-francisco-del-rincon\/"},"author":{"name":"Equipo Redaccion","@id":"https:\/\/elotroenfoque.mx\/#\/schema\/person\/8eb322f84d0bd9f337e462905519a1ae"},"headline":"En ataque armado mueren dos mujeres y un hombre en San Francisco del Rinc\u00f3n","datePublished":"2026-09-03T05:40:44+00:00","dateModified":"2026-09-03T05:40:45+00:00","mainEntityOfPage":{"@id":"https:\/\/elotroenfoque.mx\/index.php\/2026\/09\/02\/en-ataque-armado-mueren-dos-mujeres-y-un-hombre-en-san-francisco-del-rincon\/"},"wordCount":207,"image":{"@id":"https:\/\/elotroenfoque.mx\/index.php\/2026\/09\/02\/en-ataque-armado-mueren-dos-mujeres-y-un-hombre-en-san-francisco-del-rincon\/#primaryimage"},"thumbnailUrl":"https:\/\/elotroenfoque.mx\/wp-content\/uploads\/2026\/09\/noche.jpg","keywords":["Guanajuato","Noticias Guanajuato"],"articleSection":["Desenfoques"],"inLanguage":"es"},{"@type":"WebPage","@id":"https:\/\/elotroenfoque.mx\/index.php\/2026\/09\/02\/en-ataque-armado-mueren-dos-mujeres-y-un-hombre-en-san-francisco-del-rincon\/","url":"https:\/\/elotroenfoque.mx\/index.php\/2026\/09\/02\/en-ataque-armado-mueren-dos-mujeres-y-un-hombre-en-san-francisco-del-rincon\/","name":"En ataque armado mueren dos mujeres y un hombre en San Francisco del Rinc\u00f3n - El otro enfoque","isPartOf":{"@id":"https:\/\/elotroenfoque.mx\/#website"},"primaryImageOfPage":{"@id":"https:\/\/elotroenfoque.mx\/index.php\/2026\/09\/02\/en-ataque-armado-mueren-dos-mujeres-y-un-hombre-en-san-francisco-del-rincon\/#primaryimage"},"image":{"@id":"https:\/\/elotroenfoque.mx\/index.php\/2026\/09\/02\/en-ataque-armado-mueren-dos-mujeres-y-un-hombre-en-san-francisco-del-rincon\/#primaryimage"},"thumbnailUrl":"https:\/\/elotroenfoque.mx\/wp-content\/uploads\/2026\/09\/noche.jpg","datePublished":"2026-09-03T05:40:44+00:00","dateModified":"2026-09-03T05:40:45+00:00","author":{"@id":"https:\/\/elotroenfoque.mx\/#\/schema\/person\/8eb322f84d0bd9f337e462905519a1ae"},"description":"Dos mujeres y un hombre murieron tras un ataque armado registrado en la calle San Luis, en el Barrio del Llano.","breadcrumb":{"@id":"https:\/\/elotroenfoque.mx\/index.php\/2026\/09\/02\/en-ataque-armado-mueren-dos-mujeres-y-un-hombre-en-san-francisco-del-rincon\/#breadcrumb"},"inLanguage":"es","potentialAction":[{"@type":"ReadAction","target":["https:\/\/elotroenfoque.mx\/index.php\/2026\/09\/02\/en-ataque-armado-mueren-dos-mujeres-y-un-hombre-en-san-francisco-del-rincon\/"]}]},{"@type":"ImageObject","inLanguage":"es","@id":"https:\/\/elotroenfoque.mx\/index.php\/2026\/09\/02\/en-ataque-armado-mueren-dos-mujeres-y-un-hombre-en-san-francisco-del-rincon\/#primaryimage","url":"https:\/\/elotroenfoque.mx\/wp-content\/uploads\/2026\/09\/noche.jpg","contentUrl":"https:\/\/elotroenfoque.mx\/wp-content\/uploads\/2026\/09\/noche.jpg","width":1480,"height":1063,"caption":"Ataque armado en San Francisco cobra tres vidas"},{"@type":"BreadcrumbList","@id":"https:\/\/elotroenfoque.mx\/index.php\/2026\/09\/02\/en-ataque-armado-mueren-dos-mujeres-y-un-hombre-en-san-francisco-del-rincon\/#breadcrumb","itemListElement":[{"@type":"ListItem","position":1,"name":"Portada","item":"https:\/\/elotroenfoque.mx\/"},{"@type":"ListItem","position":2,"name":"En ataque armado mueren dos mujeres y un hombre en San Francisco del Rinc\u00f3n"}]},{"@type":"WebSite","@id":"https:\/\/elotroenfoque.mx\/#website","url":"https:\/\/elotroenfoque.mx\/","name":"El otro enfoque","description":"","potentialAction":[{"@type":"SearchAction","target":{"@type":"EntryPoint","urlTemplate":"https:\/\/elotroenfoque.mx\/?s={search_term_string}"},"query-input":{"@type":"PropertyValueSpecification","valueRequired":true,"valueName":"search_term_string"}}],"inLanguage":"es"},{"@type":"Person","@id":"https:\/\/elotroenfoque.mx\/#\/schema\/person\/8eb322f84d0bd9f337e462905519a1ae","name":"Equipo Redaccion","image":{"@type":"ImageObject","inLanguage":"es","@id":"https:\/\/secure.gravatar.com\/avatar\/3579478e2b4e7aad364a32b26cf744b360ae0e581ee1cd0cb18a8f239ee49ac4?s=96&d=mm&r=g","url":"https:\/\/secure.gravatar.com\/avatar\/3579478e2b4e7aad364a32b26cf744b360ae0e581ee1cd0cb18a8f239ee49ac4?s=96&d=mm&r=g","contentUrl":"https:\/\/secure.gravatar.com\/avatar\/3579478e2b4e7aad364a32b26cf744b360ae0e581ee1cd0cb18a8f239ee49ac4?s=96&d=mm&r=g","caption":"Equipo Redaccion"},"url":"https:\/\/elotroenfoque.mx\/index.php\/author\/redaccion\/"}]}},"_links":{"self":[{"href":"https:\/\/elotroenfoque.mx\/index.php\/wp-json\/wp\/v2\/posts\/195494","targetHints":{"allow":["GET"]}}],"collection":[{"href":"https:\/\/elotroenfoque.mx\/index.php\/wp-json\/wp\/v2\/posts"}],"about":[{"href":"https:\/\/elotroenfoque.mx\/index.php\/wp-json\/wp\/v2\/types\/post"}],"author":[{"embeddable":true,"href":"https:\/\/elotroenfoque.mx\/index.php\/wp-json\/wp\/v2\/users\/4"}],"replies":[{"embeddable":true,"href":"https:\/\/elotroenfoque.mx\/index.php\/wp-json\/wp\/v2\/comments?post=195494"}],"version-history":[{"count":1,"href":"https:\/\/elotroenfoque.mx\/index.php\/wp-json\/wp\/v2\/posts\/195494\/revisions"}],"predecessor-version":[{"id":195497,"href":"https:\/\/elotroenfoque.mx\/index.php\/wp-json\/wp\/v2\/posts\/195494\/revisions\/195497"}],"wp:featuredmedia":[{"embeddable":true,"href":"https:\/\/elotroenfoque.mx\/index.php\/wp-json\/wp\/v2\/media\/195496"}],"wp:attachment":[{"href":"https:\/\/elotroenfoque.mx\/index.php\/wp-json\/wp\/v2\/media?parent=195494"}],"wp:term":[{"taxonomy":"category","embeddable":true,"href":"https:\/\/elotroenfoque.mx\/index.php\/wp-json\/wp\/v2\/categories?post=195494"},{"taxonomy":"post_tag","embeddable":true,"href":"https:\/\/elotroenfoque.mx\/index.php\/wp-json\/wp\/v2\/tags?post=195494"}],"curies":[{"name":"wp","href":"https:\/\/api.w.org\/{rel}","templated":true}]}}