{"id":195498,"date":"2026-09-03T06:46:57","date_gmt":"2026-09-03T12:46:57","guid":{"rendered":"https:\/\/elotroenfoque.mx\/?p=195498"},"modified":"2026-09-03T06:54:19","modified_gmt":"2026-09-03T12:54:19","slug":"ataque-en-bar-black-corner-de-silao-deja-dos-muertos","status":"publish","type":"post","link":"https:\/\/elotroenfoque.mx\/index.php\/2026\/09\/03\/ataque-en-bar-black-corner-de-silao-deja-dos-muertos\/","title":{"rendered":"Ataque en bar Black Corner de Silao deja dos muertos"},"content":{"rendered":"\n<p class=\"wp-block-paragraph\">Dos hombres murieron tras un ataque armado que ocurri\u00f3 la noche del mi\u00e9rcoles dentro del bar Black Corner, sobre Calzada Hidalgo, en Silao, Guanajuato.<\/p>\n\n\n\n<p class=\"wp-block-paragraph\">La agresi\u00f3n ocurri\u00f3 alrededor de las 10:10 de la noche, en el establecimiento situado cerca del cruce con la calle Puente, seg\u00fan reportes preliminares.<\/p>\n\n\n\n<p class=\"wp-block-paragraph\">Testigos alertaron a los servicios de emergencia despu\u00e9s de escuchar varias detonaciones, mientras clientes y trabajadores buscaban resguardo dentro y fuera del concurrido negocio.<\/p>\n\n\n\n<p class=\"has-text-align-center wp-block-paragraph\"><strong><a href=\"https:\/\/elotroenfoque.mx\/index.php\/2026\/09\/02\/buscan-libertad-anticipada-mil-631-sentenciados-en-guanajuato\/\">Liberan 1600 presos anticipadamente en Guanajuato<\/a> <\/strong><\/p>\n\n\n\n<p class=\"wp-block-paragraph\">Param\u00e9dicos acudieron al lugar, revisaron a dos hombres y confirmaron que ambos carec\u00edan de signos vitales debido a las heridas de bala que presentaban.<\/p>\n\n\n\n<p class=\"wp-block-paragraph\">Los primeros reportes tambi\u00e9n mencionaron a una tercera persona con lesiones graves, quien habr\u00eda abandonado el bar antes de recibir atenci\u00f3n m\u00e9dica oficial alguna.<\/p>\n\n\n\n<figure class=\"wp-block-image size-large\"><img loading=\"lazy\" decoding=\"async\" width=\"768\" height=\"1024\" src=\"https:\/\/elotroenfoque.mx\/wp-content\/uploads\/2026\/09\/74bdc185-762f-43a4-8619-f8059856d650-768x1024.jpeg\" alt=\"\" class=\"wp-image-195503\" srcset=\"https:\/\/elotroenfoque.mx\/wp-content\/uploads\/2026\/09\/74bdc185-762f-43a4-8619-f8059856d650-768x1024.jpeg 768w, https:\/\/elotroenfoque.mx\/wp-content\/uploads\/2026\/09\/74bdc185-762f-43a4-8619-f8059856d650-225x300.jpeg 225w, https:\/\/elotroenfoque.mx\/wp-content\/uploads\/2026\/09\/74bdc185-762f-43a4-8619-f8059856d650-1152x1536.jpeg 1152w, https:\/\/elotroenfoque.mx\/wp-content\/uploads\/2026\/09\/74bdc185-762f-43a4-8619-f8059856d650-30x40.jpeg 30w, https:\/\/elotroenfoque.mx\/wp-content\/uploads\/2026\/09\/74bdc185-762f-43a4-8619-f8059856d650.jpeg 1200w\" sizes=\"auto, (max-width: 768px) 100vw, 768px\" \/><\/figure>\n\n\n\n<p class=\"wp-block-paragraph\">Hasta el cierre de esta informaci\u00f3n, ninguna autoridad hab\u00eda confirmado su identidad, condici\u00f3n m\u00e9dica, paradero actual o posible relaci\u00f3n con las dos v\u00edctimas mortales.<\/p>\n\n\n\n<p class=\"wp-block-paragraph\">Sobre la mec\u00e1nica del crimen circulan dos versiones preliminares, aunque corresponder\u00e1 a la Fiscal\u00eda esclarecer los hechos mediante testimonios, peritajes y videos posiblemente disponibles.<\/p>\n\n\n\n<p class=\"has-text-align-center wp-block-paragraph\"><strong><a href=\"https:\/\/www.tiktok.com\/@elotroenfoque\">Sigue nuestras noticias por TikTok <\/a><\/strong><\/p>\n\n\n\n<p class=\"wp-block-paragraph\">Una versi\u00f3n se\u00f1ala que varios hombres llegaron en motocicleta, dispararon contra quienes permanec\u00edan en el establecimiento y huyeron inmediatamente despu\u00e9s del violento ataque armado.<\/p>\n\n\n\n<p class=\"wp-block-paragraph\">Otra versi\u00f3n refiere que una discusi\u00f3n entre personas presentes escal\u00f3 hasta convertirse en ri\u00f1a y uno de los involucrados sac\u00f3 un arma para disparar.<\/p>\n\n\n\n<figure class=\"wp-block-image size-large\"><img loading=\"lazy\" decoding=\"async\" width=\"768\" height=\"1024\" src=\"https:\/\/elotroenfoque.mx\/wp-content\/uploads\/2026\/09\/37fb94ff-3a5d-4cc3-88dd-2f9ec9929411-768x1024.jpeg\" alt=\"\" class=\"wp-image-195502\" srcset=\"https:\/\/elotroenfoque.mx\/wp-content\/uploads\/2026\/09\/37fb94ff-3a5d-4cc3-88dd-2f9ec9929411-768x1024.jpeg 768w, https:\/\/elotroenfoque.mx\/wp-content\/uploads\/2026\/09\/37fb94ff-3a5d-4cc3-88dd-2f9ec9929411-225x300.jpeg 225w, https:\/\/elotroenfoque.mx\/wp-content\/uploads\/2026\/09\/37fb94ff-3a5d-4cc3-88dd-2f9ec9929411-1152x1536.jpeg 1152w, https:\/\/elotroenfoque.mx\/wp-content\/uploads\/2026\/09\/37fb94ff-3a5d-4cc3-88dd-2f9ec9929411-30x40.jpeg 30w, https:\/\/elotroenfoque.mx\/wp-content\/uploads\/2026\/09\/37fb94ff-3a5d-4cc3-88dd-2f9ec9929411.jpeg 1200w\" sizes=\"auto, (max-width: 768px) 100vw, 768px\" \/><\/figure>\n\n\n\n<p class=\"wp-block-paragraph\">Elementos policiales acordonaron el bar y cerraron parcialmente la circulaci\u00f3n cercana, con el prop\u00f3sito de preservar indicios y facilitar todas las diligencias ministeriales correspondientes.<\/p>\n\n\n\n<p class=\"wp-block-paragraph\">Agentes de investigaci\u00f3n recabaron testimonios y buscaron c\u00e1maras de seguridad que permitan establecer c\u00f3mo comenz\u00f3 la agresi\u00f3n e identificar plenamente a sus posibles responsables.<\/p>\n\n\n\n<p class=\"wp-block-paragraph\"><\/p>\n","protected":false},"excerpt":{"rendered":"<p>Dos hombres murieron tras un ataque armado que ocurri\u00f3 la noche del mi\u00e9rcoles dentro del bar Black Corner, sobre Calzada Hidalgo, en Silao, Guanajuato. La agresi\u00f3n ocurri\u00f3 alrededor de las 10:10 de la noche, en el establecimiento situado cerca del cruce con la calle Puente, seg\u00fan reportes preliminares. Testigos alertaron a los servicios de emergencia&#8230;<\/p>\n","protected":false},"author":4,"featured_media":195508,"comment_status":"closed","ping_status":"open","sticky":false,"template":"","format":"standard","meta":{"footnotes":""},"categories":[8646],"tags":[84,4517,4520],"class_list":["post-195498","post","type-post","status-publish","format-standard","has-post-thumbnail","hentry","category-principales","tag-inseguridad","tag-noticias-guanajuato","tag-noticias-silao"],"yoast_head":"<!-- This site is optimized with the Yoast SEO plugin v28.2 - https:\/\/yoast.com\/product\/yoast-seo-wordpress\/ -->\n<title>Ataque en bar Black Corner de Silao deja dos muertos - El otro enfoque<\/title>\n<meta name=\"description\" content=\"Dos hombres murieron tras un ataque armado que ocurri\u00f3 la noche del mi\u00e9rcoles dentro del bar Black Corner, sobre Calzada Hidalgo, en Silao, Guanajuato.\" \/>\n<meta name=\"robots\" content=\"index, follow, max-snippet:-1, max-image-preview:large, max-video-preview:-1\" \/>\n<link rel=\"canonical\" href=\"https:\/\/elotroenfoque.mx\/index.php\/2026\/09\/03\/ataque-en-bar-black-corner-de-silao-deja-dos-muertos\/\" \/>\n<meta property=\"og:locale\" content=\"es_MX\" \/>\n<meta property=\"og:type\" content=\"article\" \/>\n<meta property=\"og:title\" content=\"Ataque en bar Black Corner de Silao deja dos muertos - El otro enfoque\" \/>\n<meta property=\"og:description\" content=\"Dos hombres murieron tras un ataque armado que ocurri\u00f3 la noche del mi\u00e9rcoles dentro del bar Black Corner, sobre Calzada Hidalgo, en Silao, Guanajuato.\" \/>\n<meta property=\"og:url\" content=\"https:\/\/elotroenfoque.mx\/index.php\/2026\/09\/03\/ataque-en-bar-black-corner-de-silao-deja-dos-muertos\/\" \/>\n<meta property=\"og:site_name\" content=\"El otro enfoque\" \/>\n<meta property=\"article:published_time\" content=\"2026-09-03T12:46:57+00:00\" \/>\n<meta property=\"article:modified_time\" content=\"2026-09-03T12:54:19+00:00\" \/>\n<meta property=\"og:image\" content=\"https:\/\/elotroenfoque.mx\/wp-content\/uploads\/2026\/09\/IMG_8911.jpeg\" \/>\n\t<meta property=\"og:image:width\" content=\"1320\" \/>\n\t<meta property=\"og:image:height\" content=\"925\" \/>\n\t<meta property=\"og:image:type\" content=\"image\/jpeg\" \/>\n<meta name=\"author\" content=\"Equipo Redaccion\" \/>\n<meta name=\"twitter:card\" content=\"summary_large_image\" \/>\n<meta name=\"twitter:label1\" content=\"Escrito por\" \/>\n\t<meta name=\"twitter:data1\" content=\"Equipo Redaccion\" \/>\n\t<meta name=\"twitter:label2\" content=\"Tiempo de lectura\" \/>\n\t<meta name=\"twitter:data2\" content=\"2 minutos\" \/>\n<script type=\"application\/ld+json\" class=\"yoast-schema-graph\">{\"@context\":\"https:\\\/\\\/schema.org\",\"@graph\":[{\"@type\":\"Article\",\"@id\":\"https:\\\/\\\/elotroenfoque.mx\\\/index.php\\\/2026\\\/09\\\/03\\\/ataque-en-bar-black-corner-de-silao-deja-dos-muertos\\\/#article\",\"isPartOf\":{\"@id\":\"https:\\\/\\\/elotroenfoque.mx\\\/index.php\\\/2026\\\/09\\\/03\\\/ataque-en-bar-black-corner-de-silao-deja-dos-muertos\\\/\"},\"author\":{\"name\":\"Equipo Redaccion\",\"@id\":\"https:\\\/\\\/elotroenfoque.mx\\\/#\\\/schema\\\/person\\\/8eb322f84d0bd9f337e462905519a1ae\"},\"headline\":\"Ataque en bar Black Corner de Silao deja dos muertos\",\"datePublished\":\"2026-09-03T12:46:57+00:00\",\"dateModified\":\"2026-09-03T12:54:19+00:00\",\"mainEntityOfPage\":{\"@id\":\"https:\\\/\\\/elotroenfoque.mx\\\/index.php\\\/2026\\\/09\\\/03\\\/ataque-en-bar-black-corner-de-silao-deja-dos-muertos\\\/\"},\"wordCount\":314,\"image\":{\"@id\":\"https:\\\/\\\/elotroenfoque.mx\\\/index.php\\\/2026\\\/09\\\/03\\\/ataque-en-bar-black-corner-de-silao-deja-dos-muertos\\\/#primaryimage\"},\"thumbnailUrl\":\"https:\\\/\\\/elotroenfoque.mx\\\/wp-content\\\/uploads\\\/2026\\\/09\\\/IMG_8911.jpeg\",\"keywords\":[\"inseguridad\",\"Noticias Guanajuato\",\"Noticias Silao\"],\"articleSection\":[\"Principales\"],\"inLanguage\":\"es\"},{\"@type\":\"WebPage\",\"@id\":\"https:\\\/\\\/elotroenfoque.mx\\\/index.php\\\/2026\\\/09\\\/03\\\/ataque-en-bar-black-corner-de-silao-deja-dos-muertos\\\/\",\"url\":\"https:\\\/\\\/elotroenfoque.mx\\\/index.php\\\/2026\\\/09\\\/03\\\/ataque-en-bar-black-corner-de-silao-deja-dos-muertos\\\/\",\"name\":\"Ataque en bar Black Corner de Silao deja dos muertos - El otro enfoque\",\"isPartOf\":{\"@id\":\"https:\\\/\\\/elotroenfoque.mx\\\/#website\"},\"primaryImageOfPage\":{\"@id\":\"https:\\\/\\\/elotroenfoque.mx\\\/index.php\\\/2026\\\/09\\\/03\\\/ataque-en-bar-black-corner-de-silao-deja-dos-muertos\\\/#primaryimage\"},\"image\":{\"@id\":\"https:\\\/\\\/elotroenfoque.mx\\\/index.php\\\/2026\\\/09\\\/03\\\/ataque-en-bar-black-corner-de-silao-deja-dos-muertos\\\/#primaryimage\"},\"thumbnailUrl\":\"https:\\\/\\\/elotroenfoque.mx\\\/wp-content\\\/uploads\\\/2026\\\/09\\\/IMG_8911.jpeg\",\"datePublished\":\"2026-09-03T12:46:57+00:00\",\"dateModified\":\"2026-09-03T12:54:19+00:00\",\"author\":{\"@id\":\"https:\\\/\\\/elotroenfoque.mx\\\/#\\\/schema\\\/person\\\/8eb322f84d0bd9f337e462905519a1ae\"},\"description\":\"Dos hombres murieron tras un ataque armado que ocurri\u00f3 la noche del mi\u00e9rcoles dentro del bar Black Corner, sobre Calzada Hidalgo, en Silao, Guanajuato.\",\"breadcrumb\":{\"@id\":\"https:\\\/\\\/elotroenfoque.mx\\\/index.php\\\/2026\\\/09\\\/03\\\/ataque-en-bar-black-corner-de-silao-deja-dos-muertos\\\/#breadcrumb\"},\"inLanguage\":\"es\",\"potentialAction\":[{\"@type\":\"ReadAction\",\"target\":[\"https:\\\/\\\/elotroenfoque.mx\\\/index.php\\\/2026\\\/09\\\/03\\\/ataque-en-bar-black-corner-de-silao-deja-dos-muertos\\\/\"]}]},{\"@type\":\"ImageObject\",\"inLanguage\":\"es\",\"@id\":\"https:\\\/\\\/elotroenfoque.mx\\\/index.php\\\/2026\\\/09\\\/03\\\/ataque-en-bar-black-corner-de-silao-deja-dos-muertos\\\/#primaryimage\",\"url\":\"https:\\\/\\\/elotroenfoque.mx\\\/wp-content\\\/uploads\\\/2026\\\/09\\\/IMG_8911.jpeg\",\"contentUrl\":\"https:\\\/\\\/elotroenfoque.mx\\\/wp-content\\\/uploads\\\/2026\\\/09\\\/IMG_8911.jpeg\",\"width\":1320,\"height\":925,\"caption\":\"Screenshot\"},{\"@type\":\"BreadcrumbList\",\"@id\":\"https:\\\/\\\/elotroenfoque.mx\\\/index.php\\\/2026\\\/09\\\/03\\\/ataque-en-bar-black-corner-de-silao-deja-dos-muertos\\\/#breadcrumb\",\"itemListElement\":[{\"@type\":\"ListItem\",\"position\":1,\"name\":\"Portada\",\"item\":\"https:\\\/\\\/elotroenfoque.mx\\\/\"},{\"@type\":\"ListItem\",\"position\":2,\"name\":\"Ataque en bar Black Corner de Silao deja dos muertos\"}]},{\"@type\":\"WebSite\",\"@id\":\"https:\\\/\\\/elotroenfoque.mx\\\/#website\",\"url\":\"https:\\\/\\\/elotroenfoque.mx\\\/\",\"name\":\"El otro enfoque\",\"description\":\"\",\"potentialAction\":[{\"@type\":\"SearchAction\",\"target\":{\"@type\":\"EntryPoint\",\"urlTemplate\":\"https:\\\/\\\/elotroenfoque.mx\\\/?s={search_term_string}\"},\"query-input\":{\"@type\":\"PropertyValueSpecification\",\"valueRequired\":true,\"valueName\":\"search_term_string\"}}],\"inLanguage\":\"es\"},{\"@type\":\"Person\",\"@id\":\"https:\\\/\\\/elotroenfoque.mx\\\/#\\\/schema\\\/person\\\/8eb322f84d0bd9f337e462905519a1ae\",\"name\":\"Equipo Redaccion\",\"image\":{\"@type\":\"ImageObject\",\"inLanguage\":\"es\",\"@id\":\"https:\\\/\\\/secure.gravatar.com\\\/avatar\\\/3579478e2b4e7aad364a32b26cf744b360ae0e581ee1cd0cb18a8f239ee49ac4?s=96&d=mm&r=g\",\"url\":\"https:\\\/\\\/secure.gravatar.com\\\/avatar\\\/3579478e2b4e7aad364a32b26cf744b360ae0e581ee1cd0cb18a8f239ee49ac4?s=96&d=mm&r=g\",\"contentUrl\":\"https:\\\/\\\/secure.gravatar.com\\\/avatar\\\/3579478e2b4e7aad364a32b26cf744b360ae0e581ee1cd0cb18a8f239ee49ac4?s=96&d=mm&r=g\",\"caption\":\"Equipo Redaccion\"},\"url\":\"https:\\\/\\\/elotroenfoque.mx\\\/index.php\\\/author\\\/redaccion\\\/\"}]}<\/script>\n<!-- \/ Yoast SEO plugin. -->","yoast_head_json":{"title":"Ataque en bar Black Corner de Silao deja dos muertos - El otro enfoque","description":"Dos hombres murieron tras un ataque armado que ocurri\u00f3 la noche del mi\u00e9rcoles dentro del bar Black Corner, sobre Calzada Hidalgo, en Silao, Guanajuato.","robots":{"index":"index","follow":"follow","max-snippet":"max-snippet:-1","max-image-preview":"max-image-preview:large","max-video-preview":"max-video-preview:-1"},"canonical":"https:\/\/elotroenfoque.mx\/index.php\/2026\/09\/03\/ataque-en-bar-black-corner-de-silao-deja-dos-muertos\/","og_locale":"es_MX","og_type":"article","og_title":"Ataque en bar Black Corner de Silao deja dos muertos - El otro enfoque","og_description":"Dos hombres murieron tras un ataque armado que ocurri\u00f3 la noche del mi\u00e9rcoles dentro del bar Black Corner, sobre Calzada Hidalgo, en Silao, Guanajuato.","og_url":"https:\/\/elotroenfoque.mx\/index.php\/2026\/09\/03\/ataque-en-bar-black-corner-de-silao-deja-dos-muertos\/","og_site_name":"El otro enfoque","article_published_time":"2026-09-03T12:46:57+00:00","article_modified_time":"2026-09-03T12:54:19+00:00","og_image":[{"width":1320,"height":925,"url":"https:\/\/elotroenfoque.mx\/wp-content\/uploads\/2026\/09\/IMG_8911.jpeg","type":"image\/jpeg"}],"author":"Equipo Redaccion","twitter_card":"summary_large_image","twitter_misc":{"Escrito por":"Equipo Redaccion","Tiempo de lectura":"2 minutos"},"schema":{"@context":"https:\/\/schema.org","@graph":[{"@type":"Article","@id":"https:\/\/elotroenfoque.mx\/index.php\/2026\/09\/03\/ataque-en-bar-black-corner-de-silao-deja-dos-muertos\/#article","isPartOf":{"@id":"https:\/\/elotroenfoque.mx\/index.php\/2026\/09\/03\/ataque-en-bar-black-corner-de-silao-deja-dos-muertos\/"},"author":{"name":"Equipo Redaccion","@id":"https:\/\/elotroenfoque.mx\/#\/schema\/person\/8eb322f84d0bd9f337e462905519a1ae"},"headline":"Ataque en bar Black Corner de Silao deja dos muertos","datePublished":"2026-09-03T12:46:57+00:00","dateModified":"2026-09-03T12:54:19+00:00","mainEntityOfPage":{"@id":"https:\/\/elotroenfoque.mx\/index.php\/2026\/09\/03\/ataque-en-bar-black-corner-de-silao-deja-dos-muertos\/"},"wordCount":314,"image":{"@id":"https:\/\/elotroenfoque.mx\/index.php\/2026\/09\/03\/ataque-en-bar-black-corner-de-silao-deja-dos-muertos\/#primaryimage"},"thumbnailUrl":"https:\/\/elotroenfoque.mx\/wp-content\/uploads\/2026\/09\/IMG_8911.jpeg","keywords":["inseguridad","Noticias Guanajuato","Noticias Silao"],"articleSection":["Principales"],"inLanguage":"es"},{"@type":"WebPage","@id":"https:\/\/elotroenfoque.mx\/index.php\/2026\/09\/03\/ataque-en-bar-black-corner-de-silao-deja-dos-muertos\/","url":"https:\/\/elotroenfoque.mx\/index.php\/2026\/09\/03\/ataque-en-bar-black-corner-de-silao-deja-dos-muertos\/","name":"Ataque en bar Black Corner de Silao deja dos muertos - El otro enfoque","isPartOf":{"@id":"https:\/\/elotroenfoque.mx\/#website"},"primaryImageOfPage":{"@id":"https:\/\/elotroenfoque.mx\/index.php\/2026\/09\/03\/ataque-en-bar-black-corner-de-silao-deja-dos-muertos\/#primaryimage"},"image":{"@id":"https:\/\/elotroenfoque.mx\/index.php\/2026\/09\/03\/ataque-en-bar-black-corner-de-silao-deja-dos-muertos\/#primaryimage"},"thumbnailUrl":"https:\/\/elotroenfoque.mx\/wp-content\/uploads\/2026\/09\/IMG_8911.jpeg","datePublished":"2026-09-03T12:46:57+00:00","dateModified":"2026-09-03T12:54:19+00:00","author":{"@id":"https:\/\/elotroenfoque.mx\/#\/schema\/person\/8eb322f84d0bd9f337e462905519a1ae"},"description":"Dos hombres murieron tras un ataque armado que ocurri\u00f3 la noche del mi\u00e9rcoles dentro del bar Black Corner, sobre Calzada Hidalgo, en Silao, Guanajuato.","breadcrumb":{"@id":"https:\/\/elotroenfoque.mx\/index.php\/2026\/09\/03\/ataque-en-bar-black-corner-de-silao-deja-dos-muertos\/#breadcrumb"},"inLanguage":"es","potentialAction":[{"@type":"ReadAction","target":["https:\/\/elotroenfoque.mx\/index.php\/2026\/09\/03\/ataque-en-bar-black-corner-de-silao-deja-dos-muertos\/"]}]},{"@type":"ImageObject","inLanguage":"es","@id":"https:\/\/elotroenfoque.mx\/index.php\/2026\/09\/03\/ataque-en-bar-black-corner-de-silao-deja-dos-muertos\/#primaryimage","url":"https:\/\/elotroenfoque.mx\/wp-content\/uploads\/2026\/09\/IMG_8911.jpeg","contentUrl":"https:\/\/elotroenfoque.mx\/wp-content\/uploads\/2026\/09\/IMG_8911.jpeg","width":1320,"height":925,"caption":"Screenshot"},{"@type":"BreadcrumbList","@id":"https:\/\/elotroenfoque.mx\/index.php\/2026\/09\/03\/ataque-en-bar-black-corner-de-silao-deja-dos-muertos\/#breadcrumb","itemListElement":[{"@type":"ListItem","position":1,"name":"Portada","item":"https:\/\/elotroenfoque.mx\/"},{"@type":"ListItem","position":2,"name":"Ataque en bar Black Corner de Silao deja dos muertos"}]},{"@type":"WebSite","@id":"https:\/\/elotroenfoque.mx\/#website","url":"https:\/\/elotroenfoque.mx\/","name":"El otro enfoque","description":"","potentialAction":[{"@type":"SearchAction","target":{"@type":"EntryPoint","urlTemplate":"https:\/\/elotroenfoque.mx\/?s={search_term_string}"},"query-input":{"@type":"PropertyValueSpecification","valueRequired":true,"valueName":"search_term_string"}}],"inLanguage":"es"},{"@type":"Person","@id":"https:\/\/elotroenfoque.mx\/#\/schema\/person\/8eb322f84d0bd9f337e462905519a1ae","name":"Equipo Redaccion","image":{"@type":"ImageObject","inLanguage":"es","@id":"https:\/\/secure.gravatar.com\/avatar\/3579478e2b4e7aad364a32b26cf744b360ae0e581ee1cd0cb18a8f239ee49ac4?s=96&d=mm&r=g","url":"https:\/\/secure.gravatar.com\/avatar\/3579478e2b4e7aad364a32b26cf744b360ae0e581ee1cd0cb18a8f239ee49ac4?s=96&d=mm&r=g","contentUrl":"https:\/\/secure.gravatar.com\/avatar\/3579478e2b4e7aad364a32b26cf744b360ae0e581ee1cd0cb18a8f239ee49ac4?s=96&d=mm&r=g","caption":"Equipo Redaccion"},"url":"https:\/\/elotroenfoque.mx\/index.php\/author\/redaccion\/"}]}},"_links":{"self":[{"href":"https:\/\/elotroenfoque.mx\/index.php\/wp-json\/wp\/v2\/posts\/195498","targetHints":{"allow":["GET"]}}],"collection":[{"href":"https:\/\/elotroenfoque.mx\/index.php\/wp-json\/wp\/v2\/posts"}],"about":[{"href":"https:\/\/elotroenfoque.mx\/index.php\/wp-json\/wp\/v2\/types\/post"}],"author":[{"embeddable":true,"href":"https:\/\/elotroenfoque.mx\/index.php\/wp-json\/wp\/v2\/users\/4"}],"replies":[{"embeddable":true,"href":"https:\/\/elotroenfoque.mx\/index.php\/wp-json\/wp\/v2\/comments?post=195498"}],"version-history":[{"count":5,"href":"https:\/\/elotroenfoque.mx\/index.php\/wp-json\/wp\/v2\/posts\/195498\/revisions"}],"predecessor-version":[{"id":195507,"href":"https:\/\/elotroenfoque.mx\/index.php\/wp-json\/wp\/v2\/posts\/195498\/revisions\/195507"}],"wp:featuredmedia":[{"embeddable":true,"href":"https:\/\/elotroenfoque.mx\/index.php\/wp-json\/wp\/v2\/media\/195508"}],"wp:attachment":[{"href":"https:\/\/elotroenfoque.mx\/index.php\/wp-json\/wp\/v2\/media?parent=195498"}],"wp:term":[{"taxonomy":"category","embeddable":true,"href":"https:\/\/elotroenfoque.mx\/index.php\/wp-json\/wp\/v2\/categories?post=195498"},{"taxonomy":"post_tag","embeddable":true,"href":"https:\/\/elotroenfoque.mx\/index.php\/wp-json\/wp\/v2\/tags?post=195498"}],"curies":[{"name":"wp","href":"https:\/\/api.w.org\/{rel}","templated":true}]}}