{"id":195510,"date":"2026-09-03T09:45:27","date_gmt":"2026-09-03T15:45:27","guid":{"rendered":"https:\/\/elotroenfoque.mx\/?p=195510"},"modified":"2026-09-03T10:49:46","modified_gmt":"2026-09-03T16:49:46","slug":"detienen-en-puebla-a-el-amarillo-lider-de-los-rusos-operaba-en-acapulco","status":"publish","type":"post","link":"https:\/\/elotroenfoque.mx\/index.php\/2026\/09\/03\/detienen-en-puebla-a-el-amarillo-lider-de-los-rusos-operaba-en-acapulco\/","title":{"rendered":"Detienen en Puebla a \u201cEl Amarillo\u201d, l\u00edder de \u201cLos Rusos\u201d; operaba en Acapulco"},"content":{"rendered":"\n<p class=\"wp-block-paragraph\">Derivado de trabajos de inteligencia e investigaci\u00f3n, autoridades federales y estatales detuvieron en Lomas de Angel\u00f3polis, Puebla, a Gov\u00e9n Ulisses N., alias \u201cEl Amarillo\u201d y\/o \u201cEl Gob\u00e9n\u201d, identificado como objetivo prioritario y presunto l\u00edder de una c\u00e9lula criminal vinculada con \u201cLos Rusos\u201d, organizaci\u00f3n con presencia principalmente en Acapulco, Guerrero.<\/p>\n\n\n\n<p class=\"wp-block-paragraph\">Esto lo inform\u00f3 esta ma\u00f1ana el Secretario de Seguridad, Omar Garc\u00eda Harfuch, en sus redes sociales.  <\/p>\n\n\n\n<p class=\"wp-block-paragraph\">La operaci\u00f3n fue realizada de manera conjunta por la Agencia de Investigaci\u00f3n Criminal (AIC) y la Fiscal\u00eda Especializada en Materia de Delincuencia Organizada (FEMDO) de la Fiscal\u00eda General de la Rep\u00fablica, la Secretar\u00eda de Seguridad y Protecci\u00f3n Ciudadana y la Secretar\u00eda de Marina, con informaci\u00f3n del Centro Nacional de Inteligencia y en coordinaci\u00f3n con autoridades de Puebla y Guerrero.<\/p>\n\n\n\n<figure class=\"wp-block-gallery has-nested-images columns-default is-cropped wp-block-gallery-1 is-layout-flex wp-block-gallery-is-layout-flex\">\n<figure class=\"wp-block-image size-full\"><img loading=\"lazy\" decoding=\"async\" width=\"739\" height=\"925\" data-id=\"195512\" src=\"https:\/\/elotroenfoque.mx\/wp-content\/uploads\/2026\/09\/tt.jpg\" alt=\"\" class=\"wp-image-195512\" srcset=\"https:\/\/elotroenfoque.mx\/wp-content\/uploads\/2026\/09\/tt.jpg 739w, https:\/\/elotroenfoque.mx\/wp-content\/uploads\/2026\/09\/tt-240x300.jpg 240w\" sizes=\"auto, (max-width: 739px) 100vw, 739px\" \/><\/figure>\n\n\n\n<figure class=\"wp-block-image size-large\"><img loading=\"lazy\" decoding=\"async\" width=\"1024\" height=\"768\" data-id=\"195513\" src=\"https:\/\/elotroenfoque.mx\/wp-content\/uploads\/2026\/09\/ttt-1-1024x768.jpg\" alt=\"\" class=\"wp-image-195513\" srcset=\"https:\/\/elotroenfoque.mx\/wp-content\/uploads\/2026\/09\/ttt-1-1024x768.jpg 1024w, https:\/\/elotroenfoque.mx\/wp-content\/uploads\/2026\/09\/ttt-1-300x225.jpg 300w, https:\/\/elotroenfoque.mx\/wp-content\/uploads\/2026\/09\/ttt-1-768x576.jpg 768w, https:\/\/elotroenfoque.mx\/wp-content\/uploads\/2026\/09\/ttt-1-1536x1152.jpg 1536w, https:\/\/elotroenfoque.mx\/wp-content\/uploads\/2026\/09\/ttt-1.jpg 1600w\" sizes=\"auto, (max-width: 1024px) 100vw, 1024px\" \/><\/figure>\n\n\n\n<figure class=\"wp-block-image size-large\"><img loading=\"lazy\" decoding=\"async\" width=\"1024\" height=\"768\" data-id=\"195514\" src=\"https:\/\/elotroenfoque.mx\/wp-content\/uploads\/2026\/09\/tttt-1024x768.jpg\" alt=\"\" class=\"wp-image-195514\" srcset=\"https:\/\/elotroenfoque.mx\/wp-content\/uploads\/2026\/09\/tttt-1024x768.jpg 1024w, https:\/\/elotroenfoque.mx\/wp-content\/uploads\/2026\/09\/tttt-300x225.jpg 300w, https:\/\/elotroenfoque.mx\/wp-content\/uploads\/2026\/09\/tttt-768x576.jpg 768w, https:\/\/elotroenfoque.mx\/wp-content\/uploads\/2026\/09\/tttt-1536x1152.jpg 1536w, https:\/\/elotroenfoque.mx\/wp-content\/uploads\/2026\/09\/tttt.jpg 1600w\" sizes=\"auto, (max-width: 1024px) 100vw, 1024px\" \/><\/figure>\n<\/figure>\n\n\n\n<p class=\"wp-block-paragraph\">De acuerdo con las autoridades, \u201cEl Amarillo\u201d es se\u00f1alado como uno de los principales generadores de violencia de dicha organizaci\u00f3n y estar\u00eda relacionado con delitos como extorsi\u00f3n, secuestro y privaci\u00f3n ilegal de la libertad, homicidio, as\u00ed como tr\u00e1fico y distribuci\u00f3n de drogas.<\/p>\n\n\n\n<p class=\"wp-block-paragraph\">Durante el operativo tambi\u00e9n fueron detenidas dos personas que presuntamente fung\u00edan como escoltas del objetivo prioritario.<\/p>\n\n\n\n<p class=\"wp-block-paragraph\">En las acciones se aseguraron armas, drogas y veh\u00edculos de lujo. De manera simult\u00e1nea, autoridades mantienen cateos en distintos puntos de la zona como parte de las investigaciones.<\/p>\n\n\n\n<p class=\"has-text-align-center wp-block-paragraph\"><strong><a href=\"https:\/\/elotroenfoque.mx\/index.php\/2026\/09\/03\/ataque-en-bar-black-corner-de-silao-deja-dos-muertos\/\">Ataque en bar en Silao dej\u00f3 dos muertos<\/a><\/strong><\/p>\n\n\n\n<p class=\"wp-block-paragraph\">Las autoridades destacaron la coordinaci\u00f3n con los gobiernos estatales de Puebla y Guerrero para el desarrollo de la operaci\u00f3n y reconocieron el apoyo del gobernador Alejandro Armenta y de la gobernadora Evelyn Salgado Pineda.<\/p>\n\n\n\n<p class=\"has-text-align-center wp-block-paragraph\"><strong><a href=\"https:\/\/www.tiktok.com\/@elotroenfoque\">Sigue nuestras noticias por TikTok<\/a><\/strong><\/p>\n\n\n\n<p class=\"wp-block-paragraph\"><\/p>\n","protected":false},"excerpt":{"rendered":"<p>Derivado de trabajos de inteligencia e investigaci\u00f3n, autoridades federales y estatales detuvieron en Lomas de Angel\u00f3polis, Puebla, a Gov\u00e9n Ulisses N., alias \u201cEl Amarillo\u201d y\/o \u201cEl Gob\u00e9n\u201d, identificado como objetivo prioritario y presunto l\u00edder de una c\u00e9lula criminal vinculada con \u201cLos Rusos\u201d, organizaci\u00f3n con presencia principalmente en Acapulco, Guerrero. Esto lo inform\u00f3 esta ma\u00f1ana el&#8230;<\/p>\n","protected":false},"author":4,"featured_media":195511,"comment_status":"closed","ping_status":"open","sticky":false,"template":"","format":"standard","meta":{"footnotes":""},"categories":[8],"tags":[13,84,4517],"class_list":["post-195510","post","type-post","status-publish","format-standard","has-post-thumbnail","hentry","category-desenfoques","tag-guanajuato","tag-inseguridad","tag-noticias-guanajuato"],"yoast_head":"<!-- This site is optimized with the Yoast SEO plugin v28.2 - https:\/\/yoast.com\/product\/yoast-seo-wordpress\/ -->\n<title>Detienen en Puebla a \u201cEl Amarillo\u201d, l\u00edder de \u201cLos Rusos\u201d; operaba en Acapulco - El otro enfoque<\/title>\n<meta name=\"description\" content=\"Autoridades detuvieron en Lomas de Angel\u00f3polis a \u201cEl Amarillo\u201d, presunto l\u00edder de una c\u00e9lula vinculada con \u201cLos Rusos\u201d.\" \/>\n<meta name=\"robots\" content=\"index, follow, max-snippet:-1, max-image-preview:large, max-video-preview:-1\" \/>\n<link rel=\"canonical\" href=\"https:\/\/elotroenfoque.mx\/index.php\/2026\/09\/03\/detienen-en-puebla-a-el-amarillo-lider-de-los-rusos-operaba-en-acapulco\/\" \/>\n<meta property=\"og:locale\" content=\"es_MX\" \/>\n<meta property=\"og:type\" content=\"article\" \/>\n<meta property=\"og:title\" content=\"Detienen en Puebla a \u201cEl Amarillo\u201d, l\u00edder de \u201cLos Rusos\u201d; operaba en Acapulco - El otro enfoque\" \/>\n<meta property=\"og:description\" content=\"Autoridades detuvieron en Lomas de Angel\u00f3polis a \u201cEl Amarillo\u201d, presunto l\u00edder de una c\u00e9lula vinculada con \u201cLos Rusos\u201d.\" \/>\n<meta property=\"og:url\" content=\"https:\/\/elotroenfoque.mx\/index.php\/2026\/09\/03\/detienen-en-puebla-a-el-amarillo-lider-de-los-rusos-operaba-en-acapulco\/\" \/>\n<meta property=\"og:site_name\" content=\"El otro enfoque\" \/>\n<meta property=\"article:published_time\" content=\"2026-09-03T15:45:27+00:00\" \/>\n<meta property=\"article:modified_time\" content=\"2026-09-03T16:49:46+00:00\" \/>\n<meta property=\"og:image\" content=\"https:\/\/elotroenfoque.mx\/wp-content\/uploads\/2026\/09\/t.jpg\" \/>\n\t<meta property=\"og:image:width\" content=\"2048\" \/>\n\t<meta property=\"og:image:height\" content=\"1366\" \/>\n\t<meta property=\"og:image:type\" content=\"image\/jpeg\" \/>\n<meta name=\"author\" content=\"Equipo Redaccion\" \/>\n<meta name=\"twitter:card\" content=\"summary_large_image\" \/>\n<meta name=\"twitter:label1\" content=\"Escrito por\" \/>\n\t<meta name=\"twitter:data1\" content=\"Equipo Redaccion\" \/>\n\t<meta name=\"twitter:label2\" content=\"Tiempo de lectura\" \/>\n\t<meta name=\"twitter:data2\" content=\"2 minutos\" \/>\n<script type=\"application\/ld+json\" class=\"yoast-schema-graph\">{\"@context\":\"https:\\\/\\\/schema.org\",\"@graph\":[{\"@type\":\"Article\",\"@id\":\"https:\\\/\\\/elotroenfoque.mx\\\/index.php\\\/2026\\\/09\\\/03\\\/detienen-en-puebla-a-el-amarillo-lider-de-los-rusos-operaba-en-acapulco\\\/#article\",\"isPartOf\":{\"@id\":\"https:\\\/\\\/elotroenfoque.mx\\\/index.php\\\/2026\\\/09\\\/03\\\/detienen-en-puebla-a-el-amarillo-lider-de-los-rusos-operaba-en-acapulco\\\/\"},\"author\":{\"name\":\"Equipo Redaccion\",\"@id\":\"https:\\\/\\\/elotroenfoque.mx\\\/#\\\/schema\\\/person\\\/8eb322f84d0bd9f337e462905519a1ae\"},\"headline\":\"Detienen en Puebla a \u201cEl Amarillo\u201d, l\u00edder de \u201cLos Rusos\u201d; operaba en Acapulco\",\"datePublished\":\"2026-09-03T15:45:27+00:00\",\"dateModified\":\"2026-09-03T16:49:46+00:00\",\"mainEntityOfPage\":{\"@id\":\"https:\\\/\\\/elotroenfoque.mx\\\/index.php\\\/2026\\\/09\\\/03\\\/detienen-en-puebla-a-el-amarillo-lider-de-los-rusos-operaba-en-acapulco\\\/\"},\"wordCount\":304,\"image\":{\"@id\":\"https:\\\/\\\/elotroenfoque.mx\\\/index.php\\\/2026\\\/09\\\/03\\\/detienen-en-puebla-a-el-amarillo-lider-de-los-rusos-operaba-en-acapulco\\\/#primaryimage\"},\"thumbnailUrl\":\"https:\\\/\\\/elotroenfoque.mx\\\/wp-content\\\/uploads\\\/2026\\\/09\\\/t.jpg\",\"keywords\":[\"Guanajuato\",\"inseguridad\",\"Noticias Guanajuato\"],\"articleSection\":[\"Desenfoques\"],\"inLanguage\":\"es\"},{\"@type\":\"WebPage\",\"@id\":\"https:\\\/\\\/elotroenfoque.mx\\\/index.php\\\/2026\\\/09\\\/03\\\/detienen-en-puebla-a-el-amarillo-lider-de-los-rusos-operaba-en-acapulco\\\/\",\"url\":\"https:\\\/\\\/elotroenfoque.mx\\\/index.php\\\/2026\\\/09\\\/03\\\/detienen-en-puebla-a-el-amarillo-lider-de-los-rusos-operaba-en-acapulco\\\/\",\"name\":\"Detienen en Puebla a \u201cEl Amarillo\u201d, l\u00edder de \u201cLos Rusos\u201d; operaba en Acapulco - El otro enfoque\",\"isPartOf\":{\"@id\":\"https:\\\/\\\/elotroenfoque.mx\\\/#website\"},\"primaryImageOfPage\":{\"@id\":\"https:\\\/\\\/elotroenfoque.mx\\\/index.php\\\/2026\\\/09\\\/03\\\/detienen-en-puebla-a-el-amarillo-lider-de-los-rusos-operaba-en-acapulco\\\/#primaryimage\"},\"image\":{\"@id\":\"https:\\\/\\\/elotroenfoque.mx\\\/index.php\\\/2026\\\/09\\\/03\\\/detienen-en-puebla-a-el-amarillo-lider-de-los-rusos-operaba-en-acapulco\\\/#primaryimage\"},\"thumbnailUrl\":\"https:\\\/\\\/elotroenfoque.mx\\\/wp-content\\\/uploads\\\/2026\\\/09\\\/t.jpg\",\"datePublished\":\"2026-09-03T15:45:27+00:00\",\"dateModified\":\"2026-09-03T16:49:46+00:00\",\"author\":{\"@id\":\"https:\\\/\\\/elotroenfoque.mx\\\/#\\\/schema\\\/person\\\/8eb322f84d0bd9f337e462905519a1ae\"},\"description\":\"Autoridades detuvieron en Lomas de Angel\u00f3polis a \u201cEl Amarillo\u201d, presunto l\u00edder de una c\u00e9lula vinculada con \u201cLos Rusos\u201d.\",\"breadcrumb\":{\"@id\":\"https:\\\/\\\/elotroenfoque.mx\\\/index.php\\\/2026\\\/09\\\/03\\\/detienen-en-puebla-a-el-amarillo-lider-de-los-rusos-operaba-en-acapulco\\\/#breadcrumb\"},\"inLanguage\":\"es\",\"potentialAction\":[{\"@type\":\"ReadAction\",\"target\":[\"https:\\\/\\\/elotroenfoque.mx\\\/index.php\\\/2026\\\/09\\\/03\\\/detienen-en-puebla-a-el-amarillo-lider-de-los-rusos-operaba-en-acapulco\\\/\"]}]},{\"@type\":\"ImageObject\",\"inLanguage\":\"es\",\"@id\":\"https:\\\/\\\/elotroenfoque.mx\\\/index.php\\\/2026\\\/09\\\/03\\\/detienen-en-puebla-a-el-amarillo-lider-de-los-rusos-operaba-en-acapulco\\\/#primaryimage\",\"url\":\"https:\\\/\\\/elotroenfoque.mx\\\/wp-content\\\/uploads\\\/2026\\\/09\\\/t.jpg\",\"contentUrl\":\"https:\\\/\\\/elotroenfoque.mx\\\/wp-content\\\/uploads\\\/2026\\\/09\\\/t.jpg\",\"width\":2048,\"height\":1366,\"caption\":\"Capturan a \\\"El Amarillo\\\", operaba en Acapulco\"},{\"@type\":\"BreadcrumbList\",\"@id\":\"https:\\\/\\\/elotroenfoque.mx\\\/index.php\\\/2026\\\/09\\\/03\\\/detienen-en-puebla-a-el-amarillo-lider-de-los-rusos-operaba-en-acapulco\\\/#breadcrumb\",\"itemListElement\":[{\"@type\":\"ListItem\",\"position\":1,\"name\":\"Portada\",\"item\":\"https:\\\/\\\/elotroenfoque.mx\\\/\"},{\"@type\":\"ListItem\",\"position\":2,\"name\":\"Detienen en Puebla a \u201cEl Amarillo\u201d, l\u00edder de \u201cLos Rusos\u201d; operaba en Acapulco\"}]},{\"@type\":\"WebSite\",\"@id\":\"https:\\\/\\\/elotroenfoque.mx\\\/#website\",\"url\":\"https:\\\/\\\/elotroenfoque.mx\\\/\",\"name\":\"El otro enfoque\",\"description\":\"\",\"potentialAction\":[{\"@type\":\"SearchAction\",\"target\":{\"@type\":\"EntryPoint\",\"urlTemplate\":\"https:\\\/\\\/elotroenfoque.mx\\\/?s={search_term_string}\"},\"query-input\":{\"@type\":\"PropertyValueSpecification\",\"valueRequired\":true,\"valueName\":\"search_term_string\"}}],\"inLanguage\":\"es\"},{\"@type\":\"Person\",\"@id\":\"https:\\\/\\\/elotroenfoque.mx\\\/#\\\/schema\\\/person\\\/8eb322f84d0bd9f337e462905519a1ae\",\"name\":\"Equipo Redaccion\",\"image\":{\"@type\":\"ImageObject\",\"inLanguage\":\"es\",\"@id\":\"https:\\\/\\\/secure.gravatar.com\\\/avatar\\\/3579478e2b4e7aad364a32b26cf744b360ae0e581ee1cd0cb18a8f239ee49ac4?s=96&d=mm&r=g\",\"url\":\"https:\\\/\\\/secure.gravatar.com\\\/avatar\\\/3579478e2b4e7aad364a32b26cf744b360ae0e581ee1cd0cb18a8f239ee49ac4?s=96&d=mm&r=g\",\"contentUrl\":\"https:\\\/\\\/secure.gravatar.com\\\/avatar\\\/3579478e2b4e7aad364a32b26cf744b360ae0e581ee1cd0cb18a8f239ee49ac4?s=96&d=mm&r=g\",\"caption\":\"Equipo Redaccion\"},\"url\":\"https:\\\/\\\/elotroenfoque.mx\\\/index.php\\\/author\\\/redaccion\\\/\"}]}<\/script>\n<!-- \/ Yoast SEO plugin. -->","yoast_head_json":{"title":"Detienen en Puebla a \u201cEl Amarillo\u201d, l\u00edder de \u201cLos Rusos\u201d; operaba en Acapulco - El otro enfoque","description":"Autoridades detuvieron en Lomas de Angel\u00f3polis a \u201cEl Amarillo\u201d, presunto l\u00edder de una c\u00e9lula vinculada con \u201cLos Rusos\u201d.","robots":{"index":"index","follow":"follow","max-snippet":"max-snippet:-1","max-image-preview":"max-image-preview:large","max-video-preview":"max-video-preview:-1"},"canonical":"https:\/\/elotroenfoque.mx\/index.php\/2026\/09\/03\/detienen-en-puebla-a-el-amarillo-lider-de-los-rusos-operaba-en-acapulco\/","og_locale":"es_MX","og_type":"article","og_title":"Detienen en Puebla a \u201cEl Amarillo\u201d, l\u00edder de \u201cLos Rusos\u201d; operaba en Acapulco - El otro enfoque","og_description":"Autoridades detuvieron en Lomas de Angel\u00f3polis a \u201cEl Amarillo\u201d, presunto l\u00edder de una c\u00e9lula vinculada con \u201cLos Rusos\u201d.","og_url":"https:\/\/elotroenfoque.mx\/index.php\/2026\/09\/03\/detienen-en-puebla-a-el-amarillo-lider-de-los-rusos-operaba-en-acapulco\/","og_site_name":"El otro enfoque","article_published_time":"2026-09-03T15:45:27+00:00","article_modified_time":"2026-09-03T16:49:46+00:00","og_image":[{"width":2048,"height":1366,"url":"https:\/\/elotroenfoque.mx\/wp-content\/uploads\/2026\/09\/t.jpg","type":"image\/jpeg"}],"author":"Equipo Redaccion","twitter_card":"summary_large_image","twitter_misc":{"Escrito por":"Equipo Redaccion","Tiempo de lectura":"2 minutos"},"schema":{"@context":"https:\/\/schema.org","@graph":[{"@type":"Article","@id":"https:\/\/elotroenfoque.mx\/index.php\/2026\/09\/03\/detienen-en-puebla-a-el-amarillo-lider-de-los-rusos-operaba-en-acapulco\/#article","isPartOf":{"@id":"https:\/\/elotroenfoque.mx\/index.php\/2026\/09\/03\/detienen-en-puebla-a-el-amarillo-lider-de-los-rusos-operaba-en-acapulco\/"},"author":{"name":"Equipo Redaccion","@id":"https:\/\/elotroenfoque.mx\/#\/schema\/person\/8eb322f84d0bd9f337e462905519a1ae"},"headline":"Detienen en Puebla a \u201cEl Amarillo\u201d, l\u00edder de \u201cLos Rusos\u201d; operaba en Acapulco","datePublished":"2026-09-03T15:45:27+00:00","dateModified":"2026-09-03T16:49:46+00:00","mainEntityOfPage":{"@id":"https:\/\/elotroenfoque.mx\/index.php\/2026\/09\/03\/detienen-en-puebla-a-el-amarillo-lider-de-los-rusos-operaba-en-acapulco\/"},"wordCount":304,"image":{"@id":"https:\/\/elotroenfoque.mx\/index.php\/2026\/09\/03\/detienen-en-puebla-a-el-amarillo-lider-de-los-rusos-operaba-en-acapulco\/#primaryimage"},"thumbnailUrl":"https:\/\/elotroenfoque.mx\/wp-content\/uploads\/2026\/09\/t.jpg","keywords":["Guanajuato","inseguridad","Noticias Guanajuato"],"articleSection":["Desenfoques"],"inLanguage":"es"},{"@type":"WebPage","@id":"https:\/\/elotroenfoque.mx\/index.php\/2026\/09\/03\/detienen-en-puebla-a-el-amarillo-lider-de-los-rusos-operaba-en-acapulco\/","url":"https:\/\/elotroenfoque.mx\/index.php\/2026\/09\/03\/detienen-en-puebla-a-el-amarillo-lider-de-los-rusos-operaba-en-acapulco\/","name":"Detienen en Puebla a \u201cEl Amarillo\u201d, l\u00edder de \u201cLos Rusos\u201d; operaba en Acapulco - El otro enfoque","isPartOf":{"@id":"https:\/\/elotroenfoque.mx\/#website"},"primaryImageOfPage":{"@id":"https:\/\/elotroenfoque.mx\/index.php\/2026\/09\/03\/detienen-en-puebla-a-el-amarillo-lider-de-los-rusos-operaba-en-acapulco\/#primaryimage"},"image":{"@id":"https:\/\/elotroenfoque.mx\/index.php\/2026\/09\/03\/detienen-en-puebla-a-el-amarillo-lider-de-los-rusos-operaba-en-acapulco\/#primaryimage"},"thumbnailUrl":"https:\/\/elotroenfoque.mx\/wp-content\/uploads\/2026\/09\/t.jpg","datePublished":"2026-09-03T15:45:27+00:00","dateModified":"2026-09-03T16:49:46+00:00","author":{"@id":"https:\/\/elotroenfoque.mx\/#\/schema\/person\/8eb322f84d0bd9f337e462905519a1ae"},"description":"Autoridades detuvieron en Lomas de Angel\u00f3polis a \u201cEl Amarillo\u201d, presunto l\u00edder de una c\u00e9lula vinculada con \u201cLos Rusos\u201d.","breadcrumb":{"@id":"https:\/\/elotroenfoque.mx\/index.php\/2026\/09\/03\/detienen-en-puebla-a-el-amarillo-lider-de-los-rusos-operaba-en-acapulco\/#breadcrumb"},"inLanguage":"es","potentialAction":[{"@type":"ReadAction","target":["https:\/\/elotroenfoque.mx\/index.php\/2026\/09\/03\/detienen-en-puebla-a-el-amarillo-lider-de-los-rusos-operaba-en-acapulco\/"]}]},{"@type":"ImageObject","inLanguage":"es","@id":"https:\/\/elotroenfoque.mx\/index.php\/2026\/09\/03\/detienen-en-puebla-a-el-amarillo-lider-de-los-rusos-operaba-en-acapulco\/#primaryimage","url":"https:\/\/elotroenfoque.mx\/wp-content\/uploads\/2026\/09\/t.jpg","contentUrl":"https:\/\/elotroenfoque.mx\/wp-content\/uploads\/2026\/09\/t.jpg","width":2048,"height":1366,"caption":"Capturan a \"El Amarillo\", operaba en Acapulco"},{"@type":"BreadcrumbList","@id":"https:\/\/elotroenfoque.mx\/index.php\/2026\/09\/03\/detienen-en-puebla-a-el-amarillo-lider-de-los-rusos-operaba-en-acapulco\/#breadcrumb","itemListElement":[{"@type":"ListItem","position":1,"name":"Portada","item":"https:\/\/elotroenfoque.mx\/"},{"@type":"ListItem","position":2,"name":"Detienen en Puebla a \u201cEl Amarillo\u201d, l\u00edder de \u201cLos Rusos\u201d; operaba en Acapulco"}]},{"@type":"WebSite","@id":"https:\/\/elotroenfoque.mx\/#website","url":"https:\/\/elotroenfoque.mx\/","name":"El otro enfoque","description":"","potentialAction":[{"@type":"SearchAction","target":{"@type":"EntryPoint","urlTemplate":"https:\/\/elotroenfoque.mx\/?s={search_term_string}"},"query-input":{"@type":"PropertyValueSpecification","valueRequired":true,"valueName":"search_term_string"}}],"inLanguage":"es"},{"@type":"Person","@id":"https:\/\/elotroenfoque.mx\/#\/schema\/person\/8eb322f84d0bd9f337e462905519a1ae","name":"Equipo Redaccion","image":{"@type":"ImageObject","inLanguage":"es","@id":"https:\/\/secure.gravatar.com\/avatar\/3579478e2b4e7aad364a32b26cf744b360ae0e581ee1cd0cb18a8f239ee49ac4?s=96&d=mm&r=g","url":"https:\/\/secure.gravatar.com\/avatar\/3579478e2b4e7aad364a32b26cf744b360ae0e581ee1cd0cb18a8f239ee49ac4?s=96&d=mm&r=g","contentUrl":"https:\/\/secure.gravatar.com\/avatar\/3579478e2b4e7aad364a32b26cf744b360ae0e581ee1cd0cb18a8f239ee49ac4?s=96&d=mm&r=g","caption":"Equipo Redaccion"},"url":"https:\/\/elotroenfoque.mx\/index.php\/author\/redaccion\/"}]}},"_links":{"self":[{"href":"https:\/\/elotroenfoque.mx\/index.php\/wp-json\/wp\/v2\/posts\/195510","targetHints":{"allow":["GET"]}}],"collection":[{"href":"https:\/\/elotroenfoque.mx\/index.php\/wp-json\/wp\/v2\/posts"}],"about":[{"href":"https:\/\/elotroenfoque.mx\/index.php\/wp-json\/wp\/v2\/types\/post"}],"author":[{"embeddable":true,"href":"https:\/\/elotroenfoque.mx\/index.php\/wp-json\/wp\/v2\/users\/4"}],"replies":[{"embeddable":true,"href":"https:\/\/elotroenfoque.mx\/index.php\/wp-json\/wp\/v2\/comments?post=195510"}],"version-history":[{"count":1,"href":"https:\/\/elotroenfoque.mx\/index.php\/wp-json\/wp\/v2\/posts\/195510\/revisions"}],"predecessor-version":[{"id":195515,"href":"https:\/\/elotroenfoque.mx\/index.php\/wp-json\/wp\/v2\/posts\/195510\/revisions\/195515"}],"wp:featuredmedia":[{"embeddable":true,"href":"https:\/\/elotroenfoque.mx\/index.php\/wp-json\/wp\/v2\/media\/195511"}],"wp:attachment":[{"href":"https:\/\/elotroenfoque.mx\/index.php\/wp-json\/wp\/v2\/media?parent=195510"}],"wp:term":[{"taxonomy":"category","embeddable":true,"href":"https:\/\/elotroenfoque.mx\/index.php\/wp-json\/wp\/v2\/categories?post=195510"},{"taxonomy":"post_tag","embeddable":true,"href":"https:\/\/elotroenfoque.mx\/index.php\/wp-json\/wp\/v2\/tags?post=195510"}],"curies":[{"name":"wp","href":"https:\/\/api.w.org\/{rel}","templated":true}]}}