{"id":195516,"date":"2026-09-03T10:27:52","date_gmt":"2026-09-03T16:27:52","guid":{"rendered":"https:\/\/elotroenfoque.mx\/?p=195516"},"modified":"2026-09-03T10:27:53","modified_gmt":"2026-09-03T16:27:53","slug":"pleito-entre-familias-causo-homicidio-del-tecladista-y-su-familia-sheinbaum","status":"publish","type":"post","link":"https:\/\/elotroenfoque.mx\/index.php\/2026\/09\/03\/pleito-entre-familias-causo-homicidio-del-tecladista-y-su-familia-sheinbaum\/","title":{"rendered":"Pleito entre familias caus\u00f3 homicidio del tecladista y su familia: Sheinbaum"},"content":{"rendered":"\n<p class=\"wp-block-paragraph\">Un pleito entre familias fue el motivo del multihomicidio en Atizap\u00e1n donde fueron asesinados Jonathan Mel\u00e9ndez, tecladista de Camilo S\u00e9ptimo, su esposa embarazada, su hija de tres a\u00f1os y una trabajadora del hogar, afirm\u00f3 la presidenta Claudia Sheinbaum Pardo.<\/p>\n\n\n\n<p class=\"wp-block-paragraph\">Durante la conferencia matutina de Palacio Nacional de este jueves 3 de septiembre, Sheinbaum expres\u00f3 sus condolencias a los familiares de las v\u00edctimas y confirm\u00f3 que ya hay dos detenidos.<\/p>\n\n\n\n<figure class=\"wp-block-image size-full\"><img loading=\"lazy\" decoding=\"async\" width=\"997\" height=\"598\" src=\"https:\/\/elotroenfoque.mx\/wp-content\/uploads\/2026\/07\/claudita-mensaje-del-ICE.jpg\" alt=\"\" class=\"wp-image-191544\" srcset=\"https:\/\/elotroenfoque.mx\/wp-content\/uploads\/2026\/07\/claudita-mensaje-del-ICE.jpg 997w, https:\/\/elotroenfoque.mx\/wp-content\/uploads\/2026\/07\/claudita-mensaje-del-ICE-300x180.jpg 300w, https:\/\/elotroenfoque.mx\/wp-content\/uploads\/2026\/07\/claudita-mensaje-del-ICE-768x461.jpg 768w\" sizes=\"auto, (max-width: 997px) 100vw, 997px\" \/><\/figure>\n\n\n\n<p class=\"wp-block-paragraph\">La presidenta se\u00f1al\u00f3 que las autoridades ya conocen las causas del crimen ocurrido en la Zona Esmeralda, en Atizap\u00e1n de Zaragoza, Estado de M\u00e9xico.<\/p>\n\n\n\n<p class=\"wp-block-paragraph\">\u201cYa est\u00e1, ya hay detenidos, y ya se conocen tambi\u00e9n las causas de una disputa que ten\u00eda la familia con otra familia, incluso ya sali\u00f3 en los medios una publicaci\u00f3n\u201d, dijo.<\/p>\n\n\n\n<p class=\"wp-block-paragraph\">Con esta declaraci\u00f3n, Sheinbaum se\u00f1al\u00f3 que el pleito entre familias estar\u00eda detr\u00e1s del ataque contra el m\u00fasico y sus familiares.<\/p>\n\n\n\n<p class=\"wp-block-paragraph\">\u201cEn efecto, una situaci\u00f3n muy triste, lamentable. (\u2026) Y se est\u00e1 apoyando a las familias por parte del Gobierno del Estado de M\u00e9xico, y lo que podamos hacer desde Segob, pero ya hay detenciones\u201d, puntualiz\u00f3.<\/p>\n\n\n\n<h2 class=\"wp-block-heading\">Ataque dej\u00f3 cuatro v\u00edctimas en Atizap\u00e1n<\/h2>\n\n\n\n<p class=\"wp-block-paragraph\">El multihomicidio ocurri\u00f3 durante los primeros minutos del mi\u00e9rcoles 2 de septiembre, dentro de la residencia de la familia en la Zona Esmeralda.<\/p>\n\n\n\n<p class=\"wp-block-paragraph\">Vecinos de la torre residencial alertaron a la polic\u00eda municipal despu\u00e9s de escuchar gritos y detonaciones de arma de fuego provenientes del departamento.<\/p>\n\n\n\n<p class=\"wp-block-paragraph\">Al ingresar, los agentes localizaron sin vida a Jonathan Mel\u00e9ndez, de 38 a\u00f1os, tecladista de la banda de indie rock Camilo S\u00e9ptimo.<\/p>\n\n\n\n<p class=\"wp-block-paragraph\">Tambi\u00e9n encontraron asesinada a Ana Paola, esposa del m\u00fasico, de 35 a\u00f1os y con varios meses de embarazo.<\/p>\n\n\n\n<p class=\"wp-block-paragraph\">En el inmueble estaba adem\u00e1s el cuerpo de la hija de ambos, una ni\u00f1a de tres a\u00f1os, as\u00ed como el de una trabajadora del hogar de 21 a\u00f1os.<\/p>\n\n\n\n<figure class=\"wp-block-image size-full\"><img loading=\"lazy\" decoding=\"async\" width=\"688\" height=\"422\" src=\"https:\/\/elotroenfoque.mx\/wp-content\/uploads\/2026\/09\/detenidos-por-el-homicidio.jpg\" alt=\"\" class=\"wp-image-195410\" srcset=\"https:\/\/elotroenfoque.mx\/wp-content\/uploads\/2026\/09\/detenidos-por-el-homicidio.jpg 688w, https:\/\/elotroenfoque.mx\/wp-content\/uploads\/2026\/09\/detenidos-por-el-homicidio-300x184.jpg 300w\" sizes=\"auto, (max-width: 688px) 100vw, 688px\" \/><\/figure>\n\n\n\n<h2 class=\"wp-block-heading\">Dos hombres fueron detenidos tras el multihomicidio<\/h2>\n\n\n\n<p class=\"wp-block-paragraph\">Tras el ataque, autoridades de distintos niveles desplegaron un operativo para localizar a los presuntos responsables.<\/p>\n\n\n\n<p class=\"wp-block-paragraph\">La Fiscal\u00eda General de Justicia del Estado de M\u00e9xico, la Secretar\u00eda de Seguridad y Protecci\u00f3n Ciudadana y la polic\u00eda de la Ciudad de M\u00e9xico participaron en las acciones.<\/p>\n\n\n\n<p class=\"wp-block-paragraph\">Como resultado, el mi\u00e9rcoles fueron detenidos Diego Sebasti\u00e1n \u201cN\u201d y Gerardo \u201cN\u201d, se\u00f1alados por su presunta participaci\u00f3n en los asesinatos.<\/p>\n\n\n\n<p class=\"wp-block-paragraph\">Diego Sebasti\u00e1n \u201cN\u201d fue identificado como socio comercial del artista y se\u00f1alado como presunto autor del crimen, de acuerdo con las investigaciones.<\/p>\n\n\n\n<p class=\"wp-block-paragraph\">Las autoridades deber\u00e1n determinar la responsabilidad de ambos hombres y presentar ante un juez los elementos obtenidos durante las indagatorias.<\/p>\n\n\n\n<h2 class=\"wp-block-heading\">Un menor sobrevivi\u00f3 al ataque dentro del domicilio<\/h2>\n\n\n\n<p class=\"wp-block-paragraph\">Durante la intervenci\u00f3n de los servicios de emergencia, las autoridades localizaron a un menor de seis a\u00f1os dentro de la vivienda.<\/p>\n\n\n\n<p class=\"wp-block-paragraph\">El ni\u00f1o fue rescatado ileso y no presentaba signos de violencia f\u00edsica, de acuerdo con los primeros reportes sobre el caso.<\/p>\n\n\n\n<p class=\"wp-block-paragraph\">Adem\u00e1s, una mascota de la familia fue encontrada sin vida dentro del inmueble donde ocurri\u00f3 el ataque.<\/p>\n\n\n\n<p class=\"wp-block-paragraph\">El crimen provoc\u00f3 consternaci\u00f3n debido a la violencia utilizada y porque ocurri\u00f3 dentro de una residencia donde tambi\u00e9n se encontraban menores.<\/p>\n\n\n\n<p class=\"wp-block-paragraph\">Tambi\u00e9n lee: <strong><a href=\"https:\/\/elotroenfoque.mx\/index.php\/2026\/09\/02\/mexico-supera-el-millon-de-autos-vendidos-en-2026\/\">M\u00e9xico supera el mill\u00f3n de autos vendidos en 2026<\/a><\/strong><\/p>\n\n\n\n<p class=\"wp-block-paragraph\">Mientras tanto, las autoridades mantienen abierta la investigaci\u00f3n para esclarecer c\u00f3mo ocurri\u00f3 el ataque y confirmar las circunstancias de la disputa.<\/p>\n\n\n\n<p class=\"wp-block-paragraph\">La declaraci\u00f3n de Sheinbaum coloca el pleito entre familias como el motivo se\u00f1alado para explicar el multihomicidio en Atizap\u00e1n.<\/p>\n\n\n\n<p class=\"wp-block-paragraph\">Sin embargo, corresponder\u00e1 a la Fiscal\u00eda acreditar esa l\u00ednea de investigaci\u00f3n y establecer legalmente la responsabilidad de los dos detenidos.<\/p>\n\n\n\n<p class=\"wp-block-paragraph\">Por ahora, ambos hombres permanecen bajo investigaci\u00f3n por su presunta participaci\u00f3n en el asesinato del m\u00fasico, su familia y la trabajadora del hogar.<\/p>\n\n\n\n<p class=\"wp-block-paragraph\"><strong><a href=\"https:\/\/www.tiktok.com\/@elotroenfoque?_r=1&amp;_t=ZS-97ffhW6kR1t\">Sigue tambi\u00e9n las noticias en TikTok<\/a><\/strong><\/p>\n\n\n\n<p class=\"wp-block-paragraph\"><\/p>\n","protected":false},"excerpt":{"rendered":"<p>Un pleito entre familias fue el motivo del multihomicidio en Atizap\u00e1n donde fueron asesinados Jonathan Mel\u00e9ndez, tecladista de Camilo S\u00e9ptimo, su esposa embarazada, su hija de tres a\u00f1os y una trabajadora del hogar, afirm\u00f3 la presidenta Claudia Sheinbaum Pardo. Durante la conferencia matutina de Palacio Nacional de este jueves 3 de septiembre, Sheinbaum expres\u00f3 sus&#8230;<\/p>\n","protected":false},"author":4,"featured_media":195517,"comment_status":"closed","ping_status":"open","sticky":false,"template":"","format":"standard","meta":{"footnotes":""},"categories":[11],"tags":[13,4517],"class_list":["post-195516","post","type-post","status-publish","format-standard","has-post-thumbnail","hentry","category-otrasnoticias","tag-guanajuato","tag-noticias-guanajuato"],"yoast_head":"<!-- This site is optimized with the Yoast SEO plugin v28.2 - https:\/\/yoast.com\/product\/yoast-seo-wordpress\/ -->\n<title>Pleito entre familias caus\u00f3 homicidio del tecladista y su familia: Sheinbaum - El otro enfoque<\/title>\n<meta name=\"description\" content=\"Sheinbaum afirm\u00f3 que un pleito entre familias fue el motivo del multihomicidio en Atizap\u00e1n, donde asesinaron a cuatro personas.\" \/>\n<meta name=\"robots\" content=\"index, follow, max-snippet:-1, max-image-preview:large, max-video-preview:-1\" \/>\n<link rel=\"canonical\" href=\"https:\/\/elotroenfoque.mx\/index.php\/2026\/09\/03\/pleito-entre-familias-causo-homicidio-del-tecladista-y-su-familia-sheinbaum\/\" \/>\n<meta property=\"og:locale\" content=\"es_MX\" \/>\n<meta property=\"og:type\" content=\"article\" \/>\n<meta property=\"og:title\" content=\"Pleito entre familias caus\u00f3 homicidio del tecladista y su familia: Sheinbaum - El otro enfoque\" \/>\n<meta property=\"og:description\" content=\"Sheinbaum afirm\u00f3 que un pleito entre familias fue el motivo del multihomicidio en Atizap\u00e1n, donde asesinaron a cuatro personas.\" \/>\n<meta property=\"og:url\" content=\"https:\/\/elotroenfoque.mx\/index.php\/2026\/09\/03\/pleito-entre-familias-causo-homicidio-del-tecladista-y-su-familia-sheinbaum\/\" \/>\n<meta property=\"og:site_name\" content=\"El otro enfoque\" \/>\n<meta property=\"article:published_time\" content=\"2026-09-03T16:27:52+00:00\" \/>\n<meta property=\"article:modified_time\" content=\"2026-09-03T16:27:53+00:00\" \/>\n<meta property=\"og:image\" content=\"https:\/\/elotroenfoque.mx\/wp-content\/uploads\/2026\/09\/tecladista-de-camilo-septimo.jpg\" \/>\n\t<meta property=\"og:image:width\" content=\"643\" \/>\n\t<meta property=\"og:image:height\" content=\"362\" \/>\n\t<meta property=\"og:image:type\" content=\"image\/jpeg\" \/>\n<meta name=\"author\" content=\"Equipo Redaccion\" \/>\n<meta name=\"twitter:card\" content=\"summary_large_image\" \/>\n<meta name=\"twitter:label1\" content=\"Escrito por\" \/>\n\t<meta name=\"twitter:data1\" content=\"Equipo Redaccion\" \/>\n\t<meta name=\"twitter:label2\" content=\"Tiempo de lectura\" \/>\n\t<meta name=\"twitter:data2\" content=\"4 minutos\" \/>\n<script type=\"application\/ld+json\" class=\"yoast-schema-graph\">{\"@context\":\"https:\\\/\\\/schema.org\",\"@graph\":[{\"@type\":\"Article\",\"@id\":\"https:\\\/\\\/elotroenfoque.mx\\\/index.php\\\/2026\\\/09\\\/03\\\/pleito-entre-familias-causo-homicidio-del-tecladista-y-su-familia-sheinbaum\\\/#article\",\"isPartOf\":{\"@id\":\"https:\\\/\\\/elotroenfoque.mx\\\/index.php\\\/2026\\\/09\\\/03\\\/pleito-entre-familias-causo-homicidio-del-tecladista-y-su-familia-sheinbaum\\\/\"},\"author\":{\"name\":\"Equipo Redaccion\",\"@id\":\"https:\\\/\\\/elotroenfoque.mx\\\/#\\\/schema\\\/person\\\/8eb322f84d0bd9f337e462905519a1ae\"},\"headline\":\"Pleito entre familias caus\u00f3 homicidio del tecladista y su familia: Sheinbaum\",\"datePublished\":\"2026-09-03T16:27:52+00:00\",\"dateModified\":\"2026-09-03T16:27:53+00:00\",\"mainEntityOfPage\":{\"@id\":\"https:\\\/\\\/elotroenfoque.mx\\\/index.php\\\/2026\\\/09\\\/03\\\/pleito-entre-familias-causo-homicidio-del-tecladista-y-su-familia-sheinbaum\\\/\"},\"wordCount\":672,\"image\":{\"@id\":\"https:\\\/\\\/elotroenfoque.mx\\\/index.php\\\/2026\\\/09\\\/03\\\/pleito-entre-familias-causo-homicidio-del-tecladista-y-su-familia-sheinbaum\\\/#primaryimage\"},\"thumbnailUrl\":\"https:\\\/\\\/elotroenfoque.mx\\\/wp-content\\\/uploads\\\/2026\\\/09\\\/tecladista-de-camilo-septimo.jpg\",\"keywords\":[\"Guanajuato\",\"Noticias Guanajuato\"],\"articleSection\":[\"Otras Noticias\"],\"inLanguage\":\"es\"},{\"@type\":\"WebPage\",\"@id\":\"https:\\\/\\\/elotroenfoque.mx\\\/index.php\\\/2026\\\/09\\\/03\\\/pleito-entre-familias-causo-homicidio-del-tecladista-y-su-familia-sheinbaum\\\/\",\"url\":\"https:\\\/\\\/elotroenfoque.mx\\\/index.php\\\/2026\\\/09\\\/03\\\/pleito-entre-familias-causo-homicidio-del-tecladista-y-su-familia-sheinbaum\\\/\",\"name\":\"Pleito entre familias caus\u00f3 homicidio del tecladista y su familia: Sheinbaum - El otro enfoque\",\"isPartOf\":{\"@id\":\"https:\\\/\\\/elotroenfoque.mx\\\/#website\"},\"primaryImageOfPage\":{\"@id\":\"https:\\\/\\\/elotroenfoque.mx\\\/index.php\\\/2026\\\/09\\\/03\\\/pleito-entre-familias-causo-homicidio-del-tecladista-y-su-familia-sheinbaum\\\/#primaryimage\"},\"image\":{\"@id\":\"https:\\\/\\\/elotroenfoque.mx\\\/index.php\\\/2026\\\/09\\\/03\\\/pleito-entre-familias-causo-homicidio-del-tecladista-y-su-familia-sheinbaum\\\/#primaryimage\"},\"thumbnailUrl\":\"https:\\\/\\\/elotroenfoque.mx\\\/wp-content\\\/uploads\\\/2026\\\/09\\\/tecladista-de-camilo-septimo.jpg\",\"datePublished\":\"2026-09-03T16:27:52+00:00\",\"dateModified\":\"2026-09-03T16:27:53+00:00\",\"author\":{\"@id\":\"https:\\\/\\\/elotroenfoque.mx\\\/#\\\/schema\\\/person\\\/8eb322f84d0bd9f337e462905519a1ae\"},\"description\":\"Sheinbaum afirm\u00f3 que un pleito entre familias fue el motivo del multihomicidio en Atizap\u00e1n, donde asesinaron a cuatro personas.\",\"breadcrumb\":{\"@id\":\"https:\\\/\\\/elotroenfoque.mx\\\/index.php\\\/2026\\\/09\\\/03\\\/pleito-entre-familias-causo-homicidio-del-tecladista-y-su-familia-sheinbaum\\\/#breadcrumb\"},\"inLanguage\":\"es\",\"potentialAction\":[{\"@type\":\"ReadAction\",\"target\":[\"https:\\\/\\\/elotroenfoque.mx\\\/index.php\\\/2026\\\/09\\\/03\\\/pleito-entre-familias-causo-homicidio-del-tecladista-y-su-familia-sheinbaum\\\/\"]}]},{\"@type\":\"ImageObject\",\"inLanguage\":\"es\",\"@id\":\"https:\\\/\\\/elotroenfoque.mx\\\/index.php\\\/2026\\\/09\\\/03\\\/pleito-entre-familias-causo-homicidio-del-tecladista-y-su-familia-sheinbaum\\\/#primaryimage\",\"url\":\"https:\\\/\\\/elotroenfoque.mx\\\/wp-content\\\/uploads\\\/2026\\\/09\\\/tecladista-de-camilo-septimo.jpg\",\"contentUrl\":\"https:\\\/\\\/elotroenfoque.mx\\\/wp-content\\\/uploads\\\/2026\\\/09\\\/tecladista-de-camilo-septimo.jpg\",\"width\":643,\"height\":362},{\"@type\":\"BreadcrumbList\",\"@id\":\"https:\\\/\\\/elotroenfoque.mx\\\/index.php\\\/2026\\\/09\\\/03\\\/pleito-entre-familias-causo-homicidio-del-tecladista-y-su-familia-sheinbaum\\\/#breadcrumb\",\"itemListElement\":[{\"@type\":\"ListItem\",\"position\":1,\"name\":\"Portada\",\"item\":\"https:\\\/\\\/elotroenfoque.mx\\\/\"},{\"@type\":\"ListItem\",\"position\":2,\"name\":\"Pleito entre familias caus\u00f3 homicidio del tecladista y su familia: Sheinbaum\"}]},{\"@type\":\"WebSite\",\"@id\":\"https:\\\/\\\/elotroenfoque.mx\\\/#website\",\"url\":\"https:\\\/\\\/elotroenfoque.mx\\\/\",\"name\":\"El otro enfoque\",\"description\":\"\",\"potentialAction\":[{\"@type\":\"SearchAction\",\"target\":{\"@type\":\"EntryPoint\",\"urlTemplate\":\"https:\\\/\\\/elotroenfoque.mx\\\/?s={search_term_string}\"},\"query-input\":{\"@type\":\"PropertyValueSpecification\",\"valueRequired\":true,\"valueName\":\"search_term_string\"}}],\"inLanguage\":\"es\"},{\"@type\":\"Person\",\"@id\":\"https:\\\/\\\/elotroenfoque.mx\\\/#\\\/schema\\\/person\\\/8eb322f84d0bd9f337e462905519a1ae\",\"name\":\"Equipo Redaccion\",\"image\":{\"@type\":\"ImageObject\",\"inLanguage\":\"es\",\"@id\":\"https:\\\/\\\/secure.gravatar.com\\\/avatar\\\/3579478e2b4e7aad364a32b26cf744b360ae0e581ee1cd0cb18a8f239ee49ac4?s=96&d=mm&r=g\",\"url\":\"https:\\\/\\\/secure.gravatar.com\\\/avatar\\\/3579478e2b4e7aad364a32b26cf744b360ae0e581ee1cd0cb18a8f239ee49ac4?s=96&d=mm&r=g\",\"contentUrl\":\"https:\\\/\\\/secure.gravatar.com\\\/avatar\\\/3579478e2b4e7aad364a32b26cf744b360ae0e581ee1cd0cb18a8f239ee49ac4?s=96&d=mm&r=g\",\"caption\":\"Equipo Redaccion\"},\"url\":\"https:\\\/\\\/elotroenfoque.mx\\\/index.php\\\/author\\\/redaccion\\\/\"}]}<\/script>\n<!-- \/ Yoast SEO plugin. -->","yoast_head_json":{"title":"Pleito entre familias caus\u00f3 homicidio del tecladista y su familia: Sheinbaum - El otro enfoque","description":"Sheinbaum afirm\u00f3 que un pleito entre familias fue el motivo del multihomicidio en Atizap\u00e1n, donde asesinaron a cuatro personas.","robots":{"index":"index","follow":"follow","max-snippet":"max-snippet:-1","max-image-preview":"max-image-preview:large","max-video-preview":"max-video-preview:-1"},"canonical":"https:\/\/elotroenfoque.mx\/index.php\/2026\/09\/03\/pleito-entre-familias-causo-homicidio-del-tecladista-y-su-familia-sheinbaum\/","og_locale":"es_MX","og_type":"article","og_title":"Pleito entre familias caus\u00f3 homicidio del tecladista y su familia: Sheinbaum - El otro enfoque","og_description":"Sheinbaum afirm\u00f3 que un pleito entre familias fue el motivo del multihomicidio en Atizap\u00e1n, donde asesinaron a cuatro personas.","og_url":"https:\/\/elotroenfoque.mx\/index.php\/2026\/09\/03\/pleito-entre-familias-causo-homicidio-del-tecladista-y-su-familia-sheinbaum\/","og_site_name":"El otro enfoque","article_published_time":"2026-09-03T16:27:52+00:00","article_modified_time":"2026-09-03T16:27:53+00:00","og_image":[{"width":643,"height":362,"url":"https:\/\/elotroenfoque.mx\/wp-content\/uploads\/2026\/09\/tecladista-de-camilo-septimo.jpg","type":"image\/jpeg"}],"author":"Equipo Redaccion","twitter_card":"summary_large_image","twitter_misc":{"Escrito por":"Equipo Redaccion","Tiempo de lectura":"4 minutos"},"schema":{"@context":"https:\/\/schema.org","@graph":[{"@type":"Article","@id":"https:\/\/elotroenfoque.mx\/index.php\/2026\/09\/03\/pleito-entre-familias-causo-homicidio-del-tecladista-y-su-familia-sheinbaum\/#article","isPartOf":{"@id":"https:\/\/elotroenfoque.mx\/index.php\/2026\/09\/03\/pleito-entre-familias-causo-homicidio-del-tecladista-y-su-familia-sheinbaum\/"},"author":{"name":"Equipo Redaccion","@id":"https:\/\/elotroenfoque.mx\/#\/schema\/person\/8eb322f84d0bd9f337e462905519a1ae"},"headline":"Pleito entre familias caus\u00f3 homicidio del tecladista y su familia: Sheinbaum","datePublished":"2026-09-03T16:27:52+00:00","dateModified":"2026-09-03T16:27:53+00:00","mainEntityOfPage":{"@id":"https:\/\/elotroenfoque.mx\/index.php\/2026\/09\/03\/pleito-entre-familias-causo-homicidio-del-tecladista-y-su-familia-sheinbaum\/"},"wordCount":672,"image":{"@id":"https:\/\/elotroenfoque.mx\/index.php\/2026\/09\/03\/pleito-entre-familias-causo-homicidio-del-tecladista-y-su-familia-sheinbaum\/#primaryimage"},"thumbnailUrl":"https:\/\/elotroenfoque.mx\/wp-content\/uploads\/2026\/09\/tecladista-de-camilo-septimo.jpg","keywords":["Guanajuato","Noticias Guanajuato"],"articleSection":["Otras Noticias"],"inLanguage":"es"},{"@type":"WebPage","@id":"https:\/\/elotroenfoque.mx\/index.php\/2026\/09\/03\/pleito-entre-familias-causo-homicidio-del-tecladista-y-su-familia-sheinbaum\/","url":"https:\/\/elotroenfoque.mx\/index.php\/2026\/09\/03\/pleito-entre-familias-causo-homicidio-del-tecladista-y-su-familia-sheinbaum\/","name":"Pleito entre familias caus\u00f3 homicidio del tecladista y su familia: Sheinbaum - El otro enfoque","isPartOf":{"@id":"https:\/\/elotroenfoque.mx\/#website"},"primaryImageOfPage":{"@id":"https:\/\/elotroenfoque.mx\/index.php\/2026\/09\/03\/pleito-entre-familias-causo-homicidio-del-tecladista-y-su-familia-sheinbaum\/#primaryimage"},"image":{"@id":"https:\/\/elotroenfoque.mx\/index.php\/2026\/09\/03\/pleito-entre-familias-causo-homicidio-del-tecladista-y-su-familia-sheinbaum\/#primaryimage"},"thumbnailUrl":"https:\/\/elotroenfoque.mx\/wp-content\/uploads\/2026\/09\/tecladista-de-camilo-septimo.jpg","datePublished":"2026-09-03T16:27:52+00:00","dateModified":"2026-09-03T16:27:53+00:00","author":{"@id":"https:\/\/elotroenfoque.mx\/#\/schema\/person\/8eb322f84d0bd9f337e462905519a1ae"},"description":"Sheinbaum afirm\u00f3 que un pleito entre familias fue el motivo del multihomicidio en Atizap\u00e1n, donde asesinaron a cuatro personas.","breadcrumb":{"@id":"https:\/\/elotroenfoque.mx\/index.php\/2026\/09\/03\/pleito-entre-familias-causo-homicidio-del-tecladista-y-su-familia-sheinbaum\/#breadcrumb"},"inLanguage":"es","potentialAction":[{"@type":"ReadAction","target":["https:\/\/elotroenfoque.mx\/index.php\/2026\/09\/03\/pleito-entre-familias-causo-homicidio-del-tecladista-y-su-familia-sheinbaum\/"]}]},{"@type":"ImageObject","inLanguage":"es","@id":"https:\/\/elotroenfoque.mx\/index.php\/2026\/09\/03\/pleito-entre-familias-causo-homicidio-del-tecladista-y-su-familia-sheinbaum\/#primaryimage","url":"https:\/\/elotroenfoque.mx\/wp-content\/uploads\/2026\/09\/tecladista-de-camilo-septimo.jpg","contentUrl":"https:\/\/elotroenfoque.mx\/wp-content\/uploads\/2026\/09\/tecladista-de-camilo-septimo.jpg","width":643,"height":362},{"@type":"BreadcrumbList","@id":"https:\/\/elotroenfoque.mx\/index.php\/2026\/09\/03\/pleito-entre-familias-causo-homicidio-del-tecladista-y-su-familia-sheinbaum\/#breadcrumb","itemListElement":[{"@type":"ListItem","position":1,"name":"Portada","item":"https:\/\/elotroenfoque.mx\/"},{"@type":"ListItem","position":2,"name":"Pleito entre familias caus\u00f3 homicidio del tecladista y su familia: Sheinbaum"}]},{"@type":"WebSite","@id":"https:\/\/elotroenfoque.mx\/#website","url":"https:\/\/elotroenfoque.mx\/","name":"El otro enfoque","description":"","potentialAction":[{"@type":"SearchAction","target":{"@type":"EntryPoint","urlTemplate":"https:\/\/elotroenfoque.mx\/?s={search_term_string}"},"query-input":{"@type":"PropertyValueSpecification","valueRequired":true,"valueName":"search_term_string"}}],"inLanguage":"es"},{"@type":"Person","@id":"https:\/\/elotroenfoque.mx\/#\/schema\/person\/8eb322f84d0bd9f337e462905519a1ae","name":"Equipo Redaccion","image":{"@type":"ImageObject","inLanguage":"es","@id":"https:\/\/secure.gravatar.com\/avatar\/3579478e2b4e7aad364a32b26cf744b360ae0e581ee1cd0cb18a8f239ee49ac4?s=96&d=mm&r=g","url":"https:\/\/secure.gravatar.com\/avatar\/3579478e2b4e7aad364a32b26cf744b360ae0e581ee1cd0cb18a8f239ee49ac4?s=96&d=mm&r=g","contentUrl":"https:\/\/secure.gravatar.com\/avatar\/3579478e2b4e7aad364a32b26cf744b360ae0e581ee1cd0cb18a8f239ee49ac4?s=96&d=mm&r=g","caption":"Equipo Redaccion"},"url":"https:\/\/elotroenfoque.mx\/index.php\/author\/redaccion\/"}]}},"_links":{"self":[{"href":"https:\/\/elotroenfoque.mx\/index.php\/wp-json\/wp\/v2\/posts\/195516","targetHints":{"allow":["GET"]}}],"collection":[{"href":"https:\/\/elotroenfoque.mx\/index.php\/wp-json\/wp\/v2\/posts"}],"about":[{"href":"https:\/\/elotroenfoque.mx\/index.php\/wp-json\/wp\/v2\/types\/post"}],"author":[{"embeddable":true,"href":"https:\/\/elotroenfoque.mx\/index.php\/wp-json\/wp\/v2\/users\/4"}],"replies":[{"embeddable":true,"href":"https:\/\/elotroenfoque.mx\/index.php\/wp-json\/wp\/v2\/comments?post=195516"}],"version-history":[{"count":1,"href":"https:\/\/elotroenfoque.mx\/index.php\/wp-json\/wp\/v2\/posts\/195516\/revisions"}],"predecessor-version":[{"id":195518,"href":"https:\/\/elotroenfoque.mx\/index.php\/wp-json\/wp\/v2\/posts\/195516\/revisions\/195518"}],"wp:featuredmedia":[{"embeddable":true,"href":"https:\/\/elotroenfoque.mx\/index.php\/wp-json\/wp\/v2\/media\/195517"}],"wp:attachment":[{"href":"https:\/\/elotroenfoque.mx\/index.php\/wp-json\/wp\/v2\/media?parent=195516"}],"wp:term":[{"taxonomy":"category","embeddable":true,"href":"https:\/\/elotroenfoque.mx\/index.php\/wp-json\/wp\/v2\/categories?post=195516"},{"taxonomy":"post_tag","embeddable":true,"href":"https:\/\/elotroenfoque.mx\/index.php\/wp-json\/wp\/v2\/tags?post=195516"}],"curies":[{"name":"wp","href":"https:\/\/api.w.org\/{rel}","templated":true}]}}