{"id":195523,"date":"2026-09-03T12:46:07","date_gmt":"2026-09-03T18:46:07","guid":{"rendered":"https:\/\/elotroenfoque.mx\/?p=195523"},"modified":"2026-09-03T15:55:33","modified_gmt":"2026-09-03T21:55:33","slug":"gobierno-del-guanajuato-manejara-recursos-que-antes-daba-a-patronato-de-la-feria-de-leon","status":"publish","type":"post","link":"https:\/\/elotroenfoque.mx\/index.php\/2026\/09\/03\/gobierno-del-guanajuato-manejara-recursos-que-antes-daba-a-patronato-de-la-feria-de-leon\/","title":{"rendered":"Gobierno del Guanajuato manejar\u00e1 recursos que antes daba a patronato de la Feria de Le\u00f3n"},"content":{"rendered":"\n<p class=\"wp-block-paragraph\">El Gobierno del Estado de Guanajuato ahora manejar\u00e1 directamente los recursos que anteriormente le asignaba al patronato de la Feria de Le\u00f3n.<\/p>\n\n\n\n<p class=\"wp-block-paragraph\">Para el evento de esta edici\u00f3n 2027 el Gobierno del Estado asumir\u00e1 directamente la contrataci\u00f3n de artistas y proveedores, modificando el esquema bajo el cual el Patronato recib\u00eda recursos p\u00fablicos para organizar la cartelera.<\/p>\n\n\n\n<p class=\"wp-block-paragraph\">La Feria de Le\u00f3n 2027 tendr\u00e1 un cambio importante en la forma en que se administrar\u00e1n los recursos destinados a sus espect\u00e1culos.<\/p>\n\n\n\n<figure class=\"wp-block-image size-large\"><img loading=\"lazy\" decoding=\"async\" width=\"1024\" height=\"576\" src=\"https:\/\/elotroenfoque.mx\/wp-content\/uploads\/2026\/09\/feria1-1-1024x576.jpg\" alt=\"\" class=\"wp-image-195554\" srcset=\"https:\/\/elotroenfoque.mx\/wp-content\/uploads\/2026\/09\/feria1-1-1024x576.jpg 1024w, https:\/\/elotroenfoque.mx\/wp-content\/uploads\/2026\/09\/feria1-1-300x169.jpg 300w, https:\/\/elotroenfoque.mx\/wp-content\/uploads\/2026\/09\/feria1-1-768x432.jpg 768w, https:\/\/elotroenfoque.mx\/wp-content\/uploads\/2026\/09\/feria1-1.jpg 1152w\" sizes=\"auto, (max-width: 1024px) 100vw, 1024px\" \/><\/figure>\n\n\n\n<p class=\"wp-block-paragraph\">Para la pr\u00f3xima edici\u00f3n, el Gobierno de Guanajuato busca dejar atr\u00e1s el modelo en el que se entregaba una bolsa de recursos al Patronato de la Feria para que \u00e9ste se encargara de contratar los conciertos y, en su lugar, ser\u00e1 la propia administraci\u00f3n estatal la que maneje y ejerza directamente los recursos destinados a determinadas fechas de la cartelera.<\/p>\n\n\n\n<p class=\"wp-block-paragraph\">La nueva estrategia contempla que el Gobierno estatal contrate directamente a los artistas y a los proveedores necesarios para la realizaci\u00f3n de los conciertos.<\/p>\n\n\n\n<p class=\"wp-block-paragraph\">La secretaria de Turismo e Identidad, Lupita Robles, explic\u00f3 que el objetivo es aprovechar mejor el presupuesto y obtener mejores condiciones en cada contrataci\u00f3n.<\/p>\n\n\n\n<p class=\"wp-block-paragraph\">\u201cVamos a apoyar en especie y vamos a llevar conciertos. Nosotros vamos a pagar directamente los conciertos como gobierno del estado\u201d, explic\u00f3 la funcionaria.<\/p>\n\n\n\n<p class=\"wp-block-paragraph\">Gobierno estatal analiza contratar cinco conciertos<\/p>\n\n\n\n<p class=\"wp-block-paragraph\">Para la Feria de Le\u00f3n 2027, la administraci\u00f3n estatal analiza hacerse cargo directamente de alrededor de cinco fechas de conciertos.<\/p>\n\n\n\n<p class=\"wp-block-paragraph\">Por ahora no existen artistas confirmados ni un presupuesto definitivo, ya que el monto depender\u00e1 de los espect\u00e1culos que se busquen contratar, el g\u00e9nero musical y si se trata de artistas nacionales o internacionales.<\/p>\n\n\n\n<figure class=\"wp-block-gallery has-nested-images columns-default is-cropped wp-block-gallery-1 is-layout-flex wp-block-gallery-is-layout-flex\">\n<figure class=\"wp-block-image size-large\"><img loading=\"lazy\" decoding=\"async\" width=\"1024\" height=\"683\" data-id=\"195555\" src=\"https:\/\/elotroenfoque.mx\/wp-content\/uploads\/2026\/09\/feria-1-1024x683.jpg\" alt=\"\" class=\"wp-image-195555\" srcset=\"https:\/\/elotroenfoque.mx\/wp-content\/uploads\/2026\/09\/feria-1-1024x683.jpg 1024w, https:\/\/elotroenfoque.mx\/wp-content\/uploads\/2026\/09\/feria-1-768x512.jpg 768w, https:\/\/elotroenfoque.mx\/wp-content\/uploads\/2026\/09\/feria-1-300x200.jpg 300w, https:\/\/elotroenfoque.mx\/wp-content\/uploads\/2026\/09\/feria-1-600x400.jpg 600w, https:\/\/elotroenfoque.mx\/wp-content\/uploads\/2026\/09\/feria-1.jpg 1365w\" sizes=\"auto, (max-width: 1024px) 100vw, 1024px\" \/><\/figure>\n\n\n\n<figure class=\"wp-block-image size-large\"><img loading=\"lazy\" decoding=\"async\" width=\"1024\" height=\"576\" data-id=\"195556\" src=\"https:\/\/elotroenfoque.mx\/wp-content\/uploads\/2026\/09\/feria3-1-1024x576.jpg\" alt=\"\" class=\"wp-image-195556\" srcset=\"https:\/\/elotroenfoque.mx\/wp-content\/uploads\/2026\/09\/feria3-1-1024x576.jpg 1024w, https:\/\/elotroenfoque.mx\/wp-content\/uploads\/2026\/09\/feria3-1-300x169.jpg 300w, https:\/\/elotroenfoque.mx\/wp-content\/uploads\/2026\/09\/feria3-1-768x432.jpg 768w, https:\/\/elotroenfoque.mx\/wp-content\/uploads\/2026\/09\/feria3-1.jpg 1152w\" sizes=\"auto, (max-width: 1024px) 100vw, 1024px\" \/><\/figure>\n<\/figure>\n\n\n\n<p class=\"wp-block-paragraph\">\u201cBuscamos cinco fechas para poner a la consideraci\u00f3n de la gobernadora y decidir\u201d, se\u00f1al\u00f3 Robles.<\/p>\n\n\n\n<p class=\"wp-block-paragraph\">La intenci\u00f3n es mantener el respaldo del Gobierno de Guanajuato a la Feria y garantizar una oferta de espect\u00e1culos para los asistentes, pero bajo un esquema en el que la administraci\u00f3n estatal tenga un mayor control sobre la contrataci\u00f3n y aplicaci\u00f3n de los recursos.<\/p>\n\n\n\n<p class=\"wp-block-paragraph\">\u00bfQu\u00e9 pasar\u00e1 con los recursos que recib\u00eda el Patronato?<\/p>\n\n\n\n<p class=\"wp-block-paragraph\">Uno de los principales cambios ser\u00e1 precisamente la forma en que se administrar\u00e1 el dinero destinado a los conciertos.<\/p>\n\n\n\n<p class=\"wp-block-paragraph\">En la Feria de Le\u00f3n 2026, el Patronato destin\u00f3 157.8 millones de pesos para los espect\u00e1culos, de los cuales 90 millones de pesos fueron aportados por el Gobierno de Guanajuato y 67.8 millones correspondieron al propio Patronato.<\/p>\n\n\n\n<p class=\"wp-block-paragraph\">Bajo el nuevo modelo, el Gobierno estatal pretende que los recursos que anteriormente se transfer\u00edan al Patronato para la contrataci\u00f3n de espect\u00e1culos sean manejados directamente por la administraci\u00f3n estatal en las fechas que \u00e9sta asuma.<\/p>\n\n\n\n<p class=\"wp-block-paragraph\">Esto permitir\u00eda al Gobierno negociar directamente con artistas y proveedores, adem\u00e1s de definir las condiciones de cada contrataci\u00f3n.<\/p>\n\n\n\n<p class=\"wp-block-paragraph\">Buscan abrir contratos a empresas de Guanajuato<\/p>\n\n\n\n<p class=\"wp-block-paragraph\">El cambio no solamente contempla modificar qui\u00e9n administra los recursos, sino tambi\u00e9n ampliar la participaci\u00f3n de empresas locales y regionales.<\/p>\n\n\n\n<p class=\"wp-block-paragraph\">La administraci\u00f3n estatal pretende que las contrataciones no se concentren en una sola compa\u00f1\u00eda y que puedan participar diferentes proveedores de Guanajuato y de la regi\u00f3n.<\/p>\n\n\n\n<p class=\"wp-block-paragraph\">Esto abrir\u00eda oportunidades para empresas dedicadas a la producci\u00f3n de espect\u00e1culos, montaje, infraestructura, log\u00edstica y otros servicios relacionados con los conciertos.<\/p>\n\n\n\n<p class=\"wp-block-paragraph\">Un ejemplo es que Le\u00f3n tiene empresas competitivas para estos eventos es el caso de una empresa productora de Le\u00f3n que recientemente concret\u00f3 un concierto de talla internacional en San Luis Potos\u00ed, donde la artista Katy Perry form\u00f3 parte de la programaci\u00f3n de esa feria.<\/p>\n\n\n\n<p class=\"wp-block-paragraph\">Los proveedores que participar\u00e1n en la Feria de Le\u00f3n 2027 todav\u00eda no est\u00e1n definidos, pero la prioridad hacia empresas locales y regionales forma parte del planteamiento del nuevo esquema.<\/p>\n\n\n\n<p class=\"wp-block-paragraph\">OCESA quedar\u00eda fuera de las contrataciones que haga el Gobierno estatal<\/p>\n\n\n\n<p class=\"wp-block-paragraph\">En ediciones anteriores, OCESA tuvo participaci\u00f3n en la contrataci\u00f3n de la cartelera de conciertos.<\/p>\n\n\n\n<p class=\"wp-block-paragraph\">Para la Feria de Le\u00f3n 2026, entre los artistas que formaron parte de la programaci\u00f3n estuvieron DJ Ti\u00ebsto, Foo Fighters y Zo\u00e9.<\/p>\n\n\n\n<p class=\"wp-block-paragraph\">Ahora, el Gobierno de Guanajuato busca modificar esa f\u00f3rmula y asumir directamente la contrataci\u00f3n de los espect\u00e1culos que queden bajo su responsabilidad.<\/p>\n\n\n\n<p class=\"wp-block-paragraph\">Esto implica que, al menos en las fechas que contrate directamente el Gobierno estatal, la administraci\u00f3n buscar\u00e1 establecer acuerdos con los artistas y proveedores sin recurrir al esquema anterior de concentraci\u00f3n de la contrataci\u00f3n.<\/p>\n\n\n\n<p class=\"wp-block-paragraph\">Patronato mantiene coordinaci\u00f3n con el Gobierno<\/p>\n\n\n\n<p class=\"wp-block-paragraph\">El cambio en el manejo de los recursos no significa, por ahora, una ruptura entre el Gobierno estatal y el Patronato de la Feria.<\/p>\n\n\n\n<p class=\"wp-block-paragraph\">El presidente del Patronato, H\u00e9ctor Rodr\u00edguez Vel\u00e1zquez, asegur\u00f3 que existe comunicaci\u00f3n constante con la Secretar\u00eda de Turismo e Identidad y que el organismo estaba enterado del nuevo planteamiento.<\/p>\n\n\n\n<p class=\"wp-block-paragraph\">A\u00fan est\u00e1 pendiente definir con precisi\u00f3n c\u00f3mo se dividir\u00e1n las responsabilidades entre el Gobierno estatal y el Patronato, particularmente en temas como infraestructura, log\u00edstica y producci\u00f3n de los conciertos.<\/p>\n\n\n\n<p class=\"wp-block-paragraph\">Adem\u00e1s, aunque el Gobierno contempla hacerse cargo inicialmente de cinco fechas, el Patronato no descarta que puedan sumarse otros espect\u00e1culos a la programaci\u00f3n de la Feria.<\/p>\n\n\n\n<p class=\"wp-block-paragraph\">La cartelera de 2027 todav\u00eda est\u00e1 en construcci\u00f3n y faltan por definir tanto los artistas como los montos que se destinar\u00e1n a cada espect\u00e1culo.<\/p>\n\n\n\n<p class=\"has-text-align-center wp-block-paragraph\">Tambi\u00e9n lee:\u00a0<strong><a href=\"https:\/\/elotroenfoque.mx\/index.php\/2026\/09\/02\/asesinan-al-tecladista-del-grupo-camilo-septimo-y-a-su-familia\/\">Asesinan al tecladista del grupo Camilo S\u00e9ptimo y a su familia<\/a><\/strong><\/p>\n\n\n\n<p class=\"wp-block-paragraph\">Pero el cambio de fondo ya est\u00e1 planteado: el Gobierno estatal tendr\u00e1 un papel mucho m\u00e1s directo en la administraci\u00f3n y contrataci\u00f3n de los conciertos de la Feria de Le\u00f3n.<\/p>\n\n\n\n<p class=\"has-text-align-center wp-block-paragraph\"><strong><a href=\"https:\/\/www.tiktok.com\/@elotroenfoque\">Sigue nuestras noticias por TikTok<\/a><\/strong><\/p>\n","protected":false},"excerpt":{"rendered":"<p>El Gobierno del Estado de Guanajuato ahora manejar\u00e1 directamente los recursos que anteriormente le asignaba al patronato de la Feria de Le\u00f3n. Para el evento de esta edici\u00f3n 2027 el Gobierno del Estado asumir\u00e1 directamente la contrataci\u00f3n de artistas y proveedores, modificando el esquema bajo el cual el Patronato recib\u00eda recursos p\u00fablicos para organizar la&#8230;<\/p>\n","protected":false},"author":4,"featured_media":195526,"comment_status":"closed","ping_status":"open","sticky":false,"template":"","format":"standard","meta":{"footnotes":""},"categories":[2],"tags":[13,4517],"class_list":["post-195523","post","type-post","status-publish","format-standard","has-post-thumbnail","hentry","category-noticias","tag-guanajuato","tag-noticias-guanajuato"],"yoast_head":"<!-- This site is optimized with the Yoast SEO plugin v28.2 - https:\/\/yoast.com\/product\/yoast-seo-wordpress\/ -->\n<title>Gobierno del Guanajuato manejar\u00e1 recursos que antes daba a patronato de la Feria de Le\u00f3n - El otro enfoque<\/title>\n<meta name=\"description\" content=\"El Gobierno de Guanajuato manejar\u00e1 directamente los recursos y contrataciones de conciertos para la Feria de Le\u00f3n 2027.\" \/>\n<meta name=\"robots\" content=\"index, follow, max-snippet:-1, max-image-preview:large, max-video-preview:-1\" \/>\n<link rel=\"canonical\" href=\"https:\/\/elotroenfoque.mx\/index.php\/2026\/09\/03\/gobierno-del-guanajuato-manejara-recursos-que-antes-daba-a-patronato-de-la-feria-de-leon\/\" \/>\n<meta property=\"og:locale\" content=\"es_MX\" \/>\n<meta property=\"og:type\" content=\"article\" \/>\n<meta property=\"og:title\" content=\"Gobierno del Guanajuato manejar\u00e1 recursos que antes daba a patronato de la Feria de Le\u00f3n - El otro enfoque\" \/>\n<meta property=\"og:description\" content=\"El Gobierno de Guanajuato manejar\u00e1 directamente los recursos y contrataciones de conciertos para la Feria de Le\u00f3n 2027.\" \/>\n<meta property=\"og:url\" content=\"https:\/\/elotroenfoque.mx\/index.php\/2026\/09\/03\/gobierno-del-guanajuato-manejara-recursos-que-antes-daba-a-patronato-de-la-feria-de-leon\/\" \/>\n<meta property=\"og:site_name\" content=\"El otro enfoque\" \/>\n<meta property=\"article:published_time\" content=\"2026-09-03T18:46:07+00:00\" \/>\n<meta property=\"article:modified_time\" content=\"2026-09-03T21:55:33+00:00\" \/>\n<meta property=\"og:image\" content=\"https:\/\/elotroenfoque.mx\/wp-content\/uploads\/2026\/09\/feria-5.jpg\" \/>\n\t<meta property=\"og:image:width\" content=\"1152\" \/>\n\t<meta property=\"og:image:height\" content=\"648\" \/>\n\t<meta property=\"og:image:type\" content=\"image\/jpeg\" \/>\n<meta name=\"author\" content=\"Equipo Redaccion\" \/>\n<meta name=\"twitter:card\" content=\"summary_large_image\" \/>\n<meta name=\"twitter:label1\" content=\"Escrito por\" \/>\n\t<meta name=\"twitter:data1\" content=\"Equipo Redaccion\" \/>\n\t<meta name=\"twitter:label2\" content=\"Tiempo de lectura\" \/>\n\t<meta name=\"twitter:data2\" content=\"5 minutos\" \/>\n<script type=\"application\/ld+json\" class=\"yoast-schema-graph\">{\"@context\":\"https:\\\/\\\/schema.org\",\"@graph\":[{\"@type\":\"Article\",\"@id\":\"https:\\\/\\\/elotroenfoque.mx\\\/index.php\\\/2026\\\/09\\\/03\\\/gobierno-del-guanajuato-manejara-recursos-que-antes-daba-a-patronato-de-la-feria-de-leon\\\/#article\",\"isPartOf\":{\"@id\":\"https:\\\/\\\/elotroenfoque.mx\\\/index.php\\\/2026\\\/09\\\/03\\\/gobierno-del-guanajuato-manejara-recursos-que-antes-daba-a-patronato-de-la-feria-de-leon\\\/\"},\"author\":{\"name\":\"Equipo Redaccion\",\"@id\":\"https:\\\/\\\/elotroenfoque.mx\\\/#\\\/schema\\\/person\\\/8eb322f84d0bd9f337e462905519a1ae\"},\"headline\":\"Gobierno del Guanajuato manejar\u00e1 recursos que antes daba a patronato de la Feria de Le\u00f3n\",\"datePublished\":\"2026-09-03T18:46:07+00:00\",\"dateModified\":\"2026-09-03T21:55:33+00:00\",\"mainEntityOfPage\":{\"@id\":\"https:\\\/\\\/elotroenfoque.mx\\\/index.php\\\/2026\\\/09\\\/03\\\/gobierno-del-guanajuato-manejara-recursos-que-antes-daba-a-patronato-de-la-feria-de-leon\\\/\"},\"wordCount\":978,\"image\":{\"@id\":\"https:\\\/\\\/elotroenfoque.mx\\\/index.php\\\/2026\\\/09\\\/03\\\/gobierno-del-guanajuato-manejara-recursos-que-antes-daba-a-patronato-de-la-feria-de-leon\\\/#primaryimage\"},\"thumbnailUrl\":\"https:\\\/\\\/elotroenfoque.mx\\\/wp-content\\\/uploads\\\/2026\\\/09\\\/feria-5.jpg\",\"keywords\":[\"Guanajuato\",\"Noticias Guanajuato\"],\"articleSection\":[\"Noticias\"],\"inLanguage\":\"es\"},{\"@type\":\"WebPage\",\"@id\":\"https:\\\/\\\/elotroenfoque.mx\\\/index.php\\\/2026\\\/09\\\/03\\\/gobierno-del-guanajuato-manejara-recursos-que-antes-daba-a-patronato-de-la-feria-de-leon\\\/\",\"url\":\"https:\\\/\\\/elotroenfoque.mx\\\/index.php\\\/2026\\\/09\\\/03\\\/gobierno-del-guanajuato-manejara-recursos-que-antes-daba-a-patronato-de-la-feria-de-leon\\\/\",\"name\":\"Gobierno del Guanajuato manejar\u00e1 recursos que antes daba a patronato de la Feria de Le\u00f3n - El otro enfoque\",\"isPartOf\":{\"@id\":\"https:\\\/\\\/elotroenfoque.mx\\\/#website\"},\"primaryImageOfPage\":{\"@id\":\"https:\\\/\\\/elotroenfoque.mx\\\/index.php\\\/2026\\\/09\\\/03\\\/gobierno-del-guanajuato-manejara-recursos-que-antes-daba-a-patronato-de-la-feria-de-leon\\\/#primaryimage\"},\"image\":{\"@id\":\"https:\\\/\\\/elotroenfoque.mx\\\/index.php\\\/2026\\\/09\\\/03\\\/gobierno-del-guanajuato-manejara-recursos-que-antes-daba-a-patronato-de-la-feria-de-leon\\\/#primaryimage\"},\"thumbnailUrl\":\"https:\\\/\\\/elotroenfoque.mx\\\/wp-content\\\/uploads\\\/2026\\\/09\\\/feria-5.jpg\",\"datePublished\":\"2026-09-03T18:46:07+00:00\",\"dateModified\":\"2026-09-03T21:55:33+00:00\",\"author\":{\"@id\":\"https:\\\/\\\/elotroenfoque.mx\\\/#\\\/schema\\\/person\\\/8eb322f84d0bd9f337e462905519a1ae\"},\"description\":\"El Gobierno de Guanajuato manejar\u00e1 directamente los recursos y contrataciones de conciertos para la Feria de Le\u00f3n 2027.\",\"breadcrumb\":{\"@id\":\"https:\\\/\\\/elotroenfoque.mx\\\/index.php\\\/2026\\\/09\\\/03\\\/gobierno-del-guanajuato-manejara-recursos-que-antes-daba-a-patronato-de-la-feria-de-leon\\\/#breadcrumb\"},\"inLanguage\":\"es\",\"potentialAction\":[{\"@type\":\"ReadAction\",\"target\":[\"https:\\\/\\\/elotroenfoque.mx\\\/index.php\\\/2026\\\/09\\\/03\\\/gobierno-del-guanajuato-manejara-recursos-que-antes-daba-a-patronato-de-la-feria-de-leon\\\/\"]}]},{\"@type\":\"ImageObject\",\"inLanguage\":\"es\",\"@id\":\"https:\\\/\\\/elotroenfoque.mx\\\/index.php\\\/2026\\\/09\\\/03\\\/gobierno-del-guanajuato-manejara-recursos-que-antes-daba-a-patronato-de-la-feria-de-leon\\\/#primaryimage\",\"url\":\"https:\\\/\\\/elotroenfoque.mx\\\/wp-content\\\/uploads\\\/2026\\\/09\\\/feria-5.jpg\",\"contentUrl\":\"https:\\\/\\\/elotroenfoque.mx\\\/wp-content\\\/uploads\\\/2026\\\/09\\\/feria-5.jpg\",\"width\":1152,\"height\":648,\"caption\":\"Dar\u00e1n oportunidad a empresa locales en Feria 2027\"},{\"@type\":\"BreadcrumbList\",\"@id\":\"https:\\\/\\\/elotroenfoque.mx\\\/index.php\\\/2026\\\/09\\\/03\\\/gobierno-del-guanajuato-manejara-recursos-que-antes-daba-a-patronato-de-la-feria-de-leon\\\/#breadcrumb\",\"itemListElement\":[{\"@type\":\"ListItem\",\"position\":1,\"name\":\"Portada\",\"item\":\"https:\\\/\\\/elotroenfoque.mx\\\/\"},{\"@type\":\"ListItem\",\"position\":2,\"name\":\"Gobierno del Guanajuato manejar\u00e1 recursos que antes daba a patronato de la Feria de Le\u00f3n\"}]},{\"@type\":\"WebSite\",\"@id\":\"https:\\\/\\\/elotroenfoque.mx\\\/#website\",\"url\":\"https:\\\/\\\/elotroenfoque.mx\\\/\",\"name\":\"El otro enfoque\",\"description\":\"\",\"potentialAction\":[{\"@type\":\"SearchAction\",\"target\":{\"@type\":\"EntryPoint\",\"urlTemplate\":\"https:\\\/\\\/elotroenfoque.mx\\\/?s={search_term_string}\"},\"query-input\":{\"@type\":\"PropertyValueSpecification\",\"valueRequired\":true,\"valueName\":\"search_term_string\"}}],\"inLanguage\":\"es\"},{\"@type\":\"Person\",\"@id\":\"https:\\\/\\\/elotroenfoque.mx\\\/#\\\/schema\\\/person\\\/8eb322f84d0bd9f337e462905519a1ae\",\"name\":\"Equipo Redaccion\",\"image\":{\"@type\":\"ImageObject\",\"inLanguage\":\"es\",\"@id\":\"https:\\\/\\\/secure.gravatar.com\\\/avatar\\\/3579478e2b4e7aad364a32b26cf744b360ae0e581ee1cd0cb18a8f239ee49ac4?s=96&d=mm&r=g\",\"url\":\"https:\\\/\\\/secure.gravatar.com\\\/avatar\\\/3579478e2b4e7aad364a32b26cf744b360ae0e581ee1cd0cb18a8f239ee49ac4?s=96&d=mm&r=g\",\"contentUrl\":\"https:\\\/\\\/secure.gravatar.com\\\/avatar\\\/3579478e2b4e7aad364a32b26cf744b360ae0e581ee1cd0cb18a8f239ee49ac4?s=96&d=mm&r=g\",\"caption\":\"Equipo Redaccion\"},\"url\":\"https:\\\/\\\/elotroenfoque.mx\\\/index.php\\\/author\\\/redaccion\\\/\"}]}<\/script>\n<!-- \/ Yoast SEO plugin. -->","yoast_head_json":{"title":"Gobierno del Guanajuato manejar\u00e1 recursos que antes daba a patronato de la Feria de Le\u00f3n - El otro enfoque","description":"El Gobierno de Guanajuato manejar\u00e1 directamente los recursos y contrataciones de conciertos para la Feria de Le\u00f3n 2027.","robots":{"index":"index","follow":"follow","max-snippet":"max-snippet:-1","max-image-preview":"max-image-preview:large","max-video-preview":"max-video-preview:-1"},"canonical":"https:\/\/elotroenfoque.mx\/index.php\/2026\/09\/03\/gobierno-del-guanajuato-manejara-recursos-que-antes-daba-a-patronato-de-la-feria-de-leon\/","og_locale":"es_MX","og_type":"article","og_title":"Gobierno del Guanajuato manejar\u00e1 recursos que antes daba a patronato de la Feria de Le\u00f3n - El otro enfoque","og_description":"El Gobierno de Guanajuato manejar\u00e1 directamente los recursos y contrataciones de conciertos para la Feria de Le\u00f3n 2027.","og_url":"https:\/\/elotroenfoque.mx\/index.php\/2026\/09\/03\/gobierno-del-guanajuato-manejara-recursos-que-antes-daba-a-patronato-de-la-feria-de-leon\/","og_site_name":"El otro enfoque","article_published_time":"2026-09-03T18:46:07+00:00","article_modified_time":"2026-09-03T21:55:33+00:00","og_image":[{"width":1152,"height":648,"url":"https:\/\/elotroenfoque.mx\/wp-content\/uploads\/2026\/09\/feria-5.jpg","type":"image\/jpeg"}],"author":"Equipo Redaccion","twitter_card":"summary_large_image","twitter_misc":{"Escrito por":"Equipo Redaccion","Tiempo de lectura":"5 minutos"},"schema":{"@context":"https:\/\/schema.org","@graph":[{"@type":"Article","@id":"https:\/\/elotroenfoque.mx\/index.php\/2026\/09\/03\/gobierno-del-guanajuato-manejara-recursos-que-antes-daba-a-patronato-de-la-feria-de-leon\/#article","isPartOf":{"@id":"https:\/\/elotroenfoque.mx\/index.php\/2026\/09\/03\/gobierno-del-guanajuato-manejara-recursos-que-antes-daba-a-patronato-de-la-feria-de-leon\/"},"author":{"name":"Equipo Redaccion","@id":"https:\/\/elotroenfoque.mx\/#\/schema\/person\/8eb322f84d0bd9f337e462905519a1ae"},"headline":"Gobierno del Guanajuato manejar\u00e1 recursos que antes daba a patronato de la Feria de Le\u00f3n","datePublished":"2026-09-03T18:46:07+00:00","dateModified":"2026-09-03T21:55:33+00:00","mainEntityOfPage":{"@id":"https:\/\/elotroenfoque.mx\/index.php\/2026\/09\/03\/gobierno-del-guanajuato-manejara-recursos-que-antes-daba-a-patronato-de-la-feria-de-leon\/"},"wordCount":978,"image":{"@id":"https:\/\/elotroenfoque.mx\/index.php\/2026\/09\/03\/gobierno-del-guanajuato-manejara-recursos-que-antes-daba-a-patronato-de-la-feria-de-leon\/#primaryimage"},"thumbnailUrl":"https:\/\/elotroenfoque.mx\/wp-content\/uploads\/2026\/09\/feria-5.jpg","keywords":["Guanajuato","Noticias Guanajuato"],"articleSection":["Noticias"],"inLanguage":"es"},{"@type":"WebPage","@id":"https:\/\/elotroenfoque.mx\/index.php\/2026\/09\/03\/gobierno-del-guanajuato-manejara-recursos-que-antes-daba-a-patronato-de-la-feria-de-leon\/","url":"https:\/\/elotroenfoque.mx\/index.php\/2026\/09\/03\/gobierno-del-guanajuato-manejara-recursos-que-antes-daba-a-patronato-de-la-feria-de-leon\/","name":"Gobierno del Guanajuato manejar\u00e1 recursos que antes daba a patronato de la Feria de Le\u00f3n - El otro enfoque","isPartOf":{"@id":"https:\/\/elotroenfoque.mx\/#website"},"primaryImageOfPage":{"@id":"https:\/\/elotroenfoque.mx\/index.php\/2026\/09\/03\/gobierno-del-guanajuato-manejara-recursos-que-antes-daba-a-patronato-de-la-feria-de-leon\/#primaryimage"},"image":{"@id":"https:\/\/elotroenfoque.mx\/index.php\/2026\/09\/03\/gobierno-del-guanajuato-manejara-recursos-que-antes-daba-a-patronato-de-la-feria-de-leon\/#primaryimage"},"thumbnailUrl":"https:\/\/elotroenfoque.mx\/wp-content\/uploads\/2026\/09\/feria-5.jpg","datePublished":"2026-09-03T18:46:07+00:00","dateModified":"2026-09-03T21:55:33+00:00","author":{"@id":"https:\/\/elotroenfoque.mx\/#\/schema\/person\/8eb322f84d0bd9f337e462905519a1ae"},"description":"El Gobierno de Guanajuato manejar\u00e1 directamente los recursos y contrataciones de conciertos para la Feria de Le\u00f3n 2027.","breadcrumb":{"@id":"https:\/\/elotroenfoque.mx\/index.php\/2026\/09\/03\/gobierno-del-guanajuato-manejara-recursos-que-antes-daba-a-patronato-de-la-feria-de-leon\/#breadcrumb"},"inLanguage":"es","potentialAction":[{"@type":"ReadAction","target":["https:\/\/elotroenfoque.mx\/index.php\/2026\/09\/03\/gobierno-del-guanajuato-manejara-recursos-que-antes-daba-a-patronato-de-la-feria-de-leon\/"]}]},{"@type":"ImageObject","inLanguage":"es","@id":"https:\/\/elotroenfoque.mx\/index.php\/2026\/09\/03\/gobierno-del-guanajuato-manejara-recursos-que-antes-daba-a-patronato-de-la-feria-de-leon\/#primaryimage","url":"https:\/\/elotroenfoque.mx\/wp-content\/uploads\/2026\/09\/feria-5.jpg","contentUrl":"https:\/\/elotroenfoque.mx\/wp-content\/uploads\/2026\/09\/feria-5.jpg","width":1152,"height":648,"caption":"Dar\u00e1n oportunidad a empresa locales en Feria 2027"},{"@type":"BreadcrumbList","@id":"https:\/\/elotroenfoque.mx\/index.php\/2026\/09\/03\/gobierno-del-guanajuato-manejara-recursos-que-antes-daba-a-patronato-de-la-feria-de-leon\/#breadcrumb","itemListElement":[{"@type":"ListItem","position":1,"name":"Portada","item":"https:\/\/elotroenfoque.mx\/"},{"@type":"ListItem","position":2,"name":"Gobierno del Guanajuato manejar\u00e1 recursos que antes daba a patronato de la Feria de Le\u00f3n"}]},{"@type":"WebSite","@id":"https:\/\/elotroenfoque.mx\/#website","url":"https:\/\/elotroenfoque.mx\/","name":"El otro enfoque","description":"","potentialAction":[{"@type":"SearchAction","target":{"@type":"EntryPoint","urlTemplate":"https:\/\/elotroenfoque.mx\/?s={search_term_string}"},"query-input":{"@type":"PropertyValueSpecification","valueRequired":true,"valueName":"search_term_string"}}],"inLanguage":"es"},{"@type":"Person","@id":"https:\/\/elotroenfoque.mx\/#\/schema\/person\/8eb322f84d0bd9f337e462905519a1ae","name":"Equipo Redaccion","image":{"@type":"ImageObject","inLanguage":"es","@id":"https:\/\/secure.gravatar.com\/avatar\/3579478e2b4e7aad364a32b26cf744b360ae0e581ee1cd0cb18a8f239ee49ac4?s=96&d=mm&r=g","url":"https:\/\/secure.gravatar.com\/avatar\/3579478e2b4e7aad364a32b26cf744b360ae0e581ee1cd0cb18a8f239ee49ac4?s=96&d=mm&r=g","contentUrl":"https:\/\/secure.gravatar.com\/avatar\/3579478e2b4e7aad364a32b26cf744b360ae0e581ee1cd0cb18a8f239ee49ac4?s=96&d=mm&r=g","caption":"Equipo Redaccion"},"url":"https:\/\/elotroenfoque.mx\/index.php\/author\/redaccion\/"}]}},"_links":{"self":[{"href":"https:\/\/elotroenfoque.mx\/index.php\/wp-json\/wp\/v2\/posts\/195523","targetHints":{"allow":["GET"]}}],"collection":[{"href":"https:\/\/elotroenfoque.mx\/index.php\/wp-json\/wp\/v2\/posts"}],"about":[{"href":"https:\/\/elotroenfoque.mx\/index.php\/wp-json\/wp\/v2\/types\/post"}],"author":[{"embeddable":true,"href":"https:\/\/elotroenfoque.mx\/index.php\/wp-json\/wp\/v2\/users\/4"}],"replies":[{"embeddable":true,"href":"https:\/\/elotroenfoque.mx\/index.php\/wp-json\/wp\/v2\/comments?post=195523"}],"version-history":[{"count":2,"href":"https:\/\/elotroenfoque.mx\/index.php\/wp-json\/wp\/v2\/posts\/195523\/revisions"}],"predecessor-version":[{"id":195557,"href":"https:\/\/elotroenfoque.mx\/index.php\/wp-json\/wp\/v2\/posts\/195523\/revisions\/195557"}],"wp:featuredmedia":[{"embeddable":true,"href":"https:\/\/elotroenfoque.mx\/index.php\/wp-json\/wp\/v2\/media\/195526"}],"wp:attachment":[{"href":"https:\/\/elotroenfoque.mx\/index.php\/wp-json\/wp\/v2\/media?parent=195523"}],"wp:term":[{"taxonomy":"category","embeddable":true,"href":"https:\/\/elotroenfoque.mx\/index.php\/wp-json\/wp\/v2\/categories?post=195523"},{"taxonomy":"post_tag","embeddable":true,"href":"https:\/\/elotroenfoque.mx\/index.php\/wp-json\/wp\/v2\/tags?post=195523"}],"curies":[{"name":"wp","href":"https:\/\/api.w.org\/{rel}","templated":true}]}}