{"id":195534,"date":"2026-09-03T14:05:32","date_gmt":"2026-09-03T20:05:32","guid":{"rendered":"https:\/\/elotroenfoque.mx\/?p=195534"},"modified":"2026-09-03T14:05:33","modified_gmt":"2026-09-03T20:05:33","slug":"disparan-contra-vivienda-en-la-colonia-ejidal-de-celaya","status":"publish","type":"post","link":"https:\/\/elotroenfoque.mx\/index.php\/2026\/09\/03\/disparan-contra-vivienda-en-la-colonia-ejidal-de-celaya\/","title":{"rendered":"Disparan contra vivienda en la colonia Ejidal de Celaya"},"content":{"rendered":"\n<p class=\"wp-block-paragraph\">Da\u00f1os materiales en la fachada de una vivienda fue el saldo que causaron diversas detonaciones de arma de fuego que se registraron la ma\u00f1ana de este jueves en la colonia Ejidal de Celaya.<\/p>\n\n\n\n<figure class=\"wp-block-gallery has-nested-images columns-default is-cropped wp-block-gallery-1 is-layout-flex wp-block-gallery-is-layout-flex\">\n<figure class=\"wp-block-image size-large\"><img loading=\"lazy\" decoding=\"async\" width=\"1024\" height=\"768\" data-id=\"195536\" src=\"https:\/\/elotroenfoque.mx\/wp-content\/uploads\/2026\/09\/balean-vivienda-en-celaya-1-1024x768.jpeg\" alt=\"\" class=\"wp-image-195536\" srcset=\"https:\/\/elotroenfoque.mx\/wp-content\/uploads\/2026\/09\/balean-vivienda-en-celaya-1-1024x768.jpeg 1024w, https:\/\/elotroenfoque.mx\/wp-content\/uploads\/2026\/09\/balean-vivienda-en-celaya-1-300x225.jpeg 300w, https:\/\/elotroenfoque.mx\/wp-content\/uploads\/2026\/09\/balean-vivienda-en-celaya-1-768x576.jpeg 768w, https:\/\/elotroenfoque.mx\/wp-content\/uploads\/2026\/09\/balean-vivienda-en-celaya-1-1536x1152.jpeg 1536w, https:\/\/elotroenfoque.mx\/wp-content\/uploads\/2026\/09\/balean-vivienda-en-celaya-1.jpeg 1600w\" sizes=\"auto, (max-width: 1024px) 100vw, 1024px\" \/><\/figure>\n\n\n\n<figure class=\"wp-block-image size-large\"><img loading=\"lazy\" decoding=\"async\" width=\"1024\" height=\"768\" data-id=\"195535\" src=\"https:\/\/elotroenfoque.mx\/wp-content\/uploads\/2026\/09\/balean-vivienda-en-celaya-2-1024x768.jpeg\" alt=\"\" class=\"wp-image-195535\" srcset=\"https:\/\/elotroenfoque.mx\/wp-content\/uploads\/2026\/09\/balean-vivienda-en-celaya-2-1024x768.jpeg 1024w, https:\/\/elotroenfoque.mx\/wp-content\/uploads\/2026\/09\/balean-vivienda-en-celaya-2-300x225.jpeg 300w, https:\/\/elotroenfoque.mx\/wp-content\/uploads\/2026\/09\/balean-vivienda-en-celaya-2-768x576.jpeg 768w, https:\/\/elotroenfoque.mx\/wp-content\/uploads\/2026\/09\/balean-vivienda-en-celaya-2-1536x1152.jpeg 1536w, https:\/\/elotroenfoque.mx\/wp-content\/uploads\/2026\/09\/balean-vivienda-en-celaya-2.jpeg 1600w\" sizes=\"auto, (max-width: 1024px) 100vw, 1024px\" \/><\/figure>\n\n\n\n<figure class=\"wp-block-image size-large\"><img loading=\"lazy\" decoding=\"async\" width=\"1024\" height=\"768\" data-id=\"195537\" src=\"https:\/\/elotroenfoque.mx\/wp-content\/uploads\/2026\/09\/balean-vivienda-en-celaya-3-1024x768.jpeg\" alt=\"\" class=\"wp-image-195537\" srcset=\"https:\/\/elotroenfoque.mx\/wp-content\/uploads\/2026\/09\/balean-vivienda-en-celaya-3-1024x768.jpeg 1024w, https:\/\/elotroenfoque.mx\/wp-content\/uploads\/2026\/09\/balean-vivienda-en-celaya-3-300x225.jpeg 300w, https:\/\/elotroenfoque.mx\/wp-content\/uploads\/2026\/09\/balean-vivienda-en-celaya-3-768x576.jpeg 768w, https:\/\/elotroenfoque.mx\/wp-content\/uploads\/2026\/09\/balean-vivienda-en-celaya-3-1536x1152.jpeg 1536w, https:\/\/elotroenfoque.mx\/wp-content\/uploads\/2026\/09\/balean-vivienda-en-celaya-3.jpeg 1600w\" sizes=\"auto, (max-width: 1024px) 100vw, 1024px\" \/><\/figure>\n<\/figure>\n\n\n\n<p class=\"wp-block-paragraph\">Afortunadamente no hubo personas lesionadas, ya que en el exterior de la vivienda no hab\u00eda personas.<\/p>\n\n\n\n<p class=\"wp-block-paragraph\">Tambi\u00e9n lee: <strong><a href=\"https:\/\/elotroenfoque.mx\/index.php\/2026\/09\/03\/cobro-de-piso-y-robo-lo-que-mas-golpea-a-las-empresas-en-guanajuato\/\">Cobro de piso y robo, lo que m\u00e1s golpea a las empresas en Guanajuato<\/a><\/strong><\/p>\n\n\n\n<p class=\"wp-block-paragraph\">Fue la ma\u00f1ana de este jueves cuando se informaba sobre balazos en la calle Ejido de la Machuca, lugar donde acudieron elementos de la Secretar\u00eda de la Defensa Nacional y seguridad p\u00fablica.<\/p>\n\n\n\n<p class=\"wp-block-paragraph\">Los efectivos castrenses detectaron diversas afectaciones en la vivienda se\u00f1alada blanco del ataque, pero no localizaron indicios bal\u00edsticos.<\/p>\n\n\n\n<p class=\"wp-block-paragraph\">Por ello tambi\u00e9n se dio parte a la Fiscal\u00eda General de Justicia, la cual continuar\u00e1 con las investigaciones correspondientes a este hecho.<\/p>\n\n\n\n<p class=\"wp-block-paragraph\"><strong><a href=\"https:\/\/www.tiktok.com\/@elotroenfoque?_r=1&amp;_t=ZS-97ffhW6kR1t\">Sigue tambi\u00e9n las noticias en TikTok<\/a><\/strong><\/p>\n\n\n\n<p class=\"wp-block-paragraph\"><\/p>\n","protected":false},"excerpt":{"rendered":"<p>Da\u00f1os materiales en la fachada de una vivienda fue el saldo que causaron diversas detonaciones de arma de fuego que se registraron la ma\u00f1ana de este jueves en la colonia Ejidal de Celaya. Afortunadamente no hubo personas lesionadas, ya que en el exterior de la vivienda no hab\u00eda personas. Tambi\u00e9n lee: Cobro de piso y&#8230;<\/p>\n","protected":false},"author":4,"featured_media":195539,"comment_status":"closed","ping_status":"open","sticky":false,"template":"","format":"standard","meta":{"footnotes":""},"categories":[8],"tags":[13,4517],"class_list":["post-195534","post","type-post","status-publish","format-standard","has-post-thumbnail","hentry","category-desenfoques","tag-guanajuato","tag-noticias-guanajuato"],"yoast_head":"<!-- This site is optimized with the Yoast SEO plugin v28.2 - https:\/\/yoast.com\/product\/yoast-seo-wordpress\/ -->\n<title>Disparan contra vivienda en la colonia Ejidal de Celaya - El otro enfoque<\/title>\n<meta name=\"description\" content=\"Registran balacera en la colonia Ejidal de Celaya este jueves. Un ataque armado dej\u00f3 da\u00f1os materiales en la fachada de una vivienda.\" \/>\n<meta name=\"robots\" content=\"index, follow, max-snippet:-1, max-image-preview:large, max-video-preview:-1\" \/>\n<link rel=\"canonical\" href=\"https:\/\/elotroenfoque.mx\/index.php\/2026\/09\/03\/disparan-contra-vivienda-en-la-colonia-ejidal-de-celaya\/\" \/>\n<meta property=\"og:locale\" content=\"es_MX\" \/>\n<meta property=\"og:type\" content=\"article\" \/>\n<meta property=\"og:title\" content=\"Disparan contra vivienda en la colonia Ejidal de Celaya - El otro enfoque\" \/>\n<meta property=\"og:description\" content=\"Registran balacera en la colonia Ejidal de Celaya este jueves. Un ataque armado dej\u00f3 da\u00f1os materiales en la fachada de una vivienda.\" \/>\n<meta property=\"og:url\" content=\"https:\/\/elotroenfoque.mx\/index.php\/2026\/09\/03\/disparan-contra-vivienda-en-la-colonia-ejidal-de-celaya\/\" \/>\n<meta property=\"og:site_name\" content=\"El otro enfoque\" \/>\n<meta property=\"article:published_time\" content=\"2026-09-03T20:05:32+00:00\" \/>\n<meta property=\"article:modified_time\" content=\"2026-09-03T20:05:33+00:00\" \/>\n<meta property=\"og:image\" content=\"https:\/\/elotroenfoque.mx\/wp-content\/uploads\/2026\/09\/balean-vivienda-en-celaya-4.jpeg\" \/>\n\t<meta property=\"og:image:width\" content=\"1600\" \/>\n\t<meta property=\"og:image:height\" content=\"1200\" \/>\n\t<meta property=\"og:image:type\" content=\"image\/jpeg\" \/>\n<meta name=\"author\" content=\"Equipo Redaccion\" \/>\n<meta name=\"twitter:card\" content=\"summary_large_image\" \/>\n<meta name=\"twitter:label1\" content=\"Escrito por\" \/>\n\t<meta name=\"twitter:data1\" content=\"Equipo Redaccion\" \/>\n\t<meta name=\"twitter:label2\" content=\"Tiempo de lectura\" \/>\n\t<meta name=\"twitter:data2\" content=\"2 minutos\" \/>\n<script type=\"application\/ld+json\" class=\"yoast-schema-graph\">{\"@context\":\"https:\\\/\\\/schema.org\",\"@graph\":[{\"@type\":\"Article\",\"@id\":\"https:\\\/\\\/elotroenfoque.mx\\\/index.php\\\/2026\\\/09\\\/03\\\/disparan-contra-vivienda-en-la-colonia-ejidal-de-celaya\\\/#article\",\"isPartOf\":{\"@id\":\"https:\\\/\\\/elotroenfoque.mx\\\/index.php\\\/2026\\\/09\\\/03\\\/disparan-contra-vivienda-en-la-colonia-ejidal-de-celaya\\\/\"},\"author\":{\"name\":\"Equipo Redaccion\",\"@id\":\"https:\\\/\\\/elotroenfoque.mx\\\/#\\\/schema\\\/person\\\/8eb322f84d0bd9f337e462905519a1ae\"},\"headline\":\"Disparan contra vivienda en la colonia Ejidal de Celaya\",\"datePublished\":\"2026-09-03T20:05:32+00:00\",\"dateModified\":\"2026-09-03T20:05:33+00:00\",\"mainEntityOfPage\":{\"@id\":\"https:\\\/\\\/elotroenfoque.mx\\\/index.php\\\/2026\\\/09\\\/03\\\/disparan-contra-vivienda-en-la-colonia-ejidal-de-celaya\\\/\"},\"wordCount\":165,\"image\":{\"@id\":\"https:\\\/\\\/elotroenfoque.mx\\\/index.php\\\/2026\\\/09\\\/03\\\/disparan-contra-vivienda-en-la-colonia-ejidal-de-celaya\\\/#primaryimage\"},\"thumbnailUrl\":\"https:\\\/\\\/elotroenfoque.mx\\\/wp-content\\\/uploads\\\/2026\\\/09\\\/balean-vivienda-en-celaya-4.jpeg\",\"keywords\":[\"Guanajuato\",\"Noticias Guanajuato\"],\"articleSection\":[\"Desenfoques\"],\"inLanguage\":\"es\"},{\"@type\":\"WebPage\",\"@id\":\"https:\\\/\\\/elotroenfoque.mx\\\/index.php\\\/2026\\\/09\\\/03\\\/disparan-contra-vivienda-en-la-colonia-ejidal-de-celaya\\\/\",\"url\":\"https:\\\/\\\/elotroenfoque.mx\\\/index.php\\\/2026\\\/09\\\/03\\\/disparan-contra-vivienda-en-la-colonia-ejidal-de-celaya\\\/\",\"name\":\"Disparan contra vivienda en la colonia Ejidal de Celaya - El otro enfoque\",\"isPartOf\":{\"@id\":\"https:\\\/\\\/elotroenfoque.mx\\\/#website\"},\"primaryImageOfPage\":{\"@id\":\"https:\\\/\\\/elotroenfoque.mx\\\/index.php\\\/2026\\\/09\\\/03\\\/disparan-contra-vivienda-en-la-colonia-ejidal-de-celaya\\\/#primaryimage\"},\"image\":{\"@id\":\"https:\\\/\\\/elotroenfoque.mx\\\/index.php\\\/2026\\\/09\\\/03\\\/disparan-contra-vivienda-en-la-colonia-ejidal-de-celaya\\\/#primaryimage\"},\"thumbnailUrl\":\"https:\\\/\\\/elotroenfoque.mx\\\/wp-content\\\/uploads\\\/2026\\\/09\\\/balean-vivienda-en-celaya-4.jpeg\",\"datePublished\":\"2026-09-03T20:05:32+00:00\",\"dateModified\":\"2026-09-03T20:05:33+00:00\",\"author\":{\"@id\":\"https:\\\/\\\/elotroenfoque.mx\\\/#\\\/schema\\\/person\\\/8eb322f84d0bd9f337e462905519a1ae\"},\"description\":\"Registran balacera en la colonia Ejidal de Celaya este jueves. Un ataque armado dej\u00f3 da\u00f1os materiales en la fachada de una vivienda.\",\"breadcrumb\":{\"@id\":\"https:\\\/\\\/elotroenfoque.mx\\\/index.php\\\/2026\\\/09\\\/03\\\/disparan-contra-vivienda-en-la-colonia-ejidal-de-celaya\\\/#breadcrumb\"},\"inLanguage\":\"es\",\"potentialAction\":[{\"@type\":\"ReadAction\",\"target\":[\"https:\\\/\\\/elotroenfoque.mx\\\/index.php\\\/2026\\\/09\\\/03\\\/disparan-contra-vivienda-en-la-colonia-ejidal-de-celaya\\\/\"]}]},{\"@type\":\"ImageObject\",\"inLanguage\":\"es\",\"@id\":\"https:\\\/\\\/elotroenfoque.mx\\\/index.php\\\/2026\\\/09\\\/03\\\/disparan-contra-vivienda-en-la-colonia-ejidal-de-celaya\\\/#primaryimage\",\"url\":\"https:\\\/\\\/elotroenfoque.mx\\\/wp-content\\\/uploads\\\/2026\\\/09\\\/balean-vivienda-en-celaya-4.jpeg\",\"contentUrl\":\"https:\\\/\\\/elotroenfoque.mx\\\/wp-content\\\/uploads\\\/2026\\\/09\\\/balean-vivienda-en-celaya-4.jpeg\",\"width\":1600,\"height\":1200},{\"@type\":\"BreadcrumbList\",\"@id\":\"https:\\\/\\\/elotroenfoque.mx\\\/index.php\\\/2026\\\/09\\\/03\\\/disparan-contra-vivienda-en-la-colonia-ejidal-de-celaya\\\/#breadcrumb\",\"itemListElement\":[{\"@type\":\"ListItem\",\"position\":1,\"name\":\"Portada\",\"item\":\"https:\\\/\\\/elotroenfoque.mx\\\/\"},{\"@type\":\"ListItem\",\"position\":2,\"name\":\"Disparan contra vivienda en la colonia Ejidal de Celaya\"}]},{\"@type\":\"WebSite\",\"@id\":\"https:\\\/\\\/elotroenfoque.mx\\\/#website\",\"url\":\"https:\\\/\\\/elotroenfoque.mx\\\/\",\"name\":\"El otro enfoque\",\"description\":\"\",\"potentialAction\":[{\"@type\":\"SearchAction\",\"target\":{\"@type\":\"EntryPoint\",\"urlTemplate\":\"https:\\\/\\\/elotroenfoque.mx\\\/?s={search_term_string}\"},\"query-input\":{\"@type\":\"PropertyValueSpecification\",\"valueRequired\":true,\"valueName\":\"search_term_string\"}}],\"inLanguage\":\"es\"},{\"@type\":\"Person\",\"@id\":\"https:\\\/\\\/elotroenfoque.mx\\\/#\\\/schema\\\/person\\\/8eb322f84d0bd9f337e462905519a1ae\",\"name\":\"Equipo Redaccion\",\"image\":{\"@type\":\"ImageObject\",\"inLanguage\":\"es\",\"@id\":\"https:\\\/\\\/secure.gravatar.com\\\/avatar\\\/3579478e2b4e7aad364a32b26cf744b360ae0e581ee1cd0cb18a8f239ee49ac4?s=96&d=mm&r=g\",\"url\":\"https:\\\/\\\/secure.gravatar.com\\\/avatar\\\/3579478e2b4e7aad364a32b26cf744b360ae0e581ee1cd0cb18a8f239ee49ac4?s=96&d=mm&r=g\",\"contentUrl\":\"https:\\\/\\\/secure.gravatar.com\\\/avatar\\\/3579478e2b4e7aad364a32b26cf744b360ae0e581ee1cd0cb18a8f239ee49ac4?s=96&d=mm&r=g\",\"caption\":\"Equipo Redaccion\"},\"url\":\"https:\\\/\\\/elotroenfoque.mx\\\/index.php\\\/author\\\/redaccion\\\/\"}]}<\/script>\n<!-- \/ Yoast SEO plugin. -->","yoast_head_json":{"title":"Disparan contra vivienda en la colonia Ejidal de Celaya - El otro enfoque","description":"Registran balacera en la colonia Ejidal de Celaya este jueves. Un ataque armado dej\u00f3 da\u00f1os materiales en la fachada de una vivienda.","robots":{"index":"index","follow":"follow","max-snippet":"max-snippet:-1","max-image-preview":"max-image-preview:large","max-video-preview":"max-video-preview:-1"},"canonical":"https:\/\/elotroenfoque.mx\/index.php\/2026\/09\/03\/disparan-contra-vivienda-en-la-colonia-ejidal-de-celaya\/","og_locale":"es_MX","og_type":"article","og_title":"Disparan contra vivienda en la colonia Ejidal de Celaya - El otro enfoque","og_description":"Registran balacera en la colonia Ejidal de Celaya este jueves. Un ataque armado dej\u00f3 da\u00f1os materiales en la fachada de una vivienda.","og_url":"https:\/\/elotroenfoque.mx\/index.php\/2026\/09\/03\/disparan-contra-vivienda-en-la-colonia-ejidal-de-celaya\/","og_site_name":"El otro enfoque","article_published_time":"2026-09-03T20:05:32+00:00","article_modified_time":"2026-09-03T20:05:33+00:00","og_image":[{"width":1600,"height":1200,"url":"https:\/\/elotroenfoque.mx\/wp-content\/uploads\/2026\/09\/balean-vivienda-en-celaya-4.jpeg","type":"image\/jpeg"}],"author":"Equipo Redaccion","twitter_card":"summary_large_image","twitter_misc":{"Escrito por":"Equipo Redaccion","Tiempo de lectura":"2 minutos"},"schema":{"@context":"https:\/\/schema.org","@graph":[{"@type":"Article","@id":"https:\/\/elotroenfoque.mx\/index.php\/2026\/09\/03\/disparan-contra-vivienda-en-la-colonia-ejidal-de-celaya\/#article","isPartOf":{"@id":"https:\/\/elotroenfoque.mx\/index.php\/2026\/09\/03\/disparan-contra-vivienda-en-la-colonia-ejidal-de-celaya\/"},"author":{"name":"Equipo Redaccion","@id":"https:\/\/elotroenfoque.mx\/#\/schema\/person\/8eb322f84d0bd9f337e462905519a1ae"},"headline":"Disparan contra vivienda en la colonia Ejidal de Celaya","datePublished":"2026-09-03T20:05:32+00:00","dateModified":"2026-09-03T20:05:33+00:00","mainEntityOfPage":{"@id":"https:\/\/elotroenfoque.mx\/index.php\/2026\/09\/03\/disparan-contra-vivienda-en-la-colonia-ejidal-de-celaya\/"},"wordCount":165,"image":{"@id":"https:\/\/elotroenfoque.mx\/index.php\/2026\/09\/03\/disparan-contra-vivienda-en-la-colonia-ejidal-de-celaya\/#primaryimage"},"thumbnailUrl":"https:\/\/elotroenfoque.mx\/wp-content\/uploads\/2026\/09\/balean-vivienda-en-celaya-4.jpeg","keywords":["Guanajuato","Noticias Guanajuato"],"articleSection":["Desenfoques"],"inLanguage":"es"},{"@type":"WebPage","@id":"https:\/\/elotroenfoque.mx\/index.php\/2026\/09\/03\/disparan-contra-vivienda-en-la-colonia-ejidal-de-celaya\/","url":"https:\/\/elotroenfoque.mx\/index.php\/2026\/09\/03\/disparan-contra-vivienda-en-la-colonia-ejidal-de-celaya\/","name":"Disparan contra vivienda en la colonia Ejidal de Celaya - El otro enfoque","isPartOf":{"@id":"https:\/\/elotroenfoque.mx\/#website"},"primaryImageOfPage":{"@id":"https:\/\/elotroenfoque.mx\/index.php\/2026\/09\/03\/disparan-contra-vivienda-en-la-colonia-ejidal-de-celaya\/#primaryimage"},"image":{"@id":"https:\/\/elotroenfoque.mx\/index.php\/2026\/09\/03\/disparan-contra-vivienda-en-la-colonia-ejidal-de-celaya\/#primaryimage"},"thumbnailUrl":"https:\/\/elotroenfoque.mx\/wp-content\/uploads\/2026\/09\/balean-vivienda-en-celaya-4.jpeg","datePublished":"2026-09-03T20:05:32+00:00","dateModified":"2026-09-03T20:05:33+00:00","author":{"@id":"https:\/\/elotroenfoque.mx\/#\/schema\/person\/8eb322f84d0bd9f337e462905519a1ae"},"description":"Registran balacera en la colonia Ejidal de Celaya este jueves. Un ataque armado dej\u00f3 da\u00f1os materiales en la fachada de una vivienda.","breadcrumb":{"@id":"https:\/\/elotroenfoque.mx\/index.php\/2026\/09\/03\/disparan-contra-vivienda-en-la-colonia-ejidal-de-celaya\/#breadcrumb"},"inLanguage":"es","potentialAction":[{"@type":"ReadAction","target":["https:\/\/elotroenfoque.mx\/index.php\/2026\/09\/03\/disparan-contra-vivienda-en-la-colonia-ejidal-de-celaya\/"]}]},{"@type":"ImageObject","inLanguage":"es","@id":"https:\/\/elotroenfoque.mx\/index.php\/2026\/09\/03\/disparan-contra-vivienda-en-la-colonia-ejidal-de-celaya\/#primaryimage","url":"https:\/\/elotroenfoque.mx\/wp-content\/uploads\/2026\/09\/balean-vivienda-en-celaya-4.jpeg","contentUrl":"https:\/\/elotroenfoque.mx\/wp-content\/uploads\/2026\/09\/balean-vivienda-en-celaya-4.jpeg","width":1600,"height":1200},{"@type":"BreadcrumbList","@id":"https:\/\/elotroenfoque.mx\/index.php\/2026\/09\/03\/disparan-contra-vivienda-en-la-colonia-ejidal-de-celaya\/#breadcrumb","itemListElement":[{"@type":"ListItem","position":1,"name":"Portada","item":"https:\/\/elotroenfoque.mx\/"},{"@type":"ListItem","position":2,"name":"Disparan contra vivienda en la colonia Ejidal de Celaya"}]},{"@type":"WebSite","@id":"https:\/\/elotroenfoque.mx\/#website","url":"https:\/\/elotroenfoque.mx\/","name":"El otro enfoque","description":"","potentialAction":[{"@type":"SearchAction","target":{"@type":"EntryPoint","urlTemplate":"https:\/\/elotroenfoque.mx\/?s={search_term_string}"},"query-input":{"@type":"PropertyValueSpecification","valueRequired":true,"valueName":"search_term_string"}}],"inLanguage":"es"},{"@type":"Person","@id":"https:\/\/elotroenfoque.mx\/#\/schema\/person\/8eb322f84d0bd9f337e462905519a1ae","name":"Equipo Redaccion","image":{"@type":"ImageObject","inLanguage":"es","@id":"https:\/\/secure.gravatar.com\/avatar\/3579478e2b4e7aad364a32b26cf744b360ae0e581ee1cd0cb18a8f239ee49ac4?s=96&d=mm&r=g","url":"https:\/\/secure.gravatar.com\/avatar\/3579478e2b4e7aad364a32b26cf744b360ae0e581ee1cd0cb18a8f239ee49ac4?s=96&d=mm&r=g","contentUrl":"https:\/\/secure.gravatar.com\/avatar\/3579478e2b4e7aad364a32b26cf744b360ae0e581ee1cd0cb18a8f239ee49ac4?s=96&d=mm&r=g","caption":"Equipo Redaccion"},"url":"https:\/\/elotroenfoque.mx\/index.php\/author\/redaccion\/"}]}},"_links":{"self":[{"href":"https:\/\/elotroenfoque.mx\/index.php\/wp-json\/wp\/v2\/posts\/195534","targetHints":{"allow":["GET"]}}],"collection":[{"href":"https:\/\/elotroenfoque.mx\/index.php\/wp-json\/wp\/v2\/posts"}],"about":[{"href":"https:\/\/elotroenfoque.mx\/index.php\/wp-json\/wp\/v2\/types\/post"}],"author":[{"embeddable":true,"href":"https:\/\/elotroenfoque.mx\/index.php\/wp-json\/wp\/v2\/users\/4"}],"replies":[{"embeddable":true,"href":"https:\/\/elotroenfoque.mx\/index.php\/wp-json\/wp\/v2\/comments?post=195534"}],"version-history":[{"count":1,"href":"https:\/\/elotroenfoque.mx\/index.php\/wp-json\/wp\/v2\/posts\/195534\/revisions"}],"predecessor-version":[{"id":195540,"href":"https:\/\/elotroenfoque.mx\/index.php\/wp-json\/wp\/v2\/posts\/195534\/revisions\/195540"}],"wp:featuredmedia":[{"embeddable":true,"href":"https:\/\/elotroenfoque.mx\/index.php\/wp-json\/wp\/v2\/media\/195539"}],"wp:attachment":[{"href":"https:\/\/elotroenfoque.mx\/index.php\/wp-json\/wp\/v2\/media?parent=195534"}],"wp:term":[{"taxonomy":"category","embeddable":true,"href":"https:\/\/elotroenfoque.mx\/index.php\/wp-json\/wp\/v2\/categories?post=195534"},{"taxonomy":"post_tag","embeddable":true,"href":"https:\/\/elotroenfoque.mx\/index.php\/wp-json\/wp\/v2\/tags?post=195534"}],"curies":[{"name":"wp","href":"https:\/\/api.w.org\/{rel}","templated":true}]}}