{"id":195541,"date":"2026-09-03T14:41:13","date_gmt":"2026-09-03T20:41:13","guid":{"rendered":"https:\/\/elotroenfoque.mx\/?p=195541"},"modified":"2026-09-03T14:41:14","modified_gmt":"2026-09-03T20:41:14","slug":"enferman-de-salmonella-135-medicos-del-hospital-general-de-mexico","status":"publish","type":"post","link":"https:\/\/elotroenfoque.mx\/index.php\/2026\/09\/03\/enferman-de-salmonella-135-medicos-del-hospital-general-de-mexico\/","title":{"rendered":"Enferman de salmonella 135 m\u00e9dicos del Hospital General de M\u00e9xico"},"content":{"rendered":"\n<p class=\"wp-block-paragraph\">Un brote de salmonella afect\u00f3 a 135 m\u00e9dicos residentes y de alta especialidad del Hospital General de M\u00e9xico \u201cDr. Eduardo Liceaga\u201d.<\/p>\n\n\n\n<p class=\"wp-block-paragraph\">Hasta este jueves 3 de septiembre, 41 m\u00e9dicos permanec\u00edan hospitalizados, aunque todos se encontraban estables y bajo vigilancia m\u00e9dica.<\/p>\n\n\n\n<p class=\"wp-block-paragraph\">Los casos fueron asociados temporalmente con el consumo de alimentos proporcionados por el servicio subrogado de comedor del hospital.<\/p>\n\n\n\n<p class=\"wp-block-paragraph\">El Hospital General de M\u00e9xico inform\u00f3 sobre un brote de gastroenteritis infecciosa aguda entre m\u00e9dicos residentes y de alta especialidad.<\/p>\n\n\n\n<p class=\"wp-block-paragraph\">Los primeros casos presentaron s\u00edntomas compatibles con una infecci\u00f3n gastrointestinal, por lo que las autoridades iniciaron una investigaci\u00f3n epidemiol\u00f3gica.<\/p>\n\n\n\n<p class=\"wp-block-paragraph\">Entre los principales s\u00edntomas reportados se encuentran dolor abdominal, diarrea, fiebre y v\u00f3mito.<\/p>\n\n\n\n<p class=\"wp-block-paragraph\">Aunque los casos fueron relacionados temporalmente con alimentos del comedor, la investigaci\u00f3n todav\u00eda busca determinar la fuente espec\u00edfica de contaminaci\u00f3n.<\/p>\n\n\n\n<h2 class=\"wp-block-heading\">Laboratorios detectan salmonella en casos analizados<\/h2>\n\n\n\n<p class=\"wp-block-paragraph\">Como parte de la investigaci\u00f3n sanitaria, las autoridades realizaron estudios de laboratorio a personas afectadas por el brote.<\/p>\n\n\n\n<p class=\"wp-block-paragraph\">Los an\u00e1lisis confirmaron la presencia de Salmonella spp. en los casos estudiados, inform\u00f3 la Secretar\u00eda de Salud.<\/p>\n\n\n\n<p class=\"wp-block-paragraph\">Adem\u00e1s, en dos pacientes se identific\u00f3 una coinfecci\u00f3n con Escherichia coli enterotoxig\u00e9nica, conocida como ETEC.<\/p>\n\n\n\n<p class=\"wp-block-paragraph\">La presencia de estos microorganismos permiti\u00f3 a las autoridades establecer medidas inmediatas para contener posibles nuevos contagios entre las personas expuestas.<\/p>\n\n\n\n<p class=\"wp-block-paragraph\">Sin embargo, todav\u00eda contin\u00faan los estudios para determinar exactamente c\u00f3mo ocurri\u00f3 la contaminaci\u00f3n y si existe una fuente com\u00fan.<\/p>\n\n\n\n<h2 class=\"wp-block-heading\">Hospital suspende servicio de comedor<\/h2>\n\n\n\n<p class=\"wp-block-paragraph\">Ante el brote de salmonella, el Hospital General de M\u00e9xico suspendi\u00f3 inmediatamente el servicio subrogado de comedor para m\u00e9dicos residentes.<\/p>\n\n\n\n<p class=\"wp-block-paragraph\">La medida busca reducir posibles riesgos mientras contin\u00faan las investigaciones epidemiol\u00f3gicas y sanitarias dentro del hospital.<\/p>\n\n\n\n<p class=\"wp-block-paragraph\">Adem\u00e1s, las autoridades mantienen una estrategia de b\u00fasqueda y seguimiento de casos entre las personas que pudieron estar expuestas.<\/p>\n\n\n\n<p class=\"wp-block-paragraph\">Este seguimiento permitir\u00e1 detectar nuevos pacientes, conocer la evoluci\u00f3n de quienes ya presentan s\u00edntomas y aplicar medidas preventivas.<\/p>\n\n\n\n<p class=\"wp-block-paragraph\">Por ahora, los 41 m\u00e9dicos hospitalizados permanecen estables y reciben vigilancia m\u00e9dica, seg\u00fan el reporte actualizado al 3 de septiembre.<\/p>\n\n\n\n<h2 class=\"wp-block-heading\">Investigaci\u00f3n busca determinar origen del brote<\/h2>\n\n\n\n<p class=\"wp-block-paragraph\">La Secretar\u00eda de Salud se\u00f1al\u00f3 que la investigaci\u00f3n epidemiol\u00f3gica y sanitaria contin\u00faa para identificar la fuente espec\u00edfica de contaminaci\u00f3n.<\/p>\n\n\n\n<p class=\"wp-block-paragraph\">Mientras tanto, las autoridades mantienen bajo seguimiento a las personas potencialmente expuestas y eval\u00faan las medidas necesarias para controlar el brote.<\/p>\n\n\n\n<p class=\"wp-block-paragraph\">Tambi\u00e9n lee: <strong><a href=\"https:\/\/elotroenfoque.mx\/index.php\/2026\/09\/03\/disparan-contra-vivienda-en-la-colonia-ejidal-de-celaya\/\">Disparan contra vivienda en la colonia Ejidal de Celaya<\/a><\/strong><\/p>\n\n\n\n<p class=\"wp-block-paragraph\">El objetivo es establecer si los alimentos consumidos en el hospital tuvieron relaci\u00f3n directa con los casos registrados.<\/p>\n\n\n\n<p class=\"wp-block-paragraph\">La asociaci\u00f3n temporal con el comedor constituye una de las l\u00edneas de investigaci\u00f3n, pero todav\u00eda no representa una confirmaci\u00f3n definitiva del origen.<\/p>\n\n\n\n<p class=\"wp-block-paragraph\">Hasta el momento, el reporte oficial contabiliza 135 m\u00e9dicos con s\u00edntomas y 41 hospitalizados, todos en condici\u00f3n estable.<\/p>\n\n\n\n<p class=\"wp-block-paragraph\">Las autoridades informar\u00e1n sobre nuevos resultados conforme avance la investigaci\u00f3n epidemiol\u00f3gica y sanitaria.<\/p>\n\n\n\n<p class=\"wp-block-paragraph\"><strong><a href=\"https:\/\/www.tiktok.com\/@elotroenfoque?_r=1&amp;_t=ZS-97ffhW6kR1t\">Sigue tambi\u00e9n las noticias en TikTok<\/a><\/strong><\/p>\n\n\n\n<p class=\"wp-block-paragraph\"><\/p>\n","protected":false},"excerpt":{"rendered":"<p>Un brote de salmonella afect\u00f3 a 135 m\u00e9dicos residentes y de alta especialidad del Hospital General de M\u00e9xico \u201cDr. Eduardo Liceaga\u201d. Hasta este jueves 3 de septiembre, 41 m\u00e9dicos permanec\u00edan hospitalizados, aunque todos se encontraban estables y bajo vigilancia m\u00e9dica. Los casos fueron asociados temporalmente con el consumo de alimentos proporcionados por el servicio subrogado&#8230;<\/p>\n","protected":false},"author":4,"featured_media":195542,"comment_status":"closed","ping_status":"open","sticky":false,"template":"","format":"standard","meta":{"footnotes":""},"categories":[11],"tags":[13,4517],"class_list":["post-195541","post","type-post","status-publish","format-standard","has-post-thumbnail","hentry","category-otrasnoticias","tag-guanajuato","tag-noticias-guanajuato"],"yoast_head":"<!-- This site is optimized with the Yoast SEO plugin v28.2 - https:\/\/yoast.com\/product\/yoast-seo-wordpress\/ -->\n<title>Enferman de salmonella 135 m\u00e9dicos del Hospital General de M\u00e9xico - El otro enfoque<\/title>\n<meta name=\"description\" content=\"Brote de Salmonella afecta a 135 m\u00e9dicos del Hospital General de M\u00e9xico; 41 permanecen hospitalizados y el comedor fue suspendido.\" \/>\n<meta name=\"robots\" content=\"index, follow, max-snippet:-1, max-image-preview:large, max-video-preview:-1\" \/>\n<link rel=\"canonical\" href=\"https:\/\/elotroenfoque.mx\/index.php\/2026\/09\/03\/enferman-de-salmonella-135-medicos-del-hospital-general-de-mexico\/\" \/>\n<meta property=\"og:locale\" content=\"es_MX\" \/>\n<meta property=\"og:type\" content=\"article\" \/>\n<meta property=\"og:title\" content=\"Enferman de salmonella 135 m\u00e9dicos del Hospital General de M\u00e9xico - El otro enfoque\" \/>\n<meta property=\"og:description\" content=\"Brote de Salmonella afecta a 135 m\u00e9dicos del Hospital General de M\u00e9xico; 41 permanecen hospitalizados y el comedor fue suspendido.\" \/>\n<meta property=\"og:url\" content=\"https:\/\/elotroenfoque.mx\/index.php\/2026\/09\/03\/enferman-de-salmonella-135-medicos-del-hospital-general-de-mexico\/\" \/>\n<meta property=\"og:site_name\" content=\"El otro enfoque\" \/>\n<meta property=\"article:published_time\" content=\"2026-09-03T20:41:13+00:00\" \/>\n<meta property=\"article:modified_time\" content=\"2026-09-03T20:41:14+00:00\" \/>\n<meta property=\"og:image\" content=\"https:\/\/elotroenfoque.mx\/wp-content\/uploads\/2026\/09\/enferman-medicos-del-hospital-general-de-mexico.jpg\" \/>\n\t<meta property=\"og:image:width\" content=\"1099\" \/>\n\t<meta property=\"og:image:height\" content=\"517\" \/>\n\t<meta property=\"og:image:type\" content=\"image\/jpeg\" \/>\n<meta name=\"author\" content=\"Equipo Redaccion\" \/>\n<meta name=\"twitter:card\" content=\"summary_large_image\" \/>\n<meta name=\"twitter:label1\" content=\"Escrito por\" \/>\n\t<meta name=\"twitter:data1\" content=\"Equipo Redaccion\" \/>\n\t<meta name=\"twitter:label2\" content=\"Tiempo de lectura\" \/>\n\t<meta name=\"twitter:data2\" content=\"3 minutos\" \/>\n<script type=\"application\/ld+json\" class=\"yoast-schema-graph\">{\"@context\":\"https:\\\/\\\/schema.org\",\"@graph\":[{\"@type\":\"Article\",\"@id\":\"https:\\\/\\\/elotroenfoque.mx\\\/index.php\\\/2026\\\/09\\\/03\\\/enferman-de-salmonella-135-medicos-del-hospital-general-de-mexico\\\/#article\",\"isPartOf\":{\"@id\":\"https:\\\/\\\/elotroenfoque.mx\\\/index.php\\\/2026\\\/09\\\/03\\\/enferman-de-salmonella-135-medicos-del-hospital-general-de-mexico\\\/\"},\"author\":{\"name\":\"Equipo Redaccion\",\"@id\":\"https:\\\/\\\/elotroenfoque.mx\\\/#\\\/schema\\\/person\\\/8eb322f84d0bd9f337e462905519a1ae\"},\"headline\":\"Enferman de salmonella 135 m\u00e9dicos del Hospital General de M\u00e9xico\",\"datePublished\":\"2026-09-03T20:41:13+00:00\",\"dateModified\":\"2026-09-03T20:41:14+00:00\",\"mainEntityOfPage\":{\"@id\":\"https:\\\/\\\/elotroenfoque.mx\\\/index.php\\\/2026\\\/09\\\/03\\\/enferman-de-salmonella-135-medicos-del-hospital-general-de-mexico\\\/\"},\"wordCount\":525,\"image\":{\"@id\":\"https:\\\/\\\/elotroenfoque.mx\\\/index.php\\\/2026\\\/09\\\/03\\\/enferman-de-salmonella-135-medicos-del-hospital-general-de-mexico\\\/#primaryimage\"},\"thumbnailUrl\":\"https:\\\/\\\/elotroenfoque.mx\\\/wp-content\\\/uploads\\\/2026\\\/09\\\/enferman-medicos-del-hospital-general-de-mexico.jpg\",\"keywords\":[\"Guanajuato\",\"Noticias Guanajuato\"],\"articleSection\":[\"Otras Noticias\"],\"inLanguage\":\"es\"},{\"@type\":\"WebPage\",\"@id\":\"https:\\\/\\\/elotroenfoque.mx\\\/index.php\\\/2026\\\/09\\\/03\\\/enferman-de-salmonella-135-medicos-del-hospital-general-de-mexico\\\/\",\"url\":\"https:\\\/\\\/elotroenfoque.mx\\\/index.php\\\/2026\\\/09\\\/03\\\/enferman-de-salmonella-135-medicos-del-hospital-general-de-mexico\\\/\",\"name\":\"Enferman de salmonella 135 m\u00e9dicos del Hospital General de M\u00e9xico - El otro enfoque\",\"isPartOf\":{\"@id\":\"https:\\\/\\\/elotroenfoque.mx\\\/#website\"},\"primaryImageOfPage\":{\"@id\":\"https:\\\/\\\/elotroenfoque.mx\\\/index.php\\\/2026\\\/09\\\/03\\\/enferman-de-salmonella-135-medicos-del-hospital-general-de-mexico\\\/#primaryimage\"},\"image\":{\"@id\":\"https:\\\/\\\/elotroenfoque.mx\\\/index.php\\\/2026\\\/09\\\/03\\\/enferman-de-salmonella-135-medicos-del-hospital-general-de-mexico\\\/#primaryimage\"},\"thumbnailUrl\":\"https:\\\/\\\/elotroenfoque.mx\\\/wp-content\\\/uploads\\\/2026\\\/09\\\/enferman-medicos-del-hospital-general-de-mexico.jpg\",\"datePublished\":\"2026-09-03T20:41:13+00:00\",\"dateModified\":\"2026-09-03T20:41:14+00:00\",\"author\":{\"@id\":\"https:\\\/\\\/elotroenfoque.mx\\\/#\\\/schema\\\/person\\\/8eb322f84d0bd9f337e462905519a1ae\"},\"description\":\"Brote de Salmonella afecta a 135 m\u00e9dicos del Hospital General de M\u00e9xico; 41 permanecen hospitalizados y el comedor fue suspendido.\",\"breadcrumb\":{\"@id\":\"https:\\\/\\\/elotroenfoque.mx\\\/index.php\\\/2026\\\/09\\\/03\\\/enferman-de-salmonella-135-medicos-del-hospital-general-de-mexico\\\/#breadcrumb\"},\"inLanguage\":\"es\",\"potentialAction\":[{\"@type\":\"ReadAction\",\"target\":[\"https:\\\/\\\/elotroenfoque.mx\\\/index.php\\\/2026\\\/09\\\/03\\\/enferman-de-salmonella-135-medicos-del-hospital-general-de-mexico\\\/\"]}]},{\"@type\":\"ImageObject\",\"inLanguage\":\"es\",\"@id\":\"https:\\\/\\\/elotroenfoque.mx\\\/index.php\\\/2026\\\/09\\\/03\\\/enferman-de-salmonella-135-medicos-del-hospital-general-de-mexico\\\/#primaryimage\",\"url\":\"https:\\\/\\\/elotroenfoque.mx\\\/wp-content\\\/uploads\\\/2026\\\/09\\\/enferman-medicos-del-hospital-general-de-mexico.jpg\",\"contentUrl\":\"https:\\\/\\\/elotroenfoque.mx\\\/wp-content\\\/uploads\\\/2026\\\/09\\\/enferman-medicos-del-hospital-general-de-mexico.jpg\",\"width\":1099,\"height\":517},{\"@type\":\"BreadcrumbList\",\"@id\":\"https:\\\/\\\/elotroenfoque.mx\\\/index.php\\\/2026\\\/09\\\/03\\\/enferman-de-salmonella-135-medicos-del-hospital-general-de-mexico\\\/#breadcrumb\",\"itemListElement\":[{\"@type\":\"ListItem\",\"position\":1,\"name\":\"Portada\",\"item\":\"https:\\\/\\\/elotroenfoque.mx\\\/\"},{\"@type\":\"ListItem\",\"position\":2,\"name\":\"Enferman de salmonella 135 m\u00e9dicos del Hospital General de M\u00e9xico\"}]},{\"@type\":\"WebSite\",\"@id\":\"https:\\\/\\\/elotroenfoque.mx\\\/#website\",\"url\":\"https:\\\/\\\/elotroenfoque.mx\\\/\",\"name\":\"El otro enfoque\",\"description\":\"\",\"potentialAction\":[{\"@type\":\"SearchAction\",\"target\":{\"@type\":\"EntryPoint\",\"urlTemplate\":\"https:\\\/\\\/elotroenfoque.mx\\\/?s={search_term_string}\"},\"query-input\":{\"@type\":\"PropertyValueSpecification\",\"valueRequired\":true,\"valueName\":\"search_term_string\"}}],\"inLanguage\":\"es\"},{\"@type\":\"Person\",\"@id\":\"https:\\\/\\\/elotroenfoque.mx\\\/#\\\/schema\\\/person\\\/8eb322f84d0bd9f337e462905519a1ae\",\"name\":\"Equipo Redaccion\",\"image\":{\"@type\":\"ImageObject\",\"inLanguage\":\"es\",\"@id\":\"https:\\\/\\\/secure.gravatar.com\\\/avatar\\\/3579478e2b4e7aad364a32b26cf744b360ae0e581ee1cd0cb18a8f239ee49ac4?s=96&d=mm&r=g\",\"url\":\"https:\\\/\\\/secure.gravatar.com\\\/avatar\\\/3579478e2b4e7aad364a32b26cf744b360ae0e581ee1cd0cb18a8f239ee49ac4?s=96&d=mm&r=g\",\"contentUrl\":\"https:\\\/\\\/secure.gravatar.com\\\/avatar\\\/3579478e2b4e7aad364a32b26cf744b360ae0e581ee1cd0cb18a8f239ee49ac4?s=96&d=mm&r=g\",\"caption\":\"Equipo Redaccion\"},\"url\":\"https:\\\/\\\/elotroenfoque.mx\\\/index.php\\\/author\\\/redaccion\\\/\"}]}<\/script>\n<!-- \/ Yoast SEO plugin. -->","yoast_head_json":{"title":"Enferman de salmonella 135 m\u00e9dicos del Hospital General de M\u00e9xico - El otro enfoque","description":"Brote de Salmonella afecta a 135 m\u00e9dicos del Hospital General de M\u00e9xico; 41 permanecen hospitalizados y el comedor fue suspendido.","robots":{"index":"index","follow":"follow","max-snippet":"max-snippet:-1","max-image-preview":"max-image-preview:large","max-video-preview":"max-video-preview:-1"},"canonical":"https:\/\/elotroenfoque.mx\/index.php\/2026\/09\/03\/enferman-de-salmonella-135-medicos-del-hospital-general-de-mexico\/","og_locale":"es_MX","og_type":"article","og_title":"Enferman de salmonella 135 m\u00e9dicos del Hospital General de M\u00e9xico - El otro enfoque","og_description":"Brote de Salmonella afecta a 135 m\u00e9dicos del Hospital General de M\u00e9xico; 41 permanecen hospitalizados y el comedor fue suspendido.","og_url":"https:\/\/elotroenfoque.mx\/index.php\/2026\/09\/03\/enferman-de-salmonella-135-medicos-del-hospital-general-de-mexico\/","og_site_name":"El otro enfoque","article_published_time":"2026-09-03T20:41:13+00:00","article_modified_time":"2026-09-03T20:41:14+00:00","og_image":[{"width":1099,"height":517,"url":"https:\/\/elotroenfoque.mx\/wp-content\/uploads\/2026\/09\/enferman-medicos-del-hospital-general-de-mexico.jpg","type":"image\/jpeg"}],"author":"Equipo Redaccion","twitter_card":"summary_large_image","twitter_misc":{"Escrito por":"Equipo Redaccion","Tiempo de lectura":"3 minutos"},"schema":{"@context":"https:\/\/schema.org","@graph":[{"@type":"Article","@id":"https:\/\/elotroenfoque.mx\/index.php\/2026\/09\/03\/enferman-de-salmonella-135-medicos-del-hospital-general-de-mexico\/#article","isPartOf":{"@id":"https:\/\/elotroenfoque.mx\/index.php\/2026\/09\/03\/enferman-de-salmonella-135-medicos-del-hospital-general-de-mexico\/"},"author":{"name":"Equipo Redaccion","@id":"https:\/\/elotroenfoque.mx\/#\/schema\/person\/8eb322f84d0bd9f337e462905519a1ae"},"headline":"Enferman de salmonella 135 m\u00e9dicos del Hospital General de M\u00e9xico","datePublished":"2026-09-03T20:41:13+00:00","dateModified":"2026-09-03T20:41:14+00:00","mainEntityOfPage":{"@id":"https:\/\/elotroenfoque.mx\/index.php\/2026\/09\/03\/enferman-de-salmonella-135-medicos-del-hospital-general-de-mexico\/"},"wordCount":525,"image":{"@id":"https:\/\/elotroenfoque.mx\/index.php\/2026\/09\/03\/enferman-de-salmonella-135-medicos-del-hospital-general-de-mexico\/#primaryimage"},"thumbnailUrl":"https:\/\/elotroenfoque.mx\/wp-content\/uploads\/2026\/09\/enferman-medicos-del-hospital-general-de-mexico.jpg","keywords":["Guanajuato","Noticias Guanajuato"],"articleSection":["Otras Noticias"],"inLanguage":"es"},{"@type":"WebPage","@id":"https:\/\/elotroenfoque.mx\/index.php\/2026\/09\/03\/enferman-de-salmonella-135-medicos-del-hospital-general-de-mexico\/","url":"https:\/\/elotroenfoque.mx\/index.php\/2026\/09\/03\/enferman-de-salmonella-135-medicos-del-hospital-general-de-mexico\/","name":"Enferman de salmonella 135 m\u00e9dicos del Hospital General de M\u00e9xico - El otro enfoque","isPartOf":{"@id":"https:\/\/elotroenfoque.mx\/#website"},"primaryImageOfPage":{"@id":"https:\/\/elotroenfoque.mx\/index.php\/2026\/09\/03\/enferman-de-salmonella-135-medicos-del-hospital-general-de-mexico\/#primaryimage"},"image":{"@id":"https:\/\/elotroenfoque.mx\/index.php\/2026\/09\/03\/enferman-de-salmonella-135-medicos-del-hospital-general-de-mexico\/#primaryimage"},"thumbnailUrl":"https:\/\/elotroenfoque.mx\/wp-content\/uploads\/2026\/09\/enferman-medicos-del-hospital-general-de-mexico.jpg","datePublished":"2026-09-03T20:41:13+00:00","dateModified":"2026-09-03T20:41:14+00:00","author":{"@id":"https:\/\/elotroenfoque.mx\/#\/schema\/person\/8eb322f84d0bd9f337e462905519a1ae"},"description":"Brote de Salmonella afecta a 135 m\u00e9dicos del Hospital General de M\u00e9xico; 41 permanecen hospitalizados y el comedor fue suspendido.","breadcrumb":{"@id":"https:\/\/elotroenfoque.mx\/index.php\/2026\/09\/03\/enferman-de-salmonella-135-medicos-del-hospital-general-de-mexico\/#breadcrumb"},"inLanguage":"es","potentialAction":[{"@type":"ReadAction","target":["https:\/\/elotroenfoque.mx\/index.php\/2026\/09\/03\/enferman-de-salmonella-135-medicos-del-hospital-general-de-mexico\/"]}]},{"@type":"ImageObject","inLanguage":"es","@id":"https:\/\/elotroenfoque.mx\/index.php\/2026\/09\/03\/enferman-de-salmonella-135-medicos-del-hospital-general-de-mexico\/#primaryimage","url":"https:\/\/elotroenfoque.mx\/wp-content\/uploads\/2026\/09\/enferman-medicos-del-hospital-general-de-mexico.jpg","contentUrl":"https:\/\/elotroenfoque.mx\/wp-content\/uploads\/2026\/09\/enferman-medicos-del-hospital-general-de-mexico.jpg","width":1099,"height":517},{"@type":"BreadcrumbList","@id":"https:\/\/elotroenfoque.mx\/index.php\/2026\/09\/03\/enferman-de-salmonella-135-medicos-del-hospital-general-de-mexico\/#breadcrumb","itemListElement":[{"@type":"ListItem","position":1,"name":"Portada","item":"https:\/\/elotroenfoque.mx\/"},{"@type":"ListItem","position":2,"name":"Enferman de salmonella 135 m\u00e9dicos del Hospital General de M\u00e9xico"}]},{"@type":"WebSite","@id":"https:\/\/elotroenfoque.mx\/#website","url":"https:\/\/elotroenfoque.mx\/","name":"El otro enfoque","description":"","potentialAction":[{"@type":"SearchAction","target":{"@type":"EntryPoint","urlTemplate":"https:\/\/elotroenfoque.mx\/?s={search_term_string}"},"query-input":{"@type":"PropertyValueSpecification","valueRequired":true,"valueName":"search_term_string"}}],"inLanguage":"es"},{"@type":"Person","@id":"https:\/\/elotroenfoque.mx\/#\/schema\/person\/8eb322f84d0bd9f337e462905519a1ae","name":"Equipo Redaccion","image":{"@type":"ImageObject","inLanguage":"es","@id":"https:\/\/secure.gravatar.com\/avatar\/3579478e2b4e7aad364a32b26cf744b360ae0e581ee1cd0cb18a8f239ee49ac4?s=96&d=mm&r=g","url":"https:\/\/secure.gravatar.com\/avatar\/3579478e2b4e7aad364a32b26cf744b360ae0e581ee1cd0cb18a8f239ee49ac4?s=96&d=mm&r=g","contentUrl":"https:\/\/secure.gravatar.com\/avatar\/3579478e2b4e7aad364a32b26cf744b360ae0e581ee1cd0cb18a8f239ee49ac4?s=96&d=mm&r=g","caption":"Equipo Redaccion"},"url":"https:\/\/elotroenfoque.mx\/index.php\/author\/redaccion\/"}]}},"_links":{"self":[{"href":"https:\/\/elotroenfoque.mx\/index.php\/wp-json\/wp\/v2\/posts\/195541","targetHints":{"allow":["GET"]}}],"collection":[{"href":"https:\/\/elotroenfoque.mx\/index.php\/wp-json\/wp\/v2\/posts"}],"about":[{"href":"https:\/\/elotroenfoque.mx\/index.php\/wp-json\/wp\/v2\/types\/post"}],"author":[{"embeddable":true,"href":"https:\/\/elotroenfoque.mx\/index.php\/wp-json\/wp\/v2\/users\/4"}],"replies":[{"embeddable":true,"href":"https:\/\/elotroenfoque.mx\/index.php\/wp-json\/wp\/v2\/comments?post=195541"}],"version-history":[{"count":1,"href":"https:\/\/elotroenfoque.mx\/index.php\/wp-json\/wp\/v2\/posts\/195541\/revisions"}],"predecessor-version":[{"id":195545,"href":"https:\/\/elotroenfoque.mx\/index.php\/wp-json\/wp\/v2\/posts\/195541\/revisions\/195545"}],"wp:featuredmedia":[{"embeddable":true,"href":"https:\/\/elotroenfoque.mx\/index.php\/wp-json\/wp\/v2\/media\/195542"}],"wp:attachment":[{"href":"https:\/\/elotroenfoque.mx\/index.php\/wp-json\/wp\/v2\/media?parent=195541"}],"wp:term":[{"taxonomy":"category","embeddable":true,"href":"https:\/\/elotroenfoque.mx\/index.php\/wp-json\/wp\/v2\/categories?post=195541"},{"taxonomy":"post_tag","embeddable":true,"href":"https:\/\/elotroenfoque.mx\/index.php\/wp-json\/wp\/v2\/tags?post=195541"}],"curies":[{"name":"wp","href":"https:\/\/api.w.org\/{rel}","templated":true}]}}