{"id":195547,"date":"2026-09-03T15:37:43","date_gmt":"2026-09-03T21:37:43","guid":{"rendered":"https:\/\/elotroenfoque.mx\/?p=195547"},"modified":"2026-09-03T15:37:44","modified_gmt":"2026-09-03T21:37:44","slug":"reconoce-gobernadora-aportacion-de-mujeres-indigenas","status":"publish","type":"post","link":"https:\/\/elotroenfoque.mx\/index.php\/2026\/09\/03\/reconoce-gobernadora-aportacion-de-mujeres-indigenas\/","title":{"rendered":"Reconoce Gobernadora aportaci\u00f3n de mujeres ind\u00edgenas"},"content":{"rendered":"\n<p class=\"wp-block-paragraph\">El impulso a las mujeres ind\u00edgenas en Guanajuato representa un compromiso fundamental para el desarrollo de las comunidades originarias. Durante la conmemoraci\u00f3n de su d\u00eda internacional, las autoridades estatales destacaron la importancia de este sector social. La jornada reuni\u00f3 a diversas lideresas para reflexionar sobre sus avances en la entidad.<\/p>\n\n\n\n<p class=\"wp-block-paragraph\">En el evento, la gobernadora Libia Dennise Garc\u00eda Mu\u00f1oz Ledo resalt\u00f3 el valor del apoyo mutuo entre sectores femeninos. \u201cHoy yo me siento muy orgullosa de ver que las mujeres nos reconocemos entre nosotras, sabemos lo que valemos y podemos apoyarnos unas a otras a salir adelante. Sobre todo, hoy, conmemorando la lucha, la participaci\u00f3n y la gran aportaci\u00f3n de nuestras mujeres ind\u00edgenas\u201d, as\u00ed lo dijo la gobernadora en el marco del D\u00eda Internacional de la Mujer Ind\u00edgena.<\/p>\n\n\n\n<figure class=\"wp-block-gallery has-nested-images columns-default is-cropped wp-block-gallery-1 is-layout-flex wp-block-gallery-is-layout-flex\">\n<figure class=\"wp-block-image size-full\"><img loading=\"lazy\" decoding=\"async\" width=\"737\" height=\"482\" data-id=\"195550\" src=\"https:\/\/elotroenfoque.mx\/wp-content\/uploads\/2026\/09\/dia-de-la-mujer-indigena-2.jpg\" alt=\"\" class=\"wp-image-195550\" srcset=\"https:\/\/elotroenfoque.mx\/wp-content\/uploads\/2026\/09\/dia-de-la-mujer-indigena-2.jpg 737w, https:\/\/elotroenfoque.mx\/wp-content\/uploads\/2026\/09\/dia-de-la-mujer-indigena-2-300x196.jpg 300w\" sizes=\"auto, (max-width: 737px) 100vw, 737px\" \/><\/figure>\n\n\n\n<figure class=\"wp-block-image size-full\"><img loading=\"lazy\" decoding=\"async\" width=\"751\" height=\"457\" data-id=\"195549\" src=\"https:\/\/elotroenfoque.mx\/wp-content\/uploads\/2026\/09\/dia-de-la-mujer-indigena-3.jpg\" alt=\"\" class=\"wp-image-195549\" srcset=\"https:\/\/elotroenfoque.mx\/wp-content\/uploads\/2026\/09\/dia-de-la-mujer-indigena-3.jpg 751w, https:\/\/elotroenfoque.mx\/wp-content\/uploads\/2026\/09\/dia-de-la-mujer-indigena-3-300x183.jpg 300w\" sizes=\"auto, (max-width: 751px) 100vw, 751px\" \/><\/figure>\n<\/figure>\n\n\n\n<p class=\"wp-block-paragraph\">Esta conmemoraci\u00f3n ocurre cada 5 de septiembre en honor a Bartolina Sisa, hero\u00edna aymara que luch\u00f3 por la libertad. La fecha busca visibilizar a quienes preservan lenguas, saberes ancestrales y tradiciones comunitarias en la regi\u00f3n. Adem\u00e1s, recuerda la necesidad de eliminar las barreras de discriminaci\u00f3n, pobreza y violencia que enfrentan.<\/p>\n\n\n\n<h2 class=\"wp-block-heading\">Oportunidades para las mujeres ind\u00edgenas en Guanajuato<\/h2>\n\n\n\n<p class=\"wp-block-paragraph\">La administraci\u00f3n estatal busca garantizar entornos donde las j\u00f3venes originarias puedan progresar con libertad plena. La visi\u00f3n institucional plantea que cada habitante de las comunidades pueda estudiar, emprender y participar activamente. Las pol\u00edticas p\u00fablicas est\u00e1n orientadas a abrir espacios reales de decisi\u00f3n en diversos \u00e1mbitos.<\/p>\n\n\n\n<p class=\"wp-block-paragraph\">El gobierno busca enviar un mensaje claro sobre las posibilidades de superaci\u00f3n en todo el territorio. \u201cHoy les estamos diciendo a nuestras mujeres ind\u00edgenas y a nuestras ni\u00f1as ind\u00edgenas, que tambi\u00e9n ellas pueden conquistar sus sue\u00f1os, que tambi\u00e9n ellas puedes llegar a gobernar, que sus voces son importantes y que sus liderazgos van a cambiar el rumbo de Guanajuato y de M\u00e9xico\u201d, dijo la Gobernadora.<\/p>\n\n\n\n<figure class=\"wp-block-image size-full\"><img loading=\"lazy\" decoding=\"async\" width=\"722\" height=\"480\" src=\"https:\/\/elotroenfoque.mx\/wp-content\/uploads\/2026\/09\/dia-de-la-mujer-indigena-5.jpg\" alt=\"\" class=\"wp-image-195551\" srcset=\"https:\/\/elotroenfoque.mx\/wp-content\/uploads\/2026\/09\/dia-de-la-mujer-indigena-5.jpg 722w, https:\/\/elotroenfoque.mx\/wp-content\/uploads\/2026\/09\/dia-de-la-mujer-indigena-5-300x199.jpg 300w, https:\/\/elotroenfoque.mx\/wp-content\/uploads\/2026\/09\/dia-de-la-mujer-indigena-5-720x480.jpg 720w, https:\/\/elotroenfoque.mx\/wp-content\/uploads\/2026\/09\/dia-de-la-mujer-indigena-5-600x400.jpg 600w\" sizes=\"auto, (max-width: 722px) 100vw, 722px\" \/><\/figure>\n\n\n\n<p class=\"wp-block-paragraph\">Actualmente, el Padr\u00f3n Estatal reconoce formalmente 106 comunidades originarias dentro del territorio estatal. Este censo sum\u00f3 recientemente 10 nuevas localidades tras permanecer m\u00e1s de una d\u00e9cada sin cambios. M\u00e1s de 46 mil mujeres habitan en estas zonas, junto a familias migrantes procedentes de varios estados.<\/p>\n\n\n\n<h2 class=\"wp-block-heading\">Conferencias y participaci\u00f3n comunitaria en la jornada<\/h2>\n\n\n\n<p class=\"wp-block-paragraph\">El encuentro incluy\u00f3 la ponencia magistral titulada Voces de cambio: mujeres al frente durante las actividades. La presentaci\u00f3n estuvo a cargo de Eufrosina Cruz Mendoza, destacada activista y pol\u00edtica oaxaque\u00f1a. La conferencista comparti\u00f3 su experiencia como la primera mujer ind\u00edgena en presidir el congreso de su estado natal.<\/p>\n\n\n\n<p class=\"wp-block-paragraph\"><strong><a href=\"https:\/\/elotroenfoque.mx\/index.php\/2026\/09\/03\/enferman-de-salmonella-135-medicos-del-hospital-general-de-mexico\/\">\u00bfDe qu\u00e9 enfermaron 135 m\u00e9dicos del Hospital General de M\u00e9xico?<\/a><\/strong><\/p>\n\n\n\n<p class=\"wp-block-paragraph\">Las autoridades refrendaron la atenci\u00f3n mediante la Subsecretar\u00eda de Atenci\u00f3n a Pueblos y Comunidades Ind\u00edgenas y Personas Afromexicanas. Esta oficina trabaja junto a la Secretar\u00eda de las Mujeres para acompa\u00f1ar los derechos de la poblaci\u00f3n. Ambas dependencias buscan coordinar apoyos integrales para las zonas con mayor rezago social.<\/p>\n\n\n\n<p class=\"wp-block-paragraph\">Al evento asistieron funcionarios como el alcalde de Tierra Blanca, R\u00f3mulo Garc\u00eda Cabrera, y representantes comunitarias locales. Tambi\u00e9n acudieron la secretaria de Derechos Humanos, Liz Alejandra Esparza Frausto, y la secretaria de las Mujeres, Itzel Balderas Hern\u00e1ndez. La reuni\u00f3n convoc\u00f3 a consejeras, artesanas y estudiantes que impulsan la vida colectiva en sus regiones.<\/p>\n\n\n\n<p class=\"wp-block-paragraph\"><strong><a href=\"https:\/\/www.tiktok.com\/@elotroenfoque?_r=1&amp;_t=ZS-97ffhW6kR1t\">Sigue tambi\u00e9n las noticias en TikTok<\/a><\/strong><\/p>\n\n\n\n<p class=\"wp-block-paragraph\"><\/p>\n","protected":false},"excerpt":{"rendered":"<p>El impulso a las mujeres ind\u00edgenas en Guanajuato representa un compromiso fundamental para el desarrollo de las comunidades originarias. Durante la conmemoraci\u00f3n de su d\u00eda internacional, las autoridades estatales destacaron la importancia de este sector social. La jornada reuni\u00f3 a diversas lideresas para reflexionar sobre sus avances en la entidad. En el evento, la gobernadora&#8230;<\/p>\n","protected":false},"author":4,"featured_media":195548,"comment_status":"closed","ping_status":"open","sticky":false,"template":"","format":"standard","meta":{"footnotes":""},"categories":[2],"tags":[13,4517],"class_list":["post-195547","post","type-post","status-publish","format-standard","has-post-thumbnail","hentry","category-noticias","tag-guanajuato","tag-noticias-guanajuato"],"yoast_head":"<!-- This site is optimized with the Yoast SEO plugin v28.2 - https:\/\/yoast.com\/product\/yoast-seo-wordpress\/ -->\n<title>Reconoce Gobernadora aportaci\u00f3n de mujeres ind\u00edgenas - El otro enfoque<\/title>\n<meta name=\"description\" content=\"Libia Dennise reconoce a las mujeres ind\u00edgenas en Guanajuato durante la conmemoraci\u00f3n de su d\u00eda. El estado suma 106 comunidades reconocidas.\" \/>\n<meta name=\"robots\" content=\"index, follow, max-snippet:-1, max-image-preview:large, max-video-preview:-1\" \/>\n<link rel=\"canonical\" href=\"https:\/\/elotroenfoque.mx\/index.php\/2026\/09\/03\/reconoce-gobernadora-aportacion-de-mujeres-indigenas\/\" \/>\n<meta property=\"og:locale\" content=\"es_MX\" \/>\n<meta property=\"og:type\" content=\"article\" \/>\n<meta property=\"og:title\" content=\"Reconoce Gobernadora aportaci\u00f3n de mujeres ind\u00edgenas - El otro enfoque\" \/>\n<meta property=\"og:description\" content=\"Libia Dennise reconoce a las mujeres ind\u00edgenas en Guanajuato durante la conmemoraci\u00f3n de su d\u00eda. El estado suma 106 comunidades reconocidas.\" \/>\n<meta property=\"og:url\" content=\"https:\/\/elotroenfoque.mx\/index.php\/2026\/09\/03\/reconoce-gobernadora-aportacion-de-mujeres-indigenas\/\" \/>\n<meta property=\"og:site_name\" content=\"El otro enfoque\" \/>\n<meta property=\"article:published_time\" content=\"2026-09-03T21:37:43+00:00\" \/>\n<meta property=\"article:modified_time\" content=\"2026-09-03T21:37:44+00:00\" \/>\n<meta property=\"og:image\" content=\"https:\/\/elotroenfoque.mx\/wp-content\/uploads\/2026\/09\/dia-de-la-mujer-indigena-1.jpg\" \/>\n\t<meta property=\"og:image:width\" content=\"671\" \/>\n\t<meta property=\"og:image:height\" content=\"482\" \/>\n\t<meta property=\"og:image:type\" content=\"image\/jpeg\" \/>\n<meta name=\"author\" content=\"Equipo Redaccion\" \/>\n<meta name=\"twitter:card\" content=\"summary_large_image\" \/>\n<meta name=\"twitter:label1\" content=\"Escrito por\" \/>\n\t<meta name=\"twitter:data1\" content=\"Equipo Redaccion\" \/>\n\t<meta name=\"twitter:label2\" content=\"Tiempo de lectura\" \/>\n\t<meta name=\"twitter:data2\" content=\"4 minutos\" \/>\n<script type=\"application\/ld+json\" class=\"yoast-schema-graph\">{\"@context\":\"https:\\\/\\\/schema.org\",\"@graph\":[{\"@type\":\"Article\",\"@id\":\"https:\\\/\\\/elotroenfoque.mx\\\/index.php\\\/2026\\\/09\\\/03\\\/reconoce-gobernadora-aportacion-de-mujeres-indigenas\\\/#article\",\"isPartOf\":{\"@id\":\"https:\\\/\\\/elotroenfoque.mx\\\/index.php\\\/2026\\\/09\\\/03\\\/reconoce-gobernadora-aportacion-de-mujeres-indigenas\\\/\"},\"author\":{\"name\":\"Equipo Redaccion\",\"@id\":\"https:\\\/\\\/elotroenfoque.mx\\\/#\\\/schema\\\/person\\\/8eb322f84d0bd9f337e462905519a1ae\"},\"headline\":\"Reconoce Gobernadora aportaci\u00f3n de mujeres ind\u00edgenas\",\"datePublished\":\"2026-09-03T21:37:43+00:00\",\"dateModified\":\"2026-09-03T21:37:44+00:00\",\"mainEntityOfPage\":{\"@id\":\"https:\\\/\\\/elotroenfoque.mx\\\/index.php\\\/2026\\\/09\\\/03\\\/reconoce-gobernadora-aportacion-de-mujeres-indigenas\\\/\"},\"wordCount\":570,\"image\":{\"@id\":\"https:\\\/\\\/elotroenfoque.mx\\\/index.php\\\/2026\\\/09\\\/03\\\/reconoce-gobernadora-aportacion-de-mujeres-indigenas\\\/#primaryimage\"},\"thumbnailUrl\":\"https:\\\/\\\/elotroenfoque.mx\\\/wp-content\\\/uploads\\\/2026\\\/09\\\/dia-de-la-mujer-indigena-1.jpg\",\"keywords\":[\"Guanajuato\",\"Noticias Guanajuato\"],\"articleSection\":[\"Noticias\"],\"inLanguage\":\"es\"},{\"@type\":\"WebPage\",\"@id\":\"https:\\\/\\\/elotroenfoque.mx\\\/index.php\\\/2026\\\/09\\\/03\\\/reconoce-gobernadora-aportacion-de-mujeres-indigenas\\\/\",\"url\":\"https:\\\/\\\/elotroenfoque.mx\\\/index.php\\\/2026\\\/09\\\/03\\\/reconoce-gobernadora-aportacion-de-mujeres-indigenas\\\/\",\"name\":\"Reconoce Gobernadora aportaci\u00f3n de mujeres ind\u00edgenas - El otro enfoque\",\"isPartOf\":{\"@id\":\"https:\\\/\\\/elotroenfoque.mx\\\/#website\"},\"primaryImageOfPage\":{\"@id\":\"https:\\\/\\\/elotroenfoque.mx\\\/index.php\\\/2026\\\/09\\\/03\\\/reconoce-gobernadora-aportacion-de-mujeres-indigenas\\\/#primaryimage\"},\"image\":{\"@id\":\"https:\\\/\\\/elotroenfoque.mx\\\/index.php\\\/2026\\\/09\\\/03\\\/reconoce-gobernadora-aportacion-de-mujeres-indigenas\\\/#primaryimage\"},\"thumbnailUrl\":\"https:\\\/\\\/elotroenfoque.mx\\\/wp-content\\\/uploads\\\/2026\\\/09\\\/dia-de-la-mujer-indigena-1.jpg\",\"datePublished\":\"2026-09-03T21:37:43+00:00\",\"dateModified\":\"2026-09-03T21:37:44+00:00\",\"author\":{\"@id\":\"https:\\\/\\\/elotroenfoque.mx\\\/#\\\/schema\\\/person\\\/8eb322f84d0bd9f337e462905519a1ae\"},\"description\":\"Libia Dennise reconoce a las mujeres ind\u00edgenas en Guanajuato durante la conmemoraci\u00f3n de su d\u00eda. El estado suma 106 comunidades reconocidas.\",\"breadcrumb\":{\"@id\":\"https:\\\/\\\/elotroenfoque.mx\\\/index.php\\\/2026\\\/09\\\/03\\\/reconoce-gobernadora-aportacion-de-mujeres-indigenas\\\/#breadcrumb\"},\"inLanguage\":\"es\",\"potentialAction\":[{\"@type\":\"ReadAction\",\"target\":[\"https:\\\/\\\/elotroenfoque.mx\\\/index.php\\\/2026\\\/09\\\/03\\\/reconoce-gobernadora-aportacion-de-mujeres-indigenas\\\/\"]}]},{\"@type\":\"ImageObject\",\"inLanguage\":\"es\",\"@id\":\"https:\\\/\\\/elotroenfoque.mx\\\/index.php\\\/2026\\\/09\\\/03\\\/reconoce-gobernadora-aportacion-de-mujeres-indigenas\\\/#primaryimage\",\"url\":\"https:\\\/\\\/elotroenfoque.mx\\\/wp-content\\\/uploads\\\/2026\\\/09\\\/dia-de-la-mujer-indigena-1.jpg\",\"contentUrl\":\"https:\\\/\\\/elotroenfoque.mx\\\/wp-content\\\/uploads\\\/2026\\\/09\\\/dia-de-la-mujer-indigena-1.jpg\",\"width\":671,\"height\":482},{\"@type\":\"BreadcrumbList\",\"@id\":\"https:\\\/\\\/elotroenfoque.mx\\\/index.php\\\/2026\\\/09\\\/03\\\/reconoce-gobernadora-aportacion-de-mujeres-indigenas\\\/#breadcrumb\",\"itemListElement\":[{\"@type\":\"ListItem\",\"position\":1,\"name\":\"Portada\",\"item\":\"https:\\\/\\\/elotroenfoque.mx\\\/\"},{\"@type\":\"ListItem\",\"position\":2,\"name\":\"Reconoce Gobernadora aportaci\u00f3n de mujeres ind\u00edgenas\"}]},{\"@type\":\"WebSite\",\"@id\":\"https:\\\/\\\/elotroenfoque.mx\\\/#website\",\"url\":\"https:\\\/\\\/elotroenfoque.mx\\\/\",\"name\":\"El otro enfoque\",\"description\":\"\",\"potentialAction\":[{\"@type\":\"SearchAction\",\"target\":{\"@type\":\"EntryPoint\",\"urlTemplate\":\"https:\\\/\\\/elotroenfoque.mx\\\/?s={search_term_string}\"},\"query-input\":{\"@type\":\"PropertyValueSpecification\",\"valueRequired\":true,\"valueName\":\"search_term_string\"}}],\"inLanguage\":\"es\"},{\"@type\":\"Person\",\"@id\":\"https:\\\/\\\/elotroenfoque.mx\\\/#\\\/schema\\\/person\\\/8eb322f84d0bd9f337e462905519a1ae\",\"name\":\"Equipo Redaccion\",\"image\":{\"@type\":\"ImageObject\",\"inLanguage\":\"es\",\"@id\":\"https:\\\/\\\/secure.gravatar.com\\\/avatar\\\/3579478e2b4e7aad364a32b26cf744b360ae0e581ee1cd0cb18a8f239ee49ac4?s=96&d=mm&r=g\",\"url\":\"https:\\\/\\\/secure.gravatar.com\\\/avatar\\\/3579478e2b4e7aad364a32b26cf744b360ae0e581ee1cd0cb18a8f239ee49ac4?s=96&d=mm&r=g\",\"contentUrl\":\"https:\\\/\\\/secure.gravatar.com\\\/avatar\\\/3579478e2b4e7aad364a32b26cf744b360ae0e581ee1cd0cb18a8f239ee49ac4?s=96&d=mm&r=g\",\"caption\":\"Equipo Redaccion\"},\"url\":\"https:\\\/\\\/elotroenfoque.mx\\\/index.php\\\/author\\\/redaccion\\\/\"}]}<\/script>\n<!-- \/ Yoast SEO plugin. -->","yoast_head_json":{"title":"Reconoce Gobernadora aportaci\u00f3n de mujeres ind\u00edgenas - El otro enfoque","description":"Libia Dennise reconoce a las mujeres ind\u00edgenas en Guanajuato durante la conmemoraci\u00f3n de su d\u00eda. El estado suma 106 comunidades reconocidas.","robots":{"index":"index","follow":"follow","max-snippet":"max-snippet:-1","max-image-preview":"max-image-preview:large","max-video-preview":"max-video-preview:-1"},"canonical":"https:\/\/elotroenfoque.mx\/index.php\/2026\/09\/03\/reconoce-gobernadora-aportacion-de-mujeres-indigenas\/","og_locale":"es_MX","og_type":"article","og_title":"Reconoce Gobernadora aportaci\u00f3n de mujeres ind\u00edgenas - El otro enfoque","og_description":"Libia Dennise reconoce a las mujeres ind\u00edgenas en Guanajuato durante la conmemoraci\u00f3n de su d\u00eda. El estado suma 106 comunidades reconocidas.","og_url":"https:\/\/elotroenfoque.mx\/index.php\/2026\/09\/03\/reconoce-gobernadora-aportacion-de-mujeres-indigenas\/","og_site_name":"El otro enfoque","article_published_time":"2026-09-03T21:37:43+00:00","article_modified_time":"2026-09-03T21:37:44+00:00","og_image":[{"width":671,"height":482,"url":"https:\/\/elotroenfoque.mx\/wp-content\/uploads\/2026\/09\/dia-de-la-mujer-indigena-1.jpg","type":"image\/jpeg"}],"author":"Equipo Redaccion","twitter_card":"summary_large_image","twitter_misc":{"Escrito por":"Equipo Redaccion","Tiempo de lectura":"4 minutos"},"schema":{"@context":"https:\/\/schema.org","@graph":[{"@type":"Article","@id":"https:\/\/elotroenfoque.mx\/index.php\/2026\/09\/03\/reconoce-gobernadora-aportacion-de-mujeres-indigenas\/#article","isPartOf":{"@id":"https:\/\/elotroenfoque.mx\/index.php\/2026\/09\/03\/reconoce-gobernadora-aportacion-de-mujeres-indigenas\/"},"author":{"name":"Equipo Redaccion","@id":"https:\/\/elotroenfoque.mx\/#\/schema\/person\/8eb322f84d0bd9f337e462905519a1ae"},"headline":"Reconoce Gobernadora aportaci\u00f3n de mujeres ind\u00edgenas","datePublished":"2026-09-03T21:37:43+00:00","dateModified":"2026-09-03T21:37:44+00:00","mainEntityOfPage":{"@id":"https:\/\/elotroenfoque.mx\/index.php\/2026\/09\/03\/reconoce-gobernadora-aportacion-de-mujeres-indigenas\/"},"wordCount":570,"image":{"@id":"https:\/\/elotroenfoque.mx\/index.php\/2026\/09\/03\/reconoce-gobernadora-aportacion-de-mujeres-indigenas\/#primaryimage"},"thumbnailUrl":"https:\/\/elotroenfoque.mx\/wp-content\/uploads\/2026\/09\/dia-de-la-mujer-indigena-1.jpg","keywords":["Guanajuato","Noticias Guanajuato"],"articleSection":["Noticias"],"inLanguage":"es"},{"@type":"WebPage","@id":"https:\/\/elotroenfoque.mx\/index.php\/2026\/09\/03\/reconoce-gobernadora-aportacion-de-mujeres-indigenas\/","url":"https:\/\/elotroenfoque.mx\/index.php\/2026\/09\/03\/reconoce-gobernadora-aportacion-de-mujeres-indigenas\/","name":"Reconoce Gobernadora aportaci\u00f3n de mujeres ind\u00edgenas - El otro enfoque","isPartOf":{"@id":"https:\/\/elotroenfoque.mx\/#website"},"primaryImageOfPage":{"@id":"https:\/\/elotroenfoque.mx\/index.php\/2026\/09\/03\/reconoce-gobernadora-aportacion-de-mujeres-indigenas\/#primaryimage"},"image":{"@id":"https:\/\/elotroenfoque.mx\/index.php\/2026\/09\/03\/reconoce-gobernadora-aportacion-de-mujeres-indigenas\/#primaryimage"},"thumbnailUrl":"https:\/\/elotroenfoque.mx\/wp-content\/uploads\/2026\/09\/dia-de-la-mujer-indigena-1.jpg","datePublished":"2026-09-03T21:37:43+00:00","dateModified":"2026-09-03T21:37:44+00:00","author":{"@id":"https:\/\/elotroenfoque.mx\/#\/schema\/person\/8eb322f84d0bd9f337e462905519a1ae"},"description":"Libia Dennise reconoce a las mujeres ind\u00edgenas en Guanajuato durante la conmemoraci\u00f3n de su d\u00eda. El estado suma 106 comunidades reconocidas.","breadcrumb":{"@id":"https:\/\/elotroenfoque.mx\/index.php\/2026\/09\/03\/reconoce-gobernadora-aportacion-de-mujeres-indigenas\/#breadcrumb"},"inLanguage":"es","potentialAction":[{"@type":"ReadAction","target":["https:\/\/elotroenfoque.mx\/index.php\/2026\/09\/03\/reconoce-gobernadora-aportacion-de-mujeres-indigenas\/"]}]},{"@type":"ImageObject","inLanguage":"es","@id":"https:\/\/elotroenfoque.mx\/index.php\/2026\/09\/03\/reconoce-gobernadora-aportacion-de-mujeres-indigenas\/#primaryimage","url":"https:\/\/elotroenfoque.mx\/wp-content\/uploads\/2026\/09\/dia-de-la-mujer-indigena-1.jpg","contentUrl":"https:\/\/elotroenfoque.mx\/wp-content\/uploads\/2026\/09\/dia-de-la-mujer-indigena-1.jpg","width":671,"height":482},{"@type":"BreadcrumbList","@id":"https:\/\/elotroenfoque.mx\/index.php\/2026\/09\/03\/reconoce-gobernadora-aportacion-de-mujeres-indigenas\/#breadcrumb","itemListElement":[{"@type":"ListItem","position":1,"name":"Portada","item":"https:\/\/elotroenfoque.mx\/"},{"@type":"ListItem","position":2,"name":"Reconoce Gobernadora aportaci\u00f3n de mujeres ind\u00edgenas"}]},{"@type":"WebSite","@id":"https:\/\/elotroenfoque.mx\/#website","url":"https:\/\/elotroenfoque.mx\/","name":"El otro enfoque","description":"","potentialAction":[{"@type":"SearchAction","target":{"@type":"EntryPoint","urlTemplate":"https:\/\/elotroenfoque.mx\/?s={search_term_string}"},"query-input":{"@type":"PropertyValueSpecification","valueRequired":true,"valueName":"search_term_string"}}],"inLanguage":"es"},{"@type":"Person","@id":"https:\/\/elotroenfoque.mx\/#\/schema\/person\/8eb322f84d0bd9f337e462905519a1ae","name":"Equipo Redaccion","image":{"@type":"ImageObject","inLanguage":"es","@id":"https:\/\/secure.gravatar.com\/avatar\/3579478e2b4e7aad364a32b26cf744b360ae0e581ee1cd0cb18a8f239ee49ac4?s=96&d=mm&r=g","url":"https:\/\/secure.gravatar.com\/avatar\/3579478e2b4e7aad364a32b26cf744b360ae0e581ee1cd0cb18a8f239ee49ac4?s=96&d=mm&r=g","contentUrl":"https:\/\/secure.gravatar.com\/avatar\/3579478e2b4e7aad364a32b26cf744b360ae0e581ee1cd0cb18a8f239ee49ac4?s=96&d=mm&r=g","caption":"Equipo Redaccion"},"url":"https:\/\/elotroenfoque.mx\/index.php\/author\/redaccion\/"}]}},"_links":{"self":[{"href":"https:\/\/elotroenfoque.mx\/index.php\/wp-json\/wp\/v2\/posts\/195547","targetHints":{"allow":["GET"]}}],"collection":[{"href":"https:\/\/elotroenfoque.mx\/index.php\/wp-json\/wp\/v2\/posts"}],"about":[{"href":"https:\/\/elotroenfoque.mx\/index.php\/wp-json\/wp\/v2\/types\/post"}],"author":[{"embeddable":true,"href":"https:\/\/elotroenfoque.mx\/index.php\/wp-json\/wp\/v2\/users\/4"}],"replies":[{"embeddable":true,"href":"https:\/\/elotroenfoque.mx\/index.php\/wp-json\/wp\/v2\/comments?post=195547"}],"version-history":[{"count":1,"href":"https:\/\/elotroenfoque.mx\/index.php\/wp-json\/wp\/v2\/posts\/195547\/revisions"}],"predecessor-version":[{"id":195552,"href":"https:\/\/elotroenfoque.mx\/index.php\/wp-json\/wp\/v2\/posts\/195547\/revisions\/195552"}],"wp:featuredmedia":[{"embeddable":true,"href":"https:\/\/elotroenfoque.mx\/index.php\/wp-json\/wp\/v2\/media\/195548"}],"wp:attachment":[{"href":"https:\/\/elotroenfoque.mx\/index.php\/wp-json\/wp\/v2\/media?parent=195547"}],"wp:term":[{"taxonomy":"category","embeddable":true,"href":"https:\/\/elotroenfoque.mx\/index.php\/wp-json\/wp\/v2\/categories?post=195547"},{"taxonomy":"post_tag","embeddable":true,"href":"https:\/\/elotroenfoque.mx\/index.php\/wp-json\/wp\/v2\/tags?post=195547"}],"curies":[{"name":"wp","href":"https:\/\/api.w.org\/{rel}","templated":true}]}}