{"id":195558,"date":"2026-09-03T16:37:01","date_gmt":"2026-09-03T22:37:01","guid":{"rendered":"https:\/\/elotroenfoque.mx\/?p=195558"},"modified":"2026-09-03T16:37:02","modified_gmt":"2026-09-03T22:37:02","slug":"volkswagen-prepara-recorte-de-50-mil-empleos-a-nivel-mundial","status":"publish","type":"post","link":"https:\/\/elotroenfoque.mx\/index.php\/2026\/09\/03\/volkswagen-prepara-recorte-de-50-mil-empleos-a-nivel-mundial\/","title":{"rendered":"Volkswagen prepara recorte de 50 mil empleos a nivel mundial"},"content":{"rendered":"\n<p class=\"wp-block-paragraph\">Volkswagen aprob\u00f3 un plan de transformaci\u00f3n que contempla eliminar hasta 50 mil empleos a nivel mundial, incluidos puestos directivos, ante la creciente presi\u00f3n que enfrenta la industria automotriz.<\/p>\n\n\n\n<p class=\"wp-block-paragraph\">El consejo de administraci\u00f3n aprob\u00f3 por unanimidad el denominado \u201cPlan de Futuro\u201d, que contempla una transformaci\u00f3n integral de la compa\u00f1\u00eda.<\/p>\n\n\n\n<p class=\"wp-block-paragraph\">El recorte de empleos forma parte de un ajuste adicional en la plantilla global del grupo, seg\u00fan inform\u00f3 la compa\u00f1\u00eda.<\/p>\n\n\n\n<p class=\"wp-block-paragraph\">Volkswagen explic\u00f3 que necesita modificar sus niveles de personal para alcanzar los objetivos establecidos dentro de su nuevo plan de transformaci\u00f3n.<\/p>\n\n\n\n<p class=\"wp-block-paragraph\">Adem\u00e1s, la empresa busca que sus distintas marcas sean m\u00e1s eficientes y competitivas frente a los cambios que atraviesa el mercado automotriz.<\/p>\n\n\n\n<p class=\"wp-block-paragraph\">El plan fue aprobado por unanimidad por el consejo de administraci\u00f3n, aunque todav\u00eda no existe un calendario espec\u00edfico para aplicar las reducciones.<\/p>\n\n\n\n<h2 class=\"wp-block-heading\">Empresa no define d\u00f3nde ser\u00e1n los recortes<\/h2>\n\n\n\n<p class=\"wp-block-paragraph\">Volkswagen no detall\u00f3 cu\u00e1ndo comenzar\u00e1 la reducci\u00f3n de personal ni cu\u00e1ntos puestos desaparecer\u00edan en cada una de sus marcas.<\/p>\n\n\n\n<p class=\"wp-block-paragraph\">Tampoco inform\u00f3 c\u00f3mo se distribuir\u00edan los posibles recortes entre las diferentes regiones donde opera el grupo automotriz.<\/p>\n\n\n\n<p class=\"wp-block-paragraph\">Por ahora, la compa\u00f1\u00eda \u00fanicamente se\u00f1al\u00f3 que ser\u00e1 necesario realizar un ajuste fundamental adicional en sus niveles de plantilla global.<\/p>\n\n\n\n<p class=\"wp-block-paragraph\">Esta decisi\u00f3n se suma a programas que Volkswagen ya desarrolla para transformar sus operaciones y reducir presiones sobre su estructura.<\/p>\n\n\n\n<p class=\"wp-block-paragraph\">La empresa busca con ello proteger su competitividad y mejorar su posici\u00f3n frente a los cambios que enfrenta la industria.<\/p>\n\n\n\n<h2 class=\"wp-block-heading\">Presi\u00f3n mundial golpea a Volkswagen<\/h2>\n\n\n\n<p class=\"wp-block-paragraph\">Entre las principales razones mencionadas por Volkswagen se encuentra el aumento de la presi\u00f3n competitiva a nivel mundial.<\/p>\n\n\n\n<p class=\"wp-block-paragraph\">La compa\u00f1\u00eda tambi\u00e9n se\u00f1al\u00f3 que los patrones de demanda est\u00e1n cambiando, situaci\u00f3n que obliga a los fabricantes a modificar sus estrategias.<\/p>\n\n\n\n<p class=\"wp-block-paragraph\">Adem\u00e1s, el avance tecnol\u00f3gico est\u00e1 transformando r\u00e1pidamente la industria automotriz y exige nuevas capacidades, inversiones y procesos de producci\u00f3n.<\/p>\n\n\n\n<p class=\"wp-block-paragraph\">Estos factores est\u00e1n obligando a Volkswagen a replantear el tama\u00f1o y la estructura de su plantilla internacional.<\/p>\n\n\n\n<p class=\"wp-block-paragraph\">El grupo considera que los cambios son necesarios para adaptarse a las nuevas condiciones del mercado y mantener su competitividad.<\/p>\n\n\n\n<h2 class=\"wp-block-heading\">\u201cPlan de Futuro\u201d busca transformar al grupo<\/h2>\n\n\n\n<p class=\"wp-block-paragraph\">El denominado \u201cPlan de Futuro\u201d pretende hacer que Volkswagen y sus marcas operen de manera m\u00e1s eficiente.<\/p>\n\n\n\n<p class=\"wp-block-paragraph\">La compa\u00f1\u00eda se\u00f1al\u00f3 que la iniciativa est\u00e1 dise\u00f1ada para fortalecer su posici\u00f3n y prepararla para las condiciones que enfrentar\u00e1 durante los pr\u00f3ximos a\u00f1os.<\/p>\n\n\n\n<p class=\"wp-block-paragraph\">Sin embargo, el posible recorte de empleos Volkswagen representa uno de los principales impactos anunciados dentro de esta transformaci\u00f3n.<\/p>\n\n\n\n<p class=\"wp-block-paragraph\">Hasta ahora, la empresa no ha explicado qu\u00e9 puestos espec\u00edficos podr\u00edan desaparecer ni qu\u00e9 pa\u00edses enfrentar\u00edan la mayor reducci\u00f3n.<\/p>\n\n\n\n<p class=\"wp-block-paragraph\">Tampoco se ha establecido una fecha para ejecutar la totalidad de los ajustes contemplados.<\/p>\n\n\n\n<p class=\"wp-block-paragraph\">La falta de detalles mantiene abierta la posibilidad de que los recortes se apliquen de manera gradual y diferenciada entre las operaciones del grupo.<\/p>\n\n\n\n<p class=\"wp-block-paragraph\"><strong><a href=\"https:\/\/elotroenfoque.mx\/index.php\/2026\/09\/03\/reconoce-gobernadora-aportacion-de-mujeres-indigenas\/\">\u00bfCu\u00e1ntas comunidades ind\u00edgenas hay en Guanajuato?<\/a><\/strong><\/p>\n\n\n\n<p class=\"wp-block-paragraph\">Volkswagen sostiene que la transformaci\u00f3n busca salvaguardar la competitividad de la compa\u00f1\u00eda frente a un entorno cada vez m\u00e1s exigente.<\/p>\n\n\n\n<p class=\"wp-block-paragraph\">En ese escenario, los fabricantes buscan reducir costos y adaptar sus estructuras para responder con mayor rapidez a los cambios.<\/p>\n\n\n\n<p class=\"wp-block-paragraph\">Mientras tanto, los trabajadores del grupo enfrentan la posibilidad de una reducci\u00f3n de hasta 50 mil puestos a nivel global.<\/p>\n\n\n\n<p class=\"wp-block-paragraph\">El recorte de empleos Volkswagen todav\u00eda requiere definir tiempos, regiones y \u00e1reas afectadas antes de conocer su impacto final.<\/p>\n\n\n\n<p class=\"wp-block-paragraph\"><strong><a href=\"https:\/\/www.tiktok.com\/@elotroenfoque?_r=1&amp;_t=ZS-97ffhW6kR1t\">Sigue tambi\u00e9n las noticias en TikTok<\/a><\/strong><\/p>\n\n\n\n<p class=\"wp-block-paragraph\"><\/p>\n","protected":false},"excerpt":{"rendered":"<p>Volkswagen aprob\u00f3 un plan de transformaci\u00f3n que contempla eliminar hasta 50 mil empleos a nivel mundial, incluidos puestos directivos, ante la creciente presi\u00f3n que enfrenta la industria automotriz. El consejo de administraci\u00f3n aprob\u00f3 por unanimidad el denominado \u201cPlan de Futuro\u201d, que contempla una transformaci\u00f3n integral de la compa\u00f1\u00eda. El recorte de empleos forma parte de&#8230;<\/p>\n","protected":false},"author":4,"featured_media":195559,"comment_status":"closed","ping_status":"open","sticky":false,"template":"","format":"standard","meta":{"footnotes":""},"categories":[11],"tags":[13,4517],"class_list":["post-195558","post","type-post","status-publish","format-standard","has-post-thumbnail","hentry","category-otrasnoticias","tag-guanajuato","tag-noticias-guanajuato"],"yoast_head":"<!-- This site is optimized with the Yoast SEO plugin v28.2 - https:\/\/yoast.com\/product\/yoast-seo-wordpress\/ -->\n<title>Volkswagen prepara recorte de 50 mil empleos a nivel mundial - El otro enfoque<\/title>\n<meta name=\"description\" content=\"Volkswagen aprob\u00f3 un plan que contempla recortar hasta 50 mil empleos ante la presi\u00f3n competitiva y los cambios de la industria automotriz.\" \/>\n<meta name=\"robots\" content=\"index, follow, max-snippet:-1, max-image-preview:large, max-video-preview:-1\" \/>\n<link rel=\"canonical\" href=\"https:\/\/elotroenfoque.mx\/index.php\/2026\/09\/03\/volkswagen-prepara-recorte-de-50-mil-empleos-a-nivel-mundial\/\" \/>\n<meta property=\"og:locale\" content=\"es_MX\" \/>\n<meta property=\"og:type\" content=\"article\" \/>\n<meta property=\"og:title\" content=\"Volkswagen prepara recorte de 50 mil empleos a nivel mundial - El otro enfoque\" \/>\n<meta property=\"og:description\" content=\"Volkswagen aprob\u00f3 un plan que contempla recortar hasta 50 mil empleos ante la presi\u00f3n competitiva y los cambios de la industria automotriz.\" \/>\n<meta property=\"og:url\" content=\"https:\/\/elotroenfoque.mx\/index.php\/2026\/09\/03\/volkswagen-prepara-recorte-de-50-mil-empleos-a-nivel-mundial\/\" \/>\n<meta property=\"og:site_name\" content=\"El otro enfoque\" \/>\n<meta property=\"article:published_time\" content=\"2026-09-03T22:37:01+00:00\" \/>\n<meta property=\"article:modified_time\" content=\"2026-09-03T22:37:02+00:00\" \/>\n<meta property=\"og:image\" content=\"https:\/\/elotroenfoque.mx\/wp-content\/uploads\/2026\/09\/volskwagen-recortara-empleos.jpg\" \/>\n\t<meta property=\"og:image:width\" content=\"692\" \/>\n\t<meta property=\"og:image:height\" content=\"364\" \/>\n\t<meta property=\"og:image:type\" content=\"image\/jpeg\" \/>\n<meta name=\"author\" content=\"Equipo Redaccion\" \/>\n<meta name=\"twitter:card\" content=\"summary_large_image\" \/>\n<meta name=\"twitter:label1\" content=\"Escrito por\" \/>\n\t<meta name=\"twitter:data1\" content=\"Equipo Redaccion\" \/>\n\t<meta name=\"twitter:label2\" content=\"Tiempo de lectura\" \/>\n\t<meta name=\"twitter:data2\" content=\"3 minutos\" \/>\n<script type=\"application\/ld+json\" class=\"yoast-schema-graph\">{\"@context\":\"https:\\\/\\\/schema.org\",\"@graph\":[{\"@type\":\"Article\",\"@id\":\"https:\\\/\\\/elotroenfoque.mx\\\/index.php\\\/2026\\\/09\\\/03\\\/volkswagen-prepara-recorte-de-50-mil-empleos-a-nivel-mundial\\\/#article\",\"isPartOf\":{\"@id\":\"https:\\\/\\\/elotroenfoque.mx\\\/index.php\\\/2026\\\/09\\\/03\\\/volkswagen-prepara-recorte-de-50-mil-empleos-a-nivel-mundial\\\/\"},\"author\":{\"name\":\"Equipo Redaccion\",\"@id\":\"https:\\\/\\\/elotroenfoque.mx\\\/#\\\/schema\\\/person\\\/8eb322f84d0bd9f337e462905519a1ae\"},\"headline\":\"Volkswagen prepara recorte de 50 mil empleos a nivel mundial\",\"datePublished\":\"2026-09-03T22:37:01+00:00\",\"dateModified\":\"2026-09-03T22:37:02+00:00\",\"mainEntityOfPage\":{\"@id\":\"https:\\\/\\\/elotroenfoque.mx\\\/index.php\\\/2026\\\/09\\\/03\\\/volkswagen-prepara-recorte-de-50-mil-empleos-a-nivel-mundial\\\/\"},\"wordCount\":616,\"image\":{\"@id\":\"https:\\\/\\\/elotroenfoque.mx\\\/index.php\\\/2026\\\/09\\\/03\\\/volkswagen-prepara-recorte-de-50-mil-empleos-a-nivel-mundial\\\/#primaryimage\"},\"thumbnailUrl\":\"https:\\\/\\\/elotroenfoque.mx\\\/wp-content\\\/uploads\\\/2026\\\/09\\\/volskwagen-recortara-empleos.jpg\",\"keywords\":[\"Guanajuato\",\"Noticias Guanajuato\"],\"articleSection\":[\"Otras Noticias\"],\"inLanguage\":\"es\"},{\"@type\":\"WebPage\",\"@id\":\"https:\\\/\\\/elotroenfoque.mx\\\/index.php\\\/2026\\\/09\\\/03\\\/volkswagen-prepara-recorte-de-50-mil-empleos-a-nivel-mundial\\\/\",\"url\":\"https:\\\/\\\/elotroenfoque.mx\\\/index.php\\\/2026\\\/09\\\/03\\\/volkswagen-prepara-recorte-de-50-mil-empleos-a-nivel-mundial\\\/\",\"name\":\"Volkswagen prepara recorte de 50 mil empleos a nivel mundial - El otro enfoque\",\"isPartOf\":{\"@id\":\"https:\\\/\\\/elotroenfoque.mx\\\/#website\"},\"primaryImageOfPage\":{\"@id\":\"https:\\\/\\\/elotroenfoque.mx\\\/index.php\\\/2026\\\/09\\\/03\\\/volkswagen-prepara-recorte-de-50-mil-empleos-a-nivel-mundial\\\/#primaryimage\"},\"image\":{\"@id\":\"https:\\\/\\\/elotroenfoque.mx\\\/index.php\\\/2026\\\/09\\\/03\\\/volkswagen-prepara-recorte-de-50-mil-empleos-a-nivel-mundial\\\/#primaryimage\"},\"thumbnailUrl\":\"https:\\\/\\\/elotroenfoque.mx\\\/wp-content\\\/uploads\\\/2026\\\/09\\\/volskwagen-recortara-empleos.jpg\",\"datePublished\":\"2026-09-03T22:37:01+00:00\",\"dateModified\":\"2026-09-03T22:37:02+00:00\",\"author\":{\"@id\":\"https:\\\/\\\/elotroenfoque.mx\\\/#\\\/schema\\\/person\\\/8eb322f84d0bd9f337e462905519a1ae\"},\"description\":\"Volkswagen aprob\u00f3 un plan que contempla recortar hasta 50 mil empleos ante la presi\u00f3n competitiva y los cambios de la industria automotriz.\",\"breadcrumb\":{\"@id\":\"https:\\\/\\\/elotroenfoque.mx\\\/index.php\\\/2026\\\/09\\\/03\\\/volkswagen-prepara-recorte-de-50-mil-empleos-a-nivel-mundial\\\/#breadcrumb\"},\"inLanguage\":\"es\",\"potentialAction\":[{\"@type\":\"ReadAction\",\"target\":[\"https:\\\/\\\/elotroenfoque.mx\\\/index.php\\\/2026\\\/09\\\/03\\\/volkswagen-prepara-recorte-de-50-mil-empleos-a-nivel-mundial\\\/\"]}]},{\"@type\":\"ImageObject\",\"inLanguage\":\"es\",\"@id\":\"https:\\\/\\\/elotroenfoque.mx\\\/index.php\\\/2026\\\/09\\\/03\\\/volkswagen-prepara-recorte-de-50-mil-empleos-a-nivel-mundial\\\/#primaryimage\",\"url\":\"https:\\\/\\\/elotroenfoque.mx\\\/wp-content\\\/uploads\\\/2026\\\/09\\\/volskwagen-recortara-empleos.jpg\",\"contentUrl\":\"https:\\\/\\\/elotroenfoque.mx\\\/wp-content\\\/uploads\\\/2026\\\/09\\\/volskwagen-recortara-empleos.jpg\",\"width\":692,\"height\":364},{\"@type\":\"BreadcrumbList\",\"@id\":\"https:\\\/\\\/elotroenfoque.mx\\\/index.php\\\/2026\\\/09\\\/03\\\/volkswagen-prepara-recorte-de-50-mil-empleos-a-nivel-mundial\\\/#breadcrumb\",\"itemListElement\":[{\"@type\":\"ListItem\",\"position\":1,\"name\":\"Portada\",\"item\":\"https:\\\/\\\/elotroenfoque.mx\\\/\"},{\"@type\":\"ListItem\",\"position\":2,\"name\":\"Volkswagen prepara recorte de 50 mil empleos a nivel mundial\"}]},{\"@type\":\"WebSite\",\"@id\":\"https:\\\/\\\/elotroenfoque.mx\\\/#website\",\"url\":\"https:\\\/\\\/elotroenfoque.mx\\\/\",\"name\":\"El otro enfoque\",\"description\":\"\",\"potentialAction\":[{\"@type\":\"SearchAction\",\"target\":{\"@type\":\"EntryPoint\",\"urlTemplate\":\"https:\\\/\\\/elotroenfoque.mx\\\/?s={search_term_string}\"},\"query-input\":{\"@type\":\"PropertyValueSpecification\",\"valueRequired\":true,\"valueName\":\"search_term_string\"}}],\"inLanguage\":\"es\"},{\"@type\":\"Person\",\"@id\":\"https:\\\/\\\/elotroenfoque.mx\\\/#\\\/schema\\\/person\\\/8eb322f84d0bd9f337e462905519a1ae\",\"name\":\"Equipo Redaccion\",\"image\":{\"@type\":\"ImageObject\",\"inLanguage\":\"es\",\"@id\":\"https:\\\/\\\/secure.gravatar.com\\\/avatar\\\/3579478e2b4e7aad364a32b26cf744b360ae0e581ee1cd0cb18a8f239ee49ac4?s=96&d=mm&r=g\",\"url\":\"https:\\\/\\\/secure.gravatar.com\\\/avatar\\\/3579478e2b4e7aad364a32b26cf744b360ae0e581ee1cd0cb18a8f239ee49ac4?s=96&d=mm&r=g\",\"contentUrl\":\"https:\\\/\\\/secure.gravatar.com\\\/avatar\\\/3579478e2b4e7aad364a32b26cf744b360ae0e581ee1cd0cb18a8f239ee49ac4?s=96&d=mm&r=g\",\"caption\":\"Equipo Redaccion\"},\"url\":\"https:\\\/\\\/elotroenfoque.mx\\\/index.php\\\/author\\\/redaccion\\\/\"}]}<\/script>\n<!-- \/ Yoast SEO plugin. -->","yoast_head_json":{"title":"Volkswagen prepara recorte de 50 mil empleos a nivel mundial - El otro enfoque","description":"Volkswagen aprob\u00f3 un plan que contempla recortar hasta 50 mil empleos ante la presi\u00f3n competitiva y los cambios de la industria automotriz.","robots":{"index":"index","follow":"follow","max-snippet":"max-snippet:-1","max-image-preview":"max-image-preview:large","max-video-preview":"max-video-preview:-1"},"canonical":"https:\/\/elotroenfoque.mx\/index.php\/2026\/09\/03\/volkswagen-prepara-recorte-de-50-mil-empleos-a-nivel-mundial\/","og_locale":"es_MX","og_type":"article","og_title":"Volkswagen prepara recorte de 50 mil empleos a nivel mundial - El otro enfoque","og_description":"Volkswagen aprob\u00f3 un plan que contempla recortar hasta 50 mil empleos ante la presi\u00f3n competitiva y los cambios de la industria automotriz.","og_url":"https:\/\/elotroenfoque.mx\/index.php\/2026\/09\/03\/volkswagen-prepara-recorte-de-50-mil-empleos-a-nivel-mundial\/","og_site_name":"El otro enfoque","article_published_time":"2026-09-03T22:37:01+00:00","article_modified_time":"2026-09-03T22:37:02+00:00","og_image":[{"width":692,"height":364,"url":"https:\/\/elotroenfoque.mx\/wp-content\/uploads\/2026\/09\/volskwagen-recortara-empleos.jpg","type":"image\/jpeg"}],"author":"Equipo Redaccion","twitter_card":"summary_large_image","twitter_misc":{"Escrito por":"Equipo Redaccion","Tiempo de lectura":"3 minutos"},"schema":{"@context":"https:\/\/schema.org","@graph":[{"@type":"Article","@id":"https:\/\/elotroenfoque.mx\/index.php\/2026\/09\/03\/volkswagen-prepara-recorte-de-50-mil-empleos-a-nivel-mundial\/#article","isPartOf":{"@id":"https:\/\/elotroenfoque.mx\/index.php\/2026\/09\/03\/volkswagen-prepara-recorte-de-50-mil-empleos-a-nivel-mundial\/"},"author":{"name":"Equipo Redaccion","@id":"https:\/\/elotroenfoque.mx\/#\/schema\/person\/8eb322f84d0bd9f337e462905519a1ae"},"headline":"Volkswagen prepara recorte de 50 mil empleos a nivel mundial","datePublished":"2026-09-03T22:37:01+00:00","dateModified":"2026-09-03T22:37:02+00:00","mainEntityOfPage":{"@id":"https:\/\/elotroenfoque.mx\/index.php\/2026\/09\/03\/volkswagen-prepara-recorte-de-50-mil-empleos-a-nivel-mundial\/"},"wordCount":616,"image":{"@id":"https:\/\/elotroenfoque.mx\/index.php\/2026\/09\/03\/volkswagen-prepara-recorte-de-50-mil-empleos-a-nivel-mundial\/#primaryimage"},"thumbnailUrl":"https:\/\/elotroenfoque.mx\/wp-content\/uploads\/2026\/09\/volskwagen-recortara-empleos.jpg","keywords":["Guanajuato","Noticias Guanajuato"],"articleSection":["Otras Noticias"],"inLanguage":"es"},{"@type":"WebPage","@id":"https:\/\/elotroenfoque.mx\/index.php\/2026\/09\/03\/volkswagen-prepara-recorte-de-50-mil-empleos-a-nivel-mundial\/","url":"https:\/\/elotroenfoque.mx\/index.php\/2026\/09\/03\/volkswagen-prepara-recorte-de-50-mil-empleos-a-nivel-mundial\/","name":"Volkswagen prepara recorte de 50 mil empleos a nivel mundial - El otro enfoque","isPartOf":{"@id":"https:\/\/elotroenfoque.mx\/#website"},"primaryImageOfPage":{"@id":"https:\/\/elotroenfoque.mx\/index.php\/2026\/09\/03\/volkswagen-prepara-recorte-de-50-mil-empleos-a-nivel-mundial\/#primaryimage"},"image":{"@id":"https:\/\/elotroenfoque.mx\/index.php\/2026\/09\/03\/volkswagen-prepara-recorte-de-50-mil-empleos-a-nivel-mundial\/#primaryimage"},"thumbnailUrl":"https:\/\/elotroenfoque.mx\/wp-content\/uploads\/2026\/09\/volskwagen-recortara-empleos.jpg","datePublished":"2026-09-03T22:37:01+00:00","dateModified":"2026-09-03T22:37:02+00:00","author":{"@id":"https:\/\/elotroenfoque.mx\/#\/schema\/person\/8eb322f84d0bd9f337e462905519a1ae"},"description":"Volkswagen aprob\u00f3 un plan que contempla recortar hasta 50 mil empleos ante la presi\u00f3n competitiva y los cambios de la industria automotriz.","breadcrumb":{"@id":"https:\/\/elotroenfoque.mx\/index.php\/2026\/09\/03\/volkswagen-prepara-recorte-de-50-mil-empleos-a-nivel-mundial\/#breadcrumb"},"inLanguage":"es","potentialAction":[{"@type":"ReadAction","target":["https:\/\/elotroenfoque.mx\/index.php\/2026\/09\/03\/volkswagen-prepara-recorte-de-50-mil-empleos-a-nivel-mundial\/"]}]},{"@type":"ImageObject","inLanguage":"es","@id":"https:\/\/elotroenfoque.mx\/index.php\/2026\/09\/03\/volkswagen-prepara-recorte-de-50-mil-empleos-a-nivel-mundial\/#primaryimage","url":"https:\/\/elotroenfoque.mx\/wp-content\/uploads\/2026\/09\/volskwagen-recortara-empleos.jpg","contentUrl":"https:\/\/elotroenfoque.mx\/wp-content\/uploads\/2026\/09\/volskwagen-recortara-empleos.jpg","width":692,"height":364},{"@type":"BreadcrumbList","@id":"https:\/\/elotroenfoque.mx\/index.php\/2026\/09\/03\/volkswagen-prepara-recorte-de-50-mil-empleos-a-nivel-mundial\/#breadcrumb","itemListElement":[{"@type":"ListItem","position":1,"name":"Portada","item":"https:\/\/elotroenfoque.mx\/"},{"@type":"ListItem","position":2,"name":"Volkswagen prepara recorte de 50 mil empleos a nivel mundial"}]},{"@type":"WebSite","@id":"https:\/\/elotroenfoque.mx\/#website","url":"https:\/\/elotroenfoque.mx\/","name":"El otro enfoque","description":"","potentialAction":[{"@type":"SearchAction","target":{"@type":"EntryPoint","urlTemplate":"https:\/\/elotroenfoque.mx\/?s={search_term_string}"},"query-input":{"@type":"PropertyValueSpecification","valueRequired":true,"valueName":"search_term_string"}}],"inLanguage":"es"},{"@type":"Person","@id":"https:\/\/elotroenfoque.mx\/#\/schema\/person\/8eb322f84d0bd9f337e462905519a1ae","name":"Equipo Redaccion","image":{"@type":"ImageObject","inLanguage":"es","@id":"https:\/\/secure.gravatar.com\/avatar\/3579478e2b4e7aad364a32b26cf744b360ae0e581ee1cd0cb18a8f239ee49ac4?s=96&d=mm&r=g","url":"https:\/\/secure.gravatar.com\/avatar\/3579478e2b4e7aad364a32b26cf744b360ae0e581ee1cd0cb18a8f239ee49ac4?s=96&d=mm&r=g","contentUrl":"https:\/\/secure.gravatar.com\/avatar\/3579478e2b4e7aad364a32b26cf744b360ae0e581ee1cd0cb18a8f239ee49ac4?s=96&d=mm&r=g","caption":"Equipo Redaccion"},"url":"https:\/\/elotroenfoque.mx\/index.php\/author\/redaccion\/"}]}},"_links":{"self":[{"href":"https:\/\/elotroenfoque.mx\/index.php\/wp-json\/wp\/v2\/posts\/195558","targetHints":{"allow":["GET"]}}],"collection":[{"href":"https:\/\/elotroenfoque.mx\/index.php\/wp-json\/wp\/v2\/posts"}],"about":[{"href":"https:\/\/elotroenfoque.mx\/index.php\/wp-json\/wp\/v2\/types\/post"}],"author":[{"embeddable":true,"href":"https:\/\/elotroenfoque.mx\/index.php\/wp-json\/wp\/v2\/users\/4"}],"replies":[{"embeddable":true,"href":"https:\/\/elotroenfoque.mx\/index.php\/wp-json\/wp\/v2\/comments?post=195558"}],"version-history":[{"count":1,"href":"https:\/\/elotroenfoque.mx\/index.php\/wp-json\/wp\/v2\/posts\/195558\/revisions"}],"predecessor-version":[{"id":195560,"href":"https:\/\/elotroenfoque.mx\/index.php\/wp-json\/wp\/v2\/posts\/195558\/revisions\/195560"}],"wp:featuredmedia":[{"embeddable":true,"href":"https:\/\/elotroenfoque.mx\/index.php\/wp-json\/wp\/v2\/media\/195559"}],"wp:attachment":[{"href":"https:\/\/elotroenfoque.mx\/index.php\/wp-json\/wp\/v2\/media?parent=195558"}],"wp:term":[{"taxonomy":"category","embeddable":true,"href":"https:\/\/elotroenfoque.mx\/index.php\/wp-json\/wp\/v2\/categories?post=195558"},{"taxonomy":"post_tag","embeddable":true,"href":"https:\/\/elotroenfoque.mx\/index.php\/wp-json\/wp\/v2\/tags?post=195558"}],"curies":[{"name":"wp","href":"https:\/\/api.w.org\/{rel}","templated":true}]}}