{"id":195561,"date":"2026-09-03T17:13:38","date_gmt":"2026-09-03T23:13:38","guid":{"rendered":"https:\/\/elotroenfoque.mx\/?p=195561"},"modified":"2026-09-03T17:13:39","modified_gmt":"2026-09-03T23:13:39","slug":"enganan-a-hombre-por-redes-sociales-para-secuestrarlo-en-san-miguel-de-allende","status":"publish","type":"post","link":"https:\/\/elotroenfoque.mx\/index.php\/2026\/09\/03\/enganan-a-hombre-por-redes-sociales-para-secuestrarlo-en-san-miguel-de-allende\/","title":{"rendered":"Enga\u00f1an a hombre por redes sociales para secuestrarlo en San Miguel de Allende"},"content":{"rendered":"\n<p class=\"wp-block-paragraph\">Un hombre fue privado de la libertad el 7 de agosto de 2026 tras acudir a una cita pactada a trav\u00e9s de redes sociales en San Miguel de Allende. <\/p>\n\n\n\n<p class=\"wp-block-paragraph\">El encuentro ocurri\u00f3 en el puente de Cieneguita, donde Litsi Abigail \u201cN\u201d lleg\u00f3 a bordo de una camioneta para trasladar al afectado a la comunidad de Don Juan. En ese punto, Sergio Abraham \u201cN\u201d tom\u00f3 el volante del veh\u00edculo para iniciar el traslado.<\/p>\n\n\n\n<p class=\"wp-block-paragraph\">Durante el trayecto, los agresores llevaron a la v\u00edctima por diversos puntos de San Miguel de Allende y Dolores Hidalgo. Los imputados golpearon al afectado dentro del autom\u00f3vil y lo amenazaron con da\u00f1arlo a \u00e9l y a su familia si no se integraba a un grupo delictivo. En el recorrido tambi\u00e9n lo despojaron de su dinero, tel\u00e9fono celular y pertenencias personales.<\/p>\n\n\n\n<p class=\"wp-block-paragraph\">Tras pasar varias horas privado de la libertad, el hombre aprovech\u00f3 un momento para darse a la fuga y pedir auxilio a las corporaciones de seguridad. <\/p>\n\n\n\n<p class=\"wp-block-paragraph\">Este hecho dio origen a la carpeta de investigaci\u00f3n que deriv\u00f3 en la identificaci\u00f3n y posterior captura de los dos presuntos responsables de este secuestro en San Miguel de Allende.<\/p>\n\n\n\n<h2 class=\"wp-block-heading\">Proceso de detenci\u00f3n de los se\u00f1alados<\/h2>\n\n\n\n<p class=\"wp-block-paragraph\">A partir del testimonio de la v\u00edctima, el Ministerio P\u00fablico emiti\u00f3 una orden de detenci\u00f3n por caso urgente contra Litsi Abigail \u201cN\u201d. La mujer fue arrestada y puesta a disposici\u00f3n del Poder Judicial, donde un juez calific\u00f3 el procedimiento como legal.<\/p>\n\n\n\n<p class=\"wp-block-paragraph\"><strong><a href=\"https:\/\/elotroenfoque.mx\/index.php\/2026\/09\/03\/volkswagen-prepara-recorte-de-50-mil-empleos-a-nivel-mundial\/\">\u00bfCu\u00e1ntos empleos prev\u00e9 desaparecer la Volkswagen en todo el mundo?<\/a><\/strong><\/p>\n\n\n\n<p class=\"wp-block-paragraph\">Por su parte, la Fiscal\u00eda General del Estado obtuvo una orden de aprehensi\u00f3n contra Sergio Abraham \u201cN\u201d. Agentes de investigaci\u00f3n cumplimentaron el mandato judicial y presentaron al segundo implicado ante el juez de Control para la audiencia correspondiente.<\/p>\n\n\n\n<h2 class=\"wp-block-heading\">Resoluci\u00f3n de la autoridad judicial<\/h2>\n\n\n\n<p class=\"wp-block-paragraph\">Durante la comparecencia, el Ministerio P\u00fablico present\u00f3 la imputaci\u00f3n formal por el delito de secuestro en San Miguel de Allende con la agravante correspondiente. El juzgador determin\u00f3 la vinculaci\u00f3n a proceso penal para ambas personas tras analizar los elementos presentados por la representaci\u00f3n social.<\/p>\n\n\n\n<p class=\"wp-block-paragraph\">El juez impuso la medida cautelar de prisi\u00f3n preventiva para Litsi Abigail \u201cN\u201d y Sergio Abraham \u201cN\u201d. Ambos permanecer\u00e1n internados en un centro de prevenci\u00f3n mientras se desarrolla la investigaci\u00f3n complementaria y se determina su situaci\u00f3n jur\u00eddica.<\/p>\n\n\n\n<p class=\"wp-block-paragraph\"><strong><a href=\"https:\/\/www.tiktok.com\/@elotroenfoque?_r=1&amp;_t=ZS-97ffhW6kR1t\">Sigue tambi\u00e9n las noticias en TikTok<\/a><\/strong><\/p>\n\n\n\n<p class=\"wp-block-paragraph\"><\/p>\n","protected":false},"excerpt":{"rendered":"<p>Un hombre fue privado de la libertad el 7 de agosto de 2026 tras acudir a una cita pactada a trav\u00e9s de redes sociales en San Miguel de Allende. El encuentro ocurri\u00f3 en el puente de Cieneguita, donde Litsi Abigail \u201cN\u201d lleg\u00f3 a bordo de una camioneta para trasladar al afectado a la comunidad de&#8230;<\/p>\n","protected":false},"author":4,"featured_media":195562,"comment_status":"closed","ping_status":"open","sticky":false,"template":"","format":"standard","meta":{"footnotes":""},"categories":[8],"tags":[13,4517],"class_list":["post-195561","post","type-post","status-publish","format-standard","has-post-thumbnail","hentry","category-desenfoques","tag-guanajuato","tag-noticias-guanajuato"],"yoast_head":"<!-- This site is optimized with the Yoast SEO plugin v28.2 - https:\/\/yoast.com\/product\/yoast-seo-wordpress\/ -->\n<title>Enga\u00f1an a hombre por redes sociales para secuestrarlo en San Miguel de Allende - El otro enfoque<\/title>\n<meta name=\"description\" content=\"Enga\u00f1an a un hombre por redes sociales para secuestrarlo en San Miguel de Allende. La v\u00edctima logr\u00f3 escapar tras ser golpeada por sus captores.\" \/>\n<meta name=\"robots\" content=\"index, follow, max-snippet:-1, max-image-preview:large, max-video-preview:-1\" \/>\n<link rel=\"canonical\" href=\"https:\/\/elotroenfoque.mx\/index.php\/2026\/09\/03\/enganan-a-hombre-por-redes-sociales-para-secuestrarlo-en-san-miguel-de-allende\/\" \/>\n<meta property=\"og:locale\" content=\"es_MX\" \/>\n<meta property=\"og:type\" content=\"article\" \/>\n<meta property=\"og:title\" content=\"Enga\u00f1an a hombre por redes sociales para secuestrarlo en San Miguel de Allende - El otro enfoque\" \/>\n<meta property=\"og:description\" content=\"Enga\u00f1an a un hombre por redes sociales para secuestrarlo en San Miguel de Allende. La v\u00edctima logr\u00f3 escapar tras ser golpeada por sus captores.\" \/>\n<meta property=\"og:url\" content=\"https:\/\/elotroenfoque.mx\/index.php\/2026\/09\/03\/enganan-a-hombre-por-redes-sociales-para-secuestrarlo-en-san-miguel-de-allende\/\" \/>\n<meta property=\"og:site_name\" content=\"El otro enfoque\" \/>\n<meta property=\"article:published_time\" content=\"2026-09-03T23:13:38+00:00\" \/>\n<meta property=\"article:modified_time\" content=\"2026-09-03T23:13:39+00:00\" \/>\n<meta property=\"og:image\" content=\"https:\/\/elotroenfoque.mx\/wp-content\/uploads\/2026\/09\/procesados-por-secuestro-enSMA.jpeg\" \/>\n\t<meta property=\"og:image:width\" content=\"1600\" \/>\n\t<meta property=\"og:image:height\" content=\"1126\" \/>\n\t<meta property=\"og:image:type\" content=\"image\/jpeg\" \/>\n<meta name=\"author\" content=\"Equipo Redaccion\" \/>\n<meta name=\"twitter:card\" content=\"summary_large_image\" \/>\n<meta name=\"twitter:label1\" content=\"Escrito por\" \/>\n\t<meta name=\"twitter:data1\" content=\"Equipo Redaccion\" \/>\n\t<meta name=\"twitter:label2\" content=\"Tiempo de lectura\" \/>\n\t<meta name=\"twitter:data2\" content=\"2 minutos\" \/>\n<script type=\"application\/ld+json\" class=\"yoast-schema-graph\">{\"@context\":\"https:\\\/\\\/schema.org\",\"@graph\":[{\"@type\":\"Article\",\"@id\":\"https:\\\/\\\/elotroenfoque.mx\\\/index.php\\\/2026\\\/09\\\/03\\\/enganan-a-hombre-por-redes-sociales-para-secuestrarlo-en-san-miguel-de-allende\\\/#article\",\"isPartOf\":{\"@id\":\"https:\\\/\\\/elotroenfoque.mx\\\/index.php\\\/2026\\\/09\\\/03\\\/enganan-a-hombre-por-redes-sociales-para-secuestrarlo-en-san-miguel-de-allende\\\/\"},\"author\":{\"name\":\"Equipo Redaccion\",\"@id\":\"https:\\\/\\\/elotroenfoque.mx\\\/#\\\/schema\\\/person\\\/8eb322f84d0bd9f337e462905519a1ae\"},\"headline\":\"Enga\u00f1an a hombre por redes sociales para secuestrarlo en San Miguel de Allende\",\"datePublished\":\"2026-09-03T23:13:38+00:00\",\"dateModified\":\"2026-09-03T23:13:39+00:00\",\"mainEntityOfPage\":{\"@id\":\"https:\\\/\\\/elotroenfoque.mx\\\/index.php\\\/2026\\\/09\\\/03\\\/enganan-a-hombre-por-redes-sociales-para-secuestrarlo-en-san-miguel-de-allende\\\/\"},\"wordCount\":419,\"image\":{\"@id\":\"https:\\\/\\\/elotroenfoque.mx\\\/index.php\\\/2026\\\/09\\\/03\\\/enganan-a-hombre-por-redes-sociales-para-secuestrarlo-en-san-miguel-de-allende\\\/#primaryimage\"},\"thumbnailUrl\":\"https:\\\/\\\/elotroenfoque.mx\\\/wp-content\\\/uploads\\\/2026\\\/09\\\/procesados-por-secuestro-enSMA.jpeg\",\"keywords\":[\"Guanajuato\",\"Noticias Guanajuato\"],\"articleSection\":[\"Desenfoques\"],\"inLanguage\":\"es\"},{\"@type\":\"WebPage\",\"@id\":\"https:\\\/\\\/elotroenfoque.mx\\\/index.php\\\/2026\\\/09\\\/03\\\/enganan-a-hombre-por-redes-sociales-para-secuestrarlo-en-san-miguel-de-allende\\\/\",\"url\":\"https:\\\/\\\/elotroenfoque.mx\\\/index.php\\\/2026\\\/09\\\/03\\\/enganan-a-hombre-por-redes-sociales-para-secuestrarlo-en-san-miguel-de-allende\\\/\",\"name\":\"Enga\u00f1an a hombre por redes sociales para secuestrarlo en San Miguel de Allende - El otro enfoque\",\"isPartOf\":{\"@id\":\"https:\\\/\\\/elotroenfoque.mx\\\/#website\"},\"primaryImageOfPage\":{\"@id\":\"https:\\\/\\\/elotroenfoque.mx\\\/index.php\\\/2026\\\/09\\\/03\\\/enganan-a-hombre-por-redes-sociales-para-secuestrarlo-en-san-miguel-de-allende\\\/#primaryimage\"},\"image\":{\"@id\":\"https:\\\/\\\/elotroenfoque.mx\\\/index.php\\\/2026\\\/09\\\/03\\\/enganan-a-hombre-por-redes-sociales-para-secuestrarlo-en-san-miguel-de-allende\\\/#primaryimage\"},\"thumbnailUrl\":\"https:\\\/\\\/elotroenfoque.mx\\\/wp-content\\\/uploads\\\/2026\\\/09\\\/procesados-por-secuestro-enSMA.jpeg\",\"datePublished\":\"2026-09-03T23:13:38+00:00\",\"dateModified\":\"2026-09-03T23:13:39+00:00\",\"author\":{\"@id\":\"https:\\\/\\\/elotroenfoque.mx\\\/#\\\/schema\\\/person\\\/8eb322f84d0bd9f337e462905519a1ae\"},\"description\":\"Enga\u00f1an a un hombre por redes sociales para secuestrarlo en San Miguel de Allende. La v\u00edctima logr\u00f3 escapar tras ser golpeada por sus captores.\",\"breadcrumb\":{\"@id\":\"https:\\\/\\\/elotroenfoque.mx\\\/index.php\\\/2026\\\/09\\\/03\\\/enganan-a-hombre-por-redes-sociales-para-secuestrarlo-en-san-miguel-de-allende\\\/#breadcrumb\"},\"inLanguage\":\"es\",\"potentialAction\":[{\"@type\":\"ReadAction\",\"target\":[\"https:\\\/\\\/elotroenfoque.mx\\\/index.php\\\/2026\\\/09\\\/03\\\/enganan-a-hombre-por-redes-sociales-para-secuestrarlo-en-san-miguel-de-allende\\\/\"]}]},{\"@type\":\"ImageObject\",\"inLanguage\":\"es\",\"@id\":\"https:\\\/\\\/elotroenfoque.mx\\\/index.php\\\/2026\\\/09\\\/03\\\/enganan-a-hombre-por-redes-sociales-para-secuestrarlo-en-san-miguel-de-allende\\\/#primaryimage\",\"url\":\"https:\\\/\\\/elotroenfoque.mx\\\/wp-content\\\/uploads\\\/2026\\\/09\\\/procesados-por-secuestro-enSMA.jpeg\",\"contentUrl\":\"https:\\\/\\\/elotroenfoque.mx\\\/wp-content\\\/uploads\\\/2026\\\/09\\\/procesados-por-secuestro-enSMA.jpeg\",\"width\":1600,\"height\":1126},{\"@type\":\"BreadcrumbList\",\"@id\":\"https:\\\/\\\/elotroenfoque.mx\\\/index.php\\\/2026\\\/09\\\/03\\\/enganan-a-hombre-por-redes-sociales-para-secuestrarlo-en-san-miguel-de-allende\\\/#breadcrumb\",\"itemListElement\":[{\"@type\":\"ListItem\",\"position\":1,\"name\":\"Portada\",\"item\":\"https:\\\/\\\/elotroenfoque.mx\\\/\"},{\"@type\":\"ListItem\",\"position\":2,\"name\":\"Enga\u00f1an a hombre por redes sociales para secuestrarlo en San Miguel de Allende\"}]},{\"@type\":\"WebSite\",\"@id\":\"https:\\\/\\\/elotroenfoque.mx\\\/#website\",\"url\":\"https:\\\/\\\/elotroenfoque.mx\\\/\",\"name\":\"El otro enfoque\",\"description\":\"\",\"potentialAction\":[{\"@type\":\"SearchAction\",\"target\":{\"@type\":\"EntryPoint\",\"urlTemplate\":\"https:\\\/\\\/elotroenfoque.mx\\\/?s={search_term_string}\"},\"query-input\":{\"@type\":\"PropertyValueSpecification\",\"valueRequired\":true,\"valueName\":\"search_term_string\"}}],\"inLanguage\":\"es\"},{\"@type\":\"Person\",\"@id\":\"https:\\\/\\\/elotroenfoque.mx\\\/#\\\/schema\\\/person\\\/8eb322f84d0bd9f337e462905519a1ae\",\"name\":\"Equipo Redaccion\",\"image\":{\"@type\":\"ImageObject\",\"inLanguage\":\"es\",\"@id\":\"https:\\\/\\\/secure.gravatar.com\\\/avatar\\\/3579478e2b4e7aad364a32b26cf744b360ae0e581ee1cd0cb18a8f239ee49ac4?s=96&d=mm&r=g\",\"url\":\"https:\\\/\\\/secure.gravatar.com\\\/avatar\\\/3579478e2b4e7aad364a32b26cf744b360ae0e581ee1cd0cb18a8f239ee49ac4?s=96&d=mm&r=g\",\"contentUrl\":\"https:\\\/\\\/secure.gravatar.com\\\/avatar\\\/3579478e2b4e7aad364a32b26cf744b360ae0e581ee1cd0cb18a8f239ee49ac4?s=96&d=mm&r=g\",\"caption\":\"Equipo Redaccion\"},\"url\":\"https:\\\/\\\/elotroenfoque.mx\\\/index.php\\\/author\\\/redaccion\\\/\"}]}<\/script>\n<!-- \/ Yoast SEO plugin. -->","yoast_head_json":{"title":"Enga\u00f1an a hombre por redes sociales para secuestrarlo en San Miguel de Allende - El otro enfoque","description":"Enga\u00f1an a un hombre por redes sociales para secuestrarlo en San Miguel de Allende. La v\u00edctima logr\u00f3 escapar tras ser golpeada por sus captores.","robots":{"index":"index","follow":"follow","max-snippet":"max-snippet:-1","max-image-preview":"max-image-preview:large","max-video-preview":"max-video-preview:-1"},"canonical":"https:\/\/elotroenfoque.mx\/index.php\/2026\/09\/03\/enganan-a-hombre-por-redes-sociales-para-secuestrarlo-en-san-miguel-de-allende\/","og_locale":"es_MX","og_type":"article","og_title":"Enga\u00f1an a hombre por redes sociales para secuestrarlo en San Miguel de Allende - El otro enfoque","og_description":"Enga\u00f1an a un hombre por redes sociales para secuestrarlo en San Miguel de Allende. La v\u00edctima logr\u00f3 escapar tras ser golpeada por sus captores.","og_url":"https:\/\/elotroenfoque.mx\/index.php\/2026\/09\/03\/enganan-a-hombre-por-redes-sociales-para-secuestrarlo-en-san-miguel-de-allende\/","og_site_name":"El otro enfoque","article_published_time":"2026-09-03T23:13:38+00:00","article_modified_time":"2026-09-03T23:13:39+00:00","og_image":[{"width":1600,"height":1126,"url":"https:\/\/elotroenfoque.mx\/wp-content\/uploads\/2026\/09\/procesados-por-secuestro-enSMA.jpeg","type":"image\/jpeg"}],"author":"Equipo Redaccion","twitter_card":"summary_large_image","twitter_misc":{"Escrito por":"Equipo Redaccion","Tiempo de lectura":"2 minutos"},"schema":{"@context":"https:\/\/schema.org","@graph":[{"@type":"Article","@id":"https:\/\/elotroenfoque.mx\/index.php\/2026\/09\/03\/enganan-a-hombre-por-redes-sociales-para-secuestrarlo-en-san-miguel-de-allende\/#article","isPartOf":{"@id":"https:\/\/elotroenfoque.mx\/index.php\/2026\/09\/03\/enganan-a-hombre-por-redes-sociales-para-secuestrarlo-en-san-miguel-de-allende\/"},"author":{"name":"Equipo Redaccion","@id":"https:\/\/elotroenfoque.mx\/#\/schema\/person\/8eb322f84d0bd9f337e462905519a1ae"},"headline":"Enga\u00f1an a hombre por redes sociales para secuestrarlo en San Miguel de Allende","datePublished":"2026-09-03T23:13:38+00:00","dateModified":"2026-09-03T23:13:39+00:00","mainEntityOfPage":{"@id":"https:\/\/elotroenfoque.mx\/index.php\/2026\/09\/03\/enganan-a-hombre-por-redes-sociales-para-secuestrarlo-en-san-miguel-de-allende\/"},"wordCount":419,"image":{"@id":"https:\/\/elotroenfoque.mx\/index.php\/2026\/09\/03\/enganan-a-hombre-por-redes-sociales-para-secuestrarlo-en-san-miguel-de-allende\/#primaryimage"},"thumbnailUrl":"https:\/\/elotroenfoque.mx\/wp-content\/uploads\/2026\/09\/procesados-por-secuestro-enSMA.jpeg","keywords":["Guanajuato","Noticias Guanajuato"],"articleSection":["Desenfoques"],"inLanguage":"es"},{"@type":"WebPage","@id":"https:\/\/elotroenfoque.mx\/index.php\/2026\/09\/03\/enganan-a-hombre-por-redes-sociales-para-secuestrarlo-en-san-miguel-de-allende\/","url":"https:\/\/elotroenfoque.mx\/index.php\/2026\/09\/03\/enganan-a-hombre-por-redes-sociales-para-secuestrarlo-en-san-miguel-de-allende\/","name":"Enga\u00f1an a hombre por redes sociales para secuestrarlo en San Miguel de Allende - El otro enfoque","isPartOf":{"@id":"https:\/\/elotroenfoque.mx\/#website"},"primaryImageOfPage":{"@id":"https:\/\/elotroenfoque.mx\/index.php\/2026\/09\/03\/enganan-a-hombre-por-redes-sociales-para-secuestrarlo-en-san-miguel-de-allende\/#primaryimage"},"image":{"@id":"https:\/\/elotroenfoque.mx\/index.php\/2026\/09\/03\/enganan-a-hombre-por-redes-sociales-para-secuestrarlo-en-san-miguel-de-allende\/#primaryimage"},"thumbnailUrl":"https:\/\/elotroenfoque.mx\/wp-content\/uploads\/2026\/09\/procesados-por-secuestro-enSMA.jpeg","datePublished":"2026-09-03T23:13:38+00:00","dateModified":"2026-09-03T23:13:39+00:00","author":{"@id":"https:\/\/elotroenfoque.mx\/#\/schema\/person\/8eb322f84d0bd9f337e462905519a1ae"},"description":"Enga\u00f1an a un hombre por redes sociales para secuestrarlo en San Miguel de Allende. La v\u00edctima logr\u00f3 escapar tras ser golpeada por sus captores.","breadcrumb":{"@id":"https:\/\/elotroenfoque.mx\/index.php\/2026\/09\/03\/enganan-a-hombre-por-redes-sociales-para-secuestrarlo-en-san-miguel-de-allende\/#breadcrumb"},"inLanguage":"es","potentialAction":[{"@type":"ReadAction","target":["https:\/\/elotroenfoque.mx\/index.php\/2026\/09\/03\/enganan-a-hombre-por-redes-sociales-para-secuestrarlo-en-san-miguel-de-allende\/"]}]},{"@type":"ImageObject","inLanguage":"es","@id":"https:\/\/elotroenfoque.mx\/index.php\/2026\/09\/03\/enganan-a-hombre-por-redes-sociales-para-secuestrarlo-en-san-miguel-de-allende\/#primaryimage","url":"https:\/\/elotroenfoque.mx\/wp-content\/uploads\/2026\/09\/procesados-por-secuestro-enSMA.jpeg","contentUrl":"https:\/\/elotroenfoque.mx\/wp-content\/uploads\/2026\/09\/procesados-por-secuestro-enSMA.jpeg","width":1600,"height":1126},{"@type":"BreadcrumbList","@id":"https:\/\/elotroenfoque.mx\/index.php\/2026\/09\/03\/enganan-a-hombre-por-redes-sociales-para-secuestrarlo-en-san-miguel-de-allende\/#breadcrumb","itemListElement":[{"@type":"ListItem","position":1,"name":"Portada","item":"https:\/\/elotroenfoque.mx\/"},{"@type":"ListItem","position":2,"name":"Enga\u00f1an a hombre por redes sociales para secuestrarlo en San Miguel de Allende"}]},{"@type":"WebSite","@id":"https:\/\/elotroenfoque.mx\/#website","url":"https:\/\/elotroenfoque.mx\/","name":"El otro enfoque","description":"","potentialAction":[{"@type":"SearchAction","target":{"@type":"EntryPoint","urlTemplate":"https:\/\/elotroenfoque.mx\/?s={search_term_string}"},"query-input":{"@type":"PropertyValueSpecification","valueRequired":true,"valueName":"search_term_string"}}],"inLanguage":"es"},{"@type":"Person","@id":"https:\/\/elotroenfoque.mx\/#\/schema\/person\/8eb322f84d0bd9f337e462905519a1ae","name":"Equipo Redaccion","image":{"@type":"ImageObject","inLanguage":"es","@id":"https:\/\/secure.gravatar.com\/avatar\/3579478e2b4e7aad364a32b26cf744b360ae0e581ee1cd0cb18a8f239ee49ac4?s=96&d=mm&r=g","url":"https:\/\/secure.gravatar.com\/avatar\/3579478e2b4e7aad364a32b26cf744b360ae0e581ee1cd0cb18a8f239ee49ac4?s=96&d=mm&r=g","contentUrl":"https:\/\/secure.gravatar.com\/avatar\/3579478e2b4e7aad364a32b26cf744b360ae0e581ee1cd0cb18a8f239ee49ac4?s=96&d=mm&r=g","caption":"Equipo Redaccion"},"url":"https:\/\/elotroenfoque.mx\/index.php\/author\/redaccion\/"}]}},"_links":{"self":[{"href":"https:\/\/elotroenfoque.mx\/index.php\/wp-json\/wp\/v2\/posts\/195561","targetHints":{"allow":["GET"]}}],"collection":[{"href":"https:\/\/elotroenfoque.mx\/index.php\/wp-json\/wp\/v2\/posts"}],"about":[{"href":"https:\/\/elotroenfoque.mx\/index.php\/wp-json\/wp\/v2\/types\/post"}],"author":[{"embeddable":true,"href":"https:\/\/elotroenfoque.mx\/index.php\/wp-json\/wp\/v2\/users\/4"}],"replies":[{"embeddable":true,"href":"https:\/\/elotroenfoque.mx\/index.php\/wp-json\/wp\/v2\/comments?post=195561"}],"version-history":[{"count":1,"href":"https:\/\/elotroenfoque.mx\/index.php\/wp-json\/wp\/v2\/posts\/195561\/revisions"}],"predecessor-version":[{"id":195563,"href":"https:\/\/elotroenfoque.mx\/index.php\/wp-json\/wp\/v2\/posts\/195561\/revisions\/195563"}],"wp:featuredmedia":[{"embeddable":true,"href":"https:\/\/elotroenfoque.mx\/index.php\/wp-json\/wp\/v2\/media\/195562"}],"wp:attachment":[{"href":"https:\/\/elotroenfoque.mx\/index.php\/wp-json\/wp\/v2\/media?parent=195561"}],"wp:term":[{"taxonomy":"category","embeddable":true,"href":"https:\/\/elotroenfoque.mx\/index.php\/wp-json\/wp\/v2\/categories?post=195561"},{"taxonomy":"post_tag","embeddable":true,"href":"https:\/\/elotroenfoque.mx\/index.php\/wp-json\/wp\/v2\/tags?post=195561"}],"curies":[{"name":"wp","href":"https:\/\/api.w.org\/{rel}","templated":true}]}}