{"id":195567,"date":"2026-09-03T19:37:38","date_gmt":"2026-09-04T01:37:38","guid":{"rendered":"https:\/\/elotroenfoque.mx\/?p=195567"},"modified":"2026-09-03T19:37:39","modified_gmt":"2026-09-04T01:37:39","slug":"dos-lapices-diputado-de-morena-presume-su-gran-apoyo-escolar","status":"publish","type":"post","link":"https:\/\/elotroenfoque.mx\/index.php\/2026\/09\/03\/dos-lapices-diputado-de-morena-presume-su-gran-apoyo-escolar\/","title":{"rendered":"\u00bfDos l\u00e1pices? Diputado de Morena presume su \u201cgran\u201d apoyo escolar"},"content":{"rendered":"\n<p class=\"wp-block-paragraph\">El diputado de Morena, Claudio Alberto De Leija Hinojosa, desat\u00f3 cr\u00edticas en redes sociales tras participar en un evento de regreso a clases en Ciudad Madero, Tamaulipas, donde entreg\u00f3 dos l\u00e1pices de madera a cada estudiante.<\/p>\n\n\n\n<p class=\"wp-block-paragraph\">Las im\u00e1genes del acto fueron compartidas por el propio legislador en sus plataformas digitales, como parte de sus actividades por el inicio del ciclo escolar 2026-2027.<\/p>\n\n\n\n<p class=\"wp-block-paragraph\">Sin embargo, la publicaci\u00f3n gener\u00f3 cuestionamientos entre usuarios, quienes consideraron limitado el apoyo entregado y criticaron la manera en que fue presentado p\u00fablicamente.<\/p>\n\n\n\n<figure class=\"wp-block-image size-full\"><img loading=\"lazy\" decoding=\"async\" width=\"779\" height=\"430\" src=\"https:\/\/elotroenfoque.mx\/wp-content\/uploads\/2026\/09\/diputado-regala-dos-lapices.jpg\" alt=\"\" class=\"wp-image-195569\" srcset=\"https:\/\/elotroenfoque.mx\/wp-content\/uploads\/2026\/09\/diputado-regala-dos-lapices.jpg 779w, https:\/\/elotroenfoque.mx\/wp-content\/uploads\/2026\/09\/diputado-regala-dos-lapices-300x166.jpg 300w, https:\/\/elotroenfoque.mx\/wp-content\/uploads\/2026\/09\/diputado-regala-dos-lapices-766x423.jpg 766w\" sizes=\"auto, (max-width: 779px) 100vw, 779px\" \/><\/figure>\n\n\n\n<p class=\"wp-block-paragraph\">De acuerdo con las im\u00e1genes difundidas, De Leija Hinojosa acudi\u00f3 a una escuela primaria de Ciudad Madero durante el regreso a clases y entreg\u00f3 \u00fatiles a los estudiantes.<\/p>\n\n\n\n<p class=\"wp-block-paragraph\">En el material se observa que cada alumno recibi\u00f3 dos l\u00e1pices de madera. Aunque algunas publicaciones se\u00f1alaron inicialmente que se hab\u00eda entregado uno por estudiante, el video muestra dos piezas.<\/p>\n\n\n\n<p class=\"wp-block-paragraph\">Adem\u00e1s, el legislador decidi\u00f3 compartir fotograf\u00edas y un video del momento en sus redes sociales, lo que provoc\u00f3 que el acto r\u00e1pidamente comenzara a generar comentarios.<\/p>\n\n\n\n<h2 class=\"wp-block-heading\">Usuarios cuestionan el apoyo entregado<\/h2>\n\n\n\n<p class=\"wp-block-paragraph\">La pol\u00e9mica no se concentr\u00f3 \u00fanicamente en los l\u00e1pices, sino en la decisi\u00f3n de realizar un evento escolar para entregar un apoyo considerado por algunos usuarios como insuficiente.<\/p>\n\n\n\n<p class=\"wp-block-paragraph\">Posteriormente, las im\u00e1genes comenzaron a circular en distintas plataformas digitales, donde internautas cuestionaron la cantidad de \u00fatiles entregados a los estudiantes.<\/p>\n\n\n\n<p class=\"wp-block-paragraph\">Asimismo, llam\u00f3 la atenci\u00f3n la producci\u00f3n del video publicado por el diputado, debido a que el material fue musicalizado con una conocida frase cinematogr\u00e1fica.<\/p>\n\n\n\n<h2 class=\"wp-block-heading\">Video del diputado causa reacciones en redes<\/h2>\n\n\n\n<p class=\"wp-block-paragraph\">El video incluy\u00f3 la frase \u201cEsta peque\u00f1a parte de mi vida se llama felicidad\u201d, elemento que tambi\u00e9n se convirti\u00f3 en parte de las cr\u00edticas y comentarios generados alrededor de la publicaci\u00f3n.<\/p>\n\n\n\n<p class=\"wp-block-paragraph\">Por otro lado, d\u00edas antes el legislador hab\u00eda publicado un mensaje relacionado con el inicio del ciclo escolar 2026-2027.<\/p>\n\n\n\n<p class=\"wp-block-paragraph\">En ese mensaje reconoci\u00f3 el trabajo de maestras y maestros, dese\u00f3 \u00e9xito a los estudiantes y agradeci\u00f3 a madres y padres de familia por acompa\u00f1arlos durante su formaci\u00f3n.<\/p>\n\n\n\n<h2 class=\"wp-block-heading\">\u00bfQui\u00e9n es Claudio Alberto De Leija Hinojosa?<\/h2>\n\n\n\n<p class=\"wp-block-paragraph\">Claudio Alberto De Leija Hinojosa es diputado local de Morena e integrante de la 66 Legislatura del Congreso de Tamaulipas.<\/p>\n\n\n\n<p class=\"wp-block-paragraph\">El legislador lleg\u00f3 al Congreso estatal por mayor\u00eda relativa en el Distrito XX, cuya cabecera se encuentra en Ciudad Madero.<\/p>\n\n\n\n<p class=\"wp-block-paragraph\">Tambi\u00e9n lee: <strong><a href=\"https:\/\/elotroenfoque.mx\/index.php\/2026\/09\/03\/detienen-a-hombre-con-26-dosis-de-cristal-en-guanajuato\/\">Detienen a hombre con 26 dosis de cristal en Guanajuato<\/a><\/strong><\/p>\n\n\n\n<p class=\"wp-block-paragraph\">Aunque el diputado regala dos l\u00e1pices como parte de una actividad de regreso a clases, la difusi\u00f3n del evento provoc\u00f3 una discusi\u00f3n que trascendi\u00f3 la entrega de los \u00fatiles.<\/p>\n\n\n\n<p class=\"wp-block-paragraph\">La controversia qued\u00f3 centrada en la cantidad del apoyo y en la forma en que el legislador decidi\u00f3 mostrarlo p\u00fablicamente, mientras las im\u00e1genes contin\u00faan generando reacciones en redes sociales.<\/p>\n\n\n\n<p class=\"wp-block-paragraph\"><strong><a href=\"https:\/\/www.tiktok.com\/@elotroenfoque?_r=1&amp;_t=ZS-97ffhW6kR1t\">Sigue tambi\u00e9n las noticias en TikTok<\/a><\/strong><\/p>\n\n\n\n<p class=\"wp-block-paragraph\"><\/p>\n","protected":false},"excerpt":{"rendered":"<p>El diputado de Morena, Claudio Alberto De Leija Hinojosa, desat\u00f3 cr\u00edticas en redes sociales tras participar en un evento de regreso a clases en Ciudad Madero, Tamaulipas, donde entreg\u00f3 dos l\u00e1pices de madera a cada estudiante. Las im\u00e1genes del acto fueron compartidas por el propio legislador en sus plataformas digitales, como parte de sus actividades&#8230;<\/p>\n","protected":false},"author":4,"featured_media":195568,"comment_status":"closed","ping_status":"open","sticky":false,"template":"","format":"standard","meta":{"footnotes":""},"categories":[11],"tags":[13,4517],"class_list":["post-195567","post","type-post","status-publish","format-standard","has-post-thumbnail","hentry","category-otrasnoticias","tag-guanajuato","tag-noticias-guanajuato"],"yoast_head":"<!-- This site is optimized with the Yoast SEO plugin v28.2 - https:\/\/yoast.com\/product\/yoast-seo-wordpress\/ -->\n<title>\u00bfDos l\u00e1pices? Diputado de Morena presume su \u201cgran\u201d apoyo escolar - El otro enfoque<\/title>\n<meta name=\"description\" content=\"Diputado de Morena genera cr\u00edticas en redes tras entregar dos l\u00e1pices por alumno durante un evento de regreso a clases en Ciudad Madero.\" \/>\n<meta name=\"robots\" content=\"index, follow, max-snippet:-1, max-image-preview:large, max-video-preview:-1\" \/>\n<link rel=\"canonical\" href=\"https:\/\/elotroenfoque.mx\/index.php\/2026\/09\/03\/dos-lapices-diputado-de-morena-presume-su-gran-apoyo-escolar\/\" \/>\n<meta property=\"og:locale\" content=\"es_MX\" \/>\n<meta property=\"og:type\" content=\"article\" \/>\n<meta property=\"og:title\" content=\"\u00bfDos l\u00e1pices? Diputado de Morena presume su \u201cgran\u201d apoyo escolar - El otro enfoque\" \/>\n<meta property=\"og:description\" content=\"Diputado de Morena genera cr\u00edticas en redes tras entregar dos l\u00e1pices por alumno durante un evento de regreso a clases en Ciudad Madero.\" \/>\n<meta property=\"og:url\" content=\"https:\/\/elotroenfoque.mx\/index.php\/2026\/09\/03\/dos-lapices-diputado-de-morena-presume-su-gran-apoyo-escolar\/\" \/>\n<meta property=\"og:site_name\" content=\"El otro enfoque\" \/>\n<meta property=\"article:published_time\" content=\"2026-09-04T01:37:38+00:00\" \/>\n<meta property=\"article:modified_time\" content=\"2026-09-04T01:37:39+00:00\" \/>\n<meta property=\"og:image\" content=\"https:\/\/elotroenfoque.mx\/wp-content\/uploads\/2026\/09\/diputado-regala-dos-lapices-2.jpg\" \/>\n\t<meta property=\"og:image:width\" content=\"640\" \/>\n\t<meta property=\"og:image:height\" content=\"432\" \/>\n\t<meta property=\"og:image:type\" content=\"image\/jpeg\" \/>\n<meta name=\"author\" content=\"Equipo Redaccion\" \/>\n<meta name=\"twitter:card\" content=\"summary_large_image\" \/>\n<meta name=\"twitter:label1\" content=\"Escrito por\" \/>\n\t<meta name=\"twitter:data1\" content=\"Equipo Redaccion\" \/>\n\t<meta name=\"twitter:label2\" content=\"Tiempo de lectura\" \/>\n\t<meta name=\"twitter:data2\" content=\"3 minutos\" \/>\n<script type=\"application\/ld+json\" class=\"yoast-schema-graph\">{\"@context\":\"https:\\\/\\\/schema.org\",\"@graph\":[{\"@type\":\"Article\",\"@id\":\"https:\\\/\\\/elotroenfoque.mx\\\/index.php\\\/2026\\\/09\\\/03\\\/dos-lapices-diputado-de-morena-presume-su-gran-apoyo-escolar\\\/#article\",\"isPartOf\":{\"@id\":\"https:\\\/\\\/elotroenfoque.mx\\\/index.php\\\/2026\\\/09\\\/03\\\/dos-lapices-diputado-de-morena-presume-su-gran-apoyo-escolar\\\/\"},\"author\":{\"name\":\"Equipo Redaccion\",\"@id\":\"https:\\\/\\\/elotroenfoque.mx\\\/#\\\/schema\\\/person\\\/8eb322f84d0bd9f337e462905519a1ae\"},\"headline\":\"\u00bfDos l\u00e1pices? Diputado de Morena presume su \u201cgran\u201d apoyo escolar\",\"datePublished\":\"2026-09-04T01:37:38+00:00\",\"dateModified\":\"2026-09-04T01:37:39+00:00\",\"mainEntityOfPage\":{\"@id\":\"https:\\\/\\\/elotroenfoque.mx\\\/index.php\\\/2026\\\/09\\\/03\\\/dos-lapices-diputado-de-morena-presume-su-gran-apoyo-escolar\\\/\"},\"wordCount\":501,\"image\":{\"@id\":\"https:\\\/\\\/elotroenfoque.mx\\\/index.php\\\/2026\\\/09\\\/03\\\/dos-lapices-diputado-de-morena-presume-su-gran-apoyo-escolar\\\/#primaryimage\"},\"thumbnailUrl\":\"https:\\\/\\\/elotroenfoque.mx\\\/wp-content\\\/uploads\\\/2026\\\/09\\\/diputado-regala-dos-lapices-2.jpg\",\"keywords\":[\"Guanajuato\",\"Noticias Guanajuato\"],\"articleSection\":[\"Otras Noticias\"],\"inLanguage\":\"es\"},{\"@type\":\"WebPage\",\"@id\":\"https:\\\/\\\/elotroenfoque.mx\\\/index.php\\\/2026\\\/09\\\/03\\\/dos-lapices-diputado-de-morena-presume-su-gran-apoyo-escolar\\\/\",\"url\":\"https:\\\/\\\/elotroenfoque.mx\\\/index.php\\\/2026\\\/09\\\/03\\\/dos-lapices-diputado-de-morena-presume-su-gran-apoyo-escolar\\\/\",\"name\":\"\u00bfDos l\u00e1pices? Diputado de Morena presume su \u201cgran\u201d apoyo escolar - El otro enfoque\",\"isPartOf\":{\"@id\":\"https:\\\/\\\/elotroenfoque.mx\\\/#website\"},\"primaryImageOfPage\":{\"@id\":\"https:\\\/\\\/elotroenfoque.mx\\\/index.php\\\/2026\\\/09\\\/03\\\/dos-lapices-diputado-de-morena-presume-su-gran-apoyo-escolar\\\/#primaryimage\"},\"image\":{\"@id\":\"https:\\\/\\\/elotroenfoque.mx\\\/index.php\\\/2026\\\/09\\\/03\\\/dos-lapices-diputado-de-morena-presume-su-gran-apoyo-escolar\\\/#primaryimage\"},\"thumbnailUrl\":\"https:\\\/\\\/elotroenfoque.mx\\\/wp-content\\\/uploads\\\/2026\\\/09\\\/diputado-regala-dos-lapices-2.jpg\",\"datePublished\":\"2026-09-04T01:37:38+00:00\",\"dateModified\":\"2026-09-04T01:37:39+00:00\",\"author\":{\"@id\":\"https:\\\/\\\/elotroenfoque.mx\\\/#\\\/schema\\\/person\\\/8eb322f84d0bd9f337e462905519a1ae\"},\"description\":\"Diputado de Morena genera cr\u00edticas en redes tras entregar dos l\u00e1pices por alumno durante un evento de regreso a clases en Ciudad Madero.\",\"breadcrumb\":{\"@id\":\"https:\\\/\\\/elotroenfoque.mx\\\/index.php\\\/2026\\\/09\\\/03\\\/dos-lapices-diputado-de-morena-presume-su-gran-apoyo-escolar\\\/#breadcrumb\"},\"inLanguage\":\"es\",\"potentialAction\":[{\"@type\":\"ReadAction\",\"target\":[\"https:\\\/\\\/elotroenfoque.mx\\\/index.php\\\/2026\\\/09\\\/03\\\/dos-lapices-diputado-de-morena-presume-su-gran-apoyo-escolar\\\/\"]}]},{\"@type\":\"ImageObject\",\"inLanguage\":\"es\",\"@id\":\"https:\\\/\\\/elotroenfoque.mx\\\/index.php\\\/2026\\\/09\\\/03\\\/dos-lapices-diputado-de-morena-presume-su-gran-apoyo-escolar\\\/#primaryimage\",\"url\":\"https:\\\/\\\/elotroenfoque.mx\\\/wp-content\\\/uploads\\\/2026\\\/09\\\/diputado-regala-dos-lapices-2.jpg\",\"contentUrl\":\"https:\\\/\\\/elotroenfoque.mx\\\/wp-content\\\/uploads\\\/2026\\\/09\\\/diputado-regala-dos-lapices-2.jpg\",\"width\":640,\"height\":432},{\"@type\":\"BreadcrumbList\",\"@id\":\"https:\\\/\\\/elotroenfoque.mx\\\/index.php\\\/2026\\\/09\\\/03\\\/dos-lapices-diputado-de-morena-presume-su-gran-apoyo-escolar\\\/#breadcrumb\",\"itemListElement\":[{\"@type\":\"ListItem\",\"position\":1,\"name\":\"Portada\",\"item\":\"https:\\\/\\\/elotroenfoque.mx\\\/\"},{\"@type\":\"ListItem\",\"position\":2,\"name\":\"\u00bfDos l\u00e1pices? Diputado de Morena presume su \u201cgran\u201d apoyo escolar\"}]},{\"@type\":\"WebSite\",\"@id\":\"https:\\\/\\\/elotroenfoque.mx\\\/#website\",\"url\":\"https:\\\/\\\/elotroenfoque.mx\\\/\",\"name\":\"El otro enfoque\",\"description\":\"\",\"potentialAction\":[{\"@type\":\"SearchAction\",\"target\":{\"@type\":\"EntryPoint\",\"urlTemplate\":\"https:\\\/\\\/elotroenfoque.mx\\\/?s={search_term_string}\"},\"query-input\":{\"@type\":\"PropertyValueSpecification\",\"valueRequired\":true,\"valueName\":\"search_term_string\"}}],\"inLanguage\":\"es\"},{\"@type\":\"Person\",\"@id\":\"https:\\\/\\\/elotroenfoque.mx\\\/#\\\/schema\\\/person\\\/8eb322f84d0bd9f337e462905519a1ae\",\"name\":\"Equipo Redaccion\",\"image\":{\"@type\":\"ImageObject\",\"inLanguage\":\"es\",\"@id\":\"https:\\\/\\\/secure.gravatar.com\\\/avatar\\\/3579478e2b4e7aad364a32b26cf744b360ae0e581ee1cd0cb18a8f239ee49ac4?s=96&d=mm&r=g\",\"url\":\"https:\\\/\\\/secure.gravatar.com\\\/avatar\\\/3579478e2b4e7aad364a32b26cf744b360ae0e581ee1cd0cb18a8f239ee49ac4?s=96&d=mm&r=g\",\"contentUrl\":\"https:\\\/\\\/secure.gravatar.com\\\/avatar\\\/3579478e2b4e7aad364a32b26cf744b360ae0e581ee1cd0cb18a8f239ee49ac4?s=96&d=mm&r=g\",\"caption\":\"Equipo Redaccion\"},\"url\":\"https:\\\/\\\/elotroenfoque.mx\\\/index.php\\\/author\\\/redaccion\\\/\"}]}<\/script>\n<!-- \/ Yoast SEO plugin. -->","yoast_head_json":{"title":"\u00bfDos l\u00e1pices? Diputado de Morena presume su \u201cgran\u201d apoyo escolar - El otro enfoque","description":"Diputado de Morena genera cr\u00edticas en redes tras entregar dos l\u00e1pices por alumno durante un evento de regreso a clases en Ciudad Madero.","robots":{"index":"index","follow":"follow","max-snippet":"max-snippet:-1","max-image-preview":"max-image-preview:large","max-video-preview":"max-video-preview:-1"},"canonical":"https:\/\/elotroenfoque.mx\/index.php\/2026\/09\/03\/dos-lapices-diputado-de-morena-presume-su-gran-apoyo-escolar\/","og_locale":"es_MX","og_type":"article","og_title":"\u00bfDos l\u00e1pices? Diputado de Morena presume su \u201cgran\u201d apoyo escolar - El otro enfoque","og_description":"Diputado de Morena genera cr\u00edticas en redes tras entregar dos l\u00e1pices por alumno durante un evento de regreso a clases en Ciudad Madero.","og_url":"https:\/\/elotroenfoque.mx\/index.php\/2026\/09\/03\/dos-lapices-diputado-de-morena-presume-su-gran-apoyo-escolar\/","og_site_name":"El otro enfoque","article_published_time":"2026-09-04T01:37:38+00:00","article_modified_time":"2026-09-04T01:37:39+00:00","og_image":[{"width":640,"height":432,"url":"https:\/\/elotroenfoque.mx\/wp-content\/uploads\/2026\/09\/diputado-regala-dos-lapices-2.jpg","type":"image\/jpeg"}],"author":"Equipo Redaccion","twitter_card":"summary_large_image","twitter_misc":{"Escrito por":"Equipo Redaccion","Tiempo de lectura":"3 minutos"},"schema":{"@context":"https:\/\/schema.org","@graph":[{"@type":"Article","@id":"https:\/\/elotroenfoque.mx\/index.php\/2026\/09\/03\/dos-lapices-diputado-de-morena-presume-su-gran-apoyo-escolar\/#article","isPartOf":{"@id":"https:\/\/elotroenfoque.mx\/index.php\/2026\/09\/03\/dos-lapices-diputado-de-morena-presume-su-gran-apoyo-escolar\/"},"author":{"name":"Equipo Redaccion","@id":"https:\/\/elotroenfoque.mx\/#\/schema\/person\/8eb322f84d0bd9f337e462905519a1ae"},"headline":"\u00bfDos l\u00e1pices? Diputado de Morena presume su \u201cgran\u201d apoyo escolar","datePublished":"2026-09-04T01:37:38+00:00","dateModified":"2026-09-04T01:37:39+00:00","mainEntityOfPage":{"@id":"https:\/\/elotroenfoque.mx\/index.php\/2026\/09\/03\/dos-lapices-diputado-de-morena-presume-su-gran-apoyo-escolar\/"},"wordCount":501,"image":{"@id":"https:\/\/elotroenfoque.mx\/index.php\/2026\/09\/03\/dos-lapices-diputado-de-morena-presume-su-gran-apoyo-escolar\/#primaryimage"},"thumbnailUrl":"https:\/\/elotroenfoque.mx\/wp-content\/uploads\/2026\/09\/diputado-regala-dos-lapices-2.jpg","keywords":["Guanajuato","Noticias Guanajuato"],"articleSection":["Otras Noticias"],"inLanguage":"es"},{"@type":"WebPage","@id":"https:\/\/elotroenfoque.mx\/index.php\/2026\/09\/03\/dos-lapices-diputado-de-morena-presume-su-gran-apoyo-escolar\/","url":"https:\/\/elotroenfoque.mx\/index.php\/2026\/09\/03\/dos-lapices-diputado-de-morena-presume-su-gran-apoyo-escolar\/","name":"\u00bfDos l\u00e1pices? Diputado de Morena presume su \u201cgran\u201d apoyo escolar - El otro enfoque","isPartOf":{"@id":"https:\/\/elotroenfoque.mx\/#website"},"primaryImageOfPage":{"@id":"https:\/\/elotroenfoque.mx\/index.php\/2026\/09\/03\/dos-lapices-diputado-de-morena-presume-su-gran-apoyo-escolar\/#primaryimage"},"image":{"@id":"https:\/\/elotroenfoque.mx\/index.php\/2026\/09\/03\/dos-lapices-diputado-de-morena-presume-su-gran-apoyo-escolar\/#primaryimage"},"thumbnailUrl":"https:\/\/elotroenfoque.mx\/wp-content\/uploads\/2026\/09\/diputado-regala-dos-lapices-2.jpg","datePublished":"2026-09-04T01:37:38+00:00","dateModified":"2026-09-04T01:37:39+00:00","author":{"@id":"https:\/\/elotroenfoque.mx\/#\/schema\/person\/8eb322f84d0bd9f337e462905519a1ae"},"description":"Diputado de Morena genera cr\u00edticas en redes tras entregar dos l\u00e1pices por alumno durante un evento de regreso a clases en Ciudad Madero.","breadcrumb":{"@id":"https:\/\/elotroenfoque.mx\/index.php\/2026\/09\/03\/dos-lapices-diputado-de-morena-presume-su-gran-apoyo-escolar\/#breadcrumb"},"inLanguage":"es","potentialAction":[{"@type":"ReadAction","target":["https:\/\/elotroenfoque.mx\/index.php\/2026\/09\/03\/dos-lapices-diputado-de-morena-presume-su-gran-apoyo-escolar\/"]}]},{"@type":"ImageObject","inLanguage":"es","@id":"https:\/\/elotroenfoque.mx\/index.php\/2026\/09\/03\/dos-lapices-diputado-de-morena-presume-su-gran-apoyo-escolar\/#primaryimage","url":"https:\/\/elotroenfoque.mx\/wp-content\/uploads\/2026\/09\/diputado-regala-dos-lapices-2.jpg","contentUrl":"https:\/\/elotroenfoque.mx\/wp-content\/uploads\/2026\/09\/diputado-regala-dos-lapices-2.jpg","width":640,"height":432},{"@type":"BreadcrumbList","@id":"https:\/\/elotroenfoque.mx\/index.php\/2026\/09\/03\/dos-lapices-diputado-de-morena-presume-su-gran-apoyo-escolar\/#breadcrumb","itemListElement":[{"@type":"ListItem","position":1,"name":"Portada","item":"https:\/\/elotroenfoque.mx\/"},{"@type":"ListItem","position":2,"name":"\u00bfDos l\u00e1pices? Diputado de Morena presume su \u201cgran\u201d apoyo escolar"}]},{"@type":"WebSite","@id":"https:\/\/elotroenfoque.mx\/#website","url":"https:\/\/elotroenfoque.mx\/","name":"El otro enfoque","description":"","potentialAction":[{"@type":"SearchAction","target":{"@type":"EntryPoint","urlTemplate":"https:\/\/elotroenfoque.mx\/?s={search_term_string}"},"query-input":{"@type":"PropertyValueSpecification","valueRequired":true,"valueName":"search_term_string"}}],"inLanguage":"es"},{"@type":"Person","@id":"https:\/\/elotroenfoque.mx\/#\/schema\/person\/8eb322f84d0bd9f337e462905519a1ae","name":"Equipo Redaccion","image":{"@type":"ImageObject","inLanguage":"es","@id":"https:\/\/secure.gravatar.com\/avatar\/3579478e2b4e7aad364a32b26cf744b360ae0e581ee1cd0cb18a8f239ee49ac4?s=96&d=mm&r=g","url":"https:\/\/secure.gravatar.com\/avatar\/3579478e2b4e7aad364a32b26cf744b360ae0e581ee1cd0cb18a8f239ee49ac4?s=96&d=mm&r=g","contentUrl":"https:\/\/secure.gravatar.com\/avatar\/3579478e2b4e7aad364a32b26cf744b360ae0e581ee1cd0cb18a8f239ee49ac4?s=96&d=mm&r=g","caption":"Equipo Redaccion"},"url":"https:\/\/elotroenfoque.mx\/index.php\/author\/redaccion\/"}]}},"_links":{"self":[{"href":"https:\/\/elotroenfoque.mx\/index.php\/wp-json\/wp\/v2\/posts\/195567","targetHints":{"allow":["GET"]}}],"collection":[{"href":"https:\/\/elotroenfoque.mx\/index.php\/wp-json\/wp\/v2\/posts"}],"about":[{"href":"https:\/\/elotroenfoque.mx\/index.php\/wp-json\/wp\/v2\/types\/post"}],"author":[{"embeddable":true,"href":"https:\/\/elotroenfoque.mx\/index.php\/wp-json\/wp\/v2\/users\/4"}],"replies":[{"embeddable":true,"href":"https:\/\/elotroenfoque.mx\/index.php\/wp-json\/wp\/v2\/comments?post=195567"}],"version-history":[{"count":1,"href":"https:\/\/elotroenfoque.mx\/index.php\/wp-json\/wp\/v2\/posts\/195567\/revisions"}],"predecessor-version":[{"id":195570,"href":"https:\/\/elotroenfoque.mx\/index.php\/wp-json\/wp\/v2\/posts\/195567\/revisions\/195570"}],"wp:featuredmedia":[{"embeddable":true,"href":"https:\/\/elotroenfoque.mx\/index.php\/wp-json\/wp\/v2\/media\/195568"}],"wp:attachment":[{"href":"https:\/\/elotroenfoque.mx\/index.php\/wp-json\/wp\/v2\/media?parent=195567"}],"wp:term":[{"taxonomy":"category","embeddable":true,"href":"https:\/\/elotroenfoque.mx\/index.php\/wp-json\/wp\/v2\/categories?post=195567"},{"taxonomy":"post_tag","embeddable":true,"href":"https:\/\/elotroenfoque.mx\/index.php\/wp-json\/wp\/v2\/tags?post=195567"}],"curies":[{"name":"wp","href":"https:\/\/api.w.org\/{rel}","templated":true}]}}