{"id":195590,"date":"2026-09-03T23:11:14","date_gmt":"2026-09-04T05:11:14","guid":{"rendered":"https:\/\/elotroenfoque.mx\/?p=195590"},"modified":"2026-09-03T23:20:03","modified_gmt":"2026-09-04T05:20:03","slug":"tras-apoyar-a-melanie-pena-afirma-sigo-siendo-azul","status":"publish","type":"post","link":"https:\/\/elotroenfoque.mx\/index.php\/2026\/09\/03\/tras-apoyar-a-melanie-pena-afirma-sigo-siendo-azul\/","title":{"rendered":"Tras apoyar a Melanie, Pe\u00f1a afirma: \u201cSigo siendo azul\u201d"},"content":{"rendered":"\n<p class=\"wp-block-paragraph\">Tras votar a favor del presupuesto solicitado por la alcaldesa Melanie Murillo, Alejandro Pe\u00f1a Gallo afirm\u00f3 con claridad que permanece dentro del PAN todav\u00eda.<\/p>\n\n\n\n<p class=\"wp-block-paragraph\">\u201cSigo siendo azul\u201d, declar\u00f3 el regidor despu\u00e9s de entregar el voto que permiti\u00f3 aprobar las modificaciones presupuestales impulsadas por su compa\u00f1era panista Melanie Murillo.<\/p>\n\n\n\n<p class=\"wp-block-paragraph\">Su declaraci\u00f3n ocurri\u00f3 semanas despu\u00e9s de que la dirigencia municipal panista solicit\u00f3 abrir un procedimiento para expulsarlo por sus actuaciones pol\u00edticas dentro del Ayuntamiento.<\/p>\n\n\n\n<p class=\"wp-block-paragraph\">Ismael Z\u00fa\u00f1iga Ram\u00edrez, dirigente local del PAN, anunci\u00f3 que enviar\u00eda el expediente ante instancias nacionales responsables de revisar y resolver la posible expulsi\u00f3n partidista.<\/p>\n\n\n\n<p class=\"wp-block-paragraph\">El proceso surgi\u00f3 tras los constantes desacuerdos de Pe\u00f1a Gallo con Murillo y su incorporaci\u00f3n al bloque opositor integrado por Morena y Movimiento Ciudadano.<\/p>\n\n\n\n<p class=\"wp-block-paragraph\">Junto con esos regidores, Pe\u00f1a Gallo anteriormente rechaz\u00f3 los ajustes del presupuesto y exigi\u00f3 informaci\u00f3n clara sobre transferencias, seguridad, medicamentos, obras y recursos p\u00fablicos municipales pendientes.<\/p>\n\n\n\n<p class=\"wp-block-paragraph\">Sin embargo, durante la nueva votaci\u00f3n de este jueves, decidi\u00f3 respaldar la propuesta de Melanie y aport\u00f3 el s\u00e9ptimo voto necesario para alcanzar la mayor\u00eda absoluta requerida.<\/p>\n\n\n\n<p class=\"wp-block-paragraph\">Ante la posibilidad de que esa decisi\u00f3n respondiera a presiones por su permanencia partidista, Pe\u00f1a Gallo neg\u00f3 cualquier amenaza o condicionamiento del PAN local.<\/p>\n\n\n\n<p class=\"wp-block-paragraph\">\u201cEsa es otra cosa muy independiente, Poncho. No hay ninguna presi\u00f3n, hago con toda la libertad y hoy estoy convencido\u201d, respondi\u00f3 el regidor panista.<\/p>\n\n\n\n<p class=\"wp-block-paragraph\">Tambi\u00e9n afirm\u00f3 que ninguna instancia partidista le ha notificado formalmente el inicio del procedimiento en su contra, anunciado p\u00fablicamente por la dirigencia municipal panista.<\/p>\n\n\n\n<p class=\"wp-block-paragraph\"><strong><a href=\"https:\/\/elotroenfoque.mx\/index.php\/2026\/09\/03\/detienen-a-hombre-con-26-dosis-de-cristal-en-guanajuato\/\">\u00bfCu\u00e1ntas dosis de droga tra\u00eda el hombre detenido en Guanajuato?<\/a><\/strong><\/p>\n\n\n\n<p class=\"wp-block-paragraph\">Pe\u00f1a Gallo asegur\u00f3 que acudir\u00e1 ante el partido cuando lo requiera y ofrecer\u00e1 cuentas, aunque reiter\u00f3 su decisi\u00f3n de conservar su militancia panista actual.<\/p>\n\n\n\n<p class=\"wp-block-paragraph\"><strong><a href=\"https:\/\/www.tiktok.com\/@elotroenfoque?_r=1&amp;_t=ZS-97ffhW6kR1t\">Sigue tambi\u00e9n las noticias en TikTok<\/a><\/strong><\/p>\n\n\n\n<p class=\"wp-block-paragraph\"><\/p>\n","protected":false},"excerpt":{"rendered":"<p>Tras votar a favor del presupuesto solicitado por la alcaldesa Melanie Murillo, Alejandro Pe\u00f1a Gallo afirm\u00f3 con claridad que permanece dentro del PAN todav\u00eda. \u201cSigo siendo azul\u201d, declar\u00f3 el regidor despu\u00e9s de entregar el voto que permiti\u00f3 aprobar las modificaciones presupuestales impulsadas por su compa\u00f1era panista Melanie Murillo. Su declaraci\u00f3n ocurri\u00f3 semanas despu\u00e9s de que&#8230;<\/p>\n","protected":false},"author":3,"featured_media":195574,"comment_status":"closed","ping_status":"open","sticky":false,"template":"","format":"standard","meta":{"footnotes":""},"categories":[2],"tags":[3808,13,4517,4520],"class_list":["post-195590","post","type-post","status-publish","format-standard","has-post-thumbnail","hentry","category-noticias","tag-alejandro-pena-gallo","tag-guanajuato","tag-noticias-guanajuato","tag-noticias-silao"],"yoast_head":"<!-- This site is optimized with the Yoast SEO plugin v28.2 - https:\/\/yoast.com\/product\/yoast-seo-wordpress\/ -->\n<title>Tras apoyar a Melanie, Pe\u00f1a afirma: \u201cSigo siendo azul\u201d - El otro enfoque<\/title>\n<meta name=\"description\" content=\"Tras respaldar el presupuesto de Melanie Murillo, Alejandro Pe\u00f1a Gallo asegur\u00f3 que sigue en el PAN y neg\u00f3 presiones para votar a favor.\" \/>\n<meta name=\"robots\" content=\"index, follow, max-snippet:-1, max-image-preview:large, max-video-preview:-1\" \/>\n<link rel=\"canonical\" href=\"https:\/\/elotroenfoque.mx\/index.php\/2026\/09\/03\/tras-apoyar-a-melanie-pena-afirma-sigo-siendo-azul\/\" \/>\n<meta property=\"og:locale\" content=\"es_MX\" \/>\n<meta property=\"og:type\" content=\"article\" \/>\n<meta property=\"og:title\" content=\"Tras apoyar a Melanie, Pe\u00f1a afirma: \u201cSigo siendo azul\u201d - El otro enfoque\" \/>\n<meta property=\"og:description\" content=\"Tras respaldar el presupuesto de Melanie Murillo, Alejandro Pe\u00f1a Gallo asegur\u00f3 que sigue en el PAN y neg\u00f3 presiones para votar a favor.\" \/>\n<meta property=\"og:url\" content=\"https:\/\/elotroenfoque.mx\/index.php\/2026\/09\/03\/tras-apoyar-a-melanie-pena-afirma-sigo-siendo-azul\/\" \/>\n<meta property=\"og:site_name\" content=\"El otro enfoque\" \/>\n<meta property=\"article:published_time\" content=\"2026-09-04T05:11:14+00:00\" \/>\n<meta property=\"article:modified_time\" content=\"2026-09-04T05:20:03+00:00\" \/>\n<meta property=\"og:image\" content=\"https:\/\/elotroenfoque.mx\/wp-content\/uploads\/2026\/09\/pena-gallo.jpeg\" \/>\n\t<meta property=\"og:image:width\" content=\"960\" \/>\n\t<meta property=\"og:image:height\" content=\"1280\" \/>\n\t<meta property=\"og:image:type\" content=\"image\/jpeg\" \/>\n<meta name=\"author\" content=\"Alfonso Machuca\" \/>\n<meta name=\"twitter:card\" content=\"summary_large_image\" \/>\n<meta name=\"twitter:label1\" content=\"Escrito por\" \/>\n\t<meta name=\"twitter:data1\" content=\"Alfonso Machuca\" \/>\n\t<meta name=\"twitter:label2\" content=\"Tiempo de lectura\" \/>\n\t<meta name=\"twitter:data2\" content=\"2 minutos\" \/>\n<script type=\"application\/ld+json\" class=\"yoast-schema-graph\">{\"@context\":\"https:\\\/\\\/schema.org\",\"@graph\":[{\"@type\":\"Article\",\"@id\":\"https:\\\/\\\/elotroenfoque.mx\\\/index.php\\\/2026\\\/09\\\/03\\\/tras-apoyar-a-melanie-pena-afirma-sigo-siendo-azul\\\/#article\",\"isPartOf\":{\"@id\":\"https:\\\/\\\/elotroenfoque.mx\\\/index.php\\\/2026\\\/09\\\/03\\\/tras-apoyar-a-melanie-pena-afirma-sigo-siendo-azul\\\/\"},\"author\":{\"name\":\"Alfonso Machuca\",\"@id\":\"https:\\\/\\\/elotroenfoque.mx\\\/#\\\/schema\\\/person\\\/cfdbef2ce76d35f5149a5a280be0454e\"},\"headline\":\"Tras apoyar a Melanie, Pe\u00f1a afirma: \u201cSigo siendo azul\u201d\",\"datePublished\":\"2026-09-04T05:11:14+00:00\",\"dateModified\":\"2026-09-04T05:20:03+00:00\",\"mainEntityOfPage\":{\"@id\":\"https:\\\/\\\/elotroenfoque.mx\\\/index.php\\\/2026\\\/09\\\/03\\\/tras-apoyar-a-melanie-pena-afirma-sigo-siendo-azul\\\/\"},\"wordCount\":324,\"image\":{\"@id\":\"https:\\\/\\\/elotroenfoque.mx\\\/index.php\\\/2026\\\/09\\\/03\\\/tras-apoyar-a-melanie-pena-afirma-sigo-siendo-azul\\\/#primaryimage\"},\"thumbnailUrl\":\"https:\\\/\\\/elotroenfoque.mx\\\/wp-content\\\/uploads\\\/2026\\\/09\\\/pena-gallo.jpeg\",\"keywords\":[\"Alejandro Pe\u00f1a Gallo\",\"Guanajuato\",\"Noticias Guanajuato\",\"Noticias Silao\"],\"articleSection\":[\"Noticias\"],\"inLanguage\":\"es\"},{\"@type\":\"WebPage\",\"@id\":\"https:\\\/\\\/elotroenfoque.mx\\\/index.php\\\/2026\\\/09\\\/03\\\/tras-apoyar-a-melanie-pena-afirma-sigo-siendo-azul\\\/\",\"url\":\"https:\\\/\\\/elotroenfoque.mx\\\/index.php\\\/2026\\\/09\\\/03\\\/tras-apoyar-a-melanie-pena-afirma-sigo-siendo-azul\\\/\",\"name\":\"Tras apoyar a Melanie, Pe\u00f1a afirma: \u201cSigo siendo azul\u201d - El otro enfoque\",\"isPartOf\":{\"@id\":\"https:\\\/\\\/elotroenfoque.mx\\\/#website\"},\"primaryImageOfPage\":{\"@id\":\"https:\\\/\\\/elotroenfoque.mx\\\/index.php\\\/2026\\\/09\\\/03\\\/tras-apoyar-a-melanie-pena-afirma-sigo-siendo-azul\\\/#primaryimage\"},\"image\":{\"@id\":\"https:\\\/\\\/elotroenfoque.mx\\\/index.php\\\/2026\\\/09\\\/03\\\/tras-apoyar-a-melanie-pena-afirma-sigo-siendo-azul\\\/#primaryimage\"},\"thumbnailUrl\":\"https:\\\/\\\/elotroenfoque.mx\\\/wp-content\\\/uploads\\\/2026\\\/09\\\/pena-gallo.jpeg\",\"datePublished\":\"2026-09-04T05:11:14+00:00\",\"dateModified\":\"2026-09-04T05:20:03+00:00\",\"author\":{\"@id\":\"https:\\\/\\\/elotroenfoque.mx\\\/#\\\/schema\\\/person\\\/cfdbef2ce76d35f5149a5a280be0454e\"},\"description\":\"Tras respaldar el presupuesto de Melanie Murillo, Alejandro Pe\u00f1a Gallo asegur\u00f3 que sigue en el PAN y neg\u00f3 presiones para votar a favor.\",\"breadcrumb\":{\"@id\":\"https:\\\/\\\/elotroenfoque.mx\\\/index.php\\\/2026\\\/09\\\/03\\\/tras-apoyar-a-melanie-pena-afirma-sigo-siendo-azul\\\/#breadcrumb\"},\"inLanguage\":\"es\",\"potentialAction\":[{\"@type\":\"ReadAction\",\"target\":[\"https:\\\/\\\/elotroenfoque.mx\\\/index.php\\\/2026\\\/09\\\/03\\\/tras-apoyar-a-melanie-pena-afirma-sigo-siendo-azul\\\/\"]}]},{\"@type\":\"ImageObject\",\"inLanguage\":\"es\",\"@id\":\"https:\\\/\\\/elotroenfoque.mx\\\/index.php\\\/2026\\\/09\\\/03\\\/tras-apoyar-a-melanie-pena-afirma-sigo-siendo-azul\\\/#primaryimage\",\"url\":\"https:\\\/\\\/elotroenfoque.mx\\\/wp-content\\\/uploads\\\/2026\\\/09\\\/pena-gallo.jpeg\",\"contentUrl\":\"https:\\\/\\\/elotroenfoque.mx\\\/wp-content\\\/uploads\\\/2026\\\/09\\\/pena-gallo.jpeg\",\"width\":960,\"height\":1280},{\"@type\":\"BreadcrumbList\",\"@id\":\"https:\\\/\\\/elotroenfoque.mx\\\/index.php\\\/2026\\\/09\\\/03\\\/tras-apoyar-a-melanie-pena-afirma-sigo-siendo-azul\\\/#breadcrumb\",\"itemListElement\":[{\"@type\":\"ListItem\",\"position\":1,\"name\":\"Portada\",\"item\":\"https:\\\/\\\/elotroenfoque.mx\\\/\"},{\"@type\":\"ListItem\",\"position\":2,\"name\":\"Tras apoyar a Melanie, Pe\u00f1a afirma: \u201cSigo siendo azul\u201d\"}]},{\"@type\":\"WebSite\",\"@id\":\"https:\\\/\\\/elotroenfoque.mx\\\/#website\",\"url\":\"https:\\\/\\\/elotroenfoque.mx\\\/\",\"name\":\"El otro enfoque\",\"description\":\"\",\"potentialAction\":[{\"@type\":\"SearchAction\",\"target\":{\"@type\":\"EntryPoint\",\"urlTemplate\":\"https:\\\/\\\/elotroenfoque.mx\\\/?s={search_term_string}\"},\"query-input\":{\"@type\":\"PropertyValueSpecification\",\"valueRequired\":true,\"valueName\":\"search_term_string\"}}],\"inLanguage\":\"es\"},{\"@type\":\"Person\",\"@id\":\"https:\\\/\\\/elotroenfoque.mx\\\/#\\\/schema\\\/person\\\/cfdbef2ce76d35f5149a5a280be0454e\",\"name\":\"Alfonso Machuca\",\"image\":{\"@type\":\"ImageObject\",\"inLanguage\":\"es\",\"@id\":\"https:\\\/\\\/secure.gravatar.com\\\/avatar\\\/c23d1f3244f209f74263ab0ddc5e936d0c390ea282305a80e8f0cf7892f3566a?s=96&d=mm&r=g\",\"url\":\"https:\\\/\\\/secure.gravatar.com\\\/avatar\\\/c23d1f3244f209f74263ab0ddc5e936d0c390ea282305a80e8f0cf7892f3566a?s=96&d=mm&r=g\",\"contentUrl\":\"https:\\\/\\\/secure.gravatar.com\\\/avatar\\\/c23d1f3244f209f74263ab0ddc5e936d0c390ea282305a80e8f0cf7892f3566a?s=96&d=mm&r=g\",\"caption\":\"Alfonso Machuca\"},\"url\":\"https:\\\/\\\/elotroenfoque.mx\\\/index.php\\\/author\\\/amachuca\\\/\"}]}<\/script>\n<!-- \/ Yoast SEO plugin. -->","yoast_head_json":{"title":"Tras apoyar a Melanie, Pe\u00f1a afirma: \u201cSigo siendo azul\u201d - El otro enfoque","description":"Tras respaldar el presupuesto de Melanie Murillo, Alejandro Pe\u00f1a Gallo asegur\u00f3 que sigue en el PAN y neg\u00f3 presiones para votar a favor.","robots":{"index":"index","follow":"follow","max-snippet":"max-snippet:-1","max-image-preview":"max-image-preview:large","max-video-preview":"max-video-preview:-1"},"canonical":"https:\/\/elotroenfoque.mx\/index.php\/2026\/09\/03\/tras-apoyar-a-melanie-pena-afirma-sigo-siendo-azul\/","og_locale":"es_MX","og_type":"article","og_title":"Tras apoyar a Melanie, Pe\u00f1a afirma: \u201cSigo siendo azul\u201d - El otro enfoque","og_description":"Tras respaldar el presupuesto de Melanie Murillo, Alejandro Pe\u00f1a Gallo asegur\u00f3 que sigue en el PAN y neg\u00f3 presiones para votar a favor.","og_url":"https:\/\/elotroenfoque.mx\/index.php\/2026\/09\/03\/tras-apoyar-a-melanie-pena-afirma-sigo-siendo-azul\/","og_site_name":"El otro enfoque","article_published_time":"2026-09-04T05:11:14+00:00","article_modified_time":"2026-09-04T05:20:03+00:00","og_image":[{"width":960,"height":1280,"url":"https:\/\/elotroenfoque.mx\/wp-content\/uploads\/2026\/09\/pena-gallo.jpeg","type":"image\/jpeg"}],"author":"Alfonso Machuca","twitter_card":"summary_large_image","twitter_misc":{"Escrito por":"Alfonso Machuca","Tiempo de lectura":"2 minutos"},"schema":{"@context":"https:\/\/schema.org","@graph":[{"@type":"Article","@id":"https:\/\/elotroenfoque.mx\/index.php\/2026\/09\/03\/tras-apoyar-a-melanie-pena-afirma-sigo-siendo-azul\/#article","isPartOf":{"@id":"https:\/\/elotroenfoque.mx\/index.php\/2026\/09\/03\/tras-apoyar-a-melanie-pena-afirma-sigo-siendo-azul\/"},"author":{"name":"Alfonso Machuca","@id":"https:\/\/elotroenfoque.mx\/#\/schema\/person\/cfdbef2ce76d35f5149a5a280be0454e"},"headline":"Tras apoyar a Melanie, Pe\u00f1a afirma: \u201cSigo siendo azul\u201d","datePublished":"2026-09-04T05:11:14+00:00","dateModified":"2026-09-04T05:20:03+00:00","mainEntityOfPage":{"@id":"https:\/\/elotroenfoque.mx\/index.php\/2026\/09\/03\/tras-apoyar-a-melanie-pena-afirma-sigo-siendo-azul\/"},"wordCount":324,"image":{"@id":"https:\/\/elotroenfoque.mx\/index.php\/2026\/09\/03\/tras-apoyar-a-melanie-pena-afirma-sigo-siendo-azul\/#primaryimage"},"thumbnailUrl":"https:\/\/elotroenfoque.mx\/wp-content\/uploads\/2026\/09\/pena-gallo.jpeg","keywords":["Alejandro Pe\u00f1a Gallo","Guanajuato","Noticias Guanajuato","Noticias Silao"],"articleSection":["Noticias"],"inLanguage":"es"},{"@type":"WebPage","@id":"https:\/\/elotroenfoque.mx\/index.php\/2026\/09\/03\/tras-apoyar-a-melanie-pena-afirma-sigo-siendo-azul\/","url":"https:\/\/elotroenfoque.mx\/index.php\/2026\/09\/03\/tras-apoyar-a-melanie-pena-afirma-sigo-siendo-azul\/","name":"Tras apoyar a Melanie, Pe\u00f1a afirma: \u201cSigo siendo azul\u201d - El otro enfoque","isPartOf":{"@id":"https:\/\/elotroenfoque.mx\/#website"},"primaryImageOfPage":{"@id":"https:\/\/elotroenfoque.mx\/index.php\/2026\/09\/03\/tras-apoyar-a-melanie-pena-afirma-sigo-siendo-azul\/#primaryimage"},"image":{"@id":"https:\/\/elotroenfoque.mx\/index.php\/2026\/09\/03\/tras-apoyar-a-melanie-pena-afirma-sigo-siendo-azul\/#primaryimage"},"thumbnailUrl":"https:\/\/elotroenfoque.mx\/wp-content\/uploads\/2026\/09\/pena-gallo.jpeg","datePublished":"2026-09-04T05:11:14+00:00","dateModified":"2026-09-04T05:20:03+00:00","author":{"@id":"https:\/\/elotroenfoque.mx\/#\/schema\/person\/cfdbef2ce76d35f5149a5a280be0454e"},"description":"Tras respaldar el presupuesto de Melanie Murillo, Alejandro Pe\u00f1a Gallo asegur\u00f3 que sigue en el PAN y neg\u00f3 presiones para votar a favor.","breadcrumb":{"@id":"https:\/\/elotroenfoque.mx\/index.php\/2026\/09\/03\/tras-apoyar-a-melanie-pena-afirma-sigo-siendo-azul\/#breadcrumb"},"inLanguage":"es","potentialAction":[{"@type":"ReadAction","target":["https:\/\/elotroenfoque.mx\/index.php\/2026\/09\/03\/tras-apoyar-a-melanie-pena-afirma-sigo-siendo-azul\/"]}]},{"@type":"ImageObject","inLanguage":"es","@id":"https:\/\/elotroenfoque.mx\/index.php\/2026\/09\/03\/tras-apoyar-a-melanie-pena-afirma-sigo-siendo-azul\/#primaryimage","url":"https:\/\/elotroenfoque.mx\/wp-content\/uploads\/2026\/09\/pena-gallo.jpeg","contentUrl":"https:\/\/elotroenfoque.mx\/wp-content\/uploads\/2026\/09\/pena-gallo.jpeg","width":960,"height":1280},{"@type":"BreadcrumbList","@id":"https:\/\/elotroenfoque.mx\/index.php\/2026\/09\/03\/tras-apoyar-a-melanie-pena-afirma-sigo-siendo-azul\/#breadcrumb","itemListElement":[{"@type":"ListItem","position":1,"name":"Portada","item":"https:\/\/elotroenfoque.mx\/"},{"@type":"ListItem","position":2,"name":"Tras apoyar a Melanie, Pe\u00f1a afirma: \u201cSigo siendo azul\u201d"}]},{"@type":"WebSite","@id":"https:\/\/elotroenfoque.mx\/#website","url":"https:\/\/elotroenfoque.mx\/","name":"El otro enfoque","description":"","potentialAction":[{"@type":"SearchAction","target":{"@type":"EntryPoint","urlTemplate":"https:\/\/elotroenfoque.mx\/?s={search_term_string}"},"query-input":{"@type":"PropertyValueSpecification","valueRequired":true,"valueName":"search_term_string"}}],"inLanguage":"es"},{"@type":"Person","@id":"https:\/\/elotroenfoque.mx\/#\/schema\/person\/cfdbef2ce76d35f5149a5a280be0454e","name":"Alfonso Machuca","image":{"@type":"ImageObject","inLanguage":"es","@id":"https:\/\/secure.gravatar.com\/avatar\/c23d1f3244f209f74263ab0ddc5e936d0c390ea282305a80e8f0cf7892f3566a?s=96&d=mm&r=g","url":"https:\/\/secure.gravatar.com\/avatar\/c23d1f3244f209f74263ab0ddc5e936d0c390ea282305a80e8f0cf7892f3566a?s=96&d=mm&r=g","contentUrl":"https:\/\/secure.gravatar.com\/avatar\/c23d1f3244f209f74263ab0ddc5e936d0c390ea282305a80e8f0cf7892f3566a?s=96&d=mm&r=g","caption":"Alfonso Machuca"},"url":"https:\/\/elotroenfoque.mx\/index.php\/author\/amachuca\/"}]}},"_links":{"self":[{"href":"https:\/\/elotroenfoque.mx\/index.php\/wp-json\/wp\/v2\/posts\/195590","targetHints":{"allow":["GET"]}}],"collection":[{"href":"https:\/\/elotroenfoque.mx\/index.php\/wp-json\/wp\/v2\/posts"}],"about":[{"href":"https:\/\/elotroenfoque.mx\/index.php\/wp-json\/wp\/v2\/types\/post"}],"author":[{"embeddable":true,"href":"https:\/\/elotroenfoque.mx\/index.php\/wp-json\/wp\/v2\/users\/3"}],"replies":[{"embeddable":true,"href":"https:\/\/elotroenfoque.mx\/index.php\/wp-json\/wp\/v2\/comments?post=195590"}],"version-history":[{"count":1,"href":"https:\/\/elotroenfoque.mx\/index.php\/wp-json\/wp\/v2\/posts\/195590\/revisions"}],"predecessor-version":[{"id":195591,"href":"https:\/\/elotroenfoque.mx\/index.php\/wp-json\/wp\/v2\/posts\/195590\/revisions\/195591"}],"wp:featuredmedia":[{"embeddable":true,"href":"https:\/\/elotroenfoque.mx\/index.php\/wp-json\/wp\/v2\/media\/195574"}],"wp:attachment":[{"href":"https:\/\/elotroenfoque.mx\/index.php\/wp-json\/wp\/v2\/media?parent=195590"}],"wp:term":[{"taxonomy":"category","embeddable":true,"href":"https:\/\/elotroenfoque.mx\/index.php\/wp-json\/wp\/v2\/categories?post=195590"},{"taxonomy":"post_tag","embeddable":true,"href":"https:\/\/elotroenfoque.mx\/index.php\/wp-json\/wp\/v2\/tags?post=195590"}],"curies":[{"name":"wp","href":"https:\/\/api.w.org\/{rel}","templated":true}]}}