{"id":195592,"date":"2026-09-03T23:07:53","date_gmt":"2026-09-04T05:07:53","guid":{"rendered":"https:\/\/elotroenfoque.mx\/?p=195592"},"modified":"2026-09-03T23:07:53","modified_gmt":"2026-09-04T05:07:53","slug":"la-feria-que-se-aplaudio-sola","status":"publish","type":"post","link":"https:\/\/elotroenfoque.mx\/index.php\/2026\/09\/03\/la-feria-que-se-aplaudio-sola\/","title":{"rendered":"LA FERIA QUE SE APLAUDI\u00d3 SOLA"},"content":{"rendered":"\n<p class=\"wp-block-paragraph\">En Silao ocurri\u00f3 algo dif\u00edcil de explicar: el Comit\u00e9 de la Feria present\u00f3 un informe que nadie conoce, pero sus integrantes recibieron felicitaciones p\u00fablicas.<\/p>\n\n\n\n<p class=\"wp-block-paragraph\">Ellos mismos revisaron su trabajo, ellos mismos dijeron que todo sali\u00f3 bien y ellos mismos se aplaudieron. La ciudadan\u00eda solamente qued\u00f3 mirando desde afuera.<\/p>\n\n\n\n<p class=\"wp-block-paragraph\">El comit\u00e9 qued\u00f3 integrado por las regidoras Priscila Anel Torres Rosas y Mar\u00eda Oliva Vargas P\u00e1ramo, adem\u00e1s del ciudadano Javier Pacheco Cano como integrante.<\/p>\n\n\n\n<p class=\"wp-block-paragraph\">Hasta ahora nadie inform\u00f3 cu\u00e1nto dinero entr\u00f3, cu\u00e1nto gastaron, cu\u00e1nto qued\u00f3 disponible ni cu\u00e1les empresas recibieron contratos durante la organizaci\u00f3n de la Feria municipal.<\/p>\n\n\n\n<p class=\"wp-block-paragraph\">Tampoco conocemos la cantidad de boletos vendidos, los pagos pendientes o las ganancias obtenidas. Sin cifras, resulta imposible saber si realmente hubo buenos resultados.<\/p>\n\n\n\n<p class=\"wp-block-paragraph\">Pero el Ayuntamiento encontr\u00f3 una soluci\u00f3n muy sencilla: no mostrar las cuentas y felicitar a los responsables. As\u00ed cualquier feria puede parecer un \u00e9xito.<\/p>\n\n\n\n<p class=\"wp-block-paragraph\">La escena tuvo reconocimiento y poca informaci\u00f3n. Hubo palabras bonitas para los organizadores, pero ninguna explicaci\u00f3n clara para quienes financiaron la fiesta con impuestos.<\/p>\n\n\n\n<p class=\"wp-block-paragraph\">El informe, seg\u00fan dijeron, existe. Sin embargo, no aparece p\u00fablicamente. Parece un documento reservado para funcionarios, como si las cuentas municipales fueran asunto familiar.<\/p>\n\n\n\n<p class=\"wp-block-paragraph\">Tampoco existe evidencia p\u00fablica de una auditor\u00eda interna que revisara ingresos, gastos o contratos. Ni siquiera mostraron alg\u00fan esfuerzo serio para transparentar cuentas municipales.<\/p>\n\n\n\n<p class=\"wp-block-paragraph\">No se trata de acusar sin pruebas. Se trata de pedir pruebas para confirmar que el dinero tuvo manejo correcto y que todo sali\u00f3 bien.<\/p>\n\n\n\n<p class=\"wp-block-paragraph\">Cuando un gobierno evita mostrar informaci\u00f3n, aumentan las dudas. Cuando se felicita por resultados desconocidos, convierte la rendici\u00f3n de cuentas en una ceremonia privada.<\/p>\n\n\n\n<p class=\"wp-block-paragraph\">La Feria pertenece a Silao y funciona con recursos p\u00fablicos. Por eso, sus resultados deben conocerse mediante cifras, documentos y respuestas claras, no con aplausos.<\/p>\n\n\n\n<p class=\"wp-block-paragraph\">Algo parecido ocurri\u00f3 con los ajustes presupuestales. Los regidores discutieron, negociaron y votaron, pero la poblaci\u00f3n nunca recibi\u00f3 un resumen sencillo sobre los cambios.<\/p>\n\n\n\n<p class=\"wp-block-paragraph\">Por cierto, el regidor panista Alejandro Pe\u00f1a Gallo dijo que todo qued\u00f3 transparente. En el tema de presupuesto. Posiblemente \u00e9l recibi\u00f3 informaci\u00f3n suficiente. El problema es que Silao todav\u00eda desconoce aquello que logr\u00f3 convencerlo.<\/p>\n\n\n\n<p class=\"wp-block-paragraph\">La transparencia no consiste en explicar documentos solamente a los regidores. Significa publicarlos para que cualquier persona pueda conocer c\u00f3mo utiliza el gobierno el dinero. Pero ni el regidor ni la administraci\u00f3n han entendido eso.<\/p>\n\n\n\n<p class=\"wp-block-paragraph\">Movimiento Ciudadano tambi\u00e9n entreg\u00f3 su voto de confianza. Francisco Chagoya y Elizabeth Monreal respaldaron el segundo informe despu\u00e9s de participar en reuniones de trabajo.<\/p>\n\n\n\n<p class=\"wp-block-paragraph\">Ellos aseguraron que no encontraron nada extra\u00f1o. Qu\u00e9 bueno. Ahora solamente falta que compartan los datos revisados para que los ciudadanos puedan quedarse tranquilos.<\/p>\n\n\n\n<p class=\"wp-block-paragraph\">Morena mantuvo su rechazo mediante C\u00e9sar Arregu\u00edn, Marcela Caballero y Gregorio P\u00e9rez. Eran cuatro regidores, ahora quedan tres y enfrentan aislamiento dentro del Ayuntamiento.<\/p>\n\n\n\n<p class=\"wp-block-paragraph\">Los acuerdos son necesarios para gobernar. El problema comienza cuando solamente quienes negocian conocen sus razones, mientras los ciudadanos deben aceptar decisiones sin explicaci\u00f3n.<\/p>\n\n\n\n<p class=\"wp-block-paragraph\">Un gobierno no puede pedir confianza ciega. Debe mostrar cifras, contratos y resultados. Si todo sali\u00f3 correctamente, publicar las cuentas tendr\u00eda que resultar sencillo.<\/p>\n\n\n\n<p class=\"wp-block-paragraph\">Bendito septiembre, mes de la patria: el Ayuntamiento celebra, el comit\u00e9 se felicita, los regidores negocian y Silao contin\u00faa esperando las cuentas de su Feria.<\/p>\n\n\n\n<p class=\"wp-block-paragraph\"><\/p>\n","protected":false},"excerpt":{"rendered":"<p>En Silao ocurri\u00f3 algo dif\u00edcil de explicar: el Comit\u00e9 de la Feria present\u00f3 un informe que nadie conoce, pero sus integrantes recibieron felicitaciones p\u00fablicas. Ellos mismos revisaron su trabajo, ellos mismos dijeron que todo sali\u00f3 bien y ellos mismos se aplaudieron. La ciudadan\u00eda solamente qued\u00f3 mirando desde afuera. El comit\u00e9 qued\u00f3 integrado por las regidoras&#8230;<\/p>\n","protected":false},"author":3,"featured_media":192153,"comment_status":"closed","ping_status":"open","sticky":false,"template":"","format":"standard","meta":{"footnotes":""},"categories":[4,55,3],"tags":[13,4517,4520],"class_list":["post-195592","post","type-post","status-publish","format-standard","has-post-thumbnail","hentry","category-alfonsomachuca","category-alfonso-machuca","category-columnistas","tag-guanajuato","tag-noticias-guanajuato","tag-noticias-silao"],"yoast_head":"<!-- This site is optimized with the Yoast SEO plugin v28.2 - https:\/\/yoast.com\/product\/yoast-seo-wordpress\/ -->\n<title>LA FERIA QUE SE APLAUDI\u00d3 SOLA - El otro enfoque<\/title>\n<meta name=\"description\" content=\"El Comit\u00e9 de la Feria de Silao fue felicitado por sus resultados, pero las cuentas, contratos e ingresos del evento siguen sin ser p\u00fablicos.\" \/>\n<meta name=\"robots\" content=\"index, follow, max-snippet:-1, max-image-preview:large, max-video-preview:-1\" \/>\n<link rel=\"canonical\" href=\"https:\/\/elotroenfoque.mx\/index.php\/2026\/09\/03\/la-feria-que-se-aplaudio-sola\/\" \/>\n<meta property=\"og:locale\" content=\"es_MX\" \/>\n<meta property=\"og:type\" content=\"article\" \/>\n<meta property=\"og:title\" content=\"LA FERIA QUE SE APLAUDI\u00d3 SOLA - El otro enfoque\" \/>\n<meta property=\"og:description\" content=\"El Comit\u00e9 de la Feria de Silao fue felicitado por sus resultados, pero las cuentas, contratos e ingresos del evento siguen sin ser p\u00fablicos.\" \/>\n<meta property=\"og:url\" content=\"https:\/\/elotroenfoque.mx\/index.php\/2026\/09\/03\/la-feria-que-se-aplaudio-sola\/\" \/>\n<meta property=\"og:site_name\" content=\"El otro enfoque\" \/>\n<meta property=\"article:published_time\" content=\"2026-09-04T05:07:53+00:00\" \/>\n<meta property=\"og:image\" content=\"https:\/\/elotroenfoque.mx\/wp-content\/uploads\/2026\/07\/columna-alfonso.jpeg\" \/>\n\t<meta property=\"og:image:width\" content=\"1122\" \/>\n\t<meta property=\"og:image:height\" content=\"1402\" \/>\n\t<meta property=\"og:image:type\" content=\"image\/jpeg\" \/>\n<meta name=\"author\" content=\"Alfonso Machuca\" \/>\n<meta name=\"twitter:card\" content=\"summary_large_image\" \/>\n<meta name=\"twitter:label1\" content=\"Escrito por\" \/>\n\t<meta name=\"twitter:data1\" content=\"Alfonso Machuca\" \/>\n\t<meta name=\"twitter:label2\" content=\"Tiempo de lectura\" \/>\n\t<meta name=\"twitter:data2\" content=\"3 minutos\" \/>\n<script type=\"application\/ld+json\" class=\"yoast-schema-graph\">{\"@context\":\"https:\\\/\\\/schema.org\",\"@graph\":[{\"@type\":\"Article\",\"@id\":\"https:\\\/\\\/elotroenfoque.mx\\\/index.php\\\/2026\\\/09\\\/03\\\/la-feria-que-se-aplaudio-sola\\\/#article\",\"isPartOf\":{\"@id\":\"https:\\\/\\\/elotroenfoque.mx\\\/index.php\\\/2026\\\/09\\\/03\\\/la-feria-que-se-aplaudio-sola\\\/\"},\"author\":{\"name\":\"Alfonso Machuca\",\"@id\":\"https:\\\/\\\/elotroenfoque.mx\\\/#\\\/schema\\\/person\\\/cfdbef2ce76d35f5149a5a280be0454e\"},\"headline\":\"LA FERIA QUE SE APLAUDI\u00d3 SOLA\",\"datePublished\":\"2026-09-04T05:07:53+00:00\",\"mainEntityOfPage\":{\"@id\":\"https:\\\/\\\/elotroenfoque.mx\\\/index.php\\\/2026\\\/09\\\/03\\\/la-feria-que-se-aplaudio-sola\\\/\"},\"wordCount\":571,\"image\":{\"@id\":\"https:\\\/\\\/elotroenfoque.mx\\\/index.php\\\/2026\\\/09\\\/03\\\/la-feria-que-se-aplaudio-sola\\\/#primaryimage\"},\"thumbnailUrl\":\"https:\\\/\\\/elotroenfoque.mx\\\/wp-content\\\/uploads\\\/2026\\\/07\\\/columna-alfonso.jpeg\",\"keywords\":[\"Guanajuato\",\"Noticias Guanajuato\",\"Noticias Silao\"],\"articleSection\":[\"Alfonso Machuca\",\"Alfonso Machuca\",\"Columnistas\"],\"inLanguage\":\"es\"},{\"@type\":\"WebPage\",\"@id\":\"https:\\\/\\\/elotroenfoque.mx\\\/index.php\\\/2026\\\/09\\\/03\\\/la-feria-que-se-aplaudio-sola\\\/\",\"url\":\"https:\\\/\\\/elotroenfoque.mx\\\/index.php\\\/2026\\\/09\\\/03\\\/la-feria-que-se-aplaudio-sola\\\/\",\"name\":\"LA FERIA QUE SE APLAUDI\u00d3 SOLA - El otro enfoque\",\"isPartOf\":{\"@id\":\"https:\\\/\\\/elotroenfoque.mx\\\/#website\"},\"primaryImageOfPage\":{\"@id\":\"https:\\\/\\\/elotroenfoque.mx\\\/index.php\\\/2026\\\/09\\\/03\\\/la-feria-que-se-aplaudio-sola\\\/#primaryimage\"},\"image\":{\"@id\":\"https:\\\/\\\/elotroenfoque.mx\\\/index.php\\\/2026\\\/09\\\/03\\\/la-feria-que-se-aplaudio-sola\\\/#primaryimage\"},\"thumbnailUrl\":\"https:\\\/\\\/elotroenfoque.mx\\\/wp-content\\\/uploads\\\/2026\\\/07\\\/columna-alfonso.jpeg\",\"datePublished\":\"2026-09-04T05:07:53+00:00\",\"author\":{\"@id\":\"https:\\\/\\\/elotroenfoque.mx\\\/#\\\/schema\\\/person\\\/cfdbef2ce76d35f5149a5a280be0454e\"},\"description\":\"El Comit\u00e9 de la Feria de Silao fue felicitado por sus resultados, pero las cuentas, contratos e ingresos del evento siguen sin ser p\u00fablicos.\",\"breadcrumb\":{\"@id\":\"https:\\\/\\\/elotroenfoque.mx\\\/index.php\\\/2026\\\/09\\\/03\\\/la-feria-que-se-aplaudio-sola\\\/#breadcrumb\"},\"inLanguage\":\"es\",\"potentialAction\":[{\"@type\":\"ReadAction\",\"target\":[\"https:\\\/\\\/elotroenfoque.mx\\\/index.php\\\/2026\\\/09\\\/03\\\/la-feria-que-se-aplaudio-sola\\\/\"]}]},{\"@type\":\"ImageObject\",\"inLanguage\":\"es\",\"@id\":\"https:\\\/\\\/elotroenfoque.mx\\\/index.php\\\/2026\\\/09\\\/03\\\/la-feria-que-se-aplaudio-sola\\\/#primaryimage\",\"url\":\"https:\\\/\\\/elotroenfoque.mx\\\/wp-content\\\/uploads\\\/2026\\\/07\\\/columna-alfonso.jpeg\",\"contentUrl\":\"https:\\\/\\\/elotroenfoque.mx\\\/wp-content\\\/uploads\\\/2026\\\/07\\\/columna-alfonso.jpeg\",\"width\":1122,\"height\":1402},{\"@type\":\"BreadcrumbList\",\"@id\":\"https:\\\/\\\/elotroenfoque.mx\\\/index.php\\\/2026\\\/09\\\/03\\\/la-feria-que-se-aplaudio-sola\\\/#breadcrumb\",\"itemListElement\":[{\"@type\":\"ListItem\",\"position\":1,\"name\":\"Portada\",\"item\":\"https:\\\/\\\/elotroenfoque.mx\\\/\"},{\"@type\":\"ListItem\",\"position\":2,\"name\":\"LA FERIA QUE SE APLAUDI\u00d3 SOLA\"}]},{\"@type\":\"WebSite\",\"@id\":\"https:\\\/\\\/elotroenfoque.mx\\\/#website\",\"url\":\"https:\\\/\\\/elotroenfoque.mx\\\/\",\"name\":\"El otro enfoque\",\"description\":\"\",\"potentialAction\":[{\"@type\":\"SearchAction\",\"target\":{\"@type\":\"EntryPoint\",\"urlTemplate\":\"https:\\\/\\\/elotroenfoque.mx\\\/?s={search_term_string}\"},\"query-input\":{\"@type\":\"PropertyValueSpecification\",\"valueRequired\":true,\"valueName\":\"search_term_string\"}}],\"inLanguage\":\"es\"},{\"@type\":\"Person\",\"@id\":\"https:\\\/\\\/elotroenfoque.mx\\\/#\\\/schema\\\/person\\\/cfdbef2ce76d35f5149a5a280be0454e\",\"name\":\"Alfonso Machuca\",\"image\":{\"@type\":\"ImageObject\",\"inLanguage\":\"es\",\"@id\":\"https:\\\/\\\/secure.gravatar.com\\\/avatar\\\/c23d1f3244f209f74263ab0ddc5e936d0c390ea282305a80e8f0cf7892f3566a?s=96&d=mm&r=g\",\"url\":\"https:\\\/\\\/secure.gravatar.com\\\/avatar\\\/c23d1f3244f209f74263ab0ddc5e936d0c390ea282305a80e8f0cf7892f3566a?s=96&d=mm&r=g\",\"contentUrl\":\"https:\\\/\\\/secure.gravatar.com\\\/avatar\\\/c23d1f3244f209f74263ab0ddc5e936d0c390ea282305a80e8f0cf7892f3566a?s=96&d=mm&r=g\",\"caption\":\"Alfonso Machuca\"},\"url\":\"https:\\\/\\\/elotroenfoque.mx\\\/index.php\\\/author\\\/amachuca\\\/\"}]}<\/script>\n<!-- \/ Yoast SEO plugin. -->","yoast_head_json":{"title":"LA FERIA QUE SE APLAUDI\u00d3 SOLA - El otro enfoque","description":"El Comit\u00e9 de la Feria de Silao fue felicitado por sus resultados, pero las cuentas, contratos e ingresos del evento siguen sin ser p\u00fablicos.","robots":{"index":"index","follow":"follow","max-snippet":"max-snippet:-1","max-image-preview":"max-image-preview:large","max-video-preview":"max-video-preview:-1"},"canonical":"https:\/\/elotroenfoque.mx\/index.php\/2026\/09\/03\/la-feria-que-se-aplaudio-sola\/","og_locale":"es_MX","og_type":"article","og_title":"LA FERIA QUE SE APLAUDI\u00d3 SOLA - El otro enfoque","og_description":"El Comit\u00e9 de la Feria de Silao fue felicitado por sus resultados, pero las cuentas, contratos e ingresos del evento siguen sin ser p\u00fablicos.","og_url":"https:\/\/elotroenfoque.mx\/index.php\/2026\/09\/03\/la-feria-que-se-aplaudio-sola\/","og_site_name":"El otro enfoque","article_published_time":"2026-09-04T05:07:53+00:00","og_image":[{"width":1122,"height":1402,"url":"https:\/\/elotroenfoque.mx\/wp-content\/uploads\/2026\/07\/columna-alfonso.jpeg","type":"image\/jpeg"}],"author":"Alfonso Machuca","twitter_card":"summary_large_image","twitter_misc":{"Escrito por":"Alfonso Machuca","Tiempo de lectura":"3 minutos"},"schema":{"@context":"https:\/\/schema.org","@graph":[{"@type":"Article","@id":"https:\/\/elotroenfoque.mx\/index.php\/2026\/09\/03\/la-feria-que-se-aplaudio-sola\/#article","isPartOf":{"@id":"https:\/\/elotroenfoque.mx\/index.php\/2026\/09\/03\/la-feria-que-se-aplaudio-sola\/"},"author":{"name":"Alfonso Machuca","@id":"https:\/\/elotroenfoque.mx\/#\/schema\/person\/cfdbef2ce76d35f5149a5a280be0454e"},"headline":"LA FERIA QUE SE APLAUDI\u00d3 SOLA","datePublished":"2026-09-04T05:07:53+00:00","mainEntityOfPage":{"@id":"https:\/\/elotroenfoque.mx\/index.php\/2026\/09\/03\/la-feria-que-se-aplaudio-sola\/"},"wordCount":571,"image":{"@id":"https:\/\/elotroenfoque.mx\/index.php\/2026\/09\/03\/la-feria-que-se-aplaudio-sola\/#primaryimage"},"thumbnailUrl":"https:\/\/elotroenfoque.mx\/wp-content\/uploads\/2026\/07\/columna-alfonso.jpeg","keywords":["Guanajuato","Noticias Guanajuato","Noticias Silao"],"articleSection":["Alfonso Machuca","Alfonso Machuca","Columnistas"],"inLanguage":"es"},{"@type":"WebPage","@id":"https:\/\/elotroenfoque.mx\/index.php\/2026\/09\/03\/la-feria-que-se-aplaudio-sola\/","url":"https:\/\/elotroenfoque.mx\/index.php\/2026\/09\/03\/la-feria-que-se-aplaudio-sola\/","name":"LA FERIA QUE SE APLAUDI\u00d3 SOLA - El otro enfoque","isPartOf":{"@id":"https:\/\/elotroenfoque.mx\/#website"},"primaryImageOfPage":{"@id":"https:\/\/elotroenfoque.mx\/index.php\/2026\/09\/03\/la-feria-que-se-aplaudio-sola\/#primaryimage"},"image":{"@id":"https:\/\/elotroenfoque.mx\/index.php\/2026\/09\/03\/la-feria-que-se-aplaudio-sola\/#primaryimage"},"thumbnailUrl":"https:\/\/elotroenfoque.mx\/wp-content\/uploads\/2026\/07\/columna-alfonso.jpeg","datePublished":"2026-09-04T05:07:53+00:00","author":{"@id":"https:\/\/elotroenfoque.mx\/#\/schema\/person\/cfdbef2ce76d35f5149a5a280be0454e"},"description":"El Comit\u00e9 de la Feria de Silao fue felicitado por sus resultados, pero las cuentas, contratos e ingresos del evento siguen sin ser p\u00fablicos.","breadcrumb":{"@id":"https:\/\/elotroenfoque.mx\/index.php\/2026\/09\/03\/la-feria-que-se-aplaudio-sola\/#breadcrumb"},"inLanguage":"es","potentialAction":[{"@type":"ReadAction","target":["https:\/\/elotroenfoque.mx\/index.php\/2026\/09\/03\/la-feria-que-se-aplaudio-sola\/"]}]},{"@type":"ImageObject","inLanguage":"es","@id":"https:\/\/elotroenfoque.mx\/index.php\/2026\/09\/03\/la-feria-que-se-aplaudio-sola\/#primaryimage","url":"https:\/\/elotroenfoque.mx\/wp-content\/uploads\/2026\/07\/columna-alfonso.jpeg","contentUrl":"https:\/\/elotroenfoque.mx\/wp-content\/uploads\/2026\/07\/columna-alfonso.jpeg","width":1122,"height":1402},{"@type":"BreadcrumbList","@id":"https:\/\/elotroenfoque.mx\/index.php\/2026\/09\/03\/la-feria-que-se-aplaudio-sola\/#breadcrumb","itemListElement":[{"@type":"ListItem","position":1,"name":"Portada","item":"https:\/\/elotroenfoque.mx\/"},{"@type":"ListItem","position":2,"name":"LA FERIA QUE SE APLAUDI\u00d3 SOLA"}]},{"@type":"WebSite","@id":"https:\/\/elotroenfoque.mx\/#website","url":"https:\/\/elotroenfoque.mx\/","name":"El otro enfoque","description":"","potentialAction":[{"@type":"SearchAction","target":{"@type":"EntryPoint","urlTemplate":"https:\/\/elotroenfoque.mx\/?s={search_term_string}"},"query-input":{"@type":"PropertyValueSpecification","valueRequired":true,"valueName":"search_term_string"}}],"inLanguage":"es"},{"@type":"Person","@id":"https:\/\/elotroenfoque.mx\/#\/schema\/person\/cfdbef2ce76d35f5149a5a280be0454e","name":"Alfonso Machuca","image":{"@type":"ImageObject","inLanguage":"es","@id":"https:\/\/secure.gravatar.com\/avatar\/c23d1f3244f209f74263ab0ddc5e936d0c390ea282305a80e8f0cf7892f3566a?s=96&d=mm&r=g","url":"https:\/\/secure.gravatar.com\/avatar\/c23d1f3244f209f74263ab0ddc5e936d0c390ea282305a80e8f0cf7892f3566a?s=96&d=mm&r=g","contentUrl":"https:\/\/secure.gravatar.com\/avatar\/c23d1f3244f209f74263ab0ddc5e936d0c390ea282305a80e8f0cf7892f3566a?s=96&d=mm&r=g","caption":"Alfonso Machuca"},"url":"https:\/\/elotroenfoque.mx\/index.php\/author\/amachuca\/"}]}},"_links":{"self":[{"href":"https:\/\/elotroenfoque.mx\/index.php\/wp-json\/wp\/v2\/posts\/195592","targetHints":{"allow":["GET"]}}],"collection":[{"href":"https:\/\/elotroenfoque.mx\/index.php\/wp-json\/wp\/v2\/posts"}],"about":[{"href":"https:\/\/elotroenfoque.mx\/index.php\/wp-json\/wp\/v2\/types\/post"}],"author":[{"embeddable":true,"href":"https:\/\/elotroenfoque.mx\/index.php\/wp-json\/wp\/v2\/users\/3"}],"replies":[{"embeddable":true,"href":"https:\/\/elotroenfoque.mx\/index.php\/wp-json\/wp\/v2\/comments?post=195592"}],"version-history":[{"count":2,"href":"https:\/\/elotroenfoque.mx\/index.php\/wp-json\/wp\/v2\/posts\/195592\/revisions"}],"predecessor-version":[{"id":195595,"href":"https:\/\/elotroenfoque.mx\/index.php\/wp-json\/wp\/v2\/posts\/195592\/revisions\/195595"}],"wp:featuredmedia":[{"embeddable":true,"href":"https:\/\/elotroenfoque.mx\/index.php\/wp-json\/wp\/v2\/media\/192153"}],"wp:attachment":[{"href":"https:\/\/elotroenfoque.mx\/index.php\/wp-json\/wp\/v2\/media?parent=195592"}],"wp:term":[{"taxonomy":"category","embeddable":true,"href":"https:\/\/elotroenfoque.mx\/index.php\/wp-json\/wp\/v2\/categories?post=195592"},{"taxonomy":"post_tag","embeddable":true,"href":"https:\/\/elotroenfoque.mx\/index.php\/wp-json\/wp\/v2\/tags?post=195592"}],"curies":[{"name":"wp","href":"https:\/\/api.w.org\/{rel}","templated":true}]}}