{"id":195609,"date":"2026-09-04T10:17:39","date_gmt":"2026-09-04T16:17:39","guid":{"rendered":"https:\/\/elotroenfoque.mx\/?p=195609"},"modified":"2026-09-04T10:17:40","modified_gmt":"2026-09-04T16:17:40","slug":"tras-inspeccion-guardia-nacional-y-policia-de-celaya-recuperan-vehiculo-de-carga","status":"publish","type":"post","link":"https:\/\/elotroenfoque.mx\/index.php\/2026\/09\/04\/tras-inspeccion-guardia-nacional-y-policia-de-celaya-recuperan-vehiculo-de-carga\/","title":{"rendered":"Tras inspecci\u00f3n, Guardia Nacional y Polic\u00eda de Celaya recuperan veh\u00edculo de carga"},"content":{"rendered":"\n<p class=\"wp-block-paragraph\">Elementos de la Guardia Nacional y Seguridad P\u00fablica de Celaya localizaron y resguardaron un veh\u00edculo de carga que, de forma extraoficial, cuenta con reporte de robo, esto en la comunidad Elguera de Celaya.<\/p>\n\n\n\n<p class=\"wp-block-paragraph\">Los hechos se reportaron despu\u00e9s de las 9:30 de la ma\u00f1ana de este viernes, cuando elementos federales y municipales acudieron a la calle Miguel Hidalgo y Ni\u00f1os H\u00e9roes, donde estaba estacionado un cami\u00f3n de carga tipo torton.<\/p>\n\n\n\n<p class=\"wp-block-paragraph\">Tambi\u00e9n lee: <strong><a href=\"https:\/\/elotroenfoque.mx\/index.php\/2026\/09\/04\/melanie-evita-aclarar-situacion-del-black-corner\/\">Melanie evita aclarar situaci\u00f3n del Black Corner<\/a><\/strong><\/p>\n\n\n\n<figure class=\"wp-block-image size-large\"><img loading=\"lazy\" decoding=\"async\" width=\"1024\" height=\"768\" src=\"https:\/\/elotroenfoque.mx\/wp-content\/uploads\/2026\/09\/recuperan-vehiculo-de-carga-en-celaya-2-1024x768.jpeg\" alt=\"\" class=\"wp-image-195611\" srcset=\"https:\/\/elotroenfoque.mx\/wp-content\/uploads\/2026\/09\/recuperan-vehiculo-de-carga-en-celaya-2-1024x768.jpeg 1024w, https:\/\/elotroenfoque.mx\/wp-content\/uploads\/2026\/09\/recuperan-vehiculo-de-carga-en-celaya-2-300x225.jpeg 300w, https:\/\/elotroenfoque.mx\/wp-content\/uploads\/2026\/09\/recuperan-vehiculo-de-carga-en-celaya-2-768x576.jpeg 768w, https:\/\/elotroenfoque.mx\/wp-content\/uploads\/2026\/09\/recuperan-vehiculo-de-carga-en-celaya-2-1536x1152.jpeg 1536w, https:\/\/elotroenfoque.mx\/wp-content\/uploads\/2026\/09\/recuperan-vehiculo-de-carga-en-celaya-2.jpeg 1600w\" sizes=\"auto, (max-width: 1024px) 100vw, 1024px\" \/><\/figure>\n\n\n\n<p class=\"wp-block-paragraph\">Tras la inspecci\u00f3n del veh\u00edculo sospechoso, se comprob\u00f3 que ten\u00eda irregularidad y por ello procedieron a resguardar el veh\u00edculo a la espera de la Fiscal\u00eda General de Justicia.<\/p>\n\n\n\n<p class=\"wp-block-paragraph\">Hasta el momento no se cuenta con mayor informaci\u00f3n sobre detenciones o m\u00e1s resguardos en la zona.<\/p>\n\n\n\n<p class=\"wp-block-paragraph\"><strong><a href=\"https:\/\/www.tiktok.com\/@elotroenfoque\">Sigue tambi\u00e9n las noticias en TikTok<\/a><\/strong><\/p>\n\n\n\n<p class=\"wp-block-paragraph\"><\/p>\n","protected":false},"excerpt":{"rendered":"<p>Elementos de la Guardia Nacional y Seguridad P\u00fablica de Celaya localizaron y resguardaron un veh\u00edculo de carga que, de forma extraoficial, cuenta con reporte de robo, esto en la comunidad Elguera de Celaya. Los hechos se reportaron despu\u00e9s de las 9:30 de la ma\u00f1ana de este viernes, cuando elementos federales y municipales acudieron a la&#8230;<\/p>\n","protected":false},"author":4,"featured_media":195610,"comment_status":"closed","ping_status":"open","sticky":false,"template":"","format":"standard","meta":{"footnotes":""},"categories":[8],"tags":[13,4517],"class_list":["post-195609","post","type-post","status-publish","format-standard","has-post-thumbnail","hentry","category-desenfoques","tag-guanajuato","tag-noticias-guanajuato"],"yoast_head":"<!-- This site is optimized with the Yoast SEO plugin v28.2 - https:\/\/yoast.com\/product\/yoast-seo-wordpress\/ -->\n<title>Tras inspecci\u00f3n, Guardia Nacional y Polic\u00eda de Celaya recuperan veh\u00edculo de carga - El otro enfoque<\/title>\n<meta name=\"description\" content=\"Guardia Nacional y Seguridad P\u00fablica localizaron un veh\u00edculo de carga con presunto reporte de robo en la comunidad Elguera de Celaya.\" \/>\n<meta name=\"robots\" content=\"index, follow, max-snippet:-1, max-image-preview:large, max-video-preview:-1\" \/>\n<link rel=\"canonical\" href=\"https:\/\/elotroenfoque.mx\/index.php\/2026\/09\/04\/tras-inspeccion-guardia-nacional-y-policia-de-celaya-recuperan-vehiculo-de-carga\/\" \/>\n<meta property=\"og:locale\" content=\"es_MX\" \/>\n<meta property=\"og:type\" content=\"article\" \/>\n<meta property=\"og:title\" content=\"Tras inspecci\u00f3n, Guardia Nacional y Polic\u00eda de Celaya recuperan veh\u00edculo de carga - El otro enfoque\" \/>\n<meta property=\"og:description\" content=\"Guardia Nacional y Seguridad P\u00fablica localizaron un veh\u00edculo de carga con presunto reporte de robo en la comunidad Elguera de Celaya.\" \/>\n<meta property=\"og:url\" content=\"https:\/\/elotroenfoque.mx\/index.php\/2026\/09\/04\/tras-inspeccion-guardia-nacional-y-policia-de-celaya-recuperan-vehiculo-de-carga\/\" \/>\n<meta property=\"og:site_name\" content=\"El otro enfoque\" \/>\n<meta property=\"article:published_time\" content=\"2026-09-04T16:17:39+00:00\" \/>\n<meta property=\"article:modified_time\" content=\"2026-09-04T16:17:40+00:00\" \/>\n<meta property=\"og:image\" content=\"https:\/\/elotroenfoque.mx\/wp-content\/uploads\/2026\/09\/recuperan-vehiculo-de-carga-en-celaya-1.jpeg\" \/>\n\t<meta property=\"og:image:width\" content=\"1600\" \/>\n\t<meta property=\"og:image:height\" content=\"1200\" \/>\n\t<meta property=\"og:image:type\" content=\"image\/jpeg\" \/>\n<meta name=\"author\" content=\"Equipo Redaccion\" \/>\n<meta name=\"twitter:card\" content=\"summary_large_image\" \/>\n<meta name=\"twitter:label1\" content=\"Escrito por\" \/>\n\t<meta name=\"twitter:data1\" content=\"Equipo Redaccion\" \/>\n\t<meta name=\"twitter:label2\" content=\"Tiempo de lectura\" \/>\n\t<meta name=\"twitter:data2\" content=\"1 minuto\" \/>\n<script type=\"application\/ld+json\" class=\"yoast-schema-graph\">{\"@context\":\"https:\\\/\\\/schema.org\",\"@graph\":[{\"@type\":\"Article\",\"@id\":\"https:\\\/\\\/elotroenfoque.mx\\\/index.php\\\/2026\\\/09\\\/04\\\/tras-inspeccion-guardia-nacional-y-policia-de-celaya-recuperan-vehiculo-de-carga\\\/#article\",\"isPartOf\":{\"@id\":\"https:\\\/\\\/elotroenfoque.mx\\\/index.php\\\/2026\\\/09\\\/04\\\/tras-inspeccion-guardia-nacional-y-policia-de-celaya-recuperan-vehiculo-de-carga\\\/\"},\"author\":{\"name\":\"Equipo Redaccion\",\"@id\":\"https:\\\/\\\/elotroenfoque.mx\\\/#\\\/schema\\\/person\\\/8eb322f84d0bd9f337e462905519a1ae\"},\"headline\":\"Tras inspecci\u00f3n, Guardia Nacional y Polic\u00eda de Celaya recuperan veh\u00edculo de carga\",\"datePublished\":\"2026-09-04T16:17:39+00:00\",\"dateModified\":\"2026-09-04T16:17:40+00:00\",\"mainEntityOfPage\":{\"@id\":\"https:\\\/\\\/elotroenfoque.mx\\\/index.php\\\/2026\\\/09\\\/04\\\/tras-inspeccion-guardia-nacional-y-policia-de-celaya-recuperan-vehiculo-de-carga\\\/\"},\"wordCount\":161,\"image\":{\"@id\":\"https:\\\/\\\/elotroenfoque.mx\\\/index.php\\\/2026\\\/09\\\/04\\\/tras-inspeccion-guardia-nacional-y-policia-de-celaya-recuperan-vehiculo-de-carga\\\/#primaryimage\"},\"thumbnailUrl\":\"https:\\\/\\\/elotroenfoque.mx\\\/wp-content\\\/uploads\\\/2026\\\/09\\\/recuperan-vehiculo-de-carga-en-celaya-1.jpeg\",\"keywords\":[\"Guanajuato\",\"Noticias Guanajuato\"],\"articleSection\":[\"Desenfoques\"],\"inLanguage\":\"es\"},{\"@type\":\"WebPage\",\"@id\":\"https:\\\/\\\/elotroenfoque.mx\\\/index.php\\\/2026\\\/09\\\/04\\\/tras-inspeccion-guardia-nacional-y-policia-de-celaya-recuperan-vehiculo-de-carga\\\/\",\"url\":\"https:\\\/\\\/elotroenfoque.mx\\\/index.php\\\/2026\\\/09\\\/04\\\/tras-inspeccion-guardia-nacional-y-policia-de-celaya-recuperan-vehiculo-de-carga\\\/\",\"name\":\"Tras inspecci\u00f3n, Guardia Nacional y Polic\u00eda de Celaya recuperan veh\u00edculo de carga - El otro enfoque\",\"isPartOf\":{\"@id\":\"https:\\\/\\\/elotroenfoque.mx\\\/#website\"},\"primaryImageOfPage\":{\"@id\":\"https:\\\/\\\/elotroenfoque.mx\\\/index.php\\\/2026\\\/09\\\/04\\\/tras-inspeccion-guardia-nacional-y-policia-de-celaya-recuperan-vehiculo-de-carga\\\/#primaryimage\"},\"image\":{\"@id\":\"https:\\\/\\\/elotroenfoque.mx\\\/index.php\\\/2026\\\/09\\\/04\\\/tras-inspeccion-guardia-nacional-y-policia-de-celaya-recuperan-vehiculo-de-carga\\\/#primaryimage\"},\"thumbnailUrl\":\"https:\\\/\\\/elotroenfoque.mx\\\/wp-content\\\/uploads\\\/2026\\\/09\\\/recuperan-vehiculo-de-carga-en-celaya-1.jpeg\",\"datePublished\":\"2026-09-04T16:17:39+00:00\",\"dateModified\":\"2026-09-04T16:17:40+00:00\",\"author\":{\"@id\":\"https:\\\/\\\/elotroenfoque.mx\\\/#\\\/schema\\\/person\\\/8eb322f84d0bd9f337e462905519a1ae\"},\"description\":\"Guardia Nacional y Seguridad P\u00fablica localizaron un veh\u00edculo de carga con presunto reporte de robo en la comunidad Elguera de Celaya.\",\"breadcrumb\":{\"@id\":\"https:\\\/\\\/elotroenfoque.mx\\\/index.php\\\/2026\\\/09\\\/04\\\/tras-inspeccion-guardia-nacional-y-policia-de-celaya-recuperan-vehiculo-de-carga\\\/#breadcrumb\"},\"inLanguage\":\"es\",\"potentialAction\":[{\"@type\":\"ReadAction\",\"target\":[\"https:\\\/\\\/elotroenfoque.mx\\\/index.php\\\/2026\\\/09\\\/04\\\/tras-inspeccion-guardia-nacional-y-policia-de-celaya-recuperan-vehiculo-de-carga\\\/\"]}]},{\"@type\":\"ImageObject\",\"inLanguage\":\"es\",\"@id\":\"https:\\\/\\\/elotroenfoque.mx\\\/index.php\\\/2026\\\/09\\\/04\\\/tras-inspeccion-guardia-nacional-y-policia-de-celaya-recuperan-vehiculo-de-carga\\\/#primaryimage\",\"url\":\"https:\\\/\\\/elotroenfoque.mx\\\/wp-content\\\/uploads\\\/2026\\\/09\\\/recuperan-vehiculo-de-carga-en-celaya-1.jpeg\",\"contentUrl\":\"https:\\\/\\\/elotroenfoque.mx\\\/wp-content\\\/uploads\\\/2026\\\/09\\\/recuperan-vehiculo-de-carga-en-celaya-1.jpeg\",\"width\":1600,\"height\":1200},{\"@type\":\"BreadcrumbList\",\"@id\":\"https:\\\/\\\/elotroenfoque.mx\\\/index.php\\\/2026\\\/09\\\/04\\\/tras-inspeccion-guardia-nacional-y-policia-de-celaya-recuperan-vehiculo-de-carga\\\/#breadcrumb\",\"itemListElement\":[{\"@type\":\"ListItem\",\"position\":1,\"name\":\"Portada\",\"item\":\"https:\\\/\\\/elotroenfoque.mx\\\/\"},{\"@type\":\"ListItem\",\"position\":2,\"name\":\"Tras inspecci\u00f3n, Guardia Nacional y Polic\u00eda de Celaya recuperan veh\u00edculo de carga\"}]},{\"@type\":\"WebSite\",\"@id\":\"https:\\\/\\\/elotroenfoque.mx\\\/#website\",\"url\":\"https:\\\/\\\/elotroenfoque.mx\\\/\",\"name\":\"El otro enfoque\",\"description\":\"\",\"potentialAction\":[{\"@type\":\"SearchAction\",\"target\":{\"@type\":\"EntryPoint\",\"urlTemplate\":\"https:\\\/\\\/elotroenfoque.mx\\\/?s={search_term_string}\"},\"query-input\":{\"@type\":\"PropertyValueSpecification\",\"valueRequired\":true,\"valueName\":\"search_term_string\"}}],\"inLanguage\":\"es\"},{\"@type\":\"Person\",\"@id\":\"https:\\\/\\\/elotroenfoque.mx\\\/#\\\/schema\\\/person\\\/8eb322f84d0bd9f337e462905519a1ae\",\"name\":\"Equipo Redaccion\",\"image\":{\"@type\":\"ImageObject\",\"inLanguage\":\"es\",\"@id\":\"https:\\\/\\\/secure.gravatar.com\\\/avatar\\\/3579478e2b4e7aad364a32b26cf744b360ae0e581ee1cd0cb18a8f239ee49ac4?s=96&d=mm&r=g\",\"url\":\"https:\\\/\\\/secure.gravatar.com\\\/avatar\\\/3579478e2b4e7aad364a32b26cf744b360ae0e581ee1cd0cb18a8f239ee49ac4?s=96&d=mm&r=g\",\"contentUrl\":\"https:\\\/\\\/secure.gravatar.com\\\/avatar\\\/3579478e2b4e7aad364a32b26cf744b360ae0e581ee1cd0cb18a8f239ee49ac4?s=96&d=mm&r=g\",\"caption\":\"Equipo Redaccion\"},\"url\":\"https:\\\/\\\/elotroenfoque.mx\\\/index.php\\\/author\\\/redaccion\\\/\"}]}<\/script>\n<!-- \/ Yoast SEO plugin. -->","yoast_head_json":{"title":"Tras inspecci\u00f3n, Guardia Nacional y Polic\u00eda de Celaya recuperan veh\u00edculo de carga - El otro enfoque","description":"Guardia Nacional y Seguridad P\u00fablica localizaron un veh\u00edculo de carga con presunto reporte de robo en la comunidad Elguera de Celaya.","robots":{"index":"index","follow":"follow","max-snippet":"max-snippet:-1","max-image-preview":"max-image-preview:large","max-video-preview":"max-video-preview:-1"},"canonical":"https:\/\/elotroenfoque.mx\/index.php\/2026\/09\/04\/tras-inspeccion-guardia-nacional-y-policia-de-celaya-recuperan-vehiculo-de-carga\/","og_locale":"es_MX","og_type":"article","og_title":"Tras inspecci\u00f3n, Guardia Nacional y Polic\u00eda de Celaya recuperan veh\u00edculo de carga - El otro enfoque","og_description":"Guardia Nacional y Seguridad P\u00fablica localizaron un veh\u00edculo de carga con presunto reporte de robo en la comunidad Elguera de Celaya.","og_url":"https:\/\/elotroenfoque.mx\/index.php\/2026\/09\/04\/tras-inspeccion-guardia-nacional-y-policia-de-celaya-recuperan-vehiculo-de-carga\/","og_site_name":"El otro enfoque","article_published_time":"2026-09-04T16:17:39+00:00","article_modified_time":"2026-09-04T16:17:40+00:00","og_image":[{"width":1600,"height":1200,"url":"https:\/\/elotroenfoque.mx\/wp-content\/uploads\/2026\/09\/recuperan-vehiculo-de-carga-en-celaya-1.jpeg","type":"image\/jpeg"}],"author":"Equipo Redaccion","twitter_card":"summary_large_image","twitter_misc":{"Escrito por":"Equipo Redaccion","Tiempo de lectura":"1 minuto"},"schema":{"@context":"https:\/\/schema.org","@graph":[{"@type":"Article","@id":"https:\/\/elotroenfoque.mx\/index.php\/2026\/09\/04\/tras-inspeccion-guardia-nacional-y-policia-de-celaya-recuperan-vehiculo-de-carga\/#article","isPartOf":{"@id":"https:\/\/elotroenfoque.mx\/index.php\/2026\/09\/04\/tras-inspeccion-guardia-nacional-y-policia-de-celaya-recuperan-vehiculo-de-carga\/"},"author":{"name":"Equipo Redaccion","@id":"https:\/\/elotroenfoque.mx\/#\/schema\/person\/8eb322f84d0bd9f337e462905519a1ae"},"headline":"Tras inspecci\u00f3n, Guardia Nacional y Polic\u00eda de Celaya recuperan veh\u00edculo de carga","datePublished":"2026-09-04T16:17:39+00:00","dateModified":"2026-09-04T16:17:40+00:00","mainEntityOfPage":{"@id":"https:\/\/elotroenfoque.mx\/index.php\/2026\/09\/04\/tras-inspeccion-guardia-nacional-y-policia-de-celaya-recuperan-vehiculo-de-carga\/"},"wordCount":161,"image":{"@id":"https:\/\/elotroenfoque.mx\/index.php\/2026\/09\/04\/tras-inspeccion-guardia-nacional-y-policia-de-celaya-recuperan-vehiculo-de-carga\/#primaryimage"},"thumbnailUrl":"https:\/\/elotroenfoque.mx\/wp-content\/uploads\/2026\/09\/recuperan-vehiculo-de-carga-en-celaya-1.jpeg","keywords":["Guanajuato","Noticias Guanajuato"],"articleSection":["Desenfoques"],"inLanguage":"es"},{"@type":"WebPage","@id":"https:\/\/elotroenfoque.mx\/index.php\/2026\/09\/04\/tras-inspeccion-guardia-nacional-y-policia-de-celaya-recuperan-vehiculo-de-carga\/","url":"https:\/\/elotroenfoque.mx\/index.php\/2026\/09\/04\/tras-inspeccion-guardia-nacional-y-policia-de-celaya-recuperan-vehiculo-de-carga\/","name":"Tras inspecci\u00f3n, Guardia Nacional y Polic\u00eda de Celaya recuperan veh\u00edculo de carga - El otro enfoque","isPartOf":{"@id":"https:\/\/elotroenfoque.mx\/#website"},"primaryImageOfPage":{"@id":"https:\/\/elotroenfoque.mx\/index.php\/2026\/09\/04\/tras-inspeccion-guardia-nacional-y-policia-de-celaya-recuperan-vehiculo-de-carga\/#primaryimage"},"image":{"@id":"https:\/\/elotroenfoque.mx\/index.php\/2026\/09\/04\/tras-inspeccion-guardia-nacional-y-policia-de-celaya-recuperan-vehiculo-de-carga\/#primaryimage"},"thumbnailUrl":"https:\/\/elotroenfoque.mx\/wp-content\/uploads\/2026\/09\/recuperan-vehiculo-de-carga-en-celaya-1.jpeg","datePublished":"2026-09-04T16:17:39+00:00","dateModified":"2026-09-04T16:17:40+00:00","author":{"@id":"https:\/\/elotroenfoque.mx\/#\/schema\/person\/8eb322f84d0bd9f337e462905519a1ae"},"description":"Guardia Nacional y Seguridad P\u00fablica localizaron un veh\u00edculo de carga con presunto reporte de robo en la comunidad Elguera de Celaya.","breadcrumb":{"@id":"https:\/\/elotroenfoque.mx\/index.php\/2026\/09\/04\/tras-inspeccion-guardia-nacional-y-policia-de-celaya-recuperan-vehiculo-de-carga\/#breadcrumb"},"inLanguage":"es","potentialAction":[{"@type":"ReadAction","target":["https:\/\/elotroenfoque.mx\/index.php\/2026\/09\/04\/tras-inspeccion-guardia-nacional-y-policia-de-celaya-recuperan-vehiculo-de-carga\/"]}]},{"@type":"ImageObject","inLanguage":"es","@id":"https:\/\/elotroenfoque.mx\/index.php\/2026\/09\/04\/tras-inspeccion-guardia-nacional-y-policia-de-celaya-recuperan-vehiculo-de-carga\/#primaryimage","url":"https:\/\/elotroenfoque.mx\/wp-content\/uploads\/2026\/09\/recuperan-vehiculo-de-carga-en-celaya-1.jpeg","contentUrl":"https:\/\/elotroenfoque.mx\/wp-content\/uploads\/2026\/09\/recuperan-vehiculo-de-carga-en-celaya-1.jpeg","width":1600,"height":1200},{"@type":"BreadcrumbList","@id":"https:\/\/elotroenfoque.mx\/index.php\/2026\/09\/04\/tras-inspeccion-guardia-nacional-y-policia-de-celaya-recuperan-vehiculo-de-carga\/#breadcrumb","itemListElement":[{"@type":"ListItem","position":1,"name":"Portada","item":"https:\/\/elotroenfoque.mx\/"},{"@type":"ListItem","position":2,"name":"Tras inspecci\u00f3n, Guardia Nacional y Polic\u00eda de Celaya recuperan veh\u00edculo de carga"}]},{"@type":"WebSite","@id":"https:\/\/elotroenfoque.mx\/#website","url":"https:\/\/elotroenfoque.mx\/","name":"El otro enfoque","description":"","potentialAction":[{"@type":"SearchAction","target":{"@type":"EntryPoint","urlTemplate":"https:\/\/elotroenfoque.mx\/?s={search_term_string}"},"query-input":{"@type":"PropertyValueSpecification","valueRequired":true,"valueName":"search_term_string"}}],"inLanguage":"es"},{"@type":"Person","@id":"https:\/\/elotroenfoque.mx\/#\/schema\/person\/8eb322f84d0bd9f337e462905519a1ae","name":"Equipo Redaccion","image":{"@type":"ImageObject","inLanguage":"es","@id":"https:\/\/secure.gravatar.com\/avatar\/3579478e2b4e7aad364a32b26cf744b360ae0e581ee1cd0cb18a8f239ee49ac4?s=96&d=mm&r=g","url":"https:\/\/secure.gravatar.com\/avatar\/3579478e2b4e7aad364a32b26cf744b360ae0e581ee1cd0cb18a8f239ee49ac4?s=96&d=mm&r=g","contentUrl":"https:\/\/secure.gravatar.com\/avatar\/3579478e2b4e7aad364a32b26cf744b360ae0e581ee1cd0cb18a8f239ee49ac4?s=96&d=mm&r=g","caption":"Equipo Redaccion"},"url":"https:\/\/elotroenfoque.mx\/index.php\/author\/redaccion\/"}]}},"_links":{"self":[{"href":"https:\/\/elotroenfoque.mx\/index.php\/wp-json\/wp\/v2\/posts\/195609","targetHints":{"allow":["GET"]}}],"collection":[{"href":"https:\/\/elotroenfoque.mx\/index.php\/wp-json\/wp\/v2\/posts"}],"about":[{"href":"https:\/\/elotroenfoque.mx\/index.php\/wp-json\/wp\/v2\/types\/post"}],"author":[{"embeddable":true,"href":"https:\/\/elotroenfoque.mx\/index.php\/wp-json\/wp\/v2\/users\/4"}],"replies":[{"embeddable":true,"href":"https:\/\/elotroenfoque.mx\/index.php\/wp-json\/wp\/v2\/comments?post=195609"}],"version-history":[{"count":1,"href":"https:\/\/elotroenfoque.mx\/index.php\/wp-json\/wp\/v2\/posts\/195609\/revisions"}],"predecessor-version":[{"id":195612,"href":"https:\/\/elotroenfoque.mx\/index.php\/wp-json\/wp\/v2\/posts\/195609\/revisions\/195612"}],"wp:featuredmedia":[{"embeddable":true,"href":"https:\/\/elotroenfoque.mx\/index.php\/wp-json\/wp\/v2\/media\/195610"}],"wp:attachment":[{"href":"https:\/\/elotroenfoque.mx\/index.php\/wp-json\/wp\/v2\/media?parent=195609"}],"wp:term":[{"taxonomy":"category","embeddable":true,"href":"https:\/\/elotroenfoque.mx\/index.php\/wp-json\/wp\/v2\/categories?post=195609"},{"taxonomy":"post_tag","embeddable":true,"href":"https:\/\/elotroenfoque.mx\/index.php\/wp-json\/wp\/v2\/tags?post=195609"}],"curies":[{"name":"wp","href":"https:\/\/api.w.org\/{rel}","templated":true}]}}