{"id":195613,"date":"2026-09-04T11:28:06","date_gmt":"2026-09-04T17:28:06","guid":{"rendered":"https:\/\/elotroenfoque.mx\/?p=195613"},"modified":"2026-09-04T11:40:32","modified_gmt":"2026-09-04T17:40:32","slug":"entregan-a-menor-sobreviviente-del-caso-camilo-septimo-a-sus-familiares","status":"publish","type":"post","link":"https:\/\/elotroenfoque.mx\/index.php\/2026\/09\/04\/entregan-a-menor-sobreviviente-del-caso-camilo-septimo-a-sus-familiares\/","title":{"rendered":"Entregan a menor sobreviviente del caso Camilo S\u00e9ptimo a sus familiares"},"content":{"rendered":"\n<p class=\"wp-block-paragraph\">La secretaria de Gobernaci\u00f3n, Rosa Icela Rodr\u00edguez, confirm\u00f3 que la Comisi\u00f3n de V\u00edctimas y el DIF estatal atienden al menor sobreviviente de la tragedia en Atizap\u00e1n desde el primer momento. Adem\u00e1s, las autoridades federales est\u00e1n en contacto directo con sus familiares para darles todo el respaldo necesario por \u00f3rdenes de la Presidencia.<\/p>\n\n\n\n<p class=\"wp-block-paragraph\">Las autoridades entregaron al peque\u00f1o a sus familiares m\u00e1s cercanos despu\u00e9s de que elementos de la Marina y la Polic\u00eda lo encontraron a salvo en la casa. De momento, los psic\u00f3logos recomendaron que el ni\u00f1o no declare ante el Ministerio P\u00fablico para no lastimarlo emocionalmente tras lo vivido. Igualmente, las instituciones mantendr\u00e1n bajo reserva su nombre y el lugar donde vive para cuidar su seguridad en este caso de Camilo S\u00e9ptimo.<\/p>\n\n\n\n<p class=\"wp-block-paragraph\">Por ley, las autoridades del DIF tienen la obligaci\u00f3n de visitar al menor cada seis meses durante los pr\u00f3ximos tres a\u00f1os para revisar que est\u00e9 bien. <\/p>\n\n\n\n<p class=\"wp-block-paragraph\">Estas revisiones m\u00e9dicas y sociales sirven para comprobar que el ni\u00f1o crezca en un ambiente seguro y reciba la atenci\u00f3n psicol\u00f3gica que necesita. Asimismo, los especialistas dar\u00e1n seguimiento a su desarrollo mientras avanza el proceso legal contra los agresores.<\/p>\n\n\n\n<p class=\"wp-block-paragraph\">Por su parte, el secretario de Seguridad, Omar Garc\u00eda Harfuch, explic\u00f3 que el m\u00fasico Jonathan Mel\u00e9ndez y el agresor ten\u00edan un negocio o sociedad en com\u00fan. <\/p>\n\n\n\n<p class=\"wp-block-paragraph\">El funcionario revel\u00f3 que el detenido ya hab\u00eda amenazado al artista y le estaba pidiendo dinero d\u00edas antes de que ocurriera el crimen. Sin embargo, los detalles exactos de esa deuda se mantendr\u00e1n en secreto para no arruinar la investigaci\u00f3n de la fiscal\u00eda estatal.<\/p>\n\n\n\n<p class=\"wp-block-paragraph\">La polic\u00eda logr\u00f3 detener a dos sospechosos menos de 12 horas despu\u00e9s del ataque en una respuesta r\u00e1pida de las fuerzas federales y locales. <\/p>\n\n\n\n<p class=\"wp-block-paragraph\">Tambi\u00e9n lee: <strong><a href=\"https:\/\/elotroenfoque.mx\/index.php\/2026\/09\/04\/tras-inspeccion-guardia-nacional-y-policia-de-celaya-recuperan-vehiculo-de-carga\/\">Tras inspecci\u00f3n, Guardia Nacional y Polic\u00eda de Celaya recuperan veh\u00edculo de carga<\/a><\/strong><\/p>\n\n\n\n<p class=\"wp-block-paragraph\">Por lo tanto, los investigadores contin\u00faan reuniendo pruebas para saber si hay m\u00e1s personas involucradas en este lamentable hecho. <\/p>\n\n\n\n<p class=\"wp-block-paragraph\">Tambi\u00e9n se confirm\u00f3 que el principal detenido ya ten\u00eda antecedentes, un dato que las autoridades est\u00e1n revisando a fondo dentro del caso Camilo S\u00e9ptimo.<\/p>\n\n\n\n<p class=\"wp-block-paragraph\">Finalmente, el testimonio del menor podr\u00eda ser utilizado m\u00e1s adelante en el juicio, una vez que los detenidos enfrenten formalmente a la justicia. Mientras tanto, las autoridades mexiquenses continuar\u00e1n monitoreando la vida del peque\u00f1o para asegurar que no quede desamparado tras esta tragedia.<\/p>\n\n\n\n<p class=\"wp-block-paragraph\"><strong><a href=\"https:\/\/www.tiktok.com\/@elotroenfoque\">Sigue tambi\u00e9n las noticias en TikTok<\/a><\/strong><\/p>\n","protected":false},"excerpt":{"rendered":"<p>La secretaria de Gobernaci\u00f3n, Rosa Icela Rodr\u00edguez, confirm\u00f3 que la Comisi\u00f3n de V\u00edctimas y el DIF estatal atienden al menor sobreviviente de la tragedia en Atizap\u00e1n desde el primer momento. Adem\u00e1s, las autoridades federales est\u00e1n en contacto directo con sus familiares para darles todo el respaldo necesario por \u00f3rdenes de la Presidencia. Las autoridades entregaron&#8230;<\/p>\n","protected":false},"author":4,"featured_media":195620,"comment_status":"closed","ping_status":"open","sticky":false,"template":"","format":"standard","meta":{"footnotes":""},"categories":[11],"tags":[13,4517],"class_list":["post-195613","post","type-post","status-publish","format-standard","has-post-thumbnail","hentry","category-otrasnoticias","tag-guanajuato","tag-noticias-guanajuato"],"yoast_head":"<!-- This site is optimized with the Yoast SEO plugin v28.2 - https:\/\/yoast.com\/product\/yoast-seo-wordpress\/ -->\n<title>Entregan a menor sobreviviente del caso Camilo S\u00e9ptimo a sus familiares - El otro enfoque<\/title>\n<meta name=\"description\" content=\"Las autoridades dan apoyo integral al ni\u00f1o de seis a\u00f1os sobreviviente en el caso Camilo S\u00e9ptimo tras la detenci\u00f3n de dos presuntos responsables.\" \/>\n<meta name=\"robots\" content=\"index, follow, max-snippet:-1, max-image-preview:large, max-video-preview:-1\" \/>\n<link rel=\"canonical\" href=\"https:\/\/elotroenfoque.mx\/index.php\/2026\/09\/04\/entregan-a-menor-sobreviviente-del-caso-camilo-septimo-a-sus-familiares\/\" \/>\n<meta property=\"og:locale\" content=\"es_MX\" \/>\n<meta property=\"og:type\" content=\"article\" \/>\n<meta property=\"og:title\" content=\"Entregan a menor sobreviviente del caso Camilo S\u00e9ptimo a sus familiares - El otro enfoque\" \/>\n<meta property=\"og:description\" content=\"Las autoridades dan apoyo integral al ni\u00f1o de seis a\u00f1os sobreviviente en el caso Camilo S\u00e9ptimo tras la detenci\u00f3n de dos presuntos responsables.\" \/>\n<meta property=\"og:url\" content=\"https:\/\/elotroenfoque.mx\/index.php\/2026\/09\/04\/entregan-a-menor-sobreviviente-del-caso-camilo-septimo-a-sus-familiares\/\" \/>\n<meta property=\"og:site_name\" content=\"El otro enfoque\" \/>\n<meta property=\"article:published_time\" content=\"2026-09-04T17:28:06+00:00\" \/>\n<meta property=\"article:modified_time\" content=\"2026-09-04T17:40:32+00:00\" \/>\n<meta property=\"og:image\" content=\"https:\/\/elotroenfoque.mx\/wp-content\/uploads\/2026\/09\/entregan-a-nino-a-familiares.jpeg\" \/>\n\t<meta property=\"og:image:width\" content=\"732\" \/>\n\t<meta property=\"og:image:height\" content=\"385\" \/>\n\t<meta property=\"og:image:type\" content=\"image\/jpeg\" \/>\n<meta name=\"author\" content=\"Equipo Redaccion\" \/>\n<meta name=\"twitter:card\" content=\"summary_large_image\" \/>\n<meta name=\"twitter:label1\" content=\"Escrito por\" \/>\n\t<meta name=\"twitter:data1\" content=\"Equipo Redaccion\" \/>\n\t<meta name=\"twitter:label2\" content=\"Tiempo de lectura\" \/>\n\t<meta name=\"twitter:data2\" content=\"2 minutos\" \/>\n<script type=\"application\/ld+json\" class=\"yoast-schema-graph\">{\"@context\":\"https:\\\/\\\/schema.org\",\"@graph\":[{\"@type\":\"Article\",\"@id\":\"https:\\\/\\\/elotroenfoque.mx\\\/index.php\\\/2026\\\/09\\\/04\\\/entregan-a-menor-sobreviviente-del-caso-camilo-septimo-a-sus-familiares\\\/#article\",\"isPartOf\":{\"@id\":\"https:\\\/\\\/elotroenfoque.mx\\\/index.php\\\/2026\\\/09\\\/04\\\/entregan-a-menor-sobreviviente-del-caso-camilo-septimo-a-sus-familiares\\\/\"},\"author\":{\"name\":\"Equipo Redaccion\",\"@id\":\"https:\\\/\\\/elotroenfoque.mx\\\/#\\\/schema\\\/person\\\/8eb322f84d0bd9f337e462905519a1ae\"},\"headline\":\"Entregan a menor sobreviviente del caso Camilo S\u00e9ptimo a sus familiares\",\"datePublished\":\"2026-09-04T17:28:06+00:00\",\"dateModified\":\"2026-09-04T17:40:32+00:00\",\"mainEntityOfPage\":{\"@id\":\"https:\\\/\\\/elotroenfoque.mx\\\/index.php\\\/2026\\\/09\\\/04\\\/entregan-a-menor-sobreviviente-del-caso-camilo-septimo-a-sus-familiares\\\/\"},\"wordCount\":451,\"image\":{\"@id\":\"https:\\\/\\\/elotroenfoque.mx\\\/index.php\\\/2026\\\/09\\\/04\\\/entregan-a-menor-sobreviviente-del-caso-camilo-septimo-a-sus-familiares\\\/#primaryimage\"},\"thumbnailUrl\":\"https:\\\/\\\/elotroenfoque.mx\\\/wp-content\\\/uploads\\\/2026\\\/09\\\/entregan-a-nino-a-familiares.jpeg\",\"keywords\":[\"Guanajuato\",\"Noticias Guanajuato\"],\"articleSection\":[\"Otras Noticias\"],\"inLanguage\":\"es\"},{\"@type\":\"WebPage\",\"@id\":\"https:\\\/\\\/elotroenfoque.mx\\\/index.php\\\/2026\\\/09\\\/04\\\/entregan-a-menor-sobreviviente-del-caso-camilo-septimo-a-sus-familiares\\\/\",\"url\":\"https:\\\/\\\/elotroenfoque.mx\\\/index.php\\\/2026\\\/09\\\/04\\\/entregan-a-menor-sobreviviente-del-caso-camilo-septimo-a-sus-familiares\\\/\",\"name\":\"Entregan a menor sobreviviente del caso Camilo S\u00e9ptimo a sus familiares - El otro enfoque\",\"isPartOf\":{\"@id\":\"https:\\\/\\\/elotroenfoque.mx\\\/#website\"},\"primaryImageOfPage\":{\"@id\":\"https:\\\/\\\/elotroenfoque.mx\\\/index.php\\\/2026\\\/09\\\/04\\\/entregan-a-menor-sobreviviente-del-caso-camilo-septimo-a-sus-familiares\\\/#primaryimage\"},\"image\":{\"@id\":\"https:\\\/\\\/elotroenfoque.mx\\\/index.php\\\/2026\\\/09\\\/04\\\/entregan-a-menor-sobreviviente-del-caso-camilo-septimo-a-sus-familiares\\\/#primaryimage\"},\"thumbnailUrl\":\"https:\\\/\\\/elotroenfoque.mx\\\/wp-content\\\/uploads\\\/2026\\\/09\\\/entregan-a-nino-a-familiares.jpeg\",\"datePublished\":\"2026-09-04T17:28:06+00:00\",\"dateModified\":\"2026-09-04T17:40:32+00:00\",\"author\":{\"@id\":\"https:\\\/\\\/elotroenfoque.mx\\\/#\\\/schema\\\/person\\\/8eb322f84d0bd9f337e462905519a1ae\"},\"description\":\"Las autoridades dan apoyo integral al ni\u00f1o de seis a\u00f1os sobreviviente en el caso Camilo S\u00e9ptimo tras la detenci\u00f3n de dos presuntos responsables.\",\"breadcrumb\":{\"@id\":\"https:\\\/\\\/elotroenfoque.mx\\\/index.php\\\/2026\\\/09\\\/04\\\/entregan-a-menor-sobreviviente-del-caso-camilo-septimo-a-sus-familiares\\\/#breadcrumb\"},\"inLanguage\":\"es\",\"potentialAction\":[{\"@type\":\"ReadAction\",\"target\":[\"https:\\\/\\\/elotroenfoque.mx\\\/index.php\\\/2026\\\/09\\\/04\\\/entregan-a-menor-sobreviviente-del-caso-camilo-septimo-a-sus-familiares\\\/\"]}]},{\"@type\":\"ImageObject\",\"inLanguage\":\"es\",\"@id\":\"https:\\\/\\\/elotroenfoque.mx\\\/index.php\\\/2026\\\/09\\\/04\\\/entregan-a-menor-sobreviviente-del-caso-camilo-septimo-a-sus-familiares\\\/#primaryimage\",\"url\":\"https:\\\/\\\/elotroenfoque.mx\\\/wp-content\\\/uploads\\\/2026\\\/09\\\/entregan-a-nino-a-familiares.jpeg\",\"contentUrl\":\"https:\\\/\\\/elotroenfoque.mx\\\/wp-content\\\/uploads\\\/2026\\\/09\\\/entregan-a-nino-a-familiares.jpeg\",\"width\":732,\"height\":385},{\"@type\":\"BreadcrumbList\",\"@id\":\"https:\\\/\\\/elotroenfoque.mx\\\/index.php\\\/2026\\\/09\\\/04\\\/entregan-a-menor-sobreviviente-del-caso-camilo-septimo-a-sus-familiares\\\/#breadcrumb\",\"itemListElement\":[{\"@type\":\"ListItem\",\"position\":1,\"name\":\"Portada\",\"item\":\"https:\\\/\\\/elotroenfoque.mx\\\/\"},{\"@type\":\"ListItem\",\"position\":2,\"name\":\"Entregan a menor sobreviviente del caso Camilo S\u00e9ptimo a sus familiares\"}]},{\"@type\":\"WebSite\",\"@id\":\"https:\\\/\\\/elotroenfoque.mx\\\/#website\",\"url\":\"https:\\\/\\\/elotroenfoque.mx\\\/\",\"name\":\"El otro enfoque\",\"description\":\"\",\"potentialAction\":[{\"@type\":\"SearchAction\",\"target\":{\"@type\":\"EntryPoint\",\"urlTemplate\":\"https:\\\/\\\/elotroenfoque.mx\\\/?s={search_term_string}\"},\"query-input\":{\"@type\":\"PropertyValueSpecification\",\"valueRequired\":true,\"valueName\":\"search_term_string\"}}],\"inLanguage\":\"es\"},{\"@type\":\"Person\",\"@id\":\"https:\\\/\\\/elotroenfoque.mx\\\/#\\\/schema\\\/person\\\/8eb322f84d0bd9f337e462905519a1ae\",\"name\":\"Equipo Redaccion\",\"image\":{\"@type\":\"ImageObject\",\"inLanguage\":\"es\",\"@id\":\"https:\\\/\\\/secure.gravatar.com\\\/avatar\\\/3579478e2b4e7aad364a32b26cf744b360ae0e581ee1cd0cb18a8f239ee49ac4?s=96&d=mm&r=g\",\"url\":\"https:\\\/\\\/secure.gravatar.com\\\/avatar\\\/3579478e2b4e7aad364a32b26cf744b360ae0e581ee1cd0cb18a8f239ee49ac4?s=96&d=mm&r=g\",\"contentUrl\":\"https:\\\/\\\/secure.gravatar.com\\\/avatar\\\/3579478e2b4e7aad364a32b26cf744b360ae0e581ee1cd0cb18a8f239ee49ac4?s=96&d=mm&r=g\",\"caption\":\"Equipo Redaccion\"},\"url\":\"https:\\\/\\\/elotroenfoque.mx\\\/index.php\\\/author\\\/redaccion\\\/\"}]}<\/script>\n<!-- \/ Yoast SEO plugin. -->","yoast_head_json":{"title":"Entregan a menor sobreviviente del caso Camilo S\u00e9ptimo a sus familiares - El otro enfoque","description":"Las autoridades dan apoyo integral al ni\u00f1o de seis a\u00f1os sobreviviente en el caso Camilo S\u00e9ptimo tras la detenci\u00f3n de dos presuntos responsables.","robots":{"index":"index","follow":"follow","max-snippet":"max-snippet:-1","max-image-preview":"max-image-preview:large","max-video-preview":"max-video-preview:-1"},"canonical":"https:\/\/elotroenfoque.mx\/index.php\/2026\/09\/04\/entregan-a-menor-sobreviviente-del-caso-camilo-septimo-a-sus-familiares\/","og_locale":"es_MX","og_type":"article","og_title":"Entregan a menor sobreviviente del caso Camilo S\u00e9ptimo a sus familiares - El otro enfoque","og_description":"Las autoridades dan apoyo integral al ni\u00f1o de seis a\u00f1os sobreviviente en el caso Camilo S\u00e9ptimo tras la detenci\u00f3n de dos presuntos responsables.","og_url":"https:\/\/elotroenfoque.mx\/index.php\/2026\/09\/04\/entregan-a-menor-sobreviviente-del-caso-camilo-septimo-a-sus-familiares\/","og_site_name":"El otro enfoque","article_published_time":"2026-09-04T17:28:06+00:00","article_modified_time":"2026-09-04T17:40:32+00:00","og_image":[{"width":732,"height":385,"url":"https:\/\/elotroenfoque.mx\/wp-content\/uploads\/2026\/09\/entregan-a-nino-a-familiares.jpeg","type":"image\/jpeg"}],"author":"Equipo Redaccion","twitter_card":"summary_large_image","twitter_misc":{"Escrito por":"Equipo Redaccion","Tiempo de lectura":"2 minutos"},"schema":{"@context":"https:\/\/schema.org","@graph":[{"@type":"Article","@id":"https:\/\/elotroenfoque.mx\/index.php\/2026\/09\/04\/entregan-a-menor-sobreviviente-del-caso-camilo-septimo-a-sus-familiares\/#article","isPartOf":{"@id":"https:\/\/elotroenfoque.mx\/index.php\/2026\/09\/04\/entregan-a-menor-sobreviviente-del-caso-camilo-septimo-a-sus-familiares\/"},"author":{"name":"Equipo Redaccion","@id":"https:\/\/elotroenfoque.mx\/#\/schema\/person\/8eb322f84d0bd9f337e462905519a1ae"},"headline":"Entregan a menor sobreviviente del caso Camilo S\u00e9ptimo a sus familiares","datePublished":"2026-09-04T17:28:06+00:00","dateModified":"2026-09-04T17:40:32+00:00","mainEntityOfPage":{"@id":"https:\/\/elotroenfoque.mx\/index.php\/2026\/09\/04\/entregan-a-menor-sobreviviente-del-caso-camilo-septimo-a-sus-familiares\/"},"wordCount":451,"image":{"@id":"https:\/\/elotroenfoque.mx\/index.php\/2026\/09\/04\/entregan-a-menor-sobreviviente-del-caso-camilo-septimo-a-sus-familiares\/#primaryimage"},"thumbnailUrl":"https:\/\/elotroenfoque.mx\/wp-content\/uploads\/2026\/09\/entregan-a-nino-a-familiares.jpeg","keywords":["Guanajuato","Noticias Guanajuato"],"articleSection":["Otras Noticias"],"inLanguage":"es"},{"@type":"WebPage","@id":"https:\/\/elotroenfoque.mx\/index.php\/2026\/09\/04\/entregan-a-menor-sobreviviente-del-caso-camilo-septimo-a-sus-familiares\/","url":"https:\/\/elotroenfoque.mx\/index.php\/2026\/09\/04\/entregan-a-menor-sobreviviente-del-caso-camilo-septimo-a-sus-familiares\/","name":"Entregan a menor sobreviviente del caso Camilo S\u00e9ptimo a sus familiares - El otro enfoque","isPartOf":{"@id":"https:\/\/elotroenfoque.mx\/#website"},"primaryImageOfPage":{"@id":"https:\/\/elotroenfoque.mx\/index.php\/2026\/09\/04\/entregan-a-menor-sobreviviente-del-caso-camilo-septimo-a-sus-familiares\/#primaryimage"},"image":{"@id":"https:\/\/elotroenfoque.mx\/index.php\/2026\/09\/04\/entregan-a-menor-sobreviviente-del-caso-camilo-septimo-a-sus-familiares\/#primaryimage"},"thumbnailUrl":"https:\/\/elotroenfoque.mx\/wp-content\/uploads\/2026\/09\/entregan-a-nino-a-familiares.jpeg","datePublished":"2026-09-04T17:28:06+00:00","dateModified":"2026-09-04T17:40:32+00:00","author":{"@id":"https:\/\/elotroenfoque.mx\/#\/schema\/person\/8eb322f84d0bd9f337e462905519a1ae"},"description":"Las autoridades dan apoyo integral al ni\u00f1o de seis a\u00f1os sobreviviente en el caso Camilo S\u00e9ptimo tras la detenci\u00f3n de dos presuntos responsables.","breadcrumb":{"@id":"https:\/\/elotroenfoque.mx\/index.php\/2026\/09\/04\/entregan-a-menor-sobreviviente-del-caso-camilo-septimo-a-sus-familiares\/#breadcrumb"},"inLanguage":"es","potentialAction":[{"@type":"ReadAction","target":["https:\/\/elotroenfoque.mx\/index.php\/2026\/09\/04\/entregan-a-menor-sobreviviente-del-caso-camilo-septimo-a-sus-familiares\/"]}]},{"@type":"ImageObject","inLanguage":"es","@id":"https:\/\/elotroenfoque.mx\/index.php\/2026\/09\/04\/entregan-a-menor-sobreviviente-del-caso-camilo-septimo-a-sus-familiares\/#primaryimage","url":"https:\/\/elotroenfoque.mx\/wp-content\/uploads\/2026\/09\/entregan-a-nino-a-familiares.jpeg","contentUrl":"https:\/\/elotroenfoque.mx\/wp-content\/uploads\/2026\/09\/entregan-a-nino-a-familiares.jpeg","width":732,"height":385},{"@type":"BreadcrumbList","@id":"https:\/\/elotroenfoque.mx\/index.php\/2026\/09\/04\/entregan-a-menor-sobreviviente-del-caso-camilo-septimo-a-sus-familiares\/#breadcrumb","itemListElement":[{"@type":"ListItem","position":1,"name":"Portada","item":"https:\/\/elotroenfoque.mx\/"},{"@type":"ListItem","position":2,"name":"Entregan a menor sobreviviente del caso Camilo S\u00e9ptimo a sus familiares"}]},{"@type":"WebSite","@id":"https:\/\/elotroenfoque.mx\/#website","url":"https:\/\/elotroenfoque.mx\/","name":"El otro enfoque","description":"","potentialAction":[{"@type":"SearchAction","target":{"@type":"EntryPoint","urlTemplate":"https:\/\/elotroenfoque.mx\/?s={search_term_string}"},"query-input":{"@type":"PropertyValueSpecification","valueRequired":true,"valueName":"search_term_string"}}],"inLanguage":"es"},{"@type":"Person","@id":"https:\/\/elotroenfoque.mx\/#\/schema\/person\/8eb322f84d0bd9f337e462905519a1ae","name":"Equipo Redaccion","image":{"@type":"ImageObject","inLanguage":"es","@id":"https:\/\/secure.gravatar.com\/avatar\/3579478e2b4e7aad364a32b26cf744b360ae0e581ee1cd0cb18a8f239ee49ac4?s=96&d=mm&r=g","url":"https:\/\/secure.gravatar.com\/avatar\/3579478e2b4e7aad364a32b26cf744b360ae0e581ee1cd0cb18a8f239ee49ac4?s=96&d=mm&r=g","contentUrl":"https:\/\/secure.gravatar.com\/avatar\/3579478e2b4e7aad364a32b26cf744b360ae0e581ee1cd0cb18a8f239ee49ac4?s=96&d=mm&r=g","caption":"Equipo Redaccion"},"url":"https:\/\/elotroenfoque.mx\/index.php\/author\/redaccion\/"}]}},"_links":{"self":[{"href":"https:\/\/elotroenfoque.mx\/index.php\/wp-json\/wp\/v2\/posts\/195613","targetHints":{"allow":["GET"]}}],"collection":[{"href":"https:\/\/elotroenfoque.mx\/index.php\/wp-json\/wp\/v2\/posts"}],"about":[{"href":"https:\/\/elotroenfoque.mx\/index.php\/wp-json\/wp\/v2\/types\/post"}],"author":[{"embeddable":true,"href":"https:\/\/elotroenfoque.mx\/index.php\/wp-json\/wp\/v2\/users\/4"}],"replies":[{"embeddable":true,"href":"https:\/\/elotroenfoque.mx\/index.php\/wp-json\/wp\/v2\/comments?post=195613"}],"version-history":[{"count":2,"href":"https:\/\/elotroenfoque.mx\/index.php\/wp-json\/wp\/v2\/posts\/195613\/revisions"}],"predecessor-version":[{"id":195618,"href":"https:\/\/elotroenfoque.mx\/index.php\/wp-json\/wp\/v2\/posts\/195613\/revisions\/195618"}],"wp:featuredmedia":[{"embeddable":true,"href":"https:\/\/elotroenfoque.mx\/index.php\/wp-json\/wp\/v2\/media\/195620"}],"wp:attachment":[{"href":"https:\/\/elotroenfoque.mx\/index.php\/wp-json\/wp\/v2\/media?parent=195613"}],"wp:term":[{"taxonomy":"category","embeddable":true,"href":"https:\/\/elotroenfoque.mx\/index.php\/wp-json\/wp\/v2\/categories?post=195613"},{"taxonomy":"post_tag","embeddable":true,"href":"https:\/\/elotroenfoque.mx\/index.php\/wp-json\/wp\/v2\/tags?post=195613"}],"curies":[{"name":"wp","href":"https:\/\/api.w.org\/{rel}","templated":true}]}}