{"id":195614,"date":"2026-09-04T12:27:00","date_gmt":"2026-09-04T18:27:00","guid":{"rendered":"https:\/\/elotroenfoque.mx\/?p=195614"},"modified":"2026-09-04T12:29:52","modified_gmt":"2026-09-04T18:29:52","slug":"maestra-de-kinder-recibe-6-anos-de-carcel-por-abusos-sexuales-en-leon","status":"publish","type":"post","link":"https:\/\/elotroenfoque.mx\/index.php\/2026\/09\/04\/maestra-de-kinder-recibe-6-anos-de-carcel-por-abusos-sexuales-en-leon\/","title":{"rendered":"Maestra de k\u00ednder recibe 6 a\u00f1os de c\u00e1rcel por abusos sexuales en Le\u00f3n"},"content":{"rendered":"\n<p class=\"wp-block-paragraph\">Una maestra de k\u00ednder fue condenada a seis a\u00f1os y ocho meses de prisi\u00f3n por el delito de abusos sexuales agravados en Le\u00f3n, Guanajuato. La sentencia fue obtenida por la Fiscal\u00eda General del Estado mediante un procedimiento abreviado.<\/p>\n\n\n\n<p class=\"wp-block-paragraph\">La resoluci\u00f3n judicial establece adem\u00e1s una sanci\u00f3n econ\u00f3mica contra Mar\u00eda Guadalupe \u201cN\u201d, quien se desempe\u00f1aba como docente de nivel preescolar en el municipio de Le\u00f3n. Tambi\u00e9n quedar\u00e1 impedida para ejercer nuevamente como maestra durante el periodo establecido por la sentencia.<\/p>\n\n\n\n<p class=\"wp-block-paragraph\">De acuerdo con la informaci\u00f3n oficial, la responsabilidad de la acusada qued\u00f3 acreditada ante la autoridad judicial a partir de las pruebas presentadas durante el proceso penal. Por ello, deber\u00e1 cumplir la pena en el centro de reinserci\u00f3n social correspondiente.<\/p>\n\n\n\n<p class=\"wp-block-paragraph\">Durante el proceso, una agente del Ministerio P\u00fablico present\u00f3 ante la autoridad judicial los elementos de prueba reunidos por la Fiscal\u00eda estatal. Posteriormente, dichos elementos permitieron acreditar la responsabilidad penal de la acusada.<\/p>\n\n\n\n<p class=\"wp-block-paragraph\">Adem\u00e1s de la pena de prisi\u00f3n, el fallo contempla una sanci\u00f3n econ\u00f3mica. Sin embargo, la Fiscal\u00eda no inform\u00f3 p\u00fablicamente el monto establecido por la autoridad judicial dentro de la resoluci\u00f3n.<\/p>\n\n\n\n<h2 class=\"wp-block-heading\">Tambi\u00e9n fue inhabilitada como docente<\/h2>\n\n\n\n<p class=\"wp-block-paragraph\">La sentencia contra la maestra condenada en Le\u00f3n incluye una medida adicional relacionada directamente con su actividad profesional. La mujer qued\u00f3 inhabilitada para ejercer el cargo de docente durante seis a\u00f1os y ocho meses.<\/p>\n\n\n\n<p class=\"wp-block-paragraph\"><strong><a href=\"https:\/\/elotroenfoque.mx\/index.php\/2026\/09\/04\/entregan-a-menor-sobreviviente-del-caso-camilo-septimo-a-sus-familiares\/\">\u00bfQu\u00e9 sucedi\u00f3 con el ni\u00f1o sobreviviente de la tragedia por el caso Camilo S\u00e9ptimo?<\/a><\/strong><\/p>\n\n\n\n<p class=\"wp-block-paragraph\">De esta manera, la restricci\u00f3n tendr\u00e1 la misma duraci\u00f3n que la pena privativa de libertad impuesta por el \u00f3rgano jurisdiccional. La medida le impedir\u00e1 desempe\u00f1arse nuevamente como maestra durante ese periodo.<\/p>\n\n\n\n<p class=\"wp-block-paragraph\">Asimismo, la resoluci\u00f3n establece la suspensi\u00f3n de sus derechos pol\u00edtico-electorales por un plazo equivalente al tiempo que deber\u00e1 permanecer privada de la libertad. Esta disposici\u00f3n forma parte de las consecuencias legales establecidas en la sentencia.<\/p>\n\n\n\n<p class=\"wp-block-paragraph\"><strong><a href=\"https:\/\/www.tiktok.com\/@elotroenfoque?_r=1&amp;_t=ZS-97ffhW6kR1t\">Sigue tambi\u00e9n las noticias en TikTok<\/a><\/strong><\/p>\n\n\n\n<p class=\"wp-block-paragraph\">Hasta el momento, la Fiscal\u00eda estatal no proporcion\u00f3 p\u00fablicamente mayores detalles sobre las circunstancias espec\u00edficas del caso. Tampoco difundi\u00f3 informaci\u00f3n adicional que permita conocer la identidad de las v\u00edctimas.<\/p>\n\n\n\n<p class=\"wp-block-paragraph\">La condena representa el cierre de esta etapa del proceso penal contra Mar\u00eda Guadalupe \u201cN\u201d. Adem\u00e1s, la inhabilitaci\u00f3n impide que vuelva a desempe\u00f1arse como docente durante el periodo se\u00f1alado por la sentencia.<\/p>\n\n\n\n<p class=\"wp-block-paragraph\"><\/p>\n","protected":false},"excerpt":{"rendered":"<p>Una maestra de k\u00ednder fue condenada a seis a\u00f1os y ocho meses de prisi\u00f3n por el delito de abusos sexuales agravados en Le\u00f3n, Guanajuato. La sentencia fue obtenida por la Fiscal\u00eda General del Estado mediante un procedimiento abreviado. La resoluci\u00f3n judicial establece adem\u00e1s una sanci\u00f3n econ\u00f3mica contra Mar\u00eda Guadalupe \u201cN\u201d, quien se desempe\u00f1aba como docente&#8230;<\/p>\n","protected":false},"author":4,"featured_media":195616,"comment_status":"closed","ping_status":"open","sticky":false,"template":"","format":"standard","meta":{"footnotes":""},"categories":[8],"tags":[13,4517],"class_list":["post-195614","post","type-post","status-publish","format-standard","has-post-thumbnail","hentry","category-desenfoques","tag-guanajuato","tag-noticias-guanajuato"],"yoast_head":"<!-- This site is optimized with the Yoast SEO plugin v28.2 - https:\/\/yoast.com\/product\/yoast-seo-wordpress\/ -->\n<title>Maestra de k\u00ednder recibe 6 a\u00f1os de c\u00e1rcel por abusos sexuales en Le\u00f3n - El otro enfoque<\/title>\n<meta name=\"description\" content=\"Maestra condenada en Le\u00f3n recibi\u00f3 seis a\u00f1os y ocho meses de prisi\u00f3n por abusos sexuales agravados, adem\u00e1s de una sanci\u00f3n econ\u00f3mica.\" \/>\n<meta name=\"robots\" content=\"index, follow, max-snippet:-1, max-image-preview:large, max-video-preview:-1\" \/>\n<link rel=\"canonical\" href=\"https:\/\/elotroenfoque.mx\/index.php\/2026\/09\/04\/maestra-de-kinder-recibe-6-anos-de-carcel-por-abusos-sexuales-en-leon\/\" \/>\n<meta property=\"og:locale\" content=\"es_MX\" \/>\n<meta property=\"og:type\" content=\"article\" \/>\n<meta property=\"og:title\" content=\"Maestra de k\u00ednder recibe 6 a\u00f1os de c\u00e1rcel por abusos sexuales en Le\u00f3n - El otro enfoque\" \/>\n<meta property=\"og:description\" content=\"Maestra condenada en Le\u00f3n recibi\u00f3 seis a\u00f1os y ocho meses de prisi\u00f3n por abusos sexuales agravados, adem\u00e1s de una sanci\u00f3n econ\u00f3mica.\" \/>\n<meta property=\"og:url\" content=\"https:\/\/elotroenfoque.mx\/index.php\/2026\/09\/04\/maestra-de-kinder-recibe-6-anos-de-carcel-por-abusos-sexuales-en-leon\/\" \/>\n<meta property=\"og:site_name\" content=\"El otro enfoque\" \/>\n<meta property=\"article:published_time\" content=\"2026-09-04T18:27:00+00:00\" \/>\n<meta property=\"article:modified_time\" content=\"2026-09-04T18:29:52+00:00\" \/>\n<meta property=\"og:image\" content=\"https:\/\/elotroenfoque.mx\/wp-content\/uploads\/2026\/09\/maestra-encarcelada-por-abuso.jpg\" \/>\n\t<meta property=\"og:image:width\" content=\"747\" \/>\n\t<meta property=\"og:image:height\" content=\"413\" \/>\n\t<meta property=\"og:image:type\" content=\"image\/jpeg\" \/>\n<meta name=\"author\" content=\"Equipo Redaccion\" \/>\n<meta name=\"twitter:card\" content=\"summary_large_image\" \/>\n<meta name=\"twitter:label1\" content=\"Escrito por\" \/>\n\t<meta name=\"twitter:data1\" content=\"Equipo Redaccion\" \/>\n\t<meta name=\"twitter:label2\" content=\"Tiempo de lectura\" \/>\n\t<meta name=\"twitter:data2\" content=\"2 minutos\" \/>\n<script type=\"application\/ld+json\" class=\"yoast-schema-graph\">{\"@context\":\"https:\\\/\\\/schema.org\",\"@graph\":[{\"@type\":\"Article\",\"@id\":\"https:\\\/\\\/elotroenfoque.mx\\\/index.php\\\/2026\\\/09\\\/04\\\/maestra-de-kinder-recibe-6-anos-de-carcel-por-abusos-sexuales-en-leon\\\/#article\",\"isPartOf\":{\"@id\":\"https:\\\/\\\/elotroenfoque.mx\\\/index.php\\\/2026\\\/09\\\/04\\\/maestra-de-kinder-recibe-6-anos-de-carcel-por-abusos-sexuales-en-leon\\\/\"},\"author\":{\"name\":\"Equipo Redaccion\",\"@id\":\"https:\\\/\\\/elotroenfoque.mx\\\/#\\\/schema\\\/person\\\/8eb322f84d0bd9f337e462905519a1ae\"},\"headline\":\"Maestra de k\u00ednder recibe 6 a\u00f1os de c\u00e1rcel por abusos sexuales en Le\u00f3n\",\"datePublished\":\"2026-09-04T18:27:00+00:00\",\"dateModified\":\"2026-09-04T18:29:52+00:00\",\"mainEntityOfPage\":{\"@id\":\"https:\\\/\\\/elotroenfoque.mx\\\/index.php\\\/2026\\\/09\\\/04\\\/maestra-de-kinder-recibe-6-anos-de-carcel-por-abusos-sexuales-en-leon\\\/\"},\"wordCount\":430,\"image\":{\"@id\":\"https:\\\/\\\/elotroenfoque.mx\\\/index.php\\\/2026\\\/09\\\/04\\\/maestra-de-kinder-recibe-6-anos-de-carcel-por-abusos-sexuales-en-leon\\\/#primaryimage\"},\"thumbnailUrl\":\"https:\\\/\\\/elotroenfoque.mx\\\/wp-content\\\/uploads\\\/2026\\\/09\\\/maestra-encarcelada-por-abuso.jpg\",\"keywords\":[\"Guanajuato\",\"Noticias Guanajuato\"],\"articleSection\":[\"Desenfoques\"],\"inLanguage\":\"es\"},{\"@type\":\"WebPage\",\"@id\":\"https:\\\/\\\/elotroenfoque.mx\\\/index.php\\\/2026\\\/09\\\/04\\\/maestra-de-kinder-recibe-6-anos-de-carcel-por-abusos-sexuales-en-leon\\\/\",\"url\":\"https:\\\/\\\/elotroenfoque.mx\\\/index.php\\\/2026\\\/09\\\/04\\\/maestra-de-kinder-recibe-6-anos-de-carcel-por-abusos-sexuales-en-leon\\\/\",\"name\":\"Maestra de k\u00ednder recibe 6 a\u00f1os de c\u00e1rcel por abusos sexuales en Le\u00f3n - El otro enfoque\",\"isPartOf\":{\"@id\":\"https:\\\/\\\/elotroenfoque.mx\\\/#website\"},\"primaryImageOfPage\":{\"@id\":\"https:\\\/\\\/elotroenfoque.mx\\\/index.php\\\/2026\\\/09\\\/04\\\/maestra-de-kinder-recibe-6-anos-de-carcel-por-abusos-sexuales-en-leon\\\/#primaryimage\"},\"image\":{\"@id\":\"https:\\\/\\\/elotroenfoque.mx\\\/index.php\\\/2026\\\/09\\\/04\\\/maestra-de-kinder-recibe-6-anos-de-carcel-por-abusos-sexuales-en-leon\\\/#primaryimage\"},\"thumbnailUrl\":\"https:\\\/\\\/elotroenfoque.mx\\\/wp-content\\\/uploads\\\/2026\\\/09\\\/maestra-encarcelada-por-abuso.jpg\",\"datePublished\":\"2026-09-04T18:27:00+00:00\",\"dateModified\":\"2026-09-04T18:29:52+00:00\",\"author\":{\"@id\":\"https:\\\/\\\/elotroenfoque.mx\\\/#\\\/schema\\\/person\\\/8eb322f84d0bd9f337e462905519a1ae\"},\"description\":\"Maestra condenada en Le\u00f3n recibi\u00f3 seis a\u00f1os y ocho meses de prisi\u00f3n por abusos sexuales agravados, adem\u00e1s de una sanci\u00f3n econ\u00f3mica.\",\"breadcrumb\":{\"@id\":\"https:\\\/\\\/elotroenfoque.mx\\\/index.php\\\/2026\\\/09\\\/04\\\/maestra-de-kinder-recibe-6-anos-de-carcel-por-abusos-sexuales-en-leon\\\/#breadcrumb\"},\"inLanguage\":\"es\",\"potentialAction\":[{\"@type\":\"ReadAction\",\"target\":[\"https:\\\/\\\/elotroenfoque.mx\\\/index.php\\\/2026\\\/09\\\/04\\\/maestra-de-kinder-recibe-6-anos-de-carcel-por-abusos-sexuales-en-leon\\\/\"]}]},{\"@type\":\"ImageObject\",\"inLanguage\":\"es\",\"@id\":\"https:\\\/\\\/elotroenfoque.mx\\\/index.php\\\/2026\\\/09\\\/04\\\/maestra-de-kinder-recibe-6-anos-de-carcel-por-abusos-sexuales-en-leon\\\/#primaryimage\",\"url\":\"https:\\\/\\\/elotroenfoque.mx\\\/wp-content\\\/uploads\\\/2026\\\/09\\\/maestra-encarcelada-por-abuso.jpg\",\"contentUrl\":\"https:\\\/\\\/elotroenfoque.mx\\\/wp-content\\\/uploads\\\/2026\\\/09\\\/maestra-encarcelada-por-abuso.jpg\",\"width\":747,\"height\":413},{\"@type\":\"BreadcrumbList\",\"@id\":\"https:\\\/\\\/elotroenfoque.mx\\\/index.php\\\/2026\\\/09\\\/04\\\/maestra-de-kinder-recibe-6-anos-de-carcel-por-abusos-sexuales-en-leon\\\/#breadcrumb\",\"itemListElement\":[{\"@type\":\"ListItem\",\"position\":1,\"name\":\"Portada\",\"item\":\"https:\\\/\\\/elotroenfoque.mx\\\/\"},{\"@type\":\"ListItem\",\"position\":2,\"name\":\"Maestra de k\u00ednder recibe 6 a\u00f1os de c\u00e1rcel por abusos sexuales en Le\u00f3n\"}]},{\"@type\":\"WebSite\",\"@id\":\"https:\\\/\\\/elotroenfoque.mx\\\/#website\",\"url\":\"https:\\\/\\\/elotroenfoque.mx\\\/\",\"name\":\"El otro enfoque\",\"description\":\"\",\"potentialAction\":[{\"@type\":\"SearchAction\",\"target\":{\"@type\":\"EntryPoint\",\"urlTemplate\":\"https:\\\/\\\/elotroenfoque.mx\\\/?s={search_term_string}\"},\"query-input\":{\"@type\":\"PropertyValueSpecification\",\"valueRequired\":true,\"valueName\":\"search_term_string\"}}],\"inLanguage\":\"es\"},{\"@type\":\"Person\",\"@id\":\"https:\\\/\\\/elotroenfoque.mx\\\/#\\\/schema\\\/person\\\/8eb322f84d0bd9f337e462905519a1ae\",\"name\":\"Equipo Redaccion\",\"image\":{\"@type\":\"ImageObject\",\"inLanguage\":\"es\",\"@id\":\"https:\\\/\\\/secure.gravatar.com\\\/avatar\\\/3579478e2b4e7aad364a32b26cf744b360ae0e581ee1cd0cb18a8f239ee49ac4?s=96&d=mm&r=g\",\"url\":\"https:\\\/\\\/secure.gravatar.com\\\/avatar\\\/3579478e2b4e7aad364a32b26cf744b360ae0e581ee1cd0cb18a8f239ee49ac4?s=96&d=mm&r=g\",\"contentUrl\":\"https:\\\/\\\/secure.gravatar.com\\\/avatar\\\/3579478e2b4e7aad364a32b26cf744b360ae0e581ee1cd0cb18a8f239ee49ac4?s=96&d=mm&r=g\",\"caption\":\"Equipo Redaccion\"},\"url\":\"https:\\\/\\\/elotroenfoque.mx\\\/index.php\\\/author\\\/redaccion\\\/\"}]}<\/script>\n<!-- \/ Yoast SEO plugin. -->","yoast_head_json":{"title":"Maestra de k\u00ednder recibe 6 a\u00f1os de c\u00e1rcel por abusos sexuales en Le\u00f3n - El otro enfoque","description":"Maestra condenada en Le\u00f3n recibi\u00f3 seis a\u00f1os y ocho meses de prisi\u00f3n por abusos sexuales agravados, adem\u00e1s de una sanci\u00f3n econ\u00f3mica.","robots":{"index":"index","follow":"follow","max-snippet":"max-snippet:-1","max-image-preview":"max-image-preview:large","max-video-preview":"max-video-preview:-1"},"canonical":"https:\/\/elotroenfoque.mx\/index.php\/2026\/09\/04\/maestra-de-kinder-recibe-6-anos-de-carcel-por-abusos-sexuales-en-leon\/","og_locale":"es_MX","og_type":"article","og_title":"Maestra de k\u00ednder recibe 6 a\u00f1os de c\u00e1rcel por abusos sexuales en Le\u00f3n - El otro enfoque","og_description":"Maestra condenada en Le\u00f3n recibi\u00f3 seis a\u00f1os y ocho meses de prisi\u00f3n por abusos sexuales agravados, adem\u00e1s de una sanci\u00f3n econ\u00f3mica.","og_url":"https:\/\/elotroenfoque.mx\/index.php\/2026\/09\/04\/maestra-de-kinder-recibe-6-anos-de-carcel-por-abusos-sexuales-en-leon\/","og_site_name":"El otro enfoque","article_published_time":"2026-09-04T18:27:00+00:00","article_modified_time":"2026-09-04T18:29:52+00:00","og_image":[{"width":747,"height":413,"url":"https:\/\/elotroenfoque.mx\/wp-content\/uploads\/2026\/09\/maestra-encarcelada-por-abuso.jpg","type":"image\/jpeg"}],"author":"Equipo Redaccion","twitter_card":"summary_large_image","twitter_misc":{"Escrito por":"Equipo Redaccion","Tiempo de lectura":"2 minutos"},"schema":{"@context":"https:\/\/schema.org","@graph":[{"@type":"Article","@id":"https:\/\/elotroenfoque.mx\/index.php\/2026\/09\/04\/maestra-de-kinder-recibe-6-anos-de-carcel-por-abusos-sexuales-en-leon\/#article","isPartOf":{"@id":"https:\/\/elotroenfoque.mx\/index.php\/2026\/09\/04\/maestra-de-kinder-recibe-6-anos-de-carcel-por-abusos-sexuales-en-leon\/"},"author":{"name":"Equipo Redaccion","@id":"https:\/\/elotroenfoque.mx\/#\/schema\/person\/8eb322f84d0bd9f337e462905519a1ae"},"headline":"Maestra de k\u00ednder recibe 6 a\u00f1os de c\u00e1rcel por abusos sexuales en Le\u00f3n","datePublished":"2026-09-04T18:27:00+00:00","dateModified":"2026-09-04T18:29:52+00:00","mainEntityOfPage":{"@id":"https:\/\/elotroenfoque.mx\/index.php\/2026\/09\/04\/maestra-de-kinder-recibe-6-anos-de-carcel-por-abusos-sexuales-en-leon\/"},"wordCount":430,"image":{"@id":"https:\/\/elotroenfoque.mx\/index.php\/2026\/09\/04\/maestra-de-kinder-recibe-6-anos-de-carcel-por-abusos-sexuales-en-leon\/#primaryimage"},"thumbnailUrl":"https:\/\/elotroenfoque.mx\/wp-content\/uploads\/2026\/09\/maestra-encarcelada-por-abuso.jpg","keywords":["Guanajuato","Noticias Guanajuato"],"articleSection":["Desenfoques"],"inLanguage":"es"},{"@type":"WebPage","@id":"https:\/\/elotroenfoque.mx\/index.php\/2026\/09\/04\/maestra-de-kinder-recibe-6-anos-de-carcel-por-abusos-sexuales-en-leon\/","url":"https:\/\/elotroenfoque.mx\/index.php\/2026\/09\/04\/maestra-de-kinder-recibe-6-anos-de-carcel-por-abusos-sexuales-en-leon\/","name":"Maestra de k\u00ednder recibe 6 a\u00f1os de c\u00e1rcel por abusos sexuales en Le\u00f3n - El otro enfoque","isPartOf":{"@id":"https:\/\/elotroenfoque.mx\/#website"},"primaryImageOfPage":{"@id":"https:\/\/elotroenfoque.mx\/index.php\/2026\/09\/04\/maestra-de-kinder-recibe-6-anos-de-carcel-por-abusos-sexuales-en-leon\/#primaryimage"},"image":{"@id":"https:\/\/elotroenfoque.mx\/index.php\/2026\/09\/04\/maestra-de-kinder-recibe-6-anos-de-carcel-por-abusos-sexuales-en-leon\/#primaryimage"},"thumbnailUrl":"https:\/\/elotroenfoque.mx\/wp-content\/uploads\/2026\/09\/maestra-encarcelada-por-abuso.jpg","datePublished":"2026-09-04T18:27:00+00:00","dateModified":"2026-09-04T18:29:52+00:00","author":{"@id":"https:\/\/elotroenfoque.mx\/#\/schema\/person\/8eb322f84d0bd9f337e462905519a1ae"},"description":"Maestra condenada en Le\u00f3n recibi\u00f3 seis a\u00f1os y ocho meses de prisi\u00f3n por abusos sexuales agravados, adem\u00e1s de una sanci\u00f3n econ\u00f3mica.","breadcrumb":{"@id":"https:\/\/elotroenfoque.mx\/index.php\/2026\/09\/04\/maestra-de-kinder-recibe-6-anos-de-carcel-por-abusos-sexuales-en-leon\/#breadcrumb"},"inLanguage":"es","potentialAction":[{"@type":"ReadAction","target":["https:\/\/elotroenfoque.mx\/index.php\/2026\/09\/04\/maestra-de-kinder-recibe-6-anos-de-carcel-por-abusos-sexuales-en-leon\/"]}]},{"@type":"ImageObject","inLanguage":"es","@id":"https:\/\/elotroenfoque.mx\/index.php\/2026\/09\/04\/maestra-de-kinder-recibe-6-anos-de-carcel-por-abusos-sexuales-en-leon\/#primaryimage","url":"https:\/\/elotroenfoque.mx\/wp-content\/uploads\/2026\/09\/maestra-encarcelada-por-abuso.jpg","contentUrl":"https:\/\/elotroenfoque.mx\/wp-content\/uploads\/2026\/09\/maestra-encarcelada-por-abuso.jpg","width":747,"height":413},{"@type":"BreadcrumbList","@id":"https:\/\/elotroenfoque.mx\/index.php\/2026\/09\/04\/maestra-de-kinder-recibe-6-anos-de-carcel-por-abusos-sexuales-en-leon\/#breadcrumb","itemListElement":[{"@type":"ListItem","position":1,"name":"Portada","item":"https:\/\/elotroenfoque.mx\/"},{"@type":"ListItem","position":2,"name":"Maestra de k\u00ednder recibe 6 a\u00f1os de c\u00e1rcel por abusos sexuales en Le\u00f3n"}]},{"@type":"WebSite","@id":"https:\/\/elotroenfoque.mx\/#website","url":"https:\/\/elotroenfoque.mx\/","name":"El otro enfoque","description":"","potentialAction":[{"@type":"SearchAction","target":{"@type":"EntryPoint","urlTemplate":"https:\/\/elotroenfoque.mx\/?s={search_term_string}"},"query-input":{"@type":"PropertyValueSpecification","valueRequired":true,"valueName":"search_term_string"}}],"inLanguage":"es"},{"@type":"Person","@id":"https:\/\/elotroenfoque.mx\/#\/schema\/person\/8eb322f84d0bd9f337e462905519a1ae","name":"Equipo Redaccion","image":{"@type":"ImageObject","inLanguage":"es","@id":"https:\/\/secure.gravatar.com\/avatar\/3579478e2b4e7aad364a32b26cf744b360ae0e581ee1cd0cb18a8f239ee49ac4?s=96&d=mm&r=g","url":"https:\/\/secure.gravatar.com\/avatar\/3579478e2b4e7aad364a32b26cf744b360ae0e581ee1cd0cb18a8f239ee49ac4?s=96&d=mm&r=g","contentUrl":"https:\/\/secure.gravatar.com\/avatar\/3579478e2b4e7aad364a32b26cf744b360ae0e581ee1cd0cb18a8f239ee49ac4?s=96&d=mm&r=g","caption":"Equipo Redaccion"},"url":"https:\/\/elotroenfoque.mx\/index.php\/author\/redaccion\/"}]}},"_links":{"self":[{"href":"https:\/\/elotroenfoque.mx\/index.php\/wp-json\/wp\/v2\/posts\/195614","targetHints":{"allow":["GET"]}}],"collection":[{"href":"https:\/\/elotroenfoque.mx\/index.php\/wp-json\/wp\/v2\/posts"}],"about":[{"href":"https:\/\/elotroenfoque.mx\/index.php\/wp-json\/wp\/v2\/types\/post"}],"author":[{"embeddable":true,"href":"https:\/\/elotroenfoque.mx\/index.php\/wp-json\/wp\/v2\/users\/4"}],"replies":[{"embeddable":true,"href":"https:\/\/elotroenfoque.mx\/index.php\/wp-json\/wp\/v2\/comments?post=195614"}],"version-history":[{"count":1,"href":"https:\/\/elotroenfoque.mx\/index.php\/wp-json\/wp\/v2\/posts\/195614\/revisions"}],"predecessor-version":[{"id":195619,"href":"https:\/\/elotroenfoque.mx\/index.php\/wp-json\/wp\/v2\/posts\/195614\/revisions\/195619"}],"wp:featuredmedia":[{"embeddable":true,"href":"https:\/\/elotroenfoque.mx\/index.php\/wp-json\/wp\/v2\/media\/195616"}],"wp:attachment":[{"href":"https:\/\/elotroenfoque.mx\/index.php\/wp-json\/wp\/v2\/media?parent=195614"}],"wp:term":[{"taxonomy":"category","embeddable":true,"href":"https:\/\/elotroenfoque.mx\/index.php\/wp-json\/wp\/v2\/categories?post=195614"},{"taxonomy":"post_tag","embeddable":true,"href":"https:\/\/elotroenfoque.mx\/index.php\/wp-json\/wp\/v2\/tags?post=195614"}],"curies":[{"name":"wp","href":"https:\/\/api.w.org\/{rel}","templated":true}]}}