{"id":195622,"date":"2026-09-04T13:21:52","date_gmt":"2026-09-04T19:21:52","guid":{"rendered":"https:\/\/elotroenfoque.mx\/?p=195622"},"modified":"2026-09-04T13:21:53","modified_gmt":"2026-09-04T19:21:53","slug":"mas-de-570-estudiantes-de-comunidades-rurales-de-silao-reciben-utiles","status":"publish","type":"post","link":"https:\/\/elotroenfoque.mx\/index.php\/2026\/09\/04\/mas-de-570-estudiantes-de-comunidades-rurales-de-silao-reciben-utiles\/","title":{"rendered":"M\u00e1s de 570 estudiantes de comunidades rurales de Silao reciben \u00fatiles"},"content":{"rendered":"\n<p class=\"wp-block-paragraph\">M\u00e1s de 570 ni\u00f1as y ni\u00f1os de comunidades rurales de Silao recibieron paquetes de \u00fatiles escolares como parte del Donat\u00f3n 2026, campa\u00f1a que logr\u00f3 reunir m\u00e1s de 22 mil art\u00edculos de papeler\u00eda.<\/p>\n\n\n\n<p class=\"wp-block-paragraph\">La entrega se realiz\u00f3 en la comunidad de Colonias Nuevo M\u00e9xico, donde estudiantes recibieron materiales como cuadernos, colores, l\u00e1pices y otros art\u00edculos necesarios para continuar con sus actividades escolares.<\/p>\n\n\n\n<p class=\"wp-block-paragraph\">Los \u00fatiles fueron reunidos con la participaci\u00f3n de empresas, instituciones educativas, comercios, organizaciones y dependencias municipales, que se sumaron a la iniciativa para apoyar a familias de distintas comunidades.<\/p>\n\n\n\n<figure class=\"wp-block-image size-large\"><img loading=\"lazy\" decoding=\"async\" width=\"1024\" height=\"682\" src=\"https:\/\/elotroenfoque.mx\/wp-content\/uploads\/2026\/09\/reparten-utiles-en-Silao-2-1024x682.jpeg\" alt=\"\" class=\"wp-image-195624\" srcset=\"https:\/\/elotroenfoque.mx\/wp-content\/uploads\/2026\/09\/reparten-utiles-en-Silao-2-1024x682.jpeg 1024w, https:\/\/elotroenfoque.mx\/wp-content\/uploads\/2026\/09\/reparten-utiles-en-Silao-2-300x200.jpeg 300w, https:\/\/elotroenfoque.mx\/wp-content\/uploads\/2026\/09\/reparten-utiles-en-Silao-2-767x511.jpeg 767w, https:\/\/elotroenfoque.mx\/wp-content\/uploads\/2026\/09\/reparten-utiles-en-Silao-2-600x400.jpeg 600w, https:\/\/elotroenfoque.mx\/wp-content\/uploads\/2026\/09\/reparten-utiles-en-Silao-2.jpeg 1280w\" sizes=\"auto, (max-width: 1024px) 100vw, 1024px\" \/><\/figure>\n\n\n\n<h2 class=\"wp-block-heading\">Donat\u00f3n re\u00fane m\u00e1s de 22 mil \u00fatiles escolares<\/h2>\n\n\n\n<p class=\"wp-block-paragraph\">Durante el Donat\u00f3n 2026 se recolectaron m\u00e1s de 22 mil art\u00edculos de papeler\u00eda que posteriormente fueron integrados en paquetes para estudiantes de comunidades rurales de Silao.<\/p>\n\n\n\n<p class=\"wp-block-paragraph\">Los apoyos llegaron a ni\u00f1as y ni\u00f1os de San Antonio Texas, Mezquite de Ch\u00e1vez, San Miguel del Arenal, Losa de Barrera y Refugio de los Sauces. Adem\u00e1s, se contemplaron otras localidades con necesidades similares.<\/p>\n\n\n\n<p class=\"wp-block-paragraph\">Entre las comunidades beneficiadas tambi\u00e9n se encuentran La Esperanza del Refugio, Pe\u00f1uelas, Loma Plan de los Sauces, Mezquite de Sotelo, El Purgatorio y Nuevo Para\u00edso.<\/p>\n\n\n\n<p class=\"wp-block-paragraph\">La entrega de los \u00fatiles escolares en Silao estuvo encabezada por la presidenta municipal Melanie Murillo. Durante el evento, destac\u00f3 que apoyar la educaci\u00f3n tambi\u00e9n implica facilitar materiales para las actividades de las ni\u00f1as y los ni\u00f1os.<\/p>\n\n\n\n<figure class=\"wp-block-image size-large\"><img loading=\"lazy\" decoding=\"async\" width=\"1024\" height=\"682\" src=\"https:\/\/elotroenfoque.mx\/wp-content\/uploads\/2026\/09\/reparten-utiles-en-Silao-3-1024x682.jpeg\" alt=\"\" class=\"wp-image-195625\" srcset=\"https:\/\/elotroenfoque.mx\/wp-content\/uploads\/2026\/09\/reparten-utiles-en-Silao-3-1024x682.jpeg 1024w, https:\/\/elotroenfoque.mx\/wp-content\/uploads\/2026\/09\/reparten-utiles-en-Silao-3-300x200.jpeg 300w, https:\/\/elotroenfoque.mx\/wp-content\/uploads\/2026\/09\/reparten-utiles-en-Silao-3-767x511.jpeg 767w, https:\/\/elotroenfoque.mx\/wp-content\/uploads\/2026\/09\/reparten-utiles-en-Silao-3-600x400.jpeg 600w, https:\/\/elotroenfoque.mx\/wp-content\/uploads\/2026\/09\/reparten-utiles-en-Silao-3.jpeg 1280w\" sizes=\"auto, (max-width: 1024px) 100vw, 1024px\" \/><\/figure>\n\n\n\n<p class=\"wp-block-paragraph\">Ante madres y padres de familia, la alcaldesa resalt\u00f3 adem\u00e1s la importancia de acompa\u00f1ar a los estudiantes durante su formaci\u00f3n. Asimismo, llam\u00f3 a fortalecer desde casa valores como el respeto, la responsabilidad y la solidaridad.<\/p>\n\n\n\n<p class=\"wp-block-paragraph\">El objetivo de la campa\u00f1a fue ampliar el acceso a materiales escolares entre familias de comunidades rurales. As\u00ed, los donativos permitieron convertir las aportaciones de distintos sectores en apoyos concretos para los estudiantes.<\/p>\n\n\n\n<h2 class=\"wp-block-heading\">Empresas e instituciones se suman al Donat\u00f3n<\/h2>\n\n\n\n<p class=\"wp-block-paragraph\">La iniciativa cont\u00f3 con aportaciones de empresas, universidades, comercios, organizaciones y dependencias municipales. Con sus donativos, fue posible incrementar la cantidad de materiales disponibles para las comunidades.<\/p>\n\n\n\n<p class=\"wp-block-paragraph\">Entre quienes recibieron reconocimiento por su participaci\u00f3n estuvieron la Universidad de Le\u00f3n, Plantel Silao, y la Universidad UMANI Mundial, Plantel Silao. Tambi\u00e9n fueron reconocidas las empresas UBAN, Spider Manufacturing y FEMATRAC.<\/p>\n\n\n\n<p class=\"wp-block-paragraph\">El colectivo Guerreros Silao y el Sindicato General Gonz\u00e1lez Ortega tambi\u00e9n recibieron reconocimiento por sus aportaciones. De esta manera, el municipio destac\u00f3 la participaci\u00f3n de diferentes sectores en la campa\u00f1a.<\/p>\n\n\n\n<figure class=\"wp-block-image size-large\"><img loading=\"lazy\" decoding=\"async\" width=\"1024\" height=\"682\" src=\"https:\/\/elotroenfoque.mx\/wp-content\/uploads\/2026\/09\/WhatsApp-Image-2026-09-04-at-12.41.11-PM-1024x682.jpeg\" alt=\"\" class=\"wp-image-195626\" srcset=\"https:\/\/elotroenfoque.mx\/wp-content\/uploads\/2026\/09\/WhatsApp-Image-2026-09-04-at-12.41.11-PM-1024x682.jpeg 1024w, https:\/\/elotroenfoque.mx\/wp-content\/uploads\/2026\/09\/WhatsApp-Image-2026-09-04-at-12.41.11-PM-300x200.jpeg 300w, https:\/\/elotroenfoque.mx\/wp-content\/uploads\/2026\/09\/WhatsApp-Image-2026-09-04-at-12.41.11-PM-767x511.jpeg 767w, https:\/\/elotroenfoque.mx\/wp-content\/uploads\/2026\/09\/WhatsApp-Image-2026-09-04-at-12.41.11-PM-600x400.jpeg 600w, https:\/\/elotroenfoque.mx\/wp-content\/uploads\/2026\/09\/WhatsApp-Image-2026-09-04-at-12.41.11-PM.jpeg 1280w\" sizes=\"auto, (max-width: 1024px) 100vw, 1024px\" \/><\/figure>\n\n\n\n<p class=\"wp-block-paragraph\">Durante la entrega, Melanie Murillo se\u00f1al\u00f3 que cada art\u00edculo donado representa una herramienta para la educaci\u00f3n. Adem\u00e1s, consider\u00f3 que las aportaciones tambi\u00e9n transmiten a las ni\u00f1as y los ni\u00f1os un mensaje de acompa\u00f1amiento comunitario.<\/p>\n\n\n\n<p class=\"wp-block-paragraph\">Tambi\u00e9n lee: <strong><a href=\"https:\/\/elotroenfoque.mx\/index.php\/2026\/09\/04\/maestra-de-kinder-recibe-6-anos-de-carcel-por-abusos-sexuales-en-leon\/\">Maestra de k\u00ednder recibe 6 a\u00f1os de c\u00e1rcel por abusos sexuales en Le\u00f3n<\/a><\/strong><\/p>\n\n\n\n<p class=\"wp-block-paragraph\">La entrega se realiz\u00f3 ante familias de las comunidades beneficiadas y autoridades municipales. Entre los asistentes estuvieron integrantes del Ayuntamiento, funcionarios y representantes de Protecci\u00f3n de Ni\u00f1as, Ni\u00f1os y Adolescentes.<\/p>\n\n\n\n<p class=\"wp-block-paragraph\">Con esta entrega concluy\u00f3 una de las etapas del Donat\u00f3n 2026, despu\u00e9s de reunir m\u00e1s de 22 mil art\u00edculos para estudiantes de distintas localidades rurales de Silao.<\/p>\n\n\n\n<p class=\"wp-block-paragraph\">La campa\u00f1a muestra adem\u00e1s c\u00f3mo las aportaciones de empresas, instituciones y organizaciones pueden convertirse en apoyos directos para las familias. En este caso, los materiales llegaron a m\u00e1s de 570 estudiantes para continuar su formaci\u00f3n durante el ciclo escolar.<\/p>\n\n\n\n<p class=\"wp-block-paragraph\"><strong><a href=\"https:\/\/www.tiktok.com\/@elotroenfoque?_r=1&amp;_t=ZS-97ffhW6kR1t\">Sigue tambi\u00e9n las noticias en TikTok<\/a><\/strong><\/p>\n\n\n\n<p class=\"wp-block-paragraph\"><\/p>\n","protected":false},"excerpt":{"rendered":"<p>M\u00e1s de 570 ni\u00f1as y ni\u00f1os de comunidades rurales de Silao recibieron paquetes de \u00fatiles escolares como parte del Donat\u00f3n 2026, campa\u00f1a que logr\u00f3 reunir m\u00e1s de 22 mil art\u00edculos de papeler\u00eda. La entrega se realiz\u00f3 en la comunidad de Colonias Nuevo M\u00e9xico, donde estudiantes recibieron materiales como cuadernos, colores, l\u00e1pices y otros art\u00edculos necesarios&#8230;<\/p>\n","protected":false},"author":4,"featured_media":195623,"comment_status":"closed","ping_status":"open","sticky":false,"template":"","format":"standard","meta":{"footnotes":""},"categories":[2],"tags":[13,4517],"class_list":["post-195622","post","type-post","status-publish","format-standard","has-post-thumbnail","hentry","category-noticias","tag-guanajuato","tag-noticias-guanajuato"],"yoast_head":"<!-- This site is optimized with the Yoast SEO plugin v28.2 - https:\/\/yoast.com\/product\/yoast-seo-wordpress\/ -->\n<title>M\u00e1s de 570 estudiantes de comunidades rurales de Silao reciben \u00fatiles - El otro enfoque<\/title>\n<meta name=\"description\" content=\"M\u00e1s de 570 ni\u00f1as y ni\u00f1os de comunidades rurales de Silao recibieron \u00fatiles escolares reunidos durante el Donat\u00f3n 2026.\" \/>\n<meta name=\"robots\" content=\"index, follow, max-snippet:-1, max-image-preview:large, max-video-preview:-1\" \/>\n<link rel=\"canonical\" href=\"https:\/\/elotroenfoque.mx\/index.php\/2026\/09\/04\/mas-de-570-estudiantes-de-comunidades-rurales-de-silao-reciben-utiles\/\" \/>\n<meta property=\"og:locale\" content=\"es_MX\" \/>\n<meta property=\"og:type\" content=\"article\" \/>\n<meta property=\"og:title\" content=\"M\u00e1s de 570 estudiantes de comunidades rurales de Silao reciben \u00fatiles - El otro enfoque\" \/>\n<meta property=\"og:description\" content=\"M\u00e1s de 570 ni\u00f1as y ni\u00f1os de comunidades rurales de Silao recibieron \u00fatiles escolares reunidos durante el Donat\u00f3n 2026.\" \/>\n<meta property=\"og:url\" content=\"https:\/\/elotroenfoque.mx\/index.php\/2026\/09\/04\/mas-de-570-estudiantes-de-comunidades-rurales-de-silao-reciben-utiles\/\" \/>\n<meta property=\"og:site_name\" content=\"El otro enfoque\" \/>\n<meta property=\"article:published_time\" content=\"2026-09-04T19:21:52+00:00\" \/>\n<meta property=\"article:modified_time\" content=\"2026-09-04T19:21:53+00:00\" \/>\n<meta property=\"og:image\" content=\"https:\/\/elotroenfoque.mx\/wp-content\/uploads\/2026\/09\/reparten-utiles-en-Silao-1.jpeg\" \/>\n\t<meta property=\"og:image:width\" content=\"1040\" \/>\n\t<meta property=\"og:image:height\" content=\"770\" \/>\n\t<meta property=\"og:image:type\" content=\"image\/jpeg\" \/>\n<meta name=\"author\" content=\"Equipo Redaccion\" \/>\n<meta name=\"twitter:card\" content=\"summary_large_image\" \/>\n<meta name=\"twitter:label1\" content=\"Escrito por\" \/>\n\t<meta name=\"twitter:data1\" content=\"Equipo Redaccion\" \/>\n\t<meta name=\"twitter:label2\" content=\"Tiempo de lectura\" \/>\n\t<meta name=\"twitter:data2\" content=\"4 minutos\" \/>\n<script type=\"application\/ld+json\" class=\"yoast-schema-graph\">{\"@context\":\"https:\\\/\\\/schema.org\",\"@graph\":[{\"@type\":\"Article\",\"@id\":\"https:\\\/\\\/elotroenfoque.mx\\\/index.php\\\/2026\\\/09\\\/04\\\/mas-de-570-estudiantes-de-comunidades-rurales-de-silao-reciben-utiles\\\/#article\",\"isPartOf\":{\"@id\":\"https:\\\/\\\/elotroenfoque.mx\\\/index.php\\\/2026\\\/09\\\/04\\\/mas-de-570-estudiantes-de-comunidades-rurales-de-silao-reciben-utiles\\\/\"},\"author\":{\"name\":\"Equipo Redaccion\",\"@id\":\"https:\\\/\\\/elotroenfoque.mx\\\/#\\\/schema\\\/person\\\/8eb322f84d0bd9f337e462905519a1ae\"},\"headline\":\"M\u00e1s de 570 estudiantes de comunidades rurales de Silao reciben \u00fatiles\",\"datePublished\":\"2026-09-04T19:21:52+00:00\",\"dateModified\":\"2026-09-04T19:21:53+00:00\",\"mainEntityOfPage\":{\"@id\":\"https:\\\/\\\/elotroenfoque.mx\\\/index.php\\\/2026\\\/09\\\/04\\\/mas-de-570-estudiantes-de-comunidades-rurales-de-silao-reciben-utiles\\\/\"},\"wordCount\":603,\"image\":{\"@id\":\"https:\\\/\\\/elotroenfoque.mx\\\/index.php\\\/2026\\\/09\\\/04\\\/mas-de-570-estudiantes-de-comunidades-rurales-de-silao-reciben-utiles\\\/#primaryimage\"},\"thumbnailUrl\":\"https:\\\/\\\/elotroenfoque.mx\\\/wp-content\\\/uploads\\\/2026\\\/09\\\/reparten-utiles-en-Silao-1.jpeg\",\"keywords\":[\"Guanajuato\",\"Noticias Guanajuato\"],\"articleSection\":[\"Noticias\"],\"inLanguage\":\"es\"},{\"@type\":\"WebPage\",\"@id\":\"https:\\\/\\\/elotroenfoque.mx\\\/index.php\\\/2026\\\/09\\\/04\\\/mas-de-570-estudiantes-de-comunidades-rurales-de-silao-reciben-utiles\\\/\",\"url\":\"https:\\\/\\\/elotroenfoque.mx\\\/index.php\\\/2026\\\/09\\\/04\\\/mas-de-570-estudiantes-de-comunidades-rurales-de-silao-reciben-utiles\\\/\",\"name\":\"M\u00e1s de 570 estudiantes de comunidades rurales de Silao reciben \u00fatiles - El otro enfoque\",\"isPartOf\":{\"@id\":\"https:\\\/\\\/elotroenfoque.mx\\\/#website\"},\"primaryImageOfPage\":{\"@id\":\"https:\\\/\\\/elotroenfoque.mx\\\/index.php\\\/2026\\\/09\\\/04\\\/mas-de-570-estudiantes-de-comunidades-rurales-de-silao-reciben-utiles\\\/#primaryimage\"},\"image\":{\"@id\":\"https:\\\/\\\/elotroenfoque.mx\\\/index.php\\\/2026\\\/09\\\/04\\\/mas-de-570-estudiantes-de-comunidades-rurales-de-silao-reciben-utiles\\\/#primaryimage\"},\"thumbnailUrl\":\"https:\\\/\\\/elotroenfoque.mx\\\/wp-content\\\/uploads\\\/2026\\\/09\\\/reparten-utiles-en-Silao-1.jpeg\",\"datePublished\":\"2026-09-04T19:21:52+00:00\",\"dateModified\":\"2026-09-04T19:21:53+00:00\",\"author\":{\"@id\":\"https:\\\/\\\/elotroenfoque.mx\\\/#\\\/schema\\\/person\\\/8eb322f84d0bd9f337e462905519a1ae\"},\"description\":\"M\u00e1s de 570 ni\u00f1as y ni\u00f1os de comunidades rurales de Silao recibieron \u00fatiles escolares reunidos durante el Donat\u00f3n 2026.\",\"breadcrumb\":{\"@id\":\"https:\\\/\\\/elotroenfoque.mx\\\/index.php\\\/2026\\\/09\\\/04\\\/mas-de-570-estudiantes-de-comunidades-rurales-de-silao-reciben-utiles\\\/#breadcrumb\"},\"inLanguage\":\"es\",\"potentialAction\":[{\"@type\":\"ReadAction\",\"target\":[\"https:\\\/\\\/elotroenfoque.mx\\\/index.php\\\/2026\\\/09\\\/04\\\/mas-de-570-estudiantes-de-comunidades-rurales-de-silao-reciben-utiles\\\/\"]}]},{\"@type\":\"ImageObject\",\"inLanguage\":\"es\",\"@id\":\"https:\\\/\\\/elotroenfoque.mx\\\/index.php\\\/2026\\\/09\\\/04\\\/mas-de-570-estudiantes-de-comunidades-rurales-de-silao-reciben-utiles\\\/#primaryimage\",\"url\":\"https:\\\/\\\/elotroenfoque.mx\\\/wp-content\\\/uploads\\\/2026\\\/09\\\/reparten-utiles-en-Silao-1.jpeg\",\"contentUrl\":\"https:\\\/\\\/elotroenfoque.mx\\\/wp-content\\\/uploads\\\/2026\\\/09\\\/reparten-utiles-en-Silao-1.jpeg\",\"width\":1040,\"height\":770},{\"@type\":\"BreadcrumbList\",\"@id\":\"https:\\\/\\\/elotroenfoque.mx\\\/index.php\\\/2026\\\/09\\\/04\\\/mas-de-570-estudiantes-de-comunidades-rurales-de-silao-reciben-utiles\\\/#breadcrumb\",\"itemListElement\":[{\"@type\":\"ListItem\",\"position\":1,\"name\":\"Portada\",\"item\":\"https:\\\/\\\/elotroenfoque.mx\\\/\"},{\"@type\":\"ListItem\",\"position\":2,\"name\":\"M\u00e1s de 570 estudiantes de comunidades rurales de Silao reciben \u00fatiles\"}]},{\"@type\":\"WebSite\",\"@id\":\"https:\\\/\\\/elotroenfoque.mx\\\/#website\",\"url\":\"https:\\\/\\\/elotroenfoque.mx\\\/\",\"name\":\"El otro enfoque\",\"description\":\"\",\"potentialAction\":[{\"@type\":\"SearchAction\",\"target\":{\"@type\":\"EntryPoint\",\"urlTemplate\":\"https:\\\/\\\/elotroenfoque.mx\\\/?s={search_term_string}\"},\"query-input\":{\"@type\":\"PropertyValueSpecification\",\"valueRequired\":true,\"valueName\":\"search_term_string\"}}],\"inLanguage\":\"es\"},{\"@type\":\"Person\",\"@id\":\"https:\\\/\\\/elotroenfoque.mx\\\/#\\\/schema\\\/person\\\/8eb322f84d0bd9f337e462905519a1ae\",\"name\":\"Equipo Redaccion\",\"image\":{\"@type\":\"ImageObject\",\"inLanguage\":\"es\",\"@id\":\"https:\\\/\\\/secure.gravatar.com\\\/avatar\\\/3579478e2b4e7aad364a32b26cf744b360ae0e581ee1cd0cb18a8f239ee49ac4?s=96&d=mm&r=g\",\"url\":\"https:\\\/\\\/secure.gravatar.com\\\/avatar\\\/3579478e2b4e7aad364a32b26cf744b360ae0e581ee1cd0cb18a8f239ee49ac4?s=96&d=mm&r=g\",\"contentUrl\":\"https:\\\/\\\/secure.gravatar.com\\\/avatar\\\/3579478e2b4e7aad364a32b26cf744b360ae0e581ee1cd0cb18a8f239ee49ac4?s=96&d=mm&r=g\",\"caption\":\"Equipo Redaccion\"},\"url\":\"https:\\\/\\\/elotroenfoque.mx\\\/index.php\\\/author\\\/redaccion\\\/\"}]}<\/script>\n<!-- \/ Yoast SEO plugin. -->","yoast_head_json":{"title":"M\u00e1s de 570 estudiantes de comunidades rurales de Silao reciben \u00fatiles - El otro enfoque","description":"M\u00e1s de 570 ni\u00f1as y ni\u00f1os de comunidades rurales de Silao recibieron \u00fatiles escolares reunidos durante el Donat\u00f3n 2026.","robots":{"index":"index","follow":"follow","max-snippet":"max-snippet:-1","max-image-preview":"max-image-preview:large","max-video-preview":"max-video-preview:-1"},"canonical":"https:\/\/elotroenfoque.mx\/index.php\/2026\/09\/04\/mas-de-570-estudiantes-de-comunidades-rurales-de-silao-reciben-utiles\/","og_locale":"es_MX","og_type":"article","og_title":"M\u00e1s de 570 estudiantes de comunidades rurales de Silao reciben \u00fatiles - El otro enfoque","og_description":"M\u00e1s de 570 ni\u00f1as y ni\u00f1os de comunidades rurales de Silao recibieron \u00fatiles escolares reunidos durante el Donat\u00f3n 2026.","og_url":"https:\/\/elotroenfoque.mx\/index.php\/2026\/09\/04\/mas-de-570-estudiantes-de-comunidades-rurales-de-silao-reciben-utiles\/","og_site_name":"El otro enfoque","article_published_time":"2026-09-04T19:21:52+00:00","article_modified_time":"2026-09-04T19:21:53+00:00","og_image":[{"width":1040,"height":770,"url":"https:\/\/elotroenfoque.mx\/wp-content\/uploads\/2026\/09\/reparten-utiles-en-Silao-1.jpeg","type":"image\/jpeg"}],"author":"Equipo Redaccion","twitter_card":"summary_large_image","twitter_misc":{"Escrito por":"Equipo Redaccion","Tiempo de lectura":"4 minutos"},"schema":{"@context":"https:\/\/schema.org","@graph":[{"@type":"Article","@id":"https:\/\/elotroenfoque.mx\/index.php\/2026\/09\/04\/mas-de-570-estudiantes-de-comunidades-rurales-de-silao-reciben-utiles\/#article","isPartOf":{"@id":"https:\/\/elotroenfoque.mx\/index.php\/2026\/09\/04\/mas-de-570-estudiantes-de-comunidades-rurales-de-silao-reciben-utiles\/"},"author":{"name":"Equipo Redaccion","@id":"https:\/\/elotroenfoque.mx\/#\/schema\/person\/8eb322f84d0bd9f337e462905519a1ae"},"headline":"M\u00e1s de 570 estudiantes de comunidades rurales de Silao reciben \u00fatiles","datePublished":"2026-09-04T19:21:52+00:00","dateModified":"2026-09-04T19:21:53+00:00","mainEntityOfPage":{"@id":"https:\/\/elotroenfoque.mx\/index.php\/2026\/09\/04\/mas-de-570-estudiantes-de-comunidades-rurales-de-silao-reciben-utiles\/"},"wordCount":603,"image":{"@id":"https:\/\/elotroenfoque.mx\/index.php\/2026\/09\/04\/mas-de-570-estudiantes-de-comunidades-rurales-de-silao-reciben-utiles\/#primaryimage"},"thumbnailUrl":"https:\/\/elotroenfoque.mx\/wp-content\/uploads\/2026\/09\/reparten-utiles-en-Silao-1.jpeg","keywords":["Guanajuato","Noticias Guanajuato"],"articleSection":["Noticias"],"inLanguage":"es"},{"@type":"WebPage","@id":"https:\/\/elotroenfoque.mx\/index.php\/2026\/09\/04\/mas-de-570-estudiantes-de-comunidades-rurales-de-silao-reciben-utiles\/","url":"https:\/\/elotroenfoque.mx\/index.php\/2026\/09\/04\/mas-de-570-estudiantes-de-comunidades-rurales-de-silao-reciben-utiles\/","name":"M\u00e1s de 570 estudiantes de comunidades rurales de Silao reciben \u00fatiles - El otro enfoque","isPartOf":{"@id":"https:\/\/elotroenfoque.mx\/#website"},"primaryImageOfPage":{"@id":"https:\/\/elotroenfoque.mx\/index.php\/2026\/09\/04\/mas-de-570-estudiantes-de-comunidades-rurales-de-silao-reciben-utiles\/#primaryimage"},"image":{"@id":"https:\/\/elotroenfoque.mx\/index.php\/2026\/09\/04\/mas-de-570-estudiantes-de-comunidades-rurales-de-silao-reciben-utiles\/#primaryimage"},"thumbnailUrl":"https:\/\/elotroenfoque.mx\/wp-content\/uploads\/2026\/09\/reparten-utiles-en-Silao-1.jpeg","datePublished":"2026-09-04T19:21:52+00:00","dateModified":"2026-09-04T19:21:53+00:00","author":{"@id":"https:\/\/elotroenfoque.mx\/#\/schema\/person\/8eb322f84d0bd9f337e462905519a1ae"},"description":"M\u00e1s de 570 ni\u00f1as y ni\u00f1os de comunidades rurales de Silao recibieron \u00fatiles escolares reunidos durante el Donat\u00f3n 2026.","breadcrumb":{"@id":"https:\/\/elotroenfoque.mx\/index.php\/2026\/09\/04\/mas-de-570-estudiantes-de-comunidades-rurales-de-silao-reciben-utiles\/#breadcrumb"},"inLanguage":"es","potentialAction":[{"@type":"ReadAction","target":["https:\/\/elotroenfoque.mx\/index.php\/2026\/09\/04\/mas-de-570-estudiantes-de-comunidades-rurales-de-silao-reciben-utiles\/"]}]},{"@type":"ImageObject","inLanguage":"es","@id":"https:\/\/elotroenfoque.mx\/index.php\/2026\/09\/04\/mas-de-570-estudiantes-de-comunidades-rurales-de-silao-reciben-utiles\/#primaryimage","url":"https:\/\/elotroenfoque.mx\/wp-content\/uploads\/2026\/09\/reparten-utiles-en-Silao-1.jpeg","contentUrl":"https:\/\/elotroenfoque.mx\/wp-content\/uploads\/2026\/09\/reparten-utiles-en-Silao-1.jpeg","width":1040,"height":770},{"@type":"BreadcrumbList","@id":"https:\/\/elotroenfoque.mx\/index.php\/2026\/09\/04\/mas-de-570-estudiantes-de-comunidades-rurales-de-silao-reciben-utiles\/#breadcrumb","itemListElement":[{"@type":"ListItem","position":1,"name":"Portada","item":"https:\/\/elotroenfoque.mx\/"},{"@type":"ListItem","position":2,"name":"M\u00e1s de 570 estudiantes de comunidades rurales de Silao reciben \u00fatiles"}]},{"@type":"WebSite","@id":"https:\/\/elotroenfoque.mx\/#website","url":"https:\/\/elotroenfoque.mx\/","name":"El otro enfoque","description":"","potentialAction":[{"@type":"SearchAction","target":{"@type":"EntryPoint","urlTemplate":"https:\/\/elotroenfoque.mx\/?s={search_term_string}"},"query-input":{"@type":"PropertyValueSpecification","valueRequired":true,"valueName":"search_term_string"}}],"inLanguage":"es"},{"@type":"Person","@id":"https:\/\/elotroenfoque.mx\/#\/schema\/person\/8eb322f84d0bd9f337e462905519a1ae","name":"Equipo Redaccion","image":{"@type":"ImageObject","inLanguage":"es","@id":"https:\/\/secure.gravatar.com\/avatar\/3579478e2b4e7aad364a32b26cf744b360ae0e581ee1cd0cb18a8f239ee49ac4?s=96&d=mm&r=g","url":"https:\/\/secure.gravatar.com\/avatar\/3579478e2b4e7aad364a32b26cf744b360ae0e581ee1cd0cb18a8f239ee49ac4?s=96&d=mm&r=g","contentUrl":"https:\/\/secure.gravatar.com\/avatar\/3579478e2b4e7aad364a32b26cf744b360ae0e581ee1cd0cb18a8f239ee49ac4?s=96&d=mm&r=g","caption":"Equipo Redaccion"},"url":"https:\/\/elotroenfoque.mx\/index.php\/author\/redaccion\/"}]}},"_links":{"self":[{"href":"https:\/\/elotroenfoque.mx\/index.php\/wp-json\/wp\/v2\/posts\/195622","targetHints":{"allow":["GET"]}}],"collection":[{"href":"https:\/\/elotroenfoque.mx\/index.php\/wp-json\/wp\/v2\/posts"}],"about":[{"href":"https:\/\/elotroenfoque.mx\/index.php\/wp-json\/wp\/v2\/types\/post"}],"author":[{"embeddable":true,"href":"https:\/\/elotroenfoque.mx\/index.php\/wp-json\/wp\/v2\/users\/4"}],"replies":[{"embeddable":true,"href":"https:\/\/elotroenfoque.mx\/index.php\/wp-json\/wp\/v2\/comments?post=195622"}],"version-history":[{"count":1,"href":"https:\/\/elotroenfoque.mx\/index.php\/wp-json\/wp\/v2\/posts\/195622\/revisions"}],"predecessor-version":[{"id":195627,"href":"https:\/\/elotroenfoque.mx\/index.php\/wp-json\/wp\/v2\/posts\/195622\/revisions\/195627"}],"wp:featuredmedia":[{"embeddable":true,"href":"https:\/\/elotroenfoque.mx\/index.php\/wp-json\/wp\/v2\/media\/195623"}],"wp:attachment":[{"href":"https:\/\/elotroenfoque.mx\/index.php\/wp-json\/wp\/v2\/media?parent=195622"}],"wp:term":[{"taxonomy":"category","embeddable":true,"href":"https:\/\/elotroenfoque.mx\/index.php\/wp-json\/wp\/v2\/categories?post=195622"},{"taxonomy":"post_tag","embeddable":true,"href":"https:\/\/elotroenfoque.mx\/index.php\/wp-json\/wp\/v2\/tags?post=195622"}],"curies":[{"name":"wp","href":"https:\/\/api.w.org\/{rel}","templated":true}]}}