{"id":195628,"date":"2026-09-04T13:46:55","date_gmt":"2026-09-04T19:46:55","guid":{"rendered":"https:\/\/elotroenfoque.mx\/?p=195628"},"modified":"2026-09-04T13:46:59","modified_gmt":"2026-09-04T19:46:59","slug":"hallan-sin-vida-a-zenyazen-escobar-diputado-de-morena","status":"publish","type":"post","link":"https:\/\/elotroenfoque.mx\/index.php\/2026\/09\/04\/hallan-sin-vida-a-zenyazen-escobar-diputado-de-morena\/","title":{"rendered":"Hallan sin vida a Zenyazen Escobar, diputado de Morena"},"content":{"rendered":"\n<p class=\"wp-block-paragraph\">Hallan sin vida a Zenyazen Escobar, diputado de Morena, durante la ma\u00f1ana de este viernes 4 de septiembre en la comunidad de La Gloria, ubicada en el municipio de Puente Nacional, Veracruz. <\/p>\n\n\n\n<p class=\"wp-block-paragraph\">De acuerdo con los primeros reportes de las autoridades, el cuerpo del legislador federal presentaba al menos una herida producida por arma de fuego.<\/p>\n\n\n\n<p class=\"wp-block-paragraph\">Elementos de distintas corporaciones de seguridad acudieron a la zona para acordonar el sitio y permitir el trabajo de los peritos ministeriales. <\/p>\n\n\n\n<p class=\"wp-block-paragraph\">Por su parte, la fiscal\u00eda del estado inici\u00f3 las investigaciones correspondientes para recabar pruebas y esclarecer las circunstancias exactas en las que ocurri\u00f3 el ataque.<\/p>\n\n\n\n<p class=\"wp-block-paragraph\">Las autoridades locales mantienen un operativo en los alrededores de la comunidad para recabar testimonios e identificar a los posibles responsables del hecho. Asimismo, las fuerzas de seguridad estatales reforzaron la vigilancia en las v\u00edas de acceso cercanas para agilizar las primeras indagatorias del caso.<\/p>\n\n\n\n<p class=\"wp-block-paragraph\"><strong><a href=\"https:\/\/elotroenfoque.mx\/index.php\/2026\/09\/04\/mas-de-570-estudiantes-de-comunidades-rurales-de-silao-reciben-utiles\/\">\u00bfCu\u00e1ntos estudiantes de las comunidades de Silao recibieron \u00fatiles escolares?<\/a><\/strong><\/p>\n\n\n\n<p class=\"wp-block-paragraph\">El pol\u00edtico era originario del municipio de R\u00edo Blanco y construy\u00f3 una trayectoria p\u00fablica en el estado como l\u00edder del movimiento magisterial. Posteriormente, asumi\u00f3 la titularidad de la Secretar\u00eda de Educaci\u00f3n de Veracruz durante la administraci\u00f3n estatal encabezada por el exgobernador Cuitl\u00e1huac Garc\u00eda.<\/p>\n\n\n\n<p class=\"wp-block-paragraph\">Actualmente, el legislador se desempe\u00f1aba en la C\u00e1mara de Diputados como integrante de la bancada del partido oficialista en la presente legislatura. Tras confirmarse la noticia, diversos compa\u00f1eros de su grupo parlamentario y figuras del \u00e1mbito pol\u00edtico expresaron sus condolencias a sus familiares a trav\u00e9s de mensajes p\u00fablicos.<\/p>\n\n\n\n<p class=\"wp-block-paragraph\">Finalmente, las autoridades gubernamentales informaron que continuar\u00e1n recabando pruebas periciales durante las pr\u00f3ximas horas para ofrecer un informe oficial sobre el caso.<\/p>\n\n\n\n<p class=\"wp-block-paragraph\"><strong><a href=\"https:\/\/www.tiktok.com\/@elotroenfoque?_r=1&amp;_t=ZS-97ffhW6kR1t\">Sigue tambi\u00e9n las noticias en TikTok<\/a><\/strong><\/p>\n\n\n\n<p class=\"wp-block-paragraph\"><\/p>\n","protected":false},"excerpt":{"rendered":"<p>Hallan sin vida a Zenyazen Escobar, diputado de Morena, durante la ma\u00f1ana de este viernes 4 de septiembre en la comunidad de La Gloria, ubicada en el municipio de Puente Nacional, Veracruz. De acuerdo con los primeros reportes de las autoridades, el cuerpo del legislador federal presentaba al menos una herida producida por arma de&#8230;<\/p>\n","protected":false},"author":4,"featured_media":195629,"comment_status":"closed","ping_status":"open","sticky":false,"template":"","format":"standard","meta":{"footnotes":""},"categories":[11],"tags":[13,4517],"class_list":["post-195628","post","type-post","status-publish","format-standard","has-post-thumbnail","hentry","category-otrasnoticias","tag-guanajuato","tag-noticias-guanajuato"],"yoast_head":"<!-- This site is optimized with the Yoast SEO plugin v28.2 - https:\/\/yoast.com\/product\/yoast-seo-wordpress\/ -->\n<title>Hallan sin vida a Zenyazen Escobar, diputado de Morena - El otro enfoque<\/title>\n<meta name=\"description\" content=\"Encuentran sin vida al diputado de Morena Zenyazen Escobar en Puente Nacional, Veracruz. Las autoridades investigan las causas de su fallecimiento.\" \/>\n<meta name=\"robots\" content=\"index, follow, max-snippet:-1, max-image-preview:large, max-video-preview:-1\" \/>\n<link rel=\"canonical\" href=\"https:\/\/elotroenfoque.mx\/index.php\/2026\/09\/04\/hallan-sin-vida-a-zenyazen-escobar-diputado-de-morena\/\" \/>\n<meta property=\"og:locale\" content=\"es_MX\" \/>\n<meta property=\"og:type\" content=\"article\" \/>\n<meta property=\"og:title\" content=\"Hallan sin vida a Zenyazen Escobar, diputado de Morena - El otro enfoque\" \/>\n<meta property=\"og:description\" content=\"Encuentran sin vida al diputado de Morena Zenyazen Escobar en Puente Nacional, Veracruz. Las autoridades investigan las causas de su fallecimiento.\" \/>\n<meta property=\"og:url\" content=\"https:\/\/elotroenfoque.mx\/index.php\/2026\/09\/04\/hallan-sin-vida-a-zenyazen-escobar-diputado-de-morena\/\" \/>\n<meta property=\"og:site_name\" content=\"El otro enfoque\" \/>\n<meta property=\"article:published_time\" content=\"2026-09-04T19:46:55+00:00\" \/>\n<meta property=\"article:modified_time\" content=\"2026-09-04T19:46:59+00:00\" \/>\n<meta property=\"og:image\" content=\"https:\/\/elotroenfoque.mx\/wp-content\/uploads\/2026\/09\/diputado-de-morena-hallado-sin-vida-en-veracruz.jpg\" \/>\n\t<meta property=\"og:image:width\" content=\"773\" \/>\n\t<meta property=\"og:image:height\" content=\"468\" \/>\n\t<meta property=\"og:image:type\" content=\"image\/jpeg\" \/>\n<meta name=\"author\" content=\"Equipo Redaccion\" \/>\n<meta name=\"twitter:card\" content=\"summary_large_image\" \/>\n<meta name=\"twitter:label1\" content=\"Escrito por\" \/>\n\t<meta name=\"twitter:data1\" content=\"Equipo Redaccion\" \/>\n\t<meta name=\"twitter:label2\" content=\"Tiempo de lectura\" \/>\n\t<meta name=\"twitter:data2\" content=\"2 minutos\" \/>\n<script type=\"application\/ld+json\" class=\"yoast-schema-graph\">{\"@context\":\"https:\\\/\\\/schema.org\",\"@graph\":[{\"@type\":\"Article\",\"@id\":\"https:\\\/\\\/elotroenfoque.mx\\\/index.php\\\/2026\\\/09\\\/04\\\/hallan-sin-vida-a-zenyazen-escobar-diputado-de-morena\\\/#article\",\"isPartOf\":{\"@id\":\"https:\\\/\\\/elotroenfoque.mx\\\/index.php\\\/2026\\\/09\\\/04\\\/hallan-sin-vida-a-zenyazen-escobar-diputado-de-morena\\\/\"},\"author\":{\"name\":\"Equipo Redaccion\",\"@id\":\"https:\\\/\\\/elotroenfoque.mx\\\/#\\\/schema\\\/person\\\/8eb322f84d0bd9f337e462905519a1ae\"},\"headline\":\"Hallan sin vida a Zenyazen Escobar, diputado de Morena\",\"datePublished\":\"2026-09-04T19:46:55+00:00\",\"dateModified\":\"2026-09-04T19:46:59+00:00\",\"mainEntityOfPage\":{\"@id\":\"https:\\\/\\\/elotroenfoque.mx\\\/index.php\\\/2026\\\/09\\\/04\\\/hallan-sin-vida-a-zenyazen-escobar-diputado-de-morena\\\/\"},\"wordCount\":307,\"image\":{\"@id\":\"https:\\\/\\\/elotroenfoque.mx\\\/index.php\\\/2026\\\/09\\\/04\\\/hallan-sin-vida-a-zenyazen-escobar-diputado-de-morena\\\/#primaryimage\"},\"thumbnailUrl\":\"https:\\\/\\\/elotroenfoque.mx\\\/wp-content\\\/uploads\\\/2026\\\/09\\\/diputado-de-morena-hallado-sin-vida-en-veracruz.jpg\",\"keywords\":[\"Guanajuato\",\"Noticias Guanajuato\"],\"articleSection\":[\"Otras Noticias\"],\"inLanguage\":\"es\"},{\"@type\":\"WebPage\",\"@id\":\"https:\\\/\\\/elotroenfoque.mx\\\/index.php\\\/2026\\\/09\\\/04\\\/hallan-sin-vida-a-zenyazen-escobar-diputado-de-morena\\\/\",\"url\":\"https:\\\/\\\/elotroenfoque.mx\\\/index.php\\\/2026\\\/09\\\/04\\\/hallan-sin-vida-a-zenyazen-escobar-diputado-de-morena\\\/\",\"name\":\"Hallan sin vida a Zenyazen Escobar, diputado de Morena - El otro enfoque\",\"isPartOf\":{\"@id\":\"https:\\\/\\\/elotroenfoque.mx\\\/#website\"},\"primaryImageOfPage\":{\"@id\":\"https:\\\/\\\/elotroenfoque.mx\\\/index.php\\\/2026\\\/09\\\/04\\\/hallan-sin-vida-a-zenyazen-escobar-diputado-de-morena\\\/#primaryimage\"},\"image\":{\"@id\":\"https:\\\/\\\/elotroenfoque.mx\\\/index.php\\\/2026\\\/09\\\/04\\\/hallan-sin-vida-a-zenyazen-escobar-diputado-de-morena\\\/#primaryimage\"},\"thumbnailUrl\":\"https:\\\/\\\/elotroenfoque.mx\\\/wp-content\\\/uploads\\\/2026\\\/09\\\/diputado-de-morena-hallado-sin-vida-en-veracruz.jpg\",\"datePublished\":\"2026-09-04T19:46:55+00:00\",\"dateModified\":\"2026-09-04T19:46:59+00:00\",\"author\":{\"@id\":\"https:\\\/\\\/elotroenfoque.mx\\\/#\\\/schema\\\/person\\\/8eb322f84d0bd9f337e462905519a1ae\"},\"description\":\"Encuentran sin vida al diputado de Morena Zenyazen Escobar en Puente Nacional, Veracruz. Las autoridades investigan las causas de su fallecimiento.\",\"breadcrumb\":{\"@id\":\"https:\\\/\\\/elotroenfoque.mx\\\/index.php\\\/2026\\\/09\\\/04\\\/hallan-sin-vida-a-zenyazen-escobar-diputado-de-morena\\\/#breadcrumb\"},\"inLanguage\":\"es\",\"potentialAction\":[{\"@type\":\"ReadAction\",\"target\":[\"https:\\\/\\\/elotroenfoque.mx\\\/index.php\\\/2026\\\/09\\\/04\\\/hallan-sin-vida-a-zenyazen-escobar-diputado-de-morena\\\/\"]}]},{\"@type\":\"ImageObject\",\"inLanguage\":\"es\",\"@id\":\"https:\\\/\\\/elotroenfoque.mx\\\/index.php\\\/2026\\\/09\\\/04\\\/hallan-sin-vida-a-zenyazen-escobar-diputado-de-morena\\\/#primaryimage\",\"url\":\"https:\\\/\\\/elotroenfoque.mx\\\/wp-content\\\/uploads\\\/2026\\\/09\\\/diputado-de-morena-hallado-sin-vida-en-veracruz.jpg\",\"contentUrl\":\"https:\\\/\\\/elotroenfoque.mx\\\/wp-content\\\/uploads\\\/2026\\\/09\\\/diputado-de-morena-hallado-sin-vida-en-veracruz.jpg\",\"width\":773,\"height\":468},{\"@type\":\"BreadcrumbList\",\"@id\":\"https:\\\/\\\/elotroenfoque.mx\\\/index.php\\\/2026\\\/09\\\/04\\\/hallan-sin-vida-a-zenyazen-escobar-diputado-de-morena\\\/#breadcrumb\",\"itemListElement\":[{\"@type\":\"ListItem\",\"position\":1,\"name\":\"Portada\",\"item\":\"https:\\\/\\\/elotroenfoque.mx\\\/\"},{\"@type\":\"ListItem\",\"position\":2,\"name\":\"Hallan sin vida a Zenyazen Escobar, diputado de Morena\"}]},{\"@type\":\"WebSite\",\"@id\":\"https:\\\/\\\/elotroenfoque.mx\\\/#website\",\"url\":\"https:\\\/\\\/elotroenfoque.mx\\\/\",\"name\":\"El otro enfoque\",\"description\":\"\",\"potentialAction\":[{\"@type\":\"SearchAction\",\"target\":{\"@type\":\"EntryPoint\",\"urlTemplate\":\"https:\\\/\\\/elotroenfoque.mx\\\/?s={search_term_string}\"},\"query-input\":{\"@type\":\"PropertyValueSpecification\",\"valueRequired\":true,\"valueName\":\"search_term_string\"}}],\"inLanguage\":\"es\"},{\"@type\":\"Person\",\"@id\":\"https:\\\/\\\/elotroenfoque.mx\\\/#\\\/schema\\\/person\\\/8eb322f84d0bd9f337e462905519a1ae\",\"name\":\"Equipo Redaccion\",\"image\":{\"@type\":\"ImageObject\",\"inLanguage\":\"es\",\"@id\":\"https:\\\/\\\/secure.gravatar.com\\\/avatar\\\/3579478e2b4e7aad364a32b26cf744b360ae0e581ee1cd0cb18a8f239ee49ac4?s=96&d=mm&r=g\",\"url\":\"https:\\\/\\\/secure.gravatar.com\\\/avatar\\\/3579478e2b4e7aad364a32b26cf744b360ae0e581ee1cd0cb18a8f239ee49ac4?s=96&d=mm&r=g\",\"contentUrl\":\"https:\\\/\\\/secure.gravatar.com\\\/avatar\\\/3579478e2b4e7aad364a32b26cf744b360ae0e581ee1cd0cb18a8f239ee49ac4?s=96&d=mm&r=g\",\"caption\":\"Equipo Redaccion\"},\"url\":\"https:\\\/\\\/elotroenfoque.mx\\\/index.php\\\/author\\\/redaccion\\\/\"}]}<\/script>\n<!-- \/ Yoast SEO plugin. -->","yoast_head_json":{"title":"Hallan sin vida a Zenyazen Escobar, diputado de Morena - El otro enfoque","description":"Encuentran sin vida al diputado de Morena Zenyazen Escobar en Puente Nacional, Veracruz. Las autoridades investigan las causas de su fallecimiento.","robots":{"index":"index","follow":"follow","max-snippet":"max-snippet:-1","max-image-preview":"max-image-preview:large","max-video-preview":"max-video-preview:-1"},"canonical":"https:\/\/elotroenfoque.mx\/index.php\/2026\/09\/04\/hallan-sin-vida-a-zenyazen-escobar-diputado-de-morena\/","og_locale":"es_MX","og_type":"article","og_title":"Hallan sin vida a Zenyazen Escobar, diputado de Morena - El otro enfoque","og_description":"Encuentran sin vida al diputado de Morena Zenyazen Escobar en Puente Nacional, Veracruz. Las autoridades investigan las causas de su fallecimiento.","og_url":"https:\/\/elotroenfoque.mx\/index.php\/2026\/09\/04\/hallan-sin-vida-a-zenyazen-escobar-diputado-de-morena\/","og_site_name":"El otro enfoque","article_published_time":"2026-09-04T19:46:55+00:00","article_modified_time":"2026-09-04T19:46:59+00:00","og_image":[{"width":773,"height":468,"url":"https:\/\/elotroenfoque.mx\/wp-content\/uploads\/2026\/09\/diputado-de-morena-hallado-sin-vida-en-veracruz.jpg","type":"image\/jpeg"}],"author":"Equipo Redaccion","twitter_card":"summary_large_image","twitter_misc":{"Escrito por":"Equipo Redaccion","Tiempo de lectura":"2 minutos"},"schema":{"@context":"https:\/\/schema.org","@graph":[{"@type":"Article","@id":"https:\/\/elotroenfoque.mx\/index.php\/2026\/09\/04\/hallan-sin-vida-a-zenyazen-escobar-diputado-de-morena\/#article","isPartOf":{"@id":"https:\/\/elotroenfoque.mx\/index.php\/2026\/09\/04\/hallan-sin-vida-a-zenyazen-escobar-diputado-de-morena\/"},"author":{"name":"Equipo Redaccion","@id":"https:\/\/elotroenfoque.mx\/#\/schema\/person\/8eb322f84d0bd9f337e462905519a1ae"},"headline":"Hallan sin vida a Zenyazen Escobar, diputado de Morena","datePublished":"2026-09-04T19:46:55+00:00","dateModified":"2026-09-04T19:46:59+00:00","mainEntityOfPage":{"@id":"https:\/\/elotroenfoque.mx\/index.php\/2026\/09\/04\/hallan-sin-vida-a-zenyazen-escobar-diputado-de-morena\/"},"wordCount":307,"image":{"@id":"https:\/\/elotroenfoque.mx\/index.php\/2026\/09\/04\/hallan-sin-vida-a-zenyazen-escobar-diputado-de-morena\/#primaryimage"},"thumbnailUrl":"https:\/\/elotroenfoque.mx\/wp-content\/uploads\/2026\/09\/diputado-de-morena-hallado-sin-vida-en-veracruz.jpg","keywords":["Guanajuato","Noticias Guanajuato"],"articleSection":["Otras Noticias"],"inLanguage":"es"},{"@type":"WebPage","@id":"https:\/\/elotroenfoque.mx\/index.php\/2026\/09\/04\/hallan-sin-vida-a-zenyazen-escobar-diputado-de-morena\/","url":"https:\/\/elotroenfoque.mx\/index.php\/2026\/09\/04\/hallan-sin-vida-a-zenyazen-escobar-diputado-de-morena\/","name":"Hallan sin vida a Zenyazen Escobar, diputado de Morena - El otro enfoque","isPartOf":{"@id":"https:\/\/elotroenfoque.mx\/#website"},"primaryImageOfPage":{"@id":"https:\/\/elotroenfoque.mx\/index.php\/2026\/09\/04\/hallan-sin-vida-a-zenyazen-escobar-diputado-de-morena\/#primaryimage"},"image":{"@id":"https:\/\/elotroenfoque.mx\/index.php\/2026\/09\/04\/hallan-sin-vida-a-zenyazen-escobar-diputado-de-morena\/#primaryimage"},"thumbnailUrl":"https:\/\/elotroenfoque.mx\/wp-content\/uploads\/2026\/09\/diputado-de-morena-hallado-sin-vida-en-veracruz.jpg","datePublished":"2026-09-04T19:46:55+00:00","dateModified":"2026-09-04T19:46:59+00:00","author":{"@id":"https:\/\/elotroenfoque.mx\/#\/schema\/person\/8eb322f84d0bd9f337e462905519a1ae"},"description":"Encuentran sin vida al diputado de Morena Zenyazen Escobar en Puente Nacional, Veracruz. Las autoridades investigan las causas de su fallecimiento.","breadcrumb":{"@id":"https:\/\/elotroenfoque.mx\/index.php\/2026\/09\/04\/hallan-sin-vida-a-zenyazen-escobar-diputado-de-morena\/#breadcrumb"},"inLanguage":"es","potentialAction":[{"@type":"ReadAction","target":["https:\/\/elotroenfoque.mx\/index.php\/2026\/09\/04\/hallan-sin-vida-a-zenyazen-escobar-diputado-de-morena\/"]}]},{"@type":"ImageObject","inLanguage":"es","@id":"https:\/\/elotroenfoque.mx\/index.php\/2026\/09\/04\/hallan-sin-vida-a-zenyazen-escobar-diputado-de-morena\/#primaryimage","url":"https:\/\/elotroenfoque.mx\/wp-content\/uploads\/2026\/09\/diputado-de-morena-hallado-sin-vida-en-veracruz.jpg","contentUrl":"https:\/\/elotroenfoque.mx\/wp-content\/uploads\/2026\/09\/diputado-de-morena-hallado-sin-vida-en-veracruz.jpg","width":773,"height":468},{"@type":"BreadcrumbList","@id":"https:\/\/elotroenfoque.mx\/index.php\/2026\/09\/04\/hallan-sin-vida-a-zenyazen-escobar-diputado-de-morena\/#breadcrumb","itemListElement":[{"@type":"ListItem","position":1,"name":"Portada","item":"https:\/\/elotroenfoque.mx\/"},{"@type":"ListItem","position":2,"name":"Hallan sin vida a Zenyazen Escobar, diputado de Morena"}]},{"@type":"WebSite","@id":"https:\/\/elotroenfoque.mx\/#website","url":"https:\/\/elotroenfoque.mx\/","name":"El otro enfoque","description":"","potentialAction":[{"@type":"SearchAction","target":{"@type":"EntryPoint","urlTemplate":"https:\/\/elotroenfoque.mx\/?s={search_term_string}"},"query-input":{"@type":"PropertyValueSpecification","valueRequired":true,"valueName":"search_term_string"}}],"inLanguage":"es"},{"@type":"Person","@id":"https:\/\/elotroenfoque.mx\/#\/schema\/person\/8eb322f84d0bd9f337e462905519a1ae","name":"Equipo Redaccion","image":{"@type":"ImageObject","inLanguage":"es","@id":"https:\/\/secure.gravatar.com\/avatar\/3579478e2b4e7aad364a32b26cf744b360ae0e581ee1cd0cb18a8f239ee49ac4?s=96&d=mm&r=g","url":"https:\/\/secure.gravatar.com\/avatar\/3579478e2b4e7aad364a32b26cf744b360ae0e581ee1cd0cb18a8f239ee49ac4?s=96&d=mm&r=g","contentUrl":"https:\/\/secure.gravatar.com\/avatar\/3579478e2b4e7aad364a32b26cf744b360ae0e581ee1cd0cb18a8f239ee49ac4?s=96&d=mm&r=g","caption":"Equipo Redaccion"},"url":"https:\/\/elotroenfoque.mx\/index.php\/author\/redaccion\/"}]}},"_links":{"self":[{"href":"https:\/\/elotroenfoque.mx\/index.php\/wp-json\/wp\/v2\/posts\/195628","targetHints":{"allow":["GET"]}}],"collection":[{"href":"https:\/\/elotroenfoque.mx\/index.php\/wp-json\/wp\/v2\/posts"}],"about":[{"href":"https:\/\/elotroenfoque.mx\/index.php\/wp-json\/wp\/v2\/types\/post"}],"author":[{"embeddable":true,"href":"https:\/\/elotroenfoque.mx\/index.php\/wp-json\/wp\/v2\/users\/4"}],"replies":[{"embeddable":true,"href":"https:\/\/elotroenfoque.mx\/index.php\/wp-json\/wp\/v2\/comments?post=195628"}],"version-history":[{"count":1,"href":"https:\/\/elotroenfoque.mx\/index.php\/wp-json\/wp\/v2\/posts\/195628\/revisions"}],"predecessor-version":[{"id":195630,"href":"https:\/\/elotroenfoque.mx\/index.php\/wp-json\/wp\/v2\/posts\/195628\/revisions\/195630"}],"wp:featuredmedia":[{"embeddable":true,"href":"https:\/\/elotroenfoque.mx\/index.php\/wp-json\/wp\/v2\/media\/195629"}],"wp:attachment":[{"href":"https:\/\/elotroenfoque.mx\/index.php\/wp-json\/wp\/v2\/media?parent=195628"}],"wp:term":[{"taxonomy":"category","embeddable":true,"href":"https:\/\/elotroenfoque.mx\/index.php\/wp-json\/wp\/v2\/categories?post=195628"},{"taxonomy":"post_tag","embeddable":true,"href":"https:\/\/elotroenfoque.mx\/index.php\/wp-json\/wp\/v2\/tags?post=195628"}],"curies":[{"name":"wp","href":"https:\/\/api.w.org\/{rel}","templated":true}]}}