{"id":195638,"date":"2026-09-04T15:27:54","date_gmt":"2026-09-04T21:27:54","guid":{"rendered":"https:\/\/elotroenfoque.mx\/?p=195638"},"modified":"2026-09-04T15:27:54","modified_gmt":"2026-09-04T21:27:54","slug":"catean-centros-de-rehabilitacion-en-abasolo-y-romita-hay-un-detenido","status":"publish","type":"post","link":"https:\/\/elotroenfoque.mx\/index.php\/2026\/09\/04\/catean-centros-de-rehabilitacion-en-abasolo-y-romita-hay-un-detenido\/","title":{"rendered":"Catean centros de rehabilitaci\u00f3n en Abasolo y Romita; hay un detenido"},"content":{"rendered":"\n<p class=\"wp-block-paragraph\">La Fiscal\u00eda General del Estado de Guanajuato realiz\u00f3 cateos en tres inmuebles de Abasolo y Romita, dos de ellos utilizados como centros de rehabilitaci\u00f3n. Durante uno de los operativos, un hombre fue detenido por una orden de aprehensi\u00f3n relacionada con el delito de privaci\u00f3n de la libertad.<\/p>\n\n\n\n<p class=\"wp-block-paragraph\">Las acciones fueron ejecutadas en cumplimiento de \u00f3rdenes judiciales y como parte de investigaciones que mantienen abiertas las autoridades ministeriales. Los agentes aseguraron diversos indicios que ser\u00e1n incorporados a las carpetas de investigaci\u00f3n correspondientes.<\/p>\n\n\n\n<p class=\"wp-block-paragraph\">En Abasolo fueron intervenidos dos inmuebles, mientras que en Romita se realiz\u00f3 un cateo en un centro de rehabilitaci\u00f3n ubicado en la colonia Loma Bonita. En este \u00faltimo sitio tambi\u00e9n se cumpliment\u00f3 una orden de aprehensi\u00f3n.<\/p>\n\n\n\n<h2 class=\"wp-block-heading\">Cateos en Abasolo y Romita movilizan a la Fiscal\u00eda<\/h2>\n\n\n\n<p class=\"wp-block-paragraph\">Los cateos en Abasolo y Romita se realizaron mediante operativos desplegados por la Fiscal\u00eda estatal. Las diligencias contaron con las respectivas \u00f3rdenes judiciales para intervenir los inmuebles se\u00f1alados dentro de las investigaciones.<\/p>\n\n\n\n<p class=\"wp-block-paragraph\">En Abasolo, uno de los sitios intervenidos se localiza en la zona centro y funcionaba como Centro de Rehabilitaci\u00f3n. El segundo inmueble se encuentra en la colonia Vicente Guerrero, donde tambi\u00e9n se llev\u00f3 a cabo una diligencia ministerial.<\/p>\n\n\n\n<p class=\"wp-block-paragraph\">Posteriormente, las autoridades realizaron una intervenci\u00f3n en Romita. El inmueble se encuentra en la colonia Loma Bonita y tambi\u00e9n era utilizado como centro de rehabilitaci\u00f3n.<\/p>\n\n\n\n<h2 class=\"wp-block-heading\">Detienen a hombre por privaci\u00f3n de la libertad<\/h2>\n\n\n\n<p class=\"wp-block-paragraph\">Durante el operativo realizado en Romita, agentes de la Fiscal\u00eda cumplimentaron una orden de aprehensi\u00f3n contra un hombre. La autoridad lo se\u00f1ala por su probable responsabilidad en el delito de privaci\u00f3n de la libertad.<\/p>\n\n\n\n<p class=\"wp-block-paragraph\">La detenci\u00f3n ocurri\u00f3 como parte de las diligencias realizadas en el inmueble intervenido. Sin embargo, la Fiscal\u00eda no proporcion\u00f3 mayores detalles sobre la investigaci\u00f3n que deriv\u00f3 en la orden judicial.<\/p>\n\n\n\n<p class=\"wp-block-paragraph\">Tambi\u00e9n lee: <strong><a href=\"https:\/\/elotroenfoque.mx\/index.php\/2026\/09\/04\/superan-adicciones-140-reos-de-guanajuato-concluyen-programa-tras-las-rejas\/\">Superan adicciones 140 reos de Guanajuato, concluyen programa tras las rejas<\/a><\/strong><\/p>\n\n\n\n<p class=\"wp-block-paragraph\">El detenido qued\u00f3 a disposici\u00f3n de la autoridad correspondiente para continuar con el proceso legal. Ser\u00e1 un juez quien determine su situaci\u00f3n jur\u00eddica conforme avance el procedimiento.<\/p>\n\n\n\n<p class=\"wp-block-paragraph\">Durante los cateos en Abasolo y Romita fueron localizados diversos indicios materiales y elementos considerados relevantes para las investigaciones. Estos ser\u00e1n analizados e incorporados a las respectivas carpetas.<\/p>\n\n\n\n<p class=\"wp-block-paragraph\">La Fiscal\u00eda indic\u00f3 que los objetos y elementos asegurados fueron integrados mediante procedimientos t\u00e9cnicos y cient\u00edficos. Con ello, la autoridad busca fortalecer las l\u00edneas de investigaci\u00f3n y establecer posibles responsabilidades.<\/p>\n\n\n\n<p class=\"wp-block-paragraph\"><strong><a href=\"https:\/\/www.tiktok.com\/@elotroenfoque?_r=1&amp;_t=ZS-97ffhW6kR1t\">Sigue tambi\u00e9n las noticias en TikTok<\/a><\/strong><\/p>\n\n\n\n<p class=\"wp-block-paragraph\">Los cateos en Abasolo y Romita forman parte de las acciones ministeriales desplegadas en distintos municipios de Guanajuato. La Fiscal\u00eda mantiene abiertas las investigaciones para determinar responsabilidades y establecer si existen m\u00e1s personas involucradas.<\/p>\n\n\n\n<p class=\"wp-block-paragraph\"><\/p>\n","protected":false},"excerpt":{"rendered":"<p>La Fiscal\u00eda General del Estado de Guanajuato realiz\u00f3 cateos en tres inmuebles de Abasolo y Romita, dos de ellos utilizados como centros de rehabilitaci\u00f3n. Durante uno de los operativos, un hombre fue detenido por una orden de aprehensi\u00f3n relacionada con el delito de privaci\u00f3n de la libertad. Las acciones fueron ejecutadas en cumplimiento de \u00f3rdenes&#8230;<\/p>\n","protected":false},"author":4,"featured_media":195639,"comment_status":"closed","ping_status":"open","sticky":false,"template":"","format":"standard","meta":{"footnotes":""},"categories":[8],"tags":[13,4517],"class_list":["post-195638","post","type-post","status-publish","format-standard","has-post-thumbnail","hentry","category-desenfoques","tag-guanajuato","tag-noticias-guanajuato"],"yoast_head":"<!-- This site is optimized with the Yoast SEO plugin v28.2 - https:\/\/yoast.com\/product\/yoast-seo-wordpress\/ -->\n<title>Catean centros de rehabilitaci\u00f3n en Abasolo y Romita; hay un detenido - El otro enfoque<\/title>\n<meta name=\"description\" content=\"Fiscal\u00eda realiz\u00f3 cateos en centros de rehabilitaci\u00f3n de Abasolo y Romita; en este \u00faltimo municipio detuvo a un hombre por privaci\u00f3n de la libertad.\" \/>\n<meta name=\"robots\" content=\"index, follow, max-snippet:-1, max-image-preview:large, max-video-preview:-1\" \/>\n<link rel=\"canonical\" href=\"https:\/\/elotroenfoque.mx\/index.php\/2026\/09\/04\/catean-centros-de-rehabilitacion-en-abasolo-y-romita-hay-un-detenido\/\" \/>\n<meta property=\"og:locale\" content=\"es_MX\" \/>\n<meta property=\"og:type\" content=\"article\" \/>\n<meta property=\"og:title\" content=\"Catean centros de rehabilitaci\u00f3n en Abasolo y Romita; hay un detenido - El otro enfoque\" \/>\n<meta property=\"og:description\" content=\"Fiscal\u00eda realiz\u00f3 cateos en centros de rehabilitaci\u00f3n de Abasolo y Romita; en este \u00faltimo municipio detuvo a un hombre por privaci\u00f3n de la libertad.\" \/>\n<meta property=\"og:url\" content=\"https:\/\/elotroenfoque.mx\/index.php\/2026\/09\/04\/catean-centros-de-rehabilitacion-en-abasolo-y-romita-hay-un-detenido\/\" \/>\n<meta property=\"og:site_name\" content=\"El otro enfoque\" \/>\n<meta property=\"article:published_time\" content=\"2026-09-04T21:27:54+00:00\" \/>\n<meta property=\"og:image\" content=\"https:\/\/elotroenfoque.mx\/wp-content\/uploads\/2026\/09\/catean-centros-de-rehabilitacion.jpg\" \/>\n\t<meta property=\"og:image:width\" content=\"762\" \/>\n\t<meta property=\"og:image:height\" content=\"396\" \/>\n\t<meta property=\"og:image:type\" content=\"image\/jpeg\" \/>\n<meta name=\"author\" content=\"Equipo Redaccion\" \/>\n<meta name=\"twitter:card\" content=\"summary_large_image\" \/>\n<meta name=\"twitter:label1\" content=\"Escrito por\" \/>\n\t<meta name=\"twitter:data1\" content=\"Equipo Redaccion\" \/>\n\t<meta name=\"twitter:label2\" content=\"Tiempo de lectura\" \/>\n\t<meta name=\"twitter:data2\" content=\"3 minutos\" \/>\n<script type=\"application\/ld+json\" class=\"yoast-schema-graph\">{\"@context\":\"https:\\\/\\\/schema.org\",\"@graph\":[{\"@type\":\"Article\",\"@id\":\"https:\\\/\\\/elotroenfoque.mx\\\/index.php\\\/2026\\\/09\\\/04\\\/catean-centros-de-rehabilitacion-en-abasolo-y-romita-hay-un-detenido\\\/#article\",\"isPartOf\":{\"@id\":\"https:\\\/\\\/elotroenfoque.mx\\\/index.php\\\/2026\\\/09\\\/04\\\/catean-centros-de-rehabilitacion-en-abasolo-y-romita-hay-un-detenido\\\/\"},\"author\":{\"name\":\"Equipo Redaccion\",\"@id\":\"https:\\\/\\\/elotroenfoque.mx\\\/#\\\/schema\\\/person\\\/8eb322f84d0bd9f337e462905519a1ae\"},\"headline\":\"Catean centros de rehabilitaci\u00f3n en Abasolo y Romita; hay un detenido\",\"datePublished\":\"2026-09-04T21:27:54+00:00\",\"mainEntityOfPage\":{\"@id\":\"https:\\\/\\\/elotroenfoque.mx\\\/index.php\\\/2026\\\/09\\\/04\\\/catean-centros-de-rehabilitacion-en-abasolo-y-romita-hay-un-detenido\\\/\"},\"wordCount\":480,\"image\":{\"@id\":\"https:\\\/\\\/elotroenfoque.mx\\\/index.php\\\/2026\\\/09\\\/04\\\/catean-centros-de-rehabilitacion-en-abasolo-y-romita-hay-un-detenido\\\/#primaryimage\"},\"thumbnailUrl\":\"https:\\\/\\\/elotroenfoque.mx\\\/wp-content\\\/uploads\\\/2026\\\/09\\\/catean-centros-de-rehabilitacion.jpg\",\"keywords\":[\"Guanajuato\",\"Noticias Guanajuato\"],\"articleSection\":[\"Desenfoques\"],\"inLanguage\":\"es\"},{\"@type\":\"WebPage\",\"@id\":\"https:\\\/\\\/elotroenfoque.mx\\\/index.php\\\/2026\\\/09\\\/04\\\/catean-centros-de-rehabilitacion-en-abasolo-y-romita-hay-un-detenido\\\/\",\"url\":\"https:\\\/\\\/elotroenfoque.mx\\\/index.php\\\/2026\\\/09\\\/04\\\/catean-centros-de-rehabilitacion-en-abasolo-y-romita-hay-un-detenido\\\/\",\"name\":\"Catean centros de rehabilitaci\u00f3n en Abasolo y Romita; hay un detenido - El otro enfoque\",\"isPartOf\":{\"@id\":\"https:\\\/\\\/elotroenfoque.mx\\\/#website\"},\"primaryImageOfPage\":{\"@id\":\"https:\\\/\\\/elotroenfoque.mx\\\/index.php\\\/2026\\\/09\\\/04\\\/catean-centros-de-rehabilitacion-en-abasolo-y-romita-hay-un-detenido\\\/#primaryimage\"},\"image\":{\"@id\":\"https:\\\/\\\/elotroenfoque.mx\\\/index.php\\\/2026\\\/09\\\/04\\\/catean-centros-de-rehabilitacion-en-abasolo-y-romita-hay-un-detenido\\\/#primaryimage\"},\"thumbnailUrl\":\"https:\\\/\\\/elotroenfoque.mx\\\/wp-content\\\/uploads\\\/2026\\\/09\\\/catean-centros-de-rehabilitacion.jpg\",\"datePublished\":\"2026-09-04T21:27:54+00:00\",\"author\":{\"@id\":\"https:\\\/\\\/elotroenfoque.mx\\\/#\\\/schema\\\/person\\\/8eb322f84d0bd9f337e462905519a1ae\"},\"description\":\"Fiscal\u00eda realiz\u00f3 cateos en centros de rehabilitaci\u00f3n de Abasolo y Romita; en este \u00faltimo municipio detuvo a un hombre por privaci\u00f3n de la libertad.\",\"breadcrumb\":{\"@id\":\"https:\\\/\\\/elotroenfoque.mx\\\/index.php\\\/2026\\\/09\\\/04\\\/catean-centros-de-rehabilitacion-en-abasolo-y-romita-hay-un-detenido\\\/#breadcrumb\"},\"inLanguage\":\"es\",\"potentialAction\":[{\"@type\":\"ReadAction\",\"target\":[\"https:\\\/\\\/elotroenfoque.mx\\\/index.php\\\/2026\\\/09\\\/04\\\/catean-centros-de-rehabilitacion-en-abasolo-y-romita-hay-un-detenido\\\/\"]}]},{\"@type\":\"ImageObject\",\"inLanguage\":\"es\",\"@id\":\"https:\\\/\\\/elotroenfoque.mx\\\/index.php\\\/2026\\\/09\\\/04\\\/catean-centros-de-rehabilitacion-en-abasolo-y-romita-hay-un-detenido\\\/#primaryimage\",\"url\":\"https:\\\/\\\/elotroenfoque.mx\\\/wp-content\\\/uploads\\\/2026\\\/09\\\/catean-centros-de-rehabilitacion.jpg\",\"contentUrl\":\"https:\\\/\\\/elotroenfoque.mx\\\/wp-content\\\/uploads\\\/2026\\\/09\\\/catean-centros-de-rehabilitacion.jpg\",\"width\":762,\"height\":396},{\"@type\":\"BreadcrumbList\",\"@id\":\"https:\\\/\\\/elotroenfoque.mx\\\/index.php\\\/2026\\\/09\\\/04\\\/catean-centros-de-rehabilitacion-en-abasolo-y-romita-hay-un-detenido\\\/#breadcrumb\",\"itemListElement\":[{\"@type\":\"ListItem\",\"position\":1,\"name\":\"Portada\",\"item\":\"https:\\\/\\\/elotroenfoque.mx\\\/\"},{\"@type\":\"ListItem\",\"position\":2,\"name\":\"Catean centros de rehabilitaci\u00f3n en Abasolo y Romita; hay un detenido\"}]},{\"@type\":\"WebSite\",\"@id\":\"https:\\\/\\\/elotroenfoque.mx\\\/#website\",\"url\":\"https:\\\/\\\/elotroenfoque.mx\\\/\",\"name\":\"El otro enfoque\",\"description\":\"\",\"potentialAction\":[{\"@type\":\"SearchAction\",\"target\":{\"@type\":\"EntryPoint\",\"urlTemplate\":\"https:\\\/\\\/elotroenfoque.mx\\\/?s={search_term_string}\"},\"query-input\":{\"@type\":\"PropertyValueSpecification\",\"valueRequired\":true,\"valueName\":\"search_term_string\"}}],\"inLanguage\":\"es\"},{\"@type\":\"Person\",\"@id\":\"https:\\\/\\\/elotroenfoque.mx\\\/#\\\/schema\\\/person\\\/8eb322f84d0bd9f337e462905519a1ae\",\"name\":\"Equipo Redaccion\",\"image\":{\"@type\":\"ImageObject\",\"inLanguage\":\"es\",\"@id\":\"https:\\\/\\\/secure.gravatar.com\\\/avatar\\\/3579478e2b4e7aad364a32b26cf744b360ae0e581ee1cd0cb18a8f239ee49ac4?s=96&d=mm&r=g\",\"url\":\"https:\\\/\\\/secure.gravatar.com\\\/avatar\\\/3579478e2b4e7aad364a32b26cf744b360ae0e581ee1cd0cb18a8f239ee49ac4?s=96&d=mm&r=g\",\"contentUrl\":\"https:\\\/\\\/secure.gravatar.com\\\/avatar\\\/3579478e2b4e7aad364a32b26cf744b360ae0e581ee1cd0cb18a8f239ee49ac4?s=96&d=mm&r=g\",\"caption\":\"Equipo Redaccion\"},\"url\":\"https:\\\/\\\/elotroenfoque.mx\\\/index.php\\\/author\\\/redaccion\\\/\"}]}<\/script>\n<!-- \/ Yoast SEO plugin. -->","yoast_head_json":{"title":"Catean centros de rehabilitaci\u00f3n en Abasolo y Romita; hay un detenido - El otro enfoque","description":"Fiscal\u00eda realiz\u00f3 cateos en centros de rehabilitaci\u00f3n de Abasolo y Romita; en este \u00faltimo municipio detuvo a un hombre por privaci\u00f3n de la libertad.","robots":{"index":"index","follow":"follow","max-snippet":"max-snippet:-1","max-image-preview":"max-image-preview:large","max-video-preview":"max-video-preview:-1"},"canonical":"https:\/\/elotroenfoque.mx\/index.php\/2026\/09\/04\/catean-centros-de-rehabilitacion-en-abasolo-y-romita-hay-un-detenido\/","og_locale":"es_MX","og_type":"article","og_title":"Catean centros de rehabilitaci\u00f3n en Abasolo y Romita; hay un detenido - El otro enfoque","og_description":"Fiscal\u00eda realiz\u00f3 cateos en centros de rehabilitaci\u00f3n de Abasolo y Romita; en este \u00faltimo municipio detuvo a un hombre por privaci\u00f3n de la libertad.","og_url":"https:\/\/elotroenfoque.mx\/index.php\/2026\/09\/04\/catean-centros-de-rehabilitacion-en-abasolo-y-romita-hay-un-detenido\/","og_site_name":"El otro enfoque","article_published_time":"2026-09-04T21:27:54+00:00","og_image":[{"width":762,"height":396,"url":"https:\/\/elotroenfoque.mx\/wp-content\/uploads\/2026\/09\/catean-centros-de-rehabilitacion.jpg","type":"image\/jpeg"}],"author":"Equipo Redaccion","twitter_card":"summary_large_image","twitter_misc":{"Escrito por":"Equipo Redaccion","Tiempo de lectura":"3 minutos"},"schema":{"@context":"https:\/\/schema.org","@graph":[{"@type":"Article","@id":"https:\/\/elotroenfoque.mx\/index.php\/2026\/09\/04\/catean-centros-de-rehabilitacion-en-abasolo-y-romita-hay-un-detenido\/#article","isPartOf":{"@id":"https:\/\/elotroenfoque.mx\/index.php\/2026\/09\/04\/catean-centros-de-rehabilitacion-en-abasolo-y-romita-hay-un-detenido\/"},"author":{"name":"Equipo Redaccion","@id":"https:\/\/elotroenfoque.mx\/#\/schema\/person\/8eb322f84d0bd9f337e462905519a1ae"},"headline":"Catean centros de rehabilitaci\u00f3n en Abasolo y Romita; hay un detenido","datePublished":"2026-09-04T21:27:54+00:00","mainEntityOfPage":{"@id":"https:\/\/elotroenfoque.mx\/index.php\/2026\/09\/04\/catean-centros-de-rehabilitacion-en-abasolo-y-romita-hay-un-detenido\/"},"wordCount":480,"image":{"@id":"https:\/\/elotroenfoque.mx\/index.php\/2026\/09\/04\/catean-centros-de-rehabilitacion-en-abasolo-y-romita-hay-un-detenido\/#primaryimage"},"thumbnailUrl":"https:\/\/elotroenfoque.mx\/wp-content\/uploads\/2026\/09\/catean-centros-de-rehabilitacion.jpg","keywords":["Guanajuato","Noticias Guanajuato"],"articleSection":["Desenfoques"],"inLanguage":"es"},{"@type":"WebPage","@id":"https:\/\/elotroenfoque.mx\/index.php\/2026\/09\/04\/catean-centros-de-rehabilitacion-en-abasolo-y-romita-hay-un-detenido\/","url":"https:\/\/elotroenfoque.mx\/index.php\/2026\/09\/04\/catean-centros-de-rehabilitacion-en-abasolo-y-romita-hay-un-detenido\/","name":"Catean centros de rehabilitaci\u00f3n en Abasolo y Romita; hay un detenido - El otro enfoque","isPartOf":{"@id":"https:\/\/elotroenfoque.mx\/#website"},"primaryImageOfPage":{"@id":"https:\/\/elotroenfoque.mx\/index.php\/2026\/09\/04\/catean-centros-de-rehabilitacion-en-abasolo-y-romita-hay-un-detenido\/#primaryimage"},"image":{"@id":"https:\/\/elotroenfoque.mx\/index.php\/2026\/09\/04\/catean-centros-de-rehabilitacion-en-abasolo-y-romita-hay-un-detenido\/#primaryimage"},"thumbnailUrl":"https:\/\/elotroenfoque.mx\/wp-content\/uploads\/2026\/09\/catean-centros-de-rehabilitacion.jpg","datePublished":"2026-09-04T21:27:54+00:00","author":{"@id":"https:\/\/elotroenfoque.mx\/#\/schema\/person\/8eb322f84d0bd9f337e462905519a1ae"},"description":"Fiscal\u00eda realiz\u00f3 cateos en centros de rehabilitaci\u00f3n de Abasolo y Romita; en este \u00faltimo municipio detuvo a un hombre por privaci\u00f3n de la libertad.","breadcrumb":{"@id":"https:\/\/elotroenfoque.mx\/index.php\/2026\/09\/04\/catean-centros-de-rehabilitacion-en-abasolo-y-romita-hay-un-detenido\/#breadcrumb"},"inLanguage":"es","potentialAction":[{"@type":"ReadAction","target":["https:\/\/elotroenfoque.mx\/index.php\/2026\/09\/04\/catean-centros-de-rehabilitacion-en-abasolo-y-romita-hay-un-detenido\/"]}]},{"@type":"ImageObject","inLanguage":"es","@id":"https:\/\/elotroenfoque.mx\/index.php\/2026\/09\/04\/catean-centros-de-rehabilitacion-en-abasolo-y-romita-hay-un-detenido\/#primaryimage","url":"https:\/\/elotroenfoque.mx\/wp-content\/uploads\/2026\/09\/catean-centros-de-rehabilitacion.jpg","contentUrl":"https:\/\/elotroenfoque.mx\/wp-content\/uploads\/2026\/09\/catean-centros-de-rehabilitacion.jpg","width":762,"height":396},{"@type":"BreadcrumbList","@id":"https:\/\/elotroenfoque.mx\/index.php\/2026\/09\/04\/catean-centros-de-rehabilitacion-en-abasolo-y-romita-hay-un-detenido\/#breadcrumb","itemListElement":[{"@type":"ListItem","position":1,"name":"Portada","item":"https:\/\/elotroenfoque.mx\/"},{"@type":"ListItem","position":2,"name":"Catean centros de rehabilitaci\u00f3n en Abasolo y Romita; hay un detenido"}]},{"@type":"WebSite","@id":"https:\/\/elotroenfoque.mx\/#website","url":"https:\/\/elotroenfoque.mx\/","name":"El otro enfoque","description":"","potentialAction":[{"@type":"SearchAction","target":{"@type":"EntryPoint","urlTemplate":"https:\/\/elotroenfoque.mx\/?s={search_term_string}"},"query-input":{"@type":"PropertyValueSpecification","valueRequired":true,"valueName":"search_term_string"}}],"inLanguage":"es"},{"@type":"Person","@id":"https:\/\/elotroenfoque.mx\/#\/schema\/person\/8eb322f84d0bd9f337e462905519a1ae","name":"Equipo Redaccion","image":{"@type":"ImageObject","inLanguage":"es","@id":"https:\/\/secure.gravatar.com\/avatar\/3579478e2b4e7aad364a32b26cf744b360ae0e581ee1cd0cb18a8f239ee49ac4?s=96&d=mm&r=g","url":"https:\/\/secure.gravatar.com\/avatar\/3579478e2b4e7aad364a32b26cf744b360ae0e581ee1cd0cb18a8f239ee49ac4?s=96&d=mm&r=g","contentUrl":"https:\/\/secure.gravatar.com\/avatar\/3579478e2b4e7aad364a32b26cf744b360ae0e581ee1cd0cb18a8f239ee49ac4?s=96&d=mm&r=g","caption":"Equipo Redaccion"},"url":"https:\/\/elotroenfoque.mx\/index.php\/author\/redaccion\/"}]}},"_links":{"self":[{"href":"https:\/\/elotroenfoque.mx\/index.php\/wp-json\/wp\/v2\/posts\/195638","targetHints":{"allow":["GET"]}}],"collection":[{"href":"https:\/\/elotroenfoque.mx\/index.php\/wp-json\/wp\/v2\/posts"}],"about":[{"href":"https:\/\/elotroenfoque.mx\/index.php\/wp-json\/wp\/v2\/types\/post"}],"author":[{"embeddable":true,"href":"https:\/\/elotroenfoque.mx\/index.php\/wp-json\/wp\/v2\/users\/4"}],"replies":[{"embeddable":true,"href":"https:\/\/elotroenfoque.mx\/index.php\/wp-json\/wp\/v2\/comments?post=195638"}],"version-history":[{"count":1,"href":"https:\/\/elotroenfoque.mx\/index.php\/wp-json\/wp\/v2\/posts\/195638\/revisions"}],"predecessor-version":[{"id":195640,"href":"https:\/\/elotroenfoque.mx\/index.php\/wp-json\/wp\/v2\/posts\/195638\/revisions\/195640"}],"wp:featuredmedia":[{"embeddable":true,"href":"https:\/\/elotroenfoque.mx\/index.php\/wp-json\/wp\/v2\/media\/195639"}],"wp:attachment":[{"href":"https:\/\/elotroenfoque.mx\/index.php\/wp-json\/wp\/v2\/media?parent=195638"}],"wp:term":[{"taxonomy":"category","embeddable":true,"href":"https:\/\/elotroenfoque.mx\/index.php\/wp-json\/wp\/v2\/categories?post=195638"},{"taxonomy":"post_tag","embeddable":true,"href":"https:\/\/elotroenfoque.mx\/index.php\/wp-json\/wp\/v2\/tags?post=195638"}],"curies":[{"name":"wp","href":"https:\/\/api.w.org\/{rel}","templated":true}]}}