{"id":195641,"date":"2026-09-04T16:21:52","date_gmt":"2026-09-04T22:21:52","guid":{"rendered":"https:\/\/elotroenfoque.mx\/?p=195641"},"modified":"2026-09-04T16:21:53","modified_gmt":"2026-09-04T22:21:53","slug":"en-9-vuelos-llegan-a-chiapas-1200-mexicanos-deportados-de-eu","status":"publish","type":"post","link":"https:\/\/elotroenfoque.mx\/index.php\/2026\/09\/04\/en-9-vuelos-llegan-a-chiapas-1200-mexicanos-deportados-de-eu\/","title":{"rendered":"En 9 vuelos, llegan a Chiapas 1,200 mexicanos deportados de EU"},"content":{"rendered":"\n<p class=\"wp-block-paragraph\">Llegan m\u00e1s de mil 200 connacionales deportados a la frontera sur de M\u00e9xico durante una de las jornadas de repatriaci\u00f3n m\u00e1s intensas registradas en Chiapas. <\/p>\n\n\n\n<p class=\"wp-block-paragraph\">Las autoridades de seguridad confirmaron que las operaciones a\u00e9reas aumentaron de forma constante a lo largo de esta semana en la regi\u00f3n. Asimismo, los reportes oficiales indican que al menos nueve aviones procedentes de Estados Unidos aterrizaron en el estado para trasladar a los ciudadanos mexicanos.<\/p>\n\n\n\n<p class=\"wp-block-paragraph\">Las aeronaves utilizadas para los traslados pertenec\u00edan a empresas privadas de transporte a\u00e9reo que despegaron desde diversos puntos en territorio estadounidense. <\/p>\n\n\n\n<p class=\"wp-block-paragraph\">Entre las ciudades de origen de estas aeronaves se encuentran El Paso y Harlingen en Texas, adem\u00e1s de ubicaciones en Arizona y Luisiana. Por su parte, el Aeropuerto Internacional de Tapachula funcion\u00f3 como la terminal principal para recibir a los connacionales de manera ordenada.<\/p>\n\n\n\n<p class=\"wp-block-paragraph\">Las autoridades trasladaron por v\u00eda terrestre a los connacionales repatriados directamente hacia el Centro de Procesamiento del programa oficial M\u00e9xico te Abraza. <\/p>\n\n\n\n<p class=\"wp-block-paragraph\">En estas instalaciones, el personal gubernamental brinda atenci\u00f3n m\u00e9dica, asesor\u00eda jur\u00eddica y apoyos econ\u00f3micos para facilitar el retorno de los ciudadanos a sus lugares de origen. De igual forma, los funcionarios se\u00f1alaron que muchas de las personas atendidas provienen de estados ubicados en el centro y norte del pa\u00eds.<\/p>\n\n\n\n<p class=\"wp-block-paragraph\">Los datos oficiales confirman un incremento notable en el n\u00famero de connacionales deportados a la frontera sur durante los primeros meses del a\u00f1o. <\/p>\n\n\n\n<p class=\"wp-block-paragraph\">Las estad\u00edsticas reflejan un crecimiento superior al cien por ciento en los retornos a\u00e9reos en comparaci\u00f3n con el \u00faltimo trimestre del a\u00f1o pasado. Por esta raz\u00f3n, las instituciones de migraci\u00f3n han reforzado la presencia de personal capacitado en los centros receptores de Chiapas y Tabasco.<\/p>\n\n\n\n<p class=\"wp-block-paragraph\"><strong><a href=\"https:\/\/elotroenfoque.mx\/index.php\/2026\/09\/04\/catean-centros-de-rehabilitacion-en-abasolo-y-romita-hay-un-detenido\/\">\u00bfCu\u00e1ntos centros de rehabilitaci\u00f3n catearon en Abasolo y Romita?<\/a><\/strong><\/p>\n\n\n\n<p class=\"wp-block-paragraph\">Las terminales a\u00e9reas de Tapachula y Villahermosa concentran la mayor\u00eda de los vuelos de repatriaci\u00f3n coordinados entre los gobiernos de ambos pa\u00edses. <\/p>\n\n\n\n<p class=\"wp-block-paragraph\">Adem\u00e1s, las autoridades federales mantienen los operativos terrestres para garantizar que los trayectos hacia las comunidades de origen se realicen con seguridad. Del mismo modo, diversas organizaciones sociales permanecen atentas a las necesidades b\u00e1sicas de las familias que arriban a la zona fronteriza.<\/p>\n\n\n\n<p class=\"wp-block-paragraph\">Finalmente, los organismos gubernamentales prev\u00e9n que los vuelos de retorno contin\u00faen operando de manera regular durante las pr\u00f3ximas semanas en la entidad.<\/p>\n\n\n\n<p class=\"wp-block-paragraph\"><strong><a href=\"https:\/\/www.tiktok.com\/@elotroenfoque?_r=1&amp;_t=ZS-97ffhW6kR1t\">Sigue tambi\u00e9n las noticias en TikTok<\/a><\/strong><\/p>\n\n\n\n<p class=\"wp-block-paragraph\"><\/p>\n","protected":false},"excerpt":{"rendered":"<p>Llegan m\u00e1s de mil 200 connacionales deportados a la frontera sur de M\u00e9xico durante una de las jornadas de repatriaci\u00f3n m\u00e1s intensas registradas en Chiapas. Las autoridades de seguridad confirmaron que las operaciones a\u00e9reas aumentaron de forma constante a lo largo de esta semana en la regi\u00f3n. Asimismo, los reportes oficiales indican que al menos&#8230;<\/p>\n","protected":false},"author":4,"featured_media":195642,"comment_status":"closed","ping_status":"open","sticky":false,"template":"","format":"standard","meta":{"footnotes":""},"categories":[11],"tags":[13,4517],"class_list":["post-195641","post","type-post","status-publish","format-standard","has-post-thumbnail","hentry","category-otrasnoticias","tag-guanajuato","tag-noticias-guanajuato"],"yoast_head":"<!-- This site is optimized with the Yoast SEO plugin v28.2 - https:\/\/yoast.com\/product\/yoast-seo-wordpress\/ -->\n<title>En 9 vuelos, llegan a Chiapas 1,200 mexicanos deportados de EU - El otro enfoque<\/title>\n<meta name=\"description\" content=\"Estados Unidos intensifica los vuelos de connacionales deportados a la frontera sur de M\u00e9xico con el arribo de mil 200 personas a Tapachula.\" \/>\n<meta name=\"robots\" content=\"index, follow, max-snippet:-1, max-image-preview:large, max-video-preview:-1\" \/>\n<link rel=\"canonical\" href=\"https:\/\/elotroenfoque.mx\/index.php\/2026\/09\/04\/en-9-vuelos-llegan-a-chiapas-1200-mexicanos-deportados-de-eu\/\" \/>\n<meta property=\"og:locale\" content=\"es_MX\" \/>\n<meta property=\"og:type\" content=\"article\" \/>\n<meta property=\"og:title\" content=\"En 9 vuelos, llegan a Chiapas 1,200 mexicanos deportados de EU - El otro enfoque\" \/>\n<meta property=\"og:description\" content=\"Estados Unidos intensifica los vuelos de connacionales deportados a la frontera sur de M\u00e9xico con el arribo de mil 200 personas a Tapachula.\" \/>\n<meta property=\"og:url\" content=\"https:\/\/elotroenfoque.mx\/index.php\/2026\/09\/04\/en-9-vuelos-llegan-a-chiapas-1200-mexicanos-deportados-de-eu\/\" \/>\n<meta property=\"og:site_name\" content=\"El otro enfoque\" \/>\n<meta property=\"article:published_time\" content=\"2026-09-04T22:21:52+00:00\" \/>\n<meta property=\"article:modified_time\" content=\"2026-09-04T22:21:53+00:00\" \/>\n<meta property=\"og:image\" content=\"https:\/\/elotroenfoque.mx\/wp-content\/uploads\/2026\/09\/llegan-mexicanos-deportados-a-chiapas.jpg\" \/>\n\t<meta property=\"og:image:width\" content=\"673\" \/>\n\t<meta property=\"og:image:height\" content=\"474\" \/>\n\t<meta property=\"og:image:type\" content=\"image\/jpeg\" \/>\n<meta name=\"author\" content=\"Equipo Redaccion\" \/>\n<meta name=\"twitter:card\" content=\"summary_large_image\" \/>\n<meta name=\"twitter:label1\" content=\"Escrito por\" \/>\n\t<meta name=\"twitter:data1\" content=\"Equipo Redaccion\" \/>\n\t<meta name=\"twitter:label2\" content=\"Tiempo de lectura\" \/>\n\t<meta name=\"twitter:data2\" content=\"2 minutos\" \/>\n<script type=\"application\/ld+json\" class=\"yoast-schema-graph\">{\"@context\":\"https:\\\/\\\/schema.org\",\"@graph\":[{\"@type\":\"Article\",\"@id\":\"https:\\\/\\\/elotroenfoque.mx\\\/index.php\\\/2026\\\/09\\\/04\\\/en-9-vuelos-llegan-a-chiapas-1200-mexicanos-deportados-de-eu\\\/#article\",\"isPartOf\":{\"@id\":\"https:\\\/\\\/elotroenfoque.mx\\\/index.php\\\/2026\\\/09\\\/04\\\/en-9-vuelos-llegan-a-chiapas-1200-mexicanos-deportados-de-eu\\\/\"},\"author\":{\"name\":\"Equipo Redaccion\",\"@id\":\"https:\\\/\\\/elotroenfoque.mx\\\/#\\\/schema\\\/person\\\/8eb322f84d0bd9f337e462905519a1ae\"},\"headline\":\"En 9 vuelos, llegan a Chiapas 1,200 mexicanos deportados de EU\",\"datePublished\":\"2026-09-04T22:21:52+00:00\",\"dateModified\":\"2026-09-04T22:21:53+00:00\",\"mainEntityOfPage\":{\"@id\":\"https:\\\/\\\/elotroenfoque.mx\\\/index.php\\\/2026\\\/09\\\/04\\\/en-9-vuelos-llegan-a-chiapas-1200-mexicanos-deportados-de-eu\\\/\"},\"wordCount\":423,\"image\":{\"@id\":\"https:\\\/\\\/elotroenfoque.mx\\\/index.php\\\/2026\\\/09\\\/04\\\/en-9-vuelos-llegan-a-chiapas-1200-mexicanos-deportados-de-eu\\\/#primaryimage\"},\"thumbnailUrl\":\"https:\\\/\\\/elotroenfoque.mx\\\/wp-content\\\/uploads\\\/2026\\\/09\\\/llegan-mexicanos-deportados-a-chiapas.jpg\",\"keywords\":[\"Guanajuato\",\"Noticias Guanajuato\"],\"articleSection\":[\"Otras Noticias\"],\"inLanguage\":\"es\"},{\"@type\":\"WebPage\",\"@id\":\"https:\\\/\\\/elotroenfoque.mx\\\/index.php\\\/2026\\\/09\\\/04\\\/en-9-vuelos-llegan-a-chiapas-1200-mexicanos-deportados-de-eu\\\/\",\"url\":\"https:\\\/\\\/elotroenfoque.mx\\\/index.php\\\/2026\\\/09\\\/04\\\/en-9-vuelos-llegan-a-chiapas-1200-mexicanos-deportados-de-eu\\\/\",\"name\":\"En 9 vuelos, llegan a Chiapas 1,200 mexicanos deportados de EU - El otro enfoque\",\"isPartOf\":{\"@id\":\"https:\\\/\\\/elotroenfoque.mx\\\/#website\"},\"primaryImageOfPage\":{\"@id\":\"https:\\\/\\\/elotroenfoque.mx\\\/index.php\\\/2026\\\/09\\\/04\\\/en-9-vuelos-llegan-a-chiapas-1200-mexicanos-deportados-de-eu\\\/#primaryimage\"},\"image\":{\"@id\":\"https:\\\/\\\/elotroenfoque.mx\\\/index.php\\\/2026\\\/09\\\/04\\\/en-9-vuelos-llegan-a-chiapas-1200-mexicanos-deportados-de-eu\\\/#primaryimage\"},\"thumbnailUrl\":\"https:\\\/\\\/elotroenfoque.mx\\\/wp-content\\\/uploads\\\/2026\\\/09\\\/llegan-mexicanos-deportados-a-chiapas.jpg\",\"datePublished\":\"2026-09-04T22:21:52+00:00\",\"dateModified\":\"2026-09-04T22:21:53+00:00\",\"author\":{\"@id\":\"https:\\\/\\\/elotroenfoque.mx\\\/#\\\/schema\\\/person\\\/8eb322f84d0bd9f337e462905519a1ae\"},\"description\":\"Estados Unidos intensifica los vuelos de connacionales deportados a la frontera sur de M\u00e9xico con el arribo de mil 200 personas a Tapachula.\",\"breadcrumb\":{\"@id\":\"https:\\\/\\\/elotroenfoque.mx\\\/index.php\\\/2026\\\/09\\\/04\\\/en-9-vuelos-llegan-a-chiapas-1200-mexicanos-deportados-de-eu\\\/#breadcrumb\"},\"inLanguage\":\"es\",\"potentialAction\":[{\"@type\":\"ReadAction\",\"target\":[\"https:\\\/\\\/elotroenfoque.mx\\\/index.php\\\/2026\\\/09\\\/04\\\/en-9-vuelos-llegan-a-chiapas-1200-mexicanos-deportados-de-eu\\\/\"]}]},{\"@type\":\"ImageObject\",\"inLanguage\":\"es\",\"@id\":\"https:\\\/\\\/elotroenfoque.mx\\\/index.php\\\/2026\\\/09\\\/04\\\/en-9-vuelos-llegan-a-chiapas-1200-mexicanos-deportados-de-eu\\\/#primaryimage\",\"url\":\"https:\\\/\\\/elotroenfoque.mx\\\/wp-content\\\/uploads\\\/2026\\\/09\\\/llegan-mexicanos-deportados-a-chiapas.jpg\",\"contentUrl\":\"https:\\\/\\\/elotroenfoque.mx\\\/wp-content\\\/uploads\\\/2026\\\/09\\\/llegan-mexicanos-deportados-a-chiapas.jpg\",\"width\":673,\"height\":474},{\"@type\":\"BreadcrumbList\",\"@id\":\"https:\\\/\\\/elotroenfoque.mx\\\/index.php\\\/2026\\\/09\\\/04\\\/en-9-vuelos-llegan-a-chiapas-1200-mexicanos-deportados-de-eu\\\/#breadcrumb\",\"itemListElement\":[{\"@type\":\"ListItem\",\"position\":1,\"name\":\"Portada\",\"item\":\"https:\\\/\\\/elotroenfoque.mx\\\/\"},{\"@type\":\"ListItem\",\"position\":2,\"name\":\"En 9 vuelos, llegan a Chiapas 1,200 mexicanos deportados de EU\"}]},{\"@type\":\"WebSite\",\"@id\":\"https:\\\/\\\/elotroenfoque.mx\\\/#website\",\"url\":\"https:\\\/\\\/elotroenfoque.mx\\\/\",\"name\":\"El otro enfoque\",\"description\":\"\",\"potentialAction\":[{\"@type\":\"SearchAction\",\"target\":{\"@type\":\"EntryPoint\",\"urlTemplate\":\"https:\\\/\\\/elotroenfoque.mx\\\/?s={search_term_string}\"},\"query-input\":{\"@type\":\"PropertyValueSpecification\",\"valueRequired\":true,\"valueName\":\"search_term_string\"}}],\"inLanguage\":\"es\"},{\"@type\":\"Person\",\"@id\":\"https:\\\/\\\/elotroenfoque.mx\\\/#\\\/schema\\\/person\\\/8eb322f84d0bd9f337e462905519a1ae\",\"name\":\"Equipo Redaccion\",\"image\":{\"@type\":\"ImageObject\",\"inLanguage\":\"es\",\"@id\":\"https:\\\/\\\/secure.gravatar.com\\\/avatar\\\/3579478e2b4e7aad364a32b26cf744b360ae0e581ee1cd0cb18a8f239ee49ac4?s=96&d=mm&r=g\",\"url\":\"https:\\\/\\\/secure.gravatar.com\\\/avatar\\\/3579478e2b4e7aad364a32b26cf744b360ae0e581ee1cd0cb18a8f239ee49ac4?s=96&d=mm&r=g\",\"contentUrl\":\"https:\\\/\\\/secure.gravatar.com\\\/avatar\\\/3579478e2b4e7aad364a32b26cf744b360ae0e581ee1cd0cb18a8f239ee49ac4?s=96&d=mm&r=g\",\"caption\":\"Equipo Redaccion\"},\"url\":\"https:\\\/\\\/elotroenfoque.mx\\\/index.php\\\/author\\\/redaccion\\\/\"}]}<\/script>\n<!-- \/ Yoast SEO plugin. -->","yoast_head_json":{"title":"En 9 vuelos, llegan a Chiapas 1,200 mexicanos deportados de EU - El otro enfoque","description":"Estados Unidos intensifica los vuelos de connacionales deportados a la frontera sur de M\u00e9xico con el arribo de mil 200 personas a Tapachula.","robots":{"index":"index","follow":"follow","max-snippet":"max-snippet:-1","max-image-preview":"max-image-preview:large","max-video-preview":"max-video-preview:-1"},"canonical":"https:\/\/elotroenfoque.mx\/index.php\/2026\/09\/04\/en-9-vuelos-llegan-a-chiapas-1200-mexicanos-deportados-de-eu\/","og_locale":"es_MX","og_type":"article","og_title":"En 9 vuelos, llegan a Chiapas 1,200 mexicanos deportados de EU - El otro enfoque","og_description":"Estados Unidos intensifica los vuelos de connacionales deportados a la frontera sur de M\u00e9xico con el arribo de mil 200 personas a Tapachula.","og_url":"https:\/\/elotroenfoque.mx\/index.php\/2026\/09\/04\/en-9-vuelos-llegan-a-chiapas-1200-mexicanos-deportados-de-eu\/","og_site_name":"El otro enfoque","article_published_time":"2026-09-04T22:21:52+00:00","article_modified_time":"2026-09-04T22:21:53+00:00","og_image":[{"width":673,"height":474,"url":"https:\/\/elotroenfoque.mx\/wp-content\/uploads\/2026\/09\/llegan-mexicanos-deportados-a-chiapas.jpg","type":"image\/jpeg"}],"author":"Equipo Redaccion","twitter_card":"summary_large_image","twitter_misc":{"Escrito por":"Equipo Redaccion","Tiempo de lectura":"2 minutos"},"schema":{"@context":"https:\/\/schema.org","@graph":[{"@type":"Article","@id":"https:\/\/elotroenfoque.mx\/index.php\/2026\/09\/04\/en-9-vuelos-llegan-a-chiapas-1200-mexicanos-deportados-de-eu\/#article","isPartOf":{"@id":"https:\/\/elotroenfoque.mx\/index.php\/2026\/09\/04\/en-9-vuelos-llegan-a-chiapas-1200-mexicanos-deportados-de-eu\/"},"author":{"name":"Equipo Redaccion","@id":"https:\/\/elotroenfoque.mx\/#\/schema\/person\/8eb322f84d0bd9f337e462905519a1ae"},"headline":"En 9 vuelos, llegan a Chiapas 1,200 mexicanos deportados de EU","datePublished":"2026-09-04T22:21:52+00:00","dateModified":"2026-09-04T22:21:53+00:00","mainEntityOfPage":{"@id":"https:\/\/elotroenfoque.mx\/index.php\/2026\/09\/04\/en-9-vuelos-llegan-a-chiapas-1200-mexicanos-deportados-de-eu\/"},"wordCount":423,"image":{"@id":"https:\/\/elotroenfoque.mx\/index.php\/2026\/09\/04\/en-9-vuelos-llegan-a-chiapas-1200-mexicanos-deportados-de-eu\/#primaryimage"},"thumbnailUrl":"https:\/\/elotroenfoque.mx\/wp-content\/uploads\/2026\/09\/llegan-mexicanos-deportados-a-chiapas.jpg","keywords":["Guanajuato","Noticias Guanajuato"],"articleSection":["Otras Noticias"],"inLanguage":"es"},{"@type":"WebPage","@id":"https:\/\/elotroenfoque.mx\/index.php\/2026\/09\/04\/en-9-vuelos-llegan-a-chiapas-1200-mexicanos-deportados-de-eu\/","url":"https:\/\/elotroenfoque.mx\/index.php\/2026\/09\/04\/en-9-vuelos-llegan-a-chiapas-1200-mexicanos-deportados-de-eu\/","name":"En 9 vuelos, llegan a Chiapas 1,200 mexicanos deportados de EU - El otro enfoque","isPartOf":{"@id":"https:\/\/elotroenfoque.mx\/#website"},"primaryImageOfPage":{"@id":"https:\/\/elotroenfoque.mx\/index.php\/2026\/09\/04\/en-9-vuelos-llegan-a-chiapas-1200-mexicanos-deportados-de-eu\/#primaryimage"},"image":{"@id":"https:\/\/elotroenfoque.mx\/index.php\/2026\/09\/04\/en-9-vuelos-llegan-a-chiapas-1200-mexicanos-deportados-de-eu\/#primaryimage"},"thumbnailUrl":"https:\/\/elotroenfoque.mx\/wp-content\/uploads\/2026\/09\/llegan-mexicanos-deportados-a-chiapas.jpg","datePublished":"2026-09-04T22:21:52+00:00","dateModified":"2026-09-04T22:21:53+00:00","author":{"@id":"https:\/\/elotroenfoque.mx\/#\/schema\/person\/8eb322f84d0bd9f337e462905519a1ae"},"description":"Estados Unidos intensifica los vuelos de connacionales deportados a la frontera sur de M\u00e9xico con el arribo de mil 200 personas a Tapachula.","breadcrumb":{"@id":"https:\/\/elotroenfoque.mx\/index.php\/2026\/09\/04\/en-9-vuelos-llegan-a-chiapas-1200-mexicanos-deportados-de-eu\/#breadcrumb"},"inLanguage":"es","potentialAction":[{"@type":"ReadAction","target":["https:\/\/elotroenfoque.mx\/index.php\/2026\/09\/04\/en-9-vuelos-llegan-a-chiapas-1200-mexicanos-deportados-de-eu\/"]}]},{"@type":"ImageObject","inLanguage":"es","@id":"https:\/\/elotroenfoque.mx\/index.php\/2026\/09\/04\/en-9-vuelos-llegan-a-chiapas-1200-mexicanos-deportados-de-eu\/#primaryimage","url":"https:\/\/elotroenfoque.mx\/wp-content\/uploads\/2026\/09\/llegan-mexicanos-deportados-a-chiapas.jpg","contentUrl":"https:\/\/elotroenfoque.mx\/wp-content\/uploads\/2026\/09\/llegan-mexicanos-deportados-a-chiapas.jpg","width":673,"height":474},{"@type":"BreadcrumbList","@id":"https:\/\/elotroenfoque.mx\/index.php\/2026\/09\/04\/en-9-vuelos-llegan-a-chiapas-1200-mexicanos-deportados-de-eu\/#breadcrumb","itemListElement":[{"@type":"ListItem","position":1,"name":"Portada","item":"https:\/\/elotroenfoque.mx\/"},{"@type":"ListItem","position":2,"name":"En 9 vuelos, llegan a Chiapas 1,200 mexicanos deportados de EU"}]},{"@type":"WebSite","@id":"https:\/\/elotroenfoque.mx\/#website","url":"https:\/\/elotroenfoque.mx\/","name":"El otro enfoque","description":"","potentialAction":[{"@type":"SearchAction","target":{"@type":"EntryPoint","urlTemplate":"https:\/\/elotroenfoque.mx\/?s={search_term_string}"},"query-input":{"@type":"PropertyValueSpecification","valueRequired":true,"valueName":"search_term_string"}}],"inLanguage":"es"},{"@type":"Person","@id":"https:\/\/elotroenfoque.mx\/#\/schema\/person\/8eb322f84d0bd9f337e462905519a1ae","name":"Equipo Redaccion","image":{"@type":"ImageObject","inLanguage":"es","@id":"https:\/\/secure.gravatar.com\/avatar\/3579478e2b4e7aad364a32b26cf744b360ae0e581ee1cd0cb18a8f239ee49ac4?s=96&d=mm&r=g","url":"https:\/\/secure.gravatar.com\/avatar\/3579478e2b4e7aad364a32b26cf744b360ae0e581ee1cd0cb18a8f239ee49ac4?s=96&d=mm&r=g","contentUrl":"https:\/\/secure.gravatar.com\/avatar\/3579478e2b4e7aad364a32b26cf744b360ae0e581ee1cd0cb18a8f239ee49ac4?s=96&d=mm&r=g","caption":"Equipo Redaccion"},"url":"https:\/\/elotroenfoque.mx\/index.php\/author\/redaccion\/"}]}},"_links":{"self":[{"href":"https:\/\/elotroenfoque.mx\/index.php\/wp-json\/wp\/v2\/posts\/195641","targetHints":{"allow":["GET"]}}],"collection":[{"href":"https:\/\/elotroenfoque.mx\/index.php\/wp-json\/wp\/v2\/posts"}],"about":[{"href":"https:\/\/elotroenfoque.mx\/index.php\/wp-json\/wp\/v2\/types\/post"}],"author":[{"embeddable":true,"href":"https:\/\/elotroenfoque.mx\/index.php\/wp-json\/wp\/v2\/users\/4"}],"replies":[{"embeddable":true,"href":"https:\/\/elotroenfoque.mx\/index.php\/wp-json\/wp\/v2\/comments?post=195641"}],"version-history":[{"count":1,"href":"https:\/\/elotroenfoque.mx\/index.php\/wp-json\/wp\/v2\/posts\/195641\/revisions"}],"predecessor-version":[{"id":195643,"href":"https:\/\/elotroenfoque.mx\/index.php\/wp-json\/wp\/v2\/posts\/195641\/revisions\/195643"}],"wp:featuredmedia":[{"embeddable":true,"href":"https:\/\/elotroenfoque.mx\/index.php\/wp-json\/wp\/v2\/media\/195642"}],"wp:attachment":[{"href":"https:\/\/elotroenfoque.mx\/index.php\/wp-json\/wp\/v2\/media?parent=195641"}],"wp:term":[{"taxonomy":"category","embeddable":true,"href":"https:\/\/elotroenfoque.mx\/index.php\/wp-json\/wp\/v2\/categories?post=195641"},{"taxonomy":"post_tag","embeddable":true,"href":"https:\/\/elotroenfoque.mx\/index.php\/wp-json\/wp\/v2\/tags?post=195641"}],"curies":[{"name":"wp","href":"https:\/\/api.w.org\/{rel}","templated":true}]}}