{"id":195663,"date":"2026-09-04T18:39:34","date_gmt":"2026-09-05T00:39:34","guid":{"rendered":"https:\/\/elotroenfoque.mx\/?p=195663"},"modified":"2026-09-04T18:39:35","modified_gmt":"2026-09-05T00:39:35","slug":"suben-niveles-de-presas-en-guanajuato-tras-reparaciones","status":"publish","type":"post","link":"https:\/\/elotroenfoque.mx\/index.php\/2026\/09\/04\/suben-niveles-de-presas-en-guanajuato-tras-reparaciones\/","title":{"rendered":"Suben niveles de presas en Guanajuato tras reparaciones"},"content":{"rendered":"\n<p class=\"wp-block-paragraph\">Los niveles de las presas en Guanajuato capital aumentaron gracias a la contenci\u00f3n de fugas y las precipitaciones registradas a inicios de septiembre. <\/p>\n\n\n\n<p class=\"wp-block-paragraph\">El embalse La Soledad alcanz\u00f3 un 16 por ciento de almacenamiento tras concluir los trabajos de rehabilitaci\u00f3n en su infraestructura. Asimismo, el SIMAPAG confirm\u00f3 que este avance permite asegurar el suministro para la poblaci\u00f3n urbana durante los pr\u00f3ximos meses.<\/p>\n\n\n\n<p class=\"wp-block-paragraph\">Personal t\u00e9cnico del sistema de agua reemplaz\u00f3 el tramo de tuber\u00eda da\u00f1ado y renov\u00f3 los accesorios de control en la obra de toma. De igual forma, las cuadrillas realizaron pruebas operativas de hermeticidad para verificar la resistencia de las instalaciones antes de reanudar el llenado. <\/p>\n\n\n\n<figure class=\"wp-block-image size-large\"><img loading=\"lazy\" decoding=\"async\" width=\"1024\" height=\"576\" src=\"https:\/\/elotroenfoque.mx\/wp-content\/uploads\/2026\/09\/recuperan-presas-su-nivel-2-1024x576.jpeg\" alt=\"\" class=\"wp-image-195665\" srcset=\"https:\/\/elotroenfoque.mx\/wp-content\/uploads\/2026\/09\/recuperan-presas-su-nivel-2-1024x576.jpeg 1024w, https:\/\/elotroenfoque.mx\/wp-content\/uploads\/2026\/09\/recuperan-presas-su-nivel-2-300x169.jpeg 300w, https:\/\/elotroenfoque.mx\/wp-content\/uploads\/2026\/09\/recuperan-presas-su-nivel-2-768x432.jpeg 768w, https:\/\/elotroenfoque.mx\/wp-content\/uploads\/2026\/09\/recuperan-presas-su-nivel-2-1536x864.jpeg 1536w, https:\/\/elotroenfoque.mx\/wp-content\/uploads\/2026\/09\/recuperan-presas-su-nivel-2.jpeg 1600w\" sizes=\"auto, (max-width: 1024px) 100vw, 1024px\" \/><\/figure>\n\n\n\n<p class=\"wp-block-paragraph\">Por su parte, la direcci\u00f3n general de la paramunicipal destac\u00f3 que estas labores garantizan un servicio continuo sin riesgos de desperdicio.<\/p>\n\n\n\n<p class=\"wp-block-paragraph\">Las autoridades h\u00eddricas informaron que las reservas del municipio muestran un panorama favorable en las dem\u00e1s fuentes superficiales de almacenamiento. <\/p>\n\n\n\n<p class=\"wp-block-paragraph\">La presa de La Esperanza se ubica al 95 por ciento de su capacidad, mientras que la presa de Mata lleg\u00f3 al 98 por ciento. Adem\u00e1s, la operaci\u00f3n \u00f3ptima de los pozos subterr\u00e1neos complementa la red de distribuci\u00f3n para atender la demanda cotidiana.<\/p>\n\n\n\n<p class=\"wp-block-paragraph\">Los pron\u00f3sticos meteorol\u00f3gicos prev\u00e9n lluvias constantes durante septiembre, lo que acelerar\u00e1 la recarga natural de los embalses locales. <\/p>\n\n\n\n<p class=\"wp-block-paragraph\">Tambi\u00e9n lee: <strong><a href=\"https:\/\/elotroenfoque.mx\/index.php\/2026\/09\/04\/entre-its-y-embarazos-los-riesgos-de-descuidar-la-salud-sexual\/\">Entre ITS y embarazos: los riesgos de descuidar la salud sexual<\/a><\/strong><\/p>\n\n\n\n<p class=\"wp-block-paragraph\">Por esta raz\u00f3n, los t\u00e9cnicos mantendr\u00e1n el monitoreo constante sobre los niveles de captaci\u00f3n para gestionar el flujo hacia las plantas tratadoras. Igualmente, las autoridades prev\u00e9n iniciar un programa de siembra de peces cuando el embalse principal recupere su volumen ideal.<\/p>\n\n\n\n<p class=\"wp-block-paragraph\">Las acciones operativas garantizan el equilibrio entre el abasto de agua potable y la protecci\u00f3n de los ecosistemas acu\u00e1ticos del municipio. <\/p>\n\n\n\n<p class=\"wp-block-paragraph\">De igual manera, la administraci\u00f3n municipal continuar\u00e1 aplicando revisiones preventivas en toda la red hidr\u00e1ulica para evitar nuevas fugas en la infraestructura.<\/p>\n\n\n\n<p class=\"wp-block-paragraph\"><strong><a href=\"https:\/\/www.tiktok.com\/@elotroenfoque?_r=1&amp;_t=ZS-97ffhW6kR1t\">Sigue tambi\u00e9n las noticias en TikTok<\/a><\/strong><\/p>\n\n\n\n<p class=\"wp-block-paragraph\"><\/p>\n","protected":false},"excerpt":{"rendered":"<p>Los niveles de las presas en Guanajuato capital aumentaron gracias a la contenci\u00f3n de fugas y las precipitaciones registradas a inicios de septiembre. El embalse La Soledad alcanz\u00f3 un 16 por ciento de almacenamiento tras concluir los trabajos de rehabilitaci\u00f3n en su infraestructura. Asimismo, el SIMAPAG confirm\u00f3 que este avance permite asegurar el suministro para&#8230;<\/p>\n","protected":false},"author":4,"featured_media":195664,"comment_status":"closed","ping_status":"open","sticky":false,"template":"","format":"standard","meta":{"footnotes":""},"categories":[2],"tags":[13,4517],"class_list":["post-195663","post","type-post","status-publish","format-standard","has-post-thumbnail","hentry","category-noticias","tag-guanajuato","tag-noticias-guanajuato"],"yoast_head":"<!-- This site is optimized with the Yoast SEO plugin v28.2 - https:\/\/yoast.com\/product\/yoast-seo-wordpress\/ -->\n<title>Suben niveles de presas en Guanajuato tras reparaciones - El otro enfoque<\/title>\n<meta name=\"description\" content=\"Suben los niveles de presas en Guanajuato tras la reparaci\u00f3n de tuber\u00edas y las lluvias recientes, garantizando el suministro de agua en la capital.\" \/>\n<meta name=\"robots\" content=\"index, follow, max-snippet:-1, max-image-preview:large, max-video-preview:-1\" \/>\n<link rel=\"canonical\" href=\"https:\/\/elotroenfoque.mx\/index.php\/2026\/09\/04\/suben-niveles-de-presas-en-guanajuato-tras-reparaciones\/\" \/>\n<meta property=\"og:locale\" content=\"es_MX\" \/>\n<meta property=\"og:type\" content=\"article\" \/>\n<meta property=\"og:title\" content=\"Suben niveles de presas en Guanajuato tras reparaciones - El otro enfoque\" \/>\n<meta property=\"og:description\" content=\"Suben los niveles de presas en Guanajuato tras la reparaci\u00f3n de tuber\u00edas y las lluvias recientes, garantizando el suministro de agua en la capital.\" \/>\n<meta property=\"og:url\" content=\"https:\/\/elotroenfoque.mx\/index.php\/2026\/09\/04\/suben-niveles-de-presas-en-guanajuato-tras-reparaciones\/\" \/>\n<meta property=\"og:site_name\" content=\"El otro enfoque\" \/>\n<meta property=\"article:published_time\" content=\"2026-09-05T00:39:34+00:00\" \/>\n<meta property=\"article:modified_time\" content=\"2026-09-05T00:39:35+00:00\" \/>\n<meta property=\"og:image\" content=\"https:\/\/elotroenfoque.mx\/wp-content\/uploads\/2026\/09\/recuperan-presas-su-nivel-1.jpeg\" \/>\n\t<meta property=\"og:image:width\" content=\"1600\" \/>\n\t<meta property=\"og:image:height\" content=\"1066\" \/>\n\t<meta property=\"og:image:type\" content=\"image\/jpeg\" \/>\n<meta name=\"author\" content=\"Equipo Redaccion\" \/>\n<meta name=\"twitter:card\" content=\"summary_large_image\" \/>\n<meta name=\"twitter:label1\" content=\"Escrito por\" \/>\n\t<meta name=\"twitter:data1\" content=\"Equipo Redaccion\" \/>\n\t<meta name=\"twitter:label2\" content=\"Tiempo de lectura\" \/>\n\t<meta name=\"twitter:data2\" content=\"2 minutos\" \/>\n<script type=\"application\/ld+json\" class=\"yoast-schema-graph\">{\"@context\":\"https:\\\/\\\/schema.org\",\"@graph\":[{\"@type\":\"Article\",\"@id\":\"https:\\\/\\\/elotroenfoque.mx\\\/index.php\\\/2026\\\/09\\\/04\\\/suben-niveles-de-presas-en-guanajuato-tras-reparaciones\\\/#article\",\"isPartOf\":{\"@id\":\"https:\\\/\\\/elotroenfoque.mx\\\/index.php\\\/2026\\\/09\\\/04\\\/suben-niveles-de-presas-en-guanajuato-tras-reparaciones\\\/\"},\"author\":{\"name\":\"Equipo Redaccion\",\"@id\":\"https:\\\/\\\/elotroenfoque.mx\\\/#\\\/schema\\\/person\\\/8eb322f84d0bd9f337e462905519a1ae\"},\"headline\":\"Suben niveles de presas en Guanajuato tras reparaciones\",\"datePublished\":\"2026-09-05T00:39:34+00:00\",\"dateModified\":\"2026-09-05T00:39:35+00:00\",\"mainEntityOfPage\":{\"@id\":\"https:\\\/\\\/elotroenfoque.mx\\\/index.php\\\/2026\\\/09\\\/04\\\/suben-niveles-de-presas-en-guanajuato-tras-reparaciones\\\/\"},\"wordCount\":345,\"image\":{\"@id\":\"https:\\\/\\\/elotroenfoque.mx\\\/index.php\\\/2026\\\/09\\\/04\\\/suben-niveles-de-presas-en-guanajuato-tras-reparaciones\\\/#primaryimage\"},\"thumbnailUrl\":\"https:\\\/\\\/elotroenfoque.mx\\\/wp-content\\\/uploads\\\/2026\\\/09\\\/recuperan-presas-su-nivel-1.jpeg\",\"keywords\":[\"Guanajuato\",\"Noticias Guanajuato\"],\"articleSection\":[\"Noticias\"],\"inLanguage\":\"es\"},{\"@type\":\"WebPage\",\"@id\":\"https:\\\/\\\/elotroenfoque.mx\\\/index.php\\\/2026\\\/09\\\/04\\\/suben-niveles-de-presas-en-guanajuato-tras-reparaciones\\\/\",\"url\":\"https:\\\/\\\/elotroenfoque.mx\\\/index.php\\\/2026\\\/09\\\/04\\\/suben-niveles-de-presas-en-guanajuato-tras-reparaciones\\\/\",\"name\":\"Suben niveles de presas en Guanajuato tras reparaciones - El otro enfoque\",\"isPartOf\":{\"@id\":\"https:\\\/\\\/elotroenfoque.mx\\\/#website\"},\"primaryImageOfPage\":{\"@id\":\"https:\\\/\\\/elotroenfoque.mx\\\/index.php\\\/2026\\\/09\\\/04\\\/suben-niveles-de-presas-en-guanajuato-tras-reparaciones\\\/#primaryimage\"},\"image\":{\"@id\":\"https:\\\/\\\/elotroenfoque.mx\\\/index.php\\\/2026\\\/09\\\/04\\\/suben-niveles-de-presas-en-guanajuato-tras-reparaciones\\\/#primaryimage\"},\"thumbnailUrl\":\"https:\\\/\\\/elotroenfoque.mx\\\/wp-content\\\/uploads\\\/2026\\\/09\\\/recuperan-presas-su-nivel-1.jpeg\",\"datePublished\":\"2026-09-05T00:39:34+00:00\",\"dateModified\":\"2026-09-05T00:39:35+00:00\",\"author\":{\"@id\":\"https:\\\/\\\/elotroenfoque.mx\\\/#\\\/schema\\\/person\\\/8eb322f84d0bd9f337e462905519a1ae\"},\"description\":\"Suben los niveles de presas en Guanajuato tras la reparaci\u00f3n de tuber\u00edas y las lluvias recientes, garantizando el suministro de agua en la capital.\",\"breadcrumb\":{\"@id\":\"https:\\\/\\\/elotroenfoque.mx\\\/index.php\\\/2026\\\/09\\\/04\\\/suben-niveles-de-presas-en-guanajuato-tras-reparaciones\\\/#breadcrumb\"},\"inLanguage\":\"es\",\"potentialAction\":[{\"@type\":\"ReadAction\",\"target\":[\"https:\\\/\\\/elotroenfoque.mx\\\/index.php\\\/2026\\\/09\\\/04\\\/suben-niveles-de-presas-en-guanajuato-tras-reparaciones\\\/\"]}]},{\"@type\":\"ImageObject\",\"inLanguage\":\"es\",\"@id\":\"https:\\\/\\\/elotroenfoque.mx\\\/index.php\\\/2026\\\/09\\\/04\\\/suben-niveles-de-presas-en-guanajuato-tras-reparaciones\\\/#primaryimage\",\"url\":\"https:\\\/\\\/elotroenfoque.mx\\\/wp-content\\\/uploads\\\/2026\\\/09\\\/recuperan-presas-su-nivel-1.jpeg\",\"contentUrl\":\"https:\\\/\\\/elotroenfoque.mx\\\/wp-content\\\/uploads\\\/2026\\\/09\\\/recuperan-presas-su-nivel-1.jpeg\",\"width\":1600,\"height\":1066},{\"@type\":\"BreadcrumbList\",\"@id\":\"https:\\\/\\\/elotroenfoque.mx\\\/index.php\\\/2026\\\/09\\\/04\\\/suben-niveles-de-presas-en-guanajuato-tras-reparaciones\\\/#breadcrumb\",\"itemListElement\":[{\"@type\":\"ListItem\",\"position\":1,\"name\":\"Portada\",\"item\":\"https:\\\/\\\/elotroenfoque.mx\\\/\"},{\"@type\":\"ListItem\",\"position\":2,\"name\":\"Suben niveles de presas en Guanajuato tras reparaciones\"}]},{\"@type\":\"WebSite\",\"@id\":\"https:\\\/\\\/elotroenfoque.mx\\\/#website\",\"url\":\"https:\\\/\\\/elotroenfoque.mx\\\/\",\"name\":\"El otro enfoque\",\"description\":\"\",\"potentialAction\":[{\"@type\":\"SearchAction\",\"target\":{\"@type\":\"EntryPoint\",\"urlTemplate\":\"https:\\\/\\\/elotroenfoque.mx\\\/?s={search_term_string}\"},\"query-input\":{\"@type\":\"PropertyValueSpecification\",\"valueRequired\":true,\"valueName\":\"search_term_string\"}}],\"inLanguage\":\"es\"},{\"@type\":\"Person\",\"@id\":\"https:\\\/\\\/elotroenfoque.mx\\\/#\\\/schema\\\/person\\\/8eb322f84d0bd9f337e462905519a1ae\",\"name\":\"Equipo Redaccion\",\"image\":{\"@type\":\"ImageObject\",\"inLanguage\":\"es\",\"@id\":\"https:\\\/\\\/secure.gravatar.com\\\/avatar\\\/3579478e2b4e7aad364a32b26cf744b360ae0e581ee1cd0cb18a8f239ee49ac4?s=96&d=mm&r=g\",\"url\":\"https:\\\/\\\/secure.gravatar.com\\\/avatar\\\/3579478e2b4e7aad364a32b26cf744b360ae0e581ee1cd0cb18a8f239ee49ac4?s=96&d=mm&r=g\",\"contentUrl\":\"https:\\\/\\\/secure.gravatar.com\\\/avatar\\\/3579478e2b4e7aad364a32b26cf744b360ae0e581ee1cd0cb18a8f239ee49ac4?s=96&d=mm&r=g\",\"caption\":\"Equipo Redaccion\"},\"url\":\"https:\\\/\\\/elotroenfoque.mx\\\/index.php\\\/author\\\/redaccion\\\/\"}]}<\/script>\n<!-- \/ Yoast SEO plugin. -->","yoast_head_json":{"title":"Suben niveles de presas en Guanajuato tras reparaciones - El otro enfoque","description":"Suben los niveles de presas en Guanajuato tras la reparaci\u00f3n de tuber\u00edas y las lluvias recientes, garantizando el suministro de agua en la capital.","robots":{"index":"index","follow":"follow","max-snippet":"max-snippet:-1","max-image-preview":"max-image-preview:large","max-video-preview":"max-video-preview:-1"},"canonical":"https:\/\/elotroenfoque.mx\/index.php\/2026\/09\/04\/suben-niveles-de-presas-en-guanajuato-tras-reparaciones\/","og_locale":"es_MX","og_type":"article","og_title":"Suben niveles de presas en Guanajuato tras reparaciones - El otro enfoque","og_description":"Suben los niveles de presas en Guanajuato tras la reparaci\u00f3n de tuber\u00edas y las lluvias recientes, garantizando el suministro de agua en la capital.","og_url":"https:\/\/elotroenfoque.mx\/index.php\/2026\/09\/04\/suben-niveles-de-presas-en-guanajuato-tras-reparaciones\/","og_site_name":"El otro enfoque","article_published_time":"2026-09-05T00:39:34+00:00","article_modified_time":"2026-09-05T00:39:35+00:00","og_image":[{"width":1600,"height":1066,"url":"https:\/\/elotroenfoque.mx\/wp-content\/uploads\/2026\/09\/recuperan-presas-su-nivel-1.jpeg","type":"image\/jpeg"}],"author":"Equipo Redaccion","twitter_card":"summary_large_image","twitter_misc":{"Escrito por":"Equipo Redaccion","Tiempo de lectura":"2 minutos"},"schema":{"@context":"https:\/\/schema.org","@graph":[{"@type":"Article","@id":"https:\/\/elotroenfoque.mx\/index.php\/2026\/09\/04\/suben-niveles-de-presas-en-guanajuato-tras-reparaciones\/#article","isPartOf":{"@id":"https:\/\/elotroenfoque.mx\/index.php\/2026\/09\/04\/suben-niveles-de-presas-en-guanajuato-tras-reparaciones\/"},"author":{"name":"Equipo Redaccion","@id":"https:\/\/elotroenfoque.mx\/#\/schema\/person\/8eb322f84d0bd9f337e462905519a1ae"},"headline":"Suben niveles de presas en Guanajuato tras reparaciones","datePublished":"2026-09-05T00:39:34+00:00","dateModified":"2026-09-05T00:39:35+00:00","mainEntityOfPage":{"@id":"https:\/\/elotroenfoque.mx\/index.php\/2026\/09\/04\/suben-niveles-de-presas-en-guanajuato-tras-reparaciones\/"},"wordCount":345,"image":{"@id":"https:\/\/elotroenfoque.mx\/index.php\/2026\/09\/04\/suben-niveles-de-presas-en-guanajuato-tras-reparaciones\/#primaryimage"},"thumbnailUrl":"https:\/\/elotroenfoque.mx\/wp-content\/uploads\/2026\/09\/recuperan-presas-su-nivel-1.jpeg","keywords":["Guanajuato","Noticias Guanajuato"],"articleSection":["Noticias"],"inLanguage":"es"},{"@type":"WebPage","@id":"https:\/\/elotroenfoque.mx\/index.php\/2026\/09\/04\/suben-niveles-de-presas-en-guanajuato-tras-reparaciones\/","url":"https:\/\/elotroenfoque.mx\/index.php\/2026\/09\/04\/suben-niveles-de-presas-en-guanajuato-tras-reparaciones\/","name":"Suben niveles de presas en Guanajuato tras reparaciones - El otro enfoque","isPartOf":{"@id":"https:\/\/elotroenfoque.mx\/#website"},"primaryImageOfPage":{"@id":"https:\/\/elotroenfoque.mx\/index.php\/2026\/09\/04\/suben-niveles-de-presas-en-guanajuato-tras-reparaciones\/#primaryimage"},"image":{"@id":"https:\/\/elotroenfoque.mx\/index.php\/2026\/09\/04\/suben-niveles-de-presas-en-guanajuato-tras-reparaciones\/#primaryimage"},"thumbnailUrl":"https:\/\/elotroenfoque.mx\/wp-content\/uploads\/2026\/09\/recuperan-presas-su-nivel-1.jpeg","datePublished":"2026-09-05T00:39:34+00:00","dateModified":"2026-09-05T00:39:35+00:00","author":{"@id":"https:\/\/elotroenfoque.mx\/#\/schema\/person\/8eb322f84d0bd9f337e462905519a1ae"},"description":"Suben los niveles de presas en Guanajuato tras la reparaci\u00f3n de tuber\u00edas y las lluvias recientes, garantizando el suministro de agua en la capital.","breadcrumb":{"@id":"https:\/\/elotroenfoque.mx\/index.php\/2026\/09\/04\/suben-niveles-de-presas-en-guanajuato-tras-reparaciones\/#breadcrumb"},"inLanguage":"es","potentialAction":[{"@type":"ReadAction","target":["https:\/\/elotroenfoque.mx\/index.php\/2026\/09\/04\/suben-niveles-de-presas-en-guanajuato-tras-reparaciones\/"]}]},{"@type":"ImageObject","inLanguage":"es","@id":"https:\/\/elotroenfoque.mx\/index.php\/2026\/09\/04\/suben-niveles-de-presas-en-guanajuato-tras-reparaciones\/#primaryimage","url":"https:\/\/elotroenfoque.mx\/wp-content\/uploads\/2026\/09\/recuperan-presas-su-nivel-1.jpeg","contentUrl":"https:\/\/elotroenfoque.mx\/wp-content\/uploads\/2026\/09\/recuperan-presas-su-nivel-1.jpeg","width":1600,"height":1066},{"@type":"BreadcrumbList","@id":"https:\/\/elotroenfoque.mx\/index.php\/2026\/09\/04\/suben-niveles-de-presas-en-guanajuato-tras-reparaciones\/#breadcrumb","itemListElement":[{"@type":"ListItem","position":1,"name":"Portada","item":"https:\/\/elotroenfoque.mx\/"},{"@type":"ListItem","position":2,"name":"Suben niveles de presas en Guanajuato tras reparaciones"}]},{"@type":"WebSite","@id":"https:\/\/elotroenfoque.mx\/#website","url":"https:\/\/elotroenfoque.mx\/","name":"El otro enfoque","description":"","potentialAction":[{"@type":"SearchAction","target":{"@type":"EntryPoint","urlTemplate":"https:\/\/elotroenfoque.mx\/?s={search_term_string}"},"query-input":{"@type":"PropertyValueSpecification","valueRequired":true,"valueName":"search_term_string"}}],"inLanguage":"es"},{"@type":"Person","@id":"https:\/\/elotroenfoque.mx\/#\/schema\/person\/8eb322f84d0bd9f337e462905519a1ae","name":"Equipo Redaccion","image":{"@type":"ImageObject","inLanguage":"es","@id":"https:\/\/secure.gravatar.com\/avatar\/3579478e2b4e7aad364a32b26cf744b360ae0e581ee1cd0cb18a8f239ee49ac4?s=96&d=mm&r=g","url":"https:\/\/secure.gravatar.com\/avatar\/3579478e2b4e7aad364a32b26cf744b360ae0e581ee1cd0cb18a8f239ee49ac4?s=96&d=mm&r=g","contentUrl":"https:\/\/secure.gravatar.com\/avatar\/3579478e2b4e7aad364a32b26cf744b360ae0e581ee1cd0cb18a8f239ee49ac4?s=96&d=mm&r=g","caption":"Equipo Redaccion"},"url":"https:\/\/elotroenfoque.mx\/index.php\/author\/redaccion\/"}]}},"_links":{"self":[{"href":"https:\/\/elotroenfoque.mx\/index.php\/wp-json\/wp\/v2\/posts\/195663","targetHints":{"allow":["GET"]}}],"collection":[{"href":"https:\/\/elotroenfoque.mx\/index.php\/wp-json\/wp\/v2\/posts"}],"about":[{"href":"https:\/\/elotroenfoque.mx\/index.php\/wp-json\/wp\/v2\/types\/post"}],"author":[{"embeddable":true,"href":"https:\/\/elotroenfoque.mx\/index.php\/wp-json\/wp\/v2\/users\/4"}],"replies":[{"embeddable":true,"href":"https:\/\/elotroenfoque.mx\/index.php\/wp-json\/wp\/v2\/comments?post=195663"}],"version-history":[{"count":1,"href":"https:\/\/elotroenfoque.mx\/index.php\/wp-json\/wp\/v2\/posts\/195663\/revisions"}],"predecessor-version":[{"id":195666,"href":"https:\/\/elotroenfoque.mx\/index.php\/wp-json\/wp\/v2\/posts\/195663\/revisions\/195666"}],"wp:featuredmedia":[{"embeddable":true,"href":"https:\/\/elotroenfoque.mx\/index.php\/wp-json\/wp\/v2\/media\/195664"}],"wp:attachment":[{"href":"https:\/\/elotroenfoque.mx\/index.php\/wp-json\/wp\/v2\/media?parent=195663"}],"wp:term":[{"taxonomy":"category","embeddable":true,"href":"https:\/\/elotroenfoque.mx\/index.php\/wp-json\/wp\/v2\/categories?post=195663"},{"taxonomy":"post_tag","embeddable":true,"href":"https:\/\/elotroenfoque.mx\/index.php\/wp-json\/wp\/v2\/tags?post=195663"}],"curies":[{"name":"wp","href":"https:\/\/api.w.org\/{rel}","templated":true}]}}