{"id":195677,"date":"2026-09-04T20:24:46","date_gmt":"2026-09-05T02:24:46","guid":{"rendered":"https:\/\/elotroenfoque.mx\/?p=195677"},"modified":"2026-09-04T20:24:47","modified_gmt":"2026-09-05T02:24:47","slug":"senala-claudia-sheinbaum-que-deuda-del-fobaproa-es-impagable","status":"publish","type":"post","link":"https:\/\/elotroenfoque.mx\/index.php\/2026\/09\/04\/senala-claudia-sheinbaum-que-deuda-del-fobaproa-es-impagable\/","title":{"rendered":"Se\u00f1ala Claudia Sheinbaum que deuda del Fobaproa es impagable"},"content":{"rendered":"\n<p class=\"wp-block-paragraph\">La presidenta Claudia Sheinbaum cuestion\u00f3 los costos financieros acumulados por el rescate bancario del Fobaproa ejecutado durante la d\u00e9cada de los 90. <\/p>\n\n\n\n<p class=\"wp-block-paragraph\">Durante la asamblea informativa del gobierno federal, la mandataria afirm\u00f3 que este compromiso crediticio resulta impagable para las finanzas p\u00fablicas nacionales. Asimismo, la titular del Ejecutivo reproch\u00f3 que aquellas intervenciones estatales beneficiaron \u00fanicamente a sectores financieros reducidos y no a los ciudadanos endeudados.<\/p>\n\n\n\n<p class=\"wp-block-paragraph\">La mandataria record\u00f3 que el incremento desmedido en las tasas de inter\u00e9s provoc\u00f3 p\u00e9rdidas patrimoniales y deton\u00f3 la migraci\u00f3n hacia Estados Unidos. <\/p>\n\n\n\n<p class=\"wp-block-paragraph\">De igual forma, las autoridades federales expusieron que los pagos acumulados por intereses superaron montos hist\u00f3ricos seg\u00fan los registros oficiales del presupuesto. Por su parte, la administraci\u00f3n p\u00fablica reafirm\u00f3 que la pol\u00edtica econ\u00f3mica actual mantiene un enfoque de apoyo directo hacia las familias trabajadoras.<\/p>\n\n\n\n<p class=\"wp-block-paragraph\">El gobierno federal report\u00f3 la entrega de apoyos econ\u00f3micos a m\u00e1s de 710 mil habitantes dentro del territorio zacatecano. Adem\u00e1s, la estrategia social abarca pensiones para adultos mayores, becas educativas en todos los niveles y esquemas de impulso al sector agr\u00edcola. <\/p>\n\n\n\n<p class=\"wp-block-paragraph\">Igualmente, los programas prioritarios benefician a personas con discapacidad y financian el programa de precios de garant\u00eda para productores del campo.<\/p>\n\n\n\n<p class=\"wp-block-paragraph\">La presidenta asegur\u00f3 que el movimiento de transformaci\u00f3n mantiene unidad interna para consolidar los proyectos de infraestructura en la entidad. <\/p>\n\n\n\n<p class=\"wp-block-paragraph\">Tambi\u00e9n lee: <strong><a href=\"https:\/\/elotroenfoque.mx\/index.php\/2026\/09\/04\/ieeg-define-reglas-para-candidaturas-independientes-2026-2027\/\">IEEG define reglas para candidaturas independientes 2026-2027<\/a><\/strong><\/p>\n\n\n\n<p class=\"wp-block-paragraph\">Por esta raz\u00f3n, la jefa del Ejecutivo descart\u00f3 que las campa\u00f1as digitales en redes sociales afecten el respaldo ciudadano hacia las decisiones gubernamentales. Del mismo modo, la mandataria garantiz\u00f3 la continuidad de las obras en materias de salud, red carretera y soberan\u00eda energ\u00e9tica.<\/p>\n\n\n\n<p class=\"wp-block-paragraph\">El Ejecutivo federal mantendr\u00e1 la coordinaci\u00f3n operativa con los gobiernos estatales para supervisar el avance de las metas sociales en la regi\u00f3n. <\/p>\n\n\n\n<p class=\"wp-block-paragraph\">De igual manera, las dependencias oficiales continuar\u00e1n distribuyendo los fondos p\u00fablicos sin intermediarios en los municipios del estado.<\/p>\n\n\n\n<p class=\"wp-block-paragraph\"><strong><a href=\"https:\/\/www.tiktok.com\/@elotroenfoque?_r=1&amp;_t=ZS-97ffhW6kR1t\">Sigue tambi\u00e9n las noticias en TikTok<\/a><\/strong><\/p>\n\n\n\n<p class=\"wp-block-paragraph\"><\/p>\n","protected":false},"excerpt":{"rendered":"<p>La presidenta Claudia Sheinbaum cuestion\u00f3 los costos financieros acumulados por el rescate bancario del Fobaproa ejecutado durante la d\u00e9cada de los 90. Durante la asamblea informativa del gobierno federal, la mandataria afirm\u00f3 que este compromiso crediticio resulta impagable para las finanzas p\u00fablicas nacionales. Asimismo, la titular del Ejecutivo reproch\u00f3 que aquellas intervenciones estatales beneficiaron \u00fanicamente&#8230;<\/p>\n","protected":false},"author":4,"featured_media":195678,"comment_status":"closed","ping_status":"open","sticky":false,"template":"","format":"standard","meta":{"footnotes":""},"categories":[11],"tags":[13,4517],"class_list":["post-195677","post","type-post","status-publish","format-standard","has-post-thumbnail","hentry","category-otrasnoticias","tag-guanajuato","tag-noticias-guanajuato"],"yoast_head":"<!-- This site is optimized with the Yoast SEO plugin v28.2 - https:\/\/yoast.com\/product\/yoast-seo-wordpress\/ -->\n<title>Se\u00f1ala Claudia Sheinbaum que deuda del Fobaproa es impagable - El otro enfoque<\/title>\n<meta name=\"description\" content=\"Durante su visita a Zacatecas, la presidenta Claudia Sheinbaum critic\u00f3 las deudas del Fobaproa y destac\u00f3 los programas sociales aplicados en la entidad.\" \/>\n<meta name=\"robots\" content=\"index, follow, max-snippet:-1, max-image-preview:large, max-video-preview:-1\" \/>\n<link rel=\"canonical\" href=\"https:\/\/elotroenfoque.mx\/index.php\/2026\/09\/04\/senala-claudia-sheinbaum-que-deuda-del-fobaproa-es-impagable\/\" \/>\n<meta property=\"og:locale\" content=\"es_MX\" \/>\n<meta property=\"og:type\" content=\"article\" \/>\n<meta property=\"og:title\" content=\"Se\u00f1ala Claudia Sheinbaum que deuda del Fobaproa es impagable - El otro enfoque\" \/>\n<meta property=\"og:description\" content=\"Durante su visita a Zacatecas, la presidenta Claudia Sheinbaum critic\u00f3 las deudas del Fobaproa y destac\u00f3 los programas sociales aplicados en la entidad.\" \/>\n<meta property=\"og:url\" content=\"https:\/\/elotroenfoque.mx\/index.php\/2026\/09\/04\/senala-claudia-sheinbaum-que-deuda-del-fobaproa-es-impagable\/\" \/>\n<meta property=\"og:site_name\" content=\"El otro enfoque\" \/>\n<meta property=\"article:published_time\" content=\"2026-09-05T02:24:46+00:00\" \/>\n<meta property=\"article:modified_time\" content=\"2026-09-05T02:24:47+00:00\" \/>\n<meta property=\"og:image\" content=\"https:\/\/elotroenfoque.mx\/wp-content\/uploads\/2026\/09\/sheinbaum-y-el-fobaproa.jpg\" \/>\n\t<meta property=\"og:image:width\" content=\"645\" \/>\n\t<meta property=\"og:image:height\" content=\"364\" \/>\n\t<meta property=\"og:image:type\" content=\"image\/jpeg\" \/>\n<meta name=\"author\" content=\"Equipo Redaccion\" \/>\n<meta name=\"twitter:card\" content=\"summary_large_image\" \/>\n<meta name=\"twitter:label1\" content=\"Escrito por\" \/>\n\t<meta name=\"twitter:data1\" content=\"Equipo Redaccion\" \/>\n\t<meta name=\"twitter:label2\" content=\"Tiempo de lectura\" \/>\n\t<meta name=\"twitter:data2\" content=\"2 minutos\" \/>\n<script type=\"application\/ld+json\" class=\"yoast-schema-graph\">{\"@context\":\"https:\\\/\\\/schema.org\",\"@graph\":[{\"@type\":\"Article\",\"@id\":\"https:\\\/\\\/elotroenfoque.mx\\\/index.php\\\/2026\\\/09\\\/04\\\/senala-claudia-sheinbaum-que-deuda-del-fobaproa-es-impagable\\\/#article\",\"isPartOf\":{\"@id\":\"https:\\\/\\\/elotroenfoque.mx\\\/index.php\\\/2026\\\/09\\\/04\\\/senala-claudia-sheinbaum-que-deuda-del-fobaproa-es-impagable\\\/\"},\"author\":{\"name\":\"Equipo Redaccion\",\"@id\":\"https:\\\/\\\/elotroenfoque.mx\\\/#\\\/schema\\\/person\\\/8eb322f84d0bd9f337e462905519a1ae\"},\"headline\":\"Se\u00f1ala Claudia Sheinbaum que deuda del Fobaproa es impagable\",\"datePublished\":\"2026-09-05T02:24:46+00:00\",\"dateModified\":\"2026-09-05T02:24:47+00:00\",\"mainEntityOfPage\":{\"@id\":\"https:\\\/\\\/elotroenfoque.mx\\\/index.php\\\/2026\\\/09\\\/04\\\/senala-claudia-sheinbaum-que-deuda-del-fobaproa-es-impagable\\\/\"},\"wordCount\":346,\"image\":{\"@id\":\"https:\\\/\\\/elotroenfoque.mx\\\/index.php\\\/2026\\\/09\\\/04\\\/senala-claudia-sheinbaum-que-deuda-del-fobaproa-es-impagable\\\/#primaryimage\"},\"thumbnailUrl\":\"https:\\\/\\\/elotroenfoque.mx\\\/wp-content\\\/uploads\\\/2026\\\/09\\\/sheinbaum-y-el-fobaproa.jpg\",\"keywords\":[\"Guanajuato\",\"Noticias Guanajuato\"],\"articleSection\":[\"Otras Noticias\"],\"inLanguage\":\"es\"},{\"@type\":\"WebPage\",\"@id\":\"https:\\\/\\\/elotroenfoque.mx\\\/index.php\\\/2026\\\/09\\\/04\\\/senala-claudia-sheinbaum-que-deuda-del-fobaproa-es-impagable\\\/\",\"url\":\"https:\\\/\\\/elotroenfoque.mx\\\/index.php\\\/2026\\\/09\\\/04\\\/senala-claudia-sheinbaum-que-deuda-del-fobaproa-es-impagable\\\/\",\"name\":\"Se\u00f1ala Claudia Sheinbaum que deuda del Fobaproa es impagable - El otro enfoque\",\"isPartOf\":{\"@id\":\"https:\\\/\\\/elotroenfoque.mx\\\/#website\"},\"primaryImageOfPage\":{\"@id\":\"https:\\\/\\\/elotroenfoque.mx\\\/index.php\\\/2026\\\/09\\\/04\\\/senala-claudia-sheinbaum-que-deuda-del-fobaproa-es-impagable\\\/#primaryimage\"},\"image\":{\"@id\":\"https:\\\/\\\/elotroenfoque.mx\\\/index.php\\\/2026\\\/09\\\/04\\\/senala-claudia-sheinbaum-que-deuda-del-fobaproa-es-impagable\\\/#primaryimage\"},\"thumbnailUrl\":\"https:\\\/\\\/elotroenfoque.mx\\\/wp-content\\\/uploads\\\/2026\\\/09\\\/sheinbaum-y-el-fobaproa.jpg\",\"datePublished\":\"2026-09-05T02:24:46+00:00\",\"dateModified\":\"2026-09-05T02:24:47+00:00\",\"author\":{\"@id\":\"https:\\\/\\\/elotroenfoque.mx\\\/#\\\/schema\\\/person\\\/8eb322f84d0bd9f337e462905519a1ae\"},\"description\":\"Durante su visita a Zacatecas, la presidenta Claudia Sheinbaum critic\u00f3 las deudas del Fobaproa y destac\u00f3 los programas sociales aplicados en la entidad.\",\"breadcrumb\":{\"@id\":\"https:\\\/\\\/elotroenfoque.mx\\\/index.php\\\/2026\\\/09\\\/04\\\/senala-claudia-sheinbaum-que-deuda-del-fobaproa-es-impagable\\\/#breadcrumb\"},\"inLanguage\":\"es\",\"potentialAction\":[{\"@type\":\"ReadAction\",\"target\":[\"https:\\\/\\\/elotroenfoque.mx\\\/index.php\\\/2026\\\/09\\\/04\\\/senala-claudia-sheinbaum-que-deuda-del-fobaproa-es-impagable\\\/\"]}]},{\"@type\":\"ImageObject\",\"inLanguage\":\"es\",\"@id\":\"https:\\\/\\\/elotroenfoque.mx\\\/index.php\\\/2026\\\/09\\\/04\\\/senala-claudia-sheinbaum-que-deuda-del-fobaproa-es-impagable\\\/#primaryimage\",\"url\":\"https:\\\/\\\/elotroenfoque.mx\\\/wp-content\\\/uploads\\\/2026\\\/09\\\/sheinbaum-y-el-fobaproa.jpg\",\"contentUrl\":\"https:\\\/\\\/elotroenfoque.mx\\\/wp-content\\\/uploads\\\/2026\\\/09\\\/sheinbaum-y-el-fobaproa.jpg\",\"width\":645,\"height\":364},{\"@type\":\"BreadcrumbList\",\"@id\":\"https:\\\/\\\/elotroenfoque.mx\\\/index.php\\\/2026\\\/09\\\/04\\\/senala-claudia-sheinbaum-que-deuda-del-fobaproa-es-impagable\\\/#breadcrumb\",\"itemListElement\":[{\"@type\":\"ListItem\",\"position\":1,\"name\":\"Portada\",\"item\":\"https:\\\/\\\/elotroenfoque.mx\\\/\"},{\"@type\":\"ListItem\",\"position\":2,\"name\":\"Se\u00f1ala Claudia Sheinbaum que deuda del Fobaproa es impagable\"}]},{\"@type\":\"WebSite\",\"@id\":\"https:\\\/\\\/elotroenfoque.mx\\\/#website\",\"url\":\"https:\\\/\\\/elotroenfoque.mx\\\/\",\"name\":\"El otro enfoque\",\"description\":\"\",\"potentialAction\":[{\"@type\":\"SearchAction\",\"target\":{\"@type\":\"EntryPoint\",\"urlTemplate\":\"https:\\\/\\\/elotroenfoque.mx\\\/?s={search_term_string}\"},\"query-input\":{\"@type\":\"PropertyValueSpecification\",\"valueRequired\":true,\"valueName\":\"search_term_string\"}}],\"inLanguage\":\"es\"},{\"@type\":\"Person\",\"@id\":\"https:\\\/\\\/elotroenfoque.mx\\\/#\\\/schema\\\/person\\\/8eb322f84d0bd9f337e462905519a1ae\",\"name\":\"Equipo Redaccion\",\"image\":{\"@type\":\"ImageObject\",\"inLanguage\":\"es\",\"@id\":\"https:\\\/\\\/secure.gravatar.com\\\/avatar\\\/3579478e2b4e7aad364a32b26cf744b360ae0e581ee1cd0cb18a8f239ee49ac4?s=96&d=mm&r=g\",\"url\":\"https:\\\/\\\/secure.gravatar.com\\\/avatar\\\/3579478e2b4e7aad364a32b26cf744b360ae0e581ee1cd0cb18a8f239ee49ac4?s=96&d=mm&r=g\",\"contentUrl\":\"https:\\\/\\\/secure.gravatar.com\\\/avatar\\\/3579478e2b4e7aad364a32b26cf744b360ae0e581ee1cd0cb18a8f239ee49ac4?s=96&d=mm&r=g\",\"caption\":\"Equipo Redaccion\"},\"url\":\"https:\\\/\\\/elotroenfoque.mx\\\/index.php\\\/author\\\/redaccion\\\/\"}]}<\/script>\n<!-- \/ Yoast SEO plugin. -->","yoast_head_json":{"title":"Se\u00f1ala Claudia Sheinbaum que deuda del Fobaproa es impagable - El otro enfoque","description":"Durante su visita a Zacatecas, la presidenta Claudia Sheinbaum critic\u00f3 las deudas del Fobaproa y destac\u00f3 los programas sociales aplicados en la entidad.","robots":{"index":"index","follow":"follow","max-snippet":"max-snippet:-1","max-image-preview":"max-image-preview:large","max-video-preview":"max-video-preview:-1"},"canonical":"https:\/\/elotroenfoque.mx\/index.php\/2026\/09\/04\/senala-claudia-sheinbaum-que-deuda-del-fobaproa-es-impagable\/","og_locale":"es_MX","og_type":"article","og_title":"Se\u00f1ala Claudia Sheinbaum que deuda del Fobaproa es impagable - El otro enfoque","og_description":"Durante su visita a Zacatecas, la presidenta Claudia Sheinbaum critic\u00f3 las deudas del Fobaproa y destac\u00f3 los programas sociales aplicados en la entidad.","og_url":"https:\/\/elotroenfoque.mx\/index.php\/2026\/09\/04\/senala-claudia-sheinbaum-que-deuda-del-fobaproa-es-impagable\/","og_site_name":"El otro enfoque","article_published_time":"2026-09-05T02:24:46+00:00","article_modified_time":"2026-09-05T02:24:47+00:00","og_image":[{"width":645,"height":364,"url":"https:\/\/elotroenfoque.mx\/wp-content\/uploads\/2026\/09\/sheinbaum-y-el-fobaproa.jpg","type":"image\/jpeg"}],"author":"Equipo Redaccion","twitter_card":"summary_large_image","twitter_misc":{"Escrito por":"Equipo Redaccion","Tiempo de lectura":"2 minutos"},"schema":{"@context":"https:\/\/schema.org","@graph":[{"@type":"Article","@id":"https:\/\/elotroenfoque.mx\/index.php\/2026\/09\/04\/senala-claudia-sheinbaum-que-deuda-del-fobaproa-es-impagable\/#article","isPartOf":{"@id":"https:\/\/elotroenfoque.mx\/index.php\/2026\/09\/04\/senala-claudia-sheinbaum-que-deuda-del-fobaproa-es-impagable\/"},"author":{"name":"Equipo Redaccion","@id":"https:\/\/elotroenfoque.mx\/#\/schema\/person\/8eb322f84d0bd9f337e462905519a1ae"},"headline":"Se\u00f1ala Claudia Sheinbaum que deuda del Fobaproa es impagable","datePublished":"2026-09-05T02:24:46+00:00","dateModified":"2026-09-05T02:24:47+00:00","mainEntityOfPage":{"@id":"https:\/\/elotroenfoque.mx\/index.php\/2026\/09\/04\/senala-claudia-sheinbaum-que-deuda-del-fobaproa-es-impagable\/"},"wordCount":346,"image":{"@id":"https:\/\/elotroenfoque.mx\/index.php\/2026\/09\/04\/senala-claudia-sheinbaum-que-deuda-del-fobaproa-es-impagable\/#primaryimage"},"thumbnailUrl":"https:\/\/elotroenfoque.mx\/wp-content\/uploads\/2026\/09\/sheinbaum-y-el-fobaproa.jpg","keywords":["Guanajuato","Noticias Guanajuato"],"articleSection":["Otras Noticias"],"inLanguage":"es"},{"@type":"WebPage","@id":"https:\/\/elotroenfoque.mx\/index.php\/2026\/09\/04\/senala-claudia-sheinbaum-que-deuda-del-fobaproa-es-impagable\/","url":"https:\/\/elotroenfoque.mx\/index.php\/2026\/09\/04\/senala-claudia-sheinbaum-que-deuda-del-fobaproa-es-impagable\/","name":"Se\u00f1ala Claudia Sheinbaum que deuda del Fobaproa es impagable - El otro enfoque","isPartOf":{"@id":"https:\/\/elotroenfoque.mx\/#website"},"primaryImageOfPage":{"@id":"https:\/\/elotroenfoque.mx\/index.php\/2026\/09\/04\/senala-claudia-sheinbaum-que-deuda-del-fobaproa-es-impagable\/#primaryimage"},"image":{"@id":"https:\/\/elotroenfoque.mx\/index.php\/2026\/09\/04\/senala-claudia-sheinbaum-que-deuda-del-fobaproa-es-impagable\/#primaryimage"},"thumbnailUrl":"https:\/\/elotroenfoque.mx\/wp-content\/uploads\/2026\/09\/sheinbaum-y-el-fobaproa.jpg","datePublished":"2026-09-05T02:24:46+00:00","dateModified":"2026-09-05T02:24:47+00:00","author":{"@id":"https:\/\/elotroenfoque.mx\/#\/schema\/person\/8eb322f84d0bd9f337e462905519a1ae"},"description":"Durante su visita a Zacatecas, la presidenta Claudia Sheinbaum critic\u00f3 las deudas del Fobaproa y destac\u00f3 los programas sociales aplicados en la entidad.","breadcrumb":{"@id":"https:\/\/elotroenfoque.mx\/index.php\/2026\/09\/04\/senala-claudia-sheinbaum-que-deuda-del-fobaproa-es-impagable\/#breadcrumb"},"inLanguage":"es","potentialAction":[{"@type":"ReadAction","target":["https:\/\/elotroenfoque.mx\/index.php\/2026\/09\/04\/senala-claudia-sheinbaum-que-deuda-del-fobaproa-es-impagable\/"]}]},{"@type":"ImageObject","inLanguage":"es","@id":"https:\/\/elotroenfoque.mx\/index.php\/2026\/09\/04\/senala-claudia-sheinbaum-que-deuda-del-fobaproa-es-impagable\/#primaryimage","url":"https:\/\/elotroenfoque.mx\/wp-content\/uploads\/2026\/09\/sheinbaum-y-el-fobaproa.jpg","contentUrl":"https:\/\/elotroenfoque.mx\/wp-content\/uploads\/2026\/09\/sheinbaum-y-el-fobaproa.jpg","width":645,"height":364},{"@type":"BreadcrumbList","@id":"https:\/\/elotroenfoque.mx\/index.php\/2026\/09\/04\/senala-claudia-sheinbaum-que-deuda-del-fobaproa-es-impagable\/#breadcrumb","itemListElement":[{"@type":"ListItem","position":1,"name":"Portada","item":"https:\/\/elotroenfoque.mx\/"},{"@type":"ListItem","position":2,"name":"Se\u00f1ala Claudia Sheinbaum que deuda del Fobaproa es impagable"}]},{"@type":"WebSite","@id":"https:\/\/elotroenfoque.mx\/#website","url":"https:\/\/elotroenfoque.mx\/","name":"El otro enfoque","description":"","potentialAction":[{"@type":"SearchAction","target":{"@type":"EntryPoint","urlTemplate":"https:\/\/elotroenfoque.mx\/?s={search_term_string}"},"query-input":{"@type":"PropertyValueSpecification","valueRequired":true,"valueName":"search_term_string"}}],"inLanguage":"es"},{"@type":"Person","@id":"https:\/\/elotroenfoque.mx\/#\/schema\/person\/8eb322f84d0bd9f337e462905519a1ae","name":"Equipo Redaccion","image":{"@type":"ImageObject","inLanguage":"es","@id":"https:\/\/secure.gravatar.com\/avatar\/3579478e2b4e7aad364a32b26cf744b360ae0e581ee1cd0cb18a8f239ee49ac4?s=96&d=mm&r=g","url":"https:\/\/secure.gravatar.com\/avatar\/3579478e2b4e7aad364a32b26cf744b360ae0e581ee1cd0cb18a8f239ee49ac4?s=96&d=mm&r=g","contentUrl":"https:\/\/secure.gravatar.com\/avatar\/3579478e2b4e7aad364a32b26cf744b360ae0e581ee1cd0cb18a8f239ee49ac4?s=96&d=mm&r=g","caption":"Equipo Redaccion"},"url":"https:\/\/elotroenfoque.mx\/index.php\/author\/redaccion\/"}]}},"_links":{"self":[{"href":"https:\/\/elotroenfoque.mx\/index.php\/wp-json\/wp\/v2\/posts\/195677","targetHints":{"allow":["GET"]}}],"collection":[{"href":"https:\/\/elotroenfoque.mx\/index.php\/wp-json\/wp\/v2\/posts"}],"about":[{"href":"https:\/\/elotroenfoque.mx\/index.php\/wp-json\/wp\/v2\/types\/post"}],"author":[{"embeddable":true,"href":"https:\/\/elotroenfoque.mx\/index.php\/wp-json\/wp\/v2\/users\/4"}],"replies":[{"embeddable":true,"href":"https:\/\/elotroenfoque.mx\/index.php\/wp-json\/wp\/v2\/comments?post=195677"}],"version-history":[{"count":1,"href":"https:\/\/elotroenfoque.mx\/index.php\/wp-json\/wp\/v2\/posts\/195677\/revisions"}],"predecessor-version":[{"id":195679,"href":"https:\/\/elotroenfoque.mx\/index.php\/wp-json\/wp\/v2\/posts\/195677\/revisions\/195679"}],"wp:featuredmedia":[{"embeddable":true,"href":"https:\/\/elotroenfoque.mx\/index.php\/wp-json\/wp\/v2\/media\/195678"}],"wp:attachment":[{"href":"https:\/\/elotroenfoque.mx\/index.php\/wp-json\/wp\/v2\/media?parent=195677"}],"wp:term":[{"taxonomy":"category","embeddable":true,"href":"https:\/\/elotroenfoque.mx\/index.php\/wp-json\/wp\/v2\/categories?post=195677"},{"taxonomy":"post_tag","embeddable":true,"href":"https:\/\/elotroenfoque.mx\/index.php\/wp-json\/wp\/v2\/tags?post=195677"}],"curies":[{"name":"wp","href":"https:\/\/api.w.org\/{rel}","templated":true}]}}