{"id":195680,"date":"2026-09-04T20:38:44","date_gmt":"2026-09-05T02:38:44","guid":{"rendered":"https:\/\/elotroenfoque.mx\/?p=195680"},"modified":"2026-09-04T20:38:46","modified_gmt":"2026-09-05T02:38:46","slug":"jorge-espadas-plantea-soluciones-para-leon-en-foro-del-pan","status":"publish","type":"post","link":"https:\/\/elotroenfoque.mx\/index.php\/2026\/09\/04\/jorge-espadas-plantea-soluciones-para-leon-en-foro-del-pan\/","title":{"rendered":"Jorge Espadas plantea soluciones para Le\u00f3n en foro del PAN"},"content":{"rendered":"\n<p class=\"wp-block-paragraph\">Jorge Espadas puso sobre la mesa propuestas para atender los principales problemas de Le\u00f3n durante el Foro de Defensores de la Patria, la Familia y la Libertad.<\/p>\n\n\n\n<p class=\"wp-block-paragraph\">El diputado y aspirante estuvo acompa\u00f1ado por representantes de sectores vecinales, empresariales, rurales, transportistas, de salud y sociedad civil.<\/p>\n\n\n\n<p class=\"wp-block-paragraph\">Durante su participaci\u00f3n, Jorge Espadas se\u00f1al\u00f3 que seguridad, movilidad y agua requieren soluciones construidas con la ciudadan\u00eda y no \u00fanicamente desde el gobierno.<\/p>\n\n\n\n<figure class=\"wp-block-image size-large\"><img loading=\"lazy\" decoding=\"async\" width=\"1024\" height=\"682\" src=\"https:\/\/elotroenfoque.mx\/wp-content\/uploads\/2026\/09\/jorge-espadas-foro-del-pan-2-1024x682.jpeg\" alt=\"\" class=\"wp-image-195682\" srcset=\"https:\/\/elotroenfoque.mx\/wp-content\/uploads\/2026\/09\/jorge-espadas-foro-del-pan-2-1024x682.jpeg 1024w, https:\/\/elotroenfoque.mx\/wp-content\/uploads\/2026\/09\/jorge-espadas-foro-del-pan-2-300x200.jpeg 300w, https:\/\/elotroenfoque.mx\/wp-content\/uploads\/2026\/09\/jorge-espadas-foro-del-pan-2-767x511.jpeg 767w, https:\/\/elotroenfoque.mx\/wp-content\/uploads\/2026\/09\/jorge-espadas-foro-del-pan-2-1536x1023.jpeg 1536w, https:\/\/elotroenfoque.mx\/wp-content\/uploads\/2026\/09\/jorge-espadas-foro-del-pan-2-600x400.jpeg 600w, https:\/\/elotroenfoque.mx\/wp-content\/uploads\/2026\/09\/jorge-espadas-foro-del-pan-2.jpeg 1600w\" sizes=\"auto, (max-width: 1024px) 100vw, 1024px\" \/><\/figure>\n\n\n\n<p class=\"wp-block-paragraph\">El legislador identific\u00f3 la seguridad como uno de los principales desaf\u00edos del municipio. Por ello, propuso recuperar espacios p\u00fablicos y generar entornos que alejen a ni\u00f1as, ni\u00f1os y adolescentes de la delincuencia.<\/p>\n\n\n\n<p class=\"wp-block-paragraph\">Adem\u00e1s, plante\u00f3 combatir la extorsi\u00f3n mediante una coordinaci\u00f3n m\u00e1s estrecha con el Gobierno del Estado. En este punto, destac\u00f3 los resultados de la estrategia CONFIA.<\/p>\n\n\n\n<p class=\"wp-block-paragraph\">Seg\u00fan expuso, la atenci\u00f3n de la seguridad tambi\u00e9n debe considerar la prevenci\u00f3n. Por eso, consider\u00f3 necesario fortalecer actividades deportivas, culturales y comunitarias que permitan recuperar espacios para las familias.<\/p>\n\n\n\n<p class=\"wp-block-paragraph\">Jorge Espadas tambi\u00e9n sostuvo que desde los cargos legislativos que ha ocupado ha buscado generar acuerdos, incluso en escenarios de polarizaci\u00f3n y sin contar con mayor\u00edas parlamentarias.<\/p>\n\n\n\n<h2 class=\"wp-block-heading\">Movilidad, otro reto que enfrenta Le\u00f3n<\/h2>\n\n\n\n<p class=\"wp-block-paragraph\">En materia de movilidad, Espadas Galv\u00e1n se\u00f1al\u00f3 que Le\u00f3n necesita acciones para agilizar el tr\u00e1nsito y reducir los tiempos de traslado de sus habitantes.<\/p>\n\n\n\n<p class=\"wp-block-paragraph\">\u201cEl tiempo promedio de espera es de 26 minutos con 30 segundos y se prolonga durante las horas pico\u201d, indic\u00f3 durante el foro.<\/p>\n\n\n\n<p class=\"wp-block-paragraph\">A su consideraci\u00f3n, reducir estos tiempos permitir\u00eda que las personas puedan dedicar m\u00e1s espacio a sus familias. Asimismo, se\u00f1al\u00f3 que mejorar la circulaci\u00f3n tambi\u00e9n tendr\u00eda efectos positivos para el medio ambiente.<\/p>\n\n\n\n<p class=\"wp-block-paragraph\">Por ello, el aspirante plante\u00f3 que las decisiones sobre movilidad deben considerar las necesidades cotidianas de quienes utilizan diariamente las vialidades y el transporte.<\/p>\n\n\n\n<figure class=\"wp-block-image size-large\"><img loading=\"lazy\" decoding=\"async\" width=\"1024\" height=\"683\" src=\"https:\/\/elotroenfoque.mx\/wp-content\/uploads\/2026\/09\/jorge-espadas-foro-del-pan-3-1024x683.jpeg\" alt=\"\" class=\"wp-image-195683\" srcset=\"https:\/\/elotroenfoque.mx\/wp-content\/uploads\/2026\/09\/jorge-espadas-foro-del-pan-3-1024x683.jpeg 1024w, https:\/\/elotroenfoque.mx\/wp-content\/uploads\/2026\/09\/jorge-espadas-foro-del-pan-3-300x200.jpeg 300w, https:\/\/elotroenfoque.mx\/wp-content\/uploads\/2026\/09\/jorge-espadas-foro-del-pan-3-767x512.jpeg 767w, https:\/\/elotroenfoque.mx\/wp-content\/uploads\/2026\/09\/jorge-espadas-foro-del-pan-3-600x400.jpeg 600w, https:\/\/elotroenfoque.mx\/wp-content\/uploads\/2026\/09\/jorge-espadas-foro-del-pan-3.jpeg 1280w\" sizes=\"auto, (max-width: 1024px) 100vw, 1024px\" \/><\/figure>\n\n\n\n<h2 class=\"wp-block-heading\">Aborda el problema del agua<\/h2>\n\n\n\n<p class=\"wp-block-paragraph\">El abasto de agua fue otro de los temas centrales de su intervenci\u00f3n. Espadas record\u00f3 que el Congreso de Guanajuato autoriz\u00f3 al Poder Ejecutivo contratar un financiamiento por cuatro mil millones de pesos para construir el acueducto que abastecer\u00e1 a Le\u00f3n.<\/p>\n\n\n\n<p class=\"wp-block-paragraph\">El diputado asegur\u00f3 que particip\u00f3 en la conformaci\u00f3n de ese acuerdo. Sin embargo, consider\u00f3 que la soluci\u00f3n al problema h\u00eddrico requiere tambi\u00e9n mejorar la operaci\u00f3n y eficiencia del organismo encargado del servicio.<\/p>\n\n\n\n<p class=\"wp-block-paragraph\">Adem\u00e1s, propuso incrementar el re\u00faso del agua y reducir las p\u00e9rdidas del recurso. \u201cActualmente se desperdician tres de cada diez litros\u201d, se\u00f1al\u00f3.<\/p>\n\n\n\n<p class=\"wp-block-paragraph\">De esta manera, Jorge Espadas plante\u00f3 que la estrategia debe combinar nuevas fuentes de abastecimiento con una administraci\u00f3n m\u00e1s eficiente del agua disponible.<\/p>\n\n\n\n<h2 class=\"wp-block-heading\">Pide escuchar a las colonias y comunidades<\/h2>\n\n\n\n<p class=\"wp-block-paragraph\">El legislador tambi\u00e9n destac\u00f3 la importancia de mantener una relaci\u00f3n cercana entre autoridades y ciudadan\u00eda. Afirm\u00f3 que las personas conocen los problemas de sus comunidades y participan en su soluci\u00f3n.<\/p>\n\n\n\n<p class=\"wp-block-paragraph\"><strong><a href=\"https:\/\/elotroenfoque.mx\/index.php\/2026\/09\/04\/senala-claudia-sheinbaum-que-deuda-del-fobaproa-es-impagable\/\">\u00bfQu\u00e9 dijo la presidenta Claudia Sheinbaum sobre el Fobaproa?<\/a><\/strong><\/p>\n\n\n\n<p class=\"wp-block-paragraph\">\u201cLa comprensi\u00f3n de los problemas depende de que el gobierno sepa escuchar. Estoy seguro de que, juntos, sociedad y gobierno podemos identificarlos y encontrar mejores soluciones\u201d, expres\u00f3.<\/p>\n\n\n\n<p class=\"wp-block-paragraph\">Asimismo, consider\u00f3 necesario fortalecer el sentido de pertenencia de ni\u00f1as, ni\u00f1os y adolescentes mediante valores, deporte y cultura.<\/p>\n\n\n\n<p class=\"wp-block-paragraph\">Finalmente, Espadas Galv\u00e1n sostuvo que las decisiones sobre Le\u00f3n no deben tomarse \u00fanicamente desde un escritorio. Por el contrario, afirm\u00f3 que requieren contacto permanente con las colonias y comunidades.<\/p>\n\n\n\n<p class=\"wp-block-paragraph\">\u201cUstedes me conocen. He estado permanentemente en sus colonias y comunidades. Le\u00f3n merece m\u00e1s y puede tener m\u00e1s; si trabajamos juntos, lo vamos a lograr\u201d, concluy\u00f3.<\/p>\n\n\n\n<p class=\"wp-block-paragraph\"><strong><a href=\"https:\/\/www.tiktok.com\/@elotroenfoque?_r=1&amp;_t=ZS-97ffhW6kR1t\">Sigue tambi\u00e9n las noticias en TikTok<\/a><\/strong><\/p>\n\n\n\n<p class=\"wp-block-paragraph\"><\/p>\n","protected":false},"excerpt":{"rendered":"<p>Jorge Espadas puso sobre la mesa propuestas para atender los principales problemas de Le\u00f3n durante el Foro de Defensores de la Patria, la Familia y la Libertad. El diputado y aspirante estuvo acompa\u00f1ado por representantes de sectores vecinales, empresariales, rurales, transportistas, de salud y sociedad civil. Durante su participaci\u00f3n, Jorge Espadas se\u00f1al\u00f3 que seguridad, movilidad&#8230;<\/p>\n","protected":false},"author":4,"featured_media":195681,"comment_status":"closed","ping_status":"open","sticky":false,"template":"","format":"standard","meta":{"footnotes":""},"categories":[2],"tags":[13,4517],"class_list":["post-195680","post","type-post","status-publish","format-standard","has-post-thumbnail","hentry","category-noticias","tag-guanajuato","tag-noticias-guanajuato"],"yoast_head":"<!-- This site is optimized with the Yoast SEO plugin v28.2 - https:\/\/yoast.com\/product\/yoast-seo-wordpress\/ -->\n<title>Jorge Espadas plantea soluciones para Le\u00f3n en foro del PAN - El otro enfoque<\/title>\n<meta name=\"description\" content=\"Jorge Espadas plante\u00f3 propuestas para seguridad, movilidad y agua durante un foro del PAN, donde llam\u00f3 a trabajar junto con la ciudadan\u00eda.\" \/>\n<meta name=\"robots\" content=\"index, follow, max-snippet:-1, max-image-preview:large, max-video-preview:-1\" \/>\n<link rel=\"canonical\" href=\"https:\/\/elotroenfoque.mx\/index.php\/2026\/09\/04\/jorge-espadas-plantea-soluciones-para-leon-en-foro-del-pan\/\" \/>\n<meta property=\"og:locale\" content=\"es_MX\" \/>\n<meta property=\"og:type\" content=\"article\" \/>\n<meta property=\"og:title\" content=\"Jorge Espadas plantea soluciones para Le\u00f3n en foro del PAN - El otro enfoque\" \/>\n<meta property=\"og:description\" content=\"Jorge Espadas plante\u00f3 propuestas para seguridad, movilidad y agua durante un foro del PAN, donde llam\u00f3 a trabajar junto con la ciudadan\u00eda.\" \/>\n<meta property=\"og:url\" content=\"https:\/\/elotroenfoque.mx\/index.php\/2026\/09\/04\/jorge-espadas-plantea-soluciones-para-leon-en-foro-del-pan\/\" \/>\n<meta property=\"og:site_name\" content=\"El otro enfoque\" \/>\n<meta property=\"article:published_time\" content=\"2026-09-05T02:38:44+00:00\" \/>\n<meta property=\"article:modified_time\" content=\"2026-09-05T02:38:46+00:00\" \/>\n<meta property=\"og:image\" content=\"https:\/\/elotroenfoque.mx\/wp-content\/uploads\/2026\/09\/jorge-espadas-foro-del-pan-1.jpeg\" \/>\n\t<meta property=\"og:image:width\" content=\"1280\" \/>\n\t<meta property=\"og:image:height\" content=\"854\" \/>\n\t<meta property=\"og:image:type\" content=\"image\/jpeg\" \/>\n<meta name=\"author\" content=\"Equipo Redaccion\" \/>\n<meta name=\"twitter:card\" content=\"summary_large_image\" \/>\n<meta name=\"twitter:label1\" content=\"Escrito por\" \/>\n\t<meta name=\"twitter:data1\" content=\"Equipo Redaccion\" \/>\n\t<meta name=\"twitter:label2\" content=\"Tiempo de lectura\" \/>\n\t<meta name=\"twitter:data2\" content=\"4 minutos\" \/>\n<script type=\"application\/ld+json\" class=\"yoast-schema-graph\">{\"@context\":\"https:\\\/\\\/schema.org\",\"@graph\":[{\"@type\":\"Article\",\"@id\":\"https:\\\/\\\/elotroenfoque.mx\\\/index.php\\\/2026\\\/09\\\/04\\\/jorge-espadas-plantea-soluciones-para-leon-en-foro-del-pan\\\/#article\",\"isPartOf\":{\"@id\":\"https:\\\/\\\/elotroenfoque.mx\\\/index.php\\\/2026\\\/09\\\/04\\\/jorge-espadas-plantea-soluciones-para-leon-en-foro-del-pan\\\/\"},\"author\":{\"name\":\"Equipo Redaccion\",\"@id\":\"https:\\\/\\\/elotroenfoque.mx\\\/#\\\/schema\\\/person\\\/8eb322f84d0bd9f337e462905519a1ae\"},\"headline\":\"Jorge Espadas plantea soluciones para Le\u00f3n en foro del PAN\",\"datePublished\":\"2026-09-05T02:38:44+00:00\",\"dateModified\":\"2026-09-05T02:38:46+00:00\",\"mainEntityOfPage\":{\"@id\":\"https:\\\/\\\/elotroenfoque.mx\\\/index.php\\\/2026\\\/09\\\/04\\\/jorge-espadas-plantea-soluciones-para-leon-en-foro-del-pan\\\/\"},\"wordCount\":632,\"image\":{\"@id\":\"https:\\\/\\\/elotroenfoque.mx\\\/index.php\\\/2026\\\/09\\\/04\\\/jorge-espadas-plantea-soluciones-para-leon-en-foro-del-pan\\\/#primaryimage\"},\"thumbnailUrl\":\"https:\\\/\\\/elotroenfoque.mx\\\/wp-content\\\/uploads\\\/2026\\\/09\\\/jorge-espadas-foro-del-pan-1.jpeg\",\"keywords\":[\"Guanajuato\",\"Noticias Guanajuato\"],\"articleSection\":[\"Noticias\"],\"inLanguage\":\"es\"},{\"@type\":\"WebPage\",\"@id\":\"https:\\\/\\\/elotroenfoque.mx\\\/index.php\\\/2026\\\/09\\\/04\\\/jorge-espadas-plantea-soluciones-para-leon-en-foro-del-pan\\\/\",\"url\":\"https:\\\/\\\/elotroenfoque.mx\\\/index.php\\\/2026\\\/09\\\/04\\\/jorge-espadas-plantea-soluciones-para-leon-en-foro-del-pan\\\/\",\"name\":\"Jorge Espadas plantea soluciones para Le\u00f3n en foro del PAN - El otro enfoque\",\"isPartOf\":{\"@id\":\"https:\\\/\\\/elotroenfoque.mx\\\/#website\"},\"primaryImageOfPage\":{\"@id\":\"https:\\\/\\\/elotroenfoque.mx\\\/index.php\\\/2026\\\/09\\\/04\\\/jorge-espadas-plantea-soluciones-para-leon-en-foro-del-pan\\\/#primaryimage\"},\"image\":{\"@id\":\"https:\\\/\\\/elotroenfoque.mx\\\/index.php\\\/2026\\\/09\\\/04\\\/jorge-espadas-plantea-soluciones-para-leon-en-foro-del-pan\\\/#primaryimage\"},\"thumbnailUrl\":\"https:\\\/\\\/elotroenfoque.mx\\\/wp-content\\\/uploads\\\/2026\\\/09\\\/jorge-espadas-foro-del-pan-1.jpeg\",\"datePublished\":\"2026-09-05T02:38:44+00:00\",\"dateModified\":\"2026-09-05T02:38:46+00:00\",\"author\":{\"@id\":\"https:\\\/\\\/elotroenfoque.mx\\\/#\\\/schema\\\/person\\\/8eb322f84d0bd9f337e462905519a1ae\"},\"description\":\"Jorge Espadas plante\u00f3 propuestas para seguridad, movilidad y agua durante un foro del PAN, donde llam\u00f3 a trabajar junto con la ciudadan\u00eda.\",\"breadcrumb\":{\"@id\":\"https:\\\/\\\/elotroenfoque.mx\\\/index.php\\\/2026\\\/09\\\/04\\\/jorge-espadas-plantea-soluciones-para-leon-en-foro-del-pan\\\/#breadcrumb\"},\"inLanguage\":\"es\",\"potentialAction\":[{\"@type\":\"ReadAction\",\"target\":[\"https:\\\/\\\/elotroenfoque.mx\\\/index.php\\\/2026\\\/09\\\/04\\\/jorge-espadas-plantea-soluciones-para-leon-en-foro-del-pan\\\/\"]}]},{\"@type\":\"ImageObject\",\"inLanguage\":\"es\",\"@id\":\"https:\\\/\\\/elotroenfoque.mx\\\/index.php\\\/2026\\\/09\\\/04\\\/jorge-espadas-plantea-soluciones-para-leon-en-foro-del-pan\\\/#primaryimage\",\"url\":\"https:\\\/\\\/elotroenfoque.mx\\\/wp-content\\\/uploads\\\/2026\\\/09\\\/jorge-espadas-foro-del-pan-1.jpeg\",\"contentUrl\":\"https:\\\/\\\/elotroenfoque.mx\\\/wp-content\\\/uploads\\\/2026\\\/09\\\/jorge-espadas-foro-del-pan-1.jpeg\",\"width\":1280,\"height\":854},{\"@type\":\"BreadcrumbList\",\"@id\":\"https:\\\/\\\/elotroenfoque.mx\\\/index.php\\\/2026\\\/09\\\/04\\\/jorge-espadas-plantea-soluciones-para-leon-en-foro-del-pan\\\/#breadcrumb\",\"itemListElement\":[{\"@type\":\"ListItem\",\"position\":1,\"name\":\"Portada\",\"item\":\"https:\\\/\\\/elotroenfoque.mx\\\/\"},{\"@type\":\"ListItem\",\"position\":2,\"name\":\"Jorge Espadas plantea soluciones para Le\u00f3n en foro del PAN\"}]},{\"@type\":\"WebSite\",\"@id\":\"https:\\\/\\\/elotroenfoque.mx\\\/#website\",\"url\":\"https:\\\/\\\/elotroenfoque.mx\\\/\",\"name\":\"El otro enfoque\",\"description\":\"\",\"potentialAction\":[{\"@type\":\"SearchAction\",\"target\":{\"@type\":\"EntryPoint\",\"urlTemplate\":\"https:\\\/\\\/elotroenfoque.mx\\\/?s={search_term_string}\"},\"query-input\":{\"@type\":\"PropertyValueSpecification\",\"valueRequired\":true,\"valueName\":\"search_term_string\"}}],\"inLanguage\":\"es\"},{\"@type\":\"Person\",\"@id\":\"https:\\\/\\\/elotroenfoque.mx\\\/#\\\/schema\\\/person\\\/8eb322f84d0bd9f337e462905519a1ae\",\"name\":\"Equipo Redaccion\",\"image\":{\"@type\":\"ImageObject\",\"inLanguage\":\"es\",\"@id\":\"https:\\\/\\\/secure.gravatar.com\\\/avatar\\\/3579478e2b4e7aad364a32b26cf744b360ae0e581ee1cd0cb18a8f239ee49ac4?s=96&d=mm&r=g\",\"url\":\"https:\\\/\\\/secure.gravatar.com\\\/avatar\\\/3579478e2b4e7aad364a32b26cf744b360ae0e581ee1cd0cb18a8f239ee49ac4?s=96&d=mm&r=g\",\"contentUrl\":\"https:\\\/\\\/secure.gravatar.com\\\/avatar\\\/3579478e2b4e7aad364a32b26cf744b360ae0e581ee1cd0cb18a8f239ee49ac4?s=96&d=mm&r=g\",\"caption\":\"Equipo Redaccion\"},\"url\":\"https:\\\/\\\/elotroenfoque.mx\\\/index.php\\\/author\\\/redaccion\\\/\"}]}<\/script>\n<!-- \/ Yoast SEO plugin. -->","yoast_head_json":{"title":"Jorge Espadas plantea soluciones para Le\u00f3n en foro del PAN - El otro enfoque","description":"Jorge Espadas plante\u00f3 propuestas para seguridad, movilidad y agua durante un foro del PAN, donde llam\u00f3 a trabajar junto con la ciudadan\u00eda.","robots":{"index":"index","follow":"follow","max-snippet":"max-snippet:-1","max-image-preview":"max-image-preview:large","max-video-preview":"max-video-preview:-1"},"canonical":"https:\/\/elotroenfoque.mx\/index.php\/2026\/09\/04\/jorge-espadas-plantea-soluciones-para-leon-en-foro-del-pan\/","og_locale":"es_MX","og_type":"article","og_title":"Jorge Espadas plantea soluciones para Le\u00f3n en foro del PAN - El otro enfoque","og_description":"Jorge Espadas plante\u00f3 propuestas para seguridad, movilidad y agua durante un foro del PAN, donde llam\u00f3 a trabajar junto con la ciudadan\u00eda.","og_url":"https:\/\/elotroenfoque.mx\/index.php\/2026\/09\/04\/jorge-espadas-plantea-soluciones-para-leon-en-foro-del-pan\/","og_site_name":"El otro enfoque","article_published_time":"2026-09-05T02:38:44+00:00","article_modified_time":"2026-09-05T02:38:46+00:00","og_image":[{"width":1280,"height":854,"url":"https:\/\/elotroenfoque.mx\/wp-content\/uploads\/2026\/09\/jorge-espadas-foro-del-pan-1.jpeg","type":"image\/jpeg"}],"author":"Equipo Redaccion","twitter_card":"summary_large_image","twitter_misc":{"Escrito por":"Equipo Redaccion","Tiempo de lectura":"4 minutos"},"schema":{"@context":"https:\/\/schema.org","@graph":[{"@type":"Article","@id":"https:\/\/elotroenfoque.mx\/index.php\/2026\/09\/04\/jorge-espadas-plantea-soluciones-para-leon-en-foro-del-pan\/#article","isPartOf":{"@id":"https:\/\/elotroenfoque.mx\/index.php\/2026\/09\/04\/jorge-espadas-plantea-soluciones-para-leon-en-foro-del-pan\/"},"author":{"name":"Equipo Redaccion","@id":"https:\/\/elotroenfoque.mx\/#\/schema\/person\/8eb322f84d0bd9f337e462905519a1ae"},"headline":"Jorge Espadas plantea soluciones para Le\u00f3n en foro del PAN","datePublished":"2026-09-05T02:38:44+00:00","dateModified":"2026-09-05T02:38:46+00:00","mainEntityOfPage":{"@id":"https:\/\/elotroenfoque.mx\/index.php\/2026\/09\/04\/jorge-espadas-plantea-soluciones-para-leon-en-foro-del-pan\/"},"wordCount":632,"image":{"@id":"https:\/\/elotroenfoque.mx\/index.php\/2026\/09\/04\/jorge-espadas-plantea-soluciones-para-leon-en-foro-del-pan\/#primaryimage"},"thumbnailUrl":"https:\/\/elotroenfoque.mx\/wp-content\/uploads\/2026\/09\/jorge-espadas-foro-del-pan-1.jpeg","keywords":["Guanajuato","Noticias Guanajuato"],"articleSection":["Noticias"],"inLanguage":"es"},{"@type":"WebPage","@id":"https:\/\/elotroenfoque.mx\/index.php\/2026\/09\/04\/jorge-espadas-plantea-soluciones-para-leon-en-foro-del-pan\/","url":"https:\/\/elotroenfoque.mx\/index.php\/2026\/09\/04\/jorge-espadas-plantea-soluciones-para-leon-en-foro-del-pan\/","name":"Jorge Espadas plantea soluciones para Le\u00f3n en foro del PAN - El otro enfoque","isPartOf":{"@id":"https:\/\/elotroenfoque.mx\/#website"},"primaryImageOfPage":{"@id":"https:\/\/elotroenfoque.mx\/index.php\/2026\/09\/04\/jorge-espadas-plantea-soluciones-para-leon-en-foro-del-pan\/#primaryimage"},"image":{"@id":"https:\/\/elotroenfoque.mx\/index.php\/2026\/09\/04\/jorge-espadas-plantea-soluciones-para-leon-en-foro-del-pan\/#primaryimage"},"thumbnailUrl":"https:\/\/elotroenfoque.mx\/wp-content\/uploads\/2026\/09\/jorge-espadas-foro-del-pan-1.jpeg","datePublished":"2026-09-05T02:38:44+00:00","dateModified":"2026-09-05T02:38:46+00:00","author":{"@id":"https:\/\/elotroenfoque.mx\/#\/schema\/person\/8eb322f84d0bd9f337e462905519a1ae"},"description":"Jorge Espadas plante\u00f3 propuestas para seguridad, movilidad y agua durante un foro del PAN, donde llam\u00f3 a trabajar junto con la ciudadan\u00eda.","breadcrumb":{"@id":"https:\/\/elotroenfoque.mx\/index.php\/2026\/09\/04\/jorge-espadas-plantea-soluciones-para-leon-en-foro-del-pan\/#breadcrumb"},"inLanguage":"es","potentialAction":[{"@type":"ReadAction","target":["https:\/\/elotroenfoque.mx\/index.php\/2026\/09\/04\/jorge-espadas-plantea-soluciones-para-leon-en-foro-del-pan\/"]}]},{"@type":"ImageObject","inLanguage":"es","@id":"https:\/\/elotroenfoque.mx\/index.php\/2026\/09\/04\/jorge-espadas-plantea-soluciones-para-leon-en-foro-del-pan\/#primaryimage","url":"https:\/\/elotroenfoque.mx\/wp-content\/uploads\/2026\/09\/jorge-espadas-foro-del-pan-1.jpeg","contentUrl":"https:\/\/elotroenfoque.mx\/wp-content\/uploads\/2026\/09\/jorge-espadas-foro-del-pan-1.jpeg","width":1280,"height":854},{"@type":"BreadcrumbList","@id":"https:\/\/elotroenfoque.mx\/index.php\/2026\/09\/04\/jorge-espadas-plantea-soluciones-para-leon-en-foro-del-pan\/#breadcrumb","itemListElement":[{"@type":"ListItem","position":1,"name":"Portada","item":"https:\/\/elotroenfoque.mx\/"},{"@type":"ListItem","position":2,"name":"Jorge Espadas plantea soluciones para Le\u00f3n en foro del PAN"}]},{"@type":"WebSite","@id":"https:\/\/elotroenfoque.mx\/#website","url":"https:\/\/elotroenfoque.mx\/","name":"El otro enfoque","description":"","potentialAction":[{"@type":"SearchAction","target":{"@type":"EntryPoint","urlTemplate":"https:\/\/elotroenfoque.mx\/?s={search_term_string}"},"query-input":{"@type":"PropertyValueSpecification","valueRequired":true,"valueName":"search_term_string"}}],"inLanguage":"es"},{"@type":"Person","@id":"https:\/\/elotroenfoque.mx\/#\/schema\/person\/8eb322f84d0bd9f337e462905519a1ae","name":"Equipo Redaccion","image":{"@type":"ImageObject","inLanguage":"es","@id":"https:\/\/secure.gravatar.com\/avatar\/3579478e2b4e7aad364a32b26cf744b360ae0e581ee1cd0cb18a8f239ee49ac4?s=96&d=mm&r=g","url":"https:\/\/secure.gravatar.com\/avatar\/3579478e2b4e7aad364a32b26cf744b360ae0e581ee1cd0cb18a8f239ee49ac4?s=96&d=mm&r=g","contentUrl":"https:\/\/secure.gravatar.com\/avatar\/3579478e2b4e7aad364a32b26cf744b360ae0e581ee1cd0cb18a8f239ee49ac4?s=96&d=mm&r=g","caption":"Equipo Redaccion"},"url":"https:\/\/elotroenfoque.mx\/index.php\/author\/redaccion\/"}]}},"_links":{"self":[{"href":"https:\/\/elotroenfoque.mx\/index.php\/wp-json\/wp\/v2\/posts\/195680","targetHints":{"allow":["GET"]}}],"collection":[{"href":"https:\/\/elotroenfoque.mx\/index.php\/wp-json\/wp\/v2\/posts"}],"about":[{"href":"https:\/\/elotroenfoque.mx\/index.php\/wp-json\/wp\/v2\/types\/post"}],"author":[{"embeddable":true,"href":"https:\/\/elotroenfoque.mx\/index.php\/wp-json\/wp\/v2\/users\/4"}],"replies":[{"embeddable":true,"href":"https:\/\/elotroenfoque.mx\/index.php\/wp-json\/wp\/v2\/comments?post=195680"}],"version-history":[{"count":1,"href":"https:\/\/elotroenfoque.mx\/index.php\/wp-json\/wp\/v2\/posts\/195680\/revisions"}],"predecessor-version":[{"id":195684,"href":"https:\/\/elotroenfoque.mx\/index.php\/wp-json\/wp\/v2\/posts\/195680\/revisions\/195684"}],"wp:featuredmedia":[{"embeddable":true,"href":"https:\/\/elotroenfoque.mx\/index.php\/wp-json\/wp\/v2\/media\/195681"}],"wp:attachment":[{"href":"https:\/\/elotroenfoque.mx\/index.php\/wp-json\/wp\/v2\/media?parent=195680"}],"wp:term":[{"taxonomy":"category","embeddable":true,"href":"https:\/\/elotroenfoque.mx\/index.php\/wp-json\/wp\/v2\/categories?post=195680"},{"taxonomy":"post_tag","embeddable":true,"href":"https:\/\/elotroenfoque.mx\/index.php\/wp-json\/wp\/v2\/tags?post=195680"}],"curies":[{"name":"wp","href":"https:\/\/api.w.org\/{rel}","templated":true}]}}