{"id":195685,"date":"2026-09-04T21:01:21","date_gmt":"2026-09-05T03:01:21","guid":{"rendered":"https:\/\/elotroenfoque.mx\/?p=195685"},"modified":"2026-09-04T21:01:22","modified_gmt":"2026-09-05T03:01:22","slug":"retiran-280-kilos-de-cable-en-el-cerro-del-cuarto-en-guanajuato-capital","status":"publish","type":"post","link":"https:\/\/elotroenfoque.mx\/index.php\/2026\/09\/04\/retiran-280-kilos-de-cable-en-el-cerro-del-cuarto-en-guanajuato-capital\/","title":{"rendered":"Retiran 280 kilos de cable en el Cerro del Cuarto en Guanajuato capital"},"content":{"rendered":"\n<p class=\"wp-block-paragraph\">El retiro de cableado en Guanajuato lleg\u00f3 al Cerro del Cuarto, donde autoridades municipales y empresas de telecomunicaciones retiraron 280 kilogramos de cables en desuso.<\/p>\n\n\n\n<p class=\"wp-block-paragraph\">La jornada se realiz\u00f3 durante dos d\u00edas en una zona que conecta la glorieta del Cerro del Cuarto con el Antiguo Camino de Rayas.<\/p>\n\n\n\n<p class=\"wp-block-paragraph\">Con estas acciones, el gobierno municipal busca despejar las calles y mejorar la imagen urbana, principalmente en las zonas cercanas al Centro Hist\u00f3rico.<\/p>\n\n\n\n<figure class=\"wp-block-image size-large\"><img loading=\"lazy\" decoding=\"async\" width=\"576\" height=\"1024\" src=\"https:\/\/elotroenfoque.mx\/wp-content\/uploads\/2026\/09\/retiran-kilos-de-alambre-2-576x1024.jpeg\" alt=\"\" class=\"wp-image-195687\" srcset=\"https:\/\/elotroenfoque.mx\/wp-content\/uploads\/2026\/09\/retiran-kilos-de-alambre-2-576x1024.jpeg 576w, https:\/\/elotroenfoque.mx\/wp-content\/uploads\/2026\/09\/retiran-kilos-de-alambre-2-169x300.jpeg 169w, https:\/\/elotroenfoque.mx\/wp-content\/uploads\/2026\/09\/retiran-kilos-de-alambre-2.jpeg 720w\" sizes=\"auto, (max-width: 576px) 100vw, 576px\" \/><\/figure>\n\n\n\n<p class=\"wp-block-paragraph\">El jueves 3 y viernes 4 de septiembre se llev\u00f3 a cabo la d\u00e9cimo segunda jornada de retiro de cableado en Guanajuato.<\/p>\n\n\n\n<p class=\"wp-block-paragraph\">Los trabajos abarcaron el tramo comprendido desde la glorieta del Cerro del Cuarto hasta el Antiguo Camino de Rayas, con direcci\u00f3n a la intersecci\u00f3n con la calle Las Palmas.<\/p>\n\n\n\n<p class=\"wp-block-paragraph\">Durante el operativo, personal municipal y trabajadores de empresas de telecomunicaciones recorrieron aproximadamente 533 metros de vialidades para identificar y retirar instalaciones que ya no se encontraban en uso.<\/p>\n\n\n\n<h2 class=\"wp-block-heading\">Retiran 280 kilos de cables en dos d\u00edas<\/h2>\n\n\n\n<p class=\"wp-block-paragraph\">El principal resultado de esta jornada fue el retiro de 280 kilogramos de cables acumulados en la zona. Los trabajos se desarrollaron entre las 9:30 de la ma\u00f1ana y la 1:30 de la tarde.<\/p>\n\n\n\n<p class=\"wp-block-paragraph\">Adem\u00e1s, las labores forman parte del Proyecto de Mejora e Imagen Urbana de la Direcci\u00f3n General de Desarrollo Urbano.<\/p>\n\n\n\n<p class=\"wp-block-paragraph\">La estrategia contempla la participaci\u00f3n coordinada de la Comisi\u00f3n Federal de Electricidad (CFE), empresas que ofrecen servicios de telecomunicaciones y distintas \u00e1reas del gobierno municipal.<\/p>\n\n\n\n<figure class=\"wp-block-image size-large\"><img loading=\"lazy\" decoding=\"async\" width=\"576\" height=\"1024\" src=\"https:\/\/elotroenfoque.mx\/wp-content\/uploads\/2026\/09\/retiran-kilos-de-alambre-3-576x1024.jpeg\" alt=\"\" class=\"wp-image-195688\" srcset=\"https:\/\/elotroenfoque.mx\/wp-content\/uploads\/2026\/09\/retiran-kilos-de-alambre-3-576x1024.jpeg 576w, https:\/\/elotroenfoque.mx\/wp-content\/uploads\/2026\/09\/retiran-kilos-de-alambre-3-169x300.jpeg 169w, https:\/\/elotroenfoque.mx\/wp-content\/uploads\/2026\/09\/retiran-kilos-de-alambre-3.jpeg 720w\" sizes=\"auto, (max-width: 576px) 100vw, 576px\" \/><\/figure>\n\n\n\n<h2 class=\"wp-block-heading\">Contin\u00faan jornadas de retiro en Guanajuato<\/h2>\n\n\n\n<p class=\"wp-block-paragraph\">La intervenci\u00f3n en el Cerro del Cuarto representa la jornada n\u00famero 12 del programa municipal. Las acciones forman parte de un trabajo que busca extenderse a diferentes sectores de la ciudad.<\/p>\n\n\n\n<p class=\"wp-block-paragraph\">Adem\u00e1s, el municipio mantiene como prioridad la intervenci\u00f3n de calles, particularmente en el Centro Hist\u00f3rico, donde el exceso de cableado puede afectar la imagen de edificios y espacios p\u00fablicos.<\/p>\n\n\n\n<p class=\"wp-block-paragraph\"><strong><a href=\"https:\/\/elotroenfoque.mx\/index.php\/2026\/09\/04\/jorge-espadas-plantea-soluciones-para-leon-en-foro-del-pan\/\">\u00bfQu\u00e9 propuestas plante\u00f3 Jorge Espadas en el Foro del PAN?<\/a><\/strong><\/p>\n\n\n\n<p class=\"wp-block-paragraph\">Para realizar estos trabajos, las autoridades mantienen coordinaci\u00f3n con CFE y compa\u00f1\u00edas de telecomunicaciones, adem\u00e1s de personal de distintas dependencias municipales.<\/p>\n\n\n\n<p class=\"wp-block-paragraph\">As\u00ed, el retiro de cableado en Guanajuato continuar\u00e1 como parte de las acciones de mejora urbana, con intervenciones que buscan eliminar instalaciones que ya no prestan servicio y mantener calles m\u00e1s despejadas.<\/p>\n\n\n\n<p class=\"wp-block-paragraph\"><strong><a href=\"https:\/\/www.tiktok.com\/@elotroenfoque?_r=1&amp;_t=ZS-97ffhW6kR1t\">Sigue tambi\u00e9n las noticias en TikTok<\/a><\/strong><\/p>\n\n\n\n<p class=\"wp-block-paragraph\"><\/p>\n","protected":false},"excerpt":{"rendered":"<p>El retiro de cableado en Guanajuato lleg\u00f3 al Cerro del Cuarto, donde autoridades municipales y empresas de telecomunicaciones retiraron 280 kilogramos de cables en desuso. La jornada se realiz\u00f3 durante dos d\u00edas en una zona que conecta la glorieta del Cerro del Cuarto con el Antiguo Camino de Rayas. Con estas acciones, el gobierno municipal&#8230;<\/p>\n","protected":false},"author":4,"featured_media":195686,"comment_status":"closed","ping_status":"open","sticky":false,"template":"","format":"standard","meta":{"footnotes":""},"categories":[2],"tags":[13,4517],"class_list":["post-195685","post","type-post","status-publish","format-standard","has-post-thumbnail","hentry","category-noticias","tag-guanajuato","tag-noticias-guanajuato"],"yoast_head":"<!-- This site is optimized with the Yoast SEO plugin v28.2 - https:\/\/yoast.com\/product\/yoast-seo-wordpress\/ -->\n<title>Retiran 280 kilos de cable en el Cerro del Cuarto en Guanajuato capital - El otro enfoque<\/title>\n<meta name=\"description\" content=\"Retiran 280 kilos de cableado en desuso durante la jornada 12 realizada en el Cerro del Cuarto, como parte de las acciones de imagen urbana.\" \/>\n<meta name=\"robots\" content=\"index, follow, max-snippet:-1, max-image-preview:large, max-video-preview:-1\" \/>\n<link rel=\"canonical\" href=\"https:\/\/elotroenfoque.mx\/index.php\/2026\/09\/04\/retiran-280-kilos-de-cable-en-el-cerro-del-cuarto-en-guanajuato-capital\/\" \/>\n<meta property=\"og:locale\" content=\"es_MX\" \/>\n<meta property=\"og:type\" content=\"article\" \/>\n<meta property=\"og:title\" content=\"Retiran 280 kilos de cable en el Cerro del Cuarto en Guanajuato capital - El otro enfoque\" \/>\n<meta property=\"og:description\" content=\"Retiran 280 kilos de cableado en desuso durante la jornada 12 realizada en el Cerro del Cuarto, como parte de las acciones de imagen urbana.\" \/>\n<meta property=\"og:url\" content=\"https:\/\/elotroenfoque.mx\/index.php\/2026\/09\/04\/retiran-280-kilos-de-cable-en-el-cerro-del-cuarto-en-guanajuato-capital\/\" \/>\n<meta property=\"og:site_name\" content=\"El otro enfoque\" \/>\n<meta property=\"article:published_time\" content=\"2026-09-05T03:01:21+00:00\" \/>\n<meta property=\"article:modified_time\" content=\"2026-09-05T03:01:22+00:00\" \/>\n<meta property=\"og:image\" content=\"https:\/\/elotroenfoque.mx\/wp-content\/uploads\/2026\/09\/retiran-kilos-de-alambre-1-ok.jpg\" \/>\n\t<meta property=\"og:image:width\" content=\"714\" \/>\n\t<meta property=\"og:image:height\" content=\"551\" \/>\n\t<meta property=\"og:image:type\" content=\"image\/jpeg\" \/>\n<meta name=\"author\" content=\"Equipo Redaccion\" \/>\n<meta name=\"twitter:card\" content=\"summary_large_image\" \/>\n<meta name=\"twitter:label1\" content=\"Escrito por\" \/>\n\t<meta name=\"twitter:data1\" content=\"Equipo Redaccion\" \/>\n\t<meta name=\"twitter:label2\" content=\"Tiempo de lectura\" \/>\n\t<meta name=\"twitter:data2\" content=\"3 minutos\" \/>\n<script type=\"application\/ld+json\" class=\"yoast-schema-graph\">{\"@context\":\"https:\\\/\\\/schema.org\",\"@graph\":[{\"@type\":\"Article\",\"@id\":\"https:\\\/\\\/elotroenfoque.mx\\\/index.php\\\/2026\\\/09\\\/04\\\/retiran-280-kilos-de-cable-en-el-cerro-del-cuarto-en-guanajuato-capital\\\/#article\",\"isPartOf\":{\"@id\":\"https:\\\/\\\/elotroenfoque.mx\\\/index.php\\\/2026\\\/09\\\/04\\\/retiran-280-kilos-de-cable-en-el-cerro-del-cuarto-en-guanajuato-capital\\\/\"},\"author\":{\"name\":\"Equipo Redaccion\",\"@id\":\"https:\\\/\\\/elotroenfoque.mx\\\/#\\\/schema\\\/person\\\/8eb322f84d0bd9f337e462905519a1ae\"},\"headline\":\"Retiran 280 kilos de cable en el Cerro del Cuarto en Guanajuato capital\",\"datePublished\":\"2026-09-05T03:01:21+00:00\",\"dateModified\":\"2026-09-05T03:01:22+00:00\",\"mainEntityOfPage\":{\"@id\":\"https:\\\/\\\/elotroenfoque.mx\\\/index.php\\\/2026\\\/09\\\/04\\\/retiran-280-kilos-de-cable-en-el-cerro-del-cuarto-en-guanajuato-capital\\\/\"},\"wordCount\":399,\"image\":{\"@id\":\"https:\\\/\\\/elotroenfoque.mx\\\/index.php\\\/2026\\\/09\\\/04\\\/retiran-280-kilos-de-cable-en-el-cerro-del-cuarto-en-guanajuato-capital\\\/#primaryimage\"},\"thumbnailUrl\":\"https:\\\/\\\/elotroenfoque.mx\\\/wp-content\\\/uploads\\\/2026\\\/09\\\/retiran-kilos-de-alambre-1-ok.jpg\",\"keywords\":[\"Guanajuato\",\"Noticias Guanajuato\"],\"articleSection\":[\"Noticias\"],\"inLanguage\":\"es\"},{\"@type\":\"WebPage\",\"@id\":\"https:\\\/\\\/elotroenfoque.mx\\\/index.php\\\/2026\\\/09\\\/04\\\/retiran-280-kilos-de-cable-en-el-cerro-del-cuarto-en-guanajuato-capital\\\/\",\"url\":\"https:\\\/\\\/elotroenfoque.mx\\\/index.php\\\/2026\\\/09\\\/04\\\/retiran-280-kilos-de-cable-en-el-cerro-del-cuarto-en-guanajuato-capital\\\/\",\"name\":\"Retiran 280 kilos de cable en el Cerro del Cuarto en Guanajuato capital - El otro enfoque\",\"isPartOf\":{\"@id\":\"https:\\\/\\\/elotroenfoque.mx\\\/#website\"},\"primaryImageOfPage\":{\"@id\":\"https:\\\/\\\/elotroenfoque.mx\\\/index.php\\\/2026\\\/09\\\/04\\\/retiran-280-kilos-de-cable-en-el-cerro-del-cuarto-en-guanajuato-capital\\\/#primaryimage\"},\"image\":{\"@id\":\"https:\\\/\\\/elotroenfoque.mx\\\/index.php\\\/2026\\\/09\\\/04\\\/retiran-280-kilos-de-cable-en-el-cerro-del-cuarto-en-guanajuato-capital\\\/#primaryimage\"},\"thumbnailUrl\":\"https:\\\/\\\/elotroenfoque.mx\\\/wp-content\\\/uploads\\\/2026\\\/09\\\/retiran-kilos-de-alambre-1-ok.jpg\",\"datePublished\":\"2026-09-05T03:01:21+00:00\",\"dateModified\":\"2026-09-05T03:01:22+00:00\",\"author\":{\"@id\":\"https:\\\/\\\/elotroenfoque.mx\\\/#\\\/schema\\\/person\\\/8eb322f84d0bd9f337e462905519a1ae\"},\"description\":\"Retiran 280 kilos de cableado en desuso durante la jornada 12 realizada en el Cerro del Cuarto, como parte de las acciones de imagen urbana.\",\"breadcrumb\":{\"@id\":\"https:\\\/\\\/elotroenfoque.mx\\\/index.php\\\/2026\\\/09\\\/04\\\/retiran-280-kilos-de-cable-en-el-cerro-del-cuarto-en-guanajuato-capital\\\/#breadcrumb\"},\"inLanguage\":\"es\",\"potentialAction\":[{\"@type\":\"ReadAction\",\"target\":[\"https:\\\/\\\/elotroenfoque.mx\\\/index.php\\\/2026\\\/09\\\/04\\\/retiran-280-kilos-de-cable-en-el-cerro-del-cuarto-en-guanajuato-capital\\\/\"]}]},{\"@type\":\"ImageObject\",\"inLanguage\":\"es\",\"@id\":\"https:\\\/\\\/elotroenfoque.mx\\\/index.php\\\/2026\\\/09\\\/04\\\/retiran-280-kilos-de-cable-en-el-cerro-del-cuarto-en-guanajuato-capital\\\/#primaryimage\",\"url\":\"https:\\\/\\\/elotroenfoque.mx\\\/wp-content\\\/uploads\\\/2026\\\/09\\\/retiran-kilos-de-alambre-1-ok.jpg\",\"contentUrl\":\"https:\\\/\\\/elotroenfoque.mx\\\/wp-content\\\/uploads\\\/2026\\\/09\\\/retiran-kilos-de-alambre-1-ok.jpg\",\"width\":714,\"height\":551},{\"@type\":\"BreadcrumbList\",\"@id\":\"https:\\\/\\\/elotroenfoque.mx\\\/index.php\\\/2026\\\/09\\\/04\\\/retiran-280-kilos-de-cable-en-el-cerro-del-cuarto-en-guanajuato-capital\\\/#breadcrumb\",\"itemListElement\":[{\"@type\":\"ListItem\",\"position\":1,\"name\":\"Portada\",\"item\":\"https:\\\/\\\/elotroenfoque.mx\\\/\"},{\"@type\":\"ListItem\",\"position\":2,\"name\":\"Retiran 280 kilos de cable en el Cerro del Cuarto en Guanajuato capital\"}]},{\"@type\":\"WebSite\",\"@id\":\"https:\\\/\\\/elotroenfoque.mx\\\/#website\",\"url\":\"https:\\\/\\\/elotroenfoque.mx\\\/\",\"name\":\"El otro enfoque\",\"description\":\"\",\"potentialAction\":[{\"@type\":\"SearchAction\",\"target\":{\"@type\":\"EntryPoint\",\"urlTemplate\":\"https:\\\/\\\/elotroenfoque.mx\\\/?s={search_term_string}\"},\"query-input\":{\"@type\":\"PropertyValueSpecification\",\"valueRequired\":true,\"valueName\":\"search_term_string\"}}],\"inLanguage\":\"es\"},{\"@type\":\"Person\",\"@id\":\"https:\\\/\\\/elotroenfoque.mx\\\/#\\\/schema\\\/person\\\/8eb322f84d0bd9f337e462905519a1ae\",\"name\":\"Equipo Redaccion\",\"image\":{\"@type\":\"ImageObject\",\"inLanguage\":\"es\",\"@id\":\"https:\\\/\\\/secure.gravatar.com\\\/avatar\\\/3579478e2b4e7aad364a32b26cf744b360ae0e581ee1cd0cb18a8f239ee49ac4?s=96&d=mm&r=g\",\"url\":\"https:\\\/\\\/secure.gravatar.com\\\/avatar\\\/3579478e2b4e7aad364a32b26cf744b360ae0e581ee1cd0cb18a8f239ee49ac4?s=96&d=mm&r=g\",\"contentUrl\":\"https:\\\/\\\/secure.gravatar.com\\\/avatar\\\/3579478e2b4e7aad364a32b26cf744b360ae0e581ee1cd0cb18a8f239ee49ac4?s=96&d=mm&r=g\",\"caption\":\"Equipo Redaccion\"},\"url\":\"https:\\\/\\\/elotroenfoque.mx\\\/index.php\\\/author\\\/redaccion\\\/\"}]}<\/script>\n<!-- \/ Yoast SEO plugin. -->","yoast_head_json":{"title":"Retiran 280 kilos de cable en el Cerro del Cuarto en Guanajuato capital - El otro enfoque","description":"Retiran 280 kilos de cableado en desuso durante la jornada 12 realizada en el Cerro del Cuarto, como parte de las acciones de imagen urbana.","robots":{"index":"index","follow":"follow","max-snippet":"max-snippet:-1","max-image-preview":"max-image-preview:large","max-video-preview":"max-video-preview:-1"},"canonical":"https:\/\/elotroenfoque.mx\/index.php\/2026\/09\/04\/retiran-280-kilos-de-cable-en-el-cerro-del-cuarto-en-guanajuato-capital\/","og_locale":"es_MX","og_type":"article","og_title":"Retiran 280 kilos de cable en el Cerro del Cuarto en Guanajuato capital - El otro enfoque","og_description":"Retiran 280 kilos de cableado en desuso durante la jornada 12 realizada en el Cerro del Cuarto, como parte de las acciones de imagen urbana.","og_url":"https:\/\/elotroenfoque.mx\/index.php\/2026\/09\/04\/retiran-280-kilos-de-cable-en-el-cerro-del-cuarto-en-guanajuato-capital\/","og_site_name":"El otro enfoque","article_published_time":"2026-09-05T03:01:21+00:00","article_modified_time":"2026-09-05T03:01:22+00:00","og_image":[{"width":714,"height":551,"url":"https:\/\/elotroenfoque.mx\/wp-content\/uploads\/2026\/09\/retiran-kilos-de-alambre-1-ok.jpg","type":"image\/jpeg"}],"author":"Equipo Redaccion","twitter_card":"summary_large_image","twitter_misc":{"Escrito por":"Equipo Redaccion","Tiempo de lectura":"3 minutos"},"schema":{"@context":"https:\/\/schema.org","@graph":[{"@type":"Article","@id":"https:\/\/elotroenfoque.mx\/index.php\/2026\/09\/04\/retiran-280-kilos-de-cable-en-el-cerro-del-cuarto-en-guanajuato-capital\/#article","isPartOf":{"@id":"https:\/\/elotroenfoque.mx\/index.php\/2026\/09\/04\/retiran-280-kilos-de-cable-en-el-cerro-del-cuarto-en-guanajuato-capital\/"},"author":{"name":"Equipo Redaccion","@id":"https:\/\/elotroenfoque.mx\/#\/schema\/person\/8eb322f84d0bd9f337e462905519a1ae"},"headline":"Retiran 280 kilos de cable en el Cerro del Cuarto en Guanajuato capital","datePublished":"2026-09-05T03:01:21+00:00","dateModified":"2026-09-05T03:01:22+00:00","mainEntityOfPage":{"@id":"https:\/\/elotroenfoque.mx\/index.php\/2026\/09\/04\/retiran-280-kilos-de-cable-en-el-cerro-del-cuarto-en-guanajuato-capital\/"},"wordCount":399,"image":{"@id":"https:\/\/elotroenfoque.mx\/index.php\/2026\/09\/04\/retiran-280-kilos-de-cable-en-el-cerro-del-cuarto-en-guanajuato-capital\/#primaryimage"},"thumbnailUrl":"https:\/\/elotroenfoque.mx\/wp-content\/uploads\/2026\/09\/retiran-kilos-de-alambre-1-ok.jpg","keywords":["Guanajuato","Noticias Guanajuato"],"articleSection":["Noticias"],"inLanguage":"es"},{"@type":"WebPage","@id":"https:\/\/elotroenfoque.mx\/index.php\/2026\/09\/04\/retiran-280-kilos-de-cable-en-el-cerro-del-cuarto-en-guanajuato-capital\/","url":"https:\/\/elotroenfoque.mx\/index.php\/2026\/09\/04\/retiran-280-kilos-de-cable-en-el-cerro-del-cuarto-en-guanajuato-capital\/","name":"Retiran 280 kilos de cable en el Cerro del Cuarto en Guanajuato capital - El otro enfoque","isPartOf":{"@id":"https:\/\/elotroenfoque.mx\/#website"},"primaryImageOfPage":{"@id":"https:\/\/elotroenfoque.mx\/index.php\/2026\/09\/04\/retiran-280-kilos-de-cable-en-el-cerro-del-cuarto-en-guanajuato-capital\/#primaryimage"},"image":{"@id":"https:\/\/elotroenfoque.mx\/index.php\/2026\/09\/04\/retiran-280-kilos-de-cable-en-el-cerro-del-cuarto-en-guanajuato-capital\/#primaryimage"},"thumbnailUrl":"https:\/\/elotroenfoque.mx\/wp-content\/uploads\/2026\/09\/retiran-kilos-de-alambre-1-ok.jpg","datePublished":"2026-09-05T03:01:21+00:00","dateModified":"2026-09-05T03:01:22+00:00","author":{"@id":"https:\/\/elotroenfoque.mx\/#\/schema\/person\/8eb322f84d0bd9f337e462905519a1ae"},"description":"Retiran 280 kilos de cableado en desuso durante la jornada 12 realizada en el Cerro del Cuarto, como parte de las acciones de imagen urbana.","breadcrumb":{"@id":"https:\/\/elotroenfoque.mx\/index.php\/2026\/09\/04\/retiran-280-kilos-de-cable-en-el-cerro-del-cuarto-en-guanajuato-capital\/#breadcrumb"},"inLanguage":"es","potentialAction":[{"@type":"ReadAction","target":["https:\/\/elotroenfoque.mx\/index.php\/2026\/09\/04\/retiran-280-kilos-de-cable-en-el-cerro-del-cuarto-en-guanajuato-capital\/"]}]},{"@type":"ImageObject","inLanguage":"es","@id":"https:\/\/elotroenfoque.mx\/index.php\/2026\/09\/04\/retiran-280-kilos-de-cable-en-el-cerro-del-cuarto-en-guanajuato-capital\/#primaryimage","url":"https:\/\/elotroenfoque.mx\/wp-content\/uploads\/2026\/09\/retiran-kilos-de-alambre-1-ok.jpg","contentUrl":"https:\/\/elotroenfoque.mx\/wp-content\/uploads\/2026\/09\/retiran-kilos-de-alambre-1-ok.jpg","width":714,"height":551},{"@type":"BreadcrumbList","@id":"https:\/\/elotroenfoque.mx\/index.php\/2026\/09\/04\/retiran-280-kilos-de-cable-en-el-cerro-del-cuarto-en-guanajuato-capital\/#breadcrumb","itemListElement":[{"@type":"ListItem","position":1,"name":"Portada","item":"https:\/\/elotroenfoque.mx\/"},{"@type":"ListItem","position":2,"name":"Retiran 280 kilos de cable en el Cerro del Cuarto en Guanajuato capital"}]},{"@type":"WebSite","@id":"https:\/\/elotroenfoque.mx\/#website","url":"https:\/\/elotroenfoque.mx\/","name":"El otro enfoque","description":"","potentialAction":[{"@type":"SearchAction","target":{"@type":"EntryPoint","urlTemplate":"https:\/\/elotroenfoque.mx\/?s={search_term_string}"},"query-input":{"@type":"PropertyValueSpecification","valueRequired":true,"valueName":"search_term_string"}}],"inLanguage":"es"},{"@type":"Person","@id":"https:\/\/elotroenfoque.mx\/#\/schema\/person\/8eb322f84d0bd9f337e462905519a1ae","name":"Equipo Redaccion","image":{"@type":"ImageObject","inLanguage":"es","@id":"https:\/\/secure.gravatar.com\/avatar\/3579478e2b4e7aad364a32b26cf744b360ae0e581ee1cd0cb18a8f239ee49ac4?s=96&d=mm&r=g","url":"https:\/\/secure.gravatar.com\/avatar\/3579478e2b4e7aad364a32b26cf744b360ae0e581ee1cd0cb18a8f239ee49ac4?s=96&d=mm&r=g","contentUrl":"https:\/\/secure.gravatar.com\/avatar\/3579478e2b4e7aad364a32b26cf744b360ae0e581ee1cd0cb18a8f239ee49ac4?s=96&d=mm&r=g","caption":"Equipo Redaccion"},"url":"https:\/\/elotroenfoque.mx\/index.php\/author\/redaccion\/"}]}},"_links":{"self":[{"href":"https:\/\/elotroenfoque.mx\/index.php\/wp-json\/wp\/v2\/posts\/195685","targetHints":{"allow":["GET"]}}],"collection":[{"href":"https:\/\/elotroenfoque.mx\/index.php\/wp-json\/wp\/v2\/posts"}],"about":[{"href":"https:\/\/elotroenfoque.mx\/index.php\/wp-json\/wp\/v2\/types\/post"}],"author":[{"embeddable":true,"href":"https:\/\/elotroenfoque.mx\/index.php\/wp-json\/wp\/v2\/users\/4"}],"replies":[{"embeddable":true,"href":"https:\/\/elotroenfoque.mx\/index.php\/wp-json\/wp\/v2\/comments?post=195685"}],"version-history":[{"count":1,"href":"https:\/\/elotroenfoque.mx\/index.php\/wp-json\/wp\/v2\/posts\/195685\/revisions"}],"predecessor-version":[{"id":195689,"href":"https:\/\/elotroenfoque.mx\/index.php\/wp-json\/wp\/v2\/posts\/195685\/revisions\/195689"}],"wp:featuredmedia":[{"embeddable":true,"href":"https:\/\/elotroenfoque.mx\/index.php\/wp-json\/wp\/v2\/media\/195686"}],"wp:attachment":[{"href":"https:\/\/elotroenfoque.mx\/index.php\/wp-json\/wp\/v2\/media?parent=195685"}],"wp:term":[{"taxonomy":"category","embeddable":true,"href":"https:\/\/elotroenfoque.mx\/index.php\/wp-json\/wp\/v2\/categories?post=195685"},{"taxonomy":"post_tag","embeddable":true,"href":"https:\/\/elotroenfoque.mx\/index.php\/wp-json\/wp\/v2\/tags?post=195685"}],"curies":[{"name":"wp","href":"https:\/\/api.w.org\/{rel}","templated":true}]}}