{"id":195690,"date":"2026-09-04T21:10:54","date_gmt":"2026-09-05T03:10:54","guid":{"rendered":"https:\/\/elotroenfoque.mx\/?p=195690"},"modified":"2026-09-04T21:10:55","modified_gmt":"2026-09-05T03:10:55","slug":"localizan-cadaver-envuelto-en-cobijas-en-calles-del-barrio-de-san-miguel-en-leon","status":"publish","type":"post","link":"https:\/\/elotroenfoque.mx\/index.php\/2026\/09\/04\/localizan-cadaver-envuelto-en-cobijas-en-calles-del-barrio-de-san-miguel-en-leon\/","title":{"rendered":"Localizan cad\u00e1ver envuelto en cobijas en calles del barrio de San Miguel, en Le\u00f3n"},"content":{"rendered":"\n<p class=\"wp-block-paragraph\">Un cad\u00e1ver envuelto en cobijas fue localizado alrededor de las 8:00 de la noche de este viernes en calles del barrio de San Miguel, en Le\u00f3n.<\/p>\n\n\n\n<p class=\"wp-block-paragraph\">El reporte moviliz\u00f3 a elementos de seguridad hasta la calle R\u00edo Grijalva, en el tramo comprendido entre Independencia y Honda de San Miguel, luego de que se alertara sobre un bulto abandonado en la v\u00eda p\u00fablica.<\/p>\n\n\n\n<p class=\"wp-block-paragraph\">Al revisar el lugar, las autoridades confirmaron que se trataba de una persona fallecida, por lo que la zona fue acordonada y qued\u00f3 bajo resguardo mientras se realizaban las primeras diligencias.<\/p>\n\n\n\n<figure class=\"wp-block-image size-full\"><img loading=\"lazy\" decoding=\"async\" width=\"900\" height=\"722\" src=\"https:\/\/elotroenfoque.mx\/wp-content\/uploads\/2026\/09\/muerto.jpg\" alt=\"\" class=\"wp-image-195692\" srcset=\"https:\/\/elotroenfoque.mx\/wp-content\/uploads\/2026\/09\/muerto.jpg 900w, https:\/\/elotroenfoque.mx\/wp-content\/uploads\/2026\/09\/muerto-300x241.jpg 300w, https:\/\/elotroenfoque.mx\/wp-content\/uploads\/2026\/09\/muerto-768x616.jpg 768w\" sizes=\"auto, (max-width: 900px) 100vw, 900px\" \/><\/figure>\n\n\n\n<p class=\"wp-block-paragraph\">Posteriormente, se dio aviso a la Fiscal\u00eda General del Estado, cuyos agentes quedaron a cargo de las investigaciones para establecer c\u00f3mo ocurrieron los hechos.<\/p>\n\n\n\n<p class=\"wp-block-paragraph\">Hasta el momento, no se ha confirmado la identidad de la v\u00edctima ni se han proporcionado mayores caracter\u00edsticas sobre la persona fallecida. Tambi\u00e9n se desconoce qui\u00e9n dej\u00f3 el cuerpo en ese punto y bajo qu\u00e9 circunstancias.<\/p>\n\n\n\n<p class=\"wp-block-paragraph\">Personal especializado realizar\u00e1 los estudios correspondientes para determinar la causa de muerte, adem\u00e1s de buscar elementos que permitan esclarecer el caso y establecer la identidad de la v\u00edctima.<\/p>\n\n\n\n<p class=\"wp-block-paragraph\">Tambi\u00e9n lee:\u00a0<strong><a href=\"https:\/\/elotroenfoque.mx\/index.php\/2026\/09\/04\/superan-adicciones-140-reos-de-guanajuato-concluyen-programa-tras-las-rejas\/\">Superan adicciones 140 reos de Guanajuato, concluyen programa tras las rejas<\/a><\/strong><\/p>\n\n\n\n<p class=\"wp-block-paragraph\">Las investigaciones continuar\u00e1n para determinar las circunstancias en las que ocurri\u00f3 este hecho registrado durante la noche en el barrio de San Miguel.<\/p>\n\n\n\n<p class=\"wp-block-paragraph\"><strong><a href=\"https:\/\/www.tiktok.com\/@elotroenfoque?_r=1&amp;_t=ZS-97ffhW6kR1t\">Sigue tambi\u00e9n las noticias en TikTok<\/a><\/strong><\/p>\n","protected":false},"excerpt":{"rendered":"<p>Un cad\u00e1ver envuelto en cobijas fue localizado alrededor de las 8:00 de la noche de este viernes en calles del barrio de San Miguel, en Le\u00f3n. El reporte moviliz\u00f3 a elementos de seguridad hasta la calle R\u00edo Grijalva, en el tramo comprendido entre Independencia y Honda de San Miguel, luego de que se alertara sobre&#8230;<\/p>\n","protected":false},"author":4,"featured_media":195691,"comment_status":"closed","ping_status":"open","sticky":false,"template":"","format":"standard","meta":{"footnotes":""},"categories":[8],"tags":[13,4517],"class_list":["post-195690","post","type-post","status-publish","format-standard","has-post-thumbnail","hentry","category-desenfoques","tag-guanajuato","tag-noticias-guanajuato"],"yoast_head":"<!-- This site is optimized with the Yoast SEO plugin v28.2 - https:\/\/yoast.com\/product\/yoast-seo-wordpress\/ -->\n<title>Localizan cad\u00e1ver envuelto en cobijas en calles del barrio de San Miguel, en Le\u00f3n - El otro enfoque<\/title>\n<meta name=\"description\" content=\"Un cad\u00e1ver envuelto en cobijas fue localizado alrededor de las 8 de la noche en calles del barrio de San Miguel, en Le\u00f3n.\" \/>\n<meta name=\"robots\" content=\"index, follow, max-snippet:-1, max-image-preview:large, max-video-preview:-1\" \/>\n<link rel=\"canonical\" href=\"https:\/\/elotroenfoque.mx\/index.php\/2026\/09\/04\/localizan-cadaver-envuelto-en-cobijas-en-calles-del-barrio-de-san-miguel-en-leon\/\" \/>\n<meta property=\"og:locale\" content=\"es_MX\" \/>\n<meta property=\"og:type\" content=\"article\" \/>\n<meta property=\"og:title\" content=\"Localizan cad\u00e1ver envuelto en cobijas en calles del barrio de San Miguel, en Le\u00f3n - El otro enfoque\" \/>\n<meta property=\"og:description\" content=\"Un cad\u00e1ver envuelto en cobijas fue localizado alrededor de las 8 de la noche en calles del barrio de San Miguel, en Le\u00f3n.\" \/>\n<meta property=\"og:url\" content=\"https:\/\/elotroenfoque.mx\/index.php\/2026\/09\/04\/localizan-cadaver-envuelto-en-cobijas-en-calles-del-barrio-de-san-miguel-en-leon\/\" \/>\n<meta property=\"og:site_name\" content=\"El otro enfoque\" \/>\n<meta property=\"article:published_time\" content=\"2026-09-05T03:10:54+00:00\" \/>\n<meta property=\"article:modified_time\" content=\"2026-09-05T03:10:55+00:00\" \/>\n<meta property=\"og:image\" content=\"https:\/\/elotroenfoque.mx\/wp-content\/uploads\/2026\/09\/ENCOBIJADO.jpg\" \/>\n\t<meta property=\"og:image:width\" content=\"1284\" \/>\n\t<meta property=\"og:image:height\" content=\"509\" \/>\n\t<meta property=\"og:image:type\" content=\"image\/jpeg\" \/>\n<meta name=\"author\" content=\"Equipo Redaccion\" \/>\n<meta name=\"twitter:card\" content=\"summary_large_image\" \/>\n<meta name=\"twitter:label1\" content=\"Escrito por\" \/>\n\t<meta name=\"twitter:data1\" content=\"Equipo Redaccion\" \/>\n\t<meta name=\"twitter:label2\" content=\"Tiempo de lectura\" \/>\n\t<meta name=\"twitter:data2\" content=\"2 minutos\" \/>\n<script type=\"application\/ld+json\" class=\"yoast-schema-graph\">{\"@context\":\"https:\\\/\\\/schema.org\",\"@graph\":[{\"@type\":\"Article\",\"@id\":\"https:\\\/\\\/elotroenfoque.mx\\\/index.php\\\/2026\\\/09\\\/04\\\/localizan-cadaver-envuelto-en-cobijas-en-calles-del-barrio-de-san-miguel-en-leon\\\/#article\",\"isPartOf\":{\"@id\":\"https:\\\/\\\/elotroenfoque.mx\\\/index.php\\\/2026\\\/09\\\/04\\\/localizan-cadaver-envuelto-en-cobijas-en-calles-del-barrio-de-san-miguel-en-leon\\\/\"},\"author\":{\"name\":\"Equipo Redaccion\",\"@id\":\"https:\\\/\\\/elotroenfoque.mx\\\/#\\\/schema\\\/person\\\/8eb322f84d0bd9f337e462905519a1ae\"},\"headline\":\"Localizan cad\u00e1ver envuelto en cobijas en calles del barrio de San Miguel, en Le\u00f3n\",\"datePublished\":\"2026-09-05T03:10:54+00:00\",\"dateModified\":\"2026-09-05T03:10:55+00:00\",\"mainEntityOfPage\":{\"@id\":\"https:\\\/\\\/elotroenfoque.mx\\\/index.php\\\/2026\\\/09\\\/04\\\/localizan-cadaver-envuelto-en-cobijas-en-calles-del-barrio-de-san-miguel-en-leon\\\/\"},\"wordCount\":253,\"image\":{\"@id\":\"https:\\\/\\\/elotroenfoque.mx\\\/index.php\\\/2026\\\/09\\\/04\\\/localizan-cadaver-envuelto-en-cobijas-en-calles-del-barrio-de-san-miguel-en-leon\\\/#primaryimage\"},\"thumbnailUrl\":\"https:\\\/\\\/elotroenfoque.mx\\\/wp-content\\\/uploads\\\/2026\\\/09\\\/ENCOBIJADO.jpg\",\"keywords\":[\"Guanajuato\",\"Noticias Guanajuato\"],\"articleSection\":[\"Desenfoques\"],\"inLanguage\":\"es\"},{\"@type\":\"WebPage\",\"@id\":\"https:\\\/\\\/elotroenfoque.mx\\\/index.php\\\/2026\\\/09\\\/04\\\/localizan-cadaver-envuelto-en-cobijas-en-calles-del-barrio-de-san-miguel-en-leon\\\/\",\"url\":\"https:\\\/\\\/elotroenfoque.mx\\\/index.php\\\/2026\\\/09\\\/04\\\/localizan-cadaver-envuelto-en-cobijas-en-calles-del-barrio-de-san-miguel-en-leon\\\/\",\"name\":\"Localizan cad\u00e1ver envuelto en cobijas en calles del barrio de San Miguel, en Le\u00f3n - El otro enfoque\",\"isPartOf\":{\"@id\":\"https:\\\/\\\/elotroenfoque.mx\\\/#website\"},\"primaryImageOfPage\":{\"@id\":\"https:\\\/\\\/elotroenfoque.mx\\\/index.php\\\/2026\\\/09\\\/04\\\/localizan-cadaver-envuelto-en-cobijas-en-calles-del-barrio-de-san-miguel-en-leon\\\/#primaryimage\"},\"image\":{\"@id\":\"https:\\\/\\\/elotroenfoque.mx\\\/index.php\\\/2026\\\/09\\\/04\\\/localizan-cadaver-envuelto-en-cobijas-en-calles-del-barrio-de-san-miguel-en-leon\\\/#primaryimage\"},\"thumbnailUrl\":\"https:\\\/\\\/elotroenfoque.mx\\\/wp-content\\\/uploads\\\/2026\\\/09\\\/ENCOBIJADO.jpg\",\"datePublished\":\"2026-09-05T03:10:54+00:00\",\"dateModified\":\"2026-09-05T03:10:55+00:00\",\"author\":{\"@id\":\"https:\\\/\\\/elotroenfoque.mx\\\/#\\\/schema\\\/person\\\/8eb322f84d0bd9f337e462905519a1ae\"},\"description\":\"Un cad\u00e1ver envuelto en cobijas fue localizado alrededor de las 8 de la noche en calles del barrio de San Miguel, en Le\u00f3n.\",\"breadcrumb\":{\"@id\":\"https:\\\/\\\/elotroenfoque.mx\\\/index.php\\\/2026\\\/09\\\/04\\\/localizan-cadaver-envuelto-en-cobijas-en-calles-del-barrio-de-san-miguel-en-leon\\\/#breadcrumb\"},\"inLanguage\":\"es\",\"potentialAction\":[{\"@type\":\"ReadAction\",\"target\":[\"https:\\\/\\\/elotroenfoque.mx\\\/index.php\\\/2026\\\/09\\\/04\\\/localizan-cadaver-envuelto-en-cobijas-en-calles-del-barrio-de-san-miguel-en-leon\\\/\"]}]},{\"@type\":\"ImageObject\",\"inLanguage\":\"es\",\"@id\":\"https:\\\/\\\/elotroenfoque.mx\\\/index.php\\\/2026\\\/09\\\/04\\\/localizan-cadaver-envuelto-en-cobijas-en-calles-del-barrio-de-san-miguel-en-leon\\\/#primaryimage\",\"url\":\"https:\\\/\\\/elotroenfoque.mx\\\/wp-content\\\/uploads\\\/2026\\\/09\\\/ENCOBIJADO.jpg\",\"contentUrl\":\"https:\\\/\\\/elotroenfoque.mx\\\/wp-content\\\/uploads\\\/2026\\\/09\\\/ENCOBIJADO.jpg\",\"width\":1284,\"height\":509,\"caption\":\"Hallan a persona sin vida envuelto en cobijas en Le\u00f3n.\"},{\"@type\":\"BreadcrumbList\",\"@id\":\"https:\\\/\\\/elotroenfoque.mx\\\/index.php\\\/2026\\\/09\\\/04\\\/localizan-cadaver-envuelto-en-cobijas-en-calles-del-barrio-de-san-miguel-en-leon\\\/#breadcrumb\",\"itemListElement\":[{\"@type\":\"ListItem\",\"position\":1,\"name\":\"Portada\",\"item\":\"https:\\\/\\\/elotroenfoque.mx\\\/\"},{\"@type\":\"ListItem\",\"position\":2,\"name\":\"Localizan cad\u00e1ver envuelto en cobijas en calles del barrio de San Miguel, en Le\u00f3n\"}]},{\"@type\":\"WebSite\",\"@id\":\"https:\\\/\\\/elotroenfoque.mx\\\/#website\",\"url\":\"https:\\\/\\\/elotroenfoque.mx\\\/\",\"name\":\"El otro enfoque\",\"description\":\"\",\"potentialAction\":[{\"@type\":\"SearchAction\",\"target\":{\"@type\":\"EntryPoint\",\"urlTemplate\":\"https:\\\/\\\/elotroenfoque.mx\\\/?s={search_term_string}\"},\"query-input\":{\"@type\":\"PropertyValueSpecification\",\"valueRequired\":true,\"valueName\":\"search_term_string\"}}],\"inLanguage\":\"es\"},{\"@type\":\"Person\",\"@id\":\"https:\\\/\\\/elotroenfoque.mx\\\/#\\\/schema\\\/person\\\/8eb322f84d0bd9f337e462905519a1ae\",\"name\":\"Equipo Redaccion\",\"image\":{\"@type\":\"ImageObject\",\"inLanguage\":\"es\",\"@id\":\"https:\\\/\\\/secure.gravatar.com\\\/avatar\\\/3579478e2b4e7aad364a32b26cf744b360ae0e581ee1cd0cb18a8f239ee49ac4?s=96&d=mm&r=g\",\"url\":\"https:\\\/\\\/secure.gravatar.com\\\/avatar\\\/3579478e2b4e7aad364a32b26cf744b360ae0e581ee1cd0cb18a8f239ee49ac4?s=96&d=mm&r=g\",\"contentUrl\":\"https:\\\/\\\/secure.gravatar.com\\\/avatar\\\/3579478e2b4e7aad364a32b26cf744b360ae0e581ee1cd0cb18a8f239ee49ac4?s=96&d=mm&r=g\",\"caption\":\"Equipo Redaccion\"},\"url\":\"https:\\\/\\\/elotroenfoque.mx\\\/index.php\\\/author\\\/redaccion\\\/\"}]}<\/script>\n<!-- \/ Yoast SEO plugin. -->","yoast_head_json":{"title":"Localizan cad\u00e1ver envuelto en cobijas en calles del barrio de San Miguel, en Le\u00f3n - El otro enfoque","description":"Un cad\u00e1ver envuelto en cobijas fue localizado alrededor de las 8 de la noche en calles del barrio de San Miguel, en Le\u00f3n.","robots":{"index":"index","follow":"follow","max-snippet":"max-snippet:-1","max-image-preview":"max-image-preview:large","max-video-preview":"max-video-preview:-1"},"canonical":"https:\/\/elotroenfoque.mx\/index.php\/2026\/09\/04\/localizan-cadaver-envuelto-en-cobijas-en-calles-del-barrio-de-san-miguel-en-leon\/","og_locale":"es_MX","og_type":"article","og_title":"Localizan cad\u00e1ver envuelto en cobijas en calles del barrio de San Miguel, en Le\u00f3n - El otro enfoque","og_description":"Un cad\u00e1ver envuelto en cobijas fue localizado alrededor de las 8 de la noche en calles del barrio de San Miguel, en Le\u00f3n.","og_url":"https:\/\/elotroenfoque.mx\/index.php\/2026\/09\/04\/localizan-cadaver-envuelto-en-cobijas-en-calles-del-barrio-de-san-miguel-en-leon\/","og_site_name":"El otro enfoque","article_published_time":"2026-09-05T03:10:54+00:00","article_modified_time":"2026-09-05T03:10:55+00:00","og_image":[{"width":1284,"height":509,"url":"https:\/\/elotroenfoque.mx\/wp-content\/uploads\/2026\/09\/ENCOBIJADO.jpg","type":"image\/jpeg"}],"author":"Equipo Redaccion","twitter_card":"summary_large_image","twitter_misc":{"Escrito por":"Equipo Redaccion","Tiempo de lectura":"2 minutos"},"schema":{"@context":"https:\/\/schema.org","@graph":[{"@type":"Article","@id":"https:\/\/elotroenfoque.mx\/index.php\/2026\/09\/04\/localizan-cadaver-envuelto-en-cobijas-en-calles-del-barrio-de-san-miguel-en-leon\/#article","isPartOf":{"@id":"https:\/\/elotroenfoque.mx\/index.php\/2026\/09\/04\/localizan-cadaver-envuelto-en-cobijas-en-calles-del-barrio-de-san-miguel-en-leon\/"},"author":{"name":"Equipo Redaccion","@id":"https:\/\/elotroenfoque.mx\/#\/schema\/person\/8eb322f84d0bd9f337e462905519a1ae"},"headline":"Localizan cad\u00e1ver envuelto en cobijas en calles del barrio de San Miguel, en Le\u00f3n","datePublished":"2026-09-05T03:10:54+00:00","dateModified":"2026-09-05T03:10:55+00:00","mainEntityOfPage":{"@id":"https:\/\/elotroenfoque.mx\/index.php\/2026\/09\/04\/localizan-cadaver-envuelto-en-cobijas-en-calles-del-barrio-de-san-miguel-en-leon\/"},"wordCount":253,"image":{"@id":"https:\/\/elotroenfoque.mx\/index.php\/2026\/09\/04\/localizan-cadaver-envuelto-en-cobijas-en-calles-del-barrio-de-san-miguel-en-leon\/#primaryimage"},"thumbnailUrl":"https:\/\/elotroenfoque.mx\/wp-content\/uploads\/2026\/09\/ENCOBIJADO.jpg","keywords":["Guanajuato","Noticias Guanajuato"],"articleSection":["Desenfoques"],"inLanguage":"es"},{"@type":"WebPage","@id":"https:\/\/elotroenfoque.mx\/index.php\/2026\/09\/04\/localizan-cadaver-envuelto-en-cobijas-en-calles-del-barrio-de-san-miguel-en-leon\/","url":"https:\/\/elotroenfoque.mx\/index.php\/2026\/09\/04\/localizan-cadaver-envuelto-en-cobijas-en-calles-del-barrio-de-san-miguel-en-leon\/","name":"Localizan cad\u00e1ver envuelto en cobijas en calles del barrio de San Miguel, en Le\u00f3n - El otro enfoque","isPartOf":{"@id":"https:\/\/elotroenfoque.mx\/#website"},"primaryImageOfPage":{"@id":"https:\/\/elotroenfoque.mx\/index.php\/2026\/09\/04\/localizan-cadaver-envuelto-en-cobijas-en-calles-del-barrio-de-san-miguel-en-leon\/#primaryimage"},"image":{"@id":"https:\/\/elotroenfoque.mx\/index.php\/2026\/09\/04\/localizan-cadaver-envuelto-en-cobijas-en-calles-del-barrio-de-san-miguel-en-leon\/#primaryimage"},"thumbnailUrl":"https:\/\/elotroenfoque.mx\/wp-content\/uploads\/2026\/09\/ENCOBIJADO.jpg","datePublished":"2026-09-05T03:10:54+00:00","dateModified":"2026-09-05T03:10:55+00:00","author":{"@id":"https:\/\/elotroenfoque.mx\/#\/schema\/person\/8eb322f84d0bd9f337e462905519a1ae"},"description":"Un cad\u00e1ver envuelto en cobijas fue localizado alrededor de las 8 de la noche en calles del barrio de San Miguel, en Le\u00f3n.","breadcrumb":{"@id":"https:\/\/elotroenfoque.mx\/index.php\/2026\/09\/04\/localizan-cadaver-envuelto-en-cobijas-en-calles-del-barrio-de-san-miguel-en-leon\/#breadcrumb"},"inLanguage":"es","potentialAction":[{"@type":"ReadAction","target":["https:\/\/elotroenfoque.mx\/index.php\/2026\/09\/04\/localizan-cadaver-envuelto-en-cobijas-en-calles-del-barrio-de-san-miguel-en-leon\/"]}]},{"@type":"ImageObject","inLanguage":"es","@id":"https:\/\/elotroenfoque.mx\/index.php\/2026\/09\/04\/localizan-cadaver-envuelto-en-cobijas-en-calles-del-barrio-de-san-miguel-en-leon\/#primaryimage","url":"https:\/\/elotroenfoque.mx\/wp-content\/uploads\/2026\/09\/ENCOBIJADO.jpg","contentUrl":"https:\/\/elotroenfoque.mx\/wp-content\/uploads\/2026\/09\/ENCOBIJADO.jpg","width":1284,"height":509,"caption":"Hallan a persona sin vida envuelto en cobijas en Le\u00f3n."},{"@type":"BreadcrumbList","@id":"https:\/\/elotroenfoque.mx\/index.php\/2026\/09\/04\/localizan-cadaver-envuelto-en-cobijas-en-calles-del-barrio-de-san-miguel-en-leon\/#breadcrumb","itemListElement":[{"@type":"ListItem","position":1,"name":"Portada","item":"https:\/\/elotroenfoque.mx\/"},{"@type":"ListItem","position":2,"name":"Localizan cad\u00e1ver envuelto en cobijas en calles del barrio de San Miguel, en Le\u00f3n"}]},{"@type":"WebSite","@id":"https:\/\/elotroenfoque.mx\/#website","url":"https:\/\/elotroenfoque.mx\/","name":"El otro enfoque","description":"","potentialAction":[{"@type":"SearchAction","target":{"@type":"EntryPoint","urlTemplate":"https:\/\/elotroenfoque.mx\/?s={search_term_string}"},"query-input":{"@type":"PropertyValueSpecification","valueRequired":true,"valueName":"search_term_string"}}],"inLanguage":"es"},{"@type":"Person","@id":"https:\/\/elotroenfoque.mx\/#\/schema\/person\/8eb322f84d0bd9f337e462905519a1ae","name":"Equipo Redaccion","image":{"@type":"ImageObject","inLanguage":"es","@id":"https:\/\/secure.gravatar.com\/avatar\/3579478e2b4e7aad364a32b26cf744b360ae0e581ee1cd0cb18a8f239ee49ac4?s=96&d=mm&r=g","url":"https:\/\/secure.gravatar.com\/avatar\/3579478e2b4e7aad364a32b26cf744b360ae0e581ee1cd0cb18a8f239ee49ac4?s=96&d=mm&r=g","contentUrl":"https:\/\/secure.gravatar.com\/avatar\/3579478e2b4e7aad364a32b26cf744b360ae0e581ee1cd0cb18a8f239ee49ac4?s=96&d=mm&r=g","caption":"Equipo Redaccion"},"url":"https:\/\/elotroenfoque.mx\/index.php\/author\/redaccion\/"}]}},"_links":{"self":[{"href":"https:\/\/elotroenfoque.mx\/index.php\/wp-json\/wp\/v2\/posts\/195690","targetHints":{"allow":["GET"]}}],"collection":[{"href":"https:\/\/elotroenfoque.mx\/index.php\/wp-json\/wp\/v2\/posts"}],"about":[{"href":"https:\/\/elotroenfoque.mx\/index.php\/wp-json\/wp\/v2\/types\/post"}],"author":[{"embeddable":true,"href":"https:\/\/elotroenfoque.mx\/index.php\/wp-json\/wp\/v2\/users\/4"}],"replies":[{"embeddable":true,"href":"https:\/\/elotroenfoque.mx\/index.php\/wp-json\/wp\/v2\/comments?post=195690"}],"version-history":[{"count":1,"href":"https:\/\/elotroenfoque.mx\/index.php\/wp-json\/wp\/v2\/posts\/195690\/revisions"}],"predecessor-version":[{"id":195693,"href":"https:\/\/elotroenfoque.mx\/index.php\/wp-json\/wp\/v2\/posts\/195690\/revisions\/195693"}],"wp:featuredmedia":[{"embeddable":true,"href":"https:\/\/elotroenfoque.mx\/index.php\/wp-json\/wp\/v2\/media\/195691"}],"wp:attachment":[{"href":"https:\/\/elotroenfoque.mx\/index.php\/wp-json\/wp\/v2\/media?parent=195690"}],"wp:term":[{"taxonomy":"category","embeddable":true,"href":"https:\/\/elotroenfoque.mx\/index.php\/wp-json\/wp\/v2\/categories?post=195690"},{"taxonomy":"post_tag","embeddable":true,"href":"https:\/\/elotroenfoque.mx\/index.php\/wp-json\/wp\/v2\/tags?post=195690"}],"curies":[{"name":"wp","href":"https:\/\/api.w.org\/{rel}","templated":true}]}}