{"id":195694,"date":"2026-09-04T21:52:40","date_gmt":"2026-09-05T03:52:40","guid":{"rendered":"https:\/\/elotroenfoque.mx\/?p=195694"},"modified":"2026-09-04T21:52:41","modified_gmt":"2026-09-05T03:52:41","slug":"capturan-a-francotirador-colombiano-planeaba-atentado-contra-presidente","status":"publish","type":"post","link":"https:\/\/elotroenfoque.mx\/index.php\/2026\/09\/04\/capturan-a-francotirador-colombiano-planeaba-atentado-contra-presidente\/","title":{"rendered":"Capturan a francotirador colombiano planeaba atentado contra presidente"},"content":{"rendered":"\n<p class=\"wp-block-paragraph\">La Polic\u00eda colombiana captur\u00f3 en Oca\u00f1a a Dairo Firizzola, conocido con los alias de \u201cFiru\u201d o \u201cFirulais\u201d, se\u00f1alado por las autoridades como presunto integrante del Ej\u00e9rcito de Liberaci\u00f3n Nacional (ELN) y supuesto francotirador de esa guerrilla.<\/p>\n\n\n\n<p class=\"wp-block-paragraph\">Seg\u00fan la informaci\u00f3n entregada por las autoridades, Firizzola habr\u00eda sido se\u00f1alado de participar en la planificaci\u00f3n de un presunto atentado contra el presidente de Colombia, Abelardo De la Espriella.<\/p>\n\n\n\n<p class=\"wp-block-paragraph\">El propio mandatario confirm\u00f3 la captura a trav\u00e9s de su cuenta en X y asegur\u00f3 que el detenido ser\u00eda el presunto francotirador del ELN que habr\u00eda participado en la planeaci\u00f3n de un ataque contra su vida.<\/p>\n\n\n\n<p class=\"wp-block-paragraph\">De acuerdo con la versi\u00f3n difundida por el presidente, alias \u201cFirulais\u201d ser\u00eda francotirador del Frente Camilo Torres y estar\u00eda relacionado con el asesinato de tres polic\u00edas. Adem\u00e1s, sostuvo que el detenido habr\u00eda sido designado por un sujeto conocido con el alias de \u201cEl Zorro\u201d para ejecutar un atentado en su contra.<\/p>\n\n\n\n<p class=\"wp-block-paragraph\">\u201cCon su captura, el mensaje es claro: las amenazas no detendr\u00e1n la ofensiva de la Fuerza P\u00fablica\u201d, afirm\u00f3 el mandatario al referirse al operativo.<\/p>\n\n\n\n<p class=\"wp-block-paragraph\">La captura se produce en medio de las acciones de la Fuerza P\u00fablica contra estructuras armadas ilegales. Las autoridades deber\u00e1n avanzar ahora en la investigaci\u00f3n para determinar la responsabilidad de Firizzola en los hechos que se le atribuyen y establecer el alcance del supuesto plan contra el presidente.<\/p>\n\n\n\n<p class=\"wp-block-paragraph\">Tambi\u00e9n lee:\u00a0<strong><a href=\"https:\/\/elotroenfoque.mx\/index.php\/2026\/09\/04\/ieeg-define-reglas-para-candidaturas-independientes-2026-2027\/\">IEEG define reglas para candidaturas independientes 2026-2027<\/a><\/strong><\/p>\n\n\n\n<p class=\"wp-block-paragraph\">Por el momento, las acusaciones corresponden a se\u00f1alamientos de las autoridades y deber\u00e1n ser esclarecidas dentro del proceso judicial correspondiente.<\/p>\n\n\n\n<p class=\"wp-block-paragraph\"><strong><a href=\"https:\/\/www.tiktok.com\/@elotroenfoque?_r=1&amp;_t=ZS-97ffhW6kR1t\">Sigue tambi\u00e9n las noticias en TikTok<\/a><\/strong><\/p>\n","protected":false},"excerpt":{"rendered":"<p>La Polic\u00eda colombiana captur\u00f3 en Oca\u00f1a a Dairo Firizzola, conocido con los alias de \u201cFiru\u201d o \u201cFirulais\u201d, se\u00f1alado por las autoridades como presunto integrante del Ej\u00e9rcito de Liberaci\u00f3n Nacional (ELN) y supuesto francotirador de esa guerrilla. Seg\u00fan la informaci\u00f3n entregada por las autoridades, Firizzola habr\u00eda sido se\u00f1alado de participar en la planificaci\u00f3n de un presunto&#8230;<\/p>\n","protected":false},"author":4,"featured_media":195695,"comment_status":"closed","ping_status":"open","sticky":false,"template":"","format":"standard","meta":{"footnotes":""},"categories":[11],"tags":[13,4517],"class_list":["post-195694","post","type-post","status-publish","format-standard","has-post-thumbnail","hentry","category-otrasnoticias","tag-guanajuato","tag-noticias-guanajuato"],"yoast_head":"<!-- This site is optimized with the Yoast SEO plugin v28.2 - https:\/\/yoast.com\/product\/yoast-seo-wordpress\/ -->\n<title>Capturan a francotirador colombiano planeaba atentado contra presidente - El otro enfoque<\/title>\n<meta name=\"description\" content=\"Capturan a Dairo Firizzola, \u2018Firulais\u2019, francotirador del ELN y de recibir el encargo de atentar contra el presidente de Colombia.\" \/>\n<meta name=\"robots\" content=\"index, follow, max-snippet:-1, max-image-preview:large, max-video-preview:-1\" \/>\n<link rel=\"canonical\" href=\"https:\/\/elotroenfoque.mx\/index.php\/2026\/09\/04\/capturan-a-francotirador-colombiano-planeaba-atentado-contra-presidente\/\" \/>\n<meta property=\"og:locale\" content=\"es_MX\" \/>\n<meta property=\"og:type\" content=\"article\" \/>\n<meta property=\"og:title\" content=\"Capturan a francotirador colombiano planeaba atentado contra presidente - El otro enfoque\" \/>\n<meta property=\"og:description\" content=\"Capturan a Dairo Firizzola, \u2018Firulais\u2019, francotirador del ELN y de recibir el encargo de atentar contra el presidente de Colombia.\" \/>\n<meta property=\"og:url\" content=\"https:\/\/elotroenfoque.mx\/index.php\/2026\/09\/04\/capturan-a-francotirador-colombiano-planeaba-atentado-contra-presidente\/\" \/>\n<meta property=\"og:site_name\" content=\"El otro enfoque\" \/>\n<meta property=\"article:published_time\" content=\"2026-09-05T03:52:40+00:00\" \/>\n<meta property=\"article:modified_time\" content=\"2026-09-05T03:52:41+00:00\" \/>\n<meta property=\"og:image\" content=\"https:\/\/elotroenfoque.mx\/wp-content\/uploads\/2026\/09\/firulais.jpg\" \/>\n\t<meta property=\"og:image:width\" content=\"1308\" \/>\n\t<meta property=\"og:image:height\" content=\"838\" \/>\n\t<meta property=\"og:image:type\" content=\"image\/jpeg\" \/>\n<meta name=\"author\" content=\"Equipo Redaccion\" \/>\n<meta name=\"twitter:card\" content=\"summary_large_image\" \/>\n<meta name=\"twitter:label1\" content=\"Escrito por\" \/>\n\t<meta name=\"twitter:data1\" content=\"Equipo Redaccion\" \/>\n\t<meta name=\"twitter:label2\" content=\"Tiempo de lectura\" \/>\n\t<meta name=\"twitter:data2\" content=\"2 minutos\" \/>\n<script type=\"application\/ld+json\" class=\"yoast-schema-graph\">{\"@context\":\"https:\\\/\\\/schema.org\",\"@graph\":[{\"@type\":\"Article\",\"@id\":\"https:\\\/\\\/elotroenfoque.mx\\\/index.php\\\/2026\\\/09\\\/04\\\/capturan-a-francotirador-colombiano-planeaba-atentado-contra-presidente\\\/#article\",\"isPartOf\":{\"@id\":\"https:\\\/\\\/elotroenfoque.mx\\\/index.php\\\/2026\\\/09\\\/04\\\/capturan-a-francotirador-colombiano-planeaba-atentado-contra-presidente\\\/\"},\"author\":{\"name\":\"Equipo Redaccion\",\"@id\":\"https:\\\/\\\/elotroenfoque.mx\\\/#\\\/schema\\\/person\\\/8eb322f84d0bd9f337e462905519a1ae\"},\"headline\":\"Capturan a francotirador colombiano planeaba atentado contra presidente\",\"datePublished\":\"2026-09-05T03:52:40+00:00\",\"dateModified\":\"2026-09-05T03:52:41+00:00\",\"mainEntityOfPage\":{\"@id\":\"https:\\\/\\\/elotroenfoque.mx\\\/index.php\\\/2026\\\/09\\\/04\\\/capturan-a-francotirador-colombiano-planeaba-atentado-contra-presidente\\\/\"},\"wordCount\":296,\"image\":{\"@id\":\"https:\\\/\\\/elotroenfoque.mx\\\/index.php\\\/2026\\\/09\\\/04\\\/capturan-a-francotirador-colombiano-planeaba-atentado-contra-presidente\\\/#primaryimage\"},\"thumbnailUrl\":\"https:\\\/\\\/elotroenfoque.mx\\\/wp-content\\\/uploads\\\/2026\\\/09\\\/firulais.jpg\",\"keywords\":[\"Guanajuato\",\"Noticias Guanajuato\"],\"articleSection\":[\"Otras Noticias\"],\"inLanguage\":\"es\"},{\"@type\":\"WebPage\",\"@id\":\"https:\\\/\\\/elotroenfoque.mx\\\/index.php\\\/2026\\\/09\\\/04\\\/capturan-a-francotirador-colombiano-planeaba-atentado-contra-presidente\\\/\",\"url\":\"https:\\\/\\\/elotroenfoque.mx\\\/index.php\\\/2026\\\/09\\\/04\\\/capturan-a-francotirador-colombiano-planeaba-atentado-contra-presidente\\\/\",\"name\":\"Capturan a francotirador colombiano planeaba atentado contra presidente - El otro enfoque\",\"isPartOf\":{\"@id\":\"https:\\\/\\\/elotroenfoque.mx\\\/#website\"},\"primaryImageOfPage\":{\"@id\":\"https:\\\/\\\/elotroenfoque.mx\\\/index.php\\\/2026\\\/09\\\/04\\\/capturan-a-francotirador-colombiano-planeaba-atentado-contra-presidente\\\/#primaryimage\"},\"image\":{\"@id\":\"https:\\\/\\\/elotroenfoque.mx\\\/index.php\\\/2026\\\/09\\\/04\\\/capturan-a-francotirador-colombiano-planeaba-atentado-contra-presidente\\\/#primaryimage\"},\"thumbnailUrl\":\"https:\\\/\\\/elotroenfoque.mx\\\/wp-content\\\/uploads\\\/2026\\\/09\\\/firulais.jpg\",\"datePublished\":\"2026-09-05T03:52:40+00:00\",\"dateModified\":\"2026-09-05T03:52:41+00:00\",\"author\":{\"@id\":\"https:\\\/\\\/elotroenfoque.mx\\\/#\\\/schema\\\/person\\\/8eb322f84d0bd9f337e462905519a1ae\"},\"description\":\"Capturan a Dairo Firizzola, \u2018Firulais\u2019, francotirador del ELN y de recibir el encargo de atentar contra el presidente de Colombia.\",\"breadcrumb\":{\"@id\":\"https:\\\/\\\/elotroenfoque.mx\\\/index.php\\\/2026\\\/09\\\/04\\\/capturan-a-francotirador-colombiano-planeaba-atentado-contra-presidente\\\/#breadcrumb\"},\"inLanguage\":\"es\",\"potentialAction\":[{\"@type\":\"ReadAction\",\"target\":[\"https:\\\/\\\/elotroenfoque.mx\\\/index.php\\\/2026\\\/09\\\/04\\\/capturan-a-francotirador-colombiano-planeaba-atentado-contra-presidente\\\/\"]}]},{\"@type\":\"ImageObject\",\"inLanguage\":\"es\",\"@id\":\"https:\\\/\\\/elotroenfoque.mx\\\/index.php\\\/2026\\\/09\\\/04\\\/capturan-a-francotirador-colombiano-planeaba-atentado-contra-presidente\\\/#primaryimage\",\"url\":\"https:\\\/\\\/elotroenfoque.mx\\\/wp-content\\\/uploads\\\/2026\\\/09\\\/firulais.jpg\",\"contentUrl\":\"https:\\\/\\\/elotroenfoque.mx\\\/wp-content\\\/uploads\\\/2026\\\/09\\\/firulais.jpg\",\"width\":1308,\"height\":838,\"caption\":\"Francotirador colombiano\"},{\"@type\":\"BreadcrumbList\",\"@id\":\"https:\\\/\\\/elotroenfoque.mx\\\/index.php\\\/2026\\\/09\\\/04\\\/capturan-a-francotirador-colombiano-planeaba-atentado-contra-presidente\\\/#breadcrumb\",\"itemListElement\":[{\"@type\":\"ListItem\",\"position\":1,\"name\":\"Portada\",\"item\":\"https:\\\/\\\/elotroenfoque.mx\\\/\"},{\"@type\":\"ListItem\",\"position\":2,\"name\":\"Capturan a francotirador colombiano planeaba atentado contra presidente\"}]},{\"@type\":\"WebSite\",\"@id\":\"https:\\\/\\\/elotroenfoque.mx\\\/#website\",\"url\":\"https:\\\/\\\/elotroenfoque.mx\\\/\",\"name\":\"El otro enfoque\",\"description\":\"\",\"potentialAction\":[{\"@type\":\"SearchAction\",\"target\":{\"@type\":\"EntryPoint\",\"urlTemplate\":\"https:\\\/\\\/elotroenfoque.mx\\\/?s={search_term_string}\"},\"query-input\":{\"@type\":\"PropertyValueSpecification\",\"valueRequired\":true,\"valueName\":\"search_term_string\"}}],\"inLanguage\":\"es\"},{\"@type\":\"Person\",\"@id\":\"https:\\\/\\\/elotroenfoque.mx\\\/#\\\/schema\\\/person\\\/8eb322f84d0bd9f337e462905519a1ae\",\"name\":\"Equipo Redaccion\",\"image\":{\"@type\":\"ImageObject\",\"inLanguage\":\"es\",\"@id\":\"https:\\\/\\\/secure.gravatar.com\\\/avatar\\\/3579478e2b4e7aad364a32b26cf744b360ae0e581ee1cd0cb18a8f239ee49ac4?s=96&d=mm&r=g\",\"url\":\"https:\\\/\\\/secure.gravatar.com\\\/avatar\\\/3579478e2b4e7aad364a32b26cf744b360ae0e581ee1cd0cb18a8f239ee49ac4?s=96&d=mm&r=g\",\"contentUrl\":\"https:\\\/\\\/secure.gravatar.com\\\/avatar\\\/3579478e2b4e7aad364a32b26cf744b360ae0e581ee1cd0cb18a8f239ee49ac4?s=96&d=mm&r=g\",\"caption\":\"Equipo Redaccion\"},\"url\":\"https:\\\/\\\/elotroenfoque.mx\\\/index.php\\\/author\\\/redaccion\\\/\"}]}<\/script>\n<!-- \/ Yoast SEO plugin. -->","yoast_head_json":{"title":"Capturan a francotirador colombiano planeaba atentado contra presidente - El otro enfoque","description":"Capturan a Dairo Firizzola, \u2018Firulais\u2019, francotirador del ELN y de recibir el encargo de atentar contra el presidente de Colombia.","robots":{"index":"index","follow":"follow","max-snippet":"max-snippet:-1","max-image-preview":"max-image-preview:large","max-video-preview":"max-video-preview:-1"},"canonical":"https:\/\/elotroenfoque.mx\/index.php\/2026\/09\/04\/capturan-a-francotirador-colombiano-planeaba-atentado-contra-presidente\/","og_locale":"es_MX","og_type":"article","og_title":"Capturan a francotirador colombiano planeaba atentado contra presidente - El otro enfoque","og_description":"Capturan a Dairo Firizzola, \u2018Firulais\u2019, francotirador del ELN y de recibir el encargo de atentar contra el presidente de Colombia.","og_url":"https:\/\/elotroenfoque.mx\/index.php\/2026\/09\/04\/capturan-a-francotirador-colombiano-planeaba-atentado-contra-presidente\/","og_site_name":"El otro enfoque","article_published_time":"2026-09-05T03:52:40+00:00","article_modified_time":"2026-09-05T03:52:41+00:00","og_image":[{"width":1308,"height":838,"url":"https:\/\/elotroenfoque.mx\/wp-content\/uploads\/2026\/09\/firulais.jpg","type":"image\/jpeg"}],"author":"Equipo Redaccion","twitter_card":"summary_large_image","twitter_misc":{"Escrito por":"Equipo Redaccion","Tiempo de lectura":"2 minutos"},"schema":{"@context":"https:\/\/schema.org","@graph":[{"@type":"Article","@id":"https:\/\/elotroenfoque.mx\/index.php\/2026\/09\/04\/capturan-a-francotirador-colombiano-planeaba-atentado-contra-presidente\/#article","isPartOf":{"@id":"https:\/\/elotroenfoque.mx\/index.php\/2026\/09\/04\/capturan-a-francotirador-colombiano-planeaba-atentado-contra-presidente\/"},"author":{"name":"Equipo Redaccion","@id":"https:\/\/elotroenfoque.mx\/#\/schema\/person\/8eb322f84d0bd9f337e462905519a1ae"},"headline":"Capturan a francotirador colombiano planeaba atentado contra presidente","datePublished":"2026-09-05T03:52:40+00:00","dateModified":"2026-09-05T03:52:41+00:00","mainEntityOfPage":{"@id":"https:\/\/elotroenfoque.mx\/index.php\/2026\/09\/04\/capturan-a-francotirador-colombiano-planeaba-atentado-contra-presidente\/"},"wordCount":296,"image":{"@id":"https:\/\/elotroenfoque.mx\/index.php\/2026\/09\/04\/capturan-a-francotirador-colombiano-planeaba-atentado-contra-presidente\/#primaryimage"},"thumbnailUrl":"https:\/\/elotroenfoque.mx\/wp-content\/uploads\/2026\/09\/firulais.jpg","keywords":["Guanajuato","Noticias Guanajuato"],"articleSection":["Otras Noticias"],"inLanguage":"es"},{"@type":"WebPage","@id":"https:\/\/elotroenfoque.mx\/index.php\/2026\/09\/04\/capturan-a-francotirador-colombiano-planeaba-atentado-contra-presidente\/","url":"https:\/\/elotroenfoque.mx\/index.php\/2026\/09\/04\/capturan-a-francotirador-colombiano-planeaba-atentado-contra-presidente\/","name":"Capturan a francotirador colombiano planeaba atentado contra presidente - El otro enfoque","isPartOf":{"@id":"https:\/\/elotroenfoque.mx\/#website"},"primaryImageOfPage":{"@id":"https:\/\/elotroenfoque.mx\/index.php\/2026\/09\/04\/capturan-a-francotirador-colombiano-planeaba-atentado-contra-presidente\/#primaryimage"},"image":{"@id":"https:\/\/elotroenfoque.mx\/index.php\/2026\/09\/04\/capturan-a-francotirador-colombiano-planeaba-atentado-contra-presidente\/#primaryimage"},"thumbnailUrl":"https:\/\/elotroenfoque.mx\/wp-content\/uploads\/2026\/09\/firulais.jpg","datePublished":"2026-09-05T03:52:40+00:00","dateModified":"2026-09-05T03:52:41+00:00","author":{"@id":"https:\/\/elotroenfoque.mx\/#\/schema\/person\/8eb322f84d0bd9f337e462905519a1ae"},"description":"Capturan a Dairo Firizzola, \u2018Firulais\u2019, francotirador del ELN y de recibir el encargo de atentar contra el presidente de Colombia.","breadcrumb":{"@id":"https:\/\/elotroenfoque.mx\/index.php\/2026\/09\/04\/capturan-a-francotirador-colombiano-planeaba-atentado-contra-presidente\/#breadcrumb"},"inLanguage":"es","potentialAction":[{"@type":"ReadAction","target":["https:\/\/elotroenfoque.mx\/index.php\/2026\/09\/04\/capturan-a-francotirador-colombiano-planeaba-atentado-contra-presidente\/"]}]},{"@type":"ImageObject","inLanguage":"es","@id":"https:\/\/elotroenfoque.mx\/index.php\/2026\/09\/04\/capturan-a-francotirador-colombiano-planeaba-atentado-contra-presidente\/#primaryimage","url":"https:\/\/elotroenfoque.mx\/wp-content\/uploads\/2026\/09\/firulais.jpg","contentUrl":"https:\/\/elotroenfoque.mx\/wp-content\/uploads\/2026\/09\/firulais.jpg","width":1308,"height":838,"caption":"Francotirador colombiano"},{"@type":"BreadcrumbList","@id":"https:\/\/elotroenfoque.mx\/index.php\/2026\/09\/04\/capturan-a-francotirador-colombiano-planeaba-atentado-contra-presidente\/#breadcrumb","itemListElement":[{"@type":"ListItem","position":1,"name":"Portada","item":"https:\/\/elotroenfoque.mx\/"},{"@type":"ListItem","position":2,"name":"Capturan a francotirador colombiano planeaba atentado contra presidente"}]},{"@type":"WebSite","@id":"https:\/\/elotroenfoque.mx\/#website","url":"https:\/\/elotroenfoque.mx\/","name":"El otro enfoque","description":"","potentialAction":[{"@type":"SearchAction","target":{"@type":"EntryPoint","urlTemplate":"https:\/\/elotroenfoque.mx\/?s={search_term_string}"},"query-input":{"@type":"PropertyValueSpecification","valueRequired":true,"valueName":"search_term_string"}}],"inLanguage":"es"},{"@type":"Person","@id":"https:\/\/elotroenfoque.mx\/#\/schema\/person\/8eb322f84d0bd9f337e462905519a1ae","name":"Equipo Redaccion","image":{"@type":"ImageObject","inLanguage":"es","@id":"https:\/\/secure.gravatar.com\/avatar\/3579478e2b4e7aad364a32b26cf744b360ae0e581ee1cd0cb18a8f239ee49ac4?s=96&d=mm&r=g","url":"https:\/\/secure.gravatar.com\/avatar\/3579478e2b4e7aad364a32b26cf744b360ae0e581ee1cd0cb18a8f239ee49ac4?s=96&d=mm&r=g","contentUrl":"https:\/\/secure.gravatar.com\/avatar\/3579478e2b4e7aad364a32b26cf744b360ae0e581ee1cd0cb18a8f239ee49ac4?s=96&d=mm&r=g","caption":"Equipo Redaccion"},"url":"https:\/\/elotroenfoque.mx\/index.php\/author\/redaccion\/"}]}},"_links":{"self":[{"href":"https:\/\/elotroenfoque.mx\/index.php\/wp-json\/wp\/v2\/posts\/195694","targetHints":{"allow":["GET"]}}],"collection":[{"href":"https:\/\/elotroenfoque.mx\/index.php\/wp-json\/wp\/v2\/posts"}],"about":[{"href":"https:\/\/elotroenfoque.mx\/index.php\/wp-json\/wp\/v2\/types\/post"}],"author":[{"embeddable":true,"href":"https:\/\/elotroenfoque.mx\/index.php\/wp-json\/wp\/v2\/users\/4"}],"replies":[{"embeddable":true,"href":"https:\/\/elotroenfoque.mx\/index.php\/wp-json\/wp\/v2\/comments?post=195694"}],"version-history":[{"count":1,"href":"https:\/\/elotroenfoque.mx\/index.php\/wp-json\/wp\/v2\/posts\/195694\/revisions"}],"predecessor-version":[{"id":195696,"href":"https:\/\/elotroenfoque.mx\/index.php\/wp-json\/wp\/v2\/posts\/195694\/revisions\/195696"}],"wp:featuredmedia":[{"embeddable":true,"href":"https:\/\/elotroenfoque.mx\/index.php\/wp-json\/wp\/v2\/media\/195695"}],"wp:attachment":[{"href":"https:\/\/elotroenfoque.mx\/index.php\/wp-json\/wp\/v2\/media?parent=195694"}],"wp:term":[{"taxonomy":"category","embeddable":true,"href":"https:\/\/elotroenfoque.mx\/index.php\/wp-json\/wp\/v2\/categories?post=195694"},{"taxonomy":"post_tag","embeddable":true,"href":"https:\/\/elotroenfoque.mx\/index.php\/wp-json\/wp\/v2\/tags?post=195694"}],"curies":[{"name":"wp","href":"https:\/\/api.w.org\/{rel}","templated":true}]}}