{"id":195697,"date":"2026-09-05T10:30:00","date_gmt":"2026-09-05T16:30:00","guid":{"rendered":"https:\/\/elotroenfoque.mx\/?p=195697"},"modified":"2026-09-05T10:31:59","modified_gmt":"2026-09-05T16:31:59","slug":"mexico-tendra-56-frentes-frios-durante-la-temporada-2026-2027","status":"publish","type":"post","link":"https:\/\/elotroenfoque.mx\/index.php\/2026\/09\/05\/mexico-tendra-56-frentes-frios-durante-la-temporada-2026-2027\/","title":{"rendered":"M\u00e9xico tendr\u00e1 56 frentes fr\u00edos durante la temporada 2026-2027"},"content":{"rendered":"\n<p class=\"wp-block-paragraph\">M\u00e9xico enfrentar\u00e1 una temporada de 56 frentes fr\u00edos entre septiembre de 2026 y mayo de 2027, seg\u00fan el pron\u00f3stico del Servicio Meteorol\u00f3gico Nacional (SMN).<\/p>\n\n\n\n<p class=\"wp-block-paragraph\">La cifra supera el promedio climatol\u00f3gico de 50 sistemas registrado entre 1990 y 2020. Adem\u00e1s, el fen\u00f3meno de \u201cEl Ni\u00f1o\u201d influir\u00e1 en las condiciones atmosf\u00e9ricas.<\/p>\n\n\n\n<p class=\"wp-block-paragraph\">Por ello, se prev\u00e9 una mayor actividad de eventos de \u201cNorte\u201d, as\u00ed como condiciones m\u00e1s h\u00famedas en algunas regiones del pa\u00eds durante los pr\u00f3ximos meses.<\/p>\n\n\n\n<p class=\"wp-block-paragraph\">Fabi\u00e1n V\u00e1zquez, coordinador general del SMN, inform\u00f3 que durante septiembre se esperan tres frentes fr\u00edos en territorio nacional.<\/p>\n\n\n\n<p class=\"wp-block-paragraph\">Posteriormente, el pron\u00f3stico contempla siete sistemas en octubre, ocho en noviembre y nueve en diciembre. Para enero se prev\u00e9n ocho, mientras que en febrero llegar\u00edan siete.<\/p>\n\n\n\n<p class=\"wp-block-paragraph\">Adem\u00e1s, durante marzo y abril se pronostican seis frentes fr\u00edos en cada mes. Finalmente, mayo tendr\u00eda dos sistemas, con lo que se alcanzar\u00eda un total de 56.<\/p>\n\n\n\n<p class=\"wp-block-paragraph\">De acuerdo con el organismo, alrededor de 32 frentes fr\u00edos en M\u00e9xico llegar\u00edan entre noviembre y febrero, es decir, m\u00e1s de la mitad de los sistemas previstos para toda la temporada.<\/p>\n\n\n\n<h2 class=\"wp-block-heading\">\u201cEl Ni\u00f1o\u201d modificar\u00e1 las condiciones del clima<\/h2>\n\n\n\n<p class=\"wp-block-paragraph\">El fen\u00f3meno de \u201cEl Ni\u00f1o\u201d tendr\u00e1 influencia en el comportamiento de la temporada de sistemas frontales. Este patr\u00f3n oc\u00e9ano-atmosf\u00e9rico se desarrolla en el Pac\u00edfico y presenta una variabilidad de entre dos y siete a\u00f1os.<\/p>\n\n\n\n<p class=\"wp-block-paragraph\">V\u00e1zquez explic\u00f3 que su presencia aumentar\u00e1 la probabilidad de que masas de aire se desplacen hacia el norte y centro del pa\u00eds.<\/p>\n\n\n\n<p class=\"wp-block-paragraph\">Como consecuencia, se espera una mayor posibilidad de condiciones h\u00famedas en distintas regiones. Adem\u00e1s, \u201cEl Ni\u00f1o\u201d modificar\u00e1 la posici\u00f3n de la corriente en chorro.<\/p>\n\n\n\n<p class=\"wp-block-paragraph\">Esto favorecer\u00e1 una mayor actividad de sistemas frontales y, en algunos casos, de eventos de \u201cNorte\u201d.<\/p>\n\n\n\n<h2 class=\"wp-block-heading\">Aumentar\u00e1 la actividad de eventos de \u201cNorte\u201d<\/h2>\n\n\n\n<p class=\"wp-block-paragraph\">El SMN tambi\u00e9n advirti\u00f3 sobre un incremento en la frecuencia de los eventos de \u201cNorte\u201d. Estos fen\u00f3menos pueden provocar fuertes rachas de viento, aumento del oleaje y lluvias en zonas costeras.<\/p>\n\n\n\n<p class=\"wp-block-paragraph\">De manera particular, se esperan condiciones an\u00f3malamente h\u00famedas en estados del norte del pa\u00eds durante los pr\u00f3ximos tres meses.<\/p>\n\n\n\n<p class=\"wp-block-paragraph\">En cuanto a las precipitaciones, septiembre tendr\u00eda lluvias por debajo del promedio climatol\u00f3gico. Sin embargo, para octubre se esperan condiciones normales o superiores a la media.<\/p>\n\n\n\n<p class=\"wp-block-paragraph\">Para noviembre, el pron\u00f3stico apunta a lluvias por encima del promedio en el centro-norte y noreste del pa\u00eds.<\/p>\n\n\n\n<p class=\"wp-block-paragraph\">En diciembre, las precipitaciones ser\u00edan superiores a la media en el noroeste, aunque permanecer\u00edan por debajo del promedio en el occidente y sur.<\/p>\n\n\n\n<h2 class=\"wp-block-heading\">Frentes fr\u00edos podr\u00edan generar tormentas invernales<\/h2>\n\n\n\n<p class=\"wp-block-paragraph\">Durante el invierno, algunas masas de aire fr\u00edo provenientes de Canad\u00e1 y Estados Unidos podr\u00edan interactuar con abundante humedad.<\/p>\n\n\n\n<p class=\"wp-block-paragraph\">Esta combinaci\u00f3n puede favorecer el desarrollo de tormentas invernales, principalmente en el noroeste y norte de M\u00e9xico.<\/p>\n\n\n\n<p class=\"wp-block-paragraph\">Sin embargo, las autoridades recordaron que la llegada del oto\u00f1o no significa el fin de la temporada de ciclones tropicales.<\/p>\n\n\n\n<p class=\"wp-block-paragraph\">El SMN se\u00f1al\u00f3 que durante la transici\u00f3n entre verano y oto\u00f1o todav\u00eda pueden desarrollarse ciclones, especialmente aquellos que ingresen por el Golfo de M\u00e9xico.<\/p>\n\n\n\n<p class=\"wp-block-paragraph\">Ante este escenario, Romero Vergara, director general de Protecci\u00f3n Civil de la Coordinaci\u00f3n Nacional de Protecci\u00f3n Civil, pidi\u00f3 a la poblaci\u00f3n tomar medidas preventivas.<\/p>\n\n\n\n<p class=\"wp-block-paragraph\">Tambi\u00e9n lee: <strong><a href=\"https:\/\/elotroenfoque.mx\/index.php\/2026\/09\/04\/retiran-280-kilos-de-cable-en-el-cerro-del-cuarto-en-guanajuato-capital\/\">Retiran 280 kilos de cable en el Cerro del Cuarto en Guanajuato capital<\/a><\/strong><\/p>\n\n\n\n<p class=\"wp-block-paragraph\">El funcionario recomend\u00f3 revisar las condiciones de las viviendas y los sistemas de calefacci\u00f3n antes de la temporada de fr\u00edo.<\/p>\n\n\n\n<p class=\"wp-block-paragraph\">Tambi\u00e9n llam\u00f3 a consultar \u00fanicamente pron\u00f3sticos y alertas oficiales, evitar la difusi\u00f3n de rumores y atender las indicaciones de las autoridades locales.<\/p>\n\n\n\n<p class=\"wp-block-paragraph\">Con 56 frentes fr\u00edos en M\u00e9xico previstos para esta temporada, las autoridades anticipan meses con cambios importantes en las condiciones de temperatura, lluvia y viento.<\/p>\n\n\n\n<p class=\"wp-block-paragraph\"><strong><a href=\"https:\/\/www.tiktok.com\/@elotroenfoque?_r=1&amp;_t=ZS-97ffhW6kR1t\">Sigue tambi\u00e9n las noticias en TikTok<\/a><\/strong><\/p>\n\n\n\n<p class=\"wp-block-paragraph\"><\/p>\n","protected":false},"excerpt":{"rendered":"<p>M\u00e9xico enfrentar\u00e1 una temporada de 56 frentes fr\u00edos entre septiembre de 2026 y mayo de 2027, seg\u00fan el pron\u00f3stico del Servicio Meteorol\u00f3gico Nacional (SMN). La cifra supera el promedio climatol\u00f3gico de 50 sistemas registrado entre 1990 y 2020. Adem\u00e1s, el fen\u00f3meno de \u201cEl Ni\u00f1o\u201d influir\u00e1 en las condiciones atmosf\u00e9ricas. Por ello, se prev\u00e9 una mayor&#8230;<\/p>\n","protected":false},"author":4,"featured_media":195698,"comment_status":"closed","ping_status":"open","sticky":false,"template":"","format":"standard","meta":{"footnotes":""},"categories":[11],"tags":[13,4517],"class_list":["post-195697","post","type-post","status-publish","format-standard","has-post-thumbnail","hentry","category-otrasnoticias","tag-guanajuato","tag-noticias-guanajuato"],"yoast_head":"<!-- This site is optimized with the Yoast SEO plugin v28.2 - https:\/\/yoast.com\/product\/yoast-seo-wordpress\/ -->\n<title>M\u00e9xico tendr\u00e1 56 frentes fr\u00edos durante la temporada 2026-2027 - El otro enfoque<\/title>\n<meta name=\"description\" content=\"M\u00e9xico tendr\u00e1 56 frentes fr\u00edos entre septiembre y mayo, seis m\u00e1s que el promedio hist\u00f3rico, con mayor actividad de eventos de \u201cNorte\u201d.\" \/>\n<meta name=\"robots\" content=\"index, follow, max-snippet:-1, max-image-preview:large, max-video-preview:-1\" \/>\n<link rel=\"canonical\" href=\"https:\/\/elotroenfoque.mx\/index.php\/2026\/09\/05\/mexico-tendra-56-frentes-frios-durante-la-temporada-2026-2027\/\" \/>\n<meta property=\"og:locale\" content=\"es_MX\" \/>\n<meta property=\"og:type\" content=\"article\" \/>\n<meta property=\"og:title\" content=\"M\u00e9xico tendr\u00e1 56 frentes fr\u00edos durante la temporada 2026-2027 - El otro enfoque\" \/>\n<meta property=\"og:description\" content=\"M\u00e9xico tendr\u00e1 56 frentes fr\u00edos entre septiembre y mayo, seis m\u00e1s que el promedio hist\u00f3rico, con mayor actividad de eventos de \u201cNorte\u201d.\" \/>\n<meta property=\"og:url\" content=\"https:\/\/elotroenfoque.mx\/index.php\/2026\/09\/05\/mexico-tendra-56-frentes-frios-durante-la-temporada-2026-2027\/\" \/>\n<meta property=\"og:site_name\" content=\"El otro enfoque\" \/>\n<meta property=\"article:published_time\" content=\"2026-09-05T16:30:00+00:00\" \/>\n<meta property=\"article:modified_time\" content=\"2026-09-05T16:31:59+00:00\" \/>\n<meta property=\"og:image\" content=\"https:\/\/elotroenfoque.mx\/wp-content\/uploads\/2026\/09\/frentes-frios-en-mexico.jpg\" \/>\n\t<meta property=\"og:image:width\" content=\"724\" \/>\n\t<meta property=\"og:image:height\" content=\"481\" \/>\n\t<meta property=\"og:image:type\" content=\"image\/jpeg\" \/>\n<meta name=\"author\" content=\"Equipo Redaccion\" \/>\n<meta name=\"twitter:card\" content=\"summary_large_image\" \/>\n<meta name=\"twitter:label1\" content=\"Escrito por\" \/>\n\t<meta name=\"twitter:data1\" content=\"Equipo Redaccion\" \/>\n\t<meta name=\"twitter:label2\" content=\"Tiempo de lectura\" \/>\n\t<meta name=\"twitter:data2\" content=\"3 minutos\" \/>\n<script type=\"application\/ld+json\" class=\"yoast-schema-graph\">{\"@context\":\"https:\\\/\\\/schema.org\",\"@graph\":[{\"@type\":\"Article\",\"@id\":\"https:\\\/\\\/elotroenfoque.mx\\\/index.php\\\/2026\\\/09\\\/05\\\/mexico-tendra-56-frentes-frios-durante-la-temporada-2026-2027\\\/#article\",\"isPartOf\":{\"@id\":\"https:\\\/\\\/elotroenfoque.mx\\\/index.php\\\/2026\\\/09\\\/05\\\/mexico-tendra-56-frentes-frios-durante-la-temporada-2026-2027\\\/\"},\"author\":{\"name\":\"Equipo Redaccion\",\"@id\":\"https:\\\/\\\/elotroenfoque.mx\\\/#\\\/schema\\\/person\\\/8eb322f84d0bd9f337e462905519a1ae\"},\"headline\":\"M\u00e9xico tendr\u00e1 56 frentes fr\u00edos durante la temporada 2026-2027\",\"datePublished\":\"2026-09-05T16:30:00+00:00\",\"dateModified\":\"2026-09-05T16:31:59+00:00\",\"mainEntityOfPage\":{\"@id\":\"https:\\\/\\\/elotroenfoque.mx\\\/index.php\\\/2026\\\/09\\\/05\\\/mexico-tendra-56-frentes-frios-durante-la-temporada-2026-2027\\\/\"},\"wordCount\":680,\"image\":{\"@id\":\"https:\\\/\\\/elotroenfoque.mx\\\/index.php\\\/2026\\\/09\\\/05\\\/mexico-tendra-56-frentes-frios-durante-la-temporada-2026-2027\\\/#primaryimage\"},\"thumbnailUrl\":\"https:\\\/\\\/elotroenfoque.mx\\\/wp-content\\\/uploads\\\/2026\\\/09\\\/frentes-frios-en-mexico.jpg\",\"keywords\":[\"Guanajuato\",\"Noticias Guanajuato\"],\"articleSection\":[\"Otras Noticias\"],\"inLanguage\":\"es\"},{\"@type\":\"WebPage\",\"@id\":\"https:\\\/\\\/elotroenfoque.mx\\\/index.php\\\/2026\\\/09\\\/05\\\/mexico-tendra-56-frentes-frios-durante-la-temporada-2026-2027\\\/\",\"url\":\"https:\\\/\\\/elotroenfoque.mx\\\/index.php\\\/2026\\\/09\\\/05\\\/mexico-tendra-56-frentes-frios-durante-la-temporada-2026-2027\\\/\",\"name\":\"M\u00e9xico tendr\u00e1 56 frentes fr\u00edos durante la temporada 2026-2027 - El otro enfoque\",\"isPartOf\":{\"@id\":\"https:\\\/\\\/elotroenfoque.mx\\\/#website\"},\"primaryImageOfPage\":{\"@id\":\"https:\\\/\\\/elotroenfoque.mx\\\/index.php\\\/2026\\\/09\\\/05\\\/mexico-tendra-56-frentes-frios-durante-la-temporada-2026-2027\\\/#primaryimage\"},\"image\":{\"@id\":\"https:\\\/\\\/elotroenfoque.mx\\\/index.php\\\/2026\\\/09\\\/05\\\/mexico-tendra-56-frentes-frios-durante-la-temporada-2026-2027\\\/#primaryimage\"},\"thumbnailUrl\":\"https:\\\/\\\/elotroenfoque.mx\\\/wp-content\\\/uploads\\\/2026\\\/09\\\/frentes-frios-en-mexico.jpg\",\"datePublished\":\"2026-09-05T16:30:00+00:00\",\"dateModified\":\"2026-09-05T16:31:59+00:00\",\"author\":{\"@id\":\"https:\\\/\\\/elotroenfoque.mx\\\/#\\\/schema\\\/person\\\/8eb322f84d0bd9f337e462905519a1ae\"},\"description\":\"M\u00e9xico tendr\u00e1 56 frentes fr\u00edos entre septiembre y mayo, seis m\u00e1s que el promedio hist\u00f3rico, con mayor actividad de eventos de \u201cNorte\u201d.\",\"breadcrumb\":{\"@id\":\"https:\\\/\\\/elotroenfoque.mx\\\/index.php\\\/2026\\\/09\\\/05\\\/mexico-tendra-56-frentes-frios-durante-la-temporada-2026-2027\\\/#breadcrumb\"},\"inLanguage\":\"es\",\"potentialAction\":[{\"@type\":\"ReadAction\",\"target\":[\"https:\\\/\\\/elotroenfoque.mx\\\/index.php\\\/2026\\\/09\\\/05\\\/mexico-tendra-56-frentes-frios-durante-la-temporada-2026-2027\\\/\"]}]},{\"@type\":\"ImageObject\",\"inLanguage\":\"es\",\"@id\":\"https:\\\/\\\/elotroenfoque.mx\\\/index.php\\\/2026\\\/09\\\/05\\\/mexico-tendra-56-frentes-frios-durante-la-temporada-2026-2027\\\/#primaryimage\",\"url\":\"https:\\\/\\\/elotroenfoque.mx\\\/wp-content\\\/uploads\\\/2026\\\/09\\\/frentes-frios-en-mexico.jpg\",\"contentUrl\":\"https:\\\/\\\/elotroenfoque.mx\\\/wp-content\\\/uploads\\\/2026\\\/09\\\/frentes-frios-en-mexico.jpg\",\"width\":724,\"height\":481},{\"@type\":\"BreadcrumbList\",\"@id\":\"https:\\\/\\\/elotroenfoque.mx\\\/index.php\\\/2026\\\/09\\\/05\\\/mexico-tendra-56-frentes-frios-durante-la-temporada-2026-2027\\\/#breadcrumb\",\"itemListElement\":[{\"@type\":\"ListItem\",\"position\":1,\"name\":\"Portada\",\"item\":\"https:\\\/\\\/elotroenfoque.mx\\\/\"},{\"@type\":\"ListItem\",\"position\":2,\"name\":\"M\u00e9xico tendr\u00e1 56 frentes fr\u00edos durante la temporada 2026-2027\"}]},{\"@type\":\"WebSite\",\"@id\":\"https:\\\/\\\/elotroenfoque.mx\\\/#website\",\"url\":\"https:\\\/\\\/elotroenfoque.mx\\\/\",\"name\":\"El otro enfoque\",\"description\":\"\",\"potentialAction\":[{\"@type\":\"SearchAction\",\"target\":{\"@type\":\"EntryPoint\",\"urlTemplate\":\"https:\\\/\\\/elotroenfoque.mx\\\/?s={search_term_string}\"},\"query-input\":{\"@type\":\"PropertyValueSpecification\",\"valueRequired\":true,\"valueName\":\"search_term_string\"}}],\"inLanguage\":\"es\"},{\"@type\":\"Person\",\"@id\":\"https:\\\/\\\/elotroenfoque.mx\\\/#\\\/schema\\\/person\\\/8eb322f84d0bd9f337e462905519a1ae\",\"name\":\"Equipo Redaccion\",\"image\":{\"@type\":\"ImageObject\",\"inLanguage\":\"es\",\"@id\":\"https:\\\/\\\/secure.gravatar.com\\\/avatar\\\/3579478e2b4e7aad364a32b26cf744b360ae0e581ee1cd0cb18a8f239ee49ac4?s=96&d=mm&r=g\",\"url\":\"https:\\\/\\\/secure.gravatar.com\\\/avatar\\\/3579478e2b4e7aad364a32b26cf744b360ae0e581ee1cd0cb18a8f239ee49ac4?s=96&d=mm&r=g\",\"contentUrl\":\"https:\\\/\\\/secure.gravatar.com\\\/avatar\\\/3579478e2b4e7aad364a32b26cf744b360ae0e581ee1cd0cb18a8f239ee49ac4?s=96&d=mm&r=g\",\"caption\":\"Equipo Redaccion\"},\"url\":\"https:\\\/\\\/elotroenfoque.mx\\\/index.php\\\/author\\\/redaccion\\\/\"}]}<\/script>\n<!-- \/ Yoast SEO plugin. -->","yoast_head_json":{"title":"M\u00e9xico tendr\u00e1 56 frentes fr\u00edos durante la temporada 2026-2027 - El otro enfoque","description":"M\u00e9xico tendr\u00e1 56 frentes fr\u00edos entre septiembre y mayo, seis m\u00e1s que el promedio hist\u00f3rico, con mayor actividad de eventos de \u201cNorte\u201d.","robots":{"index":"index","follow":"follow","max-snippet":"max-snippet:-1","max-image-preview":"max-image-preview:large","max-video-preview":"max-video-preview:-1"},"canonical":"https:\/\/elotroenfoque.mx\/index.php\/2026\/09\/05\/mexico-tendra-56-frentes-frios-durante-la-temporada-2026-2027\/","og_locale":"es_MX","og_type":"article","og_title":"M\u00e9xico tendr\u00e1 56 frentes fr\u00edos durante la temporada 2026-2027 - El otro enfoque","og_description":"M\u00e9xico tendr\u00e1 56 frentes fr\u00edos entre septiembre y mayo, seis m\u00e1s que el promedio hist\u00f3rico, con mayor actividad de eventos de \u201cNorte\u201d.","og_url":"https:\/\/elotroenfoque.mx\/index.php\/2026\/09\/05\/mexico-tendra-56-frentes-frios-durante-la-temporada-2026-2027\/","og_site_name":"El otro enfoque","article_published_time":"2026-09-05T16:30:00+00:00","article_modified_time":"2026-09-05T16:31:59+00:00","og_image":[{"width":724,"height":481,"url":"https:\/\/elotroenfoque.mx\/wp-content\/uploads\/2026\/09\/frentes-frios-en-mexico.jpg","type":"image\/jpeg"}],"author":"Equipo Redaccion","twitter_card":"summary_large_image","twitter_misc":{"Escrito por":"Equipo Redaccion","Tiempo de lectura":"3 minutos"},"schema":{"@context":"https:\/\/schema.org","@graph":[{"@type":"Article","@id":"https:\/\/elotroenfoque.mx\/index.php\/2026\/09\/05\/mexico-tendra-56-frentes-frios-durante-la-temporada-2026-2027\/#article","isPartOf":{"@id":"https:\/\/elotroenfoque.mx\/index.php\/2026\/09\/05\/mexico-tendra-56-frentes-frios-durante-la-temporada-2026-2027\/"},"author":{"name":"Equipo Redaccion","@id":"https:\/\/elotroenfoque.mx\/#\/schema\/person\/8eb322f84d0bd9f337e462905519a1ae"},"headline":"M\u00e9xico tendr\u00e1 56 frentes fr\u00edos durante la temporada 2026-2027","datePublished":"2026-09-05T16:30:00+00:00","dateModified":"2026-09-05T16:31:59+00:00","mainEntityOfPage":{"@id":"https:\/\/elotroenfoque.mx\/index.php\/2026\/09\/05\/mexico-tendra-56-frentes-frios-durante-la-temporada-2026-2027\/"},"wordCount":680,"image":{"@id":"https:\/\/elotroenfoque.mx\/index.php\/2026\/09\/05\/mexico-tendra-56-frentes-frios-durante-la-temporada-2026-2027\/#primaryimage"},"thumbnailUrl":"https:\/\/elotroenfoque.mx\/wp-content\/uploads\/2026\/09\/frentes-frios-en-mexico.jpg","keywords":["Guanajuato","Noticias Guanajuato"],"articleSection":["Otras Noticias"],"inLanguage":"es"},{"@type":"WebPage","@id":"https:\/\/elotroenfoque.mx\/index.php\/2026\/09\/05\/mexico-tendra-56-frentes-frios-durante-la-temporada-2026-2027\/","url":"https:\/\/elotroenfoque.mx\/index.php\/2026\/09\/05\/mexico-tendra-56-frentes-frios-durante-la-temporada-2026-2027\/","name":"M\u00e9xico tendr\u00e1 56 frentes fr\u00edos durante la temporada 2026-2027 - El otro enfoque","isPartOf":{"@id":"https:\/\/elotroenfoque.mx\/#website"},"primaryImageOfPage":{"@id":"https:\/\/elotroenfoque.mx\/index.php\/2026\/09\/05\/mexico-tendra-56-frentes-frios-durante-la-temporada-2026-2027\/#primaryimage"},"image":{"@id":"https:\/\/elotroenfoque.mx\/index.php\/2026\/09\/05\/mexico-tendra-56-frentes-frios-durante-la-temporada-2026-2027\/#primaryimage"},"thumbnailUrl":"https:\/\/elotroenfoque.mx\/wp-content\/uploads\/2026\/09\/frentes-frios-en-mexico.jpg","datePublished":"2026-09-05T16:30:00+00:00","dateModified":"2026-09-05T16:31:59+00:00","author":{"@id":"https:\/\/elotroenfoque.mx\/#\/schema\/person\/8eb322f84d0bd9f337e462905519a1ae"},"description":"M\u00e9xico tendr\u00e1 56 frentes fr\u00edos entre septiembre y mayo, seis m\u00e1s que el promedio hist\u00f3rico, con mayor actividad de eventos de \u201cNorte\u201d.","breadcrumb":{"@id":"https:\/\/elotroenfoque.mx\/index.php\/2026\/09\/05\/mexico-tendra-56-frentes-frios-durante-la-temporada-2026-2027\/#breadcrumb"},"inLanguage":"es","potentialAction":[{"@type":"ReadAction","target":["https:\/\/elotroenfoque.mx\/index.php\/2026\/09\/05\/mexico-tendra-56-frentes-frios-durante-la-temporada-2026-2027\/"]}]},{"@type":"ImageObject","inLanguage":"es","@id":"https:\/\/elotroenfoque.mx\/index.php\/2026\/09\/05\/mexico-tendra-56-frentes-frios-durante-la-temporada-2026-2027\/#primaryimage","url":"https:\/\/elotroenfoque.mx\/wp-content\/uploads\/2026\/09\/frentes-frios-en-mexico.jpg","contentUrl":"https:\/\/elotroenfoque.mx\/wp-content\/uploads\/2026\/09\/frentes-frios-en-mexico.jpg","width":724,"height":481},{"@type":"BreadcrumbList","@id":"https:\/\/elotroenfoque.mx\/index.php\/2026\/09\/05\/mexico-tendra-56-frentes-frios-durante-la-temporada-2026-2027\/#breadcrumb","itemListElement":[{"@type":"ListItem","position":1,"name":"Portada","item":"https:\/\/elotroenfoque.mx\/"},{"@type":"ListItem","position":2,"name":"M\u00e9xico tendr\u00e1 56 frentes fr\u00edos durante la temporada 2026-2027"}]},{"@type":"WebSite","@id":"https:\/\/elotroenfoque.mx\/#website","url":"https:\/\/elotroenfoque.mx\/","name":"El otro enfoque","description":"","potentialAction":[{"@type":"SearchAction","target":{"@type":"EntryPoint","urlTemplate":"https:\/\/elotroenfoque.mx\/?s={search_term_string}"},"query-input":{"@type":"PropertyValueSpecification","valueRequired":true,"valueName":"search_term_string"}}],"inLanguage":"es"},{"@type":"Person","@id":"https:\/\/elotroenfoque.mx\/#\/schema\/person\/8eb322f84d0bd9f337e462905519a1ae","name":"Equipo Redaccion","image":{"@type":"ImageObject","inLanguage":"es","@id":"https:\/\/secure.gravatar.com\/avatar\/3579478e2b4e7aad364a32b26cf744b360ae0e581ee1cd0cb18a8f239ee49ac4?s=96&d=mm&r=g","url":"https:\/\/secure.gravatar.com\/avatar\/3579478e2b4e7aad364a32b26cf744b360ae0e581ee1cd0cb18a8f239ee49ac4?s=96&d=mm&r=g","contentUrl":"https:\/\/secure.gravatar.com\/avatar\/3579478e2b4e7aad364a32b26cf744b360ae0e581ee1cd0cb18a8f239ee49ac4?s=96&d=mm&r=g","caption":"Equipo Redaccion"},"url":"https:\/\/elotroenfoque.mx\/index.php\/author\/redaccion\/"}]}},"_links":{"self":[{"href":"https:\/\/elotroenfoque.mx\/index.php\/wp-json\/wp\/v2\/posts\/195697","targetHints":{"allow":["GET"]}}],"collection":[{"href":"https:\/\/elotroenfoque.mx\/index.php\/wp-json\/wp\/v2\/posts"}],"about":[{"href":"https:\/\/elotroenfoque.mx\/index.php\/wp-json\/wp\/v2\/types\/post"}],"author":[{"embeddable":true,"href":"https:\/\/elotroenfoque.mx\/index.php\/wp-json\/wp\/v2\/users\/4"}],"replies":[{"embeddable":true,"href":"https:\/\/elotroenfoque.mx\/index.php\/wp-json\/wp\/v2\/comments?post=195697"}],"version-history":[{"count":1,"href":"https:\/\/elotroenfoque.mx\/index.php\/wp-json\/wp\/v2\/posts\/195697\/revisions"}],"predecessor-version":[{"id":195699,"href":"https:\/\/elotroenfoque.mx\/index.php\/wp-json\/wp\/v2\/posts\/195697\/revisions\/195699"}],"wp:featuredmedia":[{"embeddable":true,"href":"https:\/\/elotroenfoque.mx\/index.php\/wp-json\/wp\/v2\/media\/195698"}],"wp:attachment":[{"href":"https:\/\/elotroenfoque.mx\/index.php\/wp-json\/wp\/v2\/media?parent=195697"}],"wp:term":[{"taxonomy":"category","embeddable":true,"href":"https:\/\/elotroenfoque.mx\/index.php\/wp-json\/wp\/v2\/categories?post=195697"},{"taxonomy":"post_tag","embeddable":true,"href":"https:\/\/elotroenfoque.mx\/index.php\/wp-json\/wp\/v2\/tags?post=195697"}],"curies":[{"name":"wp","href":"https:\/\/api.w.org\/{rel}","templated":true}]}}