{"id":195700,"date":"2026-09-05T11:22:26","date_gmt":"2026-09-05T17:22:26","guid":{"rendered":"https:\/\/elotroenfoque.mx\/?p=195700"},"modified":"2026-09-05T11:22:27","modified_gmt":"2026-09-05T17:22:27","slug":"fox-y-alito-moreno-exploran-frente-opositor-contra-morena","status":"publish","type":"post","link":"https:\/\/elotroenfoque.mx\/index.php\/2026\/09\/05\/fox-y-alito-moreno-exploran-frente-opositor-contra-morena\/","title":{"rendered":"Fox y Alito Moreno exploran frente opositor contra Morena"},"content":{"rendered":"\n<p class=\"wp-block-paragraph\">Vicente Fox y Alejandro Moreno se reunieron para dialogar sobre la posibilidad de construir un frente opositor rumbo al futuro pol\u00edtico de M\u00e9xico.<\/p>\n\n\n\n<p class=\"wp-block-paragraph\">El encuentro ocurri\u00f3 pocos d\u00edas despu\u00e9s de que el dirigente nacional del PRI llamara desde la C\u00e1mara de Diputados a crear una alianza para enfrentar a Morena.<\/p>\n\n\n\n<p class=\"wp-block-paragraph\">La reuni\u00f3n se realiz\u00f3 en la sede nacional del PRI y cont\u00f3 con representantes de la asociaci\u00f3n civil Alma de M\u00e9xico y dirigentes del partido.<\/p>\n\n\n\n<p class=\"wp-block-paragraph\">De acuerdo con el PRI, Fox y Moreno C\u00e1rdenas dialogaron sobre la situaci\u00f3n pol\u00edtica del pa\u00eds, los desaf\u00edos para la democracia y la defensa de las instituciones.<\/p>\n\n\n\n<p class=\"wp-block-paragraph\">Adem\u00e1s, abordaron la importancia de fortalecer los contrapesos, las libertades y la participaci\u00f3n ciudadana.<\/p>\n\n\n\n<p class=\"wp-block-paragraph\">Moreno expres\u00f3 su reconocimiento a la trayectoria democr\u00e1tica del expresidente y destac\u00f3 la necesidad de generar espacios de di\u00e1logo entre fuerzas pol\u00edticas, organizaciones civiles y ciudadanos.<\/p>\n\n\n\n<p class=\"wp-block-paragraph\">El dirigente priista sostuvo que M\u00e9xico necesita una oposici\u00f3n capaz de sumar a distintos sectores que coincidan en la defensa de la democracia y las instituciones.<\/p>\n\n\n\n<p class=\"wp-block-paragraph\">\u201cM\u00e9xico requiere una oposici\u00f3n firme, responsable y con capacidad para sumar a quienes quieren un pa\u00eds democr\u00e1tico, plural y con instituciones s\u00f3lidas\u201d, afirm\u00f3 Moreno.<\/p>\n\n\n\n<h2 class=\"wp-block-heading\">PRI busca sumar a ciudadanos y organizaciones<\/h2>\n\n\n\n<p class=\"wp-block-paragraph\">El dirigente nacional del PRI tambi\u00e9n reconoci\u00f3 que existen diferencias entre las distintas fuerzas pol\u00edticas. Sin embargo, consider\u00f3 que hay causas que requieren coordinaci\u00f3n y apertura para alcanzar acuerdos.<\/p>\n\n\n\n<p class=\"wp-block-paragraph\">\u201cLas diferencias pol\u00edticas son naturales, pero existen causas que requieren coordinaci\u00f3n y apertura para construir acuerdos\u201d, se\u00f1al\u00f3.<\/p>\n\n\n\n<p class=\"wp-block-paragraph\">A partir de este planteamiento, Fox y Moreno hicieron un llamado a sumar esfuerzos entre ciudadanos, organizaciones y fuerzas pol\u00edticas democr\u00e1ticas.<\/p>\n\n\n\n<p class=\"wp-block-paragraph\">Asimismo, plantearon ampliar la participaci\u00f3n social y encontrar coincidencias que permitan construir una alternativa pol\u00edtica para M\u00e9xico.<\/p>\n\n\n\n<p class=\"wp-block-paragraph\">El planteamiento ocurre en un escenario donde el PRI busca mantener una postura opositora frente al gobierno encabezado por Morena.<\/p>\n\n\n\n<h2 class=\"wp-block-heading\">Fox mantiene acercamiento con actores pol\u00edticos<\/h2>\n\n\n\n<p class=\"wp-block-paragraph\">Durante la reuni\u00f3n, Vicente Fox destac\u00f3 la importancia de mantener el di\u00e1logo con distintos sectores y convocar a m\u00e1s ciudadanos a participar en la vida p\u00fablica.<\/p>\n\n\n\n<p class=\"wp-block-paragraph\">El expresidente tambi\u00e9n se\u00f1al\u00f3 que la asociaci\u00f3n civil Alma de M\u00e9xico, que encabeza, continuar\u00e1 impulsando la organizaci\u00f3n y participaci\u00f3n ciudadana.<\/p>\n\n\n\n<p class=\"wp-block-paragraph\">Adem\u00e1s, asegur\u00f3 que este trabajo contempla encuentros con diferentes actores pol\u00edticos y sociales.<\/p>\n\n\n\n<p class=\"wp-block-paragraph\">El PRI, por su parte, agradeci\u00f3 la visita del exmandatario y reiter\u00f3 su disposici\u00f3n para mantener conversaciones con organizaciones civiles, ciudadanos y liderazgos pol\u00edticos.<\/p>\n\n\n\n<p class=\"wp-block-paragraph\">La dirigencia priista se\u00f1al\u00f3 que estos acercamientos estar\u00e1n relacionados con la defensa de la Constituci\u00f3n, las instituciones, las libertades y la democracia.<\/p>\n\n\n\n<h2 class=\"wp-block-heading\">Romero Hicks y otros l\u00edderes acompa\u00f1aron a Fox<\/h2>\n\n\n\n<p class=\"wp-block-paragraph\">En el encuentro tambi\u00e9n participaron integrantes de Alma de M\u00e9xico, entre ellos Juan Carlos Romero Hicks, Jos\u00e9 Luis Salas Cacho, Rodolfo Elizondo, Jos\u00e9 Espina, V\u00edctor Guerrero Ch\u00e1vez y Juan Hern\u00e1ndez.<\/p>\n\n\n\n<p class=\"wp-block-paragraph\">Por parte del PRI estuvieron Alejandro Moreno, as\u00ed como los coordinadores del partido en el Senado y la C\u00e1mara de Diputados, Manuel A\u00f1orve y Rub\u00e9n Moreira.<\/p>\n\n\n\n<p class=\"wp-block-paragraph\">Tambi\u00e9n lee: M\u00e9xico tendr\u00e1 56 frentes fr\u00edos durante la temporada 2026-2027<\/p>\n\n\n\n<p class=\"wp-block-paragraph\">La reuni\u00f3n ocurre mientras distintas figuras de oposici\u00f3n plantean la necesidad de construir una estrategia com\u00fan frente a Morena.<\/p>\n\n\n\n<p class=\"wp-block-paragraph\">Sin embargo, hasta ahora el encuentro entre Fox y Moreno representa un acercamiento y un llamado al di\u00e1logo, no el anuncio formal de una alianza electoral.<\/p>\n\n\n\n<p class=\"wp-block-paragraph\">La posibilidad de un frente opositor contra Morena depender\u00e1 de los acuerdos que puedan alcanzar partidos pol\u00edticos, organizaciones civiles y otros actores en los pr\u00f3ximos meses.<\/p>\n\n\n\n<p class=\"wp-block-paragraph\"><strong><a href=\"https:\/\/www.tiktok.com\/@elotroenfoque?_r=1&amp;_t=ZS-97ffhW6kR1t\">Sigue tambi\u00e9n las noticias en TikTok<\/a><\/strong><\/p>\n\n\n\n<p class=\"wp-block-paragraph\"><\/p>\n","protected":false},"excerpt":{"rendered":"<p>Vicente Fox y Alejandro Moreno se reunieron para dialogar sobre la posibilidad de construir un frente opositor rumbo al futuro pol\u00edtico de M\u00e9xico. El encuentro ocurri\u00f3 pocos d\u00edas despu\u00e9s de que el dirigente nacional del PRI llamara desde la C\u00e1mara de Diputados a crear una alianza para enfrentar a Morena. La reuni\u00f3n se realiz\u00f3 en&#8230;<\/p>\n","protected":false},"author":4,"featured_media":195701,"comment_status":"closed","ping_status":"open","sticky":false,"template":"","format":"standard","meta":{"footnotes":""},"categories":[11],"tags":[13,4517],"class_list":["post-195700","post","type-post","status-publish","format-standard","has-post-thumbnail","hentry","category-otrasnoticias","tag-guanajuato","tag-noticias-guanajuato"],"yoast_head":"<!-- This site is optimized with the Yoast SEO plugin v28.2 - https:\/\/yoast.com\/product\/yoast-seo-wordpress\/ -->\n<title>Fox y Alito Moreno exploran frente opositor contra Morena - El otro enfoque<\/title>\n<meta name=\"description\" content=\"Vicente Fox y Alejandro Moreno dialogaron sobre un posible frente opositor, la defensa de la democracia y la construcci\u00f3n de contrapesos.\" \/>\n<meta name=\"robots\" content=\"index, follow, max-snippet:-1, max-image-preview:large, max-video-preview:-1\" \/>\n<link rel=\"canonical\" href=\"https:\/\/elotroenfoque.mx\/index.php\/2026\/09\/05\/fox-y-alito-moreno-exploran-frente-opositor-contra-morena\/\" \/>\n<meta property=\"og:locale\" content=\"es_MX\" \/>\n<meta property=\"og:type\" content=\"article\" \/>\n<meta property=\"og:title\" content=\"Fox y Alito Moreno exploran frente opositor contra Morena - El otro enfoque\" \/>\n<meta property=\"og:description\" content=\"Vicente Fox y Alejandro Moreno dialogaron sobre un posible frente opositor, la defensa de la democracia y la construcci\u00f3n de contrapesos.\" \/>\n<meta property=\"og:url\" content=\"https:\/\/elotroenfoque.mx\/index.php\/2026\/09\/05\/fox-y-alito-moreno-exploran-frente-opositor-contra-morena\/\" \/>\n<meta property=\"og:site_name\" content=\"El otro enfoque\" \/>\n<meta property=\"article:published_time\" content=\"2026-09-05T17:22:26+00:00\" \/>\n<meta property=\"article:modified_time\" content=\"2026-09-05T17:22:27+00:00\" \/>\n<meta property=\"og:image\" content=\"https:\/\/elotroenfoque.mx\/wp-content\/uploads\/2026\/09\/fox-y-alito-se-reunen.jpg\" \/>\n\t<meta property=\"og:image:width\" content=\"718\" \/>\n\t<meta property=\"og:image:height\" content=\"479\" \/>\n\t<meta property=\"og:image:type\" content=\"image\/jpeg\" \/>\n<meta name=\"author\" content=\"Equipo Redaccion\" \/>\n<meta name=\"twitter:card\" content=\"summary_large_image\" \/>\n<meta name=\"twitter:label1\" content=\"Escrito por\" \/>\n\t<meta name=\"twitter:data1\" content=\"Equipo Redaccion\" \/>\n\t<meta name=\"twitter:label2\" content=\"Tiempo de lectura\" \/>\n\t<meta name=\"twitter:data2\" content=\"3 minutos\" \/>\n<script type=\"application\/ld+json\" class=\"yoast-schema-graph\">{\"@context\":\"https:\\\/\\\/schema.org\",\"@graph\":[{\"@type\":\"Article\",\"@id\":\"https:\\\/\\\/elotroenfoque.mx\\\/index.php\\\/2026\\\/09\\\/05\\\/fox-y-alito-moreno-exploran-frente-opositor-contra-morena\\\/#article\",\"isPartOf\":{\"@id\":\"https:\\\/\\\/elotroenfoque.mx\\\/index.php\\\/2026\\\/09\\\/05\\\/fox-y-alito-moreno-exploran-frente-opositor-contra-morena\\\/\"},\"author\":{\"name\":\"Equipo Redaccion\",\"@id\":\"https:\\\/\\\/elotroenfoque.mx\\\/#\\\/schema\\\/person\\\/8eb322f84d0bd9f337e462905519a1ae\"},\"headline\":\"Fox y Alito Moreno exploran frente opositor contra Morena\",\"datePublished\":\"2026-09-05T17:22:26+00:00\",\"dateModified\":\"2026-09-05T17:22:27+00:00\",\"mainEntityOfPage\":{\"@id\":\"https:\\\/\\\/elotroenfoque.mx\\\/index.php\\\/2026\\\/09\\\/05\\\/fox-y-alito-moreno-exploran-frente-opositor-contra-morena\\\/\"},\"wordCount\":648,\"image\":{\"@id\":\"https:\\\/\\\/elotroenfoque.mx\\\/index.php\\\/2026\\\/09\\\/05\\\/fox-y-alito-moreno-exploran-frente-opositor-contra-morena\\\/#primaryimage\"},\"thumbnailUrl\":\"https:\\\/\\\/elotroenfoque.mx\\\/wp-content\\\/uploads\\\/2026\\\/09\\\/fox-y-alito-se-reunen.jpg\",\"keywords\":[\"Guanajuato\",\"Noticias Guanajuato\"],\"articleSection\":[\"Otras Noticias\"],\"inLanguage\":\"es\"},{\"@type\":\"WebPage\",\"@id\":\"https:\\\/\\\/elotroenfoque.mx\\\/index.php\\\/2026\\\/09\\\/05\\\/fox-y-alito-moreno-exploran-frente-opositor-contra-morena\\\/\",\"url\":\"https:\\\/\\\/elotroenfoque.mx\\\/index.php\\\/2026\\\/09\\\/05\\\/fox-y-alito-moreno-exploran-frente-opositor-contra-morena\\\/\",\"name\":\"Fox y Alito Moreno exploran frente opositor contra Morena - El otro enfoque\",\"isPartOf\":{\"@id\":\"https:\\\/\\\/elotroenfoque.mx\\\/#website\"},\"primaryImageOfPage\":{\"@id\":\"https:\\\/\\\/elotroenfoque.mx\\\/index.php\\\/2026\\\/09\\\/05\\\/fox-y-alito-moreno-exploran-frente-opositor-contra-morena\\\/#primaryimage\"},\"image\":{\"@id\":\"https:\\\/\\\/elotroenfoque.mx\\\/index.php\\\/2026\\\/09\\\/05\\\/fox-y-alito-moreno-exploran-frente-opositor-contra-morena\\\/#primaryimage\"},\"thumbnailUrl\":\"https:\\\/\\\/elotroenfoque.mx\\\/wp-content\\\/uploads\\\/2026\\\/09\\\/fox-y-alito-se-reunen.jpg\",\"datePublished\":\"2026-09-05T17:22:26+00:00\",\"dateModified\":\"2026-09-05T17:22:27+00:00\",\"author\":{\"@id\":\"https:\\\/\\\/elotroenfoque.mx\\\/#\\\/schema\\\/person\\\/8eb322f84d0bd9f337e462905519a1ae\"},\"description\":\"Vicente Fox y Alejandro Moreno dialogaron sobre un posible frente opositor, la defensa de la democracia y la construcci\u00f3n de contrapesos.\",\"breadcrumb\":{\"@id\":\"https:\\\/\\\/elotroenfoque.mx\\\/index.php\\\/2026\\\/09\\\/05\\\/fox-y-alito-moreno-exploran-frente-opositor-contra-morena\\\/#breadcrumb\"},\"inLanguage\":\"es\",\"potentialAction\":[{\"@type\":\"ReadAction\",\"target\":[\"https:\\\/\\\/elotroenfoque.mx\\\/index.php\\\/2026\\\/09\\\/05\\\/fox-y-alito-moreno-exploran-frente-opositor-contra-morena\\\/\"]}]},{\"@type\":\"ImageObject\",\"inLanguage\":\"es\",\"@id\":\"https:\\\/\\\/elotroenfoque.mx\\\/index.php\\\/2026\\\/09\\\/05\\\/fox-y-alito-moreno-exploran-frente-opositor-contra-morena\\\/#primaryimage\",\"url\":\"https:\\\/\\\/elotroenfoque.mx\\\/wp-content\\\/uploads\\\/2026\\\/09\\\/fox-y-alito-se-reunen.jpg\",\"contentUrl\":\"https:\\\/\\\/elotroenfoque.mx\\\/wp-content\\\/uploads\\\/2026\\\/09\\\/fox-y-alito-se-reunen.jpg\",\"width\":718,\"height\":479},{\"@type\":\"BreadcrumbList\",\"@id\":\"https:\\\/\\\/elotroenfoque.mx\\\/index.php\\\/2026\\\/09\\\/05\\\/fox-y-alito-moreno-exploran-frente-opositor-contra-morena\\\/#breadcrumb\",\"itemListElement\":[{\"@type\":\"ListItem\",\"position\":1,\"name\":\"Portada\",\"item\":\"https:\\\/\\\/elotroenfoque.mx\\\/\"},{\"@type\":\"ListItem\",\"position\":2,\"name\":\"Fox y Alito Moreno exploran frente opositor contra Morena\"}]},{\"@type\":\"WebSite\",\"@id\":\"https:\\\/\\\/elotroenfoque.mx\\\/#website\",\"url\":\"https:\\\/\\\/elotroenfoque.mx\\\/\",\"name\":\"El otro enfoque\",\"description\":\"\",\"potentialAction\":[{\"@type\":\"SearchAction\",\"target\":{\"@type\":\"EntryPoint\",\"urlTemplate\":\"https:\\\/\\\/elotroenfoque.mx\\\/?s={search_term_string}\"},\"query-input\":{\"@type\":\"PropertyValueSpecification\",\"valueRequired\":true,\"valueName\":\"search_term_string\"}}],\"inLanguage\":\"es\"},{\"@type\":\"Person\",\"@id\":\"https:\\\/\\\/elotroenfoque.mx\\\/#\\\/schema\\\/person\\\/8eb322f84d0bd9f337e462905519a1ae\",\"name\":\"Equipo Redaccion\",\"image\":{\"@type\":\"ImageObject\",\"inLanguage\":\"es\",\"@id\":\"https:\\\/\\\/secure.gravatar.com\\\/avatar\\\/3579478e2b4e7aad364a32b26cf744b360ae0e581ee1cd0cb18a8f239ee49ac4?s=96&d=mm&r=g\",\"url\":\"https:\\\/\\\/secure.gravatar.com\\\/avatar\\\/3579478e2b4e7aad364a32b26cf744b360ae0e581ee1cd0cb18a8f239ee49ac4?s=96&d=mm&r=g\",\"contentUrl\":\"https:\\\/\\\/secure.gravatar.com\\\/avatar\\\/3579478e2b4e7aad364a32b26cf744b360ae0e581ee1cd0cb18a8f239ee49ac4?s=96&d=mm&r=g\",\"caption\":\"Equipo Redaccion\"},\"url\":\"https:\\\/\\\/elotroenfoque.mx\\\/index.php\\\/author\\\/redaccion\\\/\"}]}<\/script>\n<!-- \/ Yoast SEO plugin. -->","yoast_head_json":{"title":"Fox y Alito Moreno exploran frente opositor contra Morena - El otro enfoque","description":"Vicente Fox y Alejandro Moreno dialogaron sobre un posible frente opositor, la defensa de la democracia y la construcci\u00f3n de contrapesos.","robots":{"index":"index","follow":"follow","max-snippet":"max-snippet:-1","max-image-preview":"max-image-preview:large","max-video-preview":"max-video-preview:-1"},"canonical":"https:\/\/elotroenfoque.mx\/index.php\/2026\/09\/05\/fox-y-alito-moreno-exploran-frente-opositor-contra-morena\/","og_locale":"es_MX","og_type":"article","og_title":"Fox y Alito Moreno exploran frente opositor contra Morena - El otro enfoque","og_description":"Vicente Fox y Alejandro Moreno dialogaron sobre un posible frente opositor, la defensa de la democracia y la construcci\u00f3n de contrapesos.","og_url":"https:\/\/elotroenfoque.mx\/index.php\/2026\/09\/05\/fox-y-alito-moreno-exploran-frente-opositor-contra-morena\/","og_site_name":"El otro enfoque","article_published_time":"2026-09-05T17:22:26+00:00","article_modified_time":"2026-09-05T17:22:27+00:00","og_image":[{"width":718,"height":479,"url":"https:\/\/elotroenfoque.mx\/wp-content\/uploads\/2026\/09\/fox-y-alito-se-reunen.jpg","type":"image\/jpeg"}],"author":"Equipo Redaccion","twitter_card":"summary_large_image","twitter_misc":{"Escrito por":"Equipo Redaccion","Tiempo de lectura":"3 minutos"},"schema":{"@context":"https:\/\/schema.org","@graph":[{"@type":"Article","@id":"https:\/\/elotroenfoque.mx\/index.php\/2026\/09\/05\/fox-y-alito-moreno-exploran-frente-opositor-contra-morena\/#article","isPartOf":{"@id":"https:\/\/elotroenfoque.mx\/index.php\/2026\/09\/05\/fox-y-alito-moreno-exploran-frente-opositor-contra-morena\/"},"author":{"name":"Equipo Redaccion","@id":"https:\/\/elotroenfoque.mx\/#\/schema\/person\/8eb322f84d0bd9f337e462905519a1ae"},"headline":"Fox y Alito Moreno exploran frente opositor contra Morena","datePublished":"2026-09-05T17:22:26+00:00","dateModified":"2026-09-05T17:22:27+00:00","mainEntityOfPage":{"@id":"https:\/\/elotroenfoque.mx\/index.php\/2026\/09\/05\/fox-y-alito-moreno-exploran-frente-opositor-contra-morena\/"},"wordCount":648,"image":{"@id":"https:\/\/elotroenfoque.mx\/index.php\/2026\/09\/05\/fox-y-alito-moreno-exploran-frente-opositor-contra-morena\/#primaryimage"},"thumbnailUrl":"https:\/\/elotroenfoque.mx\/wp-content\/uploads\/2026\/09\/fox-y-alito-se-reunen.jpg","keywords":["Guanajuato","Noticias Guanajuato"],"articleSection":["Otras Noticias"],"inLanguage":"es"},{"@type":"WebPage","@id":"https:\/\/elotroenfoque.mx\/index.php\/2026\/09\/05\/fox-y-alito-moreno-exploran-frente-opositor-contra-morena\/","url":"https:\/\/elotroenfoque.mx\/index.php\/2026\/09\/05\/fox-y-alito-moreno-exploran-frente-opositor-contra-morena\/","name":"Fox y Alito Moreno exploran frente opositor contra Morena - El otro enfoque","isPartOf":{"@id":"https:\/\/elotroenfoque.mx\/#website"},"primaryImageOfPage":{"@id":"https:\/\/elotroenfoque.mx\/index.php\/2026\/09\/05\/fox-y-alito-moreno-exploran-frente-opositor-contra-morena\/#primaryimage"},"image":{"@id":"https:\/\/elotroenfoque.mx\/index.php\/2026\/09\/05\/fox-y-alito-moreno-exploran-frente-opositor-contra-morena\/#primaryimage"},"thumbnailUrl":"https:\/\/elotroenfoque.mx\/wp-content\/uploads\/2026\/09\/fox-y-alito-se-reunen.jpg","datePublished":"2026-09-05T17:22:26+00:00","dateModified":"2026-09-05T17:22:27+00:00","author":{"@id":"https:\/\/elotroenfoque.mx\/#\/schema\/person\/8eb322f84d0bd9f337e462905519a1ae"},"description":"Vicente Fox y Alejandro Moreno dialogaron sobre un posible frente opositor, la defensa de la democracia y la construcci\u00f3n de contrapesos.","breadcrumb":{"@id":"https:\/\/elotroenfoque.mx\/index.php\/2026\/09\/05\/fox-y-alito-moreno-exploran-frente-opositor-contra-morena\/#breadcrumb"},"inLanguage":"es","potentialAction":[{"@type":"ReadAction","target":["https:\/\/elotroenfoque.mx\/index.php\/2026\/09\/05\/fox-y-alito-moreno-exploran-frente-opositor-contra-morena\/"]}]},{"@type":"ImageObject","inLanguage":"es","@id":"https:\/\/elotroenfoque.mx\/index.php\/2026\/09\/05\/fox-y-alito-moreno-exploran-frente-opositor-contra-morena\/#primaryimage","url":"https:\/\/elotroenfoque.mx\/wp-content\/uploads\/2026\/09\/fox-y-alito-se-reunen.jpg","contentUrl":"https:\/\/elotroenfoque.mx\/wp-content\/uploads\/2026\/09\/fox-y-alito-se-reunen.jpg","width":718,"height":479},{"@type":"BreadcrumbList","@id":"https:\/\/elotroenfoque.mx\/index.php\/2026\/09\/05\/fox-y-alito-moreno-exploran-frente-opositor-contra-morena\/#breadcrumb","itemListElement":[{"@type":"ListItem","position":1,"name":"Portada","item":"https:\/\/elotroenfoque.mx\/"},{"@type":"ListItem","position":2,"name":"Fox y Alito Moreno exploran frente opositor contra Morena"}]},{"@type":"WebSite","@id":"https:\/\/elotroenfoque.mx\/#website","url":"https:\/\/elotroenfoque.mx\/","name":"El otro enfoque","description":"","potentialAction":[{"@type":"SearchAction","target":{"@type":"EntryPoint","urlTemplate":"https:\/\/elotroenfoque.mx\/?s={search_term_string}"},"query-input":{"@type":"PropertyValueSpecification","valueRequired":true,"valueName":"search_term_string"}}],"inLanguage":"es"},{"@type":"Person","@id":"https:\/\/elotroenfoque.mx\/#\/schema\/person\/8eb322f84d0bd9f337e462905519a1ae","name":"Equipo Redaccion","image":{"@type":"ImageObject","inLanguage":"es","@id":"https:\/\/secure.gravatar.com\/avatar\/3579478e2b4e7aad364a32b26cf744b360ae0e581ee1cd0cb18a8f239ee49ac4?s=96&d=mm&r=g","url":"https:\/\/secure.gravatar.com\/avatar\/3579478e2b4e7aad364a32b26cf744b360ae0e581ee1cd0cb18a8f239ee49ac4?s=96&d=mm&r=g","contentUrl":"https:\/\/secure.gravatar.com\/avatar\/3579478e2b4e7aad364a32b26cf744b360ae0e581ee1cd0cb18a8f239ee49ac4?s=96&d=mm&r=g","caption":"Equipo Redaccion"},"url":"https:\/\/elotroenfoque.mx\/index.php\/author\/redaccion\/"}]}},"_links":{"self":[{"href":"https:\/\/elotroenfoque.mx\/index.php\/wp-json\/wp\/v2\/posts\/195700","targetHints":{"allow":["GET"]}}],"collection":[{"href":"https:\/\/elotroenfoque.mx\/index.php\/wp-json\/wp\/v2\/posts"}],"about":[{"href":"https:\/\/elotroenfoque.mx\/index.php\/wp-json\/wp\/v2\/types\/post"}],"author":[{"embeddable":true,"href":"https:\/\/elotroenfoque.mx\/index.php\/wp-json\/wp\/v2\/users\/4"}],"replies":[{"embeddable":true,"href":"https:\/\/elotroenfoque.mx\/index.php\/wp-json\/wp\/v2\/comments?post=195700"}],"version-history":[{"count":1,"href":"https:\/\/elotroenfoque.mx\/index.php\/wp-json\/wp\/v2\/posts\/195700\/revisions"}],"predecessor-version":[{"id":195702,"href":"https:\/\/elotroenfoque.mx\/index.php\/wp-json\/wp\/v2\/posts\/195700\/revisions\/195702"}],"wp:featuredmedia":[{"embeddable":true,"href":"https:\/\/elotroenfoque.mx\/index.php\/wp-json\/wp\/v2\/media\/195701"}],"wp:attachment":[{"href":"https:\/\/elotroenfoque.mx\/index.php\/wp-json\/wp\/v2\/media?parent=195700"}],"wp:term":[{"taxonomy":"category","embeddable":true,"href":"https:\/\/elotroenfoque.mx\/index.php\/wp-json\/wp\/v2\/categories?post=195700"},{"taxonomy":"post_tag","embeddable":true,"href":"https:\/\/elotroenfoque.mx\/index.php\/wp-json\/wp\/v2\/tags?post=195700"}],"curies":[{"name":"wp","href":"https:\/\/api.w.org\/{rel}","templated":true}]}}